{"id":25941,"date":"2018-05-25T13:32:35","date_gmt":"2018-05-25T09:32:35","guid":{"rendered":"http:\/\/www.zerdab.com\/?p=25941"},"modified":"2018-05-25T13:33:28","modified_gmt":"2018-05-25T09:33:28","slug":"prezident-v%c9%99fa-muradzad%c9%99y%c9%99-medal-verdi","status":"publish","type":"post","link":"https:\/\/www.zerdab.com\/?p=25941","title":{"rendered":"Prezident V\u0259fa Muradzad\u0259y\u0259 medal verdi"},"content":{"rendered":"<p>Prezident \u0130lham \u018fliyev Az\u0259rbaycan Respublikas\u0131nda sahibkarl\u0131q f\u0259aliyy\u0259ti v\u0259 sahibkarlarla i\u015f sah\u0259sind\u0259 f\u0259rql\u0259n\u0259n \u015f\u0259xsl\u0259rin t\u0259ltif edilm\u0259si haqq\u0131nda s\u0259r\u0259ncam imzalay\u0131b.<\/p>\n<p><span style=\"color: #ff0000;\"><strong>Zerdab.com<\/strong><\/span> sayt\u0131 x\u0259b\u0259r verir ki, Az\u0259rbaycan Respublikas\u0131n\u0131n iqtisadi inki\u015faf\u0131na verdikl\u0259ri t\u00f6hf\u0259y\u0259 v\u0259 sahibkarl\u0131\u011f\u0131n geni\u015fl\u0259ndirilm\u0259si il\u0259 ba\u011fl\u0131 d\u00f6vl\u0259t siyas\u0259tinin h\u0259yata ke\u00e7irilm\u0259sind\u0259 s\u0259m\u0259r\u0259li f\u0259aliyy\u0259tl\u0259rin\u0259 g\u00f6r\u0259 t\u0259ltif edil\u0259nl\u0259r aras\u0131nda h\u0259myerlimiz, \u0259sl\u0259n Z\u0259rdab rayonundan olan tan\u0131nm\u0131\u015f i\u015f adam\u0131, &#8220;V\u0259fa&#8221; ev tekstili&#8221; \u015firk\u0259tinin r\u0259hb\u0259ri Muradzad\u0259 V\u0259fa \u018fl\u00f6vs\u0259t q\u0131z\u0131 da var.<\/p>\n<p>V\u0259fa Muradzad\u0259 d\u00f6vl\u0259t ba\u015f\u00e7\u0131s\u0131 t\u0259r\u0259find\u0259n &#8220;T\u0259r\u0259qqi&#8221; medal\u0131 il\u0259 t\u0259ltif olunub.<\/p>\n<p>Qeyd ed\u0259k ki, V\u0259fa Muradzad\u0259 Az\u0259rbaycanda h\u0259m d\u0259 xeyriyy\u0259\u00e7i i\u015f adam\u0131 kimi m\u0259\u015fhurdur. O, t\u0259kc\u0259 Z\u0259rdab rayonunda \u00e7oxlu sayda ail\u0259l\u0259rin probleml\u0259rinin h\u0259llin\u0259 d\u0259st\u0259k g\u00f6st\u0259rib, ali m\u0259kt\u0259bd\u0259 oxumaqda maddi s\u0131x\u0131nt\u0131 \u00e7\u0259k\u0259nl\u0259r\u0259 yard\u0131mlar edib.<\/p>\n<p>Onun Bak\u0131 \u015f\u0259h\u0259rind\u0259 d\u0259 ehtiyac\u0131 olan \u00e7oxlu sayda ail\u0259y\u0259 yard\u0131mlar etdiyi biz\u0259 m\u0259lumdur.<\/p>\n<p>D\u0259y\u0259rli h\u0259myerlimizi t\u0259brik edir, ona uzun \u00f6m\u00fcr, cansa\u011fl\u0131\u011f\u0131, i\u015fl\u0259rind\u0259 yeni-yeni u\u011furlar arzulay\u0131r\u0131q.<\/p>\n","protected":false},"excerpt":{"rendered":"<p>Prezident \u0130lham \u018fliyev Az\u0259rbaycan Respublikas\u0131nda sahibkarl\u0131q f\u0259aliyy\u0259ti v\u0259 sahibkarlarla i\u015f sah\u0259sind\u0259 f\u0259rql\u0259n\u0259n \u015f\u0259xsl\u0259rin t\u0259ltif edilm\u0259si haqq\u0131nda s\u0259r\u0259ncam imzalay\u0131b. Zerdab.com sayt\u0131 x\u0259b\u0259r verir ki, Az\u0259rbaycan Respublikas\u0131n\u0131n iqtisadi inki\u015faf\u0131na verdikl\u0259ri t\u00f6hf\u0259y\u0259 v\u0259 sahibkarl\u0131\u011f\u0131n geni\u015fl\u0259ndirilm\u0259si il\u0259 ba\u011fl\u0131 d\u00f6vl\u0259t siyas\u0259tinin h\u0259yata ke\u00e7irilm\u0259sind\u0259 s\u0259m\u0259r\u0259li f\u0259aliyy\u0259tl\u0259rin\u0259 g\u00f6r\u0259 t\u0259ltif edil\u0259nl\u0259r aras\u0131nda h\u0259myerlimiz, \u0259sl\u0259n Z\u0259rdab rayonundan olan tan\u0131nm\u0131\u015f i\u015f adam\u0131, &#8220;V\u0259fa&#8221; ev tekstili&#8221; [&hellip;]<\/p>\n","protected":false},"author":1,"featured_media":0,"comment_status":"open","ping_status":"open","sticky":false,"template":"","format":"standard","meta":{"footnotes":""},"categories":[21,63],"tags":[],"class_list":{"0":"post-25941","1":"post","2":"type-post","3":"status-publish","4":"format-standard","6":"category-zrdab","7":"category-manset"},"yoast_head":"<!-- This site is optimized with the Yoast SEO plugin v27.0 - https:\/\/yoast.com\/product\/yoast-seo-wordpress\/ -->\n<title>Prezident V\u0259fa Muradzad\u0259y\u0259 medal verdi - Z\u0259rdab.com<\/title>\n<meta name=\"robots\" content=\"index, follow, max-snippet:-1, max-image-preview:large, max-video-preview:-1\" \/>\n<link rel=\"canonical\" href=\"https:\/\/www.zerdab.com\/?p=25941\" \/>\n<meta property=\"og:locale\" content=\"az_AZ\" \/>\n<meta property=\"og:type\" content=\"article\" \/>\n<meta property=\"og:title\" content=\"Prezident V\u0259fa Muradzad\u0259y\u0259 medal verdi - Z\u0259rdab.com\" \/>\n<meta property=\"og:description\" content=\"Prezident \u0130lham \u018fliyev Az\u0259rbaycan Respublikas\u0131nda sahibkarl\u0131q f\u0259aliyy\u0259ti v\u0259 sahibkarlarla i\u015f sah\u0259sind\u0259 f\u0259rql\u0259n\u0259n \u015f\u0259xsl\u0259rin t\u0259ltif edilm\u0259si haqq\u0131nda s\u0259r\u0259ncam imzalay\u0131b. Zerdab.com sayt\u0131 x\u0259b\u0259r verir ki, Az\u0259rbaycan Respublikas\u0131n\u0131n iqtisadi inki\u015faf\u0131na verdikl\u0259ri t\u00f6hf\u0259y\u0259 v\u0259 sahibkarl\u0131\u011f\u0131n geni\u015fl\u0259ndirilm\u0259si il\u0259 ba\u011fl\u0131 d\u00f6vl\u0259t siyas\u0259tinin h\u0259yata ke\u00e7irilm\u0259sind\u0259 s\u0259m\u0259r\u0259li f\u0259aliyy\u0259tl\u0259rin\u0259 g\u00f6r\u0259 t\u0259ltif edil\u0259nl\u0259r aras\u0131nda h\u0259myerlimiz, \u0259sl\u0259n Z\u0259rdab rayonundan olan tan\u0131nm\u0131\u015f i\u015f adam\u0131, &#8220;V\u0259fa&#8221; ev tekstili&#8221; [&hellip;]\" \/>\n<meta property=\"og:url\" content=\"https:\/\/www.zerdab.com\/?p=25941\" \/>\n<meta property=\"og:site_name\" content=\"Z\u0259rdab.com\" \/>\n<meta property=\"article:published_time\" content=\"2018-05-25T09:32:35+00:00\" \/>\n<meta property=\"article:modified_time\" content=\"2018-05-25T09:33:28+00:00\" \/>\n<meta name=\"author\" content=\"admin\" \/>\n<meta name=\"twitter:card\" content=\"summary_large_image\" \/>\n<meta name=\"twitter:label1\" content=\"Written by\" \/>\n\t<meta name=\"twitter:data1\" content=\"admin\" \/>\n\t<meta name=\"twitter:label2\" content=\"Est. reading time\" \/>\n\t<meta name=\"twitter:data2\" content=\"1 minute\" \/>\n<script type=\"application\/ld+json\" class=\"yoast-schema-graph\">{\"@context\":\"https:\/\/schema.org\",\"@graph\":[{\"@type\":\"Article\",\"@id\":\"https:\/\/www.zerdab.com\/?p=25941#article\",\"isPartOf\":{\"@id\":\"https:\/\/www.zerdab.com\/?p=25941\"},\"author\":{\"name\":\"admin\",\"@id\":\"https:\/\/www.zerdab.com\/#\/schema\/person\/97079b7570c1e89ec0d9e138c3672136\"},\"headline\":\"Prezident V\u0259fa Muradzad\u0259y\u0259 medal verdi\",\"datePublished\":\"2018-05-25T09:32:35+00:00\",\"dateModified\":\"2018-05-25T09:33:28+00:00\",\"mainEntityOfPage\":{\"@id\":\"https:\/\/www.zerdab.com\/?p=25941\"},\"wordCount\":246,\"commentCount\":0,\"articleSection\":[\"C\u018fM\u0130YY\u018fT\",\"MAN\u015eET\"],\"inLanguage\":\"az\",\"potentialAction\":[{\"@type\":\"CommentAction\",\"name\":\"Comment\",\"target\":[\"https:\/\/www.zerdab.com\/?p=25941#respond\"]}]},{\"@type\":\"WebPage\",\"@id\":\"https:\/\/www.zerdab.com\/?p=25941\",\"url\":\"https:\/\/www.zerdab.com\/?p=25941\",\"name\":\"Prezident V\u0259fa Muradzad\u0259y\u0259 medal verdi - Z\u0259rdab.com\",\"isPartOf\":{\"@id\":\"https:\/\/www.zerdab.com\/#website\"},\"datePublished\":\"2018-05-25T09:32:35+00:00\",\"dateModified\":\"2018-05-25T09:33:28+00:00\",\"author\":{\"@id\":\"https:\/\/www.zerdab.com\/#\/schema\/person\/97079b7570c1e89ec0d9e138c3672136\"},\"breadcrumb\":{\"@id\":\"https:\/\/www.zerdab.com\/?p=25941#breadcrumb\"},\"inLanguage\":\"az\",\"potentialAction\":[{\"@type\":\"ReadAction\",\"target\":[\"https:\/\/www.zerdab.com\/?p=25941\"]}]},{\"@type\":\"BreadcrumbList\",\"@id\":\"https:\/\/www.zerdab.com\/?p=25941#breadcrumb\",\"itemListElement\":[{\"@type\":\"ListItem\",\"position\":1,\"name\":\"Home\",\"item\":\"https:\/\/www.zerdab.com\/\"},{\"@type\":\"ListItem\",\"position\":2,\"name\":\"Prezident V\u0259fa Muradzad\u0259y\u0259 medal verdi\"}]},{\"@type\":\"WebSite\",\"@id\":\"https:\/\/www.zerdab.com\/#website\",\"url\":\"https:\/\/www.zerdab.com\/\",\"name\":\"Z\u0259rdab.com\",\"description\":\"\",\"potentialAction\":[{\"@type\":\"SearchAction\",\"target\":{\"@type\":\"EntryPoint\",\"urlTemplate\":\"https:\/\/www.zerdab.com\/?s={search_term_string}\"},\"query-input\":{\"@type\":\"PropertyValueSpecification\",\"valueRequired\":true,\"valueName\":\"search_term_string\"}}],\"inLanguage\":\"az\"},{\"@type\":\"Person\",\"@id\":\"https:\/\/www.zerdab.com\/#\/schema\/person\/97079b7570c1e89ec0d9e138c3672136\",\"name\":\"admin\",\"image\":{\"@type\":\"ImageObject\",\"inLanguage\":\"az\",\"@id\":\"https:\/\/www.zerdab.com\/#\/schema\/person\/image\/\",\"url\":\"https:\/\/secure.gravatar.com\/avatar\/d9c52a9a27c32119cb6679a077fa3e2779e5f822c451cbf01098004361d466ec?s=96&d=mm&r=g\",\"contentUrl\":\"https:\/\/secure.gravatar.com\/avatar\/d9c52a9a27c32119cb6679a077fa3e2779e5f822c451cbf01098004361d466ec?s=96&d=mm&r=g\",\"caption\":\"admin\"},\"url\":\"https:\/\/www.zerdab.com\/?author=1\"}]}<\/script>\n<!-- \/ Yoast SEO plugin. -->","yoast_head_json":{"title":"Prezident V\u0259fa Muradzad\u0259y\u0259 medal verdi - Z\u0259rdab.com","robots":{"index":"index","follow":"follow","max-snippet":"max-snippet:-1","max-image-preview":"max-image-preview:large","max-video-preview":"max-video-preview:-1"},"canonical":"https:\/\/www.zerdab.com\/?p=25941","og_locale":"az_AZ","og_type":"article","og_title":"Prezident V\u0259fa Muradzad\u0259y\u0259 medal verdi - Z\u0259rdab.com","og_description":"Prezident \u0130lham \u018fliyev Az\u0259rbaycan Respublikas\u0131nda sahibkarl\u0131q f\u0259aliyy\u0259ti v\u0259 sahibkarlarla i\u015f sah\u0259sind\u0259 f\u0259rql\u0259n\u0259n \u015f\u0259xsl\u0259rin t\u0259ltif edilm\u0259si haqq\u0131nda s\u0259r\u0259ncam imzalay\u0131b. Zerdab.com sayt\u0131 x\u0259b\u0259r verir ki, Az\u0259rbaycan Respublikas\u0131n\u0131n iqtisadi inki\u015faf\u0131na verdikl\u0259ri t\u00f6hf\u0259y\u0259 v\u0259 sahibkarl\u0131\u011f\u0131n geni\u015fl\u0259ndirilm\u0259si il\u0259 ba\u011fl\u0131 d\u00f6vl\u0259t siyas\u0259tinin h\u0259yata ke\u00e7irilm\u0259sind\u0259 s\u0259m\u0259r\u0259li f\u0259aliyy\u0259tl\u0259rin\u0259 g\u00f6r\u0259 t\u0259ltif edil\u0259nl\u0259r aras\u0131nda h\u0259myerlimiz, \u0259sl\u0259n Z\u0259rdab rayonundan olan tan\u0131nm\u0131\u015f i\u015f adam\u0131, &#8220;V\u0259fa&#8221; ev tekstili&#8221; [&hellip;]","og_url":"https:\/\/www.zerdab.com\/?p=25941","og_site_name":"Z\u0259rdab.com","article_published_time":"2018-05-25T09:32:35+00:00","article_modified_time":"2018-05-25T09:33:28+00:00","author":"admin","twitter_card":"summary_large_image","twitter_misc":{"Written by":"admin","Est. reading time":"1 minute"},"schema":{"@context":"https:\/\/schema.org","@graph":[{"@type":"Article","@id":"https:\/\/www.zerdab.com\/?p=25941#article","isPartOf":{"@id":"https:\/\/www.zerdab.com\/?p=25941"},"author":{"name":"admin","@id":"https:\/\/www.zerdab.com\/#\/schema\/person\/97079b7570c1e89ec0d9e138c3672136"},"headline":"Prezident V\u0259fa Muradzad\u0259y\u0259 medal verdi","datePublished":"2018-05-25T09:32:35+00:00","dateModified":"2018-05-25T09:33:28+00:00","mainEntityOfPage":{"@id":"https:\/\/www.zerdab.com\/?p=25941"},"wordCount":246,"commentCount":0,"articleSection":["C\u018fM\u0130YY\u018fT","MAN\u015eET"],"inLanguage":"az","potentialAction":[{"@type":"CommentAction","name":"Comment","target":["https:\/\/www.zerdab.com\/?p=25941#respond"]}]},{"@type":"WebPage","@id":"https:\/\/www.zerdab.com\/?p=25941","url":"https:\/\/www.zerdab.com\/?p=25941","name":"Prezident V\u0259fa Muradzad\u0259y\u0259 medal verdi - Z\u0259rdab.com","isPartOf":{"@id":"https:\/\/www.zerdab.com\/#website"},"datePublished":"2018-05-25T09:32:35+00:00","dateModified":"2018-05-25T09:33:28+00:00","author":{"@id":"https:\/\/www.zerdab.com\/#\/schema\/person\/97079b7570c1e89ec0d9e138c3672136"},"breadcrumb":{"@id":"https:\/\/www.zerdab.com\/?p=25941#breadcrumb"},"inLanguage":"az","potentialAction":[{"@type":"ReadAction","target":["https:\/\/www.zerdab.com\/?p=25941"]}]},{"@type":"BreadcrumbList","@id":"https:\/\/www.zerdab.com\/?p=25941#breadcrumb","itemListElement":[{"@type":"ListItem","position":1,"name":"Home","item":"https:\/\/www.zerdab.com\/"},{"@type":"ListItem","position":2,"name":"Prezident V\u0259fa Muradzad\u0259y\u0259 medal verdi"}]},{"@type":"WebSite","@id":"https:\/\/www.zerdab.com\/#website","url":"https:\/\/www.zerdab.com\/","name":"Z\u0259rdab.com","description":"","potentialAction":[{"@type":"SearchAction","target":{"@type":"EntryPoint","urlTemplate":"https:\/\/www.zerdab.com\/?s={search_term_string}"},"query-input":{"@type":"PropertyValueSpecification","valueRequired":true,"valueName":"search_term_string"}}],"inLanguage":"az"},{"@type":"Person","@id":"https:\/\/www.zerdab.com\/#\/schema\/person\/97079b7570c1e89ec0d9e138c3672136","name":"admin","image":{"@type":"ImageObject","inLanguage":"az","@id":"https:\/\/www.zerdab.com\/#\/schema\/person\/image\/","url":"https:\/\/secure.gravatar.com\/avatar\/d9c52a9a27c32119cb6679a077fa3e2779e5f822c451cbf01098004361d466ec?s=96&d=mm&r=g","contentUrl":"https:\/\/secure.gravatar.com\/avatar\/d9c52a9a27c32119cb6679a077fa3e2779e5f822c451cbf01098004361d466ec?s=96&d=mm&r=g","caption":"admin"},"url":"https:\/\/www.zerdab.com\/?author=1"}]}},"_links":{"self":[{"href":"https:\/\/www.zerdab.com\/index.php?rest_route=\/wp\/v2\/posts\/25941","targetHints":{"allow":["GET"]}}],"collection":[{"href":"https:\/\/www.zerdab.com\/index.php?rest_route=\/wp\/v2\/posts"}],"about":[{"href":"https:\/\/www.zerdab.com\/index.php?rest_route=\/wp\/v2\/types\/post"}],"author":[{"embeddable":true,"href":"https:\/\/www.zerdab.com\/index.php?rest_route=\/wp\/v2\/users\/1"}],"replies":[{"embeddable":true,"href":"https:\/\/www.zerdab.com\/index.php?rest_route=%2Fwp%2Fv2%2Fcomments&post=25941"}],"version-history":[{"count":2,"href":"https:\/\/www.zerdab.com\/index.php?rest_route=\/wp\/v2\/posts\/25941\/revisions"}],"predecessor-version":[{"id":25944,"href":"https:\/\/www.zerdab.com\/index.php?rest_route=\/wp\/v2\/posts\/25941\/revisions\/25944"}],"wp:attachment":[{"href":"https:\/\/www.zerdab.com\/index.php?rest_route=%2Fwp%2Fv2%2Fmedia&parent=25941"}],"wp:term":[{"taxonomy":"category","embeddable":true,"href":"https:\/\/www.zerdab.com\/index.php?rest_route=%2Fwp%2Fv2%2Fcategories&post=25941"},{"taxonomy":"post_tag","embeddable":true,"href":"https:\/\/www.zerdab.com\/index.php?rest_route=%2Fwp%2Fv2%2Ftags&post=25941"}],"curies":[{"name":"wp","href":"https:\/\/api.w.org\/{rel}","templated":true}]}}