{"id":25973,"date":"2018-06-20T17:37:28","date_gmt":"2018-06-20T13:37:28","guid":{"rendered":"http:\/\/www.zerdab.com\/?p=25973"},"modified":"2018-06-22T12:39:54","modified_gmt":"2018-06-22T08:39:54","slug":"z%c9%99rdabin-m%c9%99rk%c9%99zi-x%c9%99st%c9%99xanasinda-adi-olub-ozu-olmayan-sob%c9%99","status":"publish","type":"post","link":"https:\/\/www.zerdab.com\/?p=25973","title":{"rendered":"Z\u0259rdab\u0131n M\u0259rk\u0259zi X\u0259st\u0259xanas\u0131nda ADI OLUB, \u00d6Z\u00dc OLMAYAN \u015f\u00f6b\u0259"},"content":{"rendered":"<p>Z\u0259rdab Rayon M\u0259rk\u0259zi X\u0259st\u0259xanas\u0131n\u0131n \u0259sasl\u0131 t\u0259mird\u0259n sonra a\u00e7\u0131l\u0131\u015f\u0131ndan 2 il\u0259 yax\u0131n vaxt ke\u00e7m\u0259sin\u0259 baxmayaraq, h\u0259l\u0259 d\u0259 burada dializ \u015f\u00f6b\u0259si f\u0259aliyy\u0259t g\u00f6st\u0259rmir. M\u0259lumat \u00fc\u00e7\u00fcn bildir\u0259k ki, 2016-c\u0131 ilin dekabr ay\u0131nda Prezident \u0130lham \u018fliyev v\u0259 xan\u0131m\u0131 Mehriban \u018fliyeva x\u0259st\u0259xanan\u0131n \u0259sasl\u0131 t\u0259mird\u0259n sonra istifad\u0259y\u0259 veril\u0259n yeni binas\u0131nda yarad\u0131lan \u015f\u0259raitl\u0259 tan\u0131\u015f olmu\u015fdular.<\/p>\n<p>O vaxt bildirilmi\u015fdi ki, iki korpusdan v\u0259 doqquz yard\u0131m\u00e7\u0131 binadan ibar\u0259t olan x\u0259st\u0259xanan\u0131n \u0259sas korpusunda dializ \u015f\u00f6b\u0259si d\u0259 f\u0259aliyy\u0259t g\u00f6st\u0259r\u0259c\u0259k.<\/p>\n<p>Lakin h\u0259min d\u00f6vrd\u0259n 2 il\u0259 yax\u0131n vaxt ke\u00e7m\u0259sin\u0259 baxmayaraq, Z\u0259rdab Rayon M\u0259rk\u0259zi X\u0259st\u0259xanas\u0131nda dializ \u015f\u00f6b\u0259si f\u0259aliyy\u0259t g\u00f6st\u0259rmir. Bu bar\u0259d\u0259\u00a0Z\u0259rdab rayon sakini, atas\u0131 a\u011f\u0131r dializ x\u0259st\u0259si olan Zaud Abdullayev m\u0259lumat verib: &#8220;Qalm\u0131\u015f\u0131q yollarda. Atam &#8211; 1941-ci il t\u0259v\u0259ll\u00fcdl\u00fc Abdulla Abdullayev d\u00fcz 1 ildir a\u011f\u0131r dializ x\u0259st\u0259sidir. H\u0259r d\u0259f\u0259 onu Z\u0259rdab rayonundan K\u00fcrd\u0259mir rayonuna dializ\u0259 apar\u0131r\u0131q. H\u0259ft\u0259 \u0259rzind\u0259 3 d\u0259f\u0259. X\u0259st\u0259liyi il\u0259 \u0259laq\u0259dar s\u0259hh\u0259ti onsuz da a\u011f\u0131rd\u0131r, \u00fcst\u0259lik, yollarda qalma\u011f\u0131m\u0131z onun hal\u0131n\u0131 daha da pisl\u0259\u015fdirir. Z\u0259rdabda ba\u015fqa dializ x\u0259st\u0259l\u0259ri d\u0259 eyni v\u0259ziyy\u0259td\u0259n \u0259ziyy\u0259t \u00e7\u0259kirl\u0259r. K\u00f6m\u0259k edin, xahi\u015f edir\u0259m, \u00e7ox \u00e7\u0259tindir. Biz\u0259 deyirl\u0259r ki, gedin, kim\u0259 ist\u0259yirsiniz \u015fikay\u0259t edin. Ya da &#8220;bu ay, g\u0259l\u0259n ay&#8221; deyib uzad\u0131rlar&#8221;.<\/p>\n<p>Qeyd ed\u0259k ki, h\u0259l\u0259 2017-ci ilin fevral ay\u0131n\u0131n 26-da S\u0259hiyy\u0259 Nazirliyinin Kliniki Tibbi M\u0259rk\u0259zinin hemodializ \u015f\u00f6b\u0259sinin m\u00fcdiri Mirha\u015f\u0131m C\u0259lalov mediaya a\u00e7\u0131qlamas\u0131nda Z\u0259rdab rayonunda hemodializ \u015f\u00f6b\u0259sinin a\u00e7\u0131laca\u011f\u0131n\u0131 bildirmi\u015fdi: &#8220;Az\u0259rbaycanda xroniki b\u00f6yr\u0259k \u00e7at\u0131\u015fmazl\u0131\u011f\u0131ndan \u0259ziyy\u0259t \u00e7\u0259k\u0259n v\u0259t\u0259nda\u015flar\u0131n hemodializ m\u00fcalic\u0259si problemi haz\u0131rda tamamil\u0259 h\u0259ll edilib. 2017-ci ild\u0259 Z\u0259rdab rayonunda yeni hemodializ \u015f\u00f6b\u0259si a\u00e7\u0131lacaq&#8221;.<\/p>\n<p>Lakin v\u0259t\u0259nda\u015f Zaur Abdullayevin \u015fikay\u0259tind\u0259n bel\u0259 ayd\u0131n olur ki, Mirha\u015f\u0131m C\u0259lalovun bu v\u0259di h\u0259l\u0259 d\u0259 real olmay\u0131b.<\/p>\n<p>M\u0259s\u0259l\u0259 il\u0259 ba\u011fl\u0131 S\u0259hiyy\u0259 Nazirliyinin m\u0259tbuat xidm\u0259tinin \u0259m\u0259kda\u015f\u0131 S\u0259fay\u0259 \u018fhm\u0259dova\u00a0<strong>Yeniavaz.com<\/strong>\u00a0sayt\u0131na a\u00e7\u0131qlamas\u0131nda bildirib ki, region x\u0259st\u0259xanalar\u0131nda dializ \u015f\u00f6b\u0259l\u0259rinin a\u00e7\u0131lmas\u0131 n\u00f6vb\u0259lilik prinsipi il\u0259 apar\u0131l\u0131r.<\/p>\n<p>S\u0259hiyy\u0259 Nazirliyinin &#8220;Hemodializ m\u00fcalic\u0259sin\u0259 ehtiyac\u0131 olan v\u0259 bu m\u00fcalic\u0259ni alan x\u0259st\u0259l\u0259rin qeydiyyat\u0131n\u0131n qaydaya sal\u0131nmas\u0131 v\u0259 m\u00fcalic\u0259sinin t\u0259\u015fkilinin t\u0259kmill\u0259\u015fdirilm\u0259si&#8221; komissiyas\u0131n\u0131n \u00fczv\u00fc, tibb elml\u0259ri namiz\u0259di Fariz Babayev is\u0259 a\u00e7\u0131qlamas\u0131nda bunlar\u0131 dedi: &#8220;Bu m\u0259s\u0259l\u0259 nazirlik s\u0259viyy\u0259sind\u0259 h\u0259ll olunmal\u0131d\u0131r. H\u0259r bir rayon m\u0259rk\u0259zi x\u0259st\u0259xanas\u0131 t\u0259mir edil\u0259nd\u0259 orada dializ \u015f\u00f6b\u0259sinin yarad\u0131lmas\u0131 struktur olaraq n\u0259z\u0259rd\u0259 tutulur. Ona g\u00f6r\u0259 d\u0259 a\u00e7\u0131l\u0131\u015f zaman\u0131 bunlar\u0131n ham\u0131s\u0131 qeyd olunur. M\u0259s\u0259l\u0259 buras\u0131ndad\u0131r ki, h\u0259min \u015f\u00f6b\u0259l\u0259rin t\u0259minat\u0131 m\u0259s\u0259l\u0259l\u0259ri d\u00f6vl\u0259t proqram\u0131na \u0259sas\u0259n h\u0259yata ke\u00e7irilir. Ba\u015fqa \u00f6lk\u0259l\u0259rd\u0259n l\u0259vazimatlar al\u0131n\u0131r, bunlar ham\u0131s\u0131 h\u0259ll olunmal\u0131d\u0131r. Buna biz cavab ver\u0259 bilm\u0259rik, S\u0259hiyy\u0259 Nazirliyinin s\u0259lahiyy\u0259tind\u0259 olan m\u0259s\u0259l\u0259dir. \u018fg\u0259r 10 il bundan \u0259vv\u0259l Az\u0259rbaycanda c\u0259mi 5 dializ \u015f\u00f6b\u0259si var idis\u0259, bu g\u00fcn 41 hemodializ \u015f\u00f6b\u0259si var. Ayd\u0131n m\u0259s\u0259l\u0259dir ki, h\u0259r bir rayonda dializ \u015f\u00f6b\u0259sinin olmas\u0131 x\u0259st\u0259l\u0259rin rahatl\u0131\u011f\u0131 \u00fc\u00e7\u00fcn vacibdir v\u0259 biz d\u0259 bunu ist\u0259y\u0259rik. Amma el\u0259 \u015feyl\u0259r var ki, d\u00f6vl\u0259tin maliyy\u0259 m\u0259s\u0259l\u0259l\u0259rin\u0259 ba\u011fl\u0131d\u0131r, m\u0259rh\u0259l\u0259-m\u0259rh\u0259l\u0259 h\u0259ll olunur. D\u00fc\u015f\u00fcn\u00fcr\u0259m ki, ilin sonunad\u0259k Z\u0259rdabda da dializ \u015f\u00f6b\u0259si istifad\u0259y\u0259 veril\u0259c\u0259k&#8221;.<\/p>\n","protected":false},"excerpt":{"rendered":"<p>Z\u0259rdab Rayon M\u0259rk\u0259zi X\u0259st\u0259xanas\u0131n\u0131n \u0259sasl\u0131 t\u0259mird\u0259n sonra a\u00e7\u0131l\u0131\u015f\u0131ndan 2 il\u0259 yax\u0131n vaxt ke\u00e7m\u0259sin\u0259 baxmayaraq, h\u0259l\u0259 d\u0259 burada dializ \u015f\u00f6b\u0259si f\u0259aliyy\u0259t g\u00f6st\u0259rmir. M\u0259lumat \u00fc\u00e7\u00fcn bildir\u0259k ki, 2016-c\u0131 ilin dekabr ay\u0131nda Prezident \u0130lham \u018fliyev v\u0259 xan\u0131m\u0131 Mehriban \u018fliyeva x\u0259st\u0259xanan\u0131n \u0259sasl\u0131 t\u0259mird\u0259n sonra istifad\u0259y\u0259 veril\u0259n yeni binas\u0131nda yarad\u0131lan \u015f\u0259raitl\u0259 tan\u0131\u015f olmu\u015fdular. O vaxt bildirilmi\u015fdi ki, iki korpusdan v\u0259 [&hellip;]<\/p>\n","protected":false},"author":1,"featured_media":0,"comment_status":"open","ping_status":"open","sticky":false,"template":"","format":"standard","meta":{"footnotes":""},"categories":[21,63],"tags":[],"class_list":{"0":"post-25973","1":"post","2":"type-post","3":"status-publish","4":"format-standard","6":"category-zrdab","7":"category-manset"},"yoast_head":"<!-- This site is optimized with the Yoast SEO plugin v27.0 - https:\/\/yoast.com\/product\/yoast-seo-wordpress\/ -->\n<title>Z\u0259rdab\u0131n M\u0259rk\u0259zi X\u0259st\u0259xanas\u0131nda ADI OLUB, \u00d6Z\u00dc OLMAYAN \u015f\u00f6b\u0259 - Z\u0259rdab.com<\/title>\n<meta name=\"robots\" content=\"index, follow, max-snippet:-1, max-image-preview:large, max-video-preview:-1\" \/>\n<link rel=\"canonical\" href=\"https:\/\/www.zerdab.com\/?p=25973\" \/>\n<meta property=\"og:locale\" content=\"az_AZ\" \/>\n<meta property=\"og:type\" content=\"article\" \/>\n<meta property=\"og:title\" content=\"Z\u0259rdab\u0131n M\u0259rk\u0259zi X\u0259st\u0259xanas\u0131nda ADI OLUB, \u00d6Z\u00dc OLMAYAN \u015f\u00f6b\u0259 - Z\u0259rdab.com\" \/>\n<meta property=\"og:description\" content=\"Z\u0259rdab Rayon M\u0259rk\u0259zi X\u0259st\u0259xanas\u0131n\u0131n \u0259sasl\u0131 t\u0259mird\u0259n sonra a\u00e7\u0131l\u0131\u015f\u0131ndan 2 il\u0259 yax\u0131n vaxt ke\u00e7m\u0259sin\u0259 baxmayaraq, h\u0259l\u0259 d\u0259 burada dializ \u015f\u00f6b\u0259si f\u0259aliyy\u0259t g\u00f6st\u0259rmir. M\u0259lumat \u00fc\u00e7\u00fcn bildir\u0259k ki, 2016-c\u0131 ilin dekabr ay\u0131nda Prezident \u0130lham \u018fliyev v\u0259 xan\u0131m\u0131 Mehriban \u018fliyeva x\u0259st\u0259xanan\u0131n \u0259sasl\u0131 t\u0259mird\u0259n sonra istifad\u0259y\u0259 veril\u0259n yeni binas\u0131nda yarad\u0131lan \u015f\u0259raitl\u0259 tan\u0131\u015f olmu\u015fdular. O vaxt bildirilmi\u015fdi ki, iki korpusdan v\u0259 [&hellip;]\" \/>\n<meta property=\"og:url\" content=\"https:\/\/www.zerdab.com\/?p=25973\" \/>\n<meta property=\"og:site_name\" content=\"Z\u0259rdab.com\" \/>\n<meta property=\"article:published_time\" content=\"2018-06-20T13:37:28+00:00\" \/>\n<meta property=\"article:modified_time\" content=\"2018-06-22T08:39:54+00:00\" \/>\n<meta name=\"author\" content=\"admin\" \/>\n<meta name=\"twitter:card\" content=\"summary_large_image\" \/>\n<meta name=\"twitter:label1\" content=\"Written by\" \/>\n\t<meta name=\"twitter:data1\" content=\"admin\" \/>\n\t<meta name=\"twitter:label2\" content=\"Est. reading time\" \/>\n\t<meta name=\"twitter:data2\" content=\"4 minutes\" \/>\n<script type=\"application\/ld+json\" class=\"yoast-schema-graph\">{\"@context\":\"https:\/\/schema.org\",\"@graph\":[{\"@type\":\"Article\",\"@id\":\"https:\/\/www.zerdab.com\/?p=25973#article\",\"isPartOf\":{\"@id\":\"https:\/\/www.zerdab.com\/?p=25973\"},\"author\":{\"name\":\"admin\",\"@id\":\"https:\/\/www.zerdab.com\/#\/schema\/person\/97079b7570c1e89ec0d9e138c3672136\"},\"headline\":\"Z\u0259rdab\u0131n M\u0259rk\u0259zi X\u0259st\u0259xanas\u0131nda ADI OLUB, \u00d6Z\u00dc OLMAYAN \u015f\u00f6b\u0259\",\"datePublished\":\"2018-06-20T13:37:28+00:00\",\"dateModified\":\"2018-06-22T08:39:54+00:00\",\"mainEntityOfPage\":{\"@id\":\"https:\/\/www.zerdab.com\/?p=25973\"},\"wordCount\":729,\"commentCount\":0,\"articleSection\":[\"C\u018fM\u0130YY\u018fT\",\"MAN\u015eET\"],\"inLanguage\":\"az\",\"potentialAction\":[{\"@type\":\"CommentAction\",\"name\":\"Comment\",\"target\":[\"https:\/\/www.zerdab.com\/?p=25973#respond\"]}]},{\"@type\":\"WebPage\",\"@id\":\"https:\/\/www.zerdab.com\/?p=25973\",\"url\":\"https:\/\/www.zerdab.com\/?p=25973\",\"name\":\"Z\u0259rdab\u0131n M\u0259rk\u0259zi X\u0259st\u0259xanas\u0131nda ADI OLUB, \u00d6Z\u00dc OLMAYAN \u015f\u00f6b\u0259 - Z\u0259rdab.com\",\"isPartOf\":{\"@id\":\"https:\/\/www.zerdab.com\/#website\"},\"datePublished\":\"2018-06-20T13:37:28+00:00\",\"dateModified\":\"2018-06-22T08:39:54+00:00\",\"author\":{\"@id\":\"https:\/\/www.zerdab.com\/#\/schema\/person\/97079b7570c1e89ec0d9e138c3672136\"},\"breadcrumb\":{\"@id\":\"https:\/\/www.zerdab.com\/?p=25973#breadcrumb\"},\"inLanguage\":\"az\",\"potentialAction\":[{\"@type\":\"ReadAction\",\"target\":[\"https:\/\/www.zerdab.com\/?p=25973\"]}]},{\"@type\":\"BreadcrumbList\",\"@id\":\"https:\/\/www.zerdab.com\/?p=25973#breadcrumb\",\"itemListElement\":[{\"@type\":\"ListItem\",\"position\":1,\"name\":\"Home\",\"item\":\"https:\/\/www.zerdab.com\/\"},{\"@type\":\"ListItem\",\"position\":2,\"name\":\"Z\u0259rdab\u0131n M\u0259rk\u0259zi X\u0259st\u0259xanas\u0131nda ADI OLUB, \u00d6Z\u00dc OLMAYAN \u015f\u00f6b\u0259\"}]},{\"@type\":\"WebSite\",\"@id\":\"https:\/\/www.zerdab.com\/#website\",\"url\":\"https:\/\/www.zerdab.com\/\",\"name\":\"Z\u0259rdab.com\",\"description\":\"\",\"potentialAction\":[{\"@type\":\"SearchAction\",\"target\":{\"@type\":\"EntryPoint\",\"urlTemplate\":\"https:\/\/www.zerdab.com\/?s={search_term_string}\"},\"query-input\":{\"@type\":\"PropertyValueSpecification\",\"valueRequired\":true,\"valueName\":\"search_term_string\"}}],\"inLanguage\":\"az\"},{\"@type\":\"Person\",\"@id\":\"https:\/\/www.zerdab.com\/#\/schema\/person\/97079b7570c1e89ec0d9e138c3672136\",\"name\":\"admin\",\"image\":{\"@type\":\"ImageObject\",\"inLanguage\":\"az\",\"@id\":\"https:\/\/www.zerdab.com\/#\/schema\/person\/image\/\",\"url\":\"https:\/\/secure.gravatar.com\/avatar\/d9c52a9a27c32119cb6679a077fa3e2779e5f822c451cbf01098004361d466ec?s=96&d=mm&r=g\",\"contentUrl\":\"https:\/\/secure.gravatar.com\/avatar\/d9c52a9a27c32119cb6679a077fa3e2779e5f822c451cbf01098004361d466ec?s=96&d=mm&r=g\",\"caption\":\"admin\"},\"url\":\"https:\/\/www.zerdab.com\/?author=1\"}]}<\/script>\n<!-- \/ Yoast SEO plugin. -->","yoast_head_json":{"title":"Z\u0259rdab\u0131n M\u0259rk\u0259zi X\u0259st\u0259xanas\u0131nda ADI OLUB, \u00d6Z\u00dc OLMAYAN \u015f\u00f6b\u0259 - Z\u0259rdab.com","robots":{"index":"index","follow":"follow","max-snippet":"max-snippet:-1","max-image-preview":"max-image-preview:large","max-video-preview":"max-video-preview:-1"},"canonical":"https:\/\/www.zerdab.com\/?p=25973","og_locale":"az_AZ","og_type":"article","og_title":"Z\u0259rdab\u0131n M\u0259rk\u0259zi X\u0259st\u0259xanas\u0131nda ADI OLUB, \u00d6Z\u00dc OLMAYAN \u015f\u00f6b\u0259 - Z\u0259rdab.com","og_description":"Z\u0259rdab Rayon M\u0259rk\u0259zi X\u0259st\u0259xanas\u0131n\u0131n \u0259sasl\u0131 t\u0259mird\u0259n sonra a\u00e7\u0131l\u0131\u015f\u0131ndan 2 il\u0259 yax\u0131n vaxt ke\u00e7m\u0259sin\u0259 baxmayaraq, h\u0259l\u0259 d\u0259 burada dializ \u015f\u00f6b\u0259si f\u0259aliyy\u0259t g\u00f6st\u0259rmir. M\u0259lumat \u00fc\u00e7\u00fcn bildir\u0259k ki, 2016-c\u0131 ilin dekabr ay\u0131nda Prezident \u0130lham \u018fliyev v\u0259 xan\u0131m\u0131 Mehriban \u018fliyeva x\u0259st\u0259xanan\u0131n \u0259sasl\u0131 t\u0259mird\u0259n sonra istifad\u0259y\u0259 veril\u0259n yeni binas\u0131nda yarad\u0131lan \u015f\u0259raitl\u0259 tan\u0131\u015f olmu\u015fdular. O vaxt bildirilmi\u015fdi ki, iki korpusdan v\u0259 [&hellip;]","og_url":"https:\/\/www.zerdab.com\/?p=25973","og_site_name":"Z\u0259rdab.com","article_published_time":"2018-06-20T13:37:28+00:00","article_modified_time":"2018-06-22T08:39:54+00:00","author":"admin","twitter_card":"summary_large_image","twitter_misc":{"Written by":"admin","Est. reading time":"4 minutes"},"schema":{"@context":"https:\/\/schema.org","@graph":[{"@type":"Article","@id":"https:\/\/www.zerdab.com\/?p=25973#article","isPartOf":{"@id":"https:\/\/www.zerdab.com\/?p=25973"},"author":{"name":"admin","@id":"https:\/\/www.zerdab.com\/#\/schema\/person\/97079b7570c1e89ec0d9e138c3672136"},"headline":"Z\u0259rdab\u0131n M\u0259rk\u0259zi X\u0259st\u0259xanas\u0131nda ADI OLUB, \u00d6Z\u00dc OLMAYAN \u015f\u00f6b\u0259","datePublished":"2018-06-20T13:37:28+00:00","dateModified":"2018-06-22T08:39:54+00:00","mainEntityOfPage":{"@id":"https:\/\/www.zerdab.com\/?p=25973"},"wordCount":729,"commentCount":0,"articleSection":["C\u018fM\u0130YY\u018fT","MAN\u015eET"],"inLanguage":"az","potentialAction":[{"@type":"CommentAction","name":"Comment","target":["https:\/\/www.zerdab.com\/?p=25973#respond"]}]},{"@type":"WebPage","@id":"https:\/\/www.zerdab.com\/?p=25973","url":"https:\/\/www.zerdab.com\/?p=25973","name":"Z\u0259rdab\u0131n M\u0259rk\u0259zi X\u0259st\u0259xanas\u0131nda ADI OLUB, \u00d6Z\u00dc OLMAYAN \u015f\u00f6b\u0259 - Z\u0259rdab.com","isPartOf":{"@id":"https:\/\/www.zerdab.com\/#website"},"datePublished":"2018-06-20T13:37:28+00:00","dateModified":"2018-06-22T08:39:54+00:00","author":{"@id":"https:\/\/www.zerdab.com\/#\/schema\/person\/97079b7570c1e89ec0d9e138c3672136"},"breadcrumb":{"@id":"https:\/\/www.zerdab.com\/?p=25973#breadcrumb"},"inLanguage":"az","potentialAction":[{"@type":"ReadAction","target":["https:\/\/www.zerdab.com\/?p=25973"]}]},{"@type":"BreadcrumbList","@id":"https:\/\/www.zerdab.com\/?p=25973#breadcrumb","itemListElement":[{"@type":"ListItem","position":1,"name":"Home","item":"https:\/\/www.zerdab.com\/"},{"@type":"ListItem","position":2,"name":"Z\u0259rdab\u0131n M\u0259rk\u0259zi X\u0259st\u0259xanas\u0131nda ADI OLUB, \u00d6Z\u00dc OLMAYAN \u015f\u00f6b\u0259"}]},{"@type":"WebSite","@id":"https:\/\/www.zerdab.com\/#website","url":"https:\/\/www.zerdab.com\/","name":"Z\u0259rdab.com","description":"","potentialAction":[{"@type":"SearchAction","target":{"@type":"EntryPoint","urlTemplate":"https:\/\/www.zerdab.com\/?s={search_term_string}"},"query-input":{"@type":"PropertyValueSpecification","valueRequired":true,"valueName":"search_term_string"}}],"inLanguage":"az"},{"@type":"Person","@id":"https:\/\/www.zerdab.com\/#\/schema\/person\/97079b7570c1e89ec0d9e138c3672136","name":"admin","image":{"@type":"ImageObject","inLanguage":"az","@id":"https:\/\/www.zerdab.com\/#\/schema\/person\/image\/","url":"https:\/\/secure.gravatar.com\/avatar\/d9c52a9a27c32119cb6679a077fa3e2779e5f822c451cbf01098004361d466ec?s=96&d=mm&r=g","contentUrl":"https:\/\/secure.gravatar.com\/avatar\/d9c52a9a27c32119cb6679a077fa3e2779e5f822c451cbf01098004361d466ec?s=96&d=mm&r=g","caption":"admin"},"url":"https:\/\/www.zerdab.com\/?author=1"}]}},"_links":{"self":[{"href":"https:\/\/www.zerdab.com\/index.php?rest_route=\/wp\/v2\/posts\/25973","targetHints":{"allow":["GET"]}}],"collection":[{"href":"https:\/\/www.zerdab.com\/index.php?rest_route=\/wp\/v2\/posts"}],"about":[{"href":"https:\/\/www.zerdab.com\/index.php?rest_route=\/wp\/v2\/types\/post"}],"author":[{"embeddable":true,"href":"https:\/\/www.zerdab.com\/index.php?rest_route=\/wp\/v2\/users\/1"}],"replies":[{"embeddable":true,"href":"https:\/\/www.zerdab.com\/index.php?rest_route=%2Fwp%2Fv2%2Fcomments&post=25973"}],"version-history":[{"count":1,"href":"https:\/\/www.zerdab.com\/index.php?rest_route=\/wp\/v2\/posts\/25973\/revisions"}],"predecessor-version":[{"id":25975,"href":"https:\/\/www.zerdab.com\/index.php?rest_route=\/wp\/v2\/posts\/25973\/revisions\/25975"}],"wp:attachment":[{"href":"https:\/\/www.zerdab.com\/index.php?rest_route=%2Fwp%2Fv2%2Fmedia&parent=25973"}],"wp:term":[{"taxonomy":"category","embeddable":true,"href":"https:\/\/www.zerdab.com\/index.php?rest_route=%2Fwp%2Fv2%2Fcategories&post=25973"},{"taxonomy":"post_tag","embeddable":true,"href":"https:\/\/www.zerdab.com\/index.php?rest_route=%2Fwp%2Fv2%2Ftags&post=25973"}],"curies":[{"name":"wp","href":"https:\/\/api.w.org\/{rel}","templated":true}]}}