{"id":26060,"date":"2018-08-16T15:42:14","date_gmt":"2018-08-16T11:42:14","guid":{"rendered":"http:\/\/www.zerdab.com\/?p=26060"},"modified":"2018-08-16T15:42:14","modified_gmt":"2018-08-16T11:42:14","slug":"z%c9%99rdabda-radikal-dini-c%c9%99r%c9%99yanlarla-mubariz%c9%99-il%c9%99-bagli-t%c9%99dbir-kecirilib","status":"publish","type":"post","link":"https:\/\/www.zerdab.com\/?p=26060","title":{"rendered":"Z\u0259rdabda radikal dini c\u0259r\u0259yanlarla m\u00fcbariz\u0259 il\u0259 ba\u011fl\u0131 t\u0259dbir ke\u00e7irilib"},"content":{"rendered":"<p>\u201cG\u0259ncliy\u0259 d\u0259st\u0259k\u201d \u0130ctimai Birliyinin Az\u0259rbaycan Respublikas\u0131n\u0131n Prezidenti yan\u0131nda Qeyri-H\u00f6kum\u0259t T\u0259\u015fkilatlar\u0131na D\u00f6vl\u0259t D\u0259st\u0259yi \u015euras\u0131n\u0131n d\u0259st\u0259yi il\u0259 h\u0259yata ke\u00e7irdiyi \u201cRadikal dini c\u0259r\u0259yanlarla m\u00fcbariz\u0259d\u0259 dini icmalar\u0131n f\u0259aliyy\u0259tinin g\u00fccl\u0259ndirilm\u0259si m\u0259qs\u0259dil\u0259 t\u0259dbirl\u0259rin t\u0259\u015fkili\u201d layih\u0259sinin icra plan\u0131na m\u00fcvafiq olaraq 16 avqust 2018-ci il tarixd\u0259 saat 10:00-da Z\u0259rdab rayon Qoruqba\u011f\u0131 k\u0259nd m\u0259scidi icmas\u0131 il\u0259, 16 avqust 2018-ci il tarixd\u0259 saat 11:30-da Z\u0259rdab rayon P\u0259rvanl\u0131 k\u0259nd m\u0259scidi icmas\u0131 il\u0259 g\u00f6r\u00fc\u015fl\u0259r ke\u00e7irilib.<\/p>\n<p>Birlikd\u0259n <span style=\"color: #ff0000;\"><strong>Zerdab.com<\/strong><\/span> sayt\u0131na veril\u0259n m\u0259lumata g\u00f6r\u0259, \u00fcmumilikd\u0259 t\u0259dbirl\u0259rd\u0259 35 dini icma n\u00fcmay\u0259nd\u0259si i\u015ftirak edib.<br \/>\nT\u0259dbird\u0259 layih\u0259 r\u0259hb\u0259ri, \u201cG\u0259ncliy\u0259 d\u0259st\u0259k\u201d \u0130ctimai Birliyinin s\u0259dri Eldar X\u0259lilov v\u0259 t\u0259lim\u00e7i Bab\u0259k Mikay\u0131lov dini icmalar\u0131n radikal c\u0259r\u0259yanlarla m\u00fcbariz\u0259d\u0259 f\u0259aliyy\u0259tinin g\u00fccl\u0259ndirilm\u0259si m\u0259qs\u0259dil\u0259 onlara radikal dini qruplar\u0131n ideoloji \u0259saslar\u0131 v\u0259 m\u0259nfi t\u0259zah\u00fcrl\u0259ri bar\u0259d\u0259 m\u0259lumatlar veribl\u0259r.<\/p>\n<p>T\u0259dbir i\u015ftirak\u00e7\u0131lar\u0131na radikal c\u0259r\u0259yanlara qar\u015f\u0131 m\u00fcbariz\u0259d\u0259 d\u00f6rd praktik metoddan \u2013 maarifl\u0259ndirici, preventiv, profilaktik v\u0259 inzibati metoddan nece istifad\u0259 etm\u0259l\u0259ri \u00f6yr\u0259dilib. T\u0259dbird\u0259 i\u015ftirak\u00e7\u0131lara t\u0259lim materiallar\u0131 v\u0259 bukletl\u0259r paylan\u0131l\u0131b.<\/p>\n<p><a href=\"http:\/\/www.zerdab.com\/?attachment_id=26062\" rel=\"attachment wp-att-26062\"><img loading=\"lazy\" decoding=\"async\" class=\"aligncenter size-large wp-image-26062\" src=\"http:\/\/www.zerdab.com\/wp-content\/uploads\/2018\/08\/zerdab-qoruqbagi-tedbir1-413x550.jpeg\" alt=\"zerdab-qoruqbagi-tedbir\" width=\"413\" height=\"550\" \/><\/a><a href=\"http:\/\/www.zerdab.com\/?attachment_id=26063\" rel=\"attachment wp-att-26063\"><img loading=\"lazy\" decoding=\"async\" class=\"aligncenter size-large wp-image-26063\" src=\"http:\/\/www.zerdab.com\/wp-content\/uploads\/2018\/08\/zerdab-qoruqbagi-tedbir2-550x413.jpeg\" alt=\"zerdab-qoruqbagi-tedbir\" width=\"550\" height=\"413\" \/><\/a><a href=\"http:\/\/www.zerdab.com\/?attachment_id=26064\" rel=\"attachment wp-att-26064\"><img loading=\"lazy\" decoding=\"async\" class=\"aligncenter size-large wp-image-26064\" src=\"http:\/\/www.zerdab.com\/wp-content\/uploads\/2018\/08\/zerdab-qoruqbagi-tedbir3-413x550.jpeg\" alt=\"zerdab-qoruqbagi-tedbir\" width=\"413\" height=\"550\" \/><\/a><\/p>\n","protected":false},"excerpt":{"rendered":"<p>\u201cG\u0259ncliy\u0259 d\u0259st\u0259k\u201d \u0130ctimai Birliyinin Az\u0259rbaycan Respublikas\u0131n\u0131n Prezidenti yan\u0131nda Qeyri-H\u00f6kum\u0259t T\u0259\u015fkilatlar\u0131na D\u00f6vl\u0259t D\u0259st\u0259yi \u015euras\u0131n\u0131n d\u0259st\u0259yi il\u0259 h\u0259yata ke\u00e7irdiyi \u201cRadikal dini c\u0259r\u0259yanlarla m\u00fcbariz\u0259d\u0259 dini icmalar\u0131n f\u0259aliyy\u0259tinin g\u00fccl\u0259ndirilm\u0259si m\u0259qs\u0259dil\u0259 t\u0259dbirl\u0259rin t\u0259\u015fkili\u201d layih\u0259sinin icra plan\u0131na m\u00fcvafiq olaraq 16 avqust 2018-ci il tarixd\u0259 saat 10:00-da Z\u0259rdab rayon Qoruqba\u011f\u0131 k\u0259nd m\u0259scidi icmas\u0131 il\u0259, 16 avqust 2018-ci il tarixd\u0259 saat 11:30-da Z\u0259rdab [&hellip;]<\/p>\n","protected":false},"author":1,"featured_media":26061,"comment_status":"open","ping_status":"open","sticky":false,"template":"","format":"standard","meta":{"footnotes":""},"categories":[21,63],"tags":[],"class_list":{"0":"post-26060","1":"post","2":"type-post","3":"status-publish","4":"format-standard","5":"has-post-thumbnail","7":"category-zrdab","8":"category-manset"},"yoast_head":"<!-- This site is optimized with the Yoast SEO plugin v27.0 - https:\/\/yoast.com\/product\/yoast-seo-wordpress\/ -->\n<title>Z\u0259rdabda radikal dini c\u0259r\u0259yanlarla m\u00fcbariz\u0259 il\u0259 ba\u011fl\u0131 t\u0259dbir ke\u00e7irilib - Z\u0259rdab.com<\/title>\n<meta name=\"robots\" content=\"index, follow, max-snippet:-1, max-image-preview:large, max-video-preview:-1\" \/>\n<link rel=\"canonical\" href=\"https:\/\/www.zerdab.com\/?p=26060\" \/>\n<meta property=\"og:locale\" content=\"az_AZ\" \/>\n<meta property=\"og:type\" content=\"article\" \/>\n<meta property=\"og:title\" content=\"Z\u0259rdabda radikal dini c\u0259r\u0259yanlarla m\u00fcbariz\u0259 il\u0259 ba\u011fl\u0131 t\u0259dbir ke\u00e7irilib - Z\u0259rdab.com\" \/>\n<meta property=\"og:description\" content=\"\u201cG\u0259ncliy\u0259 d\u0259st\u0259k\u201d \u0130ctimai Birliyinin Az\u0259rbaycan Respublikas\u0131n\u0131n Prezidenti yan\u0131nda Qeyri-H\u00f6kum\u0259t T\u0259\u015fkilatlar\u0131na D\u00f6vl\u0259t D\u0259st\u0259yi \u015euras\u0131n\u0131n d\u0259st\u0259yi il\u0259 h\u0259yata ke\u00e7irdiyi \u201cRadikal dini c\u0259r\u0259yanlarla m\u00fcbariz\u0259d\u0259 dini icmalar\u0131n f\u0259aliyy\u0259tinin g\u00fccl\u0259ndirilm\u0259si m\u0259qs\u0259dil\u0259 t\u0259dbirl\u0259rin t\u0259\u015fkili\u201d layih\u0259sinin icra plan\u0131na m\u00fcvafiq olaraq 16 avqust 2018-ci il tarixd\u0259 saat 10:00-da Z\u0259rdab rayon Qoruqba\u011f\u0131 k\u0259nd m\u0259scidi icmas\u0131 il\u0259, 16 avqust 2018-ci il tarixd\u0259 saat 11:30-da Z\u0259rdab [&hellip;]\" \/>\n<meta property=\"og:url\" content=\"https:\/\/www.zerdab.com\/?p=26060\" \/>\n<meta property=\"og:site_name\" content=\"Z\u0259rdab.com\" \/>\n<meta property=\"article:published_time\" content=\"2018-08-16T11:42:14+00:00\" \/>\n<meta property=\"og:image\" content=\"https:\/\/www.zerdab.com\/wp-content\/uploads\/2018\/08\/zerdab-qoruqbagi-tedbir.jpeg\" \/>\n\t<meta property=\"og:image:width\" content=\"1728\" \/>\n\t<meta property=\"og:image:height\" content=\"1152\" \/>\n\t<meta property=\"og:image:type\" content=\"image\/jpeg\" \/>\n<meta name=\"author\" content=\"admin\" \/>\n<meta name=\"twitter:card\" content=\"summary_large_image\" \/>\n<meta name=\"twitter:label1\" content=\"Written by\" \/>\n\t<meta name=\"twitter:data1\" content=\"admin\" \/>\n\t<meta name=\"twitter:label2\" content=\"Est. reading time\" \/>\n\t<meta name=\"twitter:data2\" content=\"1 minute\" \/>\n<script type=\"application\/ld+json\" class=\"yoast-schema-graph\">{\"@context\":\"https:\/\/schema.org\",\"@graph\":[{\"@type\":\"Article\",\"@id\":\"https:\/\/www.zerdab.com\/?p=26060#article\",\"isPartOf\":{\"@id\":\"https:\/\/www.zerdab.com\/?p=26060\"},\"author\":{\"name\":\"admin\",\"@id\":\"https:\/\/www.zerdab.com\/#\/schema\/person\/97079b7570c1e89ec0d9e138c3672136\"},\"headline\":\"Z\u0259rdabda radikal dini c\u0259r\u0259yanlarla m\u00fcbariz\u0259 il\u0259 ba\u011fl\u0131 t\u0259dbir ke\u00e7irilib\",\"datePublished\":\"2018-08-16T11:42:14+00:00\",\"mainEntityOfPage\":{\"@id\":\"https:\/\/www.zerdab.com\/?p=26060\"},\"wordCount\":264,\"commentCount\":0,\"image\":{\"@id\":\"https:\/\/www.zerdab.com\/?p=26060#primaryimage\"},\"thumbnailUrl\":\"https:\/\/www.zerdab.com\/wp-content\/uploads\/2018\/08\/zerdab-qoruqbagi-tedbir.jpeg\",\"articleSection\":[\"C\u018fM\u0130YY\u018fT\",\"MAN\u015eET\"],\"inLanguage\":\"az\",\"potentialAction\":[{\"@type\":\"CommentAction\",\"name\":\"Comment\",\"target\":[\"https:\/\/www.zerdab.com\/?p=26060#respond\"]}]},{\"@type\":\"WebPage\",\"@id\":\"https:\/\/www.zerdab.com\/?p=26060\",\"url\":\"https:\/\/www.zerdab.com\/?p=26060\",\"name\":\"Z\u0259rdabda radikal dini c\u0259r\u0259yanlarla m\u00fcbariz\u0259 il\u0259 ba\u011fl\u0131 t\u0259dbir ke\u00e7irilib - Z\u0259rdab.com\",\"isPartOf\":{\"@id\":\"https:\/\/www.zerdab.com\/#website\"},\"primaryImageOfPage\":{\"@id\":\"https:\/\/www.zerdab.com\/?p=26060#primaryimage\"},\"image\":{\"@id\":\"https:\/\/www.zerdab.com\/?p=26060#primaryimage\"},\"thumbnailUrl\":\"https:\/\/www.zerdab.com\/wp-content\/uploads\/2018\/08\/zerdab-qoruqbagi-tedbir.jpeg\",\"datePublished\":\"2018-08-16T11:42:14+00:00\",\"author\":{\"@id\":\"https:\/\/www.zerdab.com\/#\/schema\/person\/97079b7570c1e89ec0d9e138c3672136\"},\"breadcrumb\":{\"@id\":\"https:\/\/www.zerdab.com\/?p=26060#breadcrumb\"},\"inLanguage\":\"az\",\"potentialAction\":[{\"@type\":\"ReadAction\",\"target\":[\"https:\/\/www.zerdab.com\/?p=26060\"]}]},{\"@type\":\"ImageObject\",\"inLanguage\":\"az\",\"@id\":\"https:\/\/www.zerdab.com\/?p=26060#primaryimage\",\"url\":\"https:\/\/www.zerdab.com\/wp-content\/uploads\/2018\/08\/zerdab-qoruqbagi-tedbir.jpeg\",\"contentUrl\":\"https:\/\/www.zerdab.com\/wp-content\/uploads\/2018\/08\/zerdab-qoruqbagi-tedbir.jpeg\",\"width\":1728,\"height\":1152,\"caption\":\"zerdab-qoruqbagi-tedbir\"},{\"@type\":\"BreadcrumbList\",\"@id\":\"https:\/\/www.zerdab.com\/?p=26060#breadcrumb\",\"itemListElement\":[{\"@type\":\"ListItem\",\"position\":1,\"name\":\"Home\",\"item\":\"https:\/\/www.zerdab.com\/\"},{\"@type\":\"ListItem\",\"position\":2,\"name\":\"Z\u0259rdabda radikal dini c\u0259r\u0259yanlarla m\u00fcbariz\u0259 il\u0259 ba\u011fl\u0131 t\u0259dbir ke\u00e7irilib\"}]},{\"@type\":\"WebSite\",\"@id\":\"https:\/\/www.zerdab.com\/#website\",\"url\":\"https:\/\/www.zerdab.com\/\",\"name\":\"Z\u0259rdab.com\",\"description\":\"\",\"potentialAction\":[{\"@type\":\"SearchAction\",\"target\":{\"@type\":\"EntryPoint\",\"urlTemplate\":\"https:\/\/www.zerdab.com\/?s={search_term_string}\"},\"query-input\":{\"@type\":\"PropertyValueSpecification\",\"valueRequired\":true,\"valueName\":\"search_term_string\"}}],\"inLanguage\":\"az\"},{\"@type\":\"Person\",\"@id\":\"https:\/\/www.zerdab.com\/#\/schema\/person\/97079b7570c1e89ec0d9e138c3672136\",\"name\":\"admin\",\"image\":{\"@type\":\"ImageObject\",\"inLanguage\":\"az\",\"@id\":\"https:\/\/www.zerdab.com\/#\/schema\/person\/image\/\",\"url\":\"https:\/\/secure.gravatar.com\/avatar\/d9c52a9a27c32119cb6679a077fa3e2779e5f822c451cbf01098004361d466ec?s=96&d=mm&r=g\",\"contentUrl\":\"https:\/\/secure.gravatar.com\/avatar\/d9c52a9a27c32119cb6679a077fa3e2779e5f822c451cbf01098004361d466ec?s=96&d=mm&r=g\",\"caption\":\"admin\"},\"url\":\"https:\/\/www.zerdab.com\/?author=1\"}]}<\/script>\n<!-- \/ Yoast SEO plugin. -->","yoast_head_json":{"title":"Z\u0259rdabda radikal dini c\u0259r\u0259yanlarla m\u00fcbariz\u0259 il\u0259 ba\u011fl\u0131 t\u0259dbir ke\u00e7irilib - Z\u0259rdab.com","robots":{"index":"index","follow":"follow","max-snippet":"max-snippet:-1","max-image-preview":"max-image-preview:large","max-video-preview":"max-video-preview:-1"},"canonical":"https:\/\/www.zerdab.com\/?p=26060","og_locale":"az_AZ","og_type":"article","og_title":"Z\u0259rdabda radikal dini c\u0259r\u0259yanlarla m\u00fcbariz\u0259 il\u0259 ba\u011fl\u0131 t\u0259dbir ke\u00e7irilib - Z\u0259rdab.com","og_description":"\u201cG\u0259ncliy\u0259 d\u0259st\u0259k\u201d \u0130ctimai Birliyinin Az\u0259rbaycan Respublikas\u0131n\u0131n Prezidenti yan\u0131nda Qeyri-H\u00f6kum\u0259t T\u0259\u015fkilatlar\u0131na D\u00f6vl\u0259t D\u0259st\u0259yi \u015euras\u0131n\u0131n d\u0259st\u0259yi il\u0259 h\u0259yata ke\u00e7irdiyi \u201cRadikal dini c\u0259r\u0259yanlarla m\u00fcbariz\u0259d\u0259 dini icmalar\u0131n f\u0259aliyy\u0259tinin g\u00fccl\u0259ndirilm\u0259si m\u0259qs\u0259dil\u0259 t\u0259dbirl\u0259rin t\u0259\u015fkili\u201d layih\u0259sinin icra plan\u0131na m\u00fcvafiq olaraq 16 avqust 2018-ci il tarixd\u0259 saat 10:00-da Z\u0259rdab rayon Qoruqba\u011f\u0131 k\u0259nd m\u0259scidi icmas\u0131 il\u0259, 16 avqust 2018-ci il tarixd\u0259 saat 11:30-da Z\u0259rdab [&hellip;]","og_url":"https:\/\/www.zerdab.com\/?p=26060","og_site_name":"Z\u0259rdab.com","article_published_time":"2018-08-16T11:42:14+00:00","og_image":[{"width":1728,"height":1152,"url":"https:\/\/www.zerdab.com\/wp-content\/uploads\/2018\/08\/zerdab-qoruqbagi-tedbir.jpeg","type":"image\/jpeg"}],"author":"admin","twitter_card":"summary_large_image","twitter_misc":{"Written by":"admin","Est. reading time":"1 minute"},"schema":{"@context":"https:\/\/schema.org","@graph":[{"@type":"Article","@id":"https:\/\/www.zerdab.com\/?p=26060#article","isPartOf":{"@id":"https:\/\/www.zerdab.com\/?p=26060"},"author":{"name":"admin","@id":"https:\/\/www.zerdab.com\/#\/schema\/person\/97079b7570c1e89ec0d9e138c3672136"},"headline":"Z\u0259rdabda radikal dini c\u0259r\u0259yanlarla m\u00fcbariz\u0259 il\u0259 ba\u011fl\u0131 t\u0259dbir ke\u00e7irilib","datePublished":"2018-08-16T11:42:14+00:00","mainEntityOfPage":{"@id":"https:\/\/www.zerdab.com\/?p=26060"},"wordCount":264,"commentCount":0,"image":{"@id":"https:\/\/www.zerdab.com\/?p=26060#primaryimage"},"thumbnailUrl":"https:\/\/www.zerdab.com\/wp-content\/uploads\/2018\/08\/zerdab-qoruqbagi-tedbir.jpeg","articleSection":["C\u018fM\u0130YY\u018fT","MAN\u015eET"],"inLanguage":"az","potentialAction":[{"@type":"CommentAction","name":"Comment","target":["https:\/\/www.zerdab.com\/?p=26060#respond"]}]},{"@type":"WebPage","@id":"https:\/\/www.zerdab.com\/?p=26060","url":"https:\/\/www.zerdab.com\/?p=26060","name":"Z\u0259rdabda radikal dini c\u0259r\u0259yanlarla m\u00fcbariz\u0259 il\u0259 ba\u011fl\u0131 t\u0259dbir ke\u00e7irilib - Z\u0259rdab.com","isPartOf":{"@id":"https:\/\/www.zerdab.com\/#website"},"primaryImageOfPage":{"@id":"https:\/\/www.zerdab.com\/?p=26060#primaryimage"},"image":{"@id":"https:\/\/www.zerdab.com\/?p=26060#primaryimage"},"thumbnailUrl":"https:\/\/www.zerdab.com\/wp-content\/uploads\/2018\/08\/zerdab-qoruqbagi-tedbir.jpeg","datePublished":"2018-08-16T11:42:14+00:00","author":{"@id":"https:\/\/www.zerdab.com\/#\/schema\/person\/97079b7570c1e89ec0d9e138c3672136"},"breadcrumb":{"@id":"https:\/\/www.zerdab.com\/?p=26060#breadcrumb"},"inLanguage":"az","potentialAction":[{"@type":"ReadAction","target":["https:\/\/www.zerdab.com\/?p=26060"]}]},{"@type":"ImageObject","inLanguage":"az","@id":"https:\/\/www.zerdab.com\/?p=26060#primaryimage","url":"https:\/\/www.zerdab.com\/wp-content\/uploads\/2018\/08\/zerdab-qoruqbagi-tedbir.jpeg","contentUrl":"https:\/\/www.zerdab.com\/wp-content\/uploads\/2018\/08\/zerdab-qoruqbagi-tedbir.jpeg","width":1728,"height":1152,"caption":"zerdab-qoruqbagi-tedbir"},{"@type":"BreadcrumbList","@id":"https:\/\/www.zerdab.com\/?p=26060#breadcrumb","itemListElement":[{"@type":"ListItem","position":1,"name":"Home","item":"https:\/\/www.zerdab.com\/"},{"@type":"ListItem","position":2,"name":"Z\u0259rdabda radikal dini c\u0259r\u0259yanlarla m\u00fcbariz\u0259 il\u0259 ba\u011fl\u0131 t\u0259dbir ke\u00e7irilib"}]},{"@type":"WebSite","@id":"https:\/\/www.zerdab.com\/#website","url":"https:\/\/www.zerdab.com\/","name":"Z\u0259rdab.com","description":"","potentialAction":[{"@type":"SearchAction","target":{"@type":"EntryPoint","urlTemplate":"https:\/\/www.zerdab.com\/?s={search_term_string}"},"query-input":{"@type":"PropertyValueSpecification","valueRequired":true,"valueName":"search_term_string"}}],"inLanguage":"az"},{"@type":"Person","@id":"https:\/\/www.zerdab.com\/#\/schema\/person\/97079b7570c1e89ec0d9e138c3672136","name":"admin","image":{"@type":"ImageObject","inLanguage":"az","@id":"https:\/\/www.zerdab.com\/#\/schema\/person\/image\/","url":"https:\/\/secure.gravatar.com\/avatar\/d9c52a9a27c32119cb6679a077fa3e2779e5f822c451cbf01098004361d466ec?s=96&d=mm&r=g","contentUrl":"https:\/\/secure.gravatar.com\/avatar\/d9c52a9a27c32119cb6679a077fa3e2779e5f822c451cbf01098004361d466ec?s=96&d=mm&r=g","caption":"admin"},"url":"https:\/\/www.zerdab.com\/?author=1"}]}},"_links":{"self":[{"href":"https:\/\/www.zerdab.com\/index.php?rest_route=\/wp\/v2\/posts\/26060","targetHints":{"allow":["GET"]}}],"collection":[{"href":"https:\/\/www.zerdab.com\/index.php?rest_route=\/wp\/v2\/posts"}],"about":[{"href":"https:\/\/www.zerdab.com\/index.php?rest_route=\/wp\/v2\/types\/post"}],"author":[{"embeddable":true,"href":"https:\/\/www.zerdab.com\/index.php?rest_route=\/wp\/v2\/users\/1"}],"replies":[{"embeddable":true,"href":"https:\/\/www.zerdab.com\/index.php?rest_route=%2Fwp%2Fv2%2Fcomments&post=26060"}],"version-history":[{"count":1,"href":"https:\/\/www.zerdab.com\/index.php?rest_route=\/wp\/v2\/posts\/26060\/revisions"}],"predecessor-version":[{"id":26065,"href":"https:\/\/www.zerdab.com\/index.php?rest_route=\/wp\/v2\/posts\/26060\/revisions\/26065"}],"wp:featuredmedia":[{"embeddable":true,"href":"https:\/\/www.zerdab.com\/index.php?rest_route=\/wp\/v2\/media\/26061"}],"wp:attachment":[{"href":"https:\/\/www.zerdab.com\/index.php?rest_route=%2Fwp%2Fv2%2Fmedia&parent=26060"}],"wp:term":[{"taxonomy":"category","embeddable":true,"href":"https:\/\/www.zerdab.com\/index.php?rest_route=%2Fwp%2Fv2%2Fcategories&post=26060"},{"taxonomy":"post_tag","embeddable":true,"href":"https:\/\/www.zerdab.com\/index.php?rest_route=%2Fwp%2Fv2%2Ftags&post=26060"}],"curies":[{"name":"wp","href":"https:\/\/api.w.org\/{rel}","templated":true}]}}