{"id":26066,"date":"2018-08-18T17:28:31","date_gmt":"2018-08-18T13:28:31","guid":{"rendered":"http:\/\/www.zerdab.com\/?p=26066"},"modified":"2018-08-18T17:30:15","modified_gmt":"2018-08-18T13:30:15","slug":"z%c9%99rdabda-maarifl%c9%99ndirm%c9%99-t%c9%99dbiri-davam-etdirilir","status":"publish","type":"post","link":"https:\/\/www.zerdab.com\/?p=26066","title":{"rendered":"Z\u0259rdabda maarifl\u0259ndirm\u0259 t\u0259dbiri davam etdirilir"},"content":{"rendered":"<div id=\"yiv1149275811yui_3_16_0_ym19_1_1534507063781_7787\"><span id=\"yiv1149275811yui_3_16_0_ym19_1_1534507063781_7788\" lang=\"AZ-LATIN\">\u201cG\u0259ncliy\u0259 d\u0259st\u0259k\u201d \u0130ctimai Birliyi t\u0259r\u0259find\u0259n Az\u0259rbaycan Respublikas\u0131n\u0131n Prezidenti yan\u0131nda Qeyri-H\u00f6kum\u0259t T\u0259\u015fkilatlar\u0131na D\u00f6vl\u0259t D\u0259st\u0259yi \u015euras\u0131n\u0131n d\u0259st\u0259yi il\u0259 h\u0259yata ke\u00e7iril\u0259n \u201cRadikal dini c\u0259r\u0259yanlarla m\u00fcbariz\u0259d\u0259 dini icmalar\u0131n f\u0259aliyy\u0259tinin g\u00fccl\u0259ndirilm\u0259si m\u0259qs\u0259dil\u0259 t\u0259dbirl\u0259rin t\u0259\u015fkili\u201d layih\u0259si icra plan\u0131na m\u00fcvafiq olaraq davam etdirilir.<\/span><\/div>\n<div id=\"yiv1149275811yui_3_16_0_ym19_1_1534507063781_7790\"><span id=\"yiv1149275811yui_3_16_0_ym19_1_1534507063781_7791\" lang=\"AZ-LATIN\"><span style=\"color: #ff0000;\"><strong>Zerdab.com<\/strong><\/span> sayt\u0131na veril\u0259n m\u0259lumata g\u00f6r\u0259, layih\u0259nin m\u0259qs\u0259di radikal dini c\u0259r\u0259yanlarla m\u00fcbariz\u0259d\u0259 dini icmalar\u0131n f\u0259aliyy\u0259tinin g\u00fccl\u0259ndirilm\u0259sind\u0259n ibar\u0259tdir. Layih\u0259d\u0259 bu m\u0259qs\u0259dil\u0259 dini icmalar radikal dini qruplar\u0131n ideoloji \u0259saslar\u0131 v\u0259 m\u0259nfi t\u0259zah\u00fcrl\u0259ri bar\u0259d\u0259 maarifl\u0259n\u0259dirilir v\u0259 onlara radikal c\u0259r\u0259yanlara qar\u015f\u0131 m\u00fcbariz\u0259d\u0259 d\u00f6rd praktik metoddan \u2013 maarifl\u0259ndirici, preventiv, profilaktik v\u0259 inzibati metoddan nece istifad\u0259 etm\u0259l\u0259ri \u00f6yr\u0259dilir. Layih\u0259 Z\u0259rdab rayonunun icmalar\u0131n\u0131 \u0259hat\u0259 etm\u0259kl\u0259 3 ay m\u00fcdd\u0259tin\u0259 icra olunacaqd\u0131r. Layih\u0259 zaman\u0131 icmalarla maarifl\u0259ndirici g\u00f6r\u00fc\u015fl\u0259r ke\u00e7irilir v\u0259 maarifl\u0259ndirici bukletl\u0259r paylan\u0131l\u0131r.<\/span><\/div>\n<div id=\"yiv1149275811yui_3_16_0_ym19_1_1534507063781_7793\"><span id=\"yiv1149275811yui_3_16_0_ym19_1_1534507063781_7794\" lang=\"AZ-LATIN\">Bel\u0259 g\u00f6r\u00fc\u015fl\u0259rd\u0259n biri\u00a0 17 avqust 2018-ci il tarixd\u0259 Z\u0259rdab \u015f\u0259h\u0259r \u201cC\u00fcm\u0259\u201d m\u0259scidinin m\u0259rasim zal\u0131nda \u015f\u0259h\u0259r \u201cC\u00fcm\u0259\u201d m\u0259scidinin dini icmasa il\u0259\u00a0<\/span><span id=\"yiv1149275811yui_3_16_0_ym19_1_1534507063781_7795\" lang=\"AZ-LATIN\">ba\u015f tutub.<\/span><span id=\"yiv1149275811yui_3_16_0_ym19_1_1534507063781_7796\" lang=\"AZ-LATIN\"><\/span><\/div>\n<div id=\"yiv1149275811yui_3_16_0_ym19_1_1534507063781_7798\"><span id=\"yiv1149275811yui_3_16_0_ym19_1_1534507063781_7799\" lang=\"AZ-LATIN\">T\u0259dbird\u0259 layih\u0259 r\u0259hb\u0259ri, \u201cG\u0259ncliy\u0259 d\u0259st\u0259k\u201d \u0130ctimai Birliyinin s\u0259dri Eldar X\u0259lilov v\u0259 t\u0259lim\u00e7i Bab\u0259k Mikay\u0131lov\u00a0<\/span><span id=\"yiv1149275811yui_3_16_0_ym19_1_1534507063781_7800\" lang=\"AZ-LATIN\">dini icma \u00fczvl\u0259rin\u0259 radikal dini qruplar\u0131n ideoloji \u0259saslar\u0131 v\u0259 m\u0259nfi t\u0259zah\u00fcrl\u0259ri bar\u0259d\u0259 m\u0259lumatlar veribl\u0259r v\u0259 onlara radikal c\u0259r\u0259yanlara qar\u015f\u0131 m\u00fcbariz\u0259d\u0259 d\u00f6rd praktik metoddan \u2013 maarifl\u0259ndirici, preventiv, profilaktik v\u0259 inzibati metoddan nece istifad\u0259 etm\u0259l\u0259ri \u00f6yr\u0259dilib.<\/span><\/div>\n<div id=\"yiv1149275811yui_3_16_0_ym19_1_1534507063781_7802\"><span id=\"yiv1149275811yui_3_16_0_ym19_1_1534507063781_7803\" lang=\"AZ-LATIN\">T\u0259dbird\u0259 Z\u0259rdab \u015f\u0259h\u0259r \u201cC\u00fcm\u0259\u201d m\u0259scidinin dini icmas\u0131n\u0131n s\u0259dri, Axund Feyzulla Ta\u011f\u0131yev v\u0259 rayonun \u0259f\u0259ndisi \u015eahsuvar \u018fmiraslanov i\u015ftirak etdil\u0259r v\u0259 onlar \u00f6lk\u0259d\u0259 d\u00f6vl\u0259tin dinin inki\u015faf\u0131na g\u00f6st\u0259rdiyi qay\u011f\u0131dan v\u0259 radikal dini c\u0259ryanlarla icman\u0131n apard\u0131\u011f\u0131 m\u00fcbariz\u0259d\u0259n dan\u0131\u015f\u0131blar.<\/span><span id=\"yiv1149275811yui_3_16_0_ym19_1_1534507063781_7812\" lang=\"AZ-LATIN\"><\/span><b id=\"yiv1149275811yui_3_16_0_ym19_1_1534507063781_7815\"><span id=\"yiv1149275811yui_3_16_0_ym19_1_1534507063781_7816\" lang=\"AZ-LATIN\"><\/span><\/b><span id=\"yiv1149275811yui_3_16_0_ym19_1_1534507063781_7819\" lang=\"AZ-LATIN\"><\/span><\/div>\n","protected":false},"excerpt":{"rendered":"<p>\u201cG\u0259ncliy\u0259 d\u0259st\u0259k\u201d \u0130ctimai Birliyi t\u0259r\u0259find\u0259n Az\u0259rbaycan Respublikas\u0131n\u0131n Prezidenti yan\u0131nda Qeyri-H\u00f6kum\u0259t T\u0259\u015fkilatlar\u0131na D\u00f6vl\u0259t D\u0259st\u0259yi \u015euras\u0131n\u0131n d\u0259st\u0259yi il\u0259 h\u0259yata ke\u00e7iril\u0259n \u201cRadikal dini c\u0259r\u0259yanlarla m\u00fcbariz\u0259d\u0259 dini icmalar\u0131n f\u0259aliyy\u0259tinin g\u00fccl\u0259ndirilm\u0259si m\u0259qs\u0259dil\u0259 t\u0259dbirl\u0259rin t\u0259\u015fkili\u201d layih\u0259si icra plan\u0131na m\u00fcvafiq olaraq davam etdirilir. Zerdab.com sayt\u0131na veril\u0259n m\u0259lumata g\u00f6r\u0259, layih\u0259nin m\u0259qs\u0259di radikal dini c\u0259r\u0259yanlarla m\u00fcbariz\u0259d\u0259 dini icmalar\u0131n f\u0259aliyy\u0259tinin g\u00fccl\u0259ndirilm\u0259sind\u0259n ibar\u0259tdir. Layih\u0259d\u0259 bu m\u0259qs\u0259dil\u0259 [&hellip;]<\/p>\n","protected":false},"author":1,"featured_media":0,"comment_status":"open","ping_status":"open","sticky":false,"template":"","format":"standard","meta":{"footnotes":""},"categories":[21,63],"tags":[],"class_list":{"0":"post-26066","1":"post","2":"type-post","3":"status-publish","4":"format-standard","6":"category-zrdab","7":"category-manset"},"yoast_head":"<!-- This site is optimized with the Yoast SEO plugin v27.0 - https:\/\/yoast.com\/product\/yoast-seo-wordpress\/ -->\n<title>Z\u0259rdabda maarifl\u0259ndirm\u0259 t\u0259dbiri davam etdirilir - Z\u0259rdab.com<\/title>\n<meta name=\"robots\" content=\"index, follow, max-snippet:-1, max-image-preview:large, max-video-preview:-1\" \/>\n<link rel=\"canonical\" href=\"https:\/\/www.zerdab.com\/?p=26066\" \/>\n<meta property=\"og:locale\" content=\"az_AZ\" \/>\n<meta property=\"og:type\" content=\"article\" \/>\n<meta property=\"og:title\" content=\"Z\u0259rdabda maarifl\u0259ndirm\u0259 t\u0259dbiri davam etdirilir - Z\u0259rdab.com\" \/>\n<meta property=\"og:description\" content=\"\u201cG\u0259ncliy\u0259 d\u0259st\u0259k\u201d \u0130ctimai Birliyi t\u0259r\u0259find\u0259n Az\u0259rbaycan Respublikas\u0131n\u0131n Prezidenti yan\u0131nda Qeyri-H\u00f6kum\u0259t T\u0259\u015fkilatlar\u0131na D\u00f6vl\u0259t D\u0259st\u0259yi \u015euras\u0131n\u0131n d\u0259st\u0259yi il\u0259 h\u0259yata ke\u00e7iril\u0259n \u201cRadikal dini c\u0259r\u0259yanlarla m\u00fcbariz\u0259d\u0259 dini icmalar\u0131n f\u0259aliyy\u0259tinin g\u00fccl\u0259ndirilm\u0259si m\u0259qs\u0259dil\u0259 t\u0259dbirl\u0259rin t\u0259\u015fkili\u201d layih\u0259si icra plan\u0131na m\u00fcvafiq olaraq davam etdirilir. Zerdab.com sayt\u0131na veril\u0259n m\u0259lumata g\u00f6r\u0259, layih\u0259nin m\u0259qs\u0259di radikal dini c\u0259r\u0259yanlarla m\u00fcbariz\u0259d\u0259 dini icmalar\u0131n f\u0259aliyy\u0259tinin g\u00fccl\u0259ndirilm\u0259sind\u0259n ibar\u0259tdir. Layih\u0259d\u0259 bu m\u0259qs\u0259dil\u0259 [&hellip;]\" \/>\n<meta property=\"og:url\" content=\"https:\/\/www.zerdab.com\/?p=26066\" \/>\n<meta property=\"og:site_name\" content=\"Z\u0259rdab.com\" \/>\n<meta property=\"article:published_time\" content=\"2018-08-18T13:28:31+00:00\" \/>\n<meta property=\"article:modified_time\" content=\"2018-08-18T13:30:15+00:00\" \/>\n<meta name=\"author\" content=\"admin\" \/>\n<meta name=\"twitter:card\" content=\"summary_large_image\" \/>\n<meta name=\"twitter:label1\" content=\"Written by\" \/>\n\t<meta name=\"twitter:data1\" content=\"admin\" \/>\n\t<meta name=\"twitter:label2\" content=\"Est. reading time\" \/>\n\t<meta name=\"twitter:data2\" content=\"2 minutes\" \/>\n<script type=\"application\/ld+json\" class=\"yoast-schema-graph\">{\"@context\":\"https:\/\/schema.org\",\"@graph\":[{\"@type\":\"Article\",\"@id\":\"https:\/\/www.zerdab.com\/?p=26066#article\",\"isPartOf\":{\"@id\":\"https:\/\/www.zerdab.com\/?p=26066\"},\"author\":{\"name\":\"admin\",\"@id\":\"https:\/\/www.zerdab.com\/#\/schema\/person\/97079b7570c1e89ec0d9e138c3672136\"},\"headline\":\"Z\u0259rdabda maarifl\u0259ndirm\u0259 t\u0259dbiri davam etdirilir\",\"datePublished\":\"2018-08-18T13:28:31+00:00\",\"dateModified\":\"2018-08-18T13:30:15+00:00\",\"mainEntityOfPage\":{\"@id\":\"https:\/\/www.zerdab.com\/?p=26066\"},\"wordCount\":383,\"commentCount\":0,\"articleSection\":[\"C\u018fM\u0130YY\u018fT\",\"MAN\u015eET\"],\"inLanguage\":\"az\",\"potentialAction\":[{\"@type\":\"CommentAction\",\"name\":\"Comment\",\"target\":[\"https:\/\/www.zerdab.com\/?p=26066#respond\"]}]},{\"@type\":\"WebPage\",\"@id\":\"https:\/\/www.zerdab.com\/?p=26066\",\"url\":\"https:\/\/www.zerdab.com\/?p=26066\",\"name\":\"Z\u0259rdabda maarifl\u0259ndirm\u0259 t\u0259dbiri davam etdirilir - Z\u0259rdab.com\",\"isPartOf\":{\"@id\":\"https:\/\/www.zerdab.com\/#website\"},\"datePublished\":\"2018-08-18T13:28:31+00:00\",\"dateModified\":\"2018-08-18T13:30:15+00:00\",\"author\":{\"@id\":\"https:\/\/www.zerdab.com\/#\/schema\/person\/97079b7570c1e89ec0d9e138c3672136\"},\"breadcrumb\":{\"@id\":\"https:\/\/www.zerdab.com\/?p=26066#breadcrumb\"},\"inLanguage\":\"az\",\"potentialAction\":[{\"@type\":\"ReadAction\",\"target\":[\"https:\/\/www.zerdab.com\/?p=26066\"]}]},{\"@type\":\"BreadcrumbList\",\"@id\":\"https:\/\/www.zerdab.com\/?p=26066#breadcrumb\",\"itemListElement\":[{\"@type\":\"ListItem\",\"position\":1,\"name\":\"Home\",\"item\":\"https:\/\/www.zerdab.com\/\"},{\"@type\":\"ListItem\",\"position\":2,\"name\":\"Z\u0259rdabda maarifl\u0259ndirm\u0259 t\u0259dbiri davam etdirilir\"}]},{\"@type\":\"WebSite\",\"@id\":\"https:\/\/www.zerdab.com\/#website\",\"url\":\"https:\/\/www.zerdab.com\/\",\"name\":\"Z\u0259rdab.com\",\"description\":\"\",\"potentialAction\":[{\"@type\":\"SearchAction\",\"target\":{\"@type\":\"EntryPoint\",\"urlTemplate\":\"https:\/\/www.zerdab.com\/?s={search_term_string}\"},\"query-input\":{\"@type\":\"PropertyValueSpecification\",\"valueRequired\":true,\"valueName\":\"search_term_string\"}}],\"inLanguage\":\"az\"},{\"@type\":\"Person\",\"@id\":\"https:\/\/www.zerdab.com\/#\/schema\/person\/97079b7570c1e89ec0d9e138c3672136\",\"name\":\"admin\",\"image\":{\"@type\":\"ImageObject\",\"inLanguage\":\"az\",\"@id\":\"https:\/\/www.zerdab.com\/#\/schema\/person\/image\/\",\"url\":\"https:\/\/secure.gravatar.com\/avatar\/d9c52a9a27c32119cb6679a077fa3e2779e5f822c451cbf01098004361d466ec?s=96&d=mm&r=g\",\"contentUrl\":\"https:\/\/secure.gravatar.com\/avatar\/d9c52a9a27c32119cb6679a077fa3e2779e5f822c451cbf01098004361d466ec?s=96&d=mm&r=g\",\"caption\":\"admin\"},\"url\":\"https:\/\/www.zerdab.com\/?author=1\"}]}<\/script>\n<!-- \/ Yoast SEO plugin. -->","yoast_head_json":{"title":"Z\u0259rdabda maarifl\u0259ndirm\u0259 t\u0259dbiri davam etdirilir - Z\u0259rdab.com","robots":{"index":"index","follow":"follow","max-snippet":"max-snippet:-1","max-image-preview":"max-image-preview:large","max-video-preview":"max-video-preview:-1"},"canonical":"https:\/\/www.zerdab.com\/?p=26066","og_locale":"az_AZ","og_type":"article","og_title":"Z\u0259rdabda maarifl\u0259ndirm\u0259 t\u0259dbiri davam etdirilir - Z\u0259rdab.com","og_description":"\u201cG\u0259ncliy\u0259 d\u0259st\u0259k\u201d \u0130ctimai Birliyi t\u0259r\u0259find\u0259n Az\u0259rbaycan Respublikas\u0131n\u0131n Prezidenti yan\u0131nda Qeyri-H\u00f6kum\u0259t T\u0259\u015fkilatlar\u0131na D\u00f6vl\u0259t D\u0259st\u0259yi \u015euras\u0131n\u0131n d\u0259st\u0259yi il\u0259 h\u0259yata ke\u00e7iril\u0259n \u201cRadikal dini c\u0259r\u0259yanlarla m\u00fcbariz\u0259d\u0259 dini icmalar\u0131n f\u0259aliyy\u0259tinin g\u00fccl\u0259ndirilm\u0259si m\u0259qs\u0259dil\u0259 t\u0259dbirl\u0259rin t\u0259\u015fkili\u201d layih\u0259si icra plan\u0131na m\u00fcvafiq olaraq davam etdirilir. Zerdab.com sayt\u0131na veril\u0259n m\u0259lumata g\u00f6r\u0259, layih\u0259nin m\u0259qs\u0259di radikal dini c\u0259r\u0259yanlarla m\u00fcbariz\u0259d\u0259 dini icmalar\u0131n f\u0259aliyy\u0259tinin g\u00fccl\u0259ndirilm\u0259sind\u0259n ibar\u0259tdir. Layih\u0259d\u0259 bu m\u0259qs\u0259dil\u0259 [&hellip;]","og_url":"https:\/\/www.zerdab.com\/?p=26066","og_site_name":"Z\u0259rdab.com","article_published_time":"2018-08-18T13:28:31+00:00","article_modified_time":"2018-08-18T13:30:15+00:00","author":"admin","twitter_card":"summary_large_image","twitter_misc":{"Written by":"admin","Est. reading time":"2 minutes"},"schema":{"@context":"https:\/\/schema.org","@graph":[{"@type":"Article","@id":"https:\/\/www.zerdab.com\/?p=26066#article","isPartOf":{"@id":"https:\/\/www.zerdab.com\/?p=26066"},"author":{"name":"admin","@id":"https:\/\/www.zerdab.com\/#\/schema\/person\/97079b7570c1e89ec0d9e138c3672136"},"headline":"Z\u0259rdabda maarifl\u0259ndirm\u0259 t\u0259dbiri davam etdirilir","datePublished":"2018-08-18T13:28:31+00:00","dateModified":"2018-08-18T13:30:15+00:00","mainEntityOfPage":{"@id":"https:\/\/www.zerdab.com\/?p=26066"},"wordCount":383,"commentCount":0,"articleSection":["C\u018fM\u0130YY\u018fT","MAN\u015eET"],"inLanguage":"az","potentialAction":[{"@type":"CommentAction","name":"Comment","target":["https:\/\/www.zerdab.com\/?p=26066#respond"]}]},{"@type":"WebPage","@id":"https:\/\/www.zerdab.com\/?p=26066","url":"https:\/\/www.zerdab.com\/?p=26066","name":"Z\u0259rdabda maarifl\u0259ndirm\u0259 t\u0259dbiri davam etdirilir - Z\u0259rdab.com","isPartOf":{"@id":"https:\/\/www.zerdab.com\/#website"},"datePublished":"2018-08-18T13:28:31+00:00","dateModified":"2018-08-18T13:30:15+00:00","author":{"@id":"https:\/\/www.zerdab.com\/#\/schema\/person\/97079b7570c1e89ec0d9e138c3672136"},"breadcrumb":{"@id":"https:\/\/www.zerdab.com\/?p=26066#breadcrumb"},"inLanguage":"az","potentialAction":[{"@type":"ReadAction","target":["https:\/\/www.zerdab.com\/?p=26066"]}]},{"@type":"BreadcrumbList","@id":"https:\/\/www.zerdab.com\/?p=26066#breadcrumb","itemListElement":[{"@type":"ListItem","position":1,"name":"Home","item":"https:\/\/www.zerdab.com\/"},{"@type":"ListItem","position":2,"name":"Z\u0259rdabda maarifl\u0259ndirm\u0259 t\u0259dbiri davam etdirilir"}]},{"@type":"WebSite","@id":"https:\/\/www.zerdab.com\/#website","url":"https:\/\/www.zerdab.com\/","name":"Z\u0259rdab.com","description":"","potentialAction":[{"@type":"SearchAction","target":{"@type":"EntryPoint","urlTemplate":"https:\/\/www.zerdab.com\/?s={search_term_string}"},"query-input":{"@type":"PropertyValueSpecification","valueRequired":true,"valueName":"search_term_string"}}],"inLanguage":"az"},{"@type":"Person","@id":"https:\/\/www.zerdab.com\/#\/schema\/person\/97079b7570c1e89ec0d9e138c3672136","name":"admin","image":{"@type":"ImageObject","inLanguage":"az","@id":"https:\/\/www.zerdab.com\/#\/schema\/person\/image\/","url":"https:\/\/secure.gravatar.com\/avatar\/d9c52a9a27c32119cb6679a077fa3e2779e5f822c451cbf01098004361d466ec?s=96&d=mm&r=g","contentUrl":"https:\/\/secure.gravatar.com\/avatar\/d9c52a9a27c32119cb6679a077fa3e2779e5f822c451cbf01098004361d466ec?s=96&d=mm&r=g","caption":"admin"},"url":"https:\/\/www.zerdab.com\/?author=1"}]}},"_links":{"self":[{"href":"https:\/\/www.zerdab.com\/index.php?rest_route=\/wp\/v2\/posts\/26066","targetHints":{"allow":["GET"]}}],"collection":[{"href":"https:\/\/www.zerdab.com\/index.php?rest_route=\/wp\/v2\/posts"}],"about":[{"href":"https:\/\/www.zerdab.com\/index.php?rest_route=\/wp\/v2\/types\/post"}],"author":[{"embeddable":true,"href":"https:\/\/www.zerdab.com\/index.php?rest_route=\/wp\/v2\/users\/1"}],"replies":[{"embeddable":true,"href":"https:\/\/www.zerdab.com\/index.php?rest_route=%2Fwp%2Fv2%2Fcomments&post=26066"}],"version-history":[{"count":1,"href":"https:\/\/www.zerdab.com\/index.php?rest_route=\/wp\/v2\/posts\/26066\/revisions"}],"predecessor-version":[{"id":26068,"href":"https:\/\/www.zerdab.com\/index.php?rest_route=\/wp\/v2\/posts\/26066\/revisions\/26068"}],"wp:attachment":[{"href":"https:\/\/www.zerdab.com\/index.php?rest_route=%2Fwp%2Fv2%2Fmedia&parent=26066"}],"wp:term":[{"taxonomy":"category","embeddable":true,"href":"https:\/\/www.zerdab.com\/index.php?rest_route=%2Fwp%2Fv2%2Fcategories&post=26066"},{"taxonomy":"post_tag","embeddable":true,"href":"https:\/\/www.zerdab.com\/index.php?rest_route=%2Fwp%2Fv2%2Ftags&post=26066"}],"curies":[{"name":"wp","href":"https:\/\/api.w.org\/{rel}","templated":true}]}}