{"id":26112,"date":"2018-09-18T16:28:34","date_gmt":"2018-09-18T12:28:34","guid":{"rendered":"http:\/\/www.zerdab.com\/?p=26112"},"modified":"2020-09-15T15:37:53","modified_gmt":"2020-09-15T11:37:53","slug":"nuru-pasanin-yarali-%c9%99sg%c9%99ri-z%c9%99rdabda-qalibmis-fotolar","status":"publish","type":"post","link":"https:\/\/www.zerdab.com\/?p=26112","title":{"rendered":"Nuru Pa\u015fan\u0131n yaral\u0131 \u0259sg\u0259ri Z\u0259rdabda qal\u0131bm\u0131\u015f &#8211; FOTOLAR"},"content":{"rendered":"\n<p><strong>1918-ci ild\u0259 Bak\u0131n\u0131 bol\u015fevik-da\u015fnak q\u00fcvv\u0259l\u0259rinin i\u015f\u011fal\u0131ndan azad etm\u0259k \u00fc\u00e7\u00fcn Nuru Pa\u015fan\u0131n komandanl\u0131\u011f\u0131 il\u0259 Az\u0259rbaycana g\u0259l\u0259n t\u00fcrkiy\u0259li \u0259sg\u0259rl\u0259rin q\u0259hr\u0259manl\u0131qlar\u0131 bar\u0259d\u0259 \u00e7ox yaz\u0131l\u0131b, \u00e7ox deyilib. Lakin haqq\u0131nda s\u00f6hb\u0259t a\u00e7aca\u011f\u0131m\u0131z Abdulkadir adl\u0131 Kayserili \u0259sg\u0259r bar\u0259d\u0259 bu g\u00fcn\u0259d\u0259k \u00f6lk\u0259 m\u0259tbuat\u0131nda he\u00e7 n\u0259 yaz\u0131lmay\u0131b, bel\u0259 dem\u0259k m\u00fcmk\u00fcns\u0259, \u00f6lk\u0259 ictimaiyy\u0259ti ondan x\u0259b\u0259rsizdir&#8230;<\/strong><\/p>\n\n\n\n<p>M\u0259lum oldu\u011fu kimi, T\u00fcrk Qafqaz \u0130slam Ordusu Nuru Pa\u015fan\u0131n komandanl\u0131\u011f\u0131 il\u0259 Bak\u0131n\u0131 i\u015f\u011faldan azad ed\u0259n\u0259d\u0259k bol\u015fevik-da\u015fnaq q\u00fcvv\u0259l\u0259ri il\u0259 G\u00f6y\u00e7ay, Ucar b\u00f6lg\u0259l\u0259rind\u0259 d\u0259 a\u011f\u0131r d\u00f6y\u00fc\u015fl\u0259r ke\u00e7irmi\u015f, \u015f\u0259hidl\u0259r vermi\u015f, a\u011f\u0131r yaralananlar olmu\u015fdu.<\/p>\n\n\n\n<p>Bu yaz\u0131m\u0131zda h\u0259min d\u00f6y\u00fc\u015fl\u0259rin birind\u0259 G\u00f6y\u00e7ayda a\u011f\u0131r yaralanm\u0131\u015f, t\u00fcrkiy\u0259li \u0259sg\u0259rl\u0259rd\u0259n ayr\u0131 d\u00fc\u015fm\u00fc\u015f bir kayserili \u0259sg\u0259rd\u0259n b\u0259hs ed\u0259c\u0259yik. Az\u0259rbaycan Xalq C\u00fcmhuriyy\u0259ti s\u00fcqut etdikd\u0259n sonra da Az\u0259rbaycanda qalm\u0131\u015f h\u0259min t\u00fcrkiy\u0259li \u0259sg\u0259r Z\u0259rdab rayonunda bir xan\u0131mla ail\u0259 qurub v\u0259 burada ya\u015fay\u0131bm\u0131\u015f.<\/p>\n\n\n\n<p>Bu bar\u0259d\u0259 Zerdab.com sayt\u0131na m\u00fcsahib\u0259sind\u0259 h\u0259min \u0259sg\u0259rin n\u0259v\u0259si, T\u00fcrkiy\u0259d\u0259ki qohumlar\u0131n\u0131 axtar\u0131b tapmaq arzusu il\u0259 ya\u015fayan Abid\u0259 Qurbanova m\u0259lumat verib: &#8220;Bak\u0131n\u0131n bol\u015fevik-da\u015fnak q\u00fcvv\u0259l\u0259rinin i\u015f\u011fal\u0131ndan azad edilm\u0259sinin 100 illiyi il\u0259 ba\u011fl\u0131 ke\u00e7iril\u0259n t\u0259dbiri izl\u0259y\u0259nd\u0259 g\u00f6z ya\u015flar\u0131m\u0131 saxlaya bilm\u0259dim, h\u0259m sevindim, h\u0259m d\u0259 Az\u0259rbaycan\u0131 i\u015f\u011faldan azad etm\u0259k \u00fc\u00e7\u00fcn Osmanl\u0131 ordusunun t\u0259rkibind\u0259 bura g\u0259l\u0259n babamdan \u00f6lk\u0259 ictimaiyy\u0259ti x\u0259b\u0259rsiz oldu\u011fu \u00fc\u00e7\u00fcn k\u0259d\u0259rl\u0259ndim.<\/p>\n\n\n<p><a href=\"http:\/\/www.zerdab.com\/?attachment_id=26114\" rel=\"attachment wp-att-26114\"><img loading=\"lazy\" decoding=\"async\" class=\"aligncenter size-large wp-image-26114\" src=\"http:\/\/www.zerdab.com\/wp-content\/uploads\/2018\/09\/nuru-pasa-abide-qurbanova-zerdab-abdulkadir1-429x550.jpeg\" alt=\"\" width=\"429\" height=\"550\" srcset=\"https:\/\/www.zerdab.com\/wp-content\/uploads\/2018\/09\/nuru-pasa-abide-qurbanova-zerdab-abdulkadir1-429x550.jpeg 429w, https:\/\/www.zerdab.com\/wp-content\/uploads\/2018\/09\/nuru-pasa-abide-qurbanova-zerdab-abdulkadir1-400x513.jpeg 400w, https:\/\/www.zerdab.com\/wp-content\/uploads\/2018\/09\/nuru-pasa-abide-qurbanova-zerdab-abdulkadir1-328x420.jpeg 328w, https:\/\/www.zerdab.com\/wp-content\/uploads\/2018\/09\/nuru-pasa-abide-qurbanova-zerdab-abdulkadir1.jpeg 480w\" sizes=\"auto, (max-width: 429px) 100vw, 429px\" \/><\/a><\/p>\n<p><\/p>\n\n\n<p>M\u0259lumat \u00fc\u00e7\u00fcn bildirim ki, 1918-ci ild\u0259 T\u00fcrk Qafqaz \u0130slam Ordusunun t\u0259rkibind\u0259 d\u00f6y\u00fc\u015fm\u0259k \u00fc\u00e7\u00fcn Az\u0259rbaycana g\u0259l\u0259n babam T\u00fcrkiy\u0259nin Kayseri \u015f\u0259h\u0259rinin Develi il\u00e7\u0259sind\u0259ndir (q\u0259s\u0259b\u0259sind\u0259n). Nuru Pa\u015fan\u0131n komandanl\u0131\u011f\u0131 il\u0259 bura g\u0259ldikd\u0259n sonra babam bol\u015fevik-da\u015fnak q\u00fcvv\u0259l\u0259rin\u0259 qar\u015f\u0131 \u0259n a\u011f\u0131r d\u00f6y\u00fc\u015fl\u0259rd\u0259 i\u015ftirak edib. Bir m\u00fcdd\u0259t sonra Ucar-G\u00f6y\u00e7ay istiqam\u0259tind\u0259 ged\u0259n d\u00f6y\u00fc\u015fl\u0259rin birind\u0259 \u00f6l\u00fcmc\u00fcl yaralan\u0131b. Babam n\u0259n\u0259m\u0259 dan\u0131\u015farm\u0131\u015f ki, v\u0259ziyy\u0259ti a\u011f\u0131r oldu\u011fundan onu yerli \u0259hali \u00f6z evind\u0259 m\u00fcalic\u0259 etm\u0259y\u0259 \u00e7al\u0131\u015f\u0131b. A\u011f\u0131r yaraland\u0131\u011f\u0131ndan m\u00fcalic\u0259si bir m\u00fcdd\u0259t davam edib v\u0259 t\u00fcrkiy\u0259li \u0259sg\u0259r yolda\u015flar\u0131ndan ayr\u0131 d\u00fc\u015f\u00fcb. T\u00fcrkiy\u0259li \u0259sg\u0259rl\u0259r \u00f6z \u00f6lk\u0259l\u0259rin\u0259 geri qay\u0131td\u0131qdan sonra babam burada qal\u0131b v\u0259 qa\u00e7aqlara qo\u015fulub.<\/p>\n\n\n\n<p>Az\u0259rbaycan Xalq C\u00fcmhuriyy\u0259ti s\u00fcqut etdikd\u0259n, Az\u0259rbaycan rus-bol\u015fevik qo\u015funlar\u0131 t\u0259r\u0259find\u0259n i\u015f\u011fal edil\u0259nd\u0259n sonra babam qa\u00e7aqlarla birg\u0259 bir \u00e7ox b\u00f6lg\u0259l\u0259rd\u0259 d\u00f6y\u00fc\u015f\u00fcb, onlarla birg\u0259 Qaraba\u011f me\u015f\u0259l\u0259rind\u0259 gizl\u0259nib. Babam\u0131 turub s\u00fcrg\u00fcn etm\u0259k ist\u0259yibl\u0259r. Bir g\u00fcn babam qa\u00e7aqlar\u0131n m\u0259sl\u0259h\u0259ti il\u0259 onlarla birg\u0259 d\u00f6y\u00fc\u015f\u0259n daha bir t\u00fcrk \u0259sg\u0259rl\u0259 K\u00fcr \u00e7ay\u0131n\u0131n Qaraba\u011f sahilind\u0259n \u00fcz\u0259-\u00fcz\u0259 indiki Z\u0259rdab rayonunun N\u0259z\u0259ral\u0131 k\u0259ndin\u0259 ke\u00e7ib. K\u0259nd camaat\u0131 onlar\u0131n t\u00fcrkiy\u0259li \u0259sg\u0259r olduqlar\u0131n\u0131 bil\u0259nd\u0259n sonra evl\u0259rind\u0259 saxlay\u0131blar, gizl\u0259dibl\u0259r. N\u0259z\u0259ral\u0131 k\u0259ndinin camaat\u0131 onlara s\u0131\u011f\u0131nacaq veribl\u0259r, arxa durublar, x\u0259lv\u0259t saxlay\u0131blar ki, yeni h\u00f6kum\u0259t onlar\u0131 tutub s\u00fcrg\u00fcn etm\u0259sin.<\/p>\n\n\n\n<p>Daha sonra onlara b\u0259ra\u0259t verilib. H\u0259m babam, h\u0259m d\u0259 dig\u0259r t\u00fcrkiy\u0259li \u0259sg\u0259r Z\u0259rdabda insanlar\u0131n onlara olan sevgisini, diqq\u0259tini g\u00f6r\u00fcb el\u0259 buradaca qal\u0131blar. Babam Abdulkadiri k\u0259nd camaat\u0131n\u0131n, el-oban\u0131n xeyir-duas\u0131 il\u0259 n\u0259n\u0259m \u015e\u0259k\u0259rl\u0259 evl\u0259ndiribl\u0259r. Sonradan h\u00f6kum\u0259t onlar\u0131 \u0259fv edib. Dig\u0259r t\u00fcrk \u0259sg\u0259ri is\u0259 gedib Z\u0259rdab\u0131n A\u011faba\u011f\u0131 k\u0259ndin\u0259 v\u0259 orada evl\u0259nib, d\u00fcnyas\u0131n\u0131 d\u0259yi\u015f\u0259nd\u0259n sonra orada d\u0259fn olunub. H\u0259min t\u00fcrk \u00f6z q\u0131z\u0131na Q\u0259ribsoltan ad\u0131 qoyub. Onun q\u0131z\u0131 haz\u0131rda Z\u0259rdab\u0131n \u015e\u0131xba\u011f\u0131 k\u0259ndind\u0259 ya\u015fay\u0131r, ya\u015fl\u0131 qad\u0131nd\u0131r. Onlar h\u0259mi\u015f\u0259 m\u0259nim babama, \u0259mil\u0259rim\u0259 qarda\u015f deyirdil\u0259r. Onlar bildirirdil\u0259r ki, bizim atam\u0131z eyni vaxtda Osmanl\u0131 ordusunun t\u0259rkibind\u0259 d\u00f6y\u00fc\u015fm\u0259k \u00fc\u00e7\u00fcn Az\u0259rbaycana g\u0259lib, biz qarda\u015f\u0131q. Atamgil\u0259 h\u0259mi\u015f\u0259 el-obada &#8220;t\u00fcrk o\u011flu&#8221; dey\u0259 m\u00fcraci\u0259t edibl\u0259r. Camaat onlar\u0131n T\u00fcrkiy\u0259d\u0259n g\u0259ldiyini bildiyi \u00fc\u00e7\u00fcn bel\u0259 deyirmi\u015f&#8221;.<\/p>\n\n\n\n<p>Abid\u0259 Qurbanova deyir ki, babas\u0131 sonradan probleml\u0259 \u00fczl\u0259\u015fm\u0259m\u0259k \u00fc\u00e7\u00fcn camaat\u0131n m\u0259sl\u0259h\u0259ti il\u0259 ad\u0131n\u0131 d\u0259yi\u015fib, \u00f6z\u00fcn\u0259 soyad g\u00f6t\u00fcr\u00fcb: &#8220;Babama H\u00fcseyn deyibl\u0259r, s\u0259n\u0259dd\u0259 soyad\u0131 \u00d6m\u0259rov edilib. Kayseri \u015f\u0259h\u0259rinin Develi il\u00e7\u0259sind\u0259 babam\u0131n 3 qarda\u015f\u0131, 2 bac\u0131s\u0131 olub. Qarda\u015flar\u0131 &#8211; \u015e\u00fck\u00fcr, Mahmud, Mustafa, bac\u0131lar\u0131 &#8211; Abide v\u0259 Saniye olub. Babam \u00e7ox cavan &#8211; 1944-c\u00fc ild\u0259 44 ya\u015f\u0131nda d\u00fcnyas\u0131n\u0131 d\u0259yi\u015fib. M\u0259n\u0259 babam\u0131n bac\u0131s\u0131n\u0131n &#8211; Abidenin ad\u0131 qoyulub&#8221;.<\/p>\n\n\n\n<p>A. Qurbanovan\u0131n s\u00f6zl\u0259rin\u0259 g\u00f6r\u0259, \u00f6l\u0259n\u0259d\u0259k babas\u0131 T\u00fcrkiy\u0259y\u0259 ged\u0259 bilm\u0259yib, amma oradak\u0131 qohumlar\u0131 il\u0259 m\u0259ktubla\u015f\u0131rm\u0131\u015f: &#8220;Babam d\u00fcnyas\u0131n\u0131 d\u0259yi\u015f\u0259nd\u0259n sonra Z\u0259rdab\u0131n N\u0259z\u0259ral\u0131 k\u0259ndind\u0259 d\u0259fn olunub. Babam\u0131n yurdunda \u0259mimo\u011flu H\u0259mid ya\u015fay\u0131r. Bizim n\u0259sil Z\u0259rdabda &#8220;t\u00fcrk\u00fcn u\u015faqlar\u0131&#8221; kimi tan\u0131n\u0131r&#8221;.<\/p>\n\n\n\n<p> Abid\u0259 Qurbanovan\u0131n dediyin\u0259 g\u00f6r\u0259, T\u00fcrkiy\u0259d\u0259 ya\u015fayan qohumlar\u0131n\u0131 tapmaq \u00fc\u00e7\u00fcn Develi b\u0259l\u0259diyy\u0259sin\u0259 m\u0259ktubla m\u00fcraci\u0259t edibl\u0259r: &#8220;Bir ne\u00e7\u0259 il \u00f6nc\u0259 biz\u0259 cavab g\u0259ldi ki, qohumlar\u0131n\u0131z\u0131 tapmaq \u00fc\u00e7\u00fcn siz\u0259 k\u00f6m\u0259klik g\u00f6st\u0259r\u0259c\u0259yik, amma he\u00e7 n\u0259 olmad\u0131. T\u00fcrk Qafqaz \u0130slam Ordusu il\u0259 Az\u0259rbaycana g\u0259lib \u015f\u0259hid olanlara b\u00f6y\u00fck diqq\u0259t, qay\u011f\u0131, sevgi var, amma babam\u0131n v\u0259 onun silahda\u015f\u0131n\u0131n ba\u015f\u0131na g\u0259l\u0259nl\u0259r, h\u0259yat yollar\u0131 bar\u0259d\u0259 indiy\u0259d\u0259k \u00f6lk\u0259 m\u0259tbuat\u0131nda yaz\u0131lmay\u0131b, \u00f6lk\u0259 ictimaiyy\u0259ti bel\u0259 bir \u0259sg\u0259rin olmas\u0131ndan x\u0259b\u0259rsizdir. \u018fn b\u00f6y\u00fck arzular\u0131m\u0131zdan biri d\u0259 T\u00fcrkiy\u0259d\u0259ki qohumlar\u0131m\u0131z\u0131n tap\u0131lmas\u0131d\u0131r. Babam\u0131n tan\u0131nmamas\u0131na, onun ad\u0131n\u0131n he\u00e7 bir yerd\u0259 q\u0259hr\u0259man t\u00fcrk \u00f6vlad\u0131 kimi xat\u0131rlanmamas\u0131na, T\u00fcrkiy\u0259d\u0259ki qohumlar\u0131m\u0131z\u0131 tapa bilm\u0259diyimiz\u0259 g\u00f6r\u0259 \u00f6z\u00fcm\u00fc onun ruhu qar\u015f\u0131s\u0131nda g\u00fcnahkar hiss edir\u0259m. \u0130nan\u0131ram ki, bu yaz\u0131dan sonra m\u0259s\u0259l\u0259 ictimail\u0259\u015f\u0259c\u0259k v\u0259 biz arzumuza \u00e7ataca\u011f\u0131q&#8221;. <\/p>\n\n\n\n<p><strong>Nicat \u0130smay\u0131lov<\/strong><\/p>\n","protected":false},"excerpt":{"rendered":"<p>1918-ci ild\u0259 Bak\u0131n\u0131 bol\u015fevik-da\u015fnak q\u00fcvv\u0259l\u0259rinin i\u015f\u011fal\u0131ndan azad etm\u0259k \u00fc\u00e7\u00fcn Nuru Pa\u015fan\u0131n komandanl\u0131\u011f\u0131 il\u0259 Az\u0259rbaycana g\u0259l\u0259n t\u00fcrkiy\u0259li \u0259sg\u0259rl\u0259rin q\u0259hr\u0259manl\u0131qlar\u0131 bar\u0259d\u0259 \u00e7ox yaz\u0131l\u0131b, \u00e7ox deyilib. Lakin haqq\u0131nda s\u00f6hb\u0259t a\u00e7aca\u011f\u0131m\u0131z Abdulkadir adl\u0131 Kayserili \u0259sg\u0259r bar\u0259d\u0259 bu g\u00fcn\u0259d\u0259k \u00f6lk\u0259 m\u0259tbuat\u0131nda he\u00e7 n\u0259 yaz\u0131lmay\u0131b, bel\u0259 dem\u0259k m\u00fcmk\u00fcns\u0259, \u00f6lk\u0259 ictimaiyy\u0259ti ondan x\u0259b\u0259rsizdir&#8230; M\u0259lum oldu\u011fu kimi, T\u00fcrk Qafqaz \u0130slam Ordusu Nuru Pa\u015fan\u0131n [&hellip;]<\/p>\n","protected":false},"author":1,"featured_media":0,"comment_status":"open","ping_status":"open","sticky":false,"template":"","format":"standard","meta":{"footnotes":""},"categories":[21,63],"tags":[],"class_list":{"0":"post-26112","1":"post","2":"type-post","3":"status-publish","4":"format-standard","6":"category-zrdab","7":"category-manset"},"yoast_head":"<!-- This site is optimized with the Yoast SEO plugin v27.0 - https:\/\/yoast.com\/product\/yoast-seo-wordpress\/ -->\n<title>Nuru Pa\u015fan\u0131n yaral\u0131 \u0259sg\u0259ri Z\u0259rdabda qal\u0131bm\u0131\u015f - FOTOLAR - Z\u0259rdab.com<\/title>\n<meta name=\"robots\" content=\"index, follow, max-snippet:-1, max-image-preview:large, max-video-preview:-1\" \/>\n<link rel=\"canonical\" href=\"https:\/\/www.zerdab.com\/?p=26112\" \/>\n<meta property=\"og:locale\" content=\"az_AZ\" \/>\n<meta property=\"og:type\" content=\"article\" \/>\n<meta property=\"og:title\" content=\"Nuru Pa\u015fan\u0131n yaral\u0131 \u0259sg\u0259ri Z\u0259rdabda qal\u0131bm\u0131\u015f - FOTOLAR - Z\u0259rdab.com\" \/>\n<meta property=\"og:description\" content=\"1918-ci ild\u0259 Bak\u0131n\u0131 bol\u015fevik-da\u015fnak q\u00fcvv\u0259l\u0259rinin i\u015f\u011fal\u0131ndan azad etm\u0259k \u00fc\u00e7\u00fcn Nuru Pa\u015fan\u0131n komandanl\u0131\u011f\u0131 il\u0259 Az\u0259rbaycana g\u0259l\u0259n t\u00fcrkiy\u0259li \u0259sg\u0259rl\u0259rin q\u0259hr\u0259manl\u0131qlar\u0131 bar\u0259d\u0259 \u00e7ox yaz\u0131l\u0131b, \u00e7ox deyilib. Lakin haqq\u0131nda s\u00f6hb\u0259t a\u00e7aca\u011f\u0131m\u0131z Abdulkadir adl\u0131 Kayserili \u0259sg\u0259r bar\u0259d\u0259 bu g\u00fcn\u0259d\u0259k \u00f6lk\u0259 m\u0259tbuat\u0131nda he\u00e7 n\u0259 yaz\u0131lmay\u0131b, bel\u0259 dem\u0259k m\u00fcmk\u00fcns\u0259, \u00f6lk\u0259 ictimaiyy\u0259ti ondan x\u0259b\u0259rsizdir&#8230; M\u0259lum oldu\u011fu kimi, T\u00fcrk Qafqaz \u0130slam Ordusu Nuru Pa\u015fan\u0131n [&hellip;]\" \/>\n<meta property=\"og:url\" content=\"https:\/\/www.zerdab.com\/?p=26112\" \/>\n<meta property=\"og:site_name\" content=\"Z\u0259rdab.com\" \/>\n<meta property=\"article:published_time\" content=\"2018-09-18T12:28:34+00:00\" \/>\n<meta property=\"article:modified_time\" content=\"2020-09-15T11:37:53+00:00\" \/>\n<meta property=\"og:image\" content=\"http:\/\/www.zerdab.com\/wp-content\/uploads\/2018\/09\/nuru-pasa-abide-qurbanova-zerdab-abdulkadir1-429x550.jpeg\" \/>\n<meta name=\"author\" content=\"admin\" \/>\n<meta name=\"twitter:card\" content=\"summary_large_image\" \/>\n<meta name=\"twitter:label1\" content=\"Written by\" \/>\n\t<meta name=\"twitter:data1\" content=\"admin\" \/>\n\t<meta name=\"twitter:label2\" content=\"Est. reading time\" \/>\n\t<meta name=\"twitter:data2\" content=\"6 minutes\" \/>\n<script type=\"application\/ld+json\" class=\"yoast-schema-graph\">{\"@context\":\"https:\/\/schema.org\",\"@graph\":[{\"@type\":\"Article\",\"@id\":\"https:\/\/www.zerdab.com\/?p=26112#article\",\"isPartOf\":{\"@id\":\"https:\/\/www.zerdab.com\/?p=26112\"},\"author\":{\"name\":\"admin\",\"@id\":\"https:\/\/www.zerdab.com\/#\/schema\/person\/97079b7570c1e89ec0d9e138c3672136\"},\"headline\":\"Nuru Pa\u015fan\u0131n yaral\u0131 \u0259sg\u0259ri Z\u0259rdabda qal\u0131bm\u0131\u015f &#8211; FOTOLAR\",\"datePublished\":\"2018-09-18T12:28:34+00:00\",\"dateModified\":\"2020-09-15T11:37:53+00:00\",\"mainEntityOfPage\":{\"@id\":\"https:\/\/www.zerdab.com\/?p=26112\"},\"wordCount\":1217,\"commentCount\":0,\"image\":{\"@id\":\"https:\/\/www.zerdab.com\/?p=26112#primaryimage\"},\"thumbnailUrl\":\"http:\/\/www.zerdab.com\/wp-content\/uploads\/2018\/09\/nuru-pasa-abide-qurbanova-zerdab-abdulkadir1-429x550.jpeg\",\"articleSection\":[\"C\u018fM\u0130YY\u018fT\",\"MAN\u015eET\"],\"inLanguage\":\"az\",\"potentialAction\":[{\"@type\":\"CommentAction\",\"name\":\"Comment\",\"target\":[\"https:\/\/www.zerdab.com\/?p=26112#respond\"]}]},{\"@type\":\"WebPage\",\"@id\":\"https:\/\/www.zerdab.com\/?p=26112\",\"url\":\"https:\/\/www.zerdab.com\/?p=26112\",\"name\":\"Nuru Pa\u015fan\u0131n yaral\u0131 \u0259sg\u0259ri Z\u0259rdabda qal\u0131bm\u0131\u015f - FOTOLAR - Z\u0259rdab.com\",\"isPartOf\":{\"@id\":\"https:\/\/www.zerdab.com\/#website\"},\"primaryImageOfPage\":{\"@id\":\"https:\/\/www.zerdab.com\/?p=26112#primaryimage\"},\"image\":{\"@id\":\"https:\/\/www.zerdab.com\/?p=26112#primaryimage\"},\"thumbnailUrl\":\"http:\/\/www.zerdab.com\/wp-content\/uploads\/2018\/09\/nuru-pasa-abide-qurbanova-zerdab-abdulkadir1-429x550.jpeg\",\"datePublished\":\"2018-09-18T12:28:34+00:00\",\"dateModified\":\"2020-09-15T11:37:53+00:00\",\"author\":{\"@id\":\"https:\/\/www.zerdab.com\/#\/schema\/person\/97079b7570c1e89ec0d9e138c3672136\"},\"breadcrumb\":{\"@id\":\"https:\/\/www.zerdab.com\/?p=26112#breadcrumb\"},\"inLanguage\":\"az\",\"potentialAction\":[{\"@type\":\"ReadAction\",\"target\":[\"https:\/\/www.zerdab.com\/?p=26112\"]}]},{\"@type\":\"ImageObject\",\"inLanguage\":\"az\",\"@id\":\"https:\/\/www.zerdab.com\/?p=26112#primaryimage\",\"url\":\"https:\/\/www.zerdab.com\/wp-content\/uploads\/2018\/09\/nuru-pasa-abide-qurbanova-zerdab-abdulkadir1.jpeg\",\"contentUrl\":\"https:\/\/www.zerdab.com\/wp-content\/uploads\/2018\/09\/nuru-pasa-abide-qurbanova-zerdab-abdulkadir1.jpeg\",\"width\":480,\"height\":615},{\"@type\":\"BreadcrumbList\",\"@id\":\"https:\/\/www.zerdab.com\/?p=26112#breadcrumb\",\"itemListElement\":[{\"@type\":\"ListItem\",\"position\":1,\"name\":\"Home\",\"item\":\"https:\/\/www.zerdab.com\/\"},{\"@type\":\"ListItem\",\"position\":2,\"name\":\"Nuru Pa\u015fan\u0131n yaral\u0131 \u0259sg\u0259ri Z\u0259rdabda qal\u0131bm\u0131\u015f &#8211; FOTOLAR\"}]},{\"@type\":\"WebSite\",\"@id\":\"https:\/\/www.zerdab.com\/#website\",\"url\":\"https:\/\/www.zerdab.com\/\",\"name\":\"Z\u0259rdab.com\",\"description\":\"\",\"potentialAction\":[{\"@type\":\"SearchAction\",\"target\":{\"@type\":\"EntryPoint\",\"urlTemplate\":\"https:\/\/www.zerdab.com\/?s={search_term_string}\"},\"query-input\":{\"@type\":\"PropertyValueSpecification\",\"valueRequired\":true,\"valueName\":\"search_term_string\"}}],\"inLanguage\":\"az\"},{\"@type\":\"Person\",\"@id\":\"https:\/\/www.zerdab.com\/#\/schema\/person\/97079b7570c1e89ec0d9e138c3672136\",\"name\":\"admin\",\"image\":{\"@type\":\"ImageObject\",\"inLanguage\":\"az\",\"@id\":\"https:\/\/www.zerdab.com\/#\/schema\/person\/image\/\",\"url\":\"https:\/\/secure.gravatar.com\/avatar\/d9c52a9a27c32119cb6679a077fa3e2779e5f822c451cbf01098004361d466ec?s=96&d=mm&r=g\",\"contentUrl\":\"https:\/\/secure.gravatar.com\/avatar\/d9c52a9a27c32119cb6679a077fa3e2779e5f822c451cbf01098004361d466ec?s=96&d=mm&r=g\",\"caption\":\"admin\"},\"url\":\"https:\/\/www.zerdab.com\/?author=1\"}]}<\/script>\n<!-- \/ Yoast SEO plugin. -->","yoast_head_json":{"title":"Nuru Pa\u015fan\u0131n yaral\u0131 \u0259sg\u0259ri Z\u0259rdabda qal\u0131bm\u0131\u015f - FOTOLAR - Z\u0259rdab.com","robots":{"index":"index","follow":"follow","max-snippet":"max-snippet:-1","max-image-preview":"max-image-preview:large","max-video-preview":"max-video-preview:-1"},"canonical":"https:\/\/www.zerdab.com\/?p=26112","og_locale":"az_AZ","og_type":"article","og_title":"Nuru Pa\u015fan\u0131n yaral\u0131 \u0259sg\u0259ri Z\u0259rdabda qal\u0131bm\u0131\u015f - FOTOLAR - Z\u0259rdab.com","og_description":"1918-ci ild\u0259 Bak\u0131n\u0131 bol\u015fevik-da\u015fnak q\u00fcvv\u0259l\u0259rinin i\u015f\u011fal\u0131ndan azad etm\u0259k \u00fc\u00e7\u00fcn Nuru Pa\u015fan\u0131n komandanl\u0131\u011f\u0131 il\u0259 Az\u0259rbaycana g\u0259l\u0259n t\u00fcrkiy\u0259li \u0259sg\u0259rl\u0259rin q\u0259hr\u0259manl\u0131qlar\u0131 bar\u0259d\u0259 \u00e7ox yaz\u0131l\u0131b, \u00e7ox deyilib. Lakin haqq\u0131nda s\u00f6hb\u0259t a\u00e7aca\u011f\u0131m\u0131z Abdulkadir adl\u0131 Kayserili \u0259sg\u0259r bar\u0259d\u0259 bu g\u00fcn\u0259d\u0259k \u00f6lk\u0259 m\u0259tbuat\u0131nda he\u00e7 n\u0259 yaz\u0131lmay\u0131b, bel\u0259 dem\u0259k m\u00fcmk\u00fcns\u0259, \u00f6lk\u0259 ictimaiyy\u0259ti ondan x\u0259b\u0259rsizdir&#8230; M\u0259lum oldu\u011fu kimi, T\u00fcrk Qafqaz \u0130slam Ordusu Nuru Pa\u015fan\u0131n [&hellip;]","og_url":"https:\/\/www.zerdab.com\/?p=26112","og_site_name":"Z\u0259rdab.com","article_published_time":"2018-09-18T12:28:34+00:00","article_modified_time":"2020-09-15T11:37:53+00:00","og_image":[{"url":"http:\/\/www.zerdab.com\/wp-content\/uploads\/2018\/09\/nuru-pasa-abide-qurbanova-zerdab-abdulkadir1-429x550.jpeg","type":"","width":"","height":""}],"author":"admin","twitter_card":"summary_large_image","twitter_misc":{"Written by":"admin","Est. reading time":"6 minutes"},"schema":{"@context":"https:\/\/schema.org","@graph":[{"@type":"Article","@id":"https:\/\/www.zerdab.com\/?p=26112#article","isPartOf":{"@id":"https:\/\/www.zerdab.com\/?p=26112"},"author":{"name":"admin","@id":"https:\/\/www.zerdab.com\/#\/schema\/person\/97079b7570c1e89ec0d9e138c3672136"},"headline":"Nuru Pa\u015fan\u0131n yaral\u0131 \u0259sg\u0259ri Z\u0259rdabda qal\u0131bm\u0131\u015f &#8211; FOTOLAR","datePublished":"2018-09-18T12:28:34+00:00","dateModified":"2020-09-15T11:37:53+00:00","mainEntityOfPage":{"@id":"https:\/\/www.zerdab.com\/?p=26112"},"wordCount":1217,"commentCount":0,"image":{"@id":"https:\/\/www.zerdab.com\/?p=26112#primaryimage"},"thumbnailUrl":"http:\/\/www.zerdab.com\/wp-content\/uploads\/2018\/09\/nuru-pasa-abide-qurbanova-zerdab-abdulkadir1-429x550.jpeg","articleSection":["C\u018fM\u0130YY\u018fT","MAN\u015eET"],"inLanguage":"az","potentialAction":[{"@type":"CommentAction","name":"Comment","target":["https:\/\/www.zerdab.com\/?p=26112#respond"]}]},{"@type":"WebPage","@id":"https:\/\/www.zerdab.com\/?p=26112","url":"https:\/\/www.zerdab.com\/?p=26112","name":"Nuru Pa\u015fan\u0131n yaral\u0131 \u0259sg\u0259ri Z\u0259rdabda qal\u0131bm\u0131\u015f - FOTOLAR - Z\u0259rdab.com","isPartOf":{"@id":"https:\/\/www.zerdab.com\/#website"},"primaryImageOfPage":{"@id":"https:\/\/www.zerdab.com\/?p=26112#primaryimage"},"image":{"@id":"https:\/\/www.zerdab.com\/?p=26112#primaryimage"},"thumbnailUrl":"http:\/\/www.zerdab.com\/wp-content\/uploads\/2018\/09\/nuru-pasa-abide-qurbanova-zerdab-abdulkadir1-429x550.jpeg","datePublished":"2018-09-18T12:28:34+00:00","dateModified":"2020-09-15T11:37:53+00:00","author":{"@id":"https:\/\/www.zerdab.com\/#\/schema\/person\/97079b7570c1e89ec0d9e138c3672136"},"breadcrumb":{"@id":"https:\/\/www.zerdab.com\/?p=26112#breadcrumb"},"inLanguage":"az","potentialAction":[{"@type":"ReadAction","target":["https:\/\/www.zerdab.com\/?p=26112"]}]},{"@type":"ImageObject","inLanguage":"az","@id":"https:\/\/www.zerdab.com\/?p=26112#primaryimage","url":"https:\/\/www.zerdab.com\/wp-content\/uploads\/2018\/09\/nuru-pasa-abide-qurbanova-zerdab-abdulkadir1.jpeg","contentUrl":"https:\/\/www.zerdab.com\/wp-content\/uploads\/2018\/09\/nuru-pasa-abide-qurbanova-zerdab-abdulkadir1.jpeg","width":480,"height":615},{"@type":"BreadcrumbList","@id":"https:\/\/www.zerdab.com\/?p=26112#breadcrumb","itemListElement":[{"@type":"ListItem","position":1,"name":"Home","item":"https:\/\/www.zerdab.com\/"},{"@type":"ListItem","position":2,"name":"Nuru Pa\u015fan\u0131n yaral\u0131 \u0259sg\u0259ri Z\u0259rdabda qal\u0131bm\u0131\u015f &#8211; FOTOLAR"}]},{"@type":"WebSite","@id":"https:\/\/www.zerdab.com\/#website","url":"https:\/\/www.zerdab.com\/","name":"Z\u0259rdab.com","description":"","potentialAction":[{"@type":"SearchAction","target":{"@type":"EntryPoint","urlTemplate":"https:\/\/www.zerdab.com\/?s={search_term_string}"},"query-input":{"@type":"PropertyValueSpecification","valueRequired":true,"valueName":"search_term_string"}}],"inLanguage":"az"},{"@type":"Person","@id":"https:\/\/www.zerdab.com\/#\/schema\/person\/97079b7570c1e89ec0d9e138c3672136","name":"admin","image":{"@type":"ImageObject","inLanguage":"az","@id":"https:\/\/www.zerdab.com\/#\/schema\/person\/image\/","url":"https:\/\/secure.gravatar.com\/avatar\/d9c52a9a27c32119cb6679a077fa3e2779e5f822c451cbf01098004361d466ec?s=96&d=mm&r=g","contentUrl":"https:\/\/secure.gravatar.com\/avatar\/d9c52a9a27c32119cb6679a077fa3e2779e5f822c451cbf01098004361d466ec?s=96&d=mm&r=g","caption":"admin"},"url":"https:\/\/www.zerdab.com\/?author=1"}]}},"_links":{"self":[{"href":"https:\/\/www.zerdab.com\/index.php?rest_route=\/wp\/v2\/posts\/26112","targetHints":{"allow":["GET"]}}],"collection":[{"href":"https:\/\/www.zerdab.com\/index.php?rest_route=\/wp\/v2\/posts"}],"about":[{"href":"https:\/\/www.zerdab.com\/index.php?rest_route=\/wp\/v2\/types\/post"}],"author":[{"embeddable":true,"href":"https:\/\/www.zerdab.com\/index.php?rest_route=\/wp\/v2\/users\/1"}],"replies":[{"embeddable":true,"href":"https:\/\/www.zerdab.com\/index.php?rest_route=%2Fwp%2Fv2%2Fcomments&post=26112"}],"version-history":[{"count":4,"href":"https:\/\/www.zerdab.com\/index.php?rest_route=\/wp\/v2\/posts\/26112\/revisions"}],"predecessor-version":[{"id":28614,"href":"https:\/\/www.zerdab.com\/index.php?rest_route=\/wp\/v2\/posts\/26112\/revisions\/28614"}],"wp:attachment":[{"href":"https:\/\/www.zerdab.com\/index.php?rest_route=%2Fwp%2Fv2%2Fmedia&parent=26112"}],"wp:term":[{"taxonomy":"category","embeddable":true,"href":"https:\/\/www.zerdab.com\/index.php?rest_route=%2Fwp%2Fv2%2Fcategories&post=26112"},{"taxonomy":"post_tag","embeddable":true,"href":"https:\/\/www.zerdab.com\/index.php?rest_route=%2Fwp%2Fv2%2Ftags&post=26112"}],"curies":[{"name":"wp","href":"https:\/\/api.w.org\/{rel}","templated":true}]}}