{"id":26129,"date":"2018-10-09T09:52:24","date_gmt":"2018-10-09T05:52:24","guid":{"rendered":"http:\/\/www.zerdab.com\/?p=26129"},"modified":"2018-10-09T09:58:41","modified_gmt":"2018-10-09T05:58:41","slug":"h%c9%99myerlimiz-professor-m%c9%99h%c9%99rr%c9%99m-m%c9%99mm%c9%99dovun-60-yasi-tamam-olur","status":"publish","type":"post","link":"https:\/\/www.zerdab.com\/?p=26129","title":{"rendered":"H\u0259myerlimiz, professor M\u0259h\u0259rr\u0259m M\u0259mm\u0259dovun 60 ya\u015f\u0131 tamam olur"},"content":{"rendered":"<p>G\u00f6rk\u0259mli dil\u00e7i alim, tan\u0131nm\u0131\u015f t\u00fcrkoloq, Bak\u0131 D\u00f6vl\u0259t Universitetinin T\u00fcrkologiya kafedras\u0131n\u0131n professoru, filologiya \u00fczr\u0259 elml\u0259r doktoru M\u0259h\u0259rr\u0259m \u018fv\u0259z o\u011flu M\u0259mm\u0259dovun 60 ya\u015f\u0131 tamam olur.<\/p>\n<p>M. M\u0259mm\u0259dov 1958-ci il oktyabr\u0131n 10-da Z\u0259rdab rayonunun \u018flv\u0259nd k\u0259ndind\u0259 anadan olmu\u015fdur. 1975-ci ild\u0259 G\u00f6y\u00e7ay \u015f\u0259h\u0259rind\u0259 6 sayl\u0131 orta m\u0259kt\u0259bi, 1980-ci ild\u0259 is\u0259 Az\u0259rbaycan D\u00f6vl\u0259t Universitetinin Filologiya fak\u00fclt\u0259sini bitirmi\u015fdir. 1980-1986-c\u0131 ill\u0259rd\u0259 \u0130smay\u0131ll\u0131 rayonunun \u0130stisu v\u0259 A\u015fa\u011f\u0131 C\u00fclyan k\u0259ndl\u0259rind\u0259 Az\u0259rbaycan dili v\u0259 \u0259d\u0259biyyat\u0131 m\u00fc\u0259llimi v\u0259zif\u0259sind\u0259 i\u015fl\u0259mi\u015fdir. 1986-1989-cu ill\u0259rd\u0259 \u201cAz\u0259rbaycan dili\u201d ixtisas\u0131 \u00fczr\u0259 Az\u0259rbaycan Milli Elml\u0259r Akademiyas\u0131 N\u0259simi ad\u0131na Dil\u00e7ilik \u0130nstitutunun \u0259yani aspirant\u0131 olmu\u015f, 1989-cu ild\u0259 g\u00f6rk\u0259mli dialektoloq Musa \u0130slamovun r\u0259hb\u0259rliyi alt\u0131nda yazd\u0131\u011f\u0131 \u201cAz\u0259rbaycan dilinin T\u0259briz dialekti\u201d m\u00f6vzusunda namiz\u0259dlik dissertasiyas\u0131 m\u00fcdafi\u0259 etmi\u015fdir. 1989-1997-ci ill\u0259rd\u0259 Az\u0259rbaycan Milli Elml\u0259r Akademiyas\u0131 N\u0259simi ad\u0131na Dil\u00e7ilik \u0130nstitutunun Az\u0259rbaycan dialektologiyas\u0131 \u015f\u00f6b\u0259sind\u0259 elmi i\u015f\u00e7i v\u0259zif\u0259sind\u0259 \u00e7al\u0131\u015fm\u0131\u015f, 1998-ci ild\u0259n Bak\u0131 D\u00f6vl\u0259t Universitetinin T\u00fcrkologiya kafedras\u0131nda ba\u015f m\u00fc\u0259llim kimi f\u0259aliyy\u0259tini davam etdirmi\u015fdir. M.M\u0259mm\u0259dov 2006-c\u0131 ild\u0259 \u201cAz\u0259rbaycan dili \u015fiv\u0259l\u0259rind\u0259 ismin qrammatik kateqoriyalar\u0131\u201d m\u00f6vzusunda elml\u0259r doktorlu\u011fu dissertasiyas\u0131 m\u00fcdafi\u0259 etmi\u015fdir. 2009-cu ild\u0259 dosent, 2012-ci ild\u0259 professor elmi adlar\u0131n\u0131 alm\u0131\u015fd\u0131r. Professor M.M\u0259mm\u0259dov 2007-2015-ci ill\u0259rd\u0259 Az\u0259rbaycan Respublikas\u0131 Prezidenti yan\u0131nda Ali Attestasiya Komissiyas\u0131n\u0131n filologiya b\u00f6lm\u0259sind\u0259 ekspert olmu\u015fdur. 2015-ci ild\u0259n AMEA-n\u0131n N\u0259simi ad\u0131na Dil\u00e7ilik \u0130nstitutu n\u0259zdind\u0259 filologiya \u00fczr\u0259 elml\u0259r doktoru v\u0259 f\u0259ls\u0259f\u0259 doktoru elmi d\u0259r\u0259c\u0259si almaq \u00fc\u00e7\u00fcn t\u0259qdim olunmu\u015f dissertasiyalar\u0131n m\u00fcdafi\u0259sini ke\u00e7ir\u0259n Dissertasiya \u015euras\u0131n\u0131n \u00fczv\u00fcd\u00fcr. O, 2008-ci ild\u0259n BDU-nun Filologiya fak\u00fclt\u0259sinin T\u0259dris Metodiki \u015euras\u0131n\u0131n s\u0259dridir.<br \/>\nM.M\u0259mm\u0259dovun elmi f\u0259aliyy\u0259tinin \u0259sas istiqam\u0259tini Az\u0259rbaycan dili \u015fiv\u0259l\u0259rinin m\u00fcasir v\u0259ziyy\u0259tinin \u00f6yr\u0259nilm\u0259si t\u0259\u015fkil edir. Bu bax\u0131mdan, onun q\u0259l\u0259min\u0259 m\u0259xsus \u201cAz\u0259rbaycan dilinin T\u0259briz dialekti\u201d (2008), \u201cAz\u0259rbaycan dili \u015fiv\u0259l\u0259rind\u0259 ismin qrammatik kateqoriyalar\u0131\u201d (2003) adl\u0131 monoqrafik t\u0259dqiqatlar\u0131 \u00f6z\u00fcn\u00fcn y\u00fcks\u0259k elmi keyfiyy\u0259ti il\u0259 se\u00e7ilir. \u201cAz\u0259rbaycan dilinin T\u0259briz dialekti\u201d \u0259s\u0259ri Az\u0259rbaycan dilinin bu dialektin\u0259 h\u0259sr olunmu\u015f ilk monoqrafik t\u0259dqiqatd\u0131r. Burada t\u0259dqiq olunan \u015fiv\u0259nin fonetik, leksik, morfoloji v\u0259 sintaktik x\u00fcsusiyy\u0259tl\u0259ri bar\u0259d\u0259 m\u00fcf\u0259ss\u0259l m\u0259lumat verilir. Ke\u00e7\u0259n \u0259srin 80-ci ill\u0259rind\u0259 bel\u0259 m\u00f6vzu \u00fcz\u0259rind\u0259 i\u015fl\u0259m\u0259k h\u0259ddind\u0259n art\u0131q \u00e7\u0259tin bir i\u015f idi. T\u0259briz\u0259 gedib material toplamaq imkan\u0131 olmayan t\u0259dqiqat\u00e7\u0131 T\u0259brizd\u0259n \u015eimali Az\u0259rbaycana g\u0259lmi\u015f m\u00fchacirl\u0259rin dan\u0131\u015f\u0131\u011f\u0131, T\u0259briz dialektin\u0259 aid xarici t\u00fcrkoloqlar\u0131n \u00e7ap etdirdiyi dialektoloji materiallar \u0259sas\u0131nda ara\u015fd\u0131rma aparm\u0131\u015f, Az\u0259rbaycan dilinin bu dialektinin xarakterik x\u00fcsusiyy\u0259tl\u0259rini a\u015fkara \u00e7\u0131xara bilmi\u015fdir. \u201cAz\u0259rbaycan dili \u015fiv\u0259l\u0259rind\u0259 ismin qrammatik kateqoriyalar\u0131\u201d \u0259s\u0259ri is\u0259 t\u0259dqiqat metodunun f\u0259rqli olmas\u0131 il\u0259 diqq\u0259ti \u00e7\u0259kir. Bu \u0259s\u0259rd\u0259 t\u0259sviri metod tarixi-m\u00fcqayis\u0259li, b\u0259z\u0259n d\u0259 tipoloji metodlarla birg\u0259 t\u0259tbiq olunur, Az\u0259rbaycan dilinin dialekt materiallar\u0131 Ural-Altay dill\u0259rinin materiallar\u0131 il\u0259 m\u00fcqayis\u0259d\u0259 verilir. Bu, Az\u0259rbaycan dialektologiyas\u0131nda yeni istiqam\u0259tdir v\u0259 M.M\u0259mm\u0259dovun ad\u0131 il\u0259 ba\u011fl\u0131d\u0131r. Bu \u0259s\u0259r, eyni zamanda dil materiallar\u0131n\u0131n t\u0259svir olunmas\u0131 deyil, m\u00fcqayis\u0259 olunaraq \u00fcmumil\u0259\u015fdirilm\u0259sini d\u0259 \u00f6z\u00fcnd\u0259 \u0259ks etdirdiyind\u0259n sonrak\u0131 dialektoloji t\u0259dqiqatlar \u00fc\u00e7\u00fcn d\u0259 x\u00fcsusi \u0259h\u0259miyy\u0259t\u0259 malikdir. Onun \u0259s\u0259rl\u0259rind\u0259 Az\u0259rbaycan dili \u015fiv\u0259l\u0259rind\u0259 m\u00fc\u015fahid\u0259 olunan ikiqat hallanma, m\u0259nsubiyy\u0259t \u015f\u0259kil\u00e7isinin ikiqat i\u015fl\u0259nm\u0259si, q\u0259dim c\u0259mlik v\u0259 hal \u015f\u0259kil\u00e7il\u0259rini \u00f6z\u00fcnd\u0259 hifz ed\u0259n relikt formalar v\u0259 dig\u0259r bir \u00e7ox dil t\u0259zah\u00fcrl\u0259rinin m\u0259n\u015f\u0259yi izah olunmu\u015fdur.<br \/>\nM.M\u0259mm\u0259dov Az\u0259rbaycan dilinin ayr\u0131-ayr\u0131 \u015fiv\u0259l\u0259rinin dialektoloji atlas v\u0259 l\u00fc\u011f\u0259tl\u0259rinin haz\u0131rlanmas\u0131nda da yax\u0131ndan i\u015ftirak edir. Onun h\u0259mm\u00fc\u0259llif oldu\u011fu \u201cAz\u0259rbaycan dilinin Nax\u00e7\u0131van dialektoloji atlas\u0131\u201d (2015), \u201cAz\u0259rbaycan dilinin Nax\u00e7\u0131van dialektoloji l\u00fc\u011f\u0259ti\u201d (2017) Az\u0259rbaycan dil\u00e7iliyin m\u00fcasir s\u0259viyy\u0259sini \u0259ks etdirir.<br \/>\nAz\u0259rbaycan dialektologiyas\u0131na h\u0259sr etdiyi \u0259s\u0259rl\u0259r i\u00e7\u0259risind\u0259 \u201cG\u0259nc\u0259d\u0259 ya\u015fayan t\u0259brizlil\u0259rin b\u0259zi dil x\u00fcsusiyy\u0259tl\u0259ri\u201d (1989), \u201cAz\u0259rbaycan dili \u015fiv\u0259l\u0259rind\u0259 ikiqat m\u0259nsubiyy\u0259t \u015f\u0259kil\u00e7isinin i\u015fl\u0259nm\u0259si\u201d (1998), \u201cQaraba\u011f dialekti m\u0259nb\u0259l\u0259rd\u0259\u201d (2003), \u201cZ\u0259rdab \u015fiv\u0259sinin morfoloji x\u00fcsusiyy\u0259tl\u0259ri\u201d (2011), \u201cG\u00fcney Az\u0259rbaycan \u015fiv\u0259l\u0259rinin t\u0259dqiqi, t\u0259snifi v\u0259 \u0259sas x\u00fcsusiyy\u0259tl\u0259ri\u201d (2014), \u201cAz\u0259rbaycan dialektologiyas\u0131n\u0131n inki\u015faf m\u0259rh\u0259l\u0259l\u0259ri\u201d (2015), \u201cAz\u0259rbaycan dialektologiyas\u0131: son nailiyy\u0259tl\u0259r v\u0259 probleml\u0259r\u201d (2015), \u201cZaqatala-\u015e\u0259ki b\u00f6lg\u0259si \u015fiv\u0259l\u0259rind\u0259 q\u0259rb elementl\u0259ri (fonetik x\u00fcsusiyy\u0259tl\u0259r)\u201d (2016), \u201cC\u0259nubi Az\u0259rbaycan \u015fiv\u0259l\u0259rind\u0259 feilin zaman formalar\u0131\u201d (2017) m\u0259qal\u0259l\u0259ri y\u00fcks\u0259k elmi keyfiyy\u0259tin\u0259 g\u00f6r\u0259 x\u00fcsusi se\u00e7ilir.<br \/>\nM.M\u0259mm\u0259dovun \u0259s\u0259rl\u0259rinin m\u00fc\u0259yy\u0259n qismi Az\u0259rbaycan dili tarixinin bir s\u0131ra m\u00fcbahis\u0259li m\u0259s\u0259l\u0259l\u0259rin\u0259 h\u0259sr olunmu\u015fdur. Onun \u201cG\u0259nc\u0259 &#8211; Yelizavetapol \u2013 Kirovabad \u2013 G\u0259nc\u0259\u201d (1998), \u201cKitabi-D\u0259d\u0259 Qorqud\u201d abid\u0259sind\u0259 m\u0259nsubiyy\u0259t anlay\u0131\u015f\u0131n\u0131n ifad\u0259si\u201d (1999), \u201cKitabi-D\u0259d\u0259 Qorqud\u201d v\u0259 Az\u0259rbaycan \u015fiv\u0259l\u0259ri (ismin qrammatik kateqoriyalar\u0131 n\u00fcmun\u0259sind\u0259)\u201d (2000), \u201cEtnoqrafik yadda\u015f\u0131m\u0131z\u0131 ya\u015fadan s\u00f6zl\u0259r\u201d (2005), \u201cM.Ka\u015f\u011farinin \u201cDivan\u00fc l\u00fc\u011fat-it-t\u00fcrk\u201d \u0259s\u0259ri v\u0259 \u201cAz\u0259rbaycan dili\u201d (2009), \u201c\u018fkin\u00e7i\u201d q\u0259zetind\u0259 dil m\u0259s\u0259l\u0259l\u0259ri\u201d (2013), \u201cY.Seyidov v\u0259 dil tarixi m\u0259s\u0259l\u0259l\u0259ri\u201d (2017) adl\u0131 \u0259s\u0259rl\u0259ri buna n\u00fcmun\u0259 ola bil\u0259r.<br \/>\nBir s\u0131ra \u0259s\u0259rl\u0259ri m\u00fcasir t\u00fcrk dill\u0259rin\u0259, h\u0259m\u00e7inin Ural-Altay dill\u0259rinin t\u00fcrk dill\u0259ri il\u0259 qohumlu\u011fu problemin\u0259 h\u0259sr olunmu\u015fdur. Qeyd olunmal\u0131d\u0131r ki, M.M\u0259mm\u0259dov az t\u0259dqiq olunmu\u015f t\u00fcrk dill\u0259rini \u00f6yr\u0259nir, bu dill\u0259rin t\u00fcrk dill\u0259ri i\u00e7\u0259risind\u0259 tutdu\u011fu yeri m\u00fc\u0259yy\u0259nl\u0259\u015fdirir. Onun Kr\u0131m-tatar v\u0259 urum dill\u0259rin\u0259 h\u0259sr etdiyi \u0259s\u0259rl\u0259ri m\u0259hz bu bax\u0131mdan \u00f6z aktuall\u0131\u011f\u0131 il\u0259 se\u00e7ilir: \u201cKr\u0131m-tatar dilind\u0259 o\u011fuz x\u00fcsusiyy\u0259tl\u0259ri\u201d (2010), \u201cAz\u0259rbaycan v\u0259 Kr\u0131m-tatar dill\u0259rinin ortaq x\u00fcsusiyy\u0259tl\u0259ri\u201d (2013), \u201cUrum dilinin m\u0259n\u015f\u0259yi, m\u00f6vqeyi v\u0259 \u0259sas x\u00fcsusiyy\u0259tl\u0259ri\u201d (2017). M\u00fcasir t\u00fcrkoloji dil\u00e7iliyin aktual probleml\u0259ri (ortaq t\u00fcrk \u0259d\u0259bi dili, t\u00fcrk \u0259lifbalar\u0131n\u0131n unifikasiyas\u0131, t\u00fcrk dill\u0259rinin m\u00fcqayis\u0259li \u00f6yr\u0259nilm\u0259sinin x\u00fcsusiyy\u0259tl\u0259ri v\u0259 s.), Altay dill\u0259ri f\u0259rziyy\u0259sinin tarixi v\u0259 perspektivl\u0259ri kimi m\u0259s\u0259l\u0259l\u0259r d\u0259 onun diqq\u0259t m\u0259rk\u0259zind\u0259 olmu\u015fdur: \u201cT\u00fcrk dil\u00e7iliyinin m\u00fcasir probleml\u0259ri\u201d (2004), \u201cUral-Altay dill\u0259rind\u0259 velyar n s\u0259si\u201d (2006), \u201cI T\u00fcrkoloji qurultayda Altay dill\u0259ri m\u0259s\u0259l\u0259si\u201d (2009), \u201cEvenk dilinin \u0259sas x\u00fcsusiyy\u0259tl\u0259ri\u201d (2010) v\u0259 s.<br \/>\nM.M\u0259mm\u0259dov 20 ild\u0259n art\u0131q bir m\u00fcdd\u0259td\u0259 s\u0259m\u0259r\u0259li pedaqoji f\u0259aliyy\u0259tl\u0259 m\u0259\u015f\u011fuldur, Az\u0259rbaycan dialektologiyas\u0131, C\u0259nubi Az\u0259rbaycan dialektl\u0259ri, T\u00fcrkologiyaya giri\u015f, Q\u0259dim t\u00fcrk dili, Altay\u015f\u00fcnasl\u0131\u011f\u0131n \u0259saslar\u0131 f\u0259nl\u0259rind\u0259n d\u0259rs deyir. Onun haz\u0131rlad\u0131\u011f\u0131 \u201cAz\u0259rbaycan dilinin T\u0259briz dialekti\u201d (2008), \u201cAz\u0259rbaycan dili \u015fiv\u0259l\u0259rind\u0259 ismin m\u0259nsubiyy\u0259t kateqoriyas\u0131\u201d (2000) d\u0259rs v\u0259saitl\u0259ri, \u201cAz\u0259rbaycan dialektologiyas\u0131na dair m\u00fchazir\u0259l\u0259r\u201d (2011) adl\u0131 metodik v\u0259sait, \u201cAz\u0259rbaycan dili \u015fiv\u0259l\u0259rind\u0259 ismin qrammatik kateqoriyalar\u0131\u201d (2002), \u201cT\u00fcrkologiyaya giri\u015f (qiyabi\u00e7i t\u0259l\u0259b\u0259l\u0259r \u00fc\u00e7\u00fcn)\u201d metodik g\u00f6st\u0259ri\u015fl\u0259ri, \u201cM\u0259tn\u015f\u00fcnasl\u0131q f\u0259nninin proqram\u0131\u201d (2003), \u201cLinqvistik m\u0259tn\u015f\u00fcnasl\u0131q f\u0259nninin proqram\u0131\u201d (2008), \u201cT\u00fcrk dil\u00e7iliyinin \u0259saslar\u0131 f\u0259nninin proqram\u0131\u201d (2016), \u201cC\u0259nubi Az\u0259rbaycan dialektl\u0259ri f\u0259nninin proqram\u0131\u201d (2016), \u201cAltay\u015f\u00fcnasl\u0131\u011f\u0131n \u0259saslar\u0131 f\u0259nninin proqram\u0131\u201d (2016) h\u0259m metodik, h\u0259m d\u0259 elmi bax\u0131mdan b\u00f6y\u00fck \u0259h\u0259miyy\u0259t k\u0259sb edir.<br \/>\nM.M\u0259mm\u0259dovun dialektologiya v\u0259 t\u00fcrkologiyan\u0131n m\u00fcxt\u0259lif probleml\u0259rin\u0259 h\u0259sr olunmu\u015f d\u0259rin n\u0259z\u0259ri \u0259sasa malik \u0259s\u0259rl\u0259ri onu respublikam\u0131z\u0131n h\u00fcdudlar\u0131ndan k\u0259narda da tan\u0131tm\u0131\u015f, ona n\u00fcfuz qazand\u0131rm\u0131\u015fd\u0131r. Onun \u0259s\u0259rl\u0259ri Ufa, Simferopol, Ankara, Qars,Tehran \u015f\u0259h\u0259rl\u0259rind\u0259 \u00e7ap olunmu\u015fdur.<br \/>\nM.M\u0259mm\u0259dov ixtisasl\u0131 elmi kadrlar\u0131n haz\u0131rlanmas\u0131nda da yax\u0131ndan i\u015ftirak edir. Onun r\u0259hb\u0259rliyi alt\u0131nda iki f\u0259ls\u0259f\u0259 doktoru dissertasiyas\u0131 m\u00fcdafi\u0259 olunmu\u015fdur. 7 dissertasiya i\u015finin m\u00fcdafi\u0259sind\u0259 o, r\u0259smi opponent kimi \u00e7\u0131x\u0131\u015f etmi\u015fdir.<br \/>\nG\u00f6rk\u0259mli alim v\u0259 pedaqoq M\u0259h\u0259rr\u0259m M\u0259mm\u0259dovu anadan olmas\u0131n\u0131n 60 illiyi m\u00fcnasib\u0259ti il\u0259 \u00fcr\u0259kd\u0259n t\u0259brik edir, ona m\u00f6hk\u0259m cansa\u011fl\u0131\u011f\u0131 v\u0259 yarad\u0131c\u0131l\u0131q u\u011furlar\u0131 arzulay\u0131r\u0131q.<\/p>\n<p><b>Elbrus \u018fzizov<\/b><br \/>\nFilologiya \u00fczr\u0259 elml\u0259r doktoru, professor<\/p>\n<p><b>M\u0259mm\u0259d\u0259li Q\u0131p\u00e7aq<\/b><br \/>\nFilologiya \u00fczr\u0259 elml\u0259r doktoru, professor<\/p>\n","protected":false},"excerpt":{"rendered":"<p>G\u00f6rk\u0259mli dil\u00e7i alim, tan\u0131nm\u0131\u015f t\u00fcrkoloq, Bak\u0131 D\u00f6vl\u0259t Universitetinin T\u00fcrkologiya kafedras\u0131n\u0131n professoru, filologiya \u00fczr\u0259 elml\u0259r doktoru M\u0259h\u0259rr\u0259m \u018fv\u0259z o\u011flu M\u0259mm\u0259dovun 60 ya\u015f\u0131 tamam olur. M. M\u0259mm\u0259dov 1958-ci il oktyabr\u0131n 10-da Z\u0259rdab rayonunun \u018flv\u0259nd k\u0259ndind\u0259 anadan olmu\u015fdur. 1975-ci ild\u0259 G\u00f6y\u00e7ay \u015f\u0259h\u0259rind\u0259 6 sayl\u0131 orta m\u0259kt\u0259bi, 1980-ci ild\u0259 is\u0259 Az\u0259rbaycan D\u00f6vl\u0259t Universitetinin Filologiya fak\u00fclt\u0259sini bitirmi\u015fdir. 1980-1986-c\u0131 ill\u0259rd\u0259 \u0130smay\u0131ll\u0131 [&hellip;]<\/p>\n","protected":false},"author":1,"featured_media":26132,"comment_status":"open","ping_status":"open","sticky":false,"template":"","format":"standard","meta":{"footnotes":""},"categories":[7,63],"tags":[],"class_list":{"0":"post-26129","1":"post","2":"type-post","3":"status-publish","4":"format-standard","5":"has-post-thumbnail","7":"category-ziyalilar","8":"category-manset"},"yoast_head":"<!-- This site is optimized with the Yoast SEO plugin v27.0 - https:\/\/yoast.com\/product\/yoast-seo-wordpress\/ -->\n<title>H\u0259myerlimiz, professor M\u0259h\u0259rr\u0259m M\u0259mm\u0259dovun 60 ya\u015f\u0131 tamam olur - Z\u0259rdab.com<\/title>\n<meta name=\"robots\" content=\"index, follow, max-snippet:-1, max-image-preview:large, max-video-preview:-1\" \/>\n<link rel=\"canonical\" href=\"https:\/\/www.zerdab.com\/?p=26129\" \/>\n<meta property=\"og:locale\" content=\"az_AZ\" \/>\n<meta property=\"og:type\" content=\"article\" \/>\n<meta property=\"og:title\" content=\"H\u0259myerlimiz, professor M\u0259h\u0259rr\u0259m M\u0259mm\u0259dovun 60 ya\u015f\u0131 tamam olur - Z\u0259rdab.com\" \/>\n<meta property=\"og:description\" content=\"G\u00f6rk\u0259mli dil\u00e7i alim, tan\u0131nm\u0131\u015f t\u00fcrkoloq, Bak\u0131 D\u00f6vl\u0259t Universitetinin T\u00fcrkologiya kafedras\u0131n\u0131n professoru, filologiya \u00fczr\u0259 elml\u0259r doktoru M\u0259h\u0259rr\u0259m \u018fv\u0259z o\u011flu M\u0259mm\u0259dovun 60 ya\u015f\u0131 tamam olur. M. M\u0259mm\u0259dov 1958-ci il oktyabr\u0131n 10-da Z\u0259rdab rayonunun \u018flv\u0259nd k\u0259ndind\u0259 anadan olmu\u015fdur. 1975-ci ild\u0259 G\u00f6y\u00e7ay \u015f\u0259h\u0259rind\u0259 6 sayl\u0131 orta m\u0259kt\u0259bi, 1980-ci ild\u0259 is\u0259 Az\u0259rbaycan D\u00f6vl\u0259t Universitetinin Filologiya fak\u00fclt\u0259sini bitirmi\u015fdir. 1980-1986-c\u0131 ill\u0259rd\u0259 \u0130smay\u0131ll\u0131 [&hellip;]\" \/>\n<meta property=\"og:url\" content=\"https:\/\/www.zerdab.com\/?p=26129\" \/>\n<meta property=\"og:site_name\" content=\"Z\u0259rdab.com\" \/>\n<meta property=\"article:published_time\" content=\"2018-10-09T05:52:24+00:00\" \/>\n<meta property=\"article:modified_time\" content=\"2018-10-09T05:58:41+00:00\" \/>\n<meta property=\"og:image\" content=\"https:\/\/www.zerdab.com\/wp-content\/uploads\/2018\/10\/meherrem-memmedov-zerdab-Elvend-BDU.jpg\" \/>\n\t<meta property=\"og:image:width\" content=\"1114\" \/>\n\t<meta property=\"og:image:height\" content=\"796\" \/>\n\t<meta property=\"og:image:type\" content=\"image\/jpeg\" \/>\n<meta name=\"author\" content=\"admin\" \/>\n<meta name=\"twitter:card\" content=\"summary_large_image\" \/>\n<meta name=\"twitter:label1\" content=\"Written by\" \/>\n\t<meta name=\"twitter:data1\" content=\"admin\" \/>\n\t<meta name=\"twitter:label2\" content=\"Est. reading time\" \/>\n\t<meta name=\"twitter:data2\" content=\"8 minutes\" \/>\n<script type=\"application\/ld+json\" class=\"yoast-schema-graph\">{\"@context\":\"https:\/\/schema.org\",\"@graph\":[{\"@type\":\"Article\",\"@id\":\"https:\/\/www.zerdab.com\/?p=26129#article\",\"isPartOf\":{\"@id\":\"https:\/\/www.zerdab.com\/?p=26129\"},\"author\":{\"name\":\"admin\",\"@id\":\"https:\/\/www.zerdab.com\/#\/schema\/person\/97079b7570c1e89ec0d9e138c3672136\"},\"headline\":\"H\u0259myerlimiz, professor M\u0259h\u0259rr\u0259m M\u0259mm\u0259dovun 60 ya\u015f\u0131 tamam olur\",\"datePublished\":\"2018-10-09T05:52:24+00:00\",\"dateModified\":\"2018-10-09T05:58:41+00:00\",\"mainEntityOfPage\":{\"@id\":\"https:\/\/www.zerdab.com\/?p=26129\"},\"wordCount\":1606,\"commentCount\":0,\"image\":{\"@id\":\"https:\/\/www.zerdab.com\/?p=26129#primaryimage\"},\"thumbnailUrl\":\"https:\/\/www.zerdab.com\/wp-content\/uploads\/2018\/10\/meherrem-memmedov-zerdab-Elvend-BDU.jpg\",\"articleSection\":[\"F\u018fXRL\u018fR\u0130M\u0130Z\",\"MAN\u015eET\"],\"inLanguage\":\"az\",\"potentialAction\":[{\"@type\":\"CommentAction\",\"name\":\"Comment\",\"target\":[\"https:\/\/www.zerdab.com\/?p=26129#respond\"]}]},{\"@type\":\"WebPage\",\"@id\":\"https:\/\/www.zerdab.com\/?p=26129\",\"url\":\"https:\/\/www.zerdab.com\/?p=26129\",\"name\":\"H\u0259myerlimiz, professor M\u0259h\u0259rr\u0259m M\u0259mm\u0259dovun 60 ya\u015f\u0131 tamam olur - Z\u0259rdab.com\",\"isPartOf\":{\"@id\":\"https:\/\/www.zerdab.com\/#website\"},\"primaryImageOfPage\":{\"@id\":\"https:\/\/www.zerdab.com\/?p=26129#primaryimage\"},\"image\":{\"@id\":\"https:\/\/www.zerdab.com\/?p=26129#primaryimage\"},\"thumbnailUrl\":\"https:\/\/www.zerdab.com\/wp-content\/uploads\/2018\/10\/meherrem-memmedov-zerdab-Elvend-BDU.jpg\",\"datePublished\":\"2018-10-09T05:52:24+00:00\",\"dateModified\":\"2018-10-09T05:58:41+00:00\",\"author\":{\"@id\":\"https:\/\/www.zerdab.com\/#\/schema\/person\/97079b7570c1e89ec0d9e138c3672136\"},\"breadcrumb\":{\"@id\":\"https:\/\/www.zerdab.com\/?p=26129#breadcrumb\"},\"inLanguage\":\"az\",\"potentialAction\":[{\"@type\":\"ReadAction\",\"target\":[\"https:\/\/www.zerdab.com\/?p=26129\"]}]},{\"@type\":\"ImageObject\",\"inLanguage\":\"az\",\"@id\":\"https:\/\/www.zerdab.com\/?p=26129#primaryimage\",\"url\":\"https:\/\/www.zerdab.com\/wp-content\/uploads\/2018\/10\/meherrem-memmedov-zerdab-Elvend-BDU.jpg\",\"contentUrl\":\"https:\/\/www.zerdab.com\/wp-content\/uploads\/2018\/10\/meherrem-memmedov-zerdab-Elvend-BDU.jpg\",\"width\":1114,\"height\":796,\"caption\":\"meherrem-memmedov-zerdab-Elvend-BDU\"},{\"@type\":\"BreadcrumbList\",\"@id\":\"https:\/\/www.zerdab.com\/?p=26129#breadcrumb\",\"itemListElement\":[{\"@type\":\"ListItem\",\"position\":1,\"name\":\"Home\",\"item\":\"https:\/\/www.zerdab.com\/\"},{\"@type\":\"ListItem\",\"position\":2,\"name\":\"H\u0259myerlimiz, professor M\u0259h\u0259rr\u0259m M\u0259mm\u0259dovun 60 ya\u015f\u0131 tamam olur\"}]},{\"@type\":\"WebSite\",\"@id\":\"https:\/\/www.zerdab.com\/#website\",\"url\":\"https:\/\/www.zerdab.com\/\",\"name\":\"Z\u0259rdab.com\",\"description\":\"\",\"potentialAction\":[{\"@type\":\"SearchAction\",\"target\":{\"@type\":\"EntryPoint\",\"urlTemplate\":\"https:\/\/www.zerdab.com\/?s={search_term_string}\"},\"query-input\":{\"@type\":\"PropertyValueSpecification\",\"valueRequired\":true,\"valueName\":\"search_term_string\"}}],\"inLanguage\":\"az\"},{\"@type\":\"Person\",\"@id\":\"https:\/\/www.zerdab.com\/#\/schema\/person\/97079b7570c1e89ec0d9e138c3672136\",\"name\":\"admin\",\"image\":{\"@type\":\"ImageObject\",\"inLanguage\":\"az\",\"@id\":\"https:\/\/www.zerdab.com\/#\/schema\/person\/image\/\",\"url\":\"https:\/\/secure.gravatar.com\/avatar\/d9c52a9a27c32119cb6679a077fa3e2779e5f822c451cbf01098004361d466ec?s=96&d=mm&r=g\",\"contentUrl\":\"https:\/\/secure.gravatar.com\/avatar\/d9c52a9a27c32119cb6679a077fa3e2779e5f822c451cbf01098004361d466ec?s=96&d=mm&r=g\",\"caption\":\"admin\"},\"url\":\"https:\/\/www.zerdab.com\/?author=1\"}]}<\/script>\n<!-- \/ Yoast SEO plugin. -->","yoast_head_json":{"title":"H\u0259myerlimiz, professor M\u0259h\u0259rr\u0259m M\u0259mm\u0259dovun 60 ya\u015f\u0131 tamam olur - Z\u0259rdab.com","robots":{"index":"index","follow":"follow","max-snippet":"max-snippet:-1","max-image-preview":"max-image-preview:large","max-video-preview":"max-video-preview:-1"},"canonical":"https:\/\/www.zerdab.com\/?p=26129","og_locale":"az_AZ","og_type":"article","og_title":"H\u0259myerlimiz, professor M\u0259h\u0259rr\u0259m M\u0259mm\u0259dovun 60 ya\u015f\u0131 tamam olur - Z\u0259rdab.com","og_description":"G\u00f6rk\u0259mli dil\u00e7i alim, tan\u0131nm\u0131\u015f t\u00fcrkoloq, Bak\u0131 D\u00f6vl\u0259t Universitetinin T\u00fcrkologiya kafedras\u0131n\u0131n professoru, filologiya \u00fczr\u0259 elml\u0259r doktoru M\u0259h\u0259rr\u0259m \u018fv\u0259z o\u011flu M\u0259mm\u0259dovun 60 ya\u015f\u0131 tamam olur. M. M\u0259mm\u0259dov 1958-ci il oktyabr\u0131n 10-da Z\u0259rdab rayonunun \u018flv\u0259nd k\u0259ndind\u0259 anadan olmu\u015fdur. 1975-ci ild\u0259 G\u00f6y\u00e7ay \u015f\u0259h\u0259rind\u0259 6 sayl\u0131 orta m\u0259kt\u0259bi, 1980-ci ild\u0259 is\u0259 Az\u0259rbaycan D\u00f6vl\u0259t Universitetinin Filologiya fak\u00fclt\u0259sini bitirmi\u015fdir. 1980-1986-c\u0131 ill\u0259rd\u0259 \u0130smay\u0131ll\u0131 [&hellip;]","og_url":"https:\/\/www.zerdab.com\/?p=26129","og_site_name":"Z\u0259rdab.com","article_published_time":"2018-10-09T05:52:24+00:00","article_modified_time":"2018-10-09T05:58:41+00:00","og_image":[{"width":1114,"height":796,"url":"https:\/\/www.zerdab.com\/wp-content\/uploads\/2018\/10\/meherrem-memmedov-zerdab-Elvend-BDU.jpg","type":"image\/jpeg"}],"author":"admin","twitter_card":"summary_large_image","twitter_misc":{"Written by":"admin","Est. reading time":"8 minutes"},"schema":{"@context":"https:\/\/schema.org","@graph":[{"@type":"Article","@id":"https:\/\/www.zerdab.com\/?p=26129#article","isPartOf":{"@id":"https:\/\/www.zerdab.com\/?p=26129"},"author":{"name":"admin","@id":"https:\/\/www.zerdab.com\/#\/schema\/person\/97079b7570c1e89ec0d9e138c3672136"},"headline":"H\u0259myerlimiz, professor M\u0259h\u0259rr\u0259m M\u0259mm\u0259dovun 60 ya\u015f\u0131 tamam olur","datePublished":"2018-10-09T05:52:24+00:00","dateModified":"2018-10-09T05:58:41+00:00","mainEntityOfPage":{"@id":"https:\/\/www.zerdab.com\/?p=26129"},"wordCount":1606,"commentCount":0,"image":{"@id":"https:\/\/www.zerdab.com\/?p=26129#primaryimage"},"thumbnailUrl":"https:\/\/www.zerdab.com\/wp-content\/uploads\/2018\/10\/meherrem-memmedov-zerdab-Elvend-BDU.jpg","articleSection":["F\u018fXRL\u018fR\u0130M\u0130Z","MAN\u015eET"],"inLanguage":"az","potentialAction":[{"@type":"CommentAction","name":"Comment","target":["https:\/\/www.zerdab.com\/?p=26129#respond"]}]},{"@type":"WebPage","@id":"https:\/\/www.zerdab.com\/?p=26129","url":"https:\/\/www.zerdab.com\/?p=26129","name":"H\u0259myerlimiz, professor M\u0259h\u0259rr\u0259m M\u0259mm\u0259dovun 60 ya\u015f\u0131 tamam olur - Z\u0259rdab.com","isPartOf":{"@id":"https:\/\/www.zerdab.com\/#website"},"primaryImageOfPage":{"@id":"https:\/\/www.zerdab.com\/?p=26129#primaryimage"},"image":{"@id":"https:\/\/www.zerdab.com\/?p=26129#primaryimage"},"thumbnailUrl":"https:\/\/www.zerdab.com\/wp-content\/uploads\/2018\/10\/meherrem-memmedov-zerdab-Elvend-BDU.jpg","datePublished":"2018-10-09T05:52:24+00:00","dateModified":"2018-10-09T05:58:41+00:00","author":{"@id":"https:\/\/www.zerdab.com\/#\/schema\/person\/97079b7570c1e89ec0d9e138c3672136"},"breadcrumb":{"@id":"https:\/\/www.zerdab.com\/?p=26129#breadcrumb"},"inLanguage":"az","potentialAction":[{"@type":"ReadAction","target":["https:\/\/www.zerdab.com\/?p=26129"]}]},{"@type":"ImageObject","inLanguage":"az","@id":"https:\/\/www.zerdab.com\/?p=26129#primaryimage","url":"https:\/\/www.zerdab.com\/wp-content\/uploads\/2018\/10\/meherrem-memmedov-zerdab-Elvend-BDU.jpg","contentUrl":"https:\/\/www.zerdab.com\/wp-content\/uploads\/2018\/10\/meherrem-memmedov-zerdab-Elvend-BDU.jpg","width":1114,"height":796,"caption":"meherrem-memmedov-zerdab-Elvend-BDU"},{"@type":"BreadcrumbList","@id":"https:\/\/www.zerdab.com\/?p=26129#breadcrumb","itemListElement":[{"@type":"ListItem","position":1,"name":"Home","item":"https:\/\/www.zerdab.com\/"},{"@type":"ListItem","position":2,"name":"H\u0259myerlimiz, professor M\u0259h\u0259rr\u0259m M\u0259mm\u0259dovun 60 ya\u015f\u0131 tamam olur"}]},{"@type":"WebSite","@id":"https:\/\/www.zerdab.com\/#website","url":"https:\/\/www.zerdab.com\/","name":"Z\u0259rdab.com","description":"","potentialAction":[{"@type":"SearchAction","target":{"@type":"EntryPoint","urlTemplate":"https:\/\/www.zerdab.com\/?s={search_term_string}"},"query-input":{"@type":"PropertyValueSpecification","valueRequired":true,"valueName":"search_term_string"}}],"inLanguage":"az"},{"@type":"Person","@id":"https:\/\/www.zerdab.com\/#\/schema\/person\/97079b7570c1e89ec0d9e138c3672136","name":"admin","image":{"@type":"ImageObject","inLanguage":"az","@id":"https:\/\/www.zerdab.com\/#\/schema\/person\/image\/","url":"https:\/\/secure.gravatar.com\/avatar\/d9c52a9a27c32119cb6679a077fa3e2779e5f822c451cbf01098004361d466ec?s=96&d=mm&r=g","contentUrl":"https:\/\/secure.gravatar.com\/avatar\/d9c52a9a27c32119cb6679a077fa3e2779e5f822c451cbf01098004361d466ec?s=96&d=mm&r=g","caption":"admin"},"url":"https:\/\/www.zerdab.com\/?author=1"}]}},"_links":{"self":[{"href":"https:\/\/www.zerdab.com\/index.php?rest_route=\/wp\/v2\/posts\/26129","targetHints":{"allow":["GET"]}}],"collection":[{"href":"https:\/\/www.zerdab.com\/index.php?rest_route=\/wp\/v2\/posts"}],"about":[{"href":"https:\/\/www.zerdab.com\/index.php?rest_route=\/wp\/v2\/types\/post"}],"author":[{"embeddable":true,"href":"https:\/\/www.zerdab.com\/index.php?rest_route=\/wp\/v2\/users\/1"}],"replies":[{"embeddable":true,"href":"https:\/\/www.zerdab.com\/index.php?rest_route=%2Fwp%2Fv2%2Fcomments&post=26129"}],"version-history":[{"count":1,"href":"https:\/\/www.zerdab.com\/index.php?rest_route=\/wp\/v2\/posts\/26129\/revisions"}],"predecessor-version":[{"id":26131,"href":"https:\/\/www.zerdab.com\/index.php?rest_route=\/wp\/v2\/posts\/26129\/revisions\/26131"}],"wp:featuredmedia":[{"embeddable":true,"href":"https:\/\/www.zerdab.com\/index.php?rest_route=\/wp\/v2\/media\/26132"}],"wp:attachment":[{"href":"https:\/\/www.zerdab.com\/index.php?rest_route=%2Fwp%2Fv2%2Fmedia&parent=26129"}],"wp:term":[{"taxonomy":"category","embeddable":true,"href":"https:\/\/www.zerdab.com\/index.php?rest_route=%2Fwp%2Fv2%2Fcategories&post=26129"},{"taxonomy":"post_tag","embeddable":true,"href":"https:\/\/www.zerdab.com\/index.php?rest_route=%2Fwp%2Fv2%2Ftags&post=26129"}],"curies":[{"name":"wp","href":"https:\/\/api.w.org\/{rel}","templated":true}]}}