{"id":2618,"date":"2012-06-08T09:35:28","date_gmt":"2012-06-08T04:35:28","guid":{"rendered":"http:\/\/www.zerdab.com\/?p=2618"},"modified":"2012-06-08T09:38:27","modified_gmt":"2012-06-08T04:38:27","slug":"taninmis-prokuror-%c9%99m%c9%99kdar-huquqsunas-h%c9%99myerlimiz-az%c9%99r-c%c9%99f%c9%99rov","status":"publish","type":"post","link":"https:\/\/www.zerdab.com\/?p=2618","title":{"rendered":"Prokuror, \u0259m\u0259kdar h\u00fcquq\u015f\u00fcnas, h\u0259myerlimiz Az\u0259r C\u0259f\u0259rov"},"content":{"rendered":"<p><a href=\"http:\/\/www.zerdab.com\/?attachment_id=2619\" rel=\"attachment wp-att-2619\"><img loading=\"lazy\" decoding=\"async\" class=\"alignleft size-full wp-image-2619\" title=\"3\" src=\"http:\/\/www.zerdab.com\/wp-content\/uploads\/2012\/06\/3.jpg\" alt=\"\" width=\"120\" height=\"160\" \/><\/a><strong>www.zerdab.com<\/strong> sayt\u0131 bildirir ki, &#8220;Az\u0259rbaycan Respublikas\u0131n\u0131n \u0259m\u0259kdar h\u00fcquq\u015f\u00fcnas\u0131&#8221; Az\u0259r M\u0259mm\u0259d o\u011flu C\u0259f\u0259rov 1954-c\u00fc ild\u0259 Z\u0259rdab rayonunda anadan olub. O, Az\u0259rbaycan D\u00f6vl\u0259t Universitetinin h\u00fcquq fak\u00fclt\u0259sini bitirib. Az\u0259r M\u0259mm\u0259d o\u011flu C\u0259f\u0259rov \u0259m\u0259k f\u0259aliyy\u0259tin\u0259 1982-ci ild\u0259 Az\u0259rbaycan SSR V\u0259kill\u0259r Kollegiyas\u0131 1 sayl\u0131 h\u00fcquq m\u0259sl\u0259h\u0259txanas\u0131nda v\u0259kil kimi ba\u015flay\u0131b. El\u0259 h\u0259min il Az\u0259rbaycan SSR \u018fdliyy\u0259 Nazirliyi Xalq T\u0259s\u0259rr\u00fcfat\u0131nda h\u00fcquq i\u015fi v\u0259 v\u0259killik idar\u0259sind\u0259 b\u00f6y\u00fck m\u0259sl\u0259h\u0259t\u00e7i t\u0259yin olunub. 1983-c\u00fc ild\u0259 Az\u0259rbaycan SSR \u018fdliyy\u0259 Nazirliyinin r\u0259hb\u0259rliyi yan\u0131nda icraya n\u0259zar\u0259t \u00fczr\u0259 b\u00f6y\u00fck m\u0259sl\u0259h\u0259t\u00e7i v\u0259zif\u0259sin\u0259 y\u00fcks\u0259lib. 1984-c\u00fc ild\u0259 Az\u0259rbaycan SSR \u018fdliyy\u0259 Nazirliyi M\u0259hk\u0259m\u0259 orqanlar\u0131 idar\u0259sinin b\u00f6y\u00fck m\u0259sl\u0259h\u0259t\u00e7isi olub. Az\u0259r M\u0259mm\u0259d o\u011flu C\u0259f\u0259rov 1985-ci ild\u0259 Az\u0259rbaycan SSR \u018fdliyy\u0259 Nazirliyi M\u0259hk\u0259m\u0259 orqanlar\u0131 idar\u0259sinin M\u0259hk\u0259m\u0259 t\u0259cr\u00fcb\u0259sinin \u00fcmumil\u0259\u015fdirilm\u0259si v\u0259 statistika \u015f\u00f6b\u0259sinin r\u0259isi, 1986-c\u0131 ild\u0259 Bak\u0131 \u015e\u0259h\u0259r Prokurorlu\u011fu M\u0259hk\u0259m\u0259l\u0259rd\u0259 cinay\u0259t i\u015fl\u0259rin\u0259 bax\u0131lmas\u0131 \u00fcz\u0259rind\u0259 n\u0259zar\u0259t \u015f\u00f6b\u0259sinin prokuroru, 1990-c\u0131 ild\u0259 Bak\u0131 \u015e\u0259h\u0259r Prokurorlu\u011fu M\u0259hk\u0259m\u0259l\u0259rd\u0259 cinay\u0259t i\u015fl\u0259rin\u0259 bax\u0131lmas\u0131 \u00fcz\u0259rind\u0259 n\u0259zar\u0259t \u015f\u00f6b\u0259sinin r\u0259isi v\u0259zif\u0259l\u0259rind\u0259 \u00e7al\u0131\u015f\u0131b. 1992-ci ild\u0259 Bak\u0131n\u0131n Bin\u0259q\u0259di rayonunun prokuroru olub. 1999-cu ild\u0259 Bak\u0131n\u0131n N\u0259rimanov rayon prokuroru t\u0259yin edilib. 2000-ci ild\u0259 is\u0259 Az\u0259rbaycan Respublikas\u0131 Ba\u015f Prokurorlu\u011fu H\u00fcquqi t\u0259minat \u015f\u00f6b\u0259sinin r\u0259is m\u00fcavini v\u0259zif\u0259sind\u0259 \u00e7al\u0131\u015f\u0131b. 2001-ci ild\u0259 Az\u0259rbaycan Respublikas\u0131 Ba\u015f Prokurorlu\u011fu H\u00fcquqi t\u0259minat \u015f\u00f6b\u0259sinin r\u0259isi, 2004-c\u00fc ild\u0259 Az\u0259rbaycan Respublikas\u0131 \u018fdliyy\u0259 Nazirliyinin T\u0259\u015fkilati-analitik idar\u0259sinin r\u0259isi t\u0259yin edilib. 2006-c\u0131 ild\u0259 is\u0259 Az\u0259rbaycan Respublikas\u0131 \u018fdliyy\u0259 Nazirliyinin T\u0259\u015fkilati-n\u0259zar\u0259t ba\u015f idar\u0259sinin r\u0259isi olub.<br \/>\nAz\u0259r M\u0259mm\u0259d o\u011flu C\u0259f\u0259rov 2008-ci ild\u0259 Az\u0259rbaycan Respublikas\u0131 Prezidentinin S\u0259r\u0259ncam\u0131na \u0259sas\u0259n, &#8220;Az\u0259rbaycan Respublikas\u0131n\u0131n \u0259m\u0259kdar h\u00fcquq\u015f\u00fcnas\u0131&#8221; f\u0259xri ad\u0131n\u0131 al\u0131b. Evlidir, 2 \u00f6vlad\u0131 var.<\/p>\n<p><strong>P.S www.zerdab.com sayt\u0131 xat\u0131rlad\u0131r ki, bu m\u0259lumatlardan istifad\u0259 ed\u0259rk\u0259n sayta istinad etm\u0259k z\u0259ruridir.<\/strong><\/p>\n","protected":false},"excerpt":{"rendered":"<p>www.zerdab.com sayt\u0131 bildirir ki, &#8220;Az\u0259rbaycan Respublikas\u0131n\u0131n \u0259m\u0259kdar h\u00fcquq\u015f\u00fcnas\u0131&#8221; Az\u0259r M\u0259mm\u0259d o\u011flu C\u0259f\u0259rov 1954-c\u00fc ild\u0259 Z\u0259rdab rayonunda anadan olub. O, Az\u0259rbaycan D\u00f6vl\u0259t Universitetinin h\u00fcquq fak\u00fclt\u0259sini bitirib. Az\u0259r M\u0259mm\u0259d o\u011flu C\u0259f\u0259rov \u0259m\u0259k f\u0259aliyy\u0259tin\u0259 1982-ci ild\u0259 Az\u0259rbaycan SSR V\u0259kill\u0259r Kollegiyas\u0131 1 sayl\u0131 h\u00fcquq m\u0259sl\u0259h\u0259txanas\u0131nda v\u0259kil kimi ba\u015flay\u0131b. El\u0259 h\u0259min il Az\u0259rbaycan SSR \u018fdliyy\u0259 Nazirliyi Xalq T\u0259s\u0259rr\u00fcfat\u0131nda h\u00fcquq i\u015fi [&hellip;]<\/p>\n","protected":false},"author":1,"featured_media":0,"comment_status":"open","ping_status":"open","sticky":false,"template":"","format":"standard","meta":{"footnotes":""},"categories":[7],"tags":[],"class_list":{"0":"post-2618","1":"post","2":"type-post","3":"status-publish","4":"format-standard","6":"category-ziyalilar"},"yoast_head":"<!-- This site is optimized with the Yoast SEO plugin v27.0 - https:\/\/yoast.com\/product\/yoast-seo-wordpress\/ -->\n<title>Prokuror, \u0259m\u0259kdar h\u00fcquq\u015f\u00fcnas, h\u0259myerlimiz Az\u0259r C\u0259f\u0259rov - Z\u0259rdab.com<\/title>\n<meta name=\"robots\" content=\"index, follow, max-snippet:-1, max-image-preview:large, max-video-preview:-1\" \/>\n<link rel=\"canonical\" href=\"https:\/\/www.zerdab.com\/?p=2618\" \/>\n<meta property=\"og:locale\" content=\"az_AZ\" \/>\n<meta property=\"og:type\" content=\"article\" \/>\n<meta property=\"og:title\" content=\"Prokuror, \u0259m\u0259kdar h\u00fcquq\u015f\u00fcnas, h\u0259myerlimiz Az\u0259r C\u0259f\u0259rov - Z\u0259rdab.com\" \/>\n<meta property=\"og:description\" content=\"www.zerdab.com sayt\u0131 bildirir ki, &#8220;Az\u0259rbaycan Respublikas\u0131n\u0131n \u0259m\u0259kdar h\u00fcquq\u015f\u00fcnas\u0131&#8221; Az\u0259r M\u0259mm\u0259d o\u011flu C\u0259f\u0259rov 1954-c\u00fc ild\u0259 Z\u0259rdab rayonunda anadan olub. O, Az\u0259rbaycan D\u00f6vl\u0259t Universitetinin h\u00fcquq fak\u00fclt\u0259sini bitirib. Az\u0259r M\u0259mm\u0259d o\u011flu C\u0259f\u0259rov \u0259m\u0259k f\u0259aliyy\u0259tin\u0259 1982-ci ild\u0259 Az\u0259rbaycan SSR V\u0259kill\u0259r Kollegiyas\u0131 1 sayl\u0131 h\u00fcquq m\u0259sl\u0259h\u0259txanas\u0131nda v\u0259kil kimi ba\u015flay\u0131b. El\u0259 h\u0259min il Az\u0259rbaycan SSR \u018fdliyy\u0259 Nazirliyi Xalq T\u0259s\u0259rr\u00fcfat\u0131nda h\u00fcquq i\u015fi [&hellip;]\" \/>\n<meta property=\"og:url\" content=\"https:\/\/www.zerdab.com\/?p=2618\" \/>\n<meta property=\"og:site_name\" content=\"Z\u0259rdab.com\" \/>\n<meta property=\"article:published_time\" content=\"2012-06-08T04:35:28+00:00\" \/>\n<meta property=\"article:modified_time\" content=\"2012-06-08T04:38:27+00:00\" \/>\n<meta property=\"og:image\" content=\"http:\/\/www.zerdab.com\/wp-content\/uploads\/2012\/06\/3.jpg\" \/>\n<meta name=\"author\" content=\"admin\" \/>\n<meta name=\"twitter:card\" content=\"summary_large_image\" \/>\n<meta name=\"twitter:label1\" content=\"Written by\" \/>\n\t<meta name=\"twitter:data1\" content=\"admin\" \/>\n\t<meta name=\"twitter:label2\" content=\"Est. reading time\" \/>\n\t<meta name=\"twitter:data2\" content=\"2 minutes\" \/>\n<script type=\"application\/ld+json\" class=\"yoast-schema-graph\">{\"@context\":\"https:\/\/schema.org\",\"@graph\":[{\"@type\":\"Article\",\"@id\":\"https:\/\/www.zerdab.com\/?p=2618#article\",\"isPartOf\":{\"@id\":\"https:\/\/www.zerdab.com\/?p=2618\"},\"author\":{\"name\":\"admin\",\"@id\":\"https:\/\/www.zerdab.com\/#\/schema\/person\/97079b7570c1e89ec0d9e138c3672136\"},\"headline\":\"Prokuror, \u0259m\u0259kdar h\u00fcquq\u015f\u00fcnas, h\u0259myerlimiz Az\u0259r C\u0259f\u0259rov\",\"datePublished\":\"2012-06-08T04:35:28+00:00\",\"dateModified\":\"2012-06-08T04:38:27+00:00\",\"mainEntityOfPage\":{\"@id\":\"https:\/\/www.zerdab.com\/?p=2618\"},\"wordCount\":446,\"commentCount\":1,\"image\":{\"@id\":\"https:\/\/www.zerdab.com\/?p=2618#primaryimage\"},\"thumbnailUrl\":\"http:\/\/www.zerdab.com\/wp-content\/uploads\/2012\/06\/3.jpg\",\"articleSection\":[\"F\u018fXRL\u018fR\u0130M\u0130Z\"],\"inLanguage\":\"az\",\"potentialAction\":[{\"@type\":\"CommentAction\",\"name\":\"Comment\",\"target\":[\"https:\/\/www.zerdab.com\/?p=2618#respond\"]}]},{\"@type\":\"WebPage\",\"@id\":\"https:\/\/www.zerdab.com\/?p=2618\",\"url\":\"https:\/\/www.zerdab.com\/?p=2618\",\"name\":\"Prokuror, \u0259m\u0259kdar h\u00fcquq\u015f\u00fcnas, h\u0259myerlimiz Az\u0259r C\u0259f\u0259rov - Z\u0259rdab.com\",\"isPartOf\":{\"@id\":\"https:\/\/www.zerdab.com\/#website\"},\"primaryImageOfPage\":{\"@id\":\"https:\/\/www.zerdab.com\/?p=2618#primaryimage\"},\"image\":{\"@id\":\"https:\/\/www.zerdab.com\/?p=2618#primaryimage\"},\"thumbnailUrl\":\"http:\/\/www.zerdab.com\/wp-content\/uploads\/2012\/06\/3.jpg\",\"datePublished\":\"2012-06-08T04:35:28+00:00\",\"dateModified\":\"2012-06-08T04:38:27+00:00\",\"author\":{\"@id\":\"https:\/\/www.zerdab.com\/#\/schema\/person\/97079b7570c1e89ec0d9e138c3672136\"},\"breadcrumb\":{\"@id\":\"https:\/\/www.zerdab.com\/?p=2618#breadcrumb\"},\"inLanguage\":\"az\",\"potentialAction\":[{\"@type\":\"ReadAction\",\"target\":[\"https:\/\/www.zerdab.com\/?p=2618\"]}]},{\"@type\":\"ImageObject\",\"inLanguage\":\"az\",\"@id\":\"https:\/\/www.zerdab.com\/?p=2618#primaryimage\",\"url\":\"\",\"contentUrl\":\"\"},{\"@type\":\"BreadcrumbList\",\"@id\":\"https:\/\/www.zerdab.com\/?p=2618#breadcrumb\",\"itemListElement\":[{\"@type\":\"ListItem\",\"position\":1,\"name\":\"Home\",\"item\":\"https:\/\/www.zerdab.com\/\"},{\"@type\":\"ListItem\",\"position\":2,\"name\":\"Prokuror, \u0259m\u0259kdar h\u00fcquq\u015f\u00fcnas, h\u0259myerlimiz Az\u0259r C\u0259f\u0259rov\"}]},{\"@type\":\"WebSite\",\"@id\":\"https:\/\/www.zerdab.com\/#website\",\"url\":\"https:\/\/www.zerdab.com\/\",\"name\":\"Z\u0259rdab.com\",\"description\":\"\",\"potentialAction\":[{\"@type\":\"SearchAction\",\"target\":{\"@type\":\"EntryPoint\",\"urlTemplate\":\"https:\/\/www.zerdab.com\/?s={search_term_string}\"},\"query-input\":{\"@type\":\"PropertyValueSpecification\",\"valueRequired\":true,\"valueName\":\"search_term_string\"}}],\"inLanguage\":\"az\"},{\"@type\":\"Person\",\"@id\":\"https:\/\/www.zerdab.com\/#\/schema\/person\/97079b7570c1e89ec0d9e138c3672136\",\"name\":\"admin\",\"image\":{\"@type\":\"ImageObject\",\"inLanguage\":\"az\",\"@id\":\"https:\/\/www.zerdab.com\/#\/schema\/person\/image\/\",\"url\":\"https:\/\/secure.gravatar.com\/avatar\/d9c52a9a27c32119cb6679a077fa3e2779e5f822c451cbf01098004361d466ec?s=96&d=mm&r=g\",\"contentUrl\":\"https:\/\/secure.gravatar.com\/avatar\/d9c52a9a27c32119cb6679a077fa3e2779e5f822c451cbf01098004361d466ec?s=96&d=mm&r=g\",\"caption\":\"admin\"},\"url\":\"https:\/\/www.zerdab.com\/?author=1\"}]}<\/script>\n<!-- \/ Yoast SEO plugin. -->","yoast_head_json":{"title":"Prokuror, \u0259m\u0259kdar h\u00fcquq\u015f\u00fcnas, h\u0259myerlimiz Az\u0259r C\u0259f\u0259rov - Z\u0259rdab.com","robots":{"index":"index","follow":"follow","max-snippet":"max-snippet:-1","max-image-preview":"max-image-preview:large","max-video-preview":"max-video-preview:-1"},"canonical":"https:\/\/www.zerdab.com\/?p=2618","og_locale":"az_AZ","og_type":"article","og_title":"Prokuror, \u0259m\u0259kdar h\u00fcquq\u015f\u00fcnas, h\u0259myerlimiz Az\u0259r C\u0259f\u0259rov - Z\u0259rdab.com","og_description":"www.zerdab.com sayt\u0131 bildirir ki, &#8220;Az\u0259rbaycan Respublikas\u0131n\u0131n \u0259m\u0259kdar h\u00fcquq\u015f\u00fcnas\u0131&#8221; Az\u0259r M\u0259mm\u0259d o\u011flu C\u0259f\u0259rov 1954-c\u00fc ild\u0259 Z\u0259rdab rayonunda anadan olub. O, Az\u0259rbaycan D\u00f6vl\u0259t Universitetinin h\u00fcquq fak\u00fclt\u0259sini bitirib. Az\u0259r M\u0259mm\u0259d o\u011flu C\u0259f\u0259rov \u0259m\u0259k f\u0259aliyy\u0259tin\u0259 1982-ci ild\u0259 Az\u0259rbaycan SSR V\u0259kill\u0259r Kollegiyas\u0131 1 sayl\u0131 h\u00fcquq m\u0259sl\u0259h\u0259txanas\u0131nda v\u0259kil kimi ba\u015flay\u0131b. El\u0259 h\u0259min il Az\u0259rbaycan SSR \u018fdliyy\u0259 Nazirliyi Xalq T\u0259s\u0259rr\u00fcfat\u0131nda h\u00fcquq i\u015fi [&hellip;]","og_url":"https:\/\/www.zerdab.com\/?p=2618","og_site_name":"Z\u0259rdab.com","article_published_time":"2012-06-08T04:35:28+00:00","article_modified_time":"2012-06-08T04:38:27+00:00","og_image":[{"url":"http:\/\/www.zerdab.com\/wp-content\/uploads\/2012\/06\/3.jpg","type":"","width":"","height":""}],"author":"admin","twitter_card":"summary_large_image","twitter_misc":{"Written by":"admin","Est. reading time":"2 minutes"},"schema":{"@context":"https:\/\/schema.org","@graph":[{"@type":"Article","@id":"https:\/\/www.zerdab.com\/?p=2618#article","isPartOf":{"@id":"https:\/\/www.zerdab.com\/?p=2618"},"author":{"name":"admin","@id":"https:\/\/www.zerdab.com\/#\/schema\/person\/97079b7570c1e89ec0d9e138c3672136"},"headline":"Prokuror, \u0259m\u0259kdar h\u00fcquq\u015f\u00fcnas, h\u0259myerlimiz Az\u0259r C\u0259f\u0259rov","datePublished":"2012-06-08T04:35:28+00:00","dateModified":"2012-06-08T04:38:27+00:00","mainEntityOfPage":{"@id":"https:\/\/www.zerdab.com\/?p=2618"},"wordCount":446,"commentCount":1,"image":{"@id":"https:\/\/www.zerdab.com\/?p=2618#primaryimage"},"thumbnailUrl":"http:\/\/www.zerdab.com\/wp-content\/uploads\/2012\/06\/3.jpg","articleSection":["F\u018fXRL\u018fR\u0130M\u0130Z"],"inLanguage":"az","potentialAction":[{"@type":"CommentAction","name":"Comment","target":["https:\/\/www.zerdab.com\/?p=2618#respond"]}]},{"@type":"WebPage","@id":"https:\/\/www.zerdab.com\/?p=2618","url":"https:\/\/www.zerdab.com\/?p=2618","name":"Prokuror, \u0259m\u0259kdar h\u00fcquq\u015f\u00fcnas, h\u0259myerlimiz Az\u0259r C\u0259f\u0259rov - Z\u0259rdab.com","isPartOf":{"@id":"https:\/\/www.zerdab.com\/#website"},"primaryImageOfPage":{"@id":"https:\/\/www.zerdab.com\/?p=2618#primaryimage"},"image":{"@id":"https:\/\/www.zerdab.com\/?p=2618#primaryimage"},"thumbnailUrl":"http:\/\/www.zerdab.com\/wp-content\/uploads\/2012\/06\/3.jpg","datePublished":"2012-06-08T04:35:28+00:00","dateModified":"2012-06-08T04:38:27+00:00","author":{"@id":"https:\/\/www.zerdab.com\/#\/schema\/person\/97079b7570c1e89ec0d9e138c3672136"},"breadcrumb":{"@id":"https:\/\/www.zerdab.com\/?p=2618#breadcrumb"},"inLanguage":"az","potentialAction":[{"@type":"ReadAction","target":["https:\/\/www.zerdab.com\/?p=2618"]}]},{"@type":"ImageObject","inLanguage":"az","@id":"https:\/\/www.zerdab.com\/?p=2618#primaryimage","url":"","contentUrl":""},{"@type":"BreadcrumbList","@id":"https:\/\/www.zerdab.com\/?p=2618#breadcrumb","itemListElement":[{"@type":"ListItem","position":1,"name":"Home","item":"https:\/\/www.zerdab.com\/"},{"@type":"ListItem","position":2,"name":"Prokuror, \u0259m\u0259kdar h\u00fcquq\u015f\u00fcnas, h\u0259myerlimiz Az\u0259r C\u0259f\u0259rov"}]},{"@type":"WebSite","@id":"https:\/\/www.zerdab.com\/#website","url":"https:\/\/www.zerdab.com\/","name":"Z\u0259rdab.com","description":"","potentialAction":[{"@type":"SearchAction","target":{"@type":"EntryPoint","urlTemplate":"https:\/\/www.zerdab.com\/?s={search_term_string}"},"query-input":{"@type":"PropertyValueSpecification","valueRequired":true,"valueName":"search_term_string"}}],"inLanguage":"az"},{"@type":"Person","@id":"https:\/\/www.zerdab.com\/#\/schema\/person\/97079b7570c1e89ec0d9e138c3672136","name":"admin","image":{"@type":"ImageObject","inLanguage":"az","@id":"https:\/\/www.zerdab.com\/#\/schema\/person\/image\/","url":"https:\/\/secure.gravatar.com\/avatar\/d9c52a9a27c32119cb6679a077fa3e2779e5f822c451cbf01098004361d466ec?s=96&d=mm&r=g","contentUrl":"https:\/\/secure.gravatar.com\/avatar\/d9c52a9a27c32119cb6679a077fa3e2779e5f822c451cbf01098004361d466ec?s=96&d=mm&r=g","caption":"admin"},"url":"https:\/\/www.zerdab.com\/?author=1"}]}},"_links":{"self":[{"href":"https:\/\/www.zerdab.com\/index.php?rest_route=\/wp\/v2\/posts\/2618","targetHints":{"allow":["GET"]}}],"collection":[{"href":"https:\/\/www.zerdab.com\/index.php?rest_route=\/wp\/v2\/posts"}],"about":[{"href":"https:\/\/www.zerdab.com\/index.php?rest_route=\/wp\/v2\/types\/post"}],"author":[{"embeddable":true,"href":"https:\/\/www.zerdab.com\/index.php?rest_route=\/wp\/v2\/users\/1"}],"replies":[{"embeddable":true,"href":"https:\/\/www.zerdab.com\/index.php?rest_route=%2Fwp%2Fv2%2Fcomments&post=2618"}],"version-history":[{"count":7,"href":"https:\/\/www.zerdab.com\/index.php?rest_route=\/wp\/v2\/posts\/2618\/revisions"}],"predecessor-version":[{"id":2626,"href":"https:\/\/www.zerdab.com\/index.php?rest_route=\/wp\/v2\/posts\/2618\/revisions\/2626"}],"wp:attachment":[{"href":"https:\/\/www.zerdab.com\/index.php?rest_route=%2Fwp%2Fv2%2Fmedia&parent=2618"}],"wp:term":[{"taxonomy":"category","embeddable":true,"href":"https:\/\/www.zerdab.com\/index.php?rest_route=%2Fwp%2Fv2%2Fcategories&post=2618"},{"taxonomy":"post_tag","embeddable":true,"href":"https:\/\/www.zerdab.com\/index.php?rest_route=%2Fwp%2Fv2%2Ftags&post=2618"}],"curies":[{"name":"wp","href":"https:\/\/api.w.org\/{rel}","templated":true}]}}