{"id":26191,"date":"2018-10-31T13:54:15","date_gmt":"2018-10-31T09:54:15","guid":{"rendered":"http:\/\/www.zerdab.com\/?p=26191"},"modified":"2018-10-31T13:54:15","modified_gmt":"2018-10-31T09:54:15","slug":"%c9%99sl%c9%99n-z%c9%99rdab-rayonundan-olan-bu-qiz-az%c9%99rbaycan-birincisi-oldu","status":"publish","type":"post","link":"https:\/\/www.zerdab.com\/?p=26191","title":{"rendered":"\u018fsl\u0259n Z\u0259rdab rayonundan olan bu q\u0131z Az\u0259rbaycan birincisi oldu"},"content":{"rendered":"<div><strong>Dubay v\u0259 Londonda ke\u00e7iril\u0259n &#8220;Kids Fashion Show\u201d Bak\u0131da da ba\u015f tutub.<\/strong><\/div>\n<div>Beyn\u0259lxalq turizm \u015firk\u0259tl\u0259rinin d\u0259st\u0259k verdiyi d\u0259b m\u00fcsabiq\u0259si 16 ya\u015fa kimi u\u015faq v\u0259 yeniyetm\u0259l\u0259r aras\u0131nda ke\u00e7irilib. \u00d6z\u00fcn\u00fc podiumda s\u0131namaq ist\u0259y\u0259n u\u015faqlar m\u00fcsabiq\u0259y\u0259 qat\u0131l\u0131blar. Onlardan 60 n\u0259f\u0259ri finala qal\u0131b.<\/div>\n<div>M\u00fcnsifl\u0259r hey\u0259tind\u0259 az\u0259rbaycanl\u0131 modelyer S\u0259ma H\u0259s\u0259nova, model Dilar\u0259 Dada\u015fova v\u0259 xarici modelyer Asif Saleem yer al\u0131b.<\/div>\n<div>\n<div>M\u00fcsabiq\u0259d\u0259 i\u015ftirak ed\u0259n h\u0259r bir u\u015fa\u011fa sertifikat t\u0259qdim olunub.<\/div>\n<div>\u0130lk \u00fc\u00e7l\u00fcy\u0259 is\u0259 2 o\u011flan v\u0259 1 q\u0131z \u00e7\u0131x\u0131b. M\u00fcsabiq\u0259nin qalibi 4-c\u00fc sinif \u015fagirdi, 9 ya\u015fl\u0131 G\u00fclay \u00c7ingizzad\u0259 olub. O, h\u0259m paltar se\u00e7imi, h\u0259m d\u0259 \u0259n yax\u015f\u0131 y\u00fcr\u00fc\u015f\u0259 g\u00f6r\u0259 birinci yer\u0259 layiq g\u00f6r\u00fcl\u00fcb.<\/div>\n<div>M\u00fcsabiq\u0259nin qalibi ke\u00e7iril\u0259c\u0259k beyn\u0259lxalq &#8220;Kids Fashion Show\u201dda Az\u0259rbaycan\u0131 t\u0259msil etm\u0259k \u015fans\u0131 \u0259ld\u0259 edib. Bel\u0259 ki, bundan sonra da bir ne\u00e7\u0259 d\u0259b m\u00fcsabiq\u0259si ke\u00e7iril\u0259c\u0259k v\u0259 ondan sonra beyn\u0259lxalq m\u00fcsabiq\u0259d\u0259 i\u015ftirak ed\u0259c\u0259k u\u015faq m\u00fc\u0259yy\u0259nl\u0259\u015fdiril\u0259c\u0259k.<\/div>\n<\/div>\n<div>Qeyd ed\u0259k ki, 08.12.2008-ci il t\u0259v\u0259ll\u00fcdl\u00fc \u00c7ingizzad\u0259 G\u00fclay Kamran q\u0131z\u0131 \u0259sl\u0259n Z\u0259rdab rayonundand\u0131r.<\/div>\n<div><a href=\"http:\/\/www.zerdab.com\/?attachment_id=26193\" rel=\"attachment wp-att-26193\"><img loading=\"lazy\" decoding=\"async\" class=\"aligncenter size-full wp-image-26193\" src=\"http:\/\/www.zerdab.com\/wp-content\/uploads\/2018\/10\/gulay-zerdab-moda1.jpg\" alt=\"gulay-zerdab-moda1.jpg\" width=\"400\" height=\"265\" \/><\/a><\/div>\n","protected":false},"excerpt":{"rendered":"<p>Dubay v\u0259 Londonda ke\u00e7iril\u0259n &#8220;Kids Fashion Show\u201d Bak\u0131da da ba\u015f tutub. Beyn\u0259lxalq turizm \u015firk\u0259tl\u0259rinin d\u0259st\u0259k verdiyi d\u0259b m\u00fcsabiq\u0259si 16 ya\u015fa kimi u\u015faq v\u0259 yeniyetm\u0259l\u0259r aras\u0131nda ke\u00e7irilib. \u00d6z\u00fcn\u00fc podiumda s\u0131namaq ist\u0259y\u0259n u\u015faqlar m\u00fcsabiq\u0259y\u0259 qat\u0131l\u0131blar. Onlardan 60 n\u0259f\u0259ri finala qal\u0131b. M\u00fcnsifl\u0259r hey\u0259tind\u0259 az\u0259rbaycanl\u0131 modelyer S\u0259ma H\u0259s\u0259nova, model Dilar\u0259 Dada\u015fova v\u0259 xarici modelyer Asif Saleem yer al\u0131b. M\u00fcsabiq\u0259d\u0259 [&hellip;]<\/p>\n","protected":false},"author":1,"featured_media":0,"comment_status":"open","ping_status":"open","sticky":false,"template":"","format":"standard","meta":{"footnotes":""},"categories":[21,63],"tags":[],"class_list":{"0":"post-26191","1":"post","2":"type-post","3":"status-publish","4":"format-standard","6":"category-zrdab","7":"category-manset"},"yoast_head":"<!-- This site is optimized with the Yoast SEO plugin v27.0 - https:\/\/yoast.com\/product\/yoast-seo-wordpress\/ -->\n<title>\u018fsl\u0259n Z\u0259rdab rayonundan olan bu q\u0131z Az\u0259rbaycan birincisi oldu - Z\u0259rdab.com<\/title>\n<meta name=\"robots\" content=\"index, follow, max-snippet:-1, max-image-preview:large, max-video-preview:-1\" \/>\n<link rel=\"canonical\" href=\"https:\/\/www.zerdab.com\/?p=26191\" \/>\n<meta property=\"og:locale\" content=\"az_AZ\" \/>\n<meta property=\"og:type\" content=\"article\" \/>\n<meta property=\"og:title\" content=\"\u018fsl\u0259n Z\u0259rdab rayonundan olan bu q\u0131z Az\u0259rbaycan birincisi oldu - Z\u0259rdab.com\" \/>\n<meta property=\"og:description\" content=\"Dubay v\u0259 Londonda ke\u00e7iril\u0259n &#8220;Kids Fashion Show\u201d Bak\u0131da da ba\u015f tutub. Beyn\u0259lxalq turizm \u015firk\u0259tl\u0259rinin d\u0259st\u0259k verdiyi d\u0259b m\u00fcsabiq\u0259si 16 ya\u015fa kimi u\u015faq v\u0259 yeniyetm\u0259l\u0259r aras\u0131nda ke\u00e7irilib. \u00d6z\u00fcn\u00fc podiumda s\u0131namaq ist\u0259y\u0259n u\u015faqlar m\u00fcsabiq\u0259y\u0259 qat\u0131l\u0131blar. Onlardan 60 n\u0259f\u0259ri finala qal\u0131b. M\u00fcnsifl\u0259r hey\u0259tind\u0259 az\u0259rbaycanl\u0131 modelyer S\u0259ma H\u0259s\u0259nova, model Dilar\u0259 Dada\u015fova v\u0259 xarici modelyer Asif Saleem yer al\u0131b. M\u00fcsabiq\u0259d\u0259 [&hellip;]\" \/>\n<meta property=\"og:url\" content=\"https:\/\/www.zerdab.com\/?p=26191\" \/>\n<meta property=\"og:site_name\" content=\"Z\u0259rdab.com\" \/>\n<meta property=\"article:published_time\" content=\"2018-10-31T09:54:15+00:00\" \/>\n<meta property=\"og:image\" content=\"http:\/\/www.zerdab.com\/wp-content\/uploads\/2018\/10\/gulay-zerdab-moda1.jpg\" \/>\n<meta name=\"author\" content=\"admin\" \/>\n<meta name=\"twitter:card\" content=\"summary_large_image\" \/>\n<meta name=\"twitter:label1\" content=\"Written by\" \/>\n\t<meta name=\"twitter:data1\" content=\"admin\" \/>\n\t<meta name=\"twitter:label2\" content=\"Est. reading time\" \/>\n\t<meta name=\"twitter:data2\" content=\"1 minute\" \/>\n<script type=\"application\/ld+json\" class=\"yoast-schema-graph\">{\"@context\":\"https:\/\/schema.org\",\"@graph\":[{\"@type\":\"Article\",\"@id\":\"https:\/\/www.zerdab.com\/?p=26191#article\",\"isPartOf\":{\"@id\":\"https:\/\/www.zerdab.com\/?p=26191\"},\"author\":{\"name\":\"admin\",\"@id\":\"https:\/\/www.zerdab.com\/#\/schema\/person\/97079b7570c1e89ec0d9e138c3672136\"},\"headline\":\"\u018fsl\u0259n Z\u0259rdab rayonundan olan bu q\u0131z Az\u0259rbaycan birincisi oldu\",\"datePublished\":\"2018-10-31T09:54:15+00:00\",\"mainEntityOfPage\":{\"@id\":\"https:\/\/www.zerdab.com\/?p=26191\"},\"wordCount\":248,\"commentCount\":0,\"image\":{\"@id\":\"https:\/\/www.zerdab.com\/?p=26191#primaryimage\"},\"thumbnailUrl\":\"http:\/\/www.zerdab.com\/wp-content\/uploads\/2018\/10\/gulay-zerdab-moda1.jpg\",\"articleSection\":[\"C\u018fM\u0130YY\u018fT\",\"MAN\u015eET\"],\"inLanguage\":\"az\",\"potentialAction\":[{\"@type\":\"CommentAction\",\"name\":\"Comment\",\"target\":[\"https:\/\/www.zerdab.com\/?p=26191#respond\"]}]},{\"@type\":\"WebPage\",\"@id\":\"https:\/\/www.zerdab.com\/?p=26191\",\"url\":\"https:\/\/www.zerdab.com\/?p=26191\",\"name\":\"\u018fsl\u0259n Z\u0259rdab rayonundan olan bu q\u0131z Az\u0259rbaycan birincisi oldu - Z\u0259rdab.com\",\"isPartOf\":{\"@id\":\"https:\/\/www.zerdab.com\/#website\"},\"primaryImageOfPage\":{\"@id\":\"https:\/\/www.zerdab.com\/?p=26191#primaryimage\"},\"image\":{\"@id\":\"https:\/\/www.zerdab.com\/?p=26191#primaryimage\"},\"thumbnailUrl\":\"http:\/\/www.zerdab.com\/wp-content\/uploads\/2018\/10\/gulay-zerdab-moda1.jpg\",\"datePublished\":\"2018-10-31T09:54:15+00:00\",\"author\":{\"@id\":\"https:\/\/www.zerdab.com\/#\/schema\/person\/97079b7570c1e89ec0d9e138c3672136\"},\"breadcrumb\":{\"@id\":\"https:\/\/www.zerdab.com\/?p=26191#breadcrumb\"},\"inLanguage\":\"az\",\"potentialAction\":[{\"@type\":\"ReadAction\",\"target\":[\"https:\/\/www.zerdab.com\/?p=26191\"]}]},{\"@type\":\"ImageObject\",\"inLanguage\":\"az\",\"@id\":\"https:\/\/www.zerdab.com\/?p=26191#primaryimage\",\"url\":\"\",\"contentUrl\":\"\"},{\"@type\":\"BreadcrumbList\",\"@id\":\"https:\/\/www.zerdab.com\/?p=26191#breadcrumb\",\"itemListElement\":[{\"@type\":\"ListItem\",\"position\":1,\"name\":\"Home\",\"item\":\"https:\/\/www.zerdab.com\/\"},{\"@type\":\"ListItem\",\"position\":2,\"name\":\"\u018fsl\u0259n Z\u0259rdab rayonundan olan bu q\u0131z Az\u0259rbaycan birincisi oldu\"}]},{\"@type\":\"WebSite\",\"@id\":\"https:\/\/www.zerdab.com\/#website\",\"url\":\"https:\/\/www.zerdab.com\/\",\"name\":\"Z\u0259rdab.com\",\"description\":\"\",\"potentialAction\":[{\"@type\":\"SearchAction\",\"target\":{\"@type\":\"EntryPoint\",\"urlTemplate\":\"https:\/\/www.zerdab.com\/?s={search_term_string}\"},\"query-input\":{\"@type\":\"PropertyValueSpecification\",\"valueRequired\":true,\"valueName\":\"search_term_string\"}}],\"inLanguage\":\"az\"},{\"@type\":\"Person\",\"@id\":\"https:\/\/www.zerdab.com\/#\/schema\/person\/97079b7570c1e89ec0d9e138c3672136\",\"name\":\"admin\",\"image\":{\"@type\":\"ImageObject\",\"inLanguage\":\"az\",\"@id\":\"https:\/\/www.zerdab.com\/#\/schema\/person\/image\/\",\"url\":\"https:\/\/secure.gravatar.com\/avatar\/d9c52a9a27c32119cb6679a077fa3e2779e5f822c451cbf01098004361d466ec?s=96&d=mm&r=g\",\"contentUrl\":\"https:\/\/secure.gravatar.com\/avatar\/d9c52a9a27c32119cb6679a077fa3e2779e5f822c451cbf01098004361d466ec?s=96&d=mm&r=g\",\"caption\":\"admin\"},\"url\":\"https:\/\/www.zerdab.com\/?author=1\"}]}<\/script>\n<!-- \/ Yoast SEO plugin. -->","yoast_head_json":{"title":"\u018fsl\u0259n Z\u0259rdab rayonundan olan bu q\u0131z Az\u0259rbaycan birincisi oldu - Z\u0259rdab.com","robots":{"index":"index","follow":"follow","max-snippet":"max-snippet:-1","max-image-preview":"max-image-preview:large","max-video-preview":"max-video-preview:-1"},"canonical":"https:\/\/www.zerdab.com\/?p=26191","og_locale":"az_AZ","og_type":"article","og_title":"\u018fsl\u0259n Z\u0259rdab rayonundan olan bu q\u0131z Az\u0259rbaycan birincisi oldu - Z\u0259rdab.com","og_description":"Dubay v\u0259 Londonda ke\u00e7iril\u0259n &#8220;Kids Fashion Show\u201d Bak\u0131da da ba\u015f tutub. Beyn\u0259lxalq turizm \u015firk\u0259tl\u0259rinin d\u0259st\u0259k verdiyi d\u0259b m\u00fcsabiq\u0259si 16 ya\u015fa kimi u\u015faq v\u0259 yeniyetm\u0259l\u0259r aras\u0131nda ke\u00e7irilib. \u00d6z\u00fcn\u00fc podiumda s\u0131namaq ist\u0259y\u0259n u\u015faqlar m\u00fcsabiq\u0259y\u0259 qat\u0131l\u0131blar. Onlardan 60 n\u0259f\u0259ri finala qal\u0131b. M\u00fcnsifl\u0259r hey\u0259tind\u0259 az\u0259rbaycanl\u0131 modelyer S\u0259ma H\u0259s\u0259nova, model Dilar\u0259 Dada\u015fova v\u0259 xarici modelyer Asif Saleem yer al\u0131b. M\u00fcsabiq\u0259d\u0259 [&hellip;]","og_url":"https:\/\/www.zerdab.com\/?p=26191","og_site_name":"Z\u0259rdab.com","article_published_time":"2018-10-31T09:54:15+00:00","og_image":[{"url":"http:\/\/www.zerdab.com\/wp-content\/uploads\/2018\/10\/gulay-zerdab-moda1.jpg","type":"","width":"","height":""}],"author":"admin","twitter_card":"summary_large_image","twitter_misc":{"Written by":"admin","Est. reading time":"1 minute"},"schema":{"@context":"https:\/\/schema.org","@graph":[{"@type":"Article","@id":"https:\/\/www.zerdab.com\/?p=26191#article","isPartOf":{"@id":"https:\/\/www.zerdab.com\/?p=26191"},"author":{"name":"admin","@id":"https:\/\/www.zerdab.com\/#\/schema\/person\/97079b7570c1e89ec0d9e138c3672136"},"headline":"\u018fsl\u0259n Z\u0259rdab rayonundan olan bu q\u0131z Az\u0259rbaycan birincisi oldu","datePublished":"2018-10-31T09:54:15+00:00","mainEntityOfPage":{"@id":"https:\/\/www.zerdab.com\/?p=26191"},"wordCount":248,"commentCount":0,"image":{"@id":"https:\/\/www.zerdab.com\/?p=26191#primaryimage"},"thumbnailUrl":"http:\/\/www.zerdab.com\/wp-content\/uploads\/2018\/10\/gulay-zerdab-moda1.jpg","articleSection":["C\u018fM\u0130YY\u018fT","MAN\u015eET"],"inLanguage":"az","potentialAction":[{"@type":"CommentAction","name":"Comment","target":["https:\/\/www.zerdab.com\/?p=26191#respond"]}]},{"@type":"WebPage","@id":"https:\/\/www.zerdab.com\/?p=26191","url":"https:\/\/www.zerdab.com\/?p=26191","name":"\u018fsl\u0259n Z\u0259rdab rayonundan olan bu q\u0131z Az\u0259rbaycan birincisi oldu - Z\u0259rdab.com","isPartOf":{"@id":"https:\/\/www.zerdab.com\/#website"},"primaryImageOfPage":{"@id":"https:\/\/www.zerdab.com\/?p=26191#primaryimage"},"image":{"@id":"https:\/\/www.zerdab.com\/?p=26191#primaryimage"},"thumbnailUrl":"http:\/\/www.zerdab.com\/wp-content\/uploads\/2018\/10\/gulay-zerdab-moda1.jpg","datePublished":"2018-10-31T09:54:15+00:00","author":{"@id":"https:\/\/www.zerdab.com\/#\/schema\/person\/97079b7570c1e89ec0d9e138c3672136"},"breadcrumb":{"@id":"https:\/\/www.zerdab.com\/?p=26191#breadcrumb"},"inLanguage":"az","potentialAction":[{"@type":"ReadAction","target":["https:\/\/www.zerdab.com\/?p=26191"]}]},{"@type":"ImageObject","inLanguage":"az","@id":"https:\/\/www.zerdab.com\/?p=26191#primaryimage","url":"","contentUrl":""},{"@type":"BreadcrumbList","@id":"https:\/\/www.zerdab.com\/?p=26191#breadcrumb","itemListElement":[{"@type":"ListItem","position":1,"name":"Home","item":"https:\/\/www.zerdab.com\/"},{"@type":"ListItem","position":2,"name":"\u018fsl\u0259n Z\u0259rdab rayonundan olan bu q\u0131z Az\u0259rbaycan birincisi oldu"}]},{"@type":"WebSite","@id":"https:\/\/www.zerdab.com\/#website","url":"https:\/\/www.zerdab.com\/","name":"Z\u0259rdab.com","description":"","potentialAction":[{"@type":"SearchAction","target":{"@type":"EntryPoint","urlTemplate":"https:\/\/www.zerdab.com\/?s={search_term_string}"},"query-input":{"@type":"PropertyValueSpecification","valueRequired":true,"valueName":"search_term_string"}}],"inLanguage":"az"},{"@type":"Person","@id":"https:\/\/www.zerdab.com\/#\/schema\/person\/97079b7570c1e89ec0d9e138c3672136","name":"admin","image":{"@type":"ImageObject","inLanguage":"az","@id":"https:\/\/www.zerdab.com\/#\/schema\/person\/image\/","url":"https:\/\/secure.gravatar.com\/avatar\/d9c52a9a27c32119cb6679a077fa3e2779e5f822c451cbf01098004361d466ec?s=96&d=mm&r=g","contentUrl":"https:\/\/secure.gravatar.com\/avatar\/d9c52a9a27c32119cb6679a077fa3e2779e5f822c451cbf01098004361d466ec?s=96&d=mm&r=g","caption":"admin"},"url":"https:\/\/www.zerdab.com\/?author=1"}]}},"_links":{"self":[{"href":"https:\/\/www.zerdab.com\/index.php?rest_route=\/wp\/v2\/posts\/26191","targetHints":{"allow":["GET"]}}],"collection":[{"href":"https:\/\/www.zerdab.com\/index.php?rest_route=\/wp\/v2\/posts"}],"about":[{"href":"https:\/\/www.zerdab.com\/index.php?rest_route=\/wp\/v2\/types\/post"}],"author":[{"embeddable":true,"href":"https:\/\/www.zerdab.com\/index.php?rest_route=\/wp\/v2\/users\/1"}],"replies":[{"embeddable":true,"href":"https:\/\/www.zerdab.com\/index.php?rest_route=%2Fwp%2Fv2%2Fcomments&post=26191"}],"version-history":[{"count":1,"href":"https:\/\/www.zerdab.com\/index.php?rest_route=\/wp\/v2\/posts\/26191\/revisions"}],"predecessor-version":[{"id":26194,"href":"https:\/\/www.zerdab.com\/index.php?rest_route=\/wp\/v2\/posts\/26191\/revisions\/26194"}],"wp:attachment":[{"href":"https:\/\/www.zerdab.com\/index.php?rest_route=%2Fwp%2Fv2%2Fmedia&parent=26191"}],"wp:term":[{"taxonomy":"category","embeddable":true,"href":"https:\/\/www.zerdab.com\/index.php?rest_route=%2Fwp%2Fv2%2Fcategories&post=26191"},{"taxonomy":"post_tag","embeddable":true,"href":"https:\/\/www.zerdab.com\/index.php?rest_route=%2Fwp%2Fv2%2Ftags&post=26191"}],"curies":[{"name":"wp","href":"https:\/\/api.w.org\/{rel}","templated":true}]}}