{"id":26200,"date":"2018-11-07T12:06:20","date_gmt":"2018-11-07T08:06:20","guid":{"rendered":"http:\/\/www.zerdab.com\/?p=26200"},"modified":"2018-11-07T12:11:44","modified_gmt":"2018-11-07T08:11:44","slug":"mill%c9%99t-v%c9%99kilimiz-jal%c9%99-%c9%99liyeva-z%c9%99rdabda-secicil%c9%99rin-q%c9%99bulunu-kecirib-fotolar","status":"publish","type":"post","link":"https:\/\/www.zerdab.com\/?p=26200","title":{"rendered":"Mill\u0259t v\u0259kilimiz Jal\u0259 \u018fliyeva Z\u0259rdabda se\u00e7icil\u0259rin q\u0259bulunu ke\u00e7irib &#8211; FOTOLAR"},"content":{"rendered":"<p><strong>Z\u0259rdab-Ucar Se\u00e7ki Dair\u0259sind\u0259n mill\u0259t v\u0259kili, Milli M\u0259clisin (MM) M\u0259d\u0259niyy\u0259t komit\u0259sinin s\u0259dr m\u00fcavini, professor Jal\u0259 \u018fliyeva 4 noyabr tarixind\u0259 Z\u0259rdab rayonunda se\u00e7icil\u0259rl\u0259 n\u00f6vb\u0259ti g\u00f6r\u00fc\u015f\u00fcn\u00fc v\u0259 q\u0259bulunu ke\u00e7irib.<\/strong><\/p>\n<p><span style=\"color: #ff0000;\"><strong>Zerdab.com<\/strong> <\/span>sayt\u0131na veril\u0259n m\u0259lumata g\u00f6r\u0259, mill\u0259t v\u0259kilinin q\u0259buluna g\u0259l\u0259nl\u0259rd\u0259n iki n\u0259f\u0259r-\u0259kiz qarda\u015flar v\u0259 dig\u0259r bir v\u0259t\u0259nda\u015f i\u015fl\u0259 ba\u011fl\u0131 m\u00fcraci\u0259t edib.<\/p>\n<p>Onlar\u0131n m\u00fcraci\u0259tl\u0259ri M\u0259\u015f\u011fulluq \u0130dar\u0259sin\u0259 g\u00f6nd\u0259rilib, eyni zamanda, yerind\u0259c\u0259 m\u00fcxt\u0259lif \u00a0t\u0259\u015fkilatlarla \u0259laq\u0259 saxlan\u0131l\u0131b v\u0259 bu insanlar\u0131 i\u015fl\u0259 t\u0259min etm\u0259k \u00fc\u00e7\u00fcn vakansiyan\u0131n olub-olmamas\u0131 il\u0259 ba\u011fl\u0131 maraqlan\u0131l\u0131b.<\/p>\n<p><a href=\"http:\/\/www.zerdab.com\/?attachment_id=26202\" rel=\"attachment wp-att-26202\"><img loading=\"lazy\" decoding=\"async\" class=\"aligncenter size-large wp-image-26202\" src=\"http:\/\/www.zerdab.com\/wp-content\/uploads\/2018\/11\/Jale-Eliyeva-deputat-Zerdab-ucar1-550x267.jpg\" alt=\"Jale-Eliyeva-deputat-Zerdab-ucar1\" width=\"550\" height=\"267\" \/><\/a>G\u00f6r\u00fc\u015f-q\u0259bulda h\u0259m\u00e7inin, Az\u0259rbaycan\u0131n son ill\u0259rd\u0259ki inki\u015faf\u0131 haqq\u0131nda qar\u015f\u0131l\u0131ql\u0131 m\u00fczakir\u0259l\u0259r apar\u0131l\u0131b, se\u00e7icil\u0259rin d\u0259 bu y\u00f6nd\u0259 fikirl\u0259ri dinl\u0259nilib.<\/p>\n<p>Qeyd ed\u0259k ki, v\u0259t\u0259nda\u015flardan g\u00f6r\u00fc\u015f-q\u0259bula probleml\u0259rinin h\u0259llin\u0259 k\u00f6m\u0259kliyin\u0259 g\u00f6r\u0259 deputata t\u0259\u015f\u0259kk\u00fcr \u00fc\u00e7\u00fcn g\u0259l\u0259nl\u0259r d\u0259 olub.<\/p>\n<p>Konkret olaraq, alimentl\u0259 ba\u011fl\u0131 probleml\u0259 \u00fczl\u0259\u015f\u0259n rayon sakinl\u0259rind\u0259n birin\u0259 mill\u0259t v\u0259kilinin m\u00fcraci\u0259tind\u0259n sonra yerli m\u0259hk\u0259m\u0259 instansiyas\u0131 t\u0259r\u0259find\u0259n k\u00f6m\u0259k g\u00f6st\u0259rilib v\u0259 bununla \u0259laq\u0259dar deputat h\u0259min \u015f\u0259xsd\u0259n b\u00f6y\u00fck bir t\u0259\u015f\u0259kk\u00fcr al\u0131b.<\/p>\n<p><a href=\"http:\/\/www.zerdab.com\/?attachment_id=26202\" rel=\"attachment wp-att-26202\"><img loading=\"lazy\" decoding=\"async\" class=\"aligncenter size-large wp-image-26202\" src=\"http:\/\/www.zerdab.com\/wp-content\/uploads\/2018\/11\/Jale-Eliyeva-deputat-Zerdab-ucar1-550x267.jpg\" alt=\"Jale-Eliyeva-deputat-Zerdab-ucar1\" width=\"550\" height=\"267\" \/><\/a>G\u00f6r\u00fc\u015f-q\u0259bulda eyni zamanda, sosial m\u00fcavin\u0259tl\u0259rl\u0259 ba\u011fl\u0131 yeni qaydalar\u0131n t\u0259tbiqind\u0259n sonra m\u00fc\u0259yy\u0259nfasil\u0259nin yaranmas\u0131, rayon sakinl\u0259rind\u0259n birinin \u00a0(onun iddias\u0131 bu y\u00f6nd\u0259dir) iki il\u0259 yax\u0131n bir d\u00f6vr \u0259rzind\u0259 m\u00fcavin\u0259tini ala bilm\u0259m\u0259si v\u0259 onun bu m\u0259s\u0259l\u0259 il\u0259 ba\u011fl\u0131 deputata m\u00fcraci\u0259tin\u0259 bax\u0131l\u0131b. Qeyd olunub ki, bu m\u00fcraci\u0259t yax\u0131n g\u00fcnl\u0259rd\u0259 ara\u015fd\u0131r\u0131lmas\u0131 v\u0259 s\u0259b\u0259bl\u0259rin \u00fcz\u0259 \u00e7\u0131xar\u0131lmas\u0131 \u00fc\u00e7\u00fcn \u018fm\u0259k v\u0259 \u018fhalinin Sosial M\u00fcdafi\u0259 Nazirliyin\u0259 g\u00f6nd\u0259ril\u0259c\u0259k.<\/p>\n<p><a href=\"http:\/\/www.zerdab.com\/?attachment_id=26203\" rel=\"attachment wp-att-26203\"><img loading=\"lazy\" decoding=\"async\" class=\"aligncenter size-large wp-image-26203\" src=\"http:\/\/www.zerdab.com\/wp-content\/uploads\/2018\/11\/Jale-Eliyeva-deputat-Zerdab-ucar2-550x267.jpg\" alt=\"\" width=\"550\" height=\"267\" \/><\/a><\/p>\n<p>Dig\u0259r iki m\u00fcraci\u0259t is\u0259 Z\u0259rdab \u015f\u0259h\u0259rinin m\u0259rk\u0259zi k\u00fc\u00e7\u0259l\u0259rinin i\u015f\u0131qland\u0131r\u0131lmas\u0131nda yaranan problem, h\u0259m\u00e7inin, \u00fc\u00e7 il bundan \u0259vv\u0259l istifad\u0259y\u0259 veril\u0259n, m\u00fcasir standartlara cavab ver\u0259n, y\u00fcks\u0259k s\u0259viyy\u0259d\u0259 in\u015fa edil\u0259n, \u015f\u0259xs\u0259n \u00f6lk\u0259 prezidenti \u0130lham \u018fliyev v\u0259 \u00f6lk\u0259nin birinci xan\u0131m\u0131 Mehriban \u018fliyevan\u0131n i\u015ftirak\u0131 il\u0259 a\u00e7\u0131lan x\u0259st\u0259xanan\u0131n dializ makinalar\u0131n\u0131n i\u015fl\u0259m\u0259m\u0259si\u00a0 il\u0259 ba\u011fl\u0131 olub. H\u0259min m\u00fcraci\u0259tl\u0259r d\u0259 yerind\u0259 ara\u015fd\u0131r\u0131l\u0131b. Makinalar\u0131n\u00a0 i\u015fl\u0259m\u0259si \u00fc\u00e7\u00fcn laz\u0131m olan texniki avadanl\u0131\u011f\u0131n S\u0259hiyy\u0259 Nazirliyi t\u0259r\u0259find\u0259n t\u0259min edilm\u0259sin\u0259 ehtiyac\u0131 oldu\u011fu m\u0259lum olub. Bu problemin d\u0259 h\u0259lli \u00fc\u00e7\u00fcn deputat t\u0259r\u0259find\u0259n bug\u00fcnl\u0259rd\u0259 S\u0259hiyy\u0259 Nazirliyin\u0259 m\u00fcraci\u0259t olunmas\u0131 q\u0259rarla\u015fd\u0131r\u0131l\u0131b.<\/p>\n<p>Daha sonra f\u0259rdi evin tikilm\u0259si, lakin qaz x\u0259ttinin \u00e7\u0259kilm\u0259m\u0259si s\u0259b\u0259bind\u0259n probleml\u0259 qar\u015f\u0131la\u015fan bir v\u0259t\u0259nda\u015f\u0131n da m\u00fcraci\u0259ti dinl\u0259nilib v\u0259 m\u00fcraci\u0259t \u0259laq\u0259dar t\u0259\u015fkilata g\u00f6nd\u0259rilib.<\/p>\n<p><a href=\"http:\/\/www.zerdab.com\/?attachment_id=26204\" rel=\"attachment wp-att-26204\"><img loading=\"lazy\" decoding=\"async\" class=\"aligncenter size-large wp-image-26204\" src=\"http:\/\/www.zerdab.com\/wp-content\/uploads\/2018\/11\/Jale-Eliyeva-deputat-Zerdab-ucar3-309x550.jpg\" alt=\"Jale-Eliyeva-deputat-Zerdab-ucar3\" width=\"309\" height=\"550\" \/><\/a><\/p>\n","protected":false},"excerpt":{"rendered":"<p>Z\u0259rdab-Ucar Se\u00e7ki Dair\u0259sind\u0259n mill\u0259t v\u0259kili, Milli M\u0259clisin (MM) M\u0259d\u0259niyy\u0259t komit\u0259sinin s\u0259dr m\u00fcavini, professor Jal\u0259 \u018fliyeva 4 noyabr tarixind\u0259 Z\u0259rdab rayonunda se\u00e7icil\u0259rl\u0259 n\u00f6vb\u0259ti g\u00f6r\u00fc\u015f\u00fcn\u00fc v\u0259 q\u0259bulunu ke\u00e7irib. Zerdab.com sayt\u0131na veril\u0259n m\u0259lumata g\u00f6r\u0259, mill\u0259t v\u0259kilinin q\u0259buluna g\u0259l\u0259nl\u0259rd\u0259n iki n\u0259f\u0259r-\u0259kiz qarda\u015flar v\u0259 dig\u0259r bir v\u0259t\u0259nda\u015f i\u015fl\u0259 ba\u011fl\u0131 m\u00fcraci\u0259t edib. Onlar\u0131n m\u00fcraci\u0259tl\u0259ri M\u0259\u015f\u011fulluq \u0130dar\u0259sin\u0259 g\u00f6nd\u0259rilib, eyni zamanda, yerind\u0259c\u0259 m\u00fcxt\u0259lif [&hellip;]<\/p>\n","protected":false},"author":1,"featured_media":0,"comment_status":"open","ping_status":"open","sticky":false,"template":"","format":"standard","meta":{"footnotes":""},"categories":[21,63],"tags":[],"class_list":{"0":"post-26200","1":"post","2":"type-post","3":"status-publish","4":"format-standard","6":"category-zrdab","7":"category-manset"},"yoast_head":"<!-- This site is optimized with the Yoast SEO plugin v27.0 - https:\/\/yoast.com\/product\/yoast-seo-wordpress\/ -->\n<title>Mill\u0259t v\u0259kilimiz Jal\u0259 \u018fliyeva Z\u0259rdabda se\u00e7icil\u0259rin q\u0259bulunu ke\u00e7irib - FOTOLAR - Z\u0259rdab.com<\/title>\n<meta name=\"robots\" content=\"index, follow, max-snippet:-1, max-image-preview:large, max-video-preview:-1\" \/>\n<link rel=\"canonical\" href=\"https:\/\/www.zerdab.com\/?p=26200\" \/>\n<meta property=\"og:locale\" content=\"az_AZ\" \/>\n<meta property=\"og:type\" content=\"article\" \/>\n<meta property=\"og:title\" content=\"Mill\u0259t v\u0259kilimiz Jal\u0259 \u018fliyeva Z\u0259rdabda se\u00e7icil\u0259rin q\u0259bulunu ke\u00e7irib - FOTOLAR - Z\u0259rdab.com\" \/>\n<meta property=\"og:description\" content=\"Z\u0259rdab-Ucar Se\u00e7ki Dair\u0259sind\u0259n mill\u0259t v\u0259kili, Milli M\u0259clisin (MM) M\u0259d\u0259niyy\u0259t komit\u0259sinin s\u0259dr m\u00fcavini, professor Jal\u0259 \u018fliyeva 4 noyabr tarixind\u0259 Z\u0259rdab rayonunda se\u00e7icil\u0259rl\u0259 n\u00f6vb\u0259ti g\u00f6r\u00fc\u015f\u00fcn\u00fc v\u0259 q\u0259bulunu ke\u00e7irib. Zerdab.com sayt\u0131na veril\u0259n m\u0259lumata g\u00f6r\u0259, mill\u0259t v\u0259kilinin q\u0259buluna g\u0259l\u0259nl\u0259rd\u0259n iki n\u0259f\u0259r-\u0259kiz qarda\u015flar v\u0259 dig\u0259r bir v\u0259t\u0259nda\u015f i\u015fl\u0259 ba\u011fl\u0131 m\u00fcraci\u0259t edib. Onlar\u0131n m\u00fcraci\u0259tl\u0259ri M\u0259\u015f\u011fulluq \u0130dar\u0259sin\u0259 g\u00f6nd\u0259rilib, eyni zamanda, yerind\u0259c\u0259 m\u00fcxt\u0259lif [&hellip;]\" \/>\n<meta property=\"og:url\" content=\"https:\/\/www.zerdab.com\/?p=26200\" \/>\n<meta property=\"og:site_name\" content=\"Z\u0259rdab.com\" \/>\n<meta property=\"article:published_time\" content=\"2018-11-07T08:06:20+00:00\" \/>\n<meta property=\"article:modified_time\" content=\"2018-11-07T08:11:44+00:00\" \/>\n<meta property=\"og:image\" content=\"http:\/\/www.zerdab.com\/wp-content\/uploads\/2018\/11\/Jale-Eliyeva-deputat-Zerdab-ucar1-550x267.jpg\" \/>\n<meta name=\"author\" content=\"admin\" \/>\n<meta name=\"twitter:card\" content=\"summary_large_image\" \/>\n<meta name=\"twitter:label1\" content=\"Written by\" \/>\n\t<meta name=\"twitter:data1\" content=\"admin\" \/>\n\t<meta name=\"twitter:label2\" content=\"Est. reading time\" \/>\n\t<meta name=\"twitter:data2\" content=\"3 minutes\" \/>\n<script type=\"application\/ld+json\" class=\"yoast-schema-graph\">{\"@context\":\"https:\/\/schema.org\",\"@graph\":[{\"@type\":\"Article\",\"@id\":\"https:\/\/www.zerdab.com\/?p=26200#article\",\"isPartOf\":{\"@id\":\"https:\/\/www.zerdab.com\/?p=26200\"},\"author\":{\"name\":\"admin\",\"@id\":\"https:\/\/www.zerdab.com\/#\/schema\/person\/97079b7570c1e89ec0d9e138c3672136\"},\"headline\":\"Mill\u0259t v\u0259kilimiz Jal\u0259 \u018fliyeva Z\u0259rdabda se\u00e7icil\u0259rin q\u0259bulunu ke\u00e7irib &#8211; FOTOLAR\",\"datePublished\":\"2018-11-07T08:06:20+00:00\",\"dateModified\":\"2018-11-07T08:11:44+00:00\",\"mainEntityOfPage\":{\"@id\":\"https:\/\/www.zerdab.com\/?p=26200\"},\"wordCount\":585,\"commentCount\":0,\"image\":{\"@id\":\"https:\/\/www.zerdab.com\/?p=26200#primaryimage\"},\"thumbnailUrl\":\"http:\/\/www.zerdab.com\/wp-content\/uploads\/2018\/11\/Jale-Eliyeva-deputat-Zerdab-ucar1-550x267.jpg\",\"articleSection\":[\"C\u018fM\u0130YY\u018fT\",\"MAN\u015eET\"],\"inLanguage\":\"az\",\"potentialAction\":[{\"@type\":\"CommentAction\",\"name\":\"Comment\",\"target\":[\"https:\/\/www.zerdab.com\/?p=26200#respond\"]}]},{\"@type\":\"WebPage\",\"@id\":\"https:\/\/www.zerdab.com\/?p=26200\",\"url\":\"https:\/\/www.zerdab.com\/?p=26200\",\"name\":\"Mill\u0259t v\u0259kilimiz Jal\u0259 \u018fliyeva Z\u0259rdabda se\u00e7icil\u0259rin q\u0259bulunu ke\u00e7irib - FOTOLAR - Z\u0259rdab.com\",\"isPartOf\":{\"@id\":\"https:\/\/www.zerdab.com\/#website\"},\"primaryImageOfPage\":{\"@id\":\"https:\/\/www.zerdab.com\/?p=26200#primaryimage\"},\"image\":{\"@id\":\"https:\/\/www.zerdab.com\/?p=26200#primaryimage\"},\"thumbnailUrl\":\"http:\/\/www.zerdab.com\/wp-content\/uploads\/2018\/11\/Jale-Eliyeva-deputat-Zerdab-ucar1-550x267.jpg\",\"datePublished\":\"2018-11-07T08:06:20+00:00\",\"dateModified\":\"2018-11-07T08:11:44+00:00\",\"author\":{\"@id\":\"https:\/\/www.zerdab.com\/#\/schema\/person\/97079b7570c1e89ec0d9e138c3672136\"},\"breadcrumb\":{\"@id\":\"https:\/\/www.zerdab.com\/?p=26200#breadcrumb\"},\"inLanguage\":\"az\",\"potentialAction\":[{\"@type\":\"ReadAction\",\"target\":[\"https:\/\/www.zerdab.com\/?p=26200\"]}]},{\"@type\":\"ImageObject\",\"inLanguage\":\"az\",\"@id\":\"https:\/\/www.zerdab.com\/?p=26200#primaryimage\",\"url\":\"\",\"contentUrl\":\"\"},{\"@type\":\"BreadcrumbList\",\"@id\":\"https:\/\/www.zerdab.com\/?p=26200#breadcrumb\",\"itemListElement\":[{\"@type\":\"ListItem\",\"position\":1,\"name\":\"Home\",\"item\":\"https:\/\/www.zerdab.com\/\"},{\"@type\":\"ListItem\",\"position\":2,\"name\":\"Mill\u0259t v\u0259kilimiz Jal\u0259 \u018fliyeva Z\u0259rdabda se\u00e7icil\u0259rin q\u0259bulunu ke\u00e7irib &#8211; FOTOLAR\"}]},{\"@type\":\"WebSite\",\"@id\":\"https:\/\/www.zerdab.com\/#website\",\"url\":\"https:\/\/www.zerdab.com\/\",\"name\":\"Z\u0259rdab.com\",\"description\":\"\",\"potentialAction\":[{\"@type\":\"SearchAction\",\"target\":{\"@type\":\"EntryPoint\",\"urlTemplate\":\"https:\/\/www.zerdab.com\/?s={search_term_string}\"},\"query-input\":{\"@type\":\"PropertyValueSpecification\",\"valueRequired\":true,\"valueName\":\"search_term_string\"}}],\"inLanguage\":\"az\"},{\"@type\":\"Person\",\"@id\":\"https:\/\/www.zerdab.com\/#\/schema\/person\/97079b7570c1e89ec0d9e138c3672136\",\"name\":\"admin\",\"image\":{\"@type\":\"ImageObject\",\"inLanguage\":\"az\",\"@id\":\"https:\/\/www.zerdab.com\/#\/schema\/person\/image\/\",\"url\":\"https:\/\/secure.gravatar.com\/avatar\/d9c52a9a27c32119cb6679a077fa3e2779e5f822c451cbf01098004361d466ec?s=96&d=mm&r=g\",\"contentUrl\":\"https:\/\/secure.gravatar.com\/avatar\/d9c52a9a27c32119cb6679a077fa3e2779e5f822c451cbf01098004361d466ec?s=96&d=mm&r=g\",\"caption\":\"admin\"},\"url\":\"https:\/\/www.zerdab.com\/?author=1\"}]}<\/script>\n<!-- \/ Yoast SEO plugin. -->","yoast_head_json":{"title":"Mill\u0259t v\u0259kilimiz Jal\u0259 \u018fliyeva Z\u0259rdabda se\u00e7icil\u0259rin q\u0259bulunu ke\u00e7irib - FOTOLAR - Z\u0259rdab.com","robots":{"index":"index","follow":"follow","max-snippet":"max-snippet:-1","max-image-preview":"max-image-preview:large","max-video-preview":"max-video-preview:-1"},"canonical":"https:\/\/www.zerdab.com\/?p=26200","og_locale":"az_AZ","og_type":"article","og_title":"Mill\u0259t v\u0259kilimiz Jal\u0259 \u018fliyeva Z\u0259rdabda se\u00e7icil\u0259rin q\u0259bulunu ke\u00e7irib - FOTOLAR - Z\u0259rdab.com","og_description":"Z\u0259rdab-Ucar Se\u00e7ki Dair\u0259sind\u0259n mill\u0259t v\u0259kili, Milli M\u0259clisin (MM) M\u0259d\u0259niyy\u0259t komit\u0259sinin s\u0259dr m\u00fcavini, professor Jal\u0259 \u018fliyeva 4 noyabr tarixind\u0259 Z\u0259rdab rayonunda se\u00e7icil\u0259rl\u0259 n\u00f6vb\u0259ti g\u00f6r\u00fc\u015f\u00fcn\u00fc v\u0259 q\u0259bulunu ke\u00e7irib. Zerdab.com sayt\u0131na veril\u0259n m\u0259lumata g\u00f6r\u0259, mill\u0259t v\u0259kilinin q\u0259buluna g\u0259l\u0259nl\u0259rd\u0259n iki n\u0259f\u0259r-\u0259kiz qarda\u015flar v\u0259 dig\u0259r bir v\u0259t\u0259nda\u015f i\u015fl\u0259 ba\u011fl\u0131 m\u00fcraci\u0259t edib. Onlar\u0131n m\u00fcraci\u0259tl\u0259ri M\u0259\u015f\u011fulluq \u0130dar\u0259sin\u0259 g\u00f6nd\u0259rilib, eyni zamanda, yerind\u0259c\u0259 m\u00fcxt\u0259lif [&hellip;]","og_url":"https:\/\/www.zerdab.com\/?p=26200","og_site_name":"Z\u0259rdab.com","article_published_time":"2018-11-07T08:06:20+00:00","article_modified_time":"2018-11-07T08:11:44+00:00","og_image":[{"url":"http:\/\/www.zerdab.com\/wp-content\/uploads\/2018\/11\/Jale-Eliyeva-deputat-Zerdab-ucar1-550x267.jpg","type":"","width":"","height":""}],"author":"admin","twitter_card":"summary_large_image","twitter_misc":{"Written by":"admin","Est. reading time":"3 minutes"},"schema":{"@context":"https:\/\/schema.org","@graph":[{"@type":"Article","@id":"https:\/\/www.zerdab.com\/?p=26200#article","isPartOf":{"@id":"https:\/\/www.zerdab.com\/?p=26200"},"author":{"name":"admin","@id":"https:\/\/www.zerdab.com\/#\/schema\/person\/97079b7570c1e89ec0d9e138c3672136"},"headline":"Mill\u0259t v\u0259kilimiz Jal\u0259 \u018fliyeva Z\u0259rdabda se\u00e7icil\u0259rin q\u0259bulunu ke\u00e7irib &#8211; FOTOLAR","datePublished":"2018-11-07T08:06:20+00:00","dateModified":"2018-11-07T08:11:44+00:00","mainEntityOfPage":{"@id":"https:\/\/www.zerdab.com\/?p=26200"},"wordCount":585,"commentCount":0,"image":{"@id":"https:\/\/www.zerdab.com\/?p=26200#primaryimage"},"thumbnailUrl":"http:\/\/www.zerdab.com\/wp-content\/uploads\/2018\/11\/Jale-Eliyeva-deputat-Zerdab-ucar1-550x267.jpg","articleSection":["C\u018fM\u0130YY\u018fT","MAN\u015eET"],"inLanguage":"az","potentialAction":[{"@type":"CommentAction","name":"Comment","target":["https:\/\/www.zerdab.com\/?p=26200#respond"]}]},{"@type":"WebPage","@id":"https:\/\/www.zerdab.com\/?p=26200","url":"https:\/\/www.zerdab.com\/?p=26200","name":"Mill\u0259t v\u0259kilimiz Jal\u0259 \u018fliyeva Z\u0259rdabda se\u00e7icil\u0259rin q\u0259bulunu ke\u00e7irib - FOTOLAR - Z\u0259rdab.com","isPartOf":{"@id":"https:\/\/www.zerdab.com\/#website"},"primaryImageOfPage":{"@id":"https:\/\/www.zerdab.com\/?p=26200#primaryimage"},"image":{"@id":"https:\/\/www.zerdab.com\/?p=26200#primaryimage"},"thumbnailUrl":"http:\/\/www.zerdab.com\/wp-content\/uploads\/2018\/11\/Jale-Eliyeva-deputat-Zerdab-ucar1-550x267.jpg","datePublished":"2018-11-07T08:06:20+00:00","dateModified":"2018-11-07T08:11:44+00:00","author":{"@id":"https:\/\/www.zerdab.com\/#\/schema\/person\/97079b7570c1e89ec0d9e138c3672136"},"breadcrumb":{"@id":"https:\/\/www.zerdab.com\/?p=26200#breadcrumb"},"inLanguage":"az","potentialAction":[{"@type":"ReadAction","target":["https:\/\/www.zerdab.com\/?p=26200"]}]},{"@type":"ImageObject","inLanguage":"az","@id":"https:\/\/www.zerdab.com\/?p=26200#primaryimage","url":"","contentUrl":""},{"@type":"BreadcrumbList","@id":"https:\/\/www.zerdab.com\/?p=26200#breadcrumb","itemListElement":[{"@type":"ListItem","position":1,"name":"Home","item":"https:\/\/www.zerdab.com\/"},{"@type":"ListItem","position":2,"name":"Mill\u0259t v\u0259kilimiz Jal\u0259 \u018fliyeva Z\u0259rdabda se\u00e7icil\u0259rin q\u0259bulunu ke\u00e7irib &#8211; FOTOLAR"}]},{"@type":"WebSite","@id":"https:\/\/www.zerdab.com\/#website","url":"https:\/\/www.zerdab.com\/","name":"Z\u0259rdab.com","description":"","potentialAction":[{"@type":"SearchAction","target":{"@type":"EntryPoint","urlTemplate":"https:\/\/www.zerdab.com\/?s={search_term_string}"},"query-input":{"@type":"PropertyValueSpecification","valueRequired":true,"valueName":"search_term_string"}}],"inLanguage":"az"},{"@type":"Person","@id":"https:\/\/www.zerdab.com\/#\/schema\/person\/97079b7570c1e89ec0d9e138c3672136","name":"admin","image":{"@type":"ImageObject","inLanguage":"az","@id":"https:\/\/www.zerdab.com\/#\/schema\/person\/image\/","url":"https:\/\/secure.gravatar.com\/avatar\/d9c52a9a27c32119cb6679a077fa3e2779e5f822c451cbf01098004361d466ec?s=96&d=mm&r=g","contentUrl":"https:\/\/secure.gravatar.com\/avatar\/d9c52a9a27c32119cb6679a077fa3e2779e5f822c451cbf01098004361d466ec?s=96&d=mm&r=g","caption":"admin"},"url":"https:\/\/www.zerdab.com\/?author=1"}]}},"_links":{"self":[{"href":"https:\/\/www.zerdab.com\/index.php?rest_route=\/wp\/v2\/posts\/26200","targetHints":{"allow":["GET"]}}],"collection":[{"href":"https:\/\/www.zerdab.com\/index.php?rest_route=\/wp\/v2\/posts"}],"about":[{"href":"https:\/\/www.zerdab.com\/index.php?rest_route=\/wp\/v2\/types\/post"}],"author":[{"embeddable":true,"href":"https:\/\/www.zerdab.com\/index.php?rest_route=\/wp\/v2\/users\/1"}],"replies":[{"embeddable":true,"href":"https:\/\/www.zerdab.com\/index.php?rest_route=%2Fwp%2Fv2%2Fcomments&post=26200"}],"version-history":[{"count":3,"href":"https:\/\/www.zerdab.com\/index.php?rest_route=\/wp\/v2\/posts\/26200\/revisions"}],"predecessor-version":[{"id":26207,"href":"https:\/\/www.zerdab.com\/index.php?rest_route=\/wp\/v2\/posts\/26200\/revisions\/26207"}],"wp:attachment":[{"href":"https:\/\/www.zerdab.com\/index.php?rest_route=%2Fwp%2Fv2%2Fmedia&parent=26200"}],"wp:term":[{"taxonomy":"category","embeddable":true,"href":"https:\/\/www.zerdab.com\/index.php?rest_route=%2Fwp%2Fv2%2Fcategories&post=26200"},{"taxonomy":"post_tag","embeddable":true,"href":"https:\/\/www.zerdab.com\/index.php?rest_route=%2Fwp%2Fv2%2Ftags&post=26200"}],"curies":[{"name":"wp","href":"https:\/\/api.w.org\/{rel}","templated":true}]}}