{"id":26222,"date":"2018-11-21T18:11:15","date_gmt":"2018-11-21T14:11:15","guid":{"rendered":"http:\/\/www.zerdab.com\/?p=26222"},"modified":"2018-11-21T18:25:39","modified_gmt":"2018-11-21T14:25:39","slug":"mill%c9%99t-v%c9%99kilimiz-jal%c9%99-%c9%99liyeva-z%c9%99rdabin-probleml%c9%99rini-gund%c9%99m%c9%99-g%c9%99tirib-m%c9%99tn","status":"publish","type":"post","link":"https:\/\/www.zerdab.com\/?p=26222","title":{"rendered":"Mill\u0259t v\u0259kilimiz Jal\u0259 \u018fliyeva Milli M\u0259clisd\u0259 Z\u0259rdab\u0131n probleml\u0259rini g\u00fcnd\u0259m\u0259 g\u0259tirib"},"content":{"rendered":"<p>Z\u0259rdab-Ucar se\u00e7ki dair\u0259sind\u0259n mill\u0259t v\u0259kili Jal\u0259 \u018fliyeva n\u00f6vb\u0259ti d\u0259f\u0259 Milli M\u0259clisd\u0259 Z\u0259rdab rayonundan olan se\u00e7icil\u0259rinin ona etdikl\u0259ri m\u00fcraci\u0259tl\u0259r \u0259sas\u0131nda h\u0259llini g\u00f6zl\u0259y\u0259n m\u0259s\u0259l\u0259l\u0259ri g\u00fcnd\u0259m\u0259 g\u0259tirib. <span style=\"color: #ff0000;\"><strong>Zerdab.com<\/strong><\/span> sayt\u0131na veril\u0259n m\u0259lumata g\u00f6r\u0259, komit\u0259l\u0259r t\u0259r\u0259find\u0259n parlamentin iclas\u0131na 2-ci oxunu\u015f \u00fc\u00e7\u00fcn t\u00f6vsiy\u0259 olunan 2019-c\u00fc ilin b\u00fcdc\u0259 z\u0259rfinin m\u00fczakir\u0259si zaman\u0131 deputat \u00e7\u0131x\u0131\u015f\u0131nda deyib:<\/p>\n<p>&#8220;M\u0259n birinci n\u00f6vb\u0259d\u0259 Z\u0259rdab, bu rayonun \u0259halisinin Bak\u0131ya \u00e7\u0131x\u0131\u015f\u0131n\u0131 t\u0259min ed\u0259n Z\u0259rdab-Mollak\u0259nd yolu haqq\u0131nda dan\u0131\u015fmaq ist\u0259yir\u0259m. Bu yol bir ne\u00e7\u0259 il bundan \u0259vv\u0259l \u0259sasl\u0131 \u015f\u0259kild\u0259 tikil\u0259r\u0259k istifad\u0259y\u0259 verildi. N\u0259z\u0259r\u0259 alsaq ki, bu yol haz\u0131rda h\u0259m Z\u0259rdab rayonunun, h\u0259m d\u0259 qon\u015fu rayonlar\u0131n &#8211; \u0130mi\u015flinin, A\u011fcab\u0259dinin \u015f\u0259h\u0259r\u0259 \u00e7\u0131x\u0131\u015f\u0131 \u00fc\u00e7\u00fcn alternativ, \u0259h\u0259miyy\u0259tli bir yoldur v\u0259 bu yol, dem\u0259k olar ki, da\u011f\u0131l\u0131b v\u0259 istifad\u0259sizdir. Odur ki, Z\u0259rdab-Mollak\u0259nd yolunun \u0259sasl\u0131 t\u0259mirin\u0259 ehtiyac var. Eyni zamanda, yen\u0259 d\u0259 yollarla ba\u011fl\u0131 tikintisin\u0259 v\u0259sait ayr\u0131lm\u0131\u015f olan, lakin h\u0259l\u0259lik tikintisin\u0259 ba\u015flan\u0131lmayan Ucar-Z\u0259rdab-A\u011fcab\u0259di yolunun tikintisinin tezl\u0259\u015fdirilm\u0259sin\u0259 ehtiyac var&#8221;.<\/p>\n<p>Jal\u0259 \u018fliyeva deyib ki, 6 ya\u015fay\u0131\u015f m\u0259nt\u0259q\u0259sini birl\u0259\u015fdir\u0259n Z\u0259rdab-Qarav\u0259lli yolunun t\u0259mirin\u0259 v\u0259sait ayr\u0131lsa da, i\u015fl\u0259r\u0259 h\u0259l\u0259 ba\u015flanmay\u0131b: &#8220;H\u0259min layih\u0259nin d\u0259 s\u00fcr\u0259tl\u0259ndirilm\u0259sini xahi\u015f edirik. Eyni zamanda, biz k\u0259ndl\u0259raras\u0131 yollar\u0131n \u0259sasl\u0131 t\u0259mir edilm\u0259sin\u0259 d\u0259 ehtiyac g\u00f6r\u00fcr\u00fck. T\u0259hsilin inki\u015faf\u0131n\u0131 t\u0259min etm\u0259k m\u0259qs\u0259dil\u0259 T\u0259z\u0259k\u0259nd orta m\u0259kt\u0259binin yenid\u0259n tikilm\u0259si \u00fc\u00e7\u00fcn h\u0259l\u0259 iki \u0259vv\u0259l v\u0259sait ayr\u0131lsa da, tikinti i\u015fl\u0259rin\u0259 ba\u015flan\u0131lmay\u0131b v\u0259 yeri g\u0259lmi\u015fk\u0259n, qeyd etm\u0259k ist\u0259y\u0259rdik ki, bu t\u0259klifimizi \u00f6t\u0259n ill\u0259rd\u0259 d\u0259 ir\u0259li s\u00fcrm\u00fc\u015f\u00fck. Rayonun D\u0259liqu\u015f\u00e7u k\u0259nd orta m\u0259kt\u0259bi q\u0259zal\u0131 v\u0259ziyy\u0259td\u0259dir v\u0259 tezlikl\u0259 bu k\u0259ndin m\u0259kt\u0259binin t\u0259mirin\u0259 v\u0259 yenid\u0259n tikintisin\u0259 d\u0259 b\u00f6y\u00fck bir ehtiyac hiss olunur. Bir ne\u00e7\u0259 k\u0259lm\u0259 d\u0259 rayon s\u0259hiyy\u0259si il\u0259 ba\u011fl\u0131 dem\u0259k ist\u0259y\u0259rdim. Bundan iki il \u0259vv\u0259l \u00f6lk\u0259 Prezidenti c\u0259nab \u0130lham \u018fliyev v\u0259 birinci xan\u0131m, \u00f6lk\u0259nin birinci vitse-prezidenti Mehriban \u018fliyevan\u0131n i\u015ftiraklar\u0131 il\u0259 rayonda \u00e7ox m\u00f6ht\u0259\u015f\u0259m, b\u00fct\u00fcn standartlara cavab ver\u0259n, \u0259z\u0259m\u0259tli bir x\u0259st\u0259xana binas\u0131 a\u00e7\u0131ld\u0131 v\u0259 bu, \u0259lb\u0259tt\u0259 ki, sakinl\u0259rin \u00e7oxdan b\u0259ri arzulad\u0131qlar\u0131, g\u00f6zl\u0259dikl\u0259ri bir m\u00fc\u0259ssis\u0259 idi v\u0259 bu x\u0259st\u0259xana b\u00fct\u00fcn avadanl\u0131qlarla, d\u00fcnya standartl\u0131 avadanl\u0131qlarla t\u0259hciz edilib. Lakin t\u0259\u0259ss\u00fcfl\u0259r olsun ki, bu x\u0259st\u0259xanan\u0131n dializ \u015f\u00f6b\u0259si tam rejimi il\u0259 i\u015fl\u0259y\u0259 bilmir. Y\u0259ni, x\u0259st\u0259xanadak\u0131 dializ makinalar\u0131n\u0131n i\u015fl\u0259m\u0259si \u00fc\u00e7\u00fcn filtr cihazlar\u0131na ehtiyac var. \u00c7\u00fcnki h\u0259min aparatlar bu cihazlarla i\u015fl\u0259yirl\u0259r v\u0259 son d\u0259f\u0259 rayonda olark\u0259n yerli sakinl\u0259r m\u0259n\u0259 m\u00fcraci\u0259t ed\u0259r\u0259k, x\u0259st\u0259l\u0259ri olduqlar\u0131 zaman dializ x\u0259st\u0259l\u0259rini qon\u015fu rayonlara aparmaq m\u0259cburiyy\u0259tind\u0259 qald\u0131qlar\u0131n\u0131 bildirmi\u015fdil\u0259r. Bu m\u0259s\u0259l\u0259ni S\u0259hiyy\u0259 Nazirliyinin n\u0259z\u0259rin\u0259 \u00e7atd\u0131rmaq ist\u0259yirik. Eyni zamanda, rayonun \u0259halisinin say\u0131n\u0131n artmas\u0131n\u0131 n\u0259z\u0259r\u0259 alaraq rayon m\u0259rk\u0259zi x\u0259st\u0259xanas\u0131nda bu g\u00fcn\u0259 q\u0259d\u0259r m\u00f6vcud olmayan T\u0259cili Yard\u0131m \u015e\u00f6b\u0259sinin a\u00e7\u0131lmas\u0131na da ehtiyac var. T\u0259cili yard\u0131m haqq\u0131nda dan\u0131\u015fm\u0131\u015fk\u0259n, b\u00fct\u00fcn rayona, sad\u0259c\u0259, bir t\u0259cili yard\u0131m ma\u015f\u0131n\u0131 il\u0259 xidm\u0259t g\u00f6st\u0259rilir ki, bu da \u0259halisi 50 mind\u0259n art\u0131q olan bir rayon \u00fc\u00e7\u00fcn, \u0259lb\u0259tt\u0259, \u00e7ox azd\u0131r. Bu m\u0259s\u0259l\u0259nin d\u0259 n\u0259z\u0259r\u0259 al\u0131nmas\u0131n\u0131 xahi\u015f edirik. Eyni zamanda, rayonun M\u0259likli v\u0259 K\u00f6rp\u00fck\u0259nd sah\u0259 x\u0259st\u0259xanalar\u0131 \u00fc\u00e7\u00fcn yeni bina tikilm\u0259si v\u0259 ya onlar\u0131n \u0259sasl\u0131 t\u0259miri d\u0259 \u00f6z n\u00f6vb\u0259sini g\u00f6zl\u0259yir. N\u0259z\u0259riniz\u0259 \u00e7atd\u0131r\u0131m ki, bu xahi\u015fimizi d\u0259 daha \u0259vv\u0259lki ill\u0259rd\u0259 b\u00fcdc\u0259 m\u00fczakir\u0259si zaman\u0131 n\u0259z\u0259r\u0259 \u00e7atd\u0131rm\u0131\u015f\u0131q&#8221;.<\/p>\n<p>Mill\u0259t v\u0259kili bununla yana\u015f\u0131, meliorasiya sah\u0259si il\u0259 d\u0259 ba\u011fl\u0131 fikirl\u0259rini a\u00e7\u0131qlay\u0131b v\u0259 bildirib ki, Z\u0259rdabda 10 min hektar \u015foranla\u015fm\u0131\u015f \u0259kin sah\u0259sind\u0259 kompleks meliorasiya i\u015fl\u0259rinin apar\u0131lmas\u0131na ehtiyac hiss olunur: &#8220;M\u0259likmudlu k\u0259ndinin \u0259kin v\u0259 h\u0259y\u0259tyan\u0131 sah\u0259l\u0259rinin suvar\u0131lmas\u0131nda m\u00f6vcud \u00e7\u0259tinlikl\u0259ri aradan qald\u0131rmaq \u00fc\u00e7\u00fcn su x\u0259ttinin \u00e7\u0259kilm\u0259sini xahi\u015f edirik. Eyni zamanda, \u018flv\u0259nd, Otmanoba, \u015eahh\u00fcseynli, D\u0259kk\u0259oba, G\u0259nd\u0259bil b\u0259l\u0259diyy\u0259l\u0259rin\u0259 m\u0259xsus \u0259kin sah\u0259l\u0259rind\u0259 suvarma i\u015finin t\u0259\u015fkili d\u0259 prioritet m\u0259s\u0259l\u0259l\u0259rd\u0259n biridir. Bilirsiniz ki, b\u00fct\u00fcn sah\u0259l\u0259rd\u0259 oldu\u011fu kimi, y\u0259ni, k\u0259nd t\u0259s\u0259rr\u00fcfat\u0131n\u0131n inki\u015faf\u0131 il\u0259 ba\u011fl\u0131 da b\u00f6y\u00fck d\u00f6vl\u0259t layih\u0259l\u0259ri h\u0259yata ke\u00e7irilir. Bu layih\u0259l\u0259rd\u0259n biri d\u0259 \u00f6lk\u0259d\u0259 barama\u00e7\u0131l\u0131\u011f\u0131n inki\u015faf\u0131 il\u0259 ba\u011fl\u0131d\u0131r v\u0259 Z\u0259rdab da barama istehsal ed\u0259n bir rayondur. Lakin bu rayonda barama q\u0259bulu m\u0259nt\u0259q\u0259sinin olmamas\u0131, i\u015fl\u0259ri bir m\u0259nada axsad\u0131r v\u0259 xahi\u015f ed\u0259rdik ki, rayonda barama q\u0259bulu m\u0259nt\u0259q\u0259sinin tikintisi \u00fc\u00e7\u00fcn v\u0259sait ayr\u0131ls\u0131n&#8221;.<\/p>\n<p>J. \u018fliyeva daha sonra qeyd edib ki, son zamanlarda Z\u0259rdab\u0131n m\u0259rk\u0259zi k\u00fc\u00e7\u0259l\u0259rinin i\u015f\u0131qland\u0131r\u0131lmas\u0131nda problem ya\u015fan\u0131r: &#8220;Bug\u00fcnl\u0259rd\u0259 rayonda olmu\u015fam, q\u0259bul ke\u00e7irmi\u015f\u0259m v\u0259 sakinl\u0259r m\u00fcraci\u0259t ed\u0259r\u0259k, \u00e7oxdan b\u0259ri istifad\u0259si bitmi\u015f olan elektrik dir\u0259kl\u0259rinin yenil\u0259ndiyini, &#8220;Az\u0259renerji&#8221; t\u0259r\u0259find\u0259n \u00e7ox b\u00f6y\u00fck bir diqq\u0259t g\u00f6st\u0259rildiyini v\u0259 rayonun i\u015f\u0131q, elektrik sisteminin tamamil\u0259 yenil\u0259ndiyini, t\u0259z\u0259l\u0259ndiyini b\u00f6y\u00fck m\u0259mnunluqla dil\u0259 g\u0259tirdil\u0259r. Amma bu i\u015fl\u0259rin b\u00f6y\u00fck bir hiss\u0259si bits\u0259 d\u0259, hardasa 30-40 faizi h\u0259l\u0259lik bitm\u0259mi\u015f qal\u0131b v\u0259 geriy\u0259 qalan hiss\u0259si art\u0131q rayonun, dem\u0259li, daxili v\u0259saitl\u0259ri hesab\u0131na h\u0259ll edilm\u0259sin\u0259 ehtiyac olan m\u0259s\u0259l\u0259l\u0259rdir. Lakin ilin sonuna do\u011fru g\u0259lirik v\u0259 v\u0259sait d\u0259 t\u0259bii ki, art\u0131q olmad\u0131\u011f\u0131na g\u00f6r\u0259 bu elektrik dir\u0259kl\u0259rinin b\u0259rpa edilm\u0259si m\u00fcmk\u00fcn olmay\u0131b. Xahi\u015f ed\u0259rdik ki, \u00f6n\u00fcm\u00fczd\u0259ki il bu n\u0259z\u0259r\u0259 al\u0131ns\u0131n v\u0259 rayona v\u0259sait ayr\u0131lark\u0259n x\u00fcsusil\u0259 rayonun i\u015f\u0131qland\u0131r\u0131lmas\u0131, \u015f\u0259h\u0259r k\u00fc\u00e7\u0259l\u0259rinin, m\u0259rk\u0259zi k\u00fc\u00e7\u0259l\u0259rin i\u015f\u0131qland\u0131r\u0131lmas\u0131 m\u0259s\u0259l\u0259sind\u0259 rayona k\u00f6m\u0259k g\u00f6st\u0259rilsin. Bir ne\u00e7\u0259 k\u0259lm\u0259 d\u0259 Qaraba\u011f \u0259lill\u0259ri \u00fc\u00e7\u00fcn b\u00fct\u00fcn \u00f6lk\u0259mizd\u0259 tikil\u0259n, tikilm\u0259kd\u0259 olan evl\u0259r haqq\u0131nda dan\u0131\u015fmaq ist\u0259y\u0259rdim. Bu g\u00fcn Qaraba\u011f \u0259lill\u0259ri, veteranlar, \u015f\u0259hid ail\u0259l\u0259ri d\u00f6vl\u0259tin b\u00f6y\u00fck bir qay\u011f\u0131s\u0131 il\u0259 \u0259hat\u0259 olunub. Z\u0259rdab rayonunda da bu q\u0259bild\u0259n ail\u0259l\u0259r \u00fc\u00e7\u00fcn bu g\u00fcn\u0259 q\u0259d\u0259r xeyli m\u0259nzill\u0259r in\u015fa edilib, f\u0259rdi evl\u0259r tikilib v\u0259 xahi\u015f ed\u0259rdik ki, 36 m\u0259nzilli binan\u0131n tikilm\u0259si, y\u0259ni, n\u0259z\u0259rd\u0259 tutulan 36 m\u0259nzilli binan\u0131n v\u0259 f\u0259rdi evl\u0259rin tikinti i\u015fl\u0259rinin s\u00fcr\u0259tl\u0259ndirilm\u0259si \u00fc\u00e7\u00fcn \u0259lav\u0259 v\u0259sait ayr\u0131lmas\u0131 m\u0259s\u0259l\u0259sini d\u0259 h\u00f6kum\u0259t n\u0259z\u0259rind\u0259 saxlas\u0131n. Eyni zamanda, deputat\u0131 oldu\u011fum Ucar rayonu il\u0259 d\u0259 ba\u011fl\u0131 bir ne\u00e7\u0259 t\u0259klif s\u0259sl\u0259ndirm\u0259k ist\u0259rdim. Ucar rayonunun B\u0259rg\u00fc\u015fad k\u0259ndind\u0259 80-ci ill\u0259rd\u0259 tikil\u0259n, qon\u015fu 5 k\u0259ndin \u0259halisini su il\u0259 t\u0259min ed\u0259n \u015eirvan kanal\u0131n\u0131n geni\u015fl\u0259nm\u0259sin\u0259 ehtiyac yaran\u0131b v\u0259 bunun \u00fc\u00e7\u00fcn v\u0259sait\u0259 ehtiyac var. H\u0259m\u00e7inin, B\u0259rg\u00fc\u015fad v\u0259 L\u0259k k\u0259ndl\u0259rinin M\u0259d\u0259niyy\u0259t evl\u0259ri q\u0259zal\u0131 v\u0259ziyy\u0259td\u0259dir v\u0259 b\u0259rpa olunmal\u0131d\u0131r. Bu haqda daha \u0259vv\u0259lki \u00e7\u0131x\u0131\u015flar\u0131m\u0131zda da, m\u00fcraci\u0259tl\u0259rimizd\u0259 d\u0259 \u00f6z fikirl\u0259rimizi s\u0259sl\u0259ndirmi\u015fdik. Eyni zamanda, L\u0259k k\u0259ndind\u0259 m\u00f6vcud olan iki m\u0259kt\u0259bin qazanxanalar\u0131na qaz x\u0259tti \u00e7\u0259kils\u0259 d\u0259, say\u011faclar qura\u015fd\u0131r\u0131lmad\u0131\u011f\u0131 \u00fc\u00e7\u00fcn h\u0259min m\u0259kt\u0259bl\u0259r\u0259 haz\u0131rda istilik verilmir. Biz bu m\u0259s\u0259l\u0259ni d\u0259 \u00f6t\u0259n d\u0259f\u0259 diqq\u0259t\u0259 \u00e7atd\u0131rm\u0131\u015fd\u0131q v\u0259 bir daha n\u0259z\u0259r\u0259 \u00e7atd\u0131rmaq ist\u0259yirik ki, bu k\u0259ndl\u0259r haz\u0131rda h\u0259min m\u0259s\u0259l\u0259l\u0259rin h\u0259llini g\u00f6zl\u0259yirl\u0259r&#8221;.<\/p>\n","protected":false},"excerpt":{"rendered":"<p>Z\u0259rdab-Ucar se\u00e7ki dair\u0259sind\u0259n mill\u0259t v\u0259kili Jal\u0259 \u018fliyeva n\u00f6vb\u0259ti d\u0259f\u0259 Milli M\u0259clisd\u0259 Z\u0259rdab rayonundan olan se\u00e7icil\u0259rinin ona etdikl\u0259ri m\u00fcraci\u0259tl\u0259r \u0259sas\u0131nda h\u0259llini g\u00f6zl\u0259y\u0259n m\u0259s\u0259l\u0259l\u0259ri g\u00fcnd\u0259m\u0259 g\u0259tirib. Zerdab.com sayt\u0131na veril\u0259n m\u0259lumata g\u00f6r\u0259, komit\u0259l\u0259r t\u0259r\u0259find\u0259n parlamentin iclas\u0131na 2-ci oxunu\u015f \u00fc\u00e7\u00fcn t\u00f6vsiy\u0259 olunan 2019-c\u00fc ilin b\u00fcdc\u0259 z\u0259rfinin m\u00fczakir\u0259si zaman\u0131 deputat \u00e7\u0131x\u0131\u015f\u0131nda deyib: &#8220;M\u0259n birinci n\u00f6vb\u0259d\u0259 Z\u0259rdab, bu rayonun \u0259halisinin Bak\u0131ya [&hellip;]<\/p>\n","protected":false},"author":1,"featured_media":26223,"comment_status":"open","ping_status":"open","sticky":false,"template":"","format":"standard","meta":{"footnotes":""},"categories":[21,63],"tags":[],"class_list":{"0":"post-26222","1":"post","2":"type-post","3":"status-publish","4":"format-standard","5":"has-post-thumbnail","7":"category-zrdab","8":"category-manset"},"yoast_head":"<!-- This site is optimized with the Yoast SEO plugin v27.0 - https:\/\/yoast.com\/product\/yoast-seo-wordpress\/ -->\n<title>Mill\u0259t v\u0259kilimiz Jal\u0259 \u018fliyeva Milli M\u0259clisd\u0259 Z\u0259rdab\u0131n probleml\u0259rini g\u00fcnd\u0259m\u0259 g\u0259tirib - Z\u0259rdab.com<\/title>\n<meta name=\"robots\" content=\"index, follow, max-snippet:-1, max-image-preview:large, max-video-preview:-1\" \/>\n<link rel=\"canonical\" href=\"https:\/\/www.zerdab.com\/?p=26222\" \/>\n<meta property=\"og:locale\" content=\"az_AZ\" \/>\n<meta property=\"og:type\" content=\"article\" \/>\n<meta property=\"og:title\" content=\"Mill\u0259t v\u0259kilimiz Jal\u0259 \u018fliyeva Milli M\u0259clisd\u0259 Z\u0259rdab\u0131n probleml\u0259rini g\u00fcnd\u0259m\u0259 g\u0259tirib - Z\u0259rdab.com\" \/>\n<meta property=\"og:description\" content=\"Z\u0259rdab-Ucar se\u00e7ki dair\u0259sind\u0259n mill\u0259t v\u0259kili Jal\u0259 \u018fliyeva n\u00f6vb\u0259ti d\u0259f\u0259 Milli M\u0259clisd\u0259 Z\u0259rdab rayonundan olan se\u00e7icil\u0259rinin ona etdikl\u0259ri m\u00fcraci\u0259tl\u0259r \u0259sas\u0131nda h\u0259llini g\u00f6zl\u0259y\u0259n m\u0259s\u0259l\u0259l\u0259ri g\u00fcnd\u0259m\u0259 g\u0259tirib. Zerdab.com sayt\u0131na veril\u0259n m\u0259lumata g\u00f6r\u0259, komit\u0259l\u0259r t\u0259r\u0259find\u0259n parlamentin iclas\u0131na 2-ci oxunu\u015f \u00fc\u00e7\u00fcn t\u00f6vsiy\u0259 olunan 2019-c\u00fc ilin b\u00fcdc\u0259 z\u0259rfinin m\u00fczakir\u0259si zaman\u0131 deputat \u00e7\u0131x\u0131\u015f\u0131nda deyib: &#8220;M\u0259n birinci n\u00f6vb\u0259d\u0259 Z\u0259rdab, bu rayonun \u0259halisinin Bak\u0131ya [&hellip;]\" \/>\n<meta property=\"og:url\" content=\"https:\/\/www.zerdab.com\/?p=26222\" \/>\n<meta property=\"og:site_name\" content=\"Z\u0259rdab.com\" \/>\n<meta property=\"article:published_time\" content=\"2018-11-21T14:11:15+00:00\" \/>\n<meta property=\"article:modified_time\" content=\"2018-11-21T14:25:39+00:00\" \/>\n<meta property=\"og:image\" content=\"https:\/\/www.zerdab.com\/wp-content\/uploads\/2018\/11\/jale-eliyeva-deputat.jpg\" \/>\n\t<meta property=\"og:image:width\" content=\"400\" \/>\n\t<meta property=\"og:image:height\" content=\"317\" \/>\n\t<meta property=\"og:image:type\" content=\"image\/jpeg\" \/>\n<meta name=\"author\" content=\"admin\" \/>\n<meta name=\"twitter:card\" content=\"summary_large_image\" \/>\n<meta name=\"twitter:label1\" content=\"Written by\" \/>\n\t<meta name=\"twitter:data1\" content=\"admin\" \/>\n\t<meta name=\"twitter:label2\" content=\"Est. reading time\" \/>\n\t<meta name=\"twitter:data2\" content=\"8 minutes\" \/>\n<script type=\"application\/ld+json\" class=\"yoast-schema-graph\">{\"@context\":\"https:\/\/schema.org\",\"@graph\":[{\"@type\":\"Article\",\"@id\":\"https:\/\/www.zerdab.com\/?p=26222#article\",\"isPartOf\":{\"@id\":\"https:\/\/www.zerdab.com\/?p=26222\"},\"author\":{\"name\":\"admin\",\"@id\":\"https:\/\/www.zerdab.com\/#\/schema\/person\/97079b7570c1e89ec0d9e138c3672136\"},\"headline\":\"Mill\u0259t v\u0259kilimiz Jal\u0259 \u018fliyeva Milli M\u0259clisd\u0259 Z\u0259rdab\u0131n probleml\u0259rini g\u00fcnd\u0259m\u0259 g\u0259tirib\",\"datePublished\":\"2018-11-21T14:11:15+00:00\",\"dateModified\":\"2018-11-21T14:25:39+00:00\",\"mainEntityOfPage\":{\"@id\":\"https:\/\/www.zerdab.com\/?p=26222\"},\"wordCount\":1583,\"commentCount\":0,\"image\":{\"@id\":\"https:\/\/www.zerdab.com\/?p=26222#primaryimage\"},\"thumbnailUrl\":\"https:\/\/www.zerdab.com\/wp-content\/uploads\/2018\/11\/jale-eliyeva-deputat.jpg\",\"articleSection\":[\"C\u018fM\u0130YY\u018fT\",\"MAN\u015eET\"],\"inLanguage\":\"az\",\"potentialAction\":[{\"@type\":\"CommentAction\",\"name\":\"Comment\",\"target\":[\"https:\/\/www.zerdab.com\/?p=26222#respond\"]}]},{\"@type\":\"WebPage\",\"@id\":\"https:\/\/www.zerdab.com\/?p=26222\",\"url\":\"https:\/\/www.zerdab.com\/?p=26222\",\"name\":\"Mill\u0259t v\u0259kilimiz Jal\u0259 \u018fliyeva Milli M\u0259clisd\u0259 Z\u0259rdab\u0131n probleml\u0259rini g\u00fcnd\u0259m\u0259 g\u0259tirib - Z\u0259rdab.com\",\"isPartOf\":{\"@id\":\"https:\/\/www.zerdab.com\/#website\"},\"primaryImageOfPage\":{\"@id\":\"https:\/\/www.zerdab.com\/?p=26222#primaryimage\"},\"image\":{\"@id\":\"https:\/\/www.zerdab.com\/?p=26222#primaryimage\"},\"thumbnailUrl\":\"https:\/\/www.zerdab.com\/wp-content\/uploads\/2018\/11\/jale-eliyeva-deputat.jpg\",\"datePublished\":\"2018-11-21T14:11:15+00:00\",\"dateModified\":\"2018-11-21T14:25:39+00:00\",\"author\":{\"@id\":\"https:\/\/www.zerdab.com\/#\/schema\/person\/97079b7570c1e89ec0d9e138c3672136\"},\"breadcrumb\":{\"@id\":\"https:\/\/www.zerdab.com\/?p=26222#breadcrumb\"},\"inLanguage\":\"az\",\"potentialAction\":[{\"@type\":\"ReadAction\",\"target\":[\"https:\/\/www.zerdab.com\/?p=26222\"]}]},{\"@type\":\"ImageObject\",\"inLanguage\":\"az\",\"@id\":\"https:\/\/www.zerdab.com\/?p=26222#primaryimage\",\"url\":\"https:\/\/www.zerdab.com\/wp-content\/uploads\/2018\/11\/jale-eliyeva-deputat.jpg\",\"contentUrl\":\"https:\/\/www.zerdab.com\/wp-content\/uploads\/2018\/11\/jale-eliyeva-deputat.jpg\",\"width\":400,\"height\":317},{\"@type\":\"BreadcrumbList\",\"@id\":\"https:\/\/www.zerdab.com\/?p=26222#breadcrumb\",\"itemListElement\":[{\"@type\":\"ListItem\",\"position\":1,\"name\":\"Home\",\"item\":\"https:\/\/www.zerdab.com\/\"},{\"@type\":\"ListItem\",\"position\":2,\"name\":\"Mill\u0259t v\u0259kilimiz Jal\u0259 \u018fliyeva Milli M\u0259clisd\u0259 Z\u0259rdab\u0131n probleml\u0259rini g\u00fcnd\u0259m\u0259 g\u0259tirib\"}]},{\"@type\":\"WebSite\",\"@id\":\"https:\/\/www.zerdab.com\/#website\",\"url\":\"https:\/\/www.zerdab.com\/\",\"name\":\"Z\u0259rdab.com\",\"description\":\"\",\"potentialAction\":[{\"@type\":\"SearchAction\",\"target\":{\"@type\":\"EntryPoint\",\"urlTemplate\":\"https:\/\/www.zerdab.com\/?s={search_term_string}\"},\"query-input\":{\"@type\":\"PropertyValueSpecification\",\"valueRequired\":true,\"valueName\":\"search_term_string\"}}],\"inLanguage\":\"az\"},{\"@type\":\"Person\",\"@id\":\"https:\/\/www.zerdab.com\/#\/schema\/person\/97079b7570c1e89ec0d9e138c3672136\",\"name\":\"admin\",\"image\":{\"@type\":\"ImageObject\",\"inLanguage\":\"az\",\"@id\":\"https:\/\/www.zerdab.com\/#\/schema\/person\/image\/\",\"url\":\"https:\/\/secure.gravatar.com\/avatar\/d9c52a9a27c32119cb6679a077fa3e2779e5f822c451cbf01098004361d466ec?s=96&d=mm&r=g\",\"contentUrl\":\"https:\/\/secure.gravatar.com\/avatar\/d9c52a9a27c32119cb6679a077fa3e2779e5f822c451cbf01098004361d466ec?s=96&d=mm&r=g\",\"caption\":\"admin\"},\"url\":\"https:\/\/www.zerdab.com\/?author=1\"}]}<\/script>\n<!-- \/ Yoast SEO plugin. -->","yoast_head_json":{"title":"Mill\u0259t v\u0259kilimiz Jal\u0259 \u018fliyeva Milli M\u0259clisd\u0259 Z\u0259rdab\u0131n probleml\u0259rini g\u00fcnd\u0259m\u0259 g\u0259tirib - Z\u0259rdab.com","robots":{"index":"index","follow":"follow","max-snippet":"max-snippet:-1","max-image-preview":"max-image-preview:large","max-video-preview":"max-video-preview:-1"},"canonical":"https:\/\/www.zerdab.com\/?p=26222","og_locale":"az_AZ","og_type":"article","og_title":"Mill\u0259t v\u0259kilimiz Jal\u0259 \u018fliyeva Milli M\u0259clisd\u0259 Z\u0259rdab\u0131n probleml\u0259rini g\u00fcnd\u0259m\u0259 g\u0259tirib - Z\u0259rdab.com","og_description":"Z\u0259rdab-Ucar se\u00e7ki dair\u0259sind\u0259n mill\u0259t v\u0259kili Jal\u0259 \u018fliyeva n\u00f6vb\u0259ti d\u0259f\u0259 Milli M\u0259clisd\u0259 Z\u0259rdab rayonundan olan se\u00e7icil\u0259rinin ona etdikl\u0259ri m\u00fcraci\u0259tl\u0259r \u0259sas\u0131nda h\u0259llini g\u00f6zl\u0259y\u0259n m\u0259s\u0259l\u0259l\u0259ri g\u00fcnd\u0259m\u0259 g\u0259tirib. Zerdab.com sayt\u0131na veril\u0259n m\u0259lumata g\u00f6r\u0259, komit\u0259l\u0259r t\u0259r\u0259find\u0259n parlamentin iclas\u0131na 2-ci oxunu\u015f \u00fc\u00e7\u00fcn t\u00f6vsiy\u0259 olunan 2019-c\u00fc ilin b\u00fcdc\u0259 z\u0259rfinin m\u00fczakir\u0259si zaman\u0131 deputat \u00e7\u0131x\u0131\u015f\u0131nda deyib: &#8220;M\u0259n birinci n\u00f6vb\u0259d\u0259 Z\u0259rdab, bu rayonun \u0259halisinin Bak\u0131ya [&hellip;]","og_url":"https:\/\/www.zerdab.com\/?p=26222","og_site_name":"Z\u0259rdab.com","article_published_time":"2018-11-21T14:11:15+00:00","article_modified_time":"2018-11-21T14:25:39+00:00","og_image":[{"width":400,"height":317,"url":"https:\/\/www.zerdab.com\/wp-content\/uploads\/2018\/11\/jale-eliyeva-deputat.jpg","type":"image\/jpeg"}],"author":"admin","twitter_card":"summary_large_image","twitter_misc":{"Written by":"admin","Est. reading time":"8 minutes"},"schema":{"@context":"https:\/\/schema.org","@graph":[{"@type":"Article","@id":"https:\/\/www.zerdab.com\/?p=26222#article","isPartOf":{"@id":"https:\/\/www.zerdab.com\/?p=26222"},"author":{"name":"admin","@id":"https:\/\/www.zerdab.com\/#\/schema\/person\/97079b7570c1e89ec0d9e138c3672136"},"headline":"Mill\u0259t v\u0259kilimiz Jal\u0259 \u018fliyeva Milli M\u0259clisd\u0259 Z\u0259rdab\u0131n probleml\u0259rini g\u00fcnd\u0259m\u0259 g\u0259tirib","datePublished":"2018-11-21T14:11:15+00:00","dateModified":"2018-11-21T14:25:39+00:00","mainEntityOfPage":{"@id":"https:\/\/www.zerdab.com\/?p=26222"},"wordCount":1583,"commentCount":0,"image":{"@id":"https:\/\/www.zerdab.com\/?p=26222#primaryimage"},"thumbnailUrl":"https:\/\/www.zerdab.com\/wp-content\/uploads\/2018\/11\/jale-eliyeva-deputat.jpg","articleSection":["C\u018fM\u0130YY\u018fT","MAN\u015eET"],"inLanguage":"az","potentialAction":[{"@type":"CommentAction","name":"Comment","target":["https:\/\/www.zerdab.com\/?p=26222#respond"]}]},{"@type":"WebPage","@id":"https:\/\/www.zerdab.com\/?p=26222","url":"https:\/\/www.zerdab.com\/?p=26222","name":"Mill\u0259t v\u0259kilimiz Jal\u0259 \u018fliyeva Milli M\u0259clisd\u0259 Z\u0259rdab\u0131n probleml\u0259rini g\u00fcnd\u0259m\u0259 g\u0259tirib - Z\u0259rdab.com","isPartOf":{"@id":"https:\/\/www.zerdab.com\/#website"},"primaryImageOfPage":{"@id":"https:\/\/www.zerdab.com\/?p=26222#primaryimage"},"image":{"@id":"https:\/\/www.zerdab.com\/?p=26222#primaryimage"},"thumbnailUrl":"https:\/\/www.zerdab.com\/wp-content\/uploads\/2018\/11\/jale-eliyeva-deputat.jpg","datePublished":"2018-11-21T14:11:15+00:00","dateModified":"2018-11-21T14:25:39+00:00","author":{"@id":"https:\/\/www.zerdab.com\/#\/schema\/person\/97079b7570c1e89ec0d9e138c3672136"},"breadcrumb":{"@id":"https:\/\/www.zerdab.com\/?p=26222#breadcrumb"},"inLanguage":"az","potentialAction":[{"@type":"ReadAction","target":["https:\/\/www.zerdab.com\/?p=26222"]}]},{"@type":"ImageObject","inLanguage":"az","@id":"https:\/\/www.zerdab.com\/?p=26222#primaryimage","url":"https:\/\/www.zerdab.com\/wp-content\/uploads\/2018\/11\/jale-eliyeva-deputat.jpg","contentUrl":"https:\/\/www.zerdab.com\/wp-content\/uploads\/2018\/11\/jale-eliyeva-deputat.jpg","width":400,"height":317},{"@type":"BreadcrumbList","@id":"https:\/\/www.zerdab.com\/?p=26222#breadcrumb","itemListElement":[{"@type":"ListItem","position":1,"name":"Home","item":"https:\/\/www.zerdab.com\/"},{"@type":"ListItem","position":2,"name":"Mill\u0259t v\u0259kilimiz Jal\u0259 \u018fliyeva Milli M\u0259clisd\u0259 Z\u0259rdab\u0131n probleml\u0259rini g\u00fcnd\u0259m\u0259 g\u0259tirib"}]},{"@type":"WebSite","@id":"https:\/\/www.zerdab.com\/#website","url":"https:\/\/www.zerdab.com\/","name":"Z\u0259rdab.com","description":"","potentialAction":[{"@type":"SearchAction","target":{"@type":"EntryPoint","urlTemplate":"https:\/\/www.zerdab.com\/?s={search_term_string}"},"query-input":{"@type":"PropertyValueSpecification","valueRequired":true,"valueName":"search_term_string"}}],"inLanguage":"az"},{"@type":"Person","@id":"https:\/\/www.zerdab.com\/#\/schema\/person\/97079b7570c1e89ec0d9e138c3672136","name":"admin","image":{"@type":"ImageObject","inLanguage":"az","@id":"https:\/\/www.zerdab.com\/#\/schema\/person\/image\/","url":"https:\/\/secure.gravatar.com\/avatar\/d9c52a9a27c32119cb6679a077fa3e2779e5f822c451cbf01098004361d466ec?s=96&d=mm&r=g","contentUrl":"https:\/\/secure.gravatar.com\/avatar\/d9c52a9a27c32119cb6679a077fa3e2779e5f822c451cbf01098004361d466ec?s=96&d=mm&r=g","caption":"admin"},"url":"https:\/\/www.zerdab.com\/?author=1"}]}},"_links":{"self":[{"href":"https:\/\/www.zerdab.com\/index.php?rest_route=\/wp\/v2\/posts\/26222","targetHints":{"allow":["GET"]}}],"collection":[{"href":"https:\/\/www.zerdab.com\/index.php?rest_route=\/wp\/v2\/posts"}],"about":[{"href":"https:\/\/www.zerdab.com\/index.php?rest_route=\/wp\/v2\/types\/post"}],"author":[{"embeddable":true,"href":"https:\/\/www.zerdab.com\/index.php?rest_route=\/wp\/v2\/users\/1"}],"replies":[{"embeddable":true,"href":"https:\/\/www.zerdab.com\/index.php?rest_route=%2Fwp%2Fv2%2Fcomments&post=26222"}],"version-history":[{"count":8,"href":"https:\/\/www.zerdab.com\/index.php?rest_route=\/wp\/v2\/posts\/26222\/revisions"}],"predecessor-version":[{"id":26231,"href":"https:\/\/www.zerdab.com\/index.php?rest_route=\/wp\/v2\/posts\/26222\/revisions\/26231"}],"wp:featuredmedia":[{"embeddable":true,"href":"https:\/\/www.zerdab.com\/index.php?rest_route=\/wp\/v2\/media\/26223"}],"wp:attachment":[{"href":"https:\/\/www.zerdab.com\/index.php?rest_route=%2Fwp%2Fv2%2Fmedia&parent=26222"}],"wp:term":[{"taxonomy":"category","embeddable":true,"href":"https:\/\/www.zerdab.com\/index.php?rest_route=%2Fwp%2Fv2%2Fcategories&post=26222"},{"taxonomy":"post_tag","embeddable":true,"href":"https:\/\/www.zerdab.com\/index.php?rest_route=%2Fwp%2Fv2%2Ftags&post=26222"}],"curies":[{"name":"wp","href":"https:\/\/api.w.org\/{rel}","templated":true}]}}