{"id":26271,"date":"2018-12-14T16:44:30","date_gmt":"2018-12-14T12:44:30","guid":{"rendered":"http:\/\/www.zerdab.com\/?p=26271"},"modified":"2018-12-14T16:50:47","modified_gmt":"2018-12-14T12:50:47","slug":"z%c9%99rdabda-musabiq%c9%99y%c9%99-start-verilib-qalibl%c9%99r-mukafatlandirilacaq","status":"publish","type":"post","link":"https:\/\/www.zerdab.com\/?p=26271","title":{"rendered":"Z\u0259rdabda m\u00fcsabiq\u0259y\u0259 start verilib \u2013 Qalibl\u0259r m\u00fckafatland\u0131r\u0131lacaq"},"content":{"rendered":"\n<p>\u201cG\u0259ncliy\u0259 D\u0259st\u0259k\u201d \u0130ctimai Birliyi Az\u0259rbaycan Respublikas\u0131n\u0131n G\u0259ncl\u0259r Fondunun d\u0259st\u0259yi il\u0259 Z\u0259rdab rayonunda yeni &#8211; \u201cRegion g\u0259ncl\u0259rind\u0259n ictimai f\u0259all\u0131\u011fa ilk add\u0131m\u201d adl\u0131 layih\u0259y\u0259 start verib. Birlikd\u0259n <strong>Zerdab.com\u00a0<\/strong>sayt\u0131na veril\u0259n m\u0259lumata g\u00f6r\u0259, layih\u0259nin m\u0259qs\u0259di regionun k\u0259ndli g\u0259ncl\u0259rinin ictimai f\u0259all\u0131\u011f\u0131n\u0131 art\u0131rmaqdan ibar\u0259tdir. \u0130lk \u0259vv\u0259l layih\u0259 \u00e7\u0259r\u00e7iv\u0259sind\u0259 \u201cRegiona s\u0259yah\u0259t\u201d adl\u0131 fotom\u00fcsabiq\u0259 n\u0259z\u0259rd\u0259 tutulub.<\/p>\n\n\n\n<p><strong>M\u00fcsabiq\u0259nin \u015f\u0259rtl\u0259ri<\/strong><\/p>\n\n\n\n<p>Fotom\u00fcsabiq\u0259d\u0259 i\u015ftirak etm\u0259k \u00fc\u00e7\u00fcn regionun (rayonun) maraq do\u011furan m\u0259kanlar\u0131n\u0131 \u0259ks etdir\u0259n bir foto \u015f\u0259kili qeyd olunmu\u015f \u00fcnvanlar\u0131m\u0131za g\u00f6nd\u0259rm\u0259yiniz kifay\u0259tdir. Bununla Siz fotom\u00fcsabiq\u0259d\u0259 i\u015ftirak etm\u0259kl\u0259 yana\u015f\u0131, (qalibl\u0259r m\u00fckafatland\u0131r\u0131lacaq) \u201cF\u0259allar klubu\u201dna i\u015ftirak\u00e7\u0131 olmaq \u015fans\u0131 \u0259ld\u0259 ed\u0259c\u0259ksiniz.<\/p>\n\n\n\n<p>Fotom\u00fcsabiq\u0259y\u0259 18-29 ya\u015fl\u0131 g\u0259ncl\u0259r qat\u0131la bil\u0259r. Son tarix 10 yanvar 2019-cu ildir.<\/p>\n","protected":false},"excerpt":{"rendered":"<p>\u201cG\u0259ncliy\u0259 D\u0259st\u0259k\u201d \u0130ctimai Birliyi Az\u0259rbaycan Respublikas\u0131n\u0131n G\u0259ncl\u0259r Fondunun d\u0259st\u0259yi il\u0259 Z\u0259rdab rayonunda yeni &#8211; \u201cRegion g\u0259ncl\u0259rind\u0259n ictimai f\u0259all\u0131\u011fa ilk add\u0131m\u201d adl\u0131 layih\u0259y\u0259 start verib. Birlikd\u0259n Zerdab.com\u00a0sayt\u0131na veril\u0259n m\u0259lumata g\u00f6r\u0259, layih\u0259nin m\u0259qs\u0259di regionun k\u0259ndli g\u0259ncl\u0259rinin ictimai f\u0259all\u0131\u011f\u0131n\u0131 art\u0131rmaqdan ibar\u0259tdir. \u0130lk \u0259vv\u0259l layih\u0259 \u00e7\u0259r\u00e7iv\u0259sind\u0259 \u201cRegiona s\u0259yah\u0259t\u201d adl\u0131 fotom\u00fcsabiq\u0259 n\u0259z\u0259rd\u0259 tutulub. M\u00fcsabiq\u0259nin \u015f\u0259rtl\u0259ri Fotom\u00fcsabiq\u0259d\u0259 i\u015ftirak etm\u0259k \u00fc\u00e7\u00fcn regionun [&hellip;]<\/p>\n","protected":false},"author":1,"featured_media":26275,"comment_status":"open","ping_status":"open","sticky":false,"template":"","format":"standard","meta":{"footnotes":""},"categories":[21,63],"tags":[],"class_list":{"0":"post-26271","1":"post","2":"type-post","3":"status-publish","4":"format-standard","5":"has-post-thumbnail","7":"category-zrdab","8":"category-manset"},"yoast_head":"<!-- This site is optimized with the Yoast SEO plugin v27.0 - https:\/\/yoast.com\/product\/yoast-seo-wordpress\/ -->\n<title>Z\u0259rdabda m\u00fcsabiq\u0259y\u0259 start verilib \u2013 Qalibl\u0259r m\u00fckafatland\u0131r\u0131lacaq - Z\u0259rdab.com<\/title>\n<meta name=\"robots\" content=\"index, follow, max-snippet:-1, max-image-preview:large, max-video-preview:-1\" \/>\n<link rel=\"canonical\" href=\"https:\/\/www.zerdab.com\/?p=26271\" \/>\n<meta property=\"og:locale\" content=\"az_AZ\" \/>\n<meta property=\"og:type\" content=\"article\" \/>\n<meta property=\"og:title\" content=\"Z\u0259rdabda m\u00fcsabiq\u0259y\u0259 start verilib \u2013 Qalibl\u0259r m\u00fckafatland\u0131r\u0131lacaq - Z\u0259rdab.com\" \/>\n<meta property=\"og:description\" content=\"\u201cG\u0259ncliy\u0259 D\u0259st\u0259k\u201d \u0130ctimai Birliyi Az\u0259rbaycan Respublikas\u0131n\u0131n G\u0259ncl\u0259r Fondunun d\u0259st\u0259yi il\u0259 Z\u0259rdab rayonunda yeni &#8211; \u201cRegion g\u0259ncl\u0259rind\u0259n ictimai f\u0259all\u0131\u011fa ilk add\u0131m\u201d adl\u0131 layih\u0259y\u0259 start verib. Birlikd\u0259n Zerdab.com\u00a0sayt\u0131na veril\u0259n m\u0259lumata g\u00f6r\u0259, layih\u0259nin m\u0259qs\u0259di regionun k\u0259ndli g\u0259ncl\u0259rinin ictimai f\u0259all\u0131\u011f\u0131n\u0131 art\u0131rmaqdan ibar\u0259tdir. \u0130lk \u0259vv\u0259l layih\u0259 \u00e7\u0259r\u00e7iv\u0259sind\u0259 \u201cRegiona s\u0259yah\u0259t\u201d adl\u0131 fotom\u00fcsabiq\u0259 n\u0259z\u0259rd\u0259 tutulub. M\u00fcsabiq\u0259nin \u015f\u0259rtl\u0259ri Fotom\u00fcsabiq\u0259d\u0259 i\u015ftirak etm\u0259k \u00fc\u00e7\u00fcn regionun [&hellip;]\" \/>\n<meta property=\"og:url\" content=\"https:\/\/www.zerdab.com\/?p=26271\" \/>\n<meta property=\"og:site_name\" content=\"Z\u0259rdab.com\" \/>\n<meta property=\"article:published_time\" content=\"2018-12-14T12:44:30+00:00\" \/>\n<meta property=\"article:modified_time\" content=\"2018-12-14T12:50:47+00:00\" \/>\n<meta property=\"og:image\" content=\"https:\/\/www.zerdab.com\/wp-content\/uploads\/2018\/12\/gencliye-destek-ictimai-birliyi.jpeg\" \/>\n\t<meta property=\"og:image:width\" content=\"600\" \/>\n\t<meta property=\"og:image:height\" content=\"352\" \/>\n\t<meta property=\"og:image:type\" content=\"image\/jpeg\" \/>\n<meta name=\"author\" content=\"admin\" \/>\n<meta name=\"twitter:card\" content=\"summary_large_image\" \/>\n<meta name=\"twitter:label1\" content=\"Written by\" \/>\n\t<meta name=\"twitter:data1\" content=\"admin\" \/>\n\t<meta name=\"twitter:label2\" content=\"Est. reading time\" \/>\n\t<meta name=\"twitter:data2\" content=\"1 minute\" \/>\n<script type=\"application\/ld+json\" class=\"yoast-schema-graph\">{\"@context\":\"https:\/\/schema.org\",\"@graph\":[{\"@type\":\"Article\",\"@id\":\"https:\/\/www.zerdab.com\/?p=26271#article\",\"isPartOf\":{\"@id\":\"https:\/\/www.zerdab.com\/?p=26271\"},\"author\":{\"name\":\"admin\",\"@id\":\"https:\/\/www.zerdab.com\/#\/schema\/person\/97079b7570c1e89ec0d9e138c3672136\"},\"headline\":\"Z\u0259rdabda m\u00fcsabiq\u0259y\u0259 start verilib \u2013 Qalibl\u0259r m\u00fckafatland\u0131r\u0131lacaq\",\"datePublished\":\"2018-12-14T12:44:30+00:00\",\"dateModified\":\"2018-12-14T12:50:47+00:00\",\"mainEntityOfPage\":{\"@id\":\"https:\/\/www.zerdab.com\/?p=26271\"},\"wordCount\":188,\"commentCount\":0,\"image\":{\"@id\":\"https:\/\/www.zerdab.com\/?p=26271#primaryimage\"},\"thumbnailUrl\":\"https:\/\/www.zerdab.com\/wp-content\/uploads\/2018\/12\/gencliye-destek-ictimai-birliyi.jpeg\",\"articleSection\":[\"C\u018fM\u0130YY\u018fT\",\"MAN\u015eET\"],\"inLanguage\":\"az\",\"potentialAction\":[{\"@type\":\"CommentAction\",\"name\":\"Comment\",\"target\":[\"https:\/\/www.zerdab.com\/?p=26271#respond\"]}]},{\"@type\":\"WebPage\",\"@id\":\"https:\/\/www.zerdab.com\/?p=26271\",\"url\":\"https:\/\/www.zerdab.com\/?p=26271\",\"name\":\"Z\u0259rdabda m\u00fcsabiq\u0259y\u0259 start verilib \u2013 Qalibl\u0259r m\u00fckafatland\u0131r\u0131lacaq - Z\u0259rdab.com\",\"isPartOf\":{\"@id\":\"https:\/\/www.zerdab.com\/#website\"},\"primaryImageOfPage\":{\"@id\":\"https:\/\/www.zerdab.com\/?p=26271#primaryimage\"},\"image\":{\"@id\":\"https:\/\/www.zerdab.com\/?p=26271#primaryimage\"},\"thumbnailUrl\":\"https:\/\/www.zerdab.com\/wp-content\/uploads\/2018\/12\/gencliye-destek-ictimai-birliyi.jpeg\",\"datePublished\":\"2018-12-14T12:44:30+00:00\",\"dateModified\":\"2018-12-14T12:50:47+00:00\",\"author\":{\"@id\":\"https:\/\/www.zerdab.com\/#\/schema\/person\/97079b7570c1e89ec0d9e138c3672136\"},\"breadcrumb\":{\"@id\":\"https:\/\/www.zerdab.com\/?p=26271#breadcrumb\"},\"inLanguage\":\"az\",\"potentialAction\":[{\"@type\":\"ReadAction\",\"target\":[\"https:\/\/www.zerdab.com\/?p=26271\"]}]},{\"@type\":\"ImageObject\",\"inLanguage\":\"az\",\"@id\":\"https:\/\/www.zerdab.com\/?p=26271#primaryimage\",\"url\":\"https:\/\/www.zerdab.com\/wp-content\/uploads\/2018\/12\/gencliye-destek-ictimai-birliyi.jpeg\",\"contentUrl\":\"https:\/\/www.zerdab.com\/wp-content\/uploads\/2018\/12\/gencliye-destek-ictimai-birliyi.jpeg\",\"width\":600,\"height\":352,\"caption\":\"gencliye-destek-ictimai-birliyi\"},{\"@type\":\"BreadcrumbList\",\"@id\":\"https:\/\/www.zerdab.com\/?p=26271#breadcrumb\",\"itemListElement\":[{\"@type\":\"ListItem\",\"position\":1,\"name\":\"Home\",\"item\":\"https:\/\/www.zerdab.com\/\"},{\"@type\":\"ListItem\",\"position\":2,\"name\":\"Z\u0259rdabda m\u00fcsabiq\u0259y\u0259 start verilib \u2013 Qalibl\u0259r m\u00fckafatland\u0131r\u0131lacaq\"}]},{\"@type\":\"WebSite\",\"@id\":\"https:\/\/www.zerdab.com\/#website\",\"url\":\"https:\/\/www.zerdab.com\/\",\"name\":\"Z\u0259rdab.com\",\"description\":\"\",\"potentialAction\":[{\"@type\":\"SearchAction\",\"target\":{\"@type\":\"EntryPoint\",\"urlTemplate\":\"https:\/\/www.zerdab.com\/?s={search_term_string}\"},\"query-input\":{\"@type\":\"PropertyValueSpecification\",\"valueRequired\":true,\"valueName\":\"search_term_string\"}}],\"inLanguage\":\"az\"},{\"@type\":\"Person\",\"@id\":\"https:\/\/www.zerdab.com\/#\/schema\/person\/97079b7570c1e89ec0d9e138c3672136\",\"name\":\"admin\",\"image\":{\"@type\":\"ImageObject\",\"inLanguage\":\"az\",\"@id\":\"https:\/\/www.zerdab.com\/#\/schema\/person\/image\/\",\"url\":\"https:\/\/secure.gravatar.com\/avatar\/d9c52a9a27c32119cb6679a077fa3e2779e5f822c451cbf01098004361d466ec?s=96&d=mm&r=g\",\"contentUrl\":\"https:\/\/secure.gravatar.com\/avatar\/d9c52a9a27c32119cb6679a077fa3e2779e5f822c451cbf01098004361d466ec?s=96&d=mm&r=g\",\"caption\":\"admin\"},\"url\":\"https:\/\/www.zerdab.com\/?author=1\"}]}<\/script>\n<!-- \/ Yoast SEO plugin. -->","yoast_head_json":{"title":"Z\u0259rdabda m\u00fcsabiq\u0259y\u0259 start verilib \u2013 Qalibl\u0259r m\u00fckafatland\u0131r\u0131lacaq - Z\u0259rdab.com","robots":{"index":"index","follow":"follow","max-snippet":"max-snippet:-1","max-image-preview":"max-image-preview:large","max-video-preview":"max-video-preview:-1"},"canonical":"https:\/\/www.zerdab.com\/?p=26271","og_locale":"az_AZ","og_type":"article","og_title":"Z\u0259rdabda m\u00fcsabiq\u0259y\u0259 start verilib \u2013 Qalibl\u0259r m\u00fckafatland\u0131r\u0131lacaq - Z\u0259rdab.com","og_description":"\u201cG\u0259ncliy\u0259 D\u0259st\u0259k\u201d \u0130ctimai Birliyi Az\u0259rbaycan Respublikas\u0131n\u0131n G\u0259ncl\u0259r Fondunun d\u0259st\u0259yi il\u0259 Z\u0259rdab rayonunda yeni &#8211; \u201cRegion g\u0259ncl\u0259rind\u0259n ictimai f\u0259all\u0131\u011fa ilk add\u0131m\u201d adl\u0131 layih\u0259y\u0259 start verib. Birlikd\u0259n Zerdab.com\u00a0sayt\u0131na veril\u0259n m\u0259lumata g\u00f6r\u0259, layih\u0259nin m\u0259qs\u0259di regionun k\u0259ndli g\u0259ncl\u0259rinin ictimai f\u0259all\u0131\u011f\u0131n\u0131 art\u0131rmaqdan ibar\u0259tdir. \u0130lk \u0259vv\u0259l layih\u0259 \u00e7\u0259r\u00e7iv\u0259sind\u0259 \u201cRegiona s\u0259yah\u0259t\u201d adl\u0131 fotom\u00fcsabiq\u0259 n\u0259z\u0259rd\u0259 tutulub. M\u00fcsabiq\u0259nin \u015f\u0259rtl\u0259ri Fotom\u00fcsabiq\u0259d\u0259 i\u015ftirak etm\u0259k \u00fc\u00e7\u00fcn regionun [&hellip;]","og_url":"https:\/\/www.zerdab.com\/?p=26271","og_site_name":"Z\u0259rdab.com","article_published_time":"2018-12-14T12:44:30+00:00","article_modified_time":"2018-12-14T12:50:47+00:00","og_image":[{"width":600,"height":352,"url":"https:\/\/www.zerdab.com\/wp-content\/uploads\/2018\/12\/gencliye-destek-ictimai-birliyi.jpeg","type":"image\/jpeg"}],"author":"admin","twitter_card":"summary_large_image","twitter_misc":{"Written by":"admin","Est. reading time":"1 minute"},"schema":{"@context":"https:\/\/schema.org","@graph":[{"@type":"Article","@id":"https:\/\/www.zerdab.com\/?p=26271#article","isPartOf":{"@id":"https:\/\/www.zerdab.com\/?p=26271"},"author":{"name":"admin","@id":"https:\/\/www.zerdab.com\/#\/schema\/person\/97079b7570c1e89ec0d9e138c3672136"},"headline":"Z\u0259rdabda m\u00fcsabiq\u0259y\u0259 start verilib \u2013 Qalibl\u0259r m\u00fckafatland\u0131r\u0131lacaq","datePublished":"2018-12-14T12:44:30+00:00","dateModified":"2018-12-14T12:50:47+00:00","mainEntityOfPage":{"@id":"https:\/\/www.zerdab.com\/?p=26271"},"wordCount":188,"commentCount":0,"image":{"@id":"https:\/\/www.zerdab.com\/?p=26271#primaryimage"},"thumbnailUrl":"https:\/\/www.zerdab.com\/wp-content\/uploads\/2018\/12\/gencliye-destek-ictimai-birliyi.jpeg","articleSection":["C\u018fM\u0130YY\u018fT","MAN\u015eET"],"inLanguage":"az","potentialAction":[{"@type":"CommentAction","name":"Comment","target":["https:\/\/www.zerdab.com\/?p=26271#respond"]}]},{"@type":"WebPage","@id":"https:\/\/www.zerdab.com\/?p=26271","url":"https:\/\/www.zerdab.com\/?p=26271","name":"Z\u0259rdabda m\u00fcsabiq\u0259y\u0259 start verilib \u2013 Qalibl\u0259r m\u00fckafatland\u0131r\u0131lacaq - Z\u0259rdab.com","isPartOf":{"@id":"https:\/\/www.zerdab.com\/#website"},"primaryImageOfPage":{"@id":"https:\/\/www.zerdab.com\/?p=26271#primaryimage"},"image":{"@id":"https:\/\/www.zerdab.com\/?p=26271#primaryimage"},"thumbnailUrl":"https:\/\/www.zerdab.com\/wp-content\/uploads\/2018\/12\/gencliye-destek-ictimai-birliyi.jpeg","datePublished":"2018-12-14T12:44:30+00:00","dateModified":"2018-12-14T12:50:47+00:00","author":{"@id":"https:\/\/www.zerdab.com\/#\/schema\/person\/97079b7570c1e89ec0d9e138c3672136"},"breadcrumb":{"@id":"https:\/\/www.zerdab.com\/?p=26271#breadcrumb"},"inLanguage":"az","potentialAction":[{"@type":"ReadAction","target":["https:\/\/www.zerdab.com\/?p=26271"]}]},{"@type":"ImageObject","inLanguage":"az","@id":"https:\/\/www.zerdab.com\/?p=26271#primaryimage","url":"https:\/\/www.zerdab.com\/wp-content\/uploads\/2018\/12\/gencliye-destek-ictimai-birliyi.jpeg","contentUrl":"https:\/\/www.zerdab.com\/wp-content\/uploads\/2018\/12\/gencliye-destek-ictimai-birliyi.jpeg","width":600,"height":352,"caption":"gencliye-destek-ictimai-birliyi"},{"@type":"BreadcrumbList","@id":"https:\/\/www.zerdab.com\/?p=26271#breadcrumb","itemListElement":[{"@type":"ListItem","position":1,"name":"Home","item":"https:\/\/www.zerdab.com\/"},{"@type":"ListItem","position":2,"name":"Z\u0259rdabda m\u00fcsabiq\u0259y\u0259 start verilib \u2013 Qalibl\u0259r m\u00fckafatland\u0131r\u0131lacaq"}]},{"@type":"WebSite","@id":"https:\/\/www.zerdab.com\/#website","url":"https:\/\/www.zerdab.com\/","name":"Z\u0259rdab.com","description":"","potentialAction":[{"@type":"SearchAction","target":{"@type":"EntryPoint","urlTemplate":"https:\/\/www.zerdab.com\/?s={search_term_string}"},"query-input":{"@type":"PropertyValueSpecification","valueRequired":true,"valueName":"search_term_string"}}],"inLanguage":"az"},{"@type":"Person","@id":"https:\/\/www.zerdab.com\/#\/schema\/person\/97079b7570c1e89ec0d9e138c3672136","name":"admin","image":{"@type":"ImageObject","inLanguage":"az","@id":"https:\/\/www.zerdab.com\/#\/schema\/person\/image\/","url":"https:\/\/secure.gravatar.com\/avatar\/d9c52a9a27c32119cb6679a077fa3e2779e5f822c451cbf01098004361d466ec?s=96&d=mm&r=g","contentUrl":"https:\/\/secure.gravatar.com\/avatar\/d9c52a9a27c32119cb6679a077fa3e2779e5f822c451cbf01098004361d466ec?s=96&d=mm&r=g","caption":"admin"},"url":"https:\/\/www.zerdab.com\/?author=1"}]}},"_links":{"self":[{"href":"https:\/\/www.zerdab.com\/index.php?rest_route=\/wp\/v2\/posts\/26271","targetHints":{"allow":["GET"]}}],"collection":[{"href":"https:\/\/www.zerdab.com\/index.php?rest_route=\/wp\/v2\/posts"}],"about":[{"href":"https:\/\/www.zerdab.com\/index.php?rest_route=\/wp\/v2\/types\/post"}],"author":[{"embeddable":true,"href":"https:\/\/www.zerdab.com\/index.php?rest_route=\/wp\/v2\/users\/1"}],"replies":[{"embeddable":true,"href":"https:\/\/www.zerdab.com\/index.php?rest_route=%2Fwp%2Fv2%2Fcomments&post=26271"}],"version-history":[{"count":4,"href":"https:\/\/www.zerdab.com\/index.php?rest_route=\/wp\/v2\/posts\/26271\/revisions"}],"predecessor-version":[{"id":26278,"href":"https:\/\/www.zerdab.com\/index.php?rest_route=\/wp\/v2\/posts\/26271\/revisions\/26278"}],"wp:featuredmedia":[{"embeddable":true,"href":"https:\/\/www.zerdab.com\/index.php?rest_route=\/wp\/v2\/media\/26275"}],"wp:attachment":[{"href":"https:\/\/www.zerdab.com\/index.php?rest_route=%2Fwp%2Fv2%2Fmedia&parent=26271"}],"wp:term":[{"taxonomy":"category","embeddable":true,"href":"https:\/\/www.zerdab.com\/index.php?rest_route=%2Fwp%2Fv2%2Fcategories&post=26271"},{"taxonomy":"post_tag","embeddable":true,"href":"https:\/\/www.zerdab.com\/index.php?rest_route=%2Fwp%2Fv2%2Ftags&post=26271"}],"curies":[{"name":"wp","href":"https:\/\/api.w.org\/{rel}","templated":true}]}}