{"id":26308,"date":"2018-12-20T09:47:37","date_gmt":"2018-12-20T05:47:37","guid":{"rendered":"http:\/\/www.zerdab.com\/?p=26308"},"modified":"2018-12-20T10:40:28","modified_gmt":"2018-12-20T06:40:28","slug":"sair%c9%99-nur%c9%99ngiz-gunun-xatir%c9%99sin%c9%99-h%c9%99sr-edilmis-t%c9%99dbir-kecirilib","status":"publish","type":"post","link":"https:\/\/www.zerdab.com\/?p=26308","title":{"rendered":"\u015eair\u0259 Nur\u0259ngiz G\u00fcn\u00fcn xatir\u0259sin\u0259 h\u0259sr edilmi\u015f t\u0259dbir ke\u00e7irilib"},"content":{"rendered":"\n<p>Dekabr\u0131n 19-da Az\u0259rbaycan D\u00f6vl\u0259t Musiqili Teatr\u0131nda tan\u0131nm\u0131\u015f \u015fair Nur\u0259ngiz G\u00fcn\u00fcn 80 illik yubileyi m\u00fcnasib\u0259til\u0259 an\u0131m t\u0259dbiri ke\u00e7irilib.<\/p>\n\n\n\n<p>Zerdab.com sayt\u0131 Az\u0259rtac-a istinad\u0259n x\u0259b\u0259r verir ki, t\u0259dbird\u0259 d\u00f6vl\u0259t v\u0259 h\u00f6kum\u0259t r\u0259smil\u0259ri, Milli M\u0259clisin deputatlar\u0131, elm v\u0259 m\u0259d\u0259niyy\u0259t xadiml\u0259ri, s\u0259n\u0259tkar\u0131n ail\u0259 \u00fczvl\u0259ri v\u0259 \u0259d\u0259bi ictimaiyy\u0259tin n\u00fcmay\u0259nd\u0259l\u0259ri i\u015ftirak edibl\u0259r.<\/p>\n\n\n\n<p>Milli M\u0259clisin m\u0259d\u0259niyy\u0259t komit\u0259sinin s\u0259dri, akademik Rafael H\u00fcseynov t\u0259dbird\u0259 \u00e7\u0131x\u0131\u015f ed\u0259r\u0259k \u0259dibin yarad\u0131c\u0131l\u0131\u011f\u0131ndan, \u015feirl\u0259rinin \u00f6z\u00fcn\u0259m\u0259xsuslu\u011fundan dan\u0131\u015f\u0131b. Bildirilib ki, tan\u0131nm\u0131\u015f poeziya ustas\u0131n\u0131n \u00fcr\u0259yind\u0259ki yan\u011f\u0131, a\u011fr\u0131-ac\u0131, V\u0259t\u0259n t\u0259\u0259ss\u00fcbke\u015fliyi onun b\u00fct\u00fcn \u015feirl\u0259rin\u0259 n\u00fcfuz edib. Nur\u0259ngiz G\u00fcn\u00fcn \u015feirl\u0259rind\u0259ki bu a\u011fr\u0131 Qaraba\u011f d\u0259rdi, itirilmi\u015f torpaqlar\u0131m\u0131z\u0131n h\u0259sr\u0259tidir. Bu h\u0259sr\u0259t onu yatma\u011fa da qoymur, yuxusunu \u0259r\u015f\u0259 \u00e7\u0259kir, q\u0259lbini g\u00f6y\u00fcm-g\u00f6y\u00fcm g\u00f6yn\u0259dir. \u015eair\u0259 torpa\u011f\u0131n\u0131, xalq\u0131n\u0131, mill\u0259tini sev\u0259n bir ziyal\u0131 idi.<\/p>\n\n\n\n<p>\u201cBu g\u00fcn Az\u0259rbaycan \u015fairi Nur\u0259ngiz G\u00fcn\u00fcn 80 ya\u015f\u0131n\u0131n i\u015f\u0131\u011f\u0131na topla\u015fm\u0131\u015f\u0131q. \u018fslind\u0259 bu gec\u0259 \u015feirl\u0259rinin ya\u015f\u0131 40-dan bir az g\u0259nc olan \u015fair\u0259nin gec\u0259sidir. Nur\u0259ngiz xan\u0131m h\u0259yat\u0131 boyu \u015feirl\u0259 n\u0259f\u0259s alsa da, \u0259d\u0259biyyatla ya\u015fasa da, b\u00f6y\u00fck \u0259d\u0259biyyata 40 ya\u015f\u0131nda olark\u0259n g\u0259lib. G\u0259ldi v\u0259 bir g\u00fcn kimi parlad\u0131. Nur\u0259ngiz G\u00fcn Az\u0259rbaycan \u0259d\u0259biyyat\u0131nda ilk g\u00fcn deyildi. \u015eeir h\u0259r zaman g\u00f6z\u0259ll\u0259rl\u0259 dolu olub. Qad\u0131n b\u00fct\u00fcn zamanlarda \u015feirin \u0259b\u0259di q\u0259hr\u0259man\u0131d\u0131r. D\u00fcnyan\u0131n h\u0259r yerind\u0259 v\u0259 b\u00fct\u00fcn zamanlarda qad\u0131n\u0131n \u0259d\u0259biyyatda olmas\u0131, \u00f6nd\u0259 ged\u0259n q\u0259l\u0259m sahibi olmas\u0131 nadir rast g\u0259lin\u0259n hadis\u0259dir. Amma Az\u0259rbaycan\u0131n bu bax\u0131mdan b\u0259xti g\u0259tirib. XII y\u00fczillikd\u0259 Az\u0259rbaycan\u0131n M\u0259hs\u0259ti G\u0259nc\u0259visi, XIX \u0259srd\u0259 Xur\u015fidbanu Nat\u0259van\u0131 var idi. Y\u0259ni, \u0259d\u0259biyyat\u0131m\u0131z\u0131n ay xan\u0131m\u0131 da, g\u00fcn\u0259\u015f xan\u0131m\u0131 da olub. Amma XX y\u00fczilliyin sonlar\u0131nda \u0259d\u0259biyyat\u0131m\u0131zda Nur\u0259ngiz G\u00fcn adl\u0131 \u015fairin s\u0259si e\u015fidilm\u0259y\u0259 ba\u015fland\u0131. O, h\u0259m d\u0259 u\u015faql\u0131q ill\u0259rind\u0259 Az\u0259rbaycan radiosuna meyil edirdi. Sonralar Nur\u0259ngiz xan\u0131m radioda verili\u015fl\u0259r apard\u0131. \u0130nc\u0259s\u0259n\u0259t \u0130nstitutunun aktyorluq fak\u00fclt\u0259sini bitir\u0259n, Rza T\u0259hmasib kimi b\u00f6y\u00fck s\u0259n\u0259tkardan d\u0259rs alan Nur\u0259ngiz xan\u0131m\u0131 m\u00fc\u0259lliml\u0259ri Milli Dram Teatr\u0131nda g\u00f6rm\u0259k ist\u0259s\u0259l\u0259r d\u0259, o, radioya \u00fcz tutdu, diktor kimi f\u0259aliyy\u0259t\u0259 ba\u015flad\u0131. Bu m\u00fcdd\u0259t \u0259rzind\u0259 \u0259d\u0259bi al\u0259ml\u0259 yax\u0131ndan tan\u0131\u015f oldu. Bir \u015f\u0259xsiyy\u0259t v\u0259 yarad\u0131c\u0131 insan kimi \u00f6z\u00fcn\u00fc ifad\u0259 etm\u0259y\u0259 ba\u015flad\u0131. Nur\u0259ngiz G\u00fcn\u00fcn bir \u00e7ox \u015feirl\u0259ri V\u0259t\u0259n\u0259 h\u0259sr edilib. Az\u0259rbaycan Televiziyas\u0131nda da diktor kimi \u00e7al\u0131\u015fd\u0131\u011f\u0131 zaman \u0259d\u0259biyyata n\u00fcfuz ed\u0259n Nur\u0259ngiz xan\u0131m\u0131n \u0259lind\u0259n he\u00e7 zaman R\u0259sul Rzan\u0131n v\u0259 Nazim Hikm\u0259tin kitablar\u0131 d\u00fc\u015fm\u0259zdi. O, bu ruhla t\u0259rbiy\u0259 al\u0131rd\u0131, bu \u015feirl\u0259rin havas\u0131nda yeti\u015firdi. Bel\u0259 b\u00f6y\u00fck \u015fairl\u0259ri \u00f6rn\u0259k almas\u0131 onu bir \u015fair\u0259 kimi yeti\u015fdirdi, \u0259d\u0259biyyat\u0131n qoynuna atd\u0131\u201d, &#8211; dey\u0259 R\u0259fael H\u00fcseynov bildirib.<\/p>\n\n\n\n<p>Az\u0259rbaycan Yaz\u0131\u00e7\u0131lar Birliyinin s\u0259dri, Xalq yaz\u0131\u00e7\u0131s\u0131 Anar unudulmaz \u015fair\u0259nin yarad\u0131c\u0131l\u0131\u011f\u0131ndan v\u0259 insani keyfiyy\u0259tl\u0259rind\u0259n s\u00f6z a\u00e7\u0131b. Anar vur\u011fulay\u0131b ki, \u0259d\u0259biyyata \u201cTanr\u0131\u201d povesti il\u0259 g\u0259l\u0259n Nur\u0259ngiz G\u00fcn h\u0259r zaman istedadl\u0131 \u015fair, publisist v\u0259 g\u00f6z\u0259l insan kimi tan\u0131n\u0131b. Az\u0259rbaycan \u0259d\u0259biyyat\u0131nda \u00f6z\u00fcn\u0259m\u0259xsus yeri olan istedadl\u0131 \u015fairin \u015feirl\u0259rind\u0259 q\u0259m v\u0259 k\u0259d\u0259r notlar\u0131 \u00fcst\u00fcnl\u00fck t\u0259\u015fkil edir. Onun \u015feirl\u0259rind\u0259ki k\u0259d\u0259r motivl\u0259rinin xalq\u0131m\u0131z\u0131n ba\u015f\u0131na g\u0259tiril\u0259n m\u00fcsib\u0259tl\u0259rd\u0259n qaynaqland\u0131\u011f\u0131n\u0131 s\u00f6yl\u0259y\u0259n Anar qeyd edib ki, 20 Yanvar faci\u0259si, Xocal\u0131 soyq\u0131r\u0131m\u0131, Qaraba\u011f d\u0259rdi \u015fairin yarad\u0131c\u0131l\u0131\u011f\u0131nda yeni bir s\u0259hif\u0259 a\u00e7\u0131b. O, xalq\u0131n\u0131n ba\u015f\u0131na g\u0259tiril\u0259n bu m\u00fcsib\u0259tl\u0259ri \u00f6z ba\u015f\u0131na g\u0259tiril\u0259n m\u00fcsib\u0259tl\u0259r kimi d\u0259rk edirdi. Onun \u201cXocal\u0131 simfoniyas\u0131\u201d bu m\u00f6vzuda yaz\u0131lm\u0131\u015f \u0259n t\u0259sirli \u0259s\u0259rl\u0259rd\u0259n biridir.<\/p>\n\n\n\n<p>Nur\u0259ngiz xan\u0131m\u0131n \u0259n b\u00f6y\u00fck xo\u015fb\u0259xtliyinin \u00f6z\u00fcnd\u0259n sonra z\u0259ngin irs qoymas\u0131 oldu\u011funu vur\u011fulayan Anar deyib: \u201cO, yarad\u0131c\u0131l\u0131\u011fa gec ba\u015flasa da, q\u0131sa m\u00fcdd\u0259td\u0259 maraql\u0131 \u0259s\u0259rl\u0259r q\u0259l\u0259m\u0259 ald\u0131. T\u0259\u0259ss\u00fcf ki, biz onun haqq\u0131nda ke\u00e7mi\u015f zamanda dan\u0131\u015f\u0131r\u0131q. Ancaq dey\u0259 bil\u0259r\u0259m ki, o, he\u00e7 zaman unudulmayacaq, \u0259d\u0259biyyatsev\u0259rl\u0259rin q\u0259lbind\u0259 daim ya\u015fayacaq\u201d.<\/p>\n\n\n\n<figure class=\"wp-block-image\"><img decoding=\"async\" src=\"http:\/\/www.zerdab.com\/wp-content\/uploads\/2018\/12\/Nurengiz-Gun-saire-80-illik-yubiley1-550x349.jpg\" alt=\"\" class=\"wp-image-26314\"\/><\/figure>\n\n\n\n<figure class=\"wp-block-image\"><img decoding=\"async\" src=\"http:\/\/www.zerdab.com\/wp-content\/uploads\/2018\/12\/Nurengiz-Gun-saire-80-illik-yubiley2-550x366.jpg\" alt=\"\" class=\"wp-image-26320\"\/><\/figure>\n\n\n\n<figure class=\"wp-block-image\"><img decoding=\"async\" src=\"http:\/\/www.zerdab.com\/wp-content\/uploads\/2018\/12\/Nurengiz-Gun-saire-80-illik-yubiley-Anar-Rzayev-550x356.jpg\" alt=\"\" class=\"wp-image-26318\"\/><\/figure>\n\n\n\n<p>\u00c7\u0131x\u0131\u015flardan sonra \u015fairin \u00f6m\u00fcr yolundan b\u0259hs ed\u0259n video\u00e7arx n\u00fcmayi\u015f olunub.<\/p>\n\n\n\n<figure class=\"wp-block-image\"><img decoding=\"async\" src=\"http:\/\/www.zerdab.com\/wp-content\/uploads\/2018\/12\/Nurengiz-Gun-saire-80-illik-yubiley-Jale-Eliyeva-550x389.jpg\" alt=\"\" class=\"wp-image-26316\"\/><\/figure>\n\n\n\n<p>M\u0259rasimd\u0259 Az\u0259rbaycan D\u00f6vl\u0259t Akademik Milli Dram Teatr\u0131n\u0131n aktyorlar\u0131 \u015fair\u0259nin \u015feirl\u0259ri \u0259sas\u0131nda haz\u0131rlanm\u0131\u015f \u0259d\u0259bi-b\u0259dii kompozisiya il\u0259 \u00e7\u0131x\u0131\u015f edibl\u0259r.<\/p>\n\n\n\n<p>Sonda \u015fair\u0259 Nur\u0259ngiz G\u00fcn\u00fcn q\u0131z\u0131, Milli M\u0259clisin deputat\u0131 Jal\u0259 \u018fliyeva t\u0259dbirin t\u0259\u015fkilat\u00e7\u0131lar\u0131na v\u0259 i\u015ftirak\u00e7\u0131lar\u0131na t\u0259\u015f\u0259kk\u00fcr\u00fcn\u00fc bildirib.<\/p>\n\n\n\n<figure class=\"wp-block-image\"><img decoding=\"async\" src=\"http:\/\/www.zerdab.com\/wp-content\/uploads\/2018\/12\/Nurengiz-Gun-saire-80-illik-yubiley-1-550x386.jpg\" alt=\"\" class=\"wp-image-26323\"\/><\/figure>\n","protected":false},"excerpt":{"rendered":"<p>Dekabr\u0131n 19-da Az\u0259rbaycan D\u00f6vl\u0259t Musiqili Teatr\u0131nda tan\u0131nm\u0131\u015f \u015fair Nur\u0259ngiz G\u00fcn\u00fcn 80 illik yubileyi m\u00fcnasib\u0259til\u0259 an\u0131m t\u0259dbiri ke\u00e7irilib. Zerdab.com sayt\u0131 Az\u0259rtac-a istinad\u0259n x\u0259b\u0259r verir ki, t\u0259dbird\u0259 d\u00f6vl\u0259t v\u0259 h\u00f6kum\u0259t r\u0259smil\u0259ri, Milli M\u0259clisin deputatlar\u0131, elm v\u0259 m\u0259d\u0259niyy\u0259t xadiml\u0259ri, s\u0259n\u0259tkar\u0131n ail\u0259 \u00fczvl\u0259ri v\u0259 \u0259d\u0259bi ictimaiyy\u0259tin n\u00fcmay\u0259nd\u0259l\u0259ri i\u015ftirak edibl\u0259r. Milli M\u0259clisin m\u0259d\u0259niyy\u0259t komit\u0259sinin s\u0259dri, akademik Rafael H\u00fcseynov t\u0259dbird\u0259 \u00e7\u0131x\u0131\u015f [&hellip;]<\/p>\n","protected":false},"author":1,"featured_media":0,"comment_status":"open","ping_status":"open","sticky":false,"template":"","format":"standard","meta":{"footnotes":""},"categories":[21,63,5],"tags":[],"class_list":{"0":"post-26308","1":"post","2":"type-post","3":"status-publish","4":"format-standard","6":"category-zrdab","7":"category-manset","8":"category-knd"},"yoast_head":"<!-- This site is optimized with the Yoast SEO plugin v27.0 - https:\/\/yoast.com\/product\/yoast-seo-wordpress\/ -->\n<title>\u015eair\u0259 Nur\u0259ngiz G\u00fcn\u00fcn xatir\u0259sin\u0259 h\u0259sr edilmi\u015f t\u0259dbir ke\u00e7irilib - Z\u0259rdab.com<\/title>\n<meta name=\"robots\" content=\"index, follow, max-snippet:-1, max-image-preview:large, max-video-preview:-1\" \/>\n<link rel=\"canonical\" href=\"https:\/\/www.zerdab.com\/?p=26308\" \/>\n<meta property=\"og:locale\" content=\"az_AZ\" \/>\n<meta property=\"og:type\" content=\"article\" \/>\n<meta property=\"og:title\" content=\"\u015eair\u0259 Nur\u0259ngiz G\u00fcn\u00fcn xatir\u0259sin\u0259 h\u0259sr edilmi\u015f t\u0259dbir ke\u00e7irilib - Z\u0259rdab.com\" \/>\n<meta property=\"og:description\" content=\"Dekabr\u0131n 19-da Az\u0259rbaycan D\u00f6vl\u0259t Musiqili Teatr\u0131nda tan\u0131nm\u0131\u015f \u015fair Nur\u0259ngiz G\u00fcn\u00fcn 80 illik yubileyi m\u00fcnasib\u0259til\u0259 an\u0131m t\u0259dbiri ke\u00e7irilib. Zerdab.com sayt\u0131 Az\u0259rtac-a istinad\u0259n x\u0259b\u0259r verir ki, t\u0259dbird\u0259 d\u00f6vl\u0259t v\u0259 h\u00f6kum\u0259t r\u0259smil\u0259ri, Milli M\u0259clisin deputatlar\u0131, elm v\u0259 m\u0259d\u0259niyy\u0259t xadiml\u0259ri, s\u0259n\u0259tkar\u0131n ail\u0259 \u00fczvl\u0259ri v\u0259 \u0259d\u0259bi ictimaiyy\u0259tin n\u00fcmay\u0259nd\u0259l\u0259ri i\u015ftirak edibl\u0259r. Milli M\u0259clisin m\u0259d\u0259niyy\u0259t komit\u0259sinin s\u0259dri, akademik Rafael H\u00fcseynov t\u0259dbird\u0259 \u00e7\u0131x\u0131\u015f [&hellip;]\" \/>\n<meta property=\"og:url\" content=\"https:\/\/www.zerdab.com\/?p=26308\" \/>\n<meta property=\"og:site_name\" content=\"Z\u0259rdab.com\" \/>\n<meta property=\"article:published_time\" content=\"2018-12-20T05:47:37+00:00\" \/>\n<meta property=\"article:modified_time\" content=\"2018-12-20T06:40:28+00:00\" \/>\n<meta property=\"og:image\" content=\"http:\/\/www.zerdab.com\/wp-content\/uploads\/2018\/12\/Nurengiz-Gun-saire-80-illik-yubiley1-550x349.jpg\" \/>\n<meta name=\"author\" content=\"admin\" \/>\n<meta name=\"twitter:card\" content=\"summary_large_image\" \/>\n<meta name=\"twitter:label1\" content=\"Written by\" \/>\n\t<meta name=\"twitter:data1\" content=\"admin\" \/>\n\t<meta name=\"twitter:label2\" content=\"Est. reading time\" \/>\n\t<meta name=\"twitter:data2\" content=\"5 minutes\" \/>\n<script type=\"application\/ld+json\" class=\"yoast-schema-graph\">{\"@context\":\"https:\/\/schema.org\",\"@graph\":[{\"@type\":\"Article\",\"@id\":\"https:\/\/www.zerdab.com\/?p=26308#article\",\"isPartOf\":{\"@id\":\"https:\/\/www.zerdab.com\/?p=26308\"},\"author\":{\"name\":\"admin\",\"@id\":\"https:\/\/www.zerdab.com\/#\/schema\/person\/97079b7570c1e89ec0d9e138c3672136\"},\"headline\":\"\u015eair\u0259 Nur\u0259ngiz G\u00fcn\u00fcn xatir\u0259sin\u0259 h\u0259sr edilmi\u015f t\u0259dbir ke\u00e7irilib\",\"datePublished\":\"2018-12-20T05:47:37+00:00\",\"dateModified\":\"2018-12-20T06:40:28+00:00\",\"mainEntityOfPage\":{\"@id\":\"https:\/\/www.zerdab.com\/?p=26308\"},\"wordCount\":979,\"commentCount\":0,\"image\":{\"@id\":\"https:\/\/www.zerdab.com\/?p=26308#primaryimage\"},\"thumbnailUrl\":\"http:\/\/www.zerdab.com\/wp-content\/uploads\/2018\/12\/Nurengiz-Gun-saire-80-illik-yubiley1-550x349.jpg\",\"articleSection\":[\"C\u018fM\u0130YY\u018fT\",\"MAN\u015eET\",\"X\u018fB\u018fRL\u018fR\"],\"inLanguage\":\"az\",\"potentialAction\":[{\"@type\":\"CommentAction\",\"name\":\"Comment\",\"target\":[\"https:\/\/www.zerdab.com\/?p=26308#respond\"]}]},{\"@type\":\"WebPage\",\"@id\":\"https:\/\/www.zerdab.com\/?p=26308\",\"url\":\"https:\/\/www.zerdab.com\/?p=26308\",\"name\":\"\u015eair\u0259 Nur\u0259ngiz G\u00fcn\u00fcn xatir\u0259sin\u0259 h\u0259sr edilmi\u015f t\u0259dbir ke\u00e7irilib - Z\u0259rdab.com\",\"isPartOf\":{\"@id\":\"https:\/\/www.zerdab.com\/#website\"},\"primaryImageOfPage\":{\"@id\":\"https:\/\/www.zerdab.com\/?p=26308#primaryimage\"},\"image\":{\"@id\":\"https:\/\/www.zerdab.com\/?p=26308#primaryimage\"},\"thumbnailUrl\":\"http:\/\/www.zerdab.com\/wp-content\/uploads\/2018\/12\/Nurengiz-Gun-saire-80-illik-yubiley1-550x349.jpg\",\"datePublished\":\"2018-12-20T05:47:37+00:00\",\"dateModified\":\"2018-12-20T06:40:28+00:00\",\"author\":{\"@id\":\"https:\/\/www.zerdab.com\/#\/schema\/person\/97079b7570c1e89ec0d9e138c3672136\"},\"breadcrumb\":{\"@id\":\"https:\/\/www.zerdab.com\/?p=26308#breadcrumb\"},\"inLanguage\":\"az\",\"potentialAction\":[{\"@type\":\"ReadAction\",\"target\":[\"https:\/\/www.zerdab.com\/?p=26308\"]}]},{\"@type\":\"ImageObject\",\"inLanguage\":\"az\",\"@id\":\"https:\/\/www.zerdab.com\/?p=26308#primaryimage\",\"url\":\"\",\"contentUrl\":\"\"},{\"@type\":\"BreadcrumbList\",\"@id\":\"https:\/\/www.zerdab.com\/?p=26308#breadcrumb\",\"itemListElement\":[{\"@type\":\"ListItem\",\"position\":1,\"name\":\"Home\",\"item\":\"https:\/\/www.zerdab.com\/\"},{\"@type\":\"ListItem\",\"position\":2,\"name\":\"\u015eair\u0259 Nur\u0259ngiz G\u00fcn\u00fcn xatir\u0259sin\u0259 h\u0259sr edilmi\u015f t\u0259dbir ke\u00e7irilib\"}]},{\"@type\":\"WebSite\",\"@id\":\"https:\/\/www.zerdab.com\/#website\",\"url\":\"https:\/\/www.zerdab.com\/\",\"name\":\"Z\u0259rdab.com\",\"description\":\"\",\"potentialAction\":[{\"@type\":\"SearchAction\",\"target\":{\"@type\":\"EntryPoint\",\"urlTemplate\":\"https:\/\/www.zerdab.com\/?s={search_term_string}\"},\"query-input\":{\"@type\":\"PropertyValueSpecification\",\"valueRequired\":true,\"valueName\":\"search_term_string\"}}],\"inLanguage\":\"az\"},{\"@type\":\"Person\",\"@id\":\"https:\/\/www.zerdab.com\/#\/schema\/person\/97079b7570c1e89ec0d9e138c3672136\",\"name\":\"admin\",\"image\":{\"@type\":\"ImageObject\",\"inLanguage\":\"az\",\"@id\":\"https:\/\/www.zerdab.com\/#\/schema\/person\/image\/\",\"url\":\"https:\/\/secure.gravatar.com\/avatar\/d9c52a9a27c32119cb6679a077fa3e2779e5f822c451cbf01098004361d466ec?s=96&d=mm&r=g\",\"contentUrl\":\"https:\/\/secure.gravatar.com\/avatar\/d9c52a9a27c32119cb6679a077fa3e2779e5f822c451cbf01098004361d466ec?s=96&d=mm&r=g\",\"caption\":\"admin\"},\"url\":\"https:\/\/www.zerdab.com\/?author=1\"}]}<\/script>\n<!-- \/ Yoast SEO plugin. -->","yoast_head_json":{"title":"\u015eair\u0259 Nur\u0259ngiz G\u00fcn\u00fcn xatir\u0259sin\u0259 h\u0259sr edilmi\u015f t\u0259dbir ke\u00e7irilib - Z\u0259rdab.com","robots":{"index":"index","follow":"follow","max-snippet":"max-snippet:-1","max-image-preview":"max-image-preview:large","max-video-preview":"max-video-preview:-1"},"canonical":"https:\/\/www.zerdab.com\/?p=26308","og_locale":"az_AZ","og_type":"article","og_title":"\u015eair\u0259 Nur\u0259ngiz G\u00fcn\u00fcn xatir\u0259sin\u0259 h\u0259sr edilmi\u015f t\u0259dbir ke\u00e7irilib - Z\u0259rdab.com","og_description":"Dekabr\u0131n 19-da Az\u0259rbaycan D\u00f6vl\u0259t Musiqili Teatr\u0131nda tan\u0131nm\u0131\u015f \u015fair Nur\u0259ngiz G\u00fcn\u00fcn 80 illik yubileyi m\u00fcnasib\u0259til\u0259 an\u0131m t\u0259dbiri ke\u00e7irilib. Zerdab.com sayt\u0131 Az\u0259rtac-a istinad\u0259n x\u0259b\u0259r verir ki, t\u0259dbird\u0259 d\u00f6vl\u0259t v\u0259 h\u00f6kum\u0259t r\u0259smil\u0259ri, Milli M\u0259clisin deputatlar\u0131, elm v\u0259 m\u0259d\u0259niyy\u0259t xadiml\u0259ri, s\u0259n\u0259tkar\u0131n ail\u0259 \u00fczvl\u0259ri v\u0259 \u0259d\u0259bi ictimaiyy\u0259tin n\u00fcmay\u0259nd\u0259l\u0259ri i\u015ftirak edibl\u0259r. Milli M\u0259clisin m\u0259d\u0259niyy\u0259t komit\u0259sinin s\u0259dri, akademik Rafael H\u00fcseynov t\u0259dbird\u0259 \u00e7\u0131x\u0131\u015f [&hellip;]","og_url":"https:\/\/www.zerdab.com\/?p=26308","og_site_name":"Z\u0259rdab.com","article_published_time":"2018-12-20T05:47:37+00:00","article_modified_time":"2018-12-20T06:40:28+00:00","og_image":[{"url":"http:\/\/www.zerdab.com\/wp-content\/uploads\/2018\/12\/Nurengiz-Gun-saire-80-illik-yubiley1-550x349.jpg","type":"","width":"","height":""}],"author":"admin","twitter_card":"summary_large_image","twitter_misc":{"Written by":"admin","Est. reading time":"5 minutes"},"schema":{"@context":"https:\/\/schema.org","@graph":[{"@type":"Article","@id":"https:\/\/www.zerdab.com\/?p=26308#article","isPartOf":{"@id":"https:\/\/www.zerdab.com\/?p=26308"},"author":{"name":"admin","@id":"https:\/\/www.zerdab.com\/#\/schema\/person\/97079b7570c1e89ec0d9e138c3672136"},"headline":"\u015eair\u0259 Nur\u0259ngiz G\u00fcn\u00fcn xatir\u0259sin\u0259 h\u0259sr edilmi\u015f t\u0259dbir ke\u00e7irilib","datePublished":"2018-12-20T05:47:37+00:00","dateModified":"2018-12-20T06:40:28+00:00","mainEntityOfPage":{"@id":"https:\/\/www.zerdab.com\/?p=26308"},"wordCount":979,"commentCount":0,"image":{"@id":"https:\/\/www.zerdab.com\/?p=26308#primaryimage"},"thumbnailUrl":"http:\/\/www.zerdab.com\/wp-content\/uploads\/2018\/12\/Nurengiz-Gun-saire-80-illik-yubiley1-550x349.jpg","articleSection":["C\u018fM\u0130YY\u018fT","MAN\u015eET","X\u018fB\u018fRL\u018fR"],"inLanguage":"az","potentialAction":[{"@type":"CommentAction","name":"Comment","target":["https:\/\/www.zerdab.com\/?p=26308#respond"]}]},{"@type":"WebPage","@id":"https:\/\/www.zerdab.com\/?p=26308","url":"https:\/\/www.zerdab.com\/?p=26308","name":"\u015eair\u0259 Nur\u0259ngiz G\u00fcn\u00fcn xatir\u0259sin\u0259 h\u0259sr edilmi\u015f t\u0259dbir ke\u00e7irilib - Z\u0259rdab.com","isPartOf":{"@id":"https:\/\/www.zerdab.com\/#website"},"primaryImageOfPage":{"@id":"https:\/\/www.zerdab.com\/?p=26308#primaryimage"},"image":{"@id":"https:\/\/www.zerdab.com\/?p=26308#primaryimage"},"thumbnailUrl":"http:\/\/www.zerdab.com\/wp-content\/uploads\/2018\/12\/Nurengiz-Gun-saire-80-illik-yubiley1-550x349.jpg","datePublished":"2018-12-20T05:47:37+00:00","dateModified":"2018-12-20T06:40:28+00:00","author":{"@id":"https:\/\/www.zerdab.com\/#\/schema\/person\/97079b7570c1e89ec0d9e138c3672136"},"breadcrumb":{"@id":"https:\/\/www.zerdab.com\/?p=26308#breadcrumb"},"inLanguage":"az","potentialAction":[{"@type":"ReadAction","target":["https:\/\/www.zerdab.com\/?p=26308"]}]},{"@type":"ImageObject","inLanguage":"az","@id":"https:\/\/www.zerdab.com\/?p=26308#primaryimage","url":"","contentUrl":""},{"@type":"BreadcrumbList","@id":"https:\/\/www.zerdab.com\/?p=26308#breadcrumb","itemListElement":[{"@type":"ListItem","position":1,"name":"Home","item":"https:\/\/www.zerdab.com\/"},{"@type":"ListItem","position":2,"name":"\u015eair\u0259 Nur\u0259ngiz G\u00fcn\u00fcn xatir\u0259sin\u0259 h\u0259sr edilmi\u015f t\u0259dbir ke\u00e7irilib"}]},{"@type":"WebSite","@id":"https:\/\/www.zerdab.com\/#website","url":"https:\/\/www.zerdab.com\/","name":"Z\u0259rdab.com","description":"","potentialAction":[{"@type":"SearchAction","target":{"@type":"EntryPoint","urlTemplate":"https:\/\/www.zerdab.com\/?s={search_term_string}"},"query-input":{"@type":"PropertyValueSpecification","valueRequired":true,"valueName":"search_term_string"}}],"inLanguage":"az"},{"@type":"Person","@id":"https:\/\/www.zerdab.com\/#\/schema\/person\/97079b7570c1e89ec0d9e138c3672136","name":"admin","image":{"@type":"ImageObject","inLanguage":"az","@id":"https:\/\/www.zerdab.com\/#\/schema\/person\/image\/","url":"https:\/\/secure.gravatar.com\/avatar\/d9c52a9a27c32119cb6679a077fa3e2779e5f822c451cbf01098004361d466ec?s=96&d=mm&r=g","contentUrl":"https:\/\/secure.gravatar.com\/avatar\/d9c52a9a27c32119cb6679a077fa3e2779e5f822c451cbf01098004361d466ec?s=96&d=mm&r=g","caption":"admin"},"url":"https:\/\/www.zerdab.com\/?author=1"}]}},"_links":{"self":[{"href":"https:\/\/www.zerdab.com\/index.php?rest_route=\/wp\/v2\/posts\/26308","targetHints":{"allow":["GET"]}}],"collection":[{"href":"https:\/\/www.zerdab.com\/index.php?rest_route=\/wp\/v2\/posts"}],"about":[{"href":"https:\/\/www.zerdab.com\/index.php?rest_route=\/wp\/v2\/types\/post"}],"author":[{"embeddable":true,"href":"https:\/\/www.zerdab.com\/index.php?rest_route=\/wp\/v2\/users\/1"}],"replies":[{"embeddable":true,"href":"https:\/\/www.zerdab.com\/index.php?rest_route=%2Fwp%2Fv2%2Fcomments&post=26308"}],"version-history":[{"count":7,"href":"https:\/\/www.zerdab.com\/index.php?rest_route=\/wp\/v2\/posts\/26308\/revisions"}],"predecessor-version":[{"id":26326,"href":"https:\/\/www.zerdab.com\/index.php?rest_route=\/wp\/v2\/posts\/26308\/revisions\/26326"}],"wp:attachment":[{"href":"https:\/\/www.zerdab.com\/index.php?rest_route=%2Fwp%2Fv2%2Fmedia&parent=26308"}],"wp:term":[{"taxonomy":"category","embeddable":true,"href":"https:\/\/www.zerdab.com\/index.php?rest_route=%2Fwp%2Fv2%2Fcategories&post=26308"},{"taxonomy":"post_tag","embeddable":true,"href":"https:\/\/www.zerdab.com\/index.php?rest_route=%2Fwp%2Fv2%2Ftags&post=26308"}],"curies":[{"name":"wp","href":"https:\/\/api.w.org\/{rel}","templated":true}]}}