{"id":26392,"date":"2019-02-01T20:58:13","date_gmt":"2019-02-01T16:58:13","guid":{"rendered":"http:\/\/www.zerdab.com\/?p=26392"},"modified":"2019-02-01T21:05:57","modified_gmt":"2019-02-01T17:05:57","slug":"prezident-ukraynada-bir-ail%c9%99ni-xilas-ed%c9%99n-z%c9%99rdabli-qardaslari-mukafatlandirdi","status":"publish","type":"post","link":"https:\/\/www.zerdab.com\/?p=26392","title":{"rendered":"Prezident Ukraynada bir ail\u0259ni xilas ed\u0259n Z\u0259rdabl\u0131 qarda\u015flar\u0131 m\u00fckafatland\u0131rd\u0131 &#8211; V\u0130DEO"},"content":{"rendered":"\n<p>Fevral\u0131n 1-d\u0259 Bak\u0131 Konqres M\u0259rk\u0259zind\u0259 Az\u0259rbaycan G\u0259ncl\u0259ri G\u00fcn\u00fcn\u0259 h\u0259sr olunmu\u015f respublika toplant\u0131s\u0131 \u00e7\u0259r\u00e7iv\u0259sind\u0259 Az\u0259rbaycan Respublikas\u0131n\u0131n Prezidenti \u0130lham \u018fliyev v\u0259 birinci xan\u0131m Mehriban \u018fliyeva Ukraynada ya\u015fayan soyda\u015flar\u0131m\u0131z Umud v\u0259 Sabir \u015eirinov qarda\u015flar\u0131 il\u0259 g\u00f6r\u00fc\u015f\u00fcbl\u0259r.<\/p>\n\n\n\n<figure class=\"wp-block-image\"><img loading=\"lazy\" decoding=\"async\" width=\"550\" height=\"392\" src=\"http:\/\/www.zerdab.com\/wp-content\/uploads\/2019\/02\/umud-sabir-sirinov-qardaslari-zerdab-prezident-ilham-eliyev1-550x392.jpg\" alt=\"\" class=\"wp-image-26396\" srcset=\"https:\/\/www.zerdab.com\/wp-content\/uploads\/2019\/02\/umud-sabir-sirinov-qardaslari-zerdab-prezident-ilham-eliyev1-550x392.jpg 550w, https:\/\/www.zerdab.com\/wp-content\/uploads\/2019\/02\/umud-sabir-sirinov-qardaslari-zerdab-prezident-ilham-eliyev1-400x285.jpg 400w, https:\/\/www.zerdab.com\/wp-content\/uploads\/2019\/02\/umud-sabir-sirinov-qardaslari-zerdab-prezident-ilham-eliyev1-768x548.jpg 768w, https:\/\/www.zerdab.com\/wp-content\/uploads\/2019\/02\/umud-sabir-sirinov-qardaslari-zerdab-prezident-ilham-eliyev1-100x70.jpg 100w, https:\/\/www.zerdab.com\/wp-content\/uploads\/2019\/02\/umud-sabir-sirinov-qardaslari-zerdab-prezident-ilham-eliyev1-696x497.jpg 696w, https:\/\/www.zerdab.com\/wp-content\/uploads\/2019\/02\/umud-sabir-sirinov-qardaslari-zerdab-prezident-ilham-eliyev1-1068x762.jpg 1068w, https:\/\/www.zerdab.com\/wp-content\/uploads\/2019\/02\/umud-sabir-sirinov-qardaslari-zerdab-prezident-ilham-eliyev1-589x420.jpg 589w, https:\/\/www.zerdab.com\/wp-content\/uploads\/2019\/02\/umud-sabir-sirinov-qardaslari-zerdab-prezident-ilham-eliyev1.jpg 1340w\" sizes=\"auto, (max-width: 550px) 100vw, 550px\" \/><\/figure>\n\n\n\n<p><a href=\"http:\/\/Zerdab.com\">Zerdab.com<\/a> sayt\u0131 AZ\u018fRTAC\u00a0x\u0259b\u0259r verir ki, d\u00f6vl\u0259timizin ba\u015f\u00e7\u0131s\u0131 h\u0259yatlar\u0131 t\u0259hl\u00fck\u0259y\u0259 m\u0259ruz qalan insanlar\u0131n xilas\u0131 zaman\u0131 g\u00f6st\u0259rdikl\u0259ri \u015f\u0259xsi \u015f\u00fcca\u0259t\u0259 g\u00f6r\u0259 onlar\u0131 \u201c\u0130gidliy\u0259 g\u00f6r\u0259\u201d medal\u0131 il\u0259 t\u0259ltif edib.<\/p>\n\n\n\n<p>\u015eirinov qarda\u015flar\u0131n\u0131 salamlayan Prezident \u0130lham \u018fL\u0130YEV dedi:<\/p>\n\n\n\n<figure class=\"wp-block-image\"><img loading=\"lazy\" decoding=\"async\" width=\"550\" height=\"390\" src=\"http:\/\/www.zerdab.com\/wp-content\/uploads\/2019\/02\/umud-sabir-sirinov-qardaslari-zerdab-prezident-ilham-eliyev3-550x390.jpg\" alt=\"\" class=\"wp-image-26398\" srcset=\"https:\/\/www.zerdab.com\/wp-content\/uploads\/2019\/02\/umud-sabir-sirinov-qardaslari-zerdab-prezident-ilham-eliyev3-550x390.jpg 550w, https:\/\/www.zerdab.com\/wp-content\/uploads\/2019\/02\/umud-sabir-sirinov-qardaslari-zerdab-prezident-ilham-eliyev3-400x284.jpg 400w, https:\/\/www.zerdab.com\/wp-content\/uploads\/2019\/02\/umud-sabir-sirinov-qardaslari-zerdab-prezident-ilham-eliyev3-768x544.jpg 768w, https:\/\/www.zerdab.com\/wp-content\/uploads\/2019\/02\/umud-sabir-sirinov-qardaslari-zerdab-prezident-ilham-eliyev3-100x70.jpg 100w, https:\/\/www.zerdab.com\/wp-content\/uploads\/2019\/02\/umud-sabir-sirinov-qardaslari-zerdab-prezident-ilham-eliyev3-696x493.jpg 696w, https:\/\/www.zerdab.com\/wp-content\/uploads\/2019\/02\/umud-sabir-sirinov-qardaslari-zerdab-prezident-ilham-eliyev3-1068x757.jpg 1068w, https:\/\/www.zerdab.com\/wp-content\/uploads\/2019\/02\/umud-sabir-sirinov-qardaslari-zerdab-prezident-ilham-eliyev3-592x420.jpg 592w, https:\/\/www.zerdab.com\/wp-content\/uploads\/2019\/02\/umud-sabir-sirinov-qardaslari-zerdab-prezident-ilham-eliyev3.jpg 1340w\" sizes=\"auto, (max-width: 550px) 100vw, 550px\" \/><\/figure>\n\n\n\n<p>&#8211; V\u0259t\u0259n\u0259 xo\u015f g\u0259lmisiniz. Sizi t\u0259brik edir\u0259m. \u00c7ox b\u00f6y\u00fck \u015f\u00fcca\u0259t g\u00f6st\u0259rmisiniz. K\u00f6m\u0259ksiz v\u0259ziyy\u0259td\u0259 olan insanlar\u0131 xilas etmisiniz. \u00d6z h\u0259yat\u0131n\u0131z\u0131 risk alt\u0131na salm\u0131s\u0131n\u0131z. Bu, do\u011frudan da \u00e7ox b\u00f6y\u00fck \u0259ks-s\u0259da do\u011furub. \u018flb\u0259tt\u0259 ki, sizin bu q\u0259hr\u0259manl\u0131\u011f\u0131n\u0131z Az\u0259rbaycan xalq\u0131 haqq\u0131nda daha da dol\u011fun t\u0259s\u0259vv\u00fcr yarad\u0131lmas\u0131na xidm\u0259t g\u00f6st\u0259rir. Do\u011frudan da xalq\u0131m\u0131z\u0131 l\u0259yaq\u0259tl\u0259 t\u0259msil etmisiniz. M\u0259n sizi d\u0259v\u0259t etdim v\u0259 sizi d\u00f6vl\u0259t m\u00fckafat\u0131 il\u0259 &#8211; \u201c\u0130gidliy\u0259 g\u00f6r\u0259\u201d medal\u0131 il\u0259 t\u0259ltif edir\u0259m.<\/p>\n\n\n\n<p>Sonra Prezident \u0130lham \u018fliyev medallar\u0131 t\u0259qdim etdi.<\/p>\n\n\n\n<p>Daha sonra \u015eirinov qarda\u015flar\u0131 hadis\u0259 bar\u0259d\u0259 dan\u0131\u015fd\u0131lar.<\/p>\n\n\n\n<p>Umud \u015e\u0130R\u0130NOV dedi:<\/p>\n\n\n\n<p>-Biz i\u015fd\u0259n qay\u0131d\u0131rd\u0131q, yolda y\u00fck ma\u015f\u0131n\u0131n\u0131n qo\u015fqusu a\u015fm\u0131\u015fd\u0131, amma el\u0259 bildik ki, yolu tutmay\u0131b. Yax\u0131nla\u015fanda g\u00f6rd\u00fck ki, art\u0131q gecdir, yol t\u0259miz tutulmu\u015fdu. Biz birt\u0259h\u0259r ke\u00e7dik, az qala \u00f6z\u00fcm\u00fcz d\u0259 q\u0259zaya d\u00fc\u015fm\u00fc\u015fd\u00fck. Biz yanan \u201cK\u0130A\u201d ma\u015f\u0131n\u0131n\u0131 g\u00f6rm\u0259mi\u015fdik. Biz avtomobilimizi saxlay\u0131b buraya y\u0131\u011f\u0131lm\u0131\u015f adamlara irad\u0131m\u0131z\u0131 bildirdik ki, niy\u0259 x\u0259b\u0259rdaredici ni\u015fan qoymam\u0131s\u0131n\u0131z. He\u00e7 yar\u0131m d\u0259qiq\u0259 ke\u00e7m\u0259mi\u015fdi ki, m\u0259n u\u015faq s\u0259si e\u015fitdim. Yolun k\u0259nar\u0131 \u00e7ox \u00e7\u00f6k\u0259klik idi, g\u00f6r\u00fcnm\u00fcrd\u00fc. U\u015faq s\u0259si e\u015fid\u0259nd\u0259 bax\u0131b g\u00f6rd\u00fcm ki, bir ma\u015f\u0131n yan\u0131r, s\u0259s d\u0259 oradan g\u0259lir. Art\u0131q salon t\u0259miz yanm\u0131\u015fd\u0131. Dedim b\u0259s niy\u0259 dayanm\u0131s\u0131n\u0131z? Dedil\u0259r ki, qap\u0131lar\u0131 a\u00e7a bilm\u0259dik, ma\u015f\u0131na baxd\u0131q, qazla i\u015fl\u0259yir, qaz balonu var, partlaya bil\u0259r, c\u0259hd ed\u0259 bilm\u0259dik, m\u0259sl\u0259h\u0259t g\u00f6rm\u00fcr\u00fck. Biz d\u0259 qap\u0131n\u0131 a\u00e7a bilm\u0259dik, sonradan s\u00fcr\u00fcc\u00fc \u00f6z\u00fc biz\u0259 dedi ki, u\u015fa\u011fa g\u00f6r\u0259 qap\u0131lar\u0131n m\u0259rk\u0259zi q\u0131f\u0131l\u0131n\u0131 ba\u011flay\u0131bm\u0131\u015f. Biz ma\u015f\u0131n\u0131n qap\u0131lar\u0131n\u0131 he\u00e7 c\u00fcr a\u00e7a bilm\u0259dik. G\u00f6rd\u00fck ma\u015f\u0131n t\u0259miz yan\u0131r. U\u015fa\u011f\u0131n atas\u0131 v\u0259 anas\u0131 y\u0131x\u0131l\u0131 v\u0259ziyy\u0259td\u0259 idi. \u00dc\u00e7 ya\u015fl\u0131 u\u015faq q\u0131\u015fq\u0131r\u0131rd\u0131. Biz avtomobilin y\u00fck yerinin qap\u0131s\u0131n\u0131 q\u0131rd\u0131q, u\u015fa\u011f\u0131 v\u0259 anas\u0131n\u0131 \u00e7\u0131xard\u0131q. Biz t\u0259l\u0259sir, ehtiyat edirdik ki, qaz balonu partlaya bil\u0259r. M\u0259n u\u015fa\u011f\u0131 \u00e7\u0131xaranda k\u00f6m\u0259k ist\u0259dim. Yolda 25-30 n\u0259f\u0259r dayanm\u0131\u015fd\u0131. K\u00f6m\u0259k ist\u0259dim, he\u00e7 kim yax\u0131n durmad\u0131. M\u0259n qarda\u015f\u0131ma dedim ki, bizim d\u0259 \u00f6vlad\u0131m\u0131z var, indic\u0259 balon partlayacaq. Alovun ona \u00e7atmas\u0131na bir qar\u0131\u015f qal\u0131b. S\u00fcr\u00fcc\u00fc komada idi, t\u0259rp\u0259nmirdi, oturacaqlar\u0131n aras\u0131nda s\u0131x\u0131lm\u0131\u015f v\u0259ziyy\u0259td\u0259 qalm\u0131\u015fd\u0131. Biz oturacaqlar\u0131 q\u0131rd\u0131q. Sa\u011f olsun qarda\u015f\u0131m, dedi ki, g\u0259l risk ed\u0259k, onu da \u00e7\u0131xaraq. Qad\u0131n yalvar\u0131rd\u0131 ki, \u0259rini d\u0259 \u00e7\u0131xaraq. U\u015faq da deyirdi ki, xahi\u015f edir\u0259m atam\u0131 da xilas edin. Art\u0131q biz \u00f6z\u00fcm\u00fcz haqq\u0131nda d\u00fc\u015f\u00fcnm\u00fcrd\u00fck, h\u0259yat\u0131m\u0131z\u0131 risk\u0259 qoyub ki\u015fini d\u0259 \u00e7\u0131xard\u0131q. Bundan d\u0259qiq\u0259 yar\u0131m sonra qaz balonu partlad\u0131.<\/p>\n\n\n\n<p>Prezident \u0130lham \u018fL\u0130YEV: Siz do\u011frudan da q\u0259hr\u0259manl\u0131q g\u00f6st\u0259rmisiniz. M\u0259n bunu e\u015fid\u0259nd\u0259 dedim ki, m\u00fctl\u0259q sizi d\u0259v\u0259t etsinl\u0259r, g\u00f6r\u00fc\u015f\u0259k, m\u0259n sizi \u201c\u0130gidliy\u0259 g\u00f6r\u0259\u201d medal\u0131 il\u0259 t\u0259ltif edim.<\/p>\n\n\n\n<p>\u015eirinov qarda\u015flar\u0131: \u00c7ox sa\u011f olun, c\u0259nab Prezident.<\/p>\n\n\n\n<p>Prezident \u0130lham \u018fL\u0130YEV: Sizin kimi g\u0259ncl\u0259r bizim f\u0259xrimizdir.<\/p>\n\n\n\n<p>\u015eirinov qarda\u015flar\u0131: Siz d\u0259 bizim f\u0259xrimizsiniz.<\/p>\n\n\n\n<p><strong>x x x<\/strong><\/p>\n\n\n\n<p>Sonda xatir\u0259 \u015f\u0259kli \u00e7\u0259kdirildi. <\/p>\n\n\n\n<p>Qeyd ed\u0259k ki, s\u00f6z\u00fcged\u0259n qarda\u015flar Z\u0259rdab rayonundand\u0131rlar, 20 il\u0259 yax\u0131nd\u0131r Ukraynada ya\u015fay\u0131rlar.<\/p>\n\n\n\n<figure class=\"wp-block-embed-youtube wp-block-embed is-type-video is-provider-youtube wp-embed-aspect-16-9 wp-has-aspect-ratio\"><div class=\"wp-block-embed__wrapper\">\n<div class=\"youtube-embed\" data-video_id=\"CNmZc3BOIaI\"><iframe loading=\"lazy\" width=\"696\" height=\"392\" src=\"https:\/\/www.youtube.com\/embed\/CNmZc3BOIaI?feature=oembed&#038;enablejsapi=1&#038;enablejsapi=1\" frameborder=\"0\" allow=\"accelerometer; autoplay; encrypted-media; gyroscope; picture-in-picture\" allowfullscreen><\/iframe><\/div>\n<\/div><\/figure>\n","protected":false},"excerpt":{"rendered":"<p>Fevral\u0131n 1-d\u0259 Bak\u0131 Konqres M\u0259rk\u0259zind\u0259 Az\u0259rbaycan G\u0259ncl\u0259ri G\u00fcn\u00fcn\u0259 h\u0259sr olunmu\u015f respublika toplant\u0131s\u0131 \u00e7\u0259r\u00e7iv\u0259sind\u0259 Az\u0259rbaycan Respublikas\u0131n\u0131n Prezidenti \u0130lham \u018fliyev v\u0259 birinci xan\u0131m Mehriban \u018fliyeva Ukraynada ya\u015fayan soyda\u015flar\u0131m\u0131z Umud v\u0259 Sabir \u015eirinov qarda\u015flar\u0131 il\u0259 g\u00f6r\u00fc\u015f\u00fcbl\u0259r. Zerdab.com sayt\u0131 AZ\u018fRTAC\u00a0x\u0259b\u0259r verir ki, d\u00f6vl\u0259timizin ba\u015f\u00e7\u0131s\u0131 h\u0259yatlar\u0131 t\u0259hl\u00fck\u0259y\u0259 m\u0259ruz qalan insanlar\u0131n xilas\u0131 zaman\u0131 g\u00f6st\u0259rdikl\u0259ri \u015f\u0259xsi \u015f\u00fcca\u0259t\u0259 g\u00f6r\u0259 onlar\u0131 \u201c\u0130gidliy\u0259 g\u00f6r\u0259\u201d medal\u0131 [&hellip;]<\/p>\n","protected":false},"author":1,"featured_media":26393,"comment_status":"open","ping_status":"open","sticky":false,"template":"","format":"standard","meta":{"footnotes":""},"categories":[21,63],"tags":[],"class_list":{"0":"post-26392","1":"post","2":"type-post","3":"status-publish","4":"format-standard","5":"has-post-thumbnail","7":"category-zrdab","8":"category-manset"},"yoast_head":"<!-- This site is optimized with the Yoast SEO plugin v27.0 - https:\/\/yoast.com\/product\/yoast-seo-wordpress\/ -->\n<title>Prezident Ukraynada bir ail\u0259ni xilas ed\u0259n Z\u0259rdabl\u0131 qarda\u015flar\u0131 m\u00fckafatland\u0131rd\u0131 - V\u0130DEO - Z\u0259rdab.com<\/title>\n<meta name=\"robots\" content=\"index, follow, max-snippet:-1, max-image-preview:large, max-video-preview:-1\" \/>\n<link rel=\"canonical\" href=\"https:\/\/www.zerdab.com\/?p=26392\" \/>\n<meta property=\"og:locale\" content=\"az_AZ\" \/>\n<meta property=\"og:type\" content=\"article\" \/>\n<meta property=\"og:title\" content=\"Prezident Ukraynada bir ail\u0259ni xilas ed\u0259n Z\u0259rdabl\u0131 qarda\u015flar\u0131 m\u00fckafatland\u0131rd\u0131 - V\u0130DEO - Z\u0259rdab.com\" \/>\n<meta property=\"og:description\" content=\"Fevral\u0131n 1-d\u0259 Bak\u0131 Konqres M\u0259rk\u0259zind\u0259 Az\u0259rbaycan G\u0259ncl\u0259ri G\u00fcn\u00fcn\u0259 h\u0259sr olunmu\u015f respublika toplant\u0131s\u0131 \u00e7\u0259r\u00e7iv\u0259sind\u0259 Az\u0259rbaycan Respublikas\u0131n\u0131n Prezidenti \u0130lham \u018fliyev v\u0259 birinci xan\u0131m Mehriban \u018fliyeva Ukraynada ya\u015fayan soyda\u015flar\u0131m\u0131z Umud v\u0259 Sabir \u015eirinov qarda\u015flar\u0131 il\u0259 g\u00f6r\u00fc\u015f\u00fcbl\u0259r. Zerdab.com sayt\u0131 AZ\u018fRTAC\u00a0x\u0259b\u0259r verir ki, d\u00f6vl\u0259timizin ba\u015f\u00e7\u0131s\u0131 h\u0259yatlar\u0131 t\u0259hl\u00fck\u0259y\u0259 m\u0259ruz qalan insanlar\u0131n xilas\u0131 zaman\u0131 g\u00f6st\u0259rdikl\u0259ri \u015f\u0259xsi \u015f\u00fcca\u0259t\u0259 g\u00f6r\u0259 onlar\u0131 \u201c\u0130gidliy\u0259 g\u00f6r\u0259\u201d medal\u0131 [&hellip;]\" \/>\n<meta property=\"og:url\" content=\"https:\/\/www.zerdab.com\/?p=26392\" \/>\n<meta property=\"og:site_name\" content=\"Z\u0259rdab.com\" \/>\n<meta property=\"article:published_time\" content=\"2019-02-01T16:58:13+00:00\" \/>\n<meta property=\"article:modified_time\" content=\"2019-02-01T17:05:57+00:00\" \/>\n<meta property=\"og:image\" content=\"https:\/\/www.zerdab.com\/wp-content\/uploads\/2019\/02\/umud-sabir-sirinov-qardaslari-zerdab-prezident-ilham-eliyev.jpg\" \/>\n\t<meta property=\"og:image:width\" content=\"2360\" \/>\n\t<meta property=\"og:image:height\" content=\"1196\" \/>\n\t<meta property=\"og:image:type\" content=\"image\/jpeg\" \/>\n<meta name=\"author\" content=\"admin\" \/>\n<meta name=\"twitter:card\" content=\"summary_large_image\" \/>\n<meta name=\"twitter:label1\" content=\"Written by\" \/>\n\t<meta name=\"twitter:data1\" content=\"admin\" \/>\n\t<meta name=\"twitter:label2\" content=\"Est. reading time\" \/>\n\t<meta name=\"twitter:data2\" content=\"4 minutes\" \/>\n<script type=\"application\/ld+json\" class=\"yoast-schema-graph\">{\"@context\":\"https:\/\/schema.org\",\"@graph\":[{\"@type\":\"Article\",\"@id\":\"https:\/\/www.zerdab.com\/?p=26392#article\",\"isPartOf\":{\"@id\":\"https:\/\/www.zerdab.com\/?p=26392\"},\"author\":{\"name\":\"admin\",\"@id\":\"https:\/\/www.zerdab.com\/#\/schema\/person\/97079b7570c1e89ec0d9e138c3672136\"},\"headline\":\"Prezident Ukraynada bir ail\u0259ni xilas ed\u0259n Z\u0259rdabl\u0131 qarda\u015flar\u0131 m\u00fckafatland\u0131rd\u0131 &#8211; V\u0130DEO\",\"datePublished\":\"2019-02-01T16:58:13+00:00\",\"dateModified\":\"2019-02-01T17:05:57+00:00\",\"mainEntityOfPage\":{\"@id\":\"https:\/\/www.zerdab.com\/?p=26392\"},\"wordCount\":836,\"commentCount\":0,\"image\":{\"@id\":\"https:\/\/www.zerdab.com\/?p=26392#primaryimage\"},\"thumbnailUrl\":\"https:\/\/www.zerdab.com\/wp-content\/uploads\/2019\/02\/umud-sabir-sirinov-qardaslari-zerdab-prezident-ilham-eliyev.jpg\",\"articleSection\":[\"C\u018fM\u0130YY\u018fT\",\"MAN\u015eET\"],\"inLanguage\":\"az\",\"potentialAction\":[{\"@type\":\"CommentAction\",\"name\":\"Comment\",\"target\":[\"https:\/\/www.zerdab.com\/?p=26392#respond\"]}]},{\"@type\":\"WebPage\",\"@id\":\"https:\/\/www.zerdab.com\/?p=26392\",\"url\":\"https:\/\/www.zerdab.com\/?p=26392\",\"name\":\"Prezident Ukraynada bir ail\u0259ni xilas ed\u0259n Z\u0259rdabl\u0131 qarda\u015flar\u0131 m\u00fckafatland\u0131rd\u0131 - V\u0130DEO - Z\u0259rdab.com\",\"isPartOf\":{\"@id\":\"https:\/\/www.zerdab.com\/#website\"},\"primaryImageOfPage\":{\"@id\":\"https:\/\/www.zerdab.com\/?p=26392#primaryimage\"},\"image\":{\"@id\":\"https:\/\/www.zerdab.com\/?p=26392#primaryimage\"},\"thumbnailUrl\":\"https:\/\/www.zerdab.com\/wp-content\/uploads\/2019\/02\/umud-sabir-sirinov-qardaslari-zerdab-prezident-ilham-eliyev.jpg\",\"datePublished\":\"2019-02-01T16:58:13+00:00\",\"dateModified\":\"2019-02-01T17:05:57+00:00\",\"author\":{\"@id\":\"https:\/\/www.zerdab.com\/#\/schema\/person\/97079b7570c1e89ec0d9e138c3672136\"},\"breadcrumb\":{\"@id\":\"https:\/\/www.zerdab.com\/?p=26392#breadcrumb\"},\"inLanguage\":\"az\",\"potentialAction\":[{\"@type\":\"ReadAction\",\"target\":[\"https:\/\/www.zerdab.com\/?p=26392\"]}]},{\"@type\":\"ImageObject\",\"inLanguage\":\"az\",\"@id\":\"https:\/\/www.zerdab.com\/?p=26392#primaryimage\",\"url\":\"https:\/\/www.zerdab.com\/wp-content\/uploads\/2019\/02\/umud-sabir-sirinov-qardaslari-zerdab-prezident-ilham-eliyev.jpg\",\"contentUrl\":\"https:\/\/www.zerdab.com\/wp-content\/uploads\/2019\/02\/umud-sabir-sirinov-qardaslari-zerdab-prezident-ilham-eliyev.jpg\",\"width\":2360,\"height\":1196,\"caption\":\"umud-sabir-sirinov-qardaslari-zerdab-prezident-ilham-eliyev\"},{\"@type\":\"BreadcrumbList\",\"@id\":\"https:\/\/www.zerdab.com\/?p=26392#breadcrumb\",\"itemListElement\":[{\"@type\":\"ListItem\",\"position\":1,\"name\":\"Home\",\"item\":\"https:\/\/www.zerdab.com\/\"},{\"@type\":\"ListItem\",\"position\":2,\"name\":\"Prezident Ukraynada bir ail\u0259ni xilas ed\u0259n Z\u0259rdabl\u0131 qarda\u015flar\u0131 m\u00fckafatland\u0131rd\u0131 &#8211; V\u0130DEO\"}]},{\"@type\":\"WebSite\",\"@id\":\"https:\/\/www.zerdab.com\/#website\",\"url\":\"https:\/\/www.zerdab.com\/\",\"name\":\"Z\u0259rdab.com\",\"description\":\"\",\"potentialAction\":[{\"@type\":\"SearchAction\",\"target\":{\"@type\":\"EntryPoint\",\"urlTemplate\":\"https:\/\/www.zerdab.com\/?s={search_term_string}\"},\"query-input\":{\"@type\":\"PropertyValueSpecification\",\"valueRequired\":true,\"valueName\":\"search_term_string\"}}],\"inLanguage\":\"az\"},{\"@type\":\"Person\",\"@id\":\"https:\/\/www.zerdab.com\/#\/schema\/person\/97079b7570c1e89ec0d9e138c3672136\",\"name\":\"admin\",\"image\":{\"@type\":\"ImageObject\",\"inLanguage\":\"az\",\"@id\":\"https:\/\/www.zerdab.com\/#\/schema\/person\/image\/\",\"url\":\"https:\/\/secure.gravatar.com\/avatar\/d9c52a9a27c32119cb6679a077fa3e2779e5f822c451cbf01098004361d466ec?s=96&d=mm&r=g\",\"contentUrl\":\"https:\/\/secure.gravatar.com\/avatar\/d9c52a9a27c32119cb6679a077fa3e2779e5f822c451cbf01098004361d466ec?s=96&d=mm&r=g\",\"caption\":\"admin\"},\"url\":\"https:\/\/www.zerdab.com\/?author=1\"}]}<\/script>\n<!-- \/ Yoast SEO plugin. -->","yoast_head_json":{"title":"Prezident Ukraynada bir ail\u0259ni xilas ed\u0259n Z\u0259rdabl\u0131 qarda\u015flar\u0131 m\u00fckafatland\u0131rd\u0131 - V\u0130DEO - Z\u0259rdab.com","robots":{"index":"index","follow":"follow","max-snippet":"max-snippet:-1","max-image-preview":"max-image-preview:large","max-video-preview":"max-video-preview:-1"},"canonical":"https:\/\/www.zerdab.com\/?p=26392","og_locale":"az_AZ","og_type":"article","og_title":"Prezident Ukraynada bir ail\u0259ni xilas ed\u0259n Z\u0259rdabl\u0131 qarda\u015flar\u0131 m\u00fckafatland\u0131rd\u0131 - V\u0130DEO - Z\u0259rdab.com","og_description":"Fevral\u0131n 1-d\u0259 Bak\u0131 Konqres M\u0259rk\u0259zind\u0259 Az\u0259rbaycan G\u0259ncl\u0259ri G\u00fcn\u00fcn\u0259 h\u0259sr olunmu\u015f respublika toplant\u0131s\u0131 \u00e7\u0259r\u00e7iv\u0259sind\u0259 Az\u0259rbaycan Respublikas\u0131n\u0131n Prezidenti \u0130lham \u018fliyev v\u0259 birinci xan\u0131m Mehriban \u018fliyeva Ukraynada ya\u015fayan soyda\u015flar\u0131m\u0131z Umud v\u0259 Sabir \u015eirinov qarda\u015flar\u0131 il\u0259 g\u00f6r\u00fc\u015f\u00fcbl\u0259r. Zerdab.com sayt\u0131 AZ\u018fRTAC\u00a0x\u0259b\u0259r verir ki, d\u00f6vl\u0259timizin ba\u015f\u00e7\u0131s\u0131 h\u0259yatlar\u0131 t\u0259hl\u00fck\u0259y\u0259 m\u0259ruz qalan insanlar\u0131n xilas\u0131 zaman\u0131 g\u00f6st\u0259rdikl\u0259ri \u015f\u0259xsi \u015f\u00fcca\u0259t\u0259 g\u00f6r\u0259 onlar\u0131 \u201c\u0130gidliy\u0259 g\u00f6r\u0259\u201d medal\u0131 [&hellip;]","og_url":"https:\/\/www.zerdab.com\/?p=26392","og_site_name":"Z\u0259rdab.com","article_published_time":"2019-02-01T16:58:13+00:00","article_modified_time":"2019-02-01T17:05:57+00:00","og_image":[{"width":2360,"height":1196,"url":"https:\/\/www.zerdab.com\/wp-content\/uploads\/2019\/02\/umud-sabir-sirinov-qardaslari-zerdab-prezident-ilham-eliyev.jpg","type":"image\/jpeg"}],"author":"admin","twitter_card":"summary_large_image","twitter_misc":{"Written by":"admin","Est. reading time":"4 minutes"},"schema":{"@context":"https:\/\/schema.org","@graph":[{"@type":"Article","@id":"https:\/\/www.zerdab.com\/?p=26392#article","isPartOf":{"@id":"https:\/\/www.zerdab.com\/?p=26392"},"author":{"name":"admin","@id":"https:\/\/www.zerdab.com\/#\/schema\/person\/97079b7570c1e89ec0d9e138c3672136"},"headline":"Prezident Ukraynada bir ail\u0259ni xilas ed\u0259n Z\u0259rdabl\u0131 qarda\u015flar\u0131 m\u00fckafatland\u0131rd\u0131 &#8211; V\u0130DEO","datePublished":"2019-02-01T16:58:13+00:00","dateModified":"2019-02-01T17:05:57+00:00","mainEntityOfPage":{"@id":"https:\/\/www.zerdab.com\/?p=26392"},"wordCount":836,"commentCount":0,"image":{"@id":"https:\/\/www.zerdab.com\/?p=26392#primaryimage"},"thumbnailUrl":"https:\/\/www.zerdab.com\/wp-content\/uploads\/2019\/02\/umud-sabir-sirinov-qardaslari-zerdab-prezident-ilham-eliyev.jpg","articleSection":["C\u018fM\u0130YY\u018fT","MAN\u015eET"],"inLanguage":"az","potentialAction":[{"@type":"CommentAction","name":"Comment","target":["https:\/\/www.zerdab.com\/?p=26392#respond"]}]},{"@type":"WebPage","@id":"https:\/\/www.zerdab.com\/?p=26392","url":"https:\/\/www.zerdab.com\/?p=26392","name":"Prezident Ukraynada bir ail\u0259ni xilas ed\u0259n Z\u0259rdabl\u0131 qarda\u015flar\u0131 m\u00fckafatland\u0131rd\u0131 - V\u0130DEO - Z\u0259rdab.com","isPartOf":{"@id":"https:\/\/www.zerdab.com\/#website"},"primaryImageOfPage":{"@id":"https:\/\/www.zerdab.com\/?p=26392#primaryimage"},"image":{"@id":"https:\/\/www.zerdab.com\/?p=26392#primaryimage"},"thumbnailUrl":"https:\/\/www.zerdab.com\/wp-content\/uploads\/2019\/02\/umud-sabir-sirinov-qardaslari-zerdab-prezident-ilham-eliyev.jpg","datePublished":"2019-02-01T16:58:13+00:00","dateModified":"2019-02-01T17:05:57+00:00","author":{"@id":"https:\/\/www.zerdab.com\/#\/schema\/person\/97079b7570c1e89ec0d9e138c3672136"},"breadcrumb":{"@id":"https:\/\/www.zerdab.com\/?p=26392#breadcrumb"},"inLanguage":"az","potentialAction":[{"@type":"ReadAction","target":["https:\/\/www.zerdab.com\/?p=26392"]}]},{"@type":"ImageObject","inLanguage":"az","@id":"https:\/\/www.zerdab.com\/?p=26392#primaryimage","url":"https:\/\/www.zerdab.com\/wp-content\/uploads\/2019\/02\/umud-sabir-sirinov-qardaslari-zerdab-prezident-ilham-eliyev.jpg","contentUrl":"https:\/\/www.zerdab.com\/wp-content\/uploads\/2019\/02\/umud-sabir-sirinov-qardaslari-zerdab-prezident-ilham-eliyev.jpg","width":2360,"height":1196,"caption":"umud-sabir-sirinov-qardaslari-zerdab-prezident-ilham-eliyev"},{"@type":"BreadcrumbList","@id":"https:\/\/www.zerdab.com\/?p=26392#breadcrumb","itemListElement":[{"@type":"ListItem","position":1,"name":"Home","item":"https:\/\/www.zerdab.com\/"},{"@type":"ListItem","position":2,"name":"Prezident Ukraynada bir ail\u0259ni xilas ed\u0259n Z\u0259rdabl\u0131 qarda\u015flar\u0131 m\u00fckafatland\u0131rd\u0131 &#8211; V\u0130DEO"}]},{"@type":"WebSite","@id":"https:\/\/www.zerdab.com\/#website","url":"https:\/\/www.zerdab.com\/","name":"Z\u0259rdab.com","description":"","potentialAction":[{"@type":"SearchAction","target":{"@type":"EntryPoint","urlTemplate":"https:\/\/www.zerdab.com\/?s={search_term_string}"},"query-input":{"@type":"PropertyValueSpecification","valueRequired":true,"valueName":"search_term_string"}}],"inLanguage":"az"},{"@type":"Person","@id":"https:\/\/www.zerdab.com\/#\/schema\/person\/97079b7570c1e89ec0d9e138c3672136","name":"admin","image":{"@type":"ImageObject","inLanguage":"az","@id":"https:\/\/www.zerdab.com\/#\/schema\/person\/image\/","url":"https:\/\/secure.gravatar.com\/avatar\/d9c52a9a27c32119cb6679a077fa3e2779e5f822c451cbf01098004361d466ec?s=96&d=mm&r=g","contentUrl":"https:\/\/secure.gravatar.com\/avatar\/d9c52a9a27c32119cb6679a077fa3e2779e5f822c451cbf01098004361d466ec?s=96&d=mm&r=g","caption":"admin"},"url":"https:\/\/www.zerdab.com\/?author=1"}]}},"_links":{"self":[{"href":"https:\/\/www.zerdab.com\/index.php?rest_route=\/wp\/v2\/posts\/26392","targetHints":{"allow":["GET"]}}],"collection":[{"href":"https:\/\/www.zerdab.com\/index.php?rest_route=\/wp\/v2\/posts"}],"about":[{"href":"https:\/\/www.zerdab.com\/index.php?rest_route=\/wp\/v2\/types\/post"}],"author":[{"embeddable":true,"href":"https:\/\/www.zerdab.com\/index.php?rest_route=\/wp\/v2\/users\/1"}],"replies":[{"embeddable":true,"href":"https:\/\/www.zerdab.com\/index.php?rest_route=%2Fwp%2Fv2%2Fcomments&post=26392"}],"version-history":[{"count":5,"href":"https:\/\/www.zerdab.com\/index.php?rest_route=\/wp\/v2\/posts\/26392\/revisions"}],"predecessor-version":[{"id":26401,"href":"https:\/\/www.zerdab.com\/index.php?rest_route=\/wp\/v2\/posts\/26392\/revisions\/26401"}],"wp:featuredmedia":[{"embeddable":true,"href":"https:\/\/www.zerdab.com\/index.php?rest_route=\/wp\/v2\/media\/26393"}],"wp:attachment":[{"href":"https:\/\/www.zerdab.com\/index.php?rest_route=%2Fwp%2Fv2%2Fmedia&parent=26392"}],"wp:term":[{"taxonomy":"category","embeddable":true,"href":"https:\/\/www.zerdab.com\/index.php?rest_route=%2Fwp%2Fv2%2Fcategories&post=26392"},{"taxonomy":"post_tag","embeddable":true,"href":"https:\/\/www.zerdab.com\/index.php?rest_route=%2Fwp%2Fv2%2Ftags&post=26392"}],"curies":[{"name":"wp","href":"https:\/\/api.w.org\/{rel}","templated":true}]}}