{"id":26414,"date":"2019-02-06T19:20:17","date_gmt":"2019-02-06T15:20:17","guid":{"rendered":"http:\/\/www.zerdab.com\/?p=26414"},"modified":"2019-02-06T19:35:02","modified_gmt":"2019-02-06T15:35:02","slug":"ukraynada-bir-ail%c9%99ni-xilas-ed%c9%99n-qardaslarla-z%c9%99rdabda-gorus-kecirilib-fotolar","status":"publish","type":"post","link":"https:\/\/www.zerdab.com\/?p=26414","title":{"rendered":"Ukraynada bir ail\u0259ni xilas ed\u0259n qarda\u015flarla Z\u0259rdabda g\u00f6r\u00fc\u015f ke\u00e7irilib"},"content":{"rendered":"\n<p>Z\u0259rdab rayon \u0130cra Hakimiyy\u0259tind\u0259 1 fevral 2019-cu il tarixd\u0259 Bak\u0131 Konqres M\u0259rk\u0259zind\u0259 Az\u0259rbaycan g\u0259ncl\u0259ri g\u00fcn\u00fcn\u0259 h\u0259sr olunmu\u015f Respublika toplant\u0131s\u0131nda Az\u0259rbaycan Respublikas\u0131n\u0131n Prezidenti c\u0259nab \u0130lham \u018fliyevin nitqinin t\u0259l\u0259bl\u0259ri bax\u0131m\u0131ndan Z\u0259rdab rayon g\u0259ncl\u0259rinin qar\u015f\u0131s\u0131nda duran v\u0259zif\u0259l\u0259r\u0259 h\u0259sr olunmu\u015f t\u0259dbir ke\u00e7irilib.<\/p>\n\n\n\n<p> H\u0259m\u00e7inin Ukraynada h\u0259yatlar\u0131n\u0131 risk\u0259 ataraq bir ail\u0259ni yanan avtomobild\u0259n xilas ed\u0259n v\u0259 Az\u0259rbaycan Respublikas\u0131 Prezidentinin S\u0259r\u0259ncam\u0131 il\u0259 \u201c\u0130gidliy\u0259 g\u00f6r\u0259\u201d medal\u0131 il\u0259 t\u0259ltif olunmu\u015f, h\u0259myerlil\u0259rimiz Umud v\u0259 Sabir \u015eirinov qarda\u015flar\u0131 il\u0259 rayon g\u0259ncl\u0259rinin g\u00f6r\u00fc\u015f\u00fc ke\u00e7irilib. <\/p>\n\n\n","protected":false},"excerpt":{"rendered":"<p>Z\u0259rdab rayon \u0130cra Hakimiyy\u0259tind\u0259 1 fevral 2019-cu il tarixd\u0259 Bak\u0131 Konqres M\u0259rk\u0259zind\u0259 Az\u0259rbaycan g\u0259ncl\u0259ri g\u00fcn\u00fcn\u0259 h\u0259sr olunmu\u015f Respublika toplant\u0131s\u0131nda Az\u0259rbaycan Respublikas\u0131n\u0131n Prezidenti c\u0259nab \u0130lham \u018fliyevin nitqinin t\u0259l\u0259bl\u0259ri bax\u0131m\u0131ndan Z\u0259rdab rayon g\u0259ncl\u0259rinin qar\u015f\u0131s\u0131nda duran v\u0259zif\u0259l\u0259r\u0259 h\u0259sr olunmu\u015f t\u0259dbir ke\u00e7irilib. H\u0259m\u00e7inin Ukraynada h\u0259yatlar\u0131n\u0131 risk\u0259 ataraq bir ail\u0259ni yanan avtomobild\u0259n xilas ed\u0259n v\u0259 Az\u0259rbaycan Respublikas\u0131 Prezidentinin S\u0259r\u0259ncam\u0131 il\u0259 [&hellip;]<\/p>\n","protected":false},"author":1,"featured_media":0,"comment_status":"open","ping_status":"open","sticky":false,"template":"","format":"standard","meta":{"footnotes":""},"categories":[21,63],"tags":[],"class_list":{"0":"post-26414","1":"post","2":"type-post","3":"status-publish","4":"format-standard","6":"category-zrdab","7":"category-manset"},"yoast_head":"<!-- This site is optimized with the Yoast SEO plugin v27.0 - https:\/\/yoast.com\/product\/yoast-seo-wordpress\/ -->\n<title>Ukraynada bir ail\u0259ni xilas ed\u0259n qarda\u015flarla Z\u0259rdabda g\u00f6r\u00fc\u015f ke\u00e7irilib - Z\u0259rdab.com<\/title>\n<meta name=\"robots\" content=\"index, follow, max-snippet:-1, max-image-preview:large, max-video-preview:-1\" \/>\n<link rel=\"canonical\" href=\"https:\/\/www.zerdab.com\/?p=26414\" \/>\n<meta property=\"og:locale\" content=\"az_AZ\" \/>\n<meta property=\"og:type\" content=\"article\" \/>\n<meta property=\"og:title\" content=\"Ukraynada bir ail\u0259ni xilas ed\u0259n qarda\u015flarla Z\u0259rdabda g\u00f6r\u00fc\u015f ke\u00e7irilib - Z\u0259rdab.com\" \/>\n<meta property=\"og:description\" content=\"Z\u0259rdab rayon \u0130cra Hakimiyy\u0259tind\u0259 1 fevral 2019-cu il tarixd\u0259 Bak\u0131 Konqres M\u0259rk\u0259zind\u0259 Az\u0259rbaycan g\u0259ncl\u0259ri g\u00fcn\u00fcn\u0259 h\u0259sr olunmu\u015f Respublika toplant\u0131s\u0131nda Az\u0259rbaycan Respublikas\u0131n\u0131n Prezidenti c\u0259nab \u0130lham \u018fliyevin nitqinin t\u0259l\u0259bl\u0259ri bax\u0131m\u0131ndan Z\u0259rdab rayon g\u0259ncl\u0259rinin qar\u015f\u0131s\u0131nda duran v\u0259zif\u0259l\u0259r\u0259 h\u0259sr olunmu\u015f t\u0259dbir ke\u00e7irilib. H\u0259m\u00e7inin Ukraynada h\u0259yatlar\u0131n\u0131 risk\u0259 ataraq bir ail\u0259ni yanan avtomobild\u0259n xilas ed\u0259n v\u0259 Az\u0259rbaycan Respublikas\u0131 Prezidentinin S\u0259r\u0259ncam\u0131 il\u0259 [&hellip;]\" \/>\n<meta property=\"og:url\" content=\"https:\/\/www.zerdab.com\/?p=26414\" \/>\n<meta property=\"og:site_name\" content=\"Z\u0259rdab.com\" \/>\n<meta property=\"article:published_time\" content=\"2019-02-06T15:20:17+00:00\" \/>\n<meta property=\"article:modified_time\" content=\"2019-02-06T15:35:02+00:00\" \/>\n<meta name=\"author\" content=\"admin\" \/>\n<meta name=\"twitter:card\" content=\"summary_large_image\" \/>\n<meta name=\"twitter:label1\" content=\"Written by\" \/>\n\t<meta name=\"twitter:data1\" content=\"admin\" \/>\n\t<meta name=\"twitter:label2\" content=\"Est. reading time\" \/>\n\t<meta name=\"twitter:data2\" content=\"1 minute\" \/>\n<script type=\"application\/ld+json\" class=\"yoast-schema-graph\">{\"@context\":\"https:\/\/schema.org\",\"@graph\":[{\"@type\":\"Article\",\"@id\":\"https:\/\/www.zerdab.com\/?p=26414#article\",\"isPartOf\":{\"@id\":\"https:\/\/www.zerdab.com\/?p=26414\"},\"author\":{\"name\":\"admin\",\"@id\":\"https:\/\/www.zerdab.com\/#\/schema\/person\/97079b7570c1e89ec0d9e138c3672136\"},\"headline\":\"Ukraynada bir ail\u0259ni xilas ed\u0259n qarda\u015flarla Z\u0259rdabda g\u00f6r\u00fc\u015f ke\u00e7irilib\",\"datePublished\":\"2019-02-06T15:20:17+00:00\",\"dateModified\":\"2019-02-06T15:35:02+00:00\",\"mainEntityOfPage\":{\"@id\":\"https:\/\/www.zerdab.com\/?p=26414\"},\"wordCount\":137,\"commentCount\":0,\"articleSection\":[\"C\u018fM\u0130YY\u018fT\",\"MAN\u015eET\"],\"inLanguage\":\"az\",\"potentialAction\":[{\"@type\":\"CommentAction\",\"name\":\"Comment\",\"target\":[\"https:\/\/www.zerdab.com\/?p=26414#respond\"]}]},{\"@type\":\"WebPage\",\"@id\":\"https:\/\/www.zerdab.com\/?p=26414\",\"url\":\"https:\/\/www.zerdab.com\/?p=26414\",\"name\":\"Ukraynada bir ail\u0259ni xilas ed\u0259n qarda\u015flarla Z\u0259rdabda g\u00f6r\u00fc\u015f ke\u00e7irilib - Z\u0259rdab.com\",\"isPartOf\":{\"@id\":\"https:\/\/www.zerdab.com\/#website\"},\"datePublished\":\"2019-02-06T15:20:17+00:00\",\"dateModified\":\"2019-02-06T15:35:02+00:00\",\"author\":{\"@id\":\"https:\/\/www.zerdab.com\/#\/schema\/person\/97079b7570c1e89ec0d9e138c3672136\"},\"breadcrumb\":{\"@id\":\"https:\/\/www.zerdab.com\/?p=26414#breadcrumb\"},\"inLanguage\":\"az\",\"potentialAction\":[{\"@type\":\"ReadAction\",\"target\":[\"https:\/\/www.zerdab.com\/?p=26414\"]}]},{\"@type\":\"BreadcrumbList\",\"@id\":\"https:\/\/www.zerdab.com\/?p=26414#breadcrumb\",\"itemListElement\":[{\"@type\":\"ListItem\",\"position\":1,\"name\":\"Home\",\"item\":\"https:\/\/www.zerdab.com\/\"},{\"@type\":\"ListItem\",\"position\":2,\"name\":\"Ukraynada bir ail\u0259ni xilas ed\u0259n qarda\u015flarla Z\u0259rdabda g\u00f6r\u00fc\u015f ke\u00e7irilib\"}]},{\"@type\":\"WebSite\",\"@id\":\"https:\/\/www.zerdab.com\/#website\",\"url\":\"https:\/\/www.zerdab.com\/\",\"name\":\"Z\u0259rdab.com\",\"description\":\"\",\"potentialAction\":[{\"@type\":\"SearchAction\",\"target\":{\"@type\":\"EntryPoint\",\"urlTemplate\":\"https:\/\/www.zerdab.com\/?s={search_term_string}\"},\"query-input\":{\"@type\":\"PropertyValueSpecification\",\"valueRequired\":true,\"valueName\":\"search_term_string\"}}],\"inLanguage\":\"az\"},{\"@type\":\"Person\",\"@id\":\"https:\/\/www.zerdab.com\/#\/schema\/person\/97079b7570c1e89ec0d9e138c3672136\",\"name\":\"admin\",\"image\":{\"@type\":\"ImageObject\",\"inLanguage\":\"az\",\"@id\":\"https:\/\/www.zerdab.com\/#\/schema\/person\/image\/\",\"url\":\"https:\/\/secure.gravatar.com\/avatar\/d9c52a9a27c32119cb6679a077fa3e2779e5f822c451cbf01098004361d466ec?s=96&d=mm&r=g\",\"contentUrl\":\"https:\/\/secure.gravatar.com\/avatar\/d9c52a9a27c32119cb6679a077fa3e2779e5f822c451cbf01098004361d466ec?s=96&d=mm&r=g\",\"caption\":\"admin\"},\"url\":\"https:\/\/www.zerdab.com\/?author=1\"}]}<\/script>\n<!-- \/ Yoast SEO plugin. -->","yoast_head_json":{"title":"Ukraynada bir ail\u0259ni xilas ed\u0259n qarda\u015flarla Z\u0259rdabda g\u00f6r\u00fc\u015f ke\u00e7irilib - Z\u0259rdab.com","robots":{"index":"index","follow":"follow","max-snippet":"max-snippet:-1","max-image-preview":"max-image-preview:large","max-video-preview":"max-video-preview:-1"},"canonical":"https:\/\/www.zerdab.com\/?p=26414","og_locale":"az_AZ","og_type":"article","og_title":"Ukraynada bir ail\u0259ni xilas ed\u0259n qarda\u015flarla Z\u0259rdabda g\u00f6r\u00fc\u015f ke\u00e7irilib - Z\u0259rdab.com","og_description":"Z\u0259rdab rayon \u0130cra Hakimiyy\u0259tind\u0259 1 fevral 2019-cu il tarixd\u0259 Bak\u0131 Konqres M\u0259rk\u0259zind\u0259 Az\u0259rbaycan g\u0259ncl\u0259ri g\u00fcn\u00fcn\u0259 h\u0259sr olunmu\u015f Respublika toplant\u0131s\u0131nda Az\u0259rbaycan Respublikas\u0131n\u0131n Prezidenti c\u0259nab \u0130lham \u018fliyevin nitqinin t\u0259l\u0259bl\u0259ri bax\u0131m\u0131ndan Z\u0259rdab rayon g\u0259ncl\u0259rinin qar\u015f\u0131s\u0131nda duran v\u0259zif\u0259l\u0259r\u0259 h\u0259sr olunmu\u015f t\u0259dbir ke\u00e7irilib. H\u0259m\u00e7inin Ukraynada h\u0259yatlar\u0131n\u0131 risk\u0259 ataraq bir ail\u0259ni yanan avtomobild\u0259n xilas ed\u0259n v\u0259 Az\u0259rbaycan Respublikas\u0131 Prezidentinin S\u0259r\u0259ncam\u0131 il\u0259 [&hellip;]","og_url":"https:\/\/www.zerdab.com\/?p=26414","og_site_name":"Z\u0259rdab.com","article_published_time":"2019-02-06T15:20:17+00:00","article_modified_time":"2019-02-06T15:35:02+00:00","author":"admin","twitter_card":"summary_large_image","twitter_misc":{"Written by":"admin","Est. reading time":"1 minute"},"schema":{"@context":"https:\/\/schema.org","@graph":[{"@type":"Article","@id":"https:\/\/www.zerdab.com\/?p=26414#article","isPartOf":{"@id":"https:\/\/www.zerdab.com\/?p=26414"},"author":{"name":"admin","@id":"https:\/\/www.zerdab.com\/#\/schema\/person\/97079b7570c1e89ec0d9e138c3672136"},"headline":"Ukraynada bir ail\u0259ni xilas ed\u0259n qarda\u015flarla Z\u0259rdabda g\u00f6r\u00fc\u015f ke\u00e7irilib","datePublished":"2019-02-06T15:20:17+00:00","dateModified":"2019-02-06T15:35:02+00:00","mainEntityOfPage":{"@id":"https:\/\/www.zerdab.com\/?p=26414"},"wordCount":137,"commentCount":0,"articleSection":["C\u018fM\u0130YY\u018fT","MAN\u015eET"],"inLanguage":"az","potentialAction":[{"@type":"CommentAction","name":"Comment","target":["https:\/\/www.zerdab.com\/?p=26414#respond"]}]},{"@type":"WebPage","@id":"https:\/\/www.zerdab.com\/?p=26414","url":"https:\/\/www.zerdab.com\/?p=26414","name":"Ukraynada bir ail\u0259ni xilas ed\u0259n qarda\u015flarla Z\u0259rdabda g\u00f6r\u00fc\u015f ke\u00e7irilib - Z\u0259rdab.com","isPartOf":{"@id":"https:\/\/www.zerdab.com\/#website"},"datePublished":"2019-02-06T15:20:17+00:00","dateModified":"2019-02-06T15:35:02+00:00","author":{"@id":"https:\/\/www.zerdab.com\/#\/schema\/person\/97079b7570c1e89ec0d9e138c3672136"},"breadcrumb":{"@id":"https:\/\/www.zerdab.com\/?p=26414#breadcrumb"},"inLanguage":"az","potentialAction":[{"@type":"ReadAction","target":["https:\/\/www.zerdab.com\/?p=26414"]}]},{"@type":"BreadcrumbList","@id":"https:\/\/www.zerdab.com\/?p=26414#breadcrumb","itemListElement":[{"@type":"ListItem","position":1,"name":"Home","item":"https:\/\/www.zerdab.com\/"},{"@type":"ListItem","position":2,"name":"Ukraynada bir ail\u0259ni xilas ed\u0259n qarda\u015flarla Z\u0259rdabda g\u00f6r\u00fc\u015f ke\u00e7irilib"}]},{"@type":"WebSite","@id":"https:\/\/www.zerdab.com\/#website","url":"https:\/\/www.zerdab.com\/","name":"Z\u0259rdab.com","description":"","potentialAction":[{"@type":"SearchAction","target":{"@type":"EntryPoint","urlTemplate":"https:\/\/www.zerdab.com\/?s={search_term_string}"},"query-input":{"@type":"PropertyValueSpecification","valueRequired":true,"valueName":"search_term_string"}}],"inLanguage":"az"},{"@type":"Person","@id":"https:\/\/www.zerdab.com\/#\/schema\/person\/97079b7570c1e89ec0d9e138c3672136","name":"admin","image":{"@type":"ImageObject","inLanguage":"az","@id":"https:\/\/www.zerdab.com\/#\/schema\/person\/image\/","url":"https:\/\/secure.gravatar.com\/avatar\/d9c52a9a27c32119cb6679a077fa3e2779e5f822c451cbf01098004361d466ec?s=96&d=mm&r=g","contentUrl":"https:\/\/secure.gravatar.com\/avatar\/d9c52a9a27c32119cb6679a077fa3e2779e5f822c451cbf01098004361d466ec?s=96&d=mm&r=g","caption":"admin"},"url":"https:\/\/www.zerdab.com\/?author=1"}]}},"_links":{"self":[{"href":"https:\/\/www.zerdab.com\/index.php?rest_route=\/wp\/v2\/posts\/26414","targetHints":{"allow":["GET"]}}],"collection":[{"href":"https:\/\/www.zerdab.com\/index.php?rest_route=\/wp\/v2\/posts"}],"about":[{"href":"https:\/\/www.zerdab.com\/index.php?rest_route=\/wp\/v2\/types\/post"}],"author":[{"embeddable":true,"href":"https:\/\/www.zerdab.com\/index.php?rest_route=\/wp\/v2\/users\/1"}],"replies":[{"embeddable":true,"href":"https:\/\/www.zerdab.com\/index.php?rest_route=%2Fwp%2Fv2%2Fcomments&post=26414"}],"version-history":[{"count":3,"href":"https:\/\/www.zerdab.com\/index.php?rest_route=\/wp\/v2\/posts\/26414\/revisions"}],"predecessor-version":[{"id":26444,"href":"https:\/\/www.zerdab.com\/index.php?rest_route=\/wp\/v2\/posts\/26414\/revisions\/26444"}],"wp:attachment":[{"href":"https:\/\/www.zerdab.com\/index.php?rest_route=%2Fwp%2Fv2%2Fmedia&parent=26414"}],"wp:term":[{"taxonomy":"category","embeddable":true,"href":"https:\/\/www.zerdab.com\/index.php?rest_route=%2Fwp%2Fv2%2Fcategories&post=26414"},{"taxonomy":"post_tag","embeddable":true,"href":"https:\/\/www.zerdab.com\/index.php?rest_route=%2Fwp%2Fv2%2Ftags&post=26414"}],"curies":[{"name":"wp","href":"https:\/\/api.w.org\/{rel}","templated":true}]}}