{"id":2644,"date":"2012-06-08T16:15:47","date_gmt":"2012-06-08T11:15:47","guid":{"rendered":"http:\/\/www.zerdab.com\/?p=2644"},"modified":"2012-06-08T16:15:47","modified_gmt":"2012-06-08T11:15:47","slug":"hasan-melikzade-ve-ekinci-qazetesi-adli-kitab-cap-olundu","status":"publish","type":"post","link":"https:\/\/www.zerdab.com\/?p=2644","title":{"rendered":"\u201cHasan Melikzade ve Ekin\u00e7i qazetesi\u201d adl\u0131 kitab \u00e7ap olundu"},"content":{"rendered":"<p><a href=\"http:\/\/www.zerdab.com\/?attachment_id=2645\" rel=\"attachment wp-att-2645\"><img loading=\"lazy\" decoding=\"async\" class=\"alignleft  wp-image-2645\" title=\"zerdabi_file1279106173482\" src=\"http:\/\/www.zerdab.com\/wp-content\/uploads\/2012\/06\/zerdabi_file1279106173482.jpg\" alt=\"\" width=\"126\" height=\"184\" \/><\/a>D\u00f6vri m\u0259tbuat\u0131m\u0131z\u0131n ilk n\u00fcmun\u0259si, XIX-cu \u0259sr Az\u0259rbaycan ictimai-siyasi h\u0259yat\u0131n\u0131n aynas\u0131 olan \u201c\u018fkin\u00e7i\u201d q\u0259zetinin (1875-1877) m\u0259tnl\u0259ri k\u00fclliyyat hal\u0131nda T\u00fcrkiy\u0259d\u0259 i\u015f\u0131q \u00fcz\u00fc g\u00f6r\u00fcb. Az\u0259rbaycan m\u0259tbuat\u0131n\u0131n banisi olan H\u0259s\u0259n b\u0259y Z\u0259rdabinin (M\u0259likzad\u0259) irsi v\u0259 \u201c\u018fkin\u00e7i\u201d q\u0259zetinin \u00e7apdan \u00e7\u0131xan 56 n\u00f6mr\u0259sinin h\u0259r biri bu kitaba sal\u0131n\u0131b. Parlament Jurnalistl\u0259r Birliyinin d\u0259st\u0259yi il\u0259 haz\u0131rlanan \u201cHasan Melikzade ve Ekin\u00e7i qazetesi\u201d \u00a0kitab\u0131n\u0131n t\u0259dqiqat\u0131 v\u0259 t\u0259rc\u00fcm\u0259si Marmara Universitetinin professoru Okan Ye\u015filota m\u0259xsusdur.<br \/>\nParlament Jurnalistl\u0259r Birliyinin s\u0259dri El\u015fad Eyvazl\u0131 bildirib ki, m\u0259tbuat tarixinin nadir n\u00fcsx\u0259si say\u0131lan \u201c\u018fkin\u00e7i\u201d q\u0259zetinin T\u00fcrkiy\u0259d\u0259 \u00e7ap olunmas\u0131n\u0131n b\u00f6y\u00fck \u0259h\u0259miyy\u0259ti vard\u0131r. \u201cBel\u0259 ki, bu q\u0259zet t\u0259kc\u0259 Az\u0259rbaycan deyil, b\u00fct\u00fcn t\u00fcrk d\u00fcnyas\u0131n\u0131n ilk d\u00f6vri n\u0259\u015fri, ilk m\u0259tbuat qaranqu\u015fudur. Kitab\u0131n na\u015firi Okan b\u0259y d\u0259 m\u0259hz bu m\u0259qam\u0131 n\u0259z\u0259r\u0259 alaraq, \u0259d\u0259biyyat\u015f\u00fcnas, tarix\u00e7i v\u0259 dil\u00e7il\u0259r\u0259 bu qiym\u0259tli h\u0259diyy\u0259ni \u00e7atd\u0131r\u0131b.\u00a0\u201c\u018fkin\u00e7i\u201dnin T\u00fcrkiy\u0259d\u0259 i\u015f\u0131q \u00fcz\u00fc g\u00f6rm\u0259si h\u0259m d\u0259 bu q\u0259zetin ba\u015f redaktorluqdan tutmu\u015f \u00e7ap\u00e7\u0131l\u0131\u011f\u0131na q\u0259d\u0259r b\u00fct\u00fcn y\u00fck\u00fcn\u00fc \u00f6z \u00fcz\u0259rin\u0259 g\u00f6t\u00fcrm\u00fc\u015f H\u0259s\u0259n b\u0259y Z\u0259rdabinin ruhuna t\u00fcrk d\u00fcnyas\u0131n\u0131n ehtiram\u0131d\u0131r. \u201c\u018fkin\u00e7i\u201dy\u0259 g\u00f6st\u0259ril\u0259n bu diqq\u0259t onu g\u00f6st\u0259rir ki, Z\u0259rdabi b\u00fct\u00fcn t\u00fcrk d\u00fcnyas\u0131n\u0131n dahi m\u00fct\u0259f\u0259kkiri, ayd\u0131n\u0131d\u0131r\u201c, \u2013 dey\u0259 El\u015fad Eyvazl\u0131 qeyd etdi.<\/p>\n<p>Qeyd ed\u0259k ki, \u201cHasan Melikzade ve Ekin\u00e7i qazetesi\u201d\u00a0 kitab\u0131n\u0131n t\u0259qdimat m\u0259rasimi iyun ay\u0131n\u0131n 29- da \u0130zmir \u015f\u0259h\u0259rind\u0259 olacaq.<\/p>\n","protected":false},"excerpt":{"rendered":"<p>D\u00f6vri m\u0259tbuat\u0131m\u0131z\u0131n ilk n\u00fcmun\u0259si, XIX-cu \u0259sr Az\u0259rbaycan ictimai-siyasi h\u0259yat\u0131n\u0131n aynas\u0131 olan \u201c\u018fkin\u00e7i\u201d q\u0259zetinin (1875-1877) m\u0259tnl\u0259ri k\u00fclliyyat hal\u0131nda T\u00fcrkiy\u0259d\u0259 i\u015f\u0131q \u00fcz\u00fc g\u00f6r\u00fcb. Az\u0259rbaycan m\u0259tbuat\u0131n\u0131n banisi olan H\u0259s\u0259n b\u0259y Z\u0259rdabinin (M\u0259likzad\u0259) irsi v\u0259 \u201c\u018fkin\u00e7i\u201d q\u0259zetinin \u00e7apdan \u00e7\u0131xan 56 n\u00f6mr\u0259sinin h\u0259r biri bu kitaba sal\u0131n\u0131b. Parlament Jurnalistl\u0259r Birliyinin d\u0259st\u0259yi il\u0259 haz\u0131rlanan \u201cHasan Melikzade ve Ekin\u00e7i qazetesi\u201d \u00a0kitab\u0131n\u0131n t\u0259dqiqat\u0131 [&hellip;]<\/p>\n","protected":false},"author":1,"featured_media":0,"comment_status":"open","ping_status":"open","sticky":false,"template":"","format":"standard","meta":{"footnotes":""},"categories":[20],"tags":[],"class_list":{"0":"post-2644","1":"post","2":"type-post","3":"status-publish","4":"format-standard","6":"category-kinci-zrdab-ziyali-qzet-tbitsunas"},"yoast_head":"<!-- This site is optimized with the Yoast SEO plugin v27.0 - https:\/\/yoast.com\/product\/yoast-seo-wordpress\/ -->\n<title>\u201cHasan Melikzade ve Ekin\u00e7i qazetesi\u201d adl\u0131 kitab \u00e7ap olundu - Z\u0259rdab.com<\/title>\n<meta name=\"robots\" content=\"index, follow, max-snippet:-1, max-image-preview:large, max-video-preview:-1\" \/>\n<link rel=\"canonical\" href=\"https:\/\/www.zerdab.com\/?p=2644\" \/>\n<meta property=\"og:locale\" content=\"az_AZ\" \/>\n<meta property=\"og:type\" content=\"article\" \/>\n<meta property=\"og:title\" content=\"\u201cHasan Melikzade ve Ekin\u00e7i qazetesi\u201d adl\u0131 kitab \u00e7ap olundu - Z\u0259rdab.com\" \/>\n<meta property=\"og:description\" content=\"D\u00f6vri m\u0259tbuat\u0131m\u0131z\u0131n ilk n\u00fcmun\u0259si, XIX-cu \u0259sr Az\u0259rbaycan ictimai-siyasi h\u0259yat\u0131n\u0131n aynas\u0131 olan \u201c\u018fkin\u00e7i\u201d q\u0259zetinin (1875-1877) m\u0259tnl\u0259ri k\u00fclliyyat hal\u0131nda T\u00fcrkiy\u0259d\u0259 i\u015f\u0131q \u00fcz\u00fc g\u00f6r\u00fcb. Az\u0259rbaycan m\u0259tbuat\u0131n\u0131n banisi olan H\u0259s\u0259n b\u0259y Z\u0259rdabinin (M\u0259likzad\u0259) irsi v\u0259 \u201c\u018fkin\u00e7i\u201d q\u0259zetinin \u00e7apdan \u00e7\u0131xan 56 n\u00f6mr\u0259sinin h\u0259r biri bu kitaba sal\u0131n\u0131b. Parlament Jurnalistl\u0259r Birliyinin d\u0259st\u0259yi il\u0259 haz\u0131rlanan \u201cHasan Melikzade ve Ekin\u00e7i qazetesi\u201d \u00a0kitab\u0131n\u0131n t\u0259dqiqat\u0131 [&hellip;]\" \/>\n<meta property=\"og:url\" content=\"https:\/\/www.zerdab.com\/?p=2644\" \/>\n<meta property=\"og:site_name\" content=\"Z\u0259rdab.com\" \/>\n<meta property=\"article:published_time\" content=\"2012-06-08T11:15:47+00:00\" \/>\n<meta property=\"og:image\" content=\"http:\/\/www.zerdab.com\/wp-content\/uploads\/2012\/06\/zerdabi_file1279106173482.jpg\" \/>\n<meta name=\"author\" content=\"admin\" \/>\n<meta name=\"twitter:card\" content=\"summary_large_image\" \/>\n<meta name=\"twitter:label1\" content=\"Written by\" \/>\n\t<meta name=\"twitter:data1\" content=\"admin\" \/>\n\t<meta name=\"twitter:label2\" content=\"Est. reading time\" \/>\n\t<meta name=\"twitter:data2\" content=\"2 minutes\" \/>\n<script type=\"application\/ld+json\" class=\"yoast-schema-graph\">{\"@context\":\"https:\/\/schema.org\",\"@graph\":[{\"@type\":\"Article\",\"@id\":\"https:\/\/www.zerdab.com\/?p=2644#article\",\"isPartOf\":{\"@id\":\"https:\/\/www.zerdab.com\/?p=2644\"},\"author\":{\"name\":\"admin\",\"@id\":\"https:\/\/www.zerdab.com\/#\/schema\/person\/97079b7570c1e89ec0d9e138c3672136\"},\"headline\":\"\u201cHasan Melikzade ve Ekin\u00e7i qazetesi\u201d adl\u0131 kitab \u00e7ap olundu\",\"datePublished\":\"2012-06-08T11:15:47+00:00\",\"mainEntityOfPage\":{\"@id\":\"https:\/\/www.zerdab.com\/?p=2644\"},\"wordCount\":350,\"commentCount\":1,\"image\":{\"@id\":\"https:\/\/www.zerdab.com\/?p=2644#primaryimage\"},\"thumbnailUrl\":\"http:\/\/www.zerdab.com\/wp-content\/uploads\/2012\/06\/zerdabi_file1279106173482.jpg\",\"articleSection\":[\"H\u018fS\u018fN B\u018fY Z\u018fRDAB\u0130\"],\"inLanguage\":\"az\",\"potentialAction\":[{\"@type\":\"CommentAction\",\"name\":\"Comment\",\"target\":[\"https:\/\/www.zerdab.com\/?p=2644#respond\"]}]},{\"@type\":\"WebPage\",\"@id\":\"https:\/\/www.zerdab.com\/?p=2644\",\"url\":\"https:\/\/www.zerdab.com\/?p=2644\",\"name\":\"\u201cHasan Melikzade ve Ekin\u00e7i qazetesi\u201d adl\u0131 kitab \u00e7ap olundu - Z\u0259rdab.com\",\"isPartOf\":{\"@id\":\"https:\/\/www.zerdab.com\/#website\"},\"primaryImageOfPage\":{\"@id\":\"https:\/\/www.zerdab.com\/?p=2644#primaryimage\"},\"image\":{\"@id\":\"https:\/\/www.zerdab.com\/?p=2644#primaryimage\"},\"thumbnailUrl\":\"http:\/\/www.zerdab.com\/wp-content\/uploads\/2012\/06\/zerdabi_file1279106173482.jpg\",\"datePublished\":\"2012-06-08T11:15:47+00:00\",\"author\":{\"@id\":\"https:\/\/www.zerdab.com\/#\/schema\/person\/97079b7570c1e89ec0d9e138c3672136\"},\"breadcrumb\":{\"@id\":\"https:\/\/www.zerdab.com\/?p=2644#breadcrumb\"},\"inLanguage\":\"az\",\"potentialAction\":[{\"@type\":\"ReadAction\",\"target\":[\"https:\/\/www.zerdab.com\/?p=2644\"]}]},{\"@type\":\"ImageObject\",\"inLanguage\":\"az\",\"@id\":\"https:\/\/www.zerdab.com\/?p=2644#primaryimage\",\"url\":\"\",\"contentUrl\":\"\"},{\"@type\":\"BreadcrumbList\",\"@id\":\"https:\/\/www.zerdab.com\/?p=2644#breadcrumb\",\"itemListElement\":[{\"@type\":\"ListItem\",\"position\":1,\"name\":\"Home\",\"item\":\"https:\/\/www.zerdab.com\/\"},{\"@type\":\"ListItem\",\"position\":2,\"name\":\"\u201cHasan Melikzade ve Ekin\u00e7i qazetesi\u201d adl\u0131 kitab \u00e7ap olundu\"}]},{\"@type\":\"WebSite\",\"@id\":\"https:\/\/www.zerdab.com\/#website\",\"url\":\"https:\/\/www.zerdab.com\/\",\"name\":\"Z\u0259rdab.com\",\"description\":\"\",\"potentialAction\":[{\"@type\":\"SearchAction\",\"target\":{\"@type\":\"EntryPoint\",\"urlTemplate\":\"https:\/\/www.zerdab.com\/?s={search_term_string}\"},\"query-input\":{\"@type\":\"PropertyValueSpecification\",\"valueRequired\":true,\"valueName\":\"search_term_string\"}}],\"inLanguage\":\"az\"},{\"@type\":\"Person\",\"@id\":\"https:\/\/www.zerdab.com\/#\/schema\/person\/97079b7570c1e89ec0d9e138c3672136\",\"name\":\"admin\",\"image\":{\"@type\":\"ImageObject\",\"inLanguage\":\"az\",\"@id\":\"https:\/\/www.zerdab.com\/#\/schema\/person\/image\/\",\"url\":\"https:\/\/secure.gravatar.com\/avatar\/d9c52a9a27c32119cb6679a077fa3e2779e5f822c451cbf01098004361d466ec?s=96&d=mm&r=g\",\"contentUrl\":\"https:\/\/secure.gravatar.com\/avatar\/d9c52a9a27c32119cb6679a077fa3e2779e5f822c451cbf01098004361d466ec?s=96&d=mm&r=g\",\"caption\":\"admin\"},\"url\":\"https:\/\/www.zerdab.com\/?author=1\"}]}<\/script>\n<!-- \/ Yoast SEO plugin. -->","yoast_head_json":{"title":"\u201cHasan Melikzade ve Ekin\u00e7i qazetesi\u201d adl\u0131 kitab \u00e7ap olundu - Z\u0259rdab.com","robots":{"index":"index","follow":"follow","max-snippet":"max-snippet:-1","max-image-preview":"max-image-preview:large","max-video-preview":"max-video-preview:-1"},"canonical":"https:\/\/www.zerdab.com\/?p=2644","og_locale":"az_AZ","og_type":"article","og_title":"\u201cHasan Melikzade ve Ekin\u00e7i qazetesi\u201d adl\u0131 kitab \u00e7ap olundu - Z\u0259rdab.com","og_description":"D\u00f6vri m\u0259tbuat\u0131m\u0131z\u0131n ilk n\u00fcmun\u0259si, XIX-cu \u0259sr Az\u0259rbaycan ictimai-siyasi h\u0259yat\u0131n\u0131n aynas\u0131 olan \u201c\u018fkin\u00e7i\u201d q\u0259zetinin (1875-1877) m\u0259tnl\u0259ri k\u00fclliyyat hal\u0131nda T\u00fcrkiy\u0259d\u0259 i\u015f\u0131q \u00fcz\u00fc g\u00f6r\u00fcb. Az\u0259rbaycan m\u0259tbuat\u0131n\u0131n banisi olan H\u0259s\u0259n b\u0259y Z\u0259rdabinin (M\u0259likzad\u0259) irsi v\u0259 \u201c\u018fkin\u00e7i\u201d q\u0259zetinin \u00e7apdan \u00e7\u0131xan 56 n\u00f6mr\u0259sinin h\u0259r biri bu kitaba sal\u0131n\u0131b. Parlament Jurnalistl\u0259r Birliyinin d\u0259st\u0259yi il\u0259 haz\u0131rlanan \u201cHasan Melikzade ve Ekin\u00e7i qazetesi\u201d \u00a0kitab\u0131n\u0131n t\u0259dqiqat\u0131 [&hellip;]","og_url":"https:\/\/www.zerdab.com\/?p=2644","og_site_name":"Z\u0259rdab.com","article_published_time":"2012-06-08T11:15:47+00:00","og_image":[{"url":"http:\/\/www.zerdab.com\/wp-content\/uploads\/2012\/06\/zerdabi_file1279106173482.jpg","type":"","width":"","height":""}],"author":"admin","twitter_card":"summary_large_image","twitter_misc":{"Written by":"admin","Est. reading time":"2 minutes"},"schema":{"@context":"https:\/\/schema.org","@graph":[{"@type":"Article","@id":"https:\/\/www.zerdab.com\/?p=2644#article","isPartOf":{"@id":"https:\/\/www.zerdab.com\/?p=2644"},"author":{"name":"admin","@id":"https:\/\/www.zerdab.com\/#\/schema\/person\/97079b7570c1e89ec0d9e138c3672136"},"headline":"\u201cHasan Melikzade ve Ekin\u00e7i qazetesi\u201d adl\u0131 kitab \u00e7ap olundu","datePublished":"2012-06-08T11:15:47+00:00","mainEntityOfPage":{"@id":"https:\/\/www.zerdab.com\/?p=2644"},"wordCount":350,"commentCount":1,"image":{"@id":"https:\/\/www.zerdab.com\/?p=2644#primaryimage"},"thumbnailUrl":"http:\/\/www.zerdab.com\/wp-content\/uploads\/2012\/06\/zerdabi_file1279106173482.jpg","articleSection":["H\u018fS\u018fN B\u018fY Z\u018fRDAB\u0130"],"inLanguage":"az","potentialAction":[{"@type":"CommentAction","name":"Comment","target":["https:\/\/www.zerdab.com\/?p=2644#respond"]}]},{"@type":"WebPage","@id":"https:\/\/www.zerdab.com\/?p=2644","url":"https:\/\/www.zerdab.com\/?p=2644","name":"\u201cHasan Melikzade ve Ekin\u00e7i qazetesi\u201d adl\u0131 kitab \u00e7ap olundu - Z\u0259rdab.com","isPartOf":{"@id":"https:\/\/www.zerdab.com\/#website"},"primaryImageOfPage":{"@id":"https:\/\/www.zerdab.com\/?p=2644#primaryimage"},"image":{"@id":"https:\/\/www.zerdab.com\/?p=2644#primaryimage"},"thumbnailUrl":"http:\/\/www.zerdab.com\/wp-content\/uploads\/2012\/06\/zerdabi_file1279106173482.jpg","datePublished":"2012-06-08T11:15:47+00:00","author":{"@id":"https:\/\/www.zerdab.com\/#\/schema\/person\/97079b7570c1e89ec0d9e138c3672136"},"breadcrumb":{"@id":"https:\/\/www.zerdab.com\/?p=2644#breadcrumb"},"inLanguage":"az","potentialAction":[{"@type":"ReadAction","target":["https:\/\/www.zerdab.com\/?p=2644"]}]},{"@type":"ImageObject","inLanguage":"az","@id":"https:\/\/www.zerdab.com\/?p=2644#primaryimage","url":"","contentUrl":""},{"@type":"BreadcrumbList","@id":"https:\/\/www.zerdab.com\/?p=2644#breadcrumb","itemListElement":[{"@type":"ListItem","position":1,"name":"Home","item":"https:\/\/www.zerdab.com\/"},{"@type":"ListItem","position":2,"name":"\u201cHasan Melikzade ve Ekin\u00e7i qazetesi\u201d adl\u0131 kitab \u00e7ap olundu"}]},{"@type":"WebSite","@id":"https:\/\/www.zerdab.com\/#website","url":"https:\/\/www.zerdab.com\/","name":"Z\u0259rdab.com","description":"","potentialAction":[{"@type":"SearchAction","target":{"@type":"EntryPoint","urlTemplate":"https:\/\/www.zerdab.com\/?s={search_term_string}"},"query-input":{"@type":"PropertyValueSpecification","valueRequired":true,"valueName":"search_term_string"}}],"inLanguage":"az"},{"@type":"Person","@id":"https:\/\/www.zerdab.com\/#\/schema\/person\/97079b7570c1e89ec0d9e138c3672136","name":"admin","image":{"@type":"ImageObject","inLanguage":"az","@id":"https:\/\/www.zerdab.com\/#\/schema\/person\/image\/","url":"https:\/\/secure.gravatar.com\/avatar\/d9c52a9a27c32119cb6679a077fa3e2779e5f822c451cbf01098004361d466ec?s=96&d=mm&r=g","contentUrl":"https:\/\/secure.gravatar.com\/avatar\/d9c52a9a27c32119cb6679a077fa3e2779e5f822c451cbf01098004361d466ec?s=96&d=mm&r=g","caption":"admin"},"url":"https:\/\/www.zerdab.com\/?author=1"}]}},"_links":{"self":[{"href":"https:\/\/www.zerdab.com\/index.php?rest_route=\/wp\/v2\/posts\/2644","targetHints":{"allow":["GET"]}}],"collection":[{"href":"https:\/\/www.zerdab.com\/index.php?rest_route=\/wp\/v2\/posts"}],"about":[{"href":"https:\/\/www.zerdab.com\/index.php?rest_route=\/wp\/v2\/types\/post"}],"author":[{"embeddable":true,"href":"https:\/\/www.zerdab.com\/index.php?rest_route=\/wp\/v2\/users\/1"}],"replies":[{"embeddable":true,"href":"https:\/\/www.zerdab.com\/index.php?rest_route=%2Fwp%2Fv2%2Fcomments&post=2644"}],"version-history":[{"count":2,"href":"https:\/\/www.zerdab.com\/index.php?rest_route=\/wp\/v2\/posts\/2644\/revisions"}],"predecessor-version":[{"id":2647,"href":"https:\/\/www.zerdab.com\/index.php?rest_route=\/wp\/v2\/posts\/2644\/revisions\/2647"}],"wp:attachment":[{"href":"https:\/\/www.zerdab.com\/index.php?rest_route=%2Fwp%2Fv2%2Fmedia&parent=2644"}],"wp:term":[{"taxonomy":"category","embeddable":true,"href":"https:\/\/www.zerdab.com\/index.php?rest_route=%2Fwp%2Fv2%2Fcategories&post=2644"},{"taxonomy":"post_tag","embeddable":true,"href":"https:\/\/www.zerdab.com\/index.php?rest_route=%2Fwp%2Fv2%2Ftags&post=2644"}],"curies":[{"name":"wp","href":"https:\/\/api.w.org\/{rel}","templated":true}]}}