{"id":26454,"date":"2019-02-14T16:37:22","date_gmt":"2019-02-14T12:37:22","guid":{"rendered":"http:\/\/www.zerdab.com\/?p=26454"},"modified":"2019-02-14T16:39:57","modified_gmt":"2019-02-14T12:39:57","slug":"z%c9%99rdabda-region-g%c9%99ncl%c9%99rind%c9%99n-ictimai-f%c9%99alliga-ilk-addim-layih%c9%99sinin-icrasi-davam-edir","status":"publish","type":"post","link":"https:\/\/www.zerdab.com\/?p=26454","title":{"rendered":"Z\u0259rdabda \u201cRegion g\u0259ncl\u0259rind\u0259n ictimai f\u0259all\u0131\u011fa ilk add\u0131m\u201d layih\u0259sinin icras\u0131 davam edir"},"content":{"rendered":"\n<p>Az\u0259rbaycan Respublikas\u0131n\u0131n G\u0259ncl\u0259r Fondunun d\u0259st\u0259yi il\u0259 \u201cG\u0259ncliy\u0259 d\u0259st\u0259k\u201d \u0130ctimai Birliyi t\u0259r\u0259find\u0259n &nbsp;Z\u0259rdab rayonunda h\u0259yata ke\u00e7iril\u0259n \u201cRegion g\u0259ncl\u0259rind\u0259n ictimai f\u0259all\u0131\u011fa ilk add\u0131m\u201d layih\u0259sinin icras\u0131 davam edir.<\/p>\n\n\n\n<p><strong>Zerdab.com<\/strong> sayt\u0131na veril\u0259n m\u0259lumata g\u00f6r\u0259, 8, 9, 10 fevral 2019-cu il tarixd\u0259 icra plan\u0131na uy\u011fun olaraq, Z\u0259rdab \u015f\u0259h\u0259rind\u0259 25 n\u0259f\u0259r f\u0259al g\u0259ncin i\u015ftirak\u0131 il\u0259 3 g\u00fcnl\u00fck \u201cF\u0259alar klubu\u201d adl\u0131 t\u0259liml\u0259r ke\u00e7irildi. <\/p>\n\n\n\n<figure class=\"wp-block-image\"><img decoding=\"async\" src=\"http:\/\/www.zerdab.com\/wp-content\/uploads\/2019\/02\/zerdab-gencler-eldar-xelilov-gencliye-destek-550x367.jpg\" alt=\"\" class=\"wp-image-26458\"\/><\/figure>\n\n\n\n<p>\u201cF\u0259allar klubu\u201dnun i\u015ftirak\u00e7\u0131lar\u0131n\u0131n se\u00e7ilm\u0259si x\u00fcsusi formada apar\u0131l\u0131b. Layih\u0259 \u00e7\u0259r\u00e7iv\u0259sind\u0259 ke\u00e7irilmi\u015f fotom\u00fcsabiq\u0259d\u0259 i\u015ftirak etmi\u015f v\u0259 k\u0259nd \u0130cra N\u00fcmay\u0259nd\u0259likl\u0259ri vasit\u0259sil\u0259 d\u0259v\u0259t olunmu\u015f g\u0259ncl\u0259r x\u00fcsusi anketl\u0259ri dolduraraq se\u00e7im komissiyas\u0131n\u0131n m\u00fcsahib\u0259sind\u0259n ke\u00e7\u0259r\u0259k se\u00e7ilibl\u0259r.<\/p>\n\n\n\n<p>&nbsp;\u201cF\u0259allar klubu\u201d k\u0259ndli g\u0259ncl\u0259rin &nbsp;3 g\u00fcn \u0259rzind\u0259 \u00fcnsiyy\u0259t qura bil\u0259c\u0259yi, \u00e7\u0131x\u0131\u015f ed\u0259 bil\u0259c\u0259yi m\u0259kan oldu. 3 g\u00fcnl\u00fck t\u0259lim&nbsp;&nbsp;g\u0259ncl\u0259rin ictimai f\u0259all\u0131\u011f\u0131na mane olan psixoloji kompleksi aradan qald\u0131rd\u0131.&nbsp;G\u0259ncl\u0259r&nbsp;\u201cF\u0259allar klubu\u201dda i\u015ftirak etm\u0259kl\u0259 \u00fcnsiyy\u0259t qurmaq, qrupda i\u015fl\u0259m\u0259k v\u0259rdi\u015fl\u0259ri v\u0259 \u00f6zl\u0259rin\u0259 daha cox dostlar qazand\u0131lar. G\u0259ncl\u0259r qruplara b\u00f6l\u00fcn\u0259r\u0259k aktual m\u00f6vzular \u00fcz\u0259rind\u0259 i\u015fl\u0259y\u0259r\u0259k t\u0259qdimatlar haz\u0131rlad\u0131lar. M\u00f6vzular \u00fczr\u0259 ekper qiym\u0259tl\u0259ndirilm\u0259si t\u0259min edildi.<\/p>\n\n\n\n<p>T\u0259dbird\u0259 Z\u0259rdab Rayon G\u0259ncl\u0259r v\u0259 \u0130dman idar\u0259sinin ba\u015f m\u0259sl\u0259h\u0259t\u00e7isi \u018fl\u0259kb\u0259r K\u0259rimov da i\u015ftirak edib. \u0130\u015ftirak\u00e7\u0131lara d\u0259ft\u0259rxana materiallar\u0131 v\u0259 bukletl\u0259r paylan\u0131b, nahar v\u0259 \u00e7ay-kofe fasil\u0259si olub.<\/p>\n\n\n\n<figure class=\"wp-block-image\"><img decoding=\"async\" src=\"http:\/\/www.zerdab.com\/wp-content\/uploads\/2019\/02\/zerdab-gencler-eldar-xelilov-gencliye-destek1-550x367.jpg\" alt=\"\" class=\"wp-image-26460\"\/><\/figure>\n\n\n\n<p>Qeyd ed\u0259k ki laiyh\u0259nin icra m\u00fcdd\u0259ti 3 ayd\u0131r.&nbsp;Layih\u0259nin m\u0259qs\u0259di regionun k\u0259ndli g\u0259ncl\u0259rinin ictimai f\u0259ll\u0131\u011f\u0131n\u0131 art\u0131rmaqdan ibar\u0259tdir.<\/p>\n","protected":false},"excerpt":{"rendered":"<p>Az\u0259rbaycan Respublikas\u0131n\u0131n G\u0259ncl\u0259r Fondunun d\u0259st\u0259yi il\u0259 \u201cG\u0259ncliy\u0259 d\u0259st\u0259k\u201d \u0130ctimai Birliyi t\u0259r\u0259find\u0259n &nbsp;Z\u0259rdab rayonunda h\u0259yata ke\u00e7iril\u0259n \u201cRegion g\u0259ncl\u0259rind\u0259n ictimai f\u0259all\u0131\u011fa ilk add\u0131m\u201d layih\u0259sinin icras\u0131 davam edir. Zerdab.com sayt\u0131na veril\u0259n m\u0259lumata g\u00f6r\u0259, 8, 9, 10 fevral 2019-cu il tarixd\u0259 icra plan\u0131na uy\u011fun olaraq, Z\u0259rdab \u015f\u0259h\u0259rind\u0259 25 n\u0259f\u0259r f\u0259al g\u0259ncin i\u015ftirak\u0131 il\u0259 3 g\u00fcnl\u00fck \u201cF\u0259alar klubu\u201d adl\u0131 t\u0259liml\u0259r [&hellip;]<\/p>\n","protected":false},"author":1,"featured_media":0,"comment_status":"open","ping_status":"open","sticky":false,"template":"","format":"standard","meta":{"footnotes":""},"categories":[21,63],"tags":[],"class_list":{"0":"post-26454","1":"post","2":"type-post","3":"status-publish","4":"format-standard","6":"category-zrdab","7":"category-manset"},"yoast_head":"<!-- This site is optimized with the Yoast SEO plugin v27.0 - https:\/\/yoast.com\/product\/yoast-seo-wordpress\/ -->\n<title>Z\u0259rdabda \u201cRegion g\u0259ncl\u0259rind\u0259n ictimai f\u0259all\u0131\u011fa ilk add\u0131m\u201d layih\u0259sinin icras\u0131 davam edir - Z\u0259rdab.com<\/title>\n<meta name=\"robots\" content=\"index, follow, max-snippet:-1, max-image-preview:large, max-video-preview:-1\" \/>\n<link rel=\"canonical\" href=\"https:\/\/www.zerdab.com\/?p=26454\" \/>\n<meta property=\"og:locale\" content=\"az_AZ\" \/>\n<meta property=\"og:type\" content=\"article\" \/>\n<meta property=\"og:title\" content=\"Z\u0259rdabda \u201cRegion g\u0259ncl\u0259rind\u0259n ictimai f\u0259all\u0131\u011fa ilk add\u0131m\u201d layih\u0259sinin icras\u0131 davam edir - Z\u0259rdab.com\" \/>\n<meta property=\"og:description\" content=\"Az\u0259rbaycan Respublikas\u0131n\u0131n G\u0259ncl\u0259r Fondunun d\u0259st\u0259yi il\u0259 \u201cG\u0259ncliy\u0259 d\u0259st\u0259k\u201d \u0130ctimai Birliyi t\u0259r\u0259find\u0259n &nbsp;Z\u0259rdab rayonunda h\u0259yata ke\u00e7iril\u0259n \u201cRegion g\u0259ncl\u0259rind\u0259n ictimai f\u0259all\u0131\u011fa ilk add\u0131m\u201d layih\u0259sinin icras\u0131 davam edir. Zerdab.com sayt\u0131na veril\u0259n m\u0259lumata g\u00f6r\u0259, 8, 9, 10 fevral 2019-cu il tarixd\u0259 icra plan\u0131na uy\u011fun olaraq, Z\u0259rdab \u015f\u0259h\u0259rind\u0259 25 n\u0259f\u0259r f\u0259al g\u0259ncin i\u015ftirak\u0131 il\u0259 3 g\u00fcnl\u00fck \u201cF\u0259alar klubu\u201d adl\u0131 t\u0259liml\u0259r [&hellip;]\" \/>\n<meta property=\"og:url\" content=\"https:\/\/www.zerdab.com\/?p=26454\" \/>\n<meta property=\"og:site_name\" content=\"Z\u0259rdab.com\" \/>\n<meta property=\"article:published_time\" content=\"2019-02-14T12:37:22+00:00\" \/>\n<meta property=\"article:modified_time\" content=\"2019-02-14T12:39:57+00:00\" \/>\n<meta property=\"og:image\" content=\"http:\/\/www.zerdab.com\/wp-content\/uploads\/2019\/02\/zerdab-gencler-eldar-xelilov-gencliye-destek-550x367.jpg\" \/>\n<meta name=\"author\" content=\"admin\" \/>\n<meta name=\"twitter:card\" content=\"summary_large_image\" \/>\n<meta name=\"twitter:label1\" content=\"Written by\" \/>\n\t<meta name=\"twitter:data1\" content=\"admin\" \/>\n\t<meta name=\"twitter:label2\" content=\"Est. reading time\" \/>\n\t<meta name=\"twitter:data2\" content=\"2 minutes\" \/>\n<script type=\"application\/ld+json\" class=\"yoast-schema-graph\">{\"@context\":\"https:\/\/schema.org\",\"@graph\":[{\"@type\":\"Article\",\"@id\":\"https:\/\/www.zerdab.com\/?p=26454#article\",\"isPartOf\":{\"@id\":\"https:\/\/www.zerdab.com\/?p=26454\"},\"author\":{\"name\":\"admin\",\"@id\":\"https:\/\/www.zerdab.com\/#\/schema\/person\/97079b7570c1e89ec0d9e138c3672136\"},\"headline\":\"Z\u0259rdabda \u201cRegion g\u0259ncl\u0259rind\u0259n ictimai f\u0259all\u0131\u011fa ilk add\u0131m\u201d layih\u0259sinin icras\u0131 davam edir\",\"datePublished\":\"2019-02-14T12:37:22+00:00\",\"dateModified\":\"2019-02-14T12:39:57+00:00\",\"mainEntityOfPage\":{\"@id\":\"https:\/\/www.zerdab.com\/?p=26454\"},\"wordCount\":375,\"commentCount\":0,\"image\":{\"@id\":\"https:\/\/www.zerdab.com\/?p=26454#primaryimage\"},\"thumbnailUrl\":\"http:\/\/www.zerdab.com\/wp-content\/uploads\/2019\/02\/zerdab-gencler-eldar-xelilov-gencliye-destek-550x367.jpg\",\"articleSection\":[\"C\u018fM\u0130YY\u018fT\",\"MAN\u015eET\"],\"inLanguage\":\"az\",\"potentialAction\":[{\"@type\":\"CommentAction\",\"name\":\"Comment\",\"target\":[\"https:\/\/www.zerdab.com\/?p=26454#respond\"]}]},{\"@type\":\"WebPage\",\"@id\":\"https:\/\/www.zerdab.com\/?p=26454\",\"url\":\"https:\/\/www.zerdab.com\/?p=26454\",\"name\":\"Z\u0259rdabda \u201cRegion g\u0259ncl\u0259rind\u0259n ictimai f\u0259all\u0131\u011fa ilk add\u0131m\u201d layih\u0259sinin icras\u0131 davam edir - Z\u0259rdab.com\",\"isPartOf\":{\"@id\":\"https:\/\/www.zerdab.com\/#website\"},\"primaryImageOfPage\":{\"@id\":\"https:\/\/www.zerdab.com\/?p=26454#primaryimage\"},\"image\":{\"@id\":\"https:\/\/www.zerdab.com\/?p=26454#primaryimage\"},\"thumbnailUrl\":\"http:\/\/www.zerdab.com\/wp-content\/uploads\/2019\/02\/zerdab-gencler-eldar-xelilov-gencliye-destek-550x367.jpg\",\"datePublished\":\"2019-02-14T12:37:22+00:00\",\"dateModified\":\"2019-02-14T12:39:57+00:00\",\"author\":{\"@id\":\"https:\/\/www.zerdab.com\/#\/schema\/person\/97079b7570c1e89ec0d9e138c3672136\"},\"breadcrumb\":{\"@id\":\"https:\/\/www.zerdab.com\/?p=26454#breadcrumb\"},\"inLanguage\":\"az\",\"potentialAction\":[{\"@type\":\"ReadAction\",\"target\":[\"https:\/\/www.zerdab.com\/?p=26454\"]}]},{\"@type\":\"ImageObject\",\"inLanguage\":\"az\",\"@id\":\"https:\/\/www.zerdab.com\/?p=26454#primaryimage\",\"url\":\"\",\"contentUrl\":\"\"},{\"@type\":\"BreadcrumbList\",\"@id\":\"https:\/\/www.zerdab.com\/?p=26454#breadcrumb\",\"itemListElement\":[{\"@type\":\"ListItem\",\"position\":1,\"name\":\"Home\",\"item\":\"https:\/\/www.zerdab.com\/\"},{\"@type\":\"ListItem\",\"position\":2,\"name\":\"Z\u0259rdabda \u201cRegion g\u0259ncl\u0259rind\u0259n ictimai f\u0259all\u0131\u011fa ilk add\u0131m\u201d layih\u0259sinin icras\u0131 davam edir\"}]},{\"@type\":\"WebSite\",\"@id\":\"https:\/\/www.zerdab.com\/#website\",\"url\":\"https:\/\/www.zerdab.com\/\",\"name\":\"Z\u0259rdab.com\",\"description\":\"\",\"potentialAction\":[{\"@type\":\"SearchAction\",\"target\":{\"@type\":\"EntryPoint\",\"urlTemplate\":\"https:\/\/www.zerdab.com\/?s={search_term_string}\"},\"query-input\":{\"@type\":\"PropertyValueSpecification\",\"valueRequired\":true,\"valueName\":\"search_term_string\"}}],\"inLanguage\":\"az\"},{\"@type\":\"Person\",\"@id\":\"https:\/\/www.zerdab.com\/#\/schema\/person\/97079b7570c1e89ec0d9e138c3672136\",\"name\":\"admin\",\"image\":{\"@type\":\"ImageObject\",\"inLanguage\":\"az\",\"@id\":\"https:\/\/www.zerdab.com\/#\/schema\/person\/image\/\",\"url\":\"https:\/\/secure.gravatar.com\/avatar\/d9c52a9a27c32119cb6679a077fa3e2779e5f822c451cbf01098004361d466ec?s=96&d=mm&r=g\",\"contentUrl\":\"https:\/\/secure.gravatar.com\/avatar\/d9c52a9a27c32119cb6679a077fa3e2779e5f822c451cbf01098004361d466ec?s=96&d=mm&r=g\",\"caption\":\"admin\"},\"url\":\"https:\/\/www.zerdab.com\/?author=1\"}]}<\/script>\n<!-- \/ Yoast SEO plugin. -->","yoast_head_json":{"title":"Z\u0259rdabda \u201cRegion g\u0259ncl\u0259rind\u0259n ictimai f\u0259all\u0131\u011fa ilk add\u0131m\u201d layih\u0259sinin icras\u0131 davam edir - Z\u0259rdab.com","robots":{"index":"index","follow":"follow","max-snippet":"max-snippet:-1","max-image-preview":"max-image-preview:large","max-video-preview":"max-video-preview:-1"},"canonical":"https:\/\/www.zerdab.com\/?p=26454","og_locale":"az_AZ","og_type":"article","og_title":"Z\u0259rdabda \u201cRegion g\u0259ncl\u0259rind\u0259n ictimai f\u0259all\u0131\u011fa ilk add\u0131m\u201d layih\u0259sinin icras\u0131 davam edir - Z\u0259rdab.com","og_description":"Az\u0259rbaycan Respublikas\u0131n\u0131n G\u0259ncl\u0259r Fondunun d\u0259st\u0259yi il\u0259 \u201cG\u0259ncliy\u0259 d\u0259st\u0259k\u201d \u0130ctimai Birliyi t\u0259r\u0259find\u0259n &nbsp;Z\u0259rdab rayonunda h\u0259yata ke\u00e7iril\u0259n \u201cRegion g\u0259ncl\u0259rind\u0259n ictimai f\u0259all\u0131\u011fa ilk add\u0131m\u201d layih\u0259sinin icras\u0131 davam edir. Zerdab.com sayt\u0131na veril\u0259n m\u0259lumata g\u00f6r\u0259, 8, 9, 10 fevral 2019-cu il tarixd\u0259 icra plan\u0131na uy\u011fun olaraq, Z\u0259rdab \u015f\u0259h\u0259rind\u0259 25 n\u0259f\u0259r f\u0259al g\u0259ncin i\u015ftirak\u0131 il\u0259 3 g\u00fcnl\u00fck \u201cF\u0259alar klubu\u201d adl\u0131 t\u0259liml\u0259r [&hellip;]","og_url":"https:\/\/www.zerdab.com\/?p=26454","og_site_name":"Z\u0259rdab.com","article_published_time":"2019-02-14T12:37:22+00:00","article_modified_time":"2019-02-14T12:39:57+00:00","og_image":[{"url":"http:\/\/www.zerdab.com\/wp-content\/uploads\/2019\/02\/zerdab-gencler-eldar-xelilov-gencliye-destek-550x367.jpg","type":"","width":"","height":""}],"author":"admin","twitter_card":"summary_large_image","twitter_misc":{"Written by":"admin","Est. reading time":"2 minutes"},"schema":{"@context":"https:\/\/schema.org","@graph":[{"@type":"Article","@id":"https:\/\/www.zerdab.com\/?p=26454#article","isPartOf":{"@id":"https:\/\/www.zerdab.com\/?p=26454"},"author":{"name":"admin","@id":"https:\/\/www.zerdab.com\/#\/schema\/person\/97079b7570c1e89ec0d9e138c3672136"},"headline":"Z\u0259rdabda \u201cRegion g\u0259ncl\u0259rind\u0259n ictimai f\u0259all\u0131\u011fa ilk add\u0131m\u201d layih\u0259sinin icras\u0131 davam edir","datePublished":"2019-02-14T12:37:22+00:00","dateModified":"2019-02-14T12:39:57+00:00","mainEntityOfPage":{"@id":"https:\/\/www.zerdab.com\/?p=26454"},"wordCount":375,"commentCount":0,"image":{"@id":"https:\/\/www.zerdab.com\/?p=26454#primaryimage"},"thumbnailUrl":"http:\/\/www.zerdab.com\/wp-content\/uploads\/2019\/02\/zerdab-gencler-eldar-xelilov-gencliye-destek-550x367.jpg","articleSection":["C\u018fM\u0130YY\u018fT","MAN\u015eET"],"inLanguage":"az","potentialAction":[{"@type":"CommentAction","name":"Comment","target":["https:\/\/www.zerdab.com\/?p=26454#respond"]}]},{"@type":"WebPage","@id":"https:\/\/www.zerdab.com\/?p=26454","url":"https:\/\/www.zerdab.com\/?p=26454","name":"Z\u0259rdabda \u201cRegion g\u0259ncl\u0259rind\u0259n ictimai f\u0259all\u0131\u011fa ilk add\u0131m\u201d layih\u0259sinin icras\u0131 davam edir - Z\u0259rdab.com","isPartOf":{"@id":"https:\/\/www.zerdab.com\/#website"},"primaryImageOfPage":{"@id":"https:\/\/www.zerdab.com\/?p=26454#primaryimage"},"image":{"@id":"https:\/\/www.zerdab.com\/?p=26454#primaryimage"},"thumbnailUrl":"http:\/\/www.zerdab.com\/wp-content\/uploads\/2019\/02\/zerdab-gencler-eldar-xelilov-gencliye-destek-550x367.jpg","datePublished":"2019-02-14T12:37:22+00:00","dateModified":"2019-02-14T12:39:57+00:00","author":{"@id":"https:\/\/www.zerdab.com\/#\/schema\/person\/97079b7570c1e89ec0d9e138c3672136"},"breadcrumb":{"@id":"https:\/\/www.zerdab.com\/?p=26454#breadcrumb"},"inLanguage":"az","potentialAction":[{"@type":"ReadAction","target":["https:\/\/www.zerdab.com\/?p=26454"]}]},{"@type":"ImageObject","inLanguage":"az","@id":"https:\/\/www.zerdab.com\/?p=26454#primaryimage","url":"","contentUrl":""},{"@type":"BreadcrumbList","@id":"https:\/\/www.zerdab.com\/?p=26454#breadcrumb","itemListElement":[{"@type":"ListItem","position":1,"name":"Home","item":"https:\/\/www.zerdab.com\/"},{"@type":"ListItem","position":2,"name":"Z\u0259rdabda \u201cRegion g\u0259ncl\u0259rind\u0259n ictimai f\u0259all\u0131\u011fa ilk add\u0131m\u201d layih\u0259sinin icras\u0131 davam edir"}]},{"@type":"WebSite","@id":"https:\/\/www.zerdab.com\/#website","url":"https:\/\/www.zerdab.com\/","name":"Z\u0259rdab.com","description":"","potentialAction":[{"@type":"SearchAction","target":{"@type":"EntryPoint","urlTemplate":"https:\/\/www.zerdab.com\/?s={search_term_string}"},"query-input":{"@type":"PropertyValueSpecification","valueRequired":true,"valueName":"search_term_string"}}],"inLanguage":"az"},{"@type":"Person","@id":"https:\/\/www.zerdab.com\/#\/schema\/person\/97079b7570c1e89ec0d9e138c3672136","name":"admin","image":{"@type":"ImageObject","inLanguage":"az","@id":"https:\/\/www.zerdab.com\/#\/schema\/person\/image\/","url":"https:\/\/secure.gravatar.com\/avatar\/d9c52a9a27c32119cb6679a077fa3e2779e5f822c451cbf01098004361d466ec?s=96&d=mm&r=g","contentUrl":"https:\/\/secure.gravatar.com\/avatar\/d9c52a9a27c32119cb6679a077fa3e2779e5f822c451cbf01098004361d466ec?s=96&d=mm&r=g","caption":"admin"},"url":"https:\/\/www.zerdab.com\/?author=1"}]}},"_links":{"self":[{"href":"https:\/\/www.zerdab.com\/index.php?rest_route=\/wp\/v2\/posts\/26454","targetHints":{"allow":["GET"]}}],"collection":[{"href":"https:\/\/www.zerdab.com\/index.php?rest_route=\/wp\/v2\/posts"}],"about":[{"href":"https:\/\/www.zerdab.com\/index.php?rest_route=\/wp\/v2\/types\/post"}],"author":[{"embeddable":true,"href":"https:\/\/www.zerdab.com\/index.php?rest_route=\/wp\/v2\/users\/1"}],"replies":[{"embeddable":true,"href":"https:\/\/www.zerdab.com\/index.php?rest_route=%2Fwp%2Fv2%2Fcomments&post=26454"}],"version-history":[{"count":3,"href":"https:\/\/www.zerdab.com\/index.php?rest_route=\/wp\/v2\/posts\/26454\/revisions"}],"predecessor-version":[{"id":26462,"href":"https:\/\/www.zerdab.com\/index.php?rest_route=\/wp\/v2\/posts\/26454\/revisions\/26462"}],"wp:attachment":[{"href":"https:\/\/www.zerdab.com\/index.php?rest_route=%2Fwp%2Fv2%2Fmedia&parent=26454"}],"wp:term":[{"taxonomy":"category","embeddable":true,"href":"https:\/\/www.zerdab.com\/index.php?rest_route=%2Fwp%2Fv2%2Fcategories&post=26454"},{"taxonomy":"post_tag","embeddable":true,"href":"https:\/\/www.zerdab.com\/index.php?rest_route=%2Fwp%2Fv2%2Ftags&post=26454"}],"curies":[{"name":"wp","href":"https:\/\/api.w.org\/{rel}","templated":true}]}}