{"id":26490,"date":"2019-02-25T21:39:52","date_gmt":"2019-02-25T17:39:52","guid":{"rendered":"http:\/\/www.zerdab.com\/?p=26490"},"modified":"2019-02-25T21:40:48","modified_gmt":"2019-02-25T17:40:48","slug":"h%c9%99s%c9%99n-b%c9%99y-z%c9%99rdabi-muzeyind%c9%99-xocali-soyqirimi-qurbanlari-anildi","status":"publish","type":"post","link":"https:\/\/www.zerdab.com\/?p=26490","title":{"rendered":"Z\u0259rdabda Xocal\u0131 soyq\u0131r\u0131m\u0131 qurbanlar\u0131 an\u0131ld\u0131 &#8211; Fotolar"},"content":{"rendered":"\n<p>Z\u0259rdab rayon\nH\u0259s\u0259n b\u0259y Z\u0259rdabi Muzeyind\u0259 Xocal\u0131 soyq\u0131r\u0131m\u0131n\u0131n 27-ci ild\u00f6n\u00fcm\u00fc il\u0259 ba\u011fl\u0131 \u201cG\u00f6yn\u0259yir\nsin\u0259m, Xocal\u0131\u201d adl\u0131 t\u0259dbir ke\u00e7irilib. <\/p>\n\n\n\n<p>Zerdab.com sayt\u0131 x\u0259b\u0259r t\u0259dbird\u0259 \u00f6nc\u0259 Xocal\u0131 \u015f\u0259hidl\u0259rinin faci\u0259si 1 d\u0259qiq\u0259lik s\u00fckutla yad edilib. <\/p>\n\n\n\n<figure class=\"wp-block-image\"><img decoding=\"async\" src=\"http:\/\/www.zerdab.com\/wp-content\/uploads\/2019\/02\/Zerdab-Hesen-bey-Zerdabi1-550x309.jpg\" alt=\"\" class=\"wp-image-26492\"\/><\/figure>\n\n\n\n<p>Muzeyin\ndirektoru V\u0259fa Bayramova qeyd edib ki, Xocal\u0131 soyq\u0131r\u0131m\u0131 xalq\u0131m\u0131z\u0131n qan\nyadda\u015f\u0131n\u0131n \u0259n d\u0259h\u015f\u0259tli s\u0259hif\u0259sidir. \u0130nsanl\u0131\u011fa qar\u015f\u0131 \u00f6z v\u0259h\u015filiyin\u0259 v\u0259 q\u0259ddarl\u0131\u011f\u0131na\ng\u00f6r\u0259 \u0259n d\u0259h\u015f\u0259tli k\u00fctl\u0259vi terror hadis\u0259l\u0259rind\u0259n biri kimi tarix\u0259 d\u00fc\u015fm\u00fc\u015f Xocal\u0131\nsoyq\u0131r\u0131m\u0131n\u0131n t\u00f6r\u0259dilm\u0259sind\u0259n 27 il ke\u00e7ir.<br>\nT\u0259dbird\u0259 \u00e7\u0131x\u0131\u015f ed\u0259nl\u0259r qeyd edibl\u0259r ki, misli\ng\u00f6r\u00fcnm\u0259mi\u015f v\u0259h\u015filikl\u0259 h\u0259yata ke\u00e7iril\u0259n bu soyq\u0131r\u0131m\u0131 XX \u0259srin \u0259n d\u0259h\u015f\u0259tli hadis\u0259l\u0259rind\u0259n\nbiridir.<\/p>\n\n\n\n<figure class=\"wp-block-image\"><img decoding=\"async\" src=\"http:\/\/www.zerdab.com\/wp-content\/uploads\/2019\/02\/Zerdab-Hesen-bey-Zerdabi2-309x550.jpg\" alt=\"\" class=\"wp-image-26493\"\/><\/figure>\n\n\n\n<p>T\u0259dbird\u0259 Z\u0259rdab \u015f\u0259h\u0259r 1 sayl\u0131 m\u0259kt\u0259b liseyinin 5-ci sinif \u015fagirdl\u0259ri Xocal\u0131 soyqr\u0131m\u0131na h\u0259sr olunmu\u015f kompozisiya il\u0259 \u00e7\u0131x\u0131\u015f edibl\u0259r.<br> Sonda t\u0259dbir i\u015ftirak\u00e7\u0131lar\u0131 Xocal\u0131 faci\u0259si il\u0259 ba\u011fl\u0131 t\u0259\u015fkil edilmi\u015f s\u0259rgi il\u0259 tan\u0131\u015f olublar.<\/p>\n","protected":false},"excerpt":{"rendered":"<p>Z\u0259rdab rayon H\u0259s\u0259n b\u0259y Z\u0259rdabi Muzeyind\u0259 Xocal\u0131 soyq\u0131r\u0131m\u0131n\u0131n 27-ci ild\u00f6n\u00fcm\u00fc il\u0259 ba\u011fl\u0131 \u201cG\u00f6yn\u0259yir sin\u0259m, Xocal\u0131\u201d adl\u0131 t\u0259dbir ke\u00e7irilib. Zerdab.com sayt\u0131 x\u0259b\u0259r t\u0259dbird\u0259 \u00f6nc\u0259 Xocal\u0131 \u015f\u0259hidl\u0259rinin faci\u0259si 1 d\u0259qiq\u0259lik s\u00fckutla yad edilib. Muzeyin direktoru V\u0259fa Bayramova qeyd edib ki, Xocal\u0131 soyq\u0131r\u0131m\u0131 xalq\u0131m\u0131z\u0131n qan yadda\u015f\u0131n\u0131n \u0259n d\u0259h\u015f\u0259tli s\u0259hif\u0259sidir. \u0130nsanl\u0131\u011fa qar\u015f\u0131 \u00f6z v\u0259h\u015filiyin\u0259 v\u0259 q\u0259ddarl\u0131\u011f\u0131na g\u00f6r\u0259 \u0259n d\u0259h\u015f\u0259tli [&hellip;]<\/p>\n","protected":false},"author":1,"featured_media":0,"comment_status":"open","ping_status":"open","sticky":false,"template":"","format":"standard","meta":{"footnotes":""},"categories":[21,63],"tags":[],"class_list":{"0":"post-26490","1":"post","2":"type-post","3":"status-publish","4":"format-standard","6":"category-zrdab","7":"category-manset"},"yoast_head":"<!-- This site is optimized with the Yoast SEO plugin v27.0 - https:\/\/yoast.com\/product\/yoast-seo-wordpress\/ -->\n<title>Z\u0259rdabda Xocal\u0131 soyq\u0131r\u0131m\u0131 qurbanlar\u0131 an\u0131ld\u0131 - Fotolar - Z\u0259rdab.com<\/title>\n<meta name=\"robots\" content=\"index, follow, max-snippet:-1, max-image-preview:large, max-video-preview:-1\" \/>\n<link rel=\"canonical\" href=\"https:\/\/www.zerdab.com\/?p=26490\" \/>\n<meta property=\"og:locale\" content=\"az_AZ\" \/>\n<meta property=\"og:type\" content=\"article\" \/>\n<meta property=\"og:title\" content=\"Z\u0259rdabda Xocal\u0131 soyq\u0131r\u0131m\u0131 qurbanlar\u0131 an\u0131ld\u0131 - Fotolar - Z\u0259rdab.com\" \/>\n<meta property=\"og:description\" content=\"Z\u0259rdab rayon H\u0259s\u0259n b\u0259y Z\u0259rdabi Muzeyind\u0259 Xocal\u0131 soyq\u0131r\u0131m\u0131n\u0131n 27-ci ild\u00f6n\u00fcm\u00fc il\u0259 ba\u011fl\u0131 \u201cG\u00f6yn\u0259yir sin\u0259m, Xocal\u0131\u201d adl\u0131 t\u0259dbir ke\u00e7irilib. Zerdab.com sayt\u0131 x\u0259b\u0259r t\u0259dbird\u0259 \u00f6nc\u0259 Xocal\u0131 \u015f\u0259hidl\u0259rinin faci\u0259si 1 d\u0259qiq\u0259lik s\u00fckutla yad edilib. Muzeyin direktoru V\u0259fa Bayramova qeyd edib ki, Xocal\u0131 soyq\u0131r\u0131m\u0131 xalq\u0131m\u0131z\u0131n qan yadda\u015f\u0131n\u0131n \u0259n d\u0259h\u015f\u0259tli s\u0259hif\u0259sidir. \u0130nsanl\u0131\u011fa qar\u015f\u0131 \u00f6z v\u0259h\u015filiyin\u0259 v\u0259 q\u0259ddarl\u0131\u011f\u0131na g\u00f6r\u0259 \u0259n d\u0259h\u015f\u0259tli [&hellip;]\" \/>\n<meta property=\"og:url\" content=\"https:\/\/www.zerdab.com\/?p=26490\" \/>\n<meta property=\"og:site_name\" content=\"Z\u0259rdab.com\" \/>\n<meta property=\"article:published_time\" content=\"2019-02-25T17:39:52+00:00\" \/>\n<meta property=\"article:modified_time\" content=\"2019-02-25T17:40:48+00:00\" \/>\n<meta property=\"og:image\" content=\"http:\/\/www.zerdab.com\/wp-content\/uploads\/2019\/02\/Zerdab-Hesen-bey-Zerdabi1-550x309.jpg\" \/>\n<meta name=\"author\" content=\"admin\" \/>\n<meta name=\"twitter:card\" content=\"summary_large_image\" \/>\n<meta name=\"twitter:label1\" content=\"Written by\" \/>\n\t<meta name=\"twitter:data1\" content=\"admin\" \/>\n\t<meta name=\"twitter:label2\" content=\"Est. reading time\" \/>\n\t<meta name=\"twitter:data2\" content=\"1 minute\" \/>\n<script type=\"application\/ld+json\" class=\"yoast-schema-graph\">{\"@context\":\"https:\/\/schema.org\",\"@graph\":[{\"@type\":\"Article\",\"@id\":\"https:\/\/www.zerdab.com\/?p=26490#article\",\"isPartOf\":{\"@id\":\"https:\/\/www.zerdab.com\/?p=26490\"},\"author\":{\"name\":\"admin\",\"@id\":\"https:\/\/www.zerdab.com\/#\/schema\/person\/97079b7570c1e89ec0d9e138c3672136\"},\"headline\":\"Z\u0259rdabda Xocal\u0131 soyq\u0131r\u0131m\u0131 qurbanlar\u0131 an\u0131ld\u0131 &#8211; Fotolar\",\"datePublished\":\"2019-02-25T17:39:52+00:00\",\"dateModified\":\"2019-02-25T17:40:48+00:00\",\"mainEntityOfPage\":{\"@id\":\"https:\/\/www.zerdab.com\/?p=26490\"},\"wordCount\":223,\"commentCount\":0,\"image\":{\"@id\":\"https:\/\/www.zerdab.com\/?p=26490#primaryimage\"},\"thumbnailUrl\":\"http:\/\/www.zerdab.com\/wp-content\/uploads\/2019\/02\/Zerdab-Hesen-bey-Zerdabi1-550x309.jpg\",\"articleSection\":[\"C\u018fM\u0130YY\u018fT\",\"MAN\u015eET\"],\"inLanguage\":\"az\",\"potentialAction\":[{\"@type\":\"CommentAction\",\"name\":\"Comment\",\"target\":[\"https:\/\/www.zerdab.com\/?p=26490#respond\"]}]},{\"@type\":\"WebPage\",\"@id\":\"https:\/\/www.zerdab.com\/?p=26490\",\"url\":\"https:\/\/www.zerdab.com\/?p=26490\",\"name\":\"Z\u0259rdabda Xocal\u0131 soyq\u0131r\u0131m\u0131 qurbanlar\u0131 an\u0131ld\u0131 - Fotolar - Z\u0259rdab.com\",\"isPartOf\":{\"@id\":\"https:\/\/www.zerdab.com\/#website\"},\"primaryImageOfPage\":{\"@id\":\"https:\/\/www.zerdab.com\/?p=26490#primaryimage\"},\"image\":{\"@id\":\"https:\/\/www.zerdab.com\/?p=26490#primaryimage\"},\"thumbnailUrl\":\"http:\/\/www.zerdab.com\/wp-content\/uploads\/2019\/02\/Zerdab-Hesen-bey-Zerdabi1-550x309.jpg\",\"datePublished\":\"2019-02-25T17:39:52+00:00\",\"dateModified\":\"2019-02-25T17:40:48+00:00\",\"author\":{\"@id\":\"https:\/\/www.zerdab.com\/#\/schema\/person\/97079b7570c1e89ec0d9e138c3672136\"},\"breadcrumb\":{\"@id\":\"https:\/\/www.zerdab.com\/?p=26490#breadcrumb\"},\"inLanguage\":\"az\",\"potentialAction\":[{\"@type\":\"ReadAction\",\"target\":[\"https:\/\/www.zerdab.com\/?p=26490\"]}]},{\"@type\":\"ImageObject\",\"inLanguage\":\"az\",\"@id\":\"https:\/\/www.zerdab.com\/?p=26490#primaryimage\",\"url\":\"\",\"contentUrl\":\"\"},{\"@type\":\"BreadcrumbList\",\"@id\":\"https:\/\/www.zerdab.com\/?p=26490#breadcrumb\",\"itemListElement\":[{\"@type\":\"ListItem\",\"position\":1,\"name\":\"Home\",\"item\":\"https:\/\/www.zerdab.com\/\"},{\"@type\":\"ListItem\",\"position\":2,\"name\":\"Z\u0259rdabda Xocal\u0131 soyq\u0131r\u0131m\u0131 qurbanlar\u0131 an\u0131ld\u0131 &#8211; Fotolar\"}]},{\"@type\":\"WebSite\",\"@id\":\"https:\/\/www.zerdab.com\/#website\",\"url\":\"https:\/\/www.zerdab.com\/\",\"name\":\"Z\u0259rdab.com\",\"description\":\"\",\"potentialAction\":[{\"@type\":\"SearchAction\",\"target\":{\"@type\":\"EntryPoint\",\"urlTemplate\":\"https:\/\/www.zerdab.com\/?s={search_term_string}\"},\"query-input\":{\"@type\":\"PropertyValueSpecification\",\"valueRequired\":true,\"valueName\":\"search_term_string\"}}],\"inLanguage\":\"az\"},{\"@type\":\"Person\",\"@id\":\"https:\/\/www.zerdab.com\/#\/schema\/person\/97079b7570c1e89ec0d9e138c3672136\",\"name\":\"admin\",\"image\":{\"@type\":\"ImageObject\",\"inLanguage\":\"az\",\"@id\":\"https:\/\/www.zerdab.com\/#\/schema\/person\/image\/\",\"url\":\"https:\/\/secure.gravatar.com\/avatar\/d9c52a9a27c32119cb6679a077fa3e2779e5f822c451cbf01098004361d466ec?s=96&d=mm&r=g\",\"contentUrl\":\"https:\/\/secure.gravatar.com\/avatar\/d9c52a9a27c32119cb6679a077fa3e2779e5f822c451cbf01098004361d466ec?s=96&d=mm&r=g\",\"caption\":\"admin\"},\"url\":\"https:\/\/www.zerdab.com\/?author=1\"}]}<\/script>\n<!-- \/ Yoast SEO plugin. -->","yoast_head_json":{"title":"Z\u0259rdabda Xocal\u0131 soyq\u0131r\u0131m\u0131 qurbanlar\u0131 an\u0131ld\u0131 - Fotolar - Z\u0259rdab.com","robots":{"index":"index","follow":"follow","max-snippet":"max-snippet:-1","max-image-preview":"max-image-preview:large","max-video-preview":"max-video-preview:-1"},"canonical":"https:\/\/www.zerdab.com\/?p=26490","og_locale":"az_AZ","og_type":"article","og_title":"Z\u0259rdabda Xocal\u0131 soyq\u0131r\u0131m\u0131 qurbanlar\u0131 an\u0131ld\u0131 - Fotolar - Z\u0259rdab.com","og_description":"Z\u0259rdab rayon H\u0259s\u0259n b\u0259y Z\u0259rdabi Muzeyind\u0259 Xocal\u0131 soyq\u0131r\u0131m\u0131n\u0131n 27-ci ild\u00f6n\u00fcm\u00fc il\u0259 ba\u011fl\u0131 \u201cG\u00f6yn\u0259yir sin\u0259m, Xocal\u0131\u201d adl\u0131 t\u0259dbir ke\u00e7irilib. Zerdab.com sayt\u0131 x\u0259b\u0259r t\u0259dbird\u0259 \u00f6nc\u0259 Xocal\u0131 \u015f\u0259hidl\u0259rinin faci\u0259si 1 d\u0259qiq\u0259lik s\u00fckutla yad edilib. Muzeyin direktoru V\u0259fa Bayramova qeyd edib ki, Xocal\u0131 soyq\u0131r\u0131m\u0131 xalq\u0131m\u0131z\u0131n qan yadda\u015f\u0131n\u0131n \u0259n d\u0259h\u015f\u0259tli s\u0259hif\u0259sidir. \u0130nsanl\u0131\u011fa qar\u015f\u0131 \u00f6z v\u0259h\u015filiyin\u0259 v\u0259 q\u0259ddarl\u0131\u011f\u0131na g\u00f6r\u0259 \u0259n d\u0259h\u015f\u0259tli [&hellip;]","og_url":"https:\/\/www.zerdab.com\/?p=26490","og_site_name":"Z\u0259rdab.com","article_published_time":"2019-02-25T17:39:52+00:00","article_modified_time":"2019-02-25T17:40:48+00:00","og_image":[{"url":"http:\/\/www.zerdab.com\/wp-content\/uploads\/2019\/02\/Zerdab-Hesen-bey-Zerdabi1-550x309.jpg","type":"","width":"","height":""}],"author":"admin","twitter_card":"summary_large_image","twitter_misc":{"Written by":"admin","Est. reading time":"1 minute"},"schema":{"@context":"https:\/\/schema.org","@graph":[{"@type":"Article","@id":"https:\/\/www.zerdab.com\/?p=26490#article","isPartOf":{"@id":"https:\/\/www.zerdab.com\/?p=26490"},"author":{"name":"admin","@id":"https:\/\/www.zerdab.com\/#\/schema\/person\/97079b7570c1e89ec0d9e138c3672136"},"headline":"Z\u0259rdabda Xocal\u0131 soyq\u0131r\u0131m\u0131 qurbanlar\u0131 an\u0131ld\u0131 &#8211; Fotolar","datePublished":"2019-02-25T17:39:52+00:00","dateModified":"2019-02-25T17:40:48+00:00","mainEntityOfPage":{"@id":"https:\/\/www.zerdab.com\/?p=26490"},"wordCount":223,"commentCount":0,"image":{"@id":"https:\/\/www.zerdab.com\/?p=26490#primaryimage"},"thumbnailUrl":"http:\/\/www.zerdab.com\/wp-content\/uploads\/2019\/02\/Zerdab-Hesen-bey-Zerdabi1-550x309.jpg","articleSection":["C\u018fM\u0130YY\u018fT","MAN\u015eET"],"inLanguage":"az","potentialAction":[{"@type":"CommentAction","name":"Comment","target":["https:\/\/www.zerdab.com\/?p=26490#respond"]}]},{"@type":"WebPage","@id":"https:\/\/www.zerdab.com\/?p=26490","url":"https:\/\/www.zerdab.com\/?p=26490","name":"Z\u0259rdabda Xocal\u0131 soyq\u0131r\u0131m\u0131 qurbanlar\u0131 an\u0131ld\u0131 - Fotolar - Z\u0259rdab.com","isPartOf":{"@id":"https:\/\/www.zerdab.com\/#website"},"primaryImageOfPage":{"@id":"https:\/\/www.zerdab.com\/?p=26490#primaryimage"},"image":{"@id":"https:\/\/www.zerdab.com\/?p=26490#primaryimage"},"thumbnailUrl":"http:\/\/www.zerdab.com\/wp-content\/uploads\/2019\/02\/Zerdab-Hesen-bey-Zerdabi1-550x309.jpg","datePublished":"2019-02-25T17:39:52+00:00","dateModified":"2019-02-25T17:40:48+00:00","author":{"@id":"https:\/\/www.zerdab.com\/#\/schema\/person\/97079b7570c1e89ec0d9e138c3672136"},"breadcrumb":{"@id":"https:\/\/www.zerdab.com\/?p=26490#breadcrumb"},"inLanguage":"az","potentialAction":[{"@type":"ReadAction","target":["https:\/\/www.zerdab.com\/?p=26490"]}]},{"@type":"ImageObject","inLanguage":"az","@id":"https:\/\/www.zerdab.com\/?p=26490#primaryimage","url":"","contentUrl":""},{"@type":"BreadcrumbList","@id":"https:\/\/www.zerdab.com\/?p=26490#breadcrumb","itemListElement":[{"@type":"ListItem","position":1,"name":"Home","item":"https:\/\/www.zerdab.com\/"},{"@type":"ListItem","position":2,"name":"Z\u0259rdabda Xocal\u0131 soyq\u0131r\u0131m\u0131 qurbanlar\u0131 an\u0131ld\u0131 &#8211; Fotolar"}]},{"@type":"WebSite","@id":"https:\/\/www.zerdab.com\/#website","url":"https:\/\/www.zerdab.com\/","name":"Z\u0259rdab.com","description":"","potentialAction":[{"@type":"SearchAction","target":{"@type":"EntryPoint","urlTemplate":"https:\/\/www.zerdab.com\/?s={search_term_string}"},"query-input":{"@type":"PropertyValueSpecification","valueRequired":true,"valueName":"search_term_string"}}],"inLanguage":"az"},{"@type":"Person","@id":"https:\/\/www.zerdab.com\/#\/schema\/person\/97079b7570c1e89ec0d9e138c3672136","name":"admin","image":{"@type":"ImageObject","inLanguage":"az","@id":"https:\/\/www.zerdab.com\/#\/schema\/person\/image\/","url":"https:\/\/secure.gravatar.com\/avatar\/d9c52a9a27c32119cb6679a077fa3e2779e5f822c451cbf01098004361d466ec?s=96&d=mm&r=g","contentUrl":"https:\/\/secure.gravatar.com\/avatar\/d9c52a9a27c32119cb6679a077fa3e2779e5f822c451cbf01098004361d466ec?s=96&d=mm&r=g","caption":"admin"},"url":"https:\/\/www.zerdab.com\/?author=1"}]}},"_links":{"self":[{"href":"https:\/\/www.zerdab.com\/index.php?rest_route=\/wp\/v2\/posts\/26490","targetHints":{"allow":["GET"]}}],"collection":[{"href":"https:\/\/www.zerdab.com\/index.php?rest_route=\/wp\/v2\/posts"}],"about":[{"href":"https:\/\/www.zerdab.com\/index.php?rest_route=\/wp\/v2\/types\/post"}],"author":[{"embeddable":true,"href":"https:\/\/www.zerdab.com\/index.php?rest_route=\/wp\/v2\/users\/1"}],"replies":[{"embeddable":true,"href":"https:\/\/www.zerdab.com\/index.php?rest_route=%2Fwp%2Fv2%2Fcomments&post=26490"}],"version-history":[{"count":3,"href":"https:\/\/www.zerdab.com\/index.php?rest_route=\/wp\/v2\/posts\/26490\/revisions"}],"predecessor-version":[{"id":26496,"href":"https:\/\/www.zerdab.com\/index.php?rest_route=\/wp\/v2\/posts\/26490\/revisions\/26496"}],"wp:attachment":[{"href":"https:\/\/www.zerdab.com\/index.php?rest_route=%2Fwp%2Fv2%2Fmedia&parent=26490"}],"wp:term":[{"taxonomy":"category","embeddable":true,"href":"https:\/\/www.zerdab.com\/index.php?rest_route=%2Fwp%2Fv2%2Fcategories&post=26490"},{"taxonomy":"post_tag","embeddable":true,"href":"https:\/\/www.zerdab.com\/index.php?rest_route=%2Fwp%2Fv2%2Ftags&post=26490"}],"curies":[{"name":"wp","href":"https:\/\/api.w.org\/{rel}","templated":true}]}}