{"id":26499,"date":"2019-03-05T20:15:44","date_gmt":"2019-03-05T16:15:44","guid":{"rendered":"http:\/\/www.zerdab.com\/?p=26499"},"modified":"2024-07-01T16:43:57","modified_gmt":"2024-07-01T12:43:57","slug":"z%c9%99rdab-orta-%c9%99srl%c9%99rd%c9%99-adli-monoqrafiyasi-n%c9%99sr-edilib","status":"publish","type":"post","link":"https:\/\/www.zerdab.com\/?p=26499","title":{"rendered":"&#8220;Z\u0259rdab orta \u0259srl\u0259rd\u0259\u201d adl\u0131 monoqrafiya n\u0259\u015fr edilib"},"content":{"rendered":"\r\n<p>Az\u0259rbaycan Milli Elml\u0259r Akademiyas\u0131n\u0131n Arxeologiya v\u0259 Etnoqrafiya \u0130nstitutunun apar\u0131c\u0131 elmi i\u015f\u00e7isi, tarix \u00fczr\u0259 f\u0259ls\u0259f\u0259 doktoru, h\u0259myerlimiz Taleh \u018fliyevin &#8220;Z\u0259rdab orta \u0259srl\u0259rd\u0259\u201d adl\u0131 monoqrafiyas\u0131 n\u0259\u015fr edilib. Zerdab.com sat\u0131na veril\u0259n m\u0259lumata g\u00f6r\u0259, elmi-t\u0259dqiqat \u0259s\u0259ri Z\u0259rdab rayonunun tarixi-arxeoloji abid\u0259l\u0259rin\u0259 h\u0259sr edilmi\u015fdir. \u018fs\u0259rd\u0259 b\u00f6lg\u0259nin orta \u0259sr \u015f\u0259h\u0259r v\u0259 k\u0259nd tipli ya\u015fay\u0131\u015f yerl\u0259ri, q\u0259bir abid\u0259l\u0259ri v\u0259 dig\u0259r abid\u0259l\u0259ri bar\u0259d\u0259 geni\u015f m\u0259lumat \u00f6z \u0259ksini tapm\u0131\u015fd\u0131r. Monoqrafiya \u00fc\u00e7 f\u0259sild\u0259n ibar\u0259tdir. \u0130lk f\u0259sild\u0259 Z\u0259rdab \u0259razisinin orta \u0259srl\u0259r d\u00f6vr\u00fc \u00fczr\u0259 ya\u015fay\u0131\u015f yerl\u0259rinin, ikinci f\u0259sild\u0259 q\u0259bir abid\u0259l\u0259ri v\u0259 dini-memorial tikilil\u0259rin, sonuncu f\u0259sild\u0259 is\u0259, qeyd olunan abid\u0259l\u0259rd\u0259 apar\u0131lan arxeoloji t\u0259dqiqat i\u015fl\u0259ri n\u0259tic\u0259sind\u0259 \u0259ld\u0259 olunmu\u015f maddi m\u0259d\u0259niyy\u0259t n\u00fcmun\u0259l\u0259rinin t\u0259snifat\u0131 apar\u0131lm\u0131\u015f, orta \u0259srl\u0259rd\u0259 b\u00f6lg\u0259nin m\u0259d\u0259ni s\u0259viyy\u0259sini g\u00f6st\u0259r\u0259n s\u0259n\u0259tkarl\u0131q sah\u0259l\u0259rind\u0259n b\u0259hs edilmi\u015fdir. \u018fs\u0259rd\u0259, h\u0259m\u00e7inin m\u00fc\u0259yy\u0259n etnoqrafik m\u0259lumatlar da yer al\u0131b.<\/p>\r\n\r\n\r\n\r\n<figure class=\"wp-block-image\"><img loading=\"lazy\" decoding=\"async\" width=\"550\" height=\"536\" class=\"wp-image-26501\" src=\"http:\/\/www.zerdab.com\/wp-content\/uploads\/2019\/03\/zerdab-orta-esrlerde-monoqrafiya-taleh-eliyev1-550x536.jpg\" alt=\"\" srcset=\"https:\/\/www.zerdab.com\/wp-content\/uploads\/2019\/03\/zerdab-orta-esrlerde-monoqrafiya-taleh-eliyev1-550x536.jpg 550w, https:\/\/www.zerdab.com\/wp-content\/uploads\/2019\/03\/zerdab-orta-esrlerde-monoqrafiya-taleh-eliyev1-400x390.jpg 400w, https:\/\/www.zerdab.com\/wp-content\/uploads\/2019\/03\/zerdab-orta-esrlerde-monoqrafiya-taleh-eliyev1-431x420.jpg 431w, https:\/\/www.zerdab.com\/wp-content\/uploads\/2019\/03\/zerdab-orta-esrlerde-monoqrafiya-taleh-eliyev1.jpg 642w\" sizes=\"auto, (max-width: 550px) 100vw, 550px\" \/><\/figure>\r\n\r\n\r\n\r\n<p>Monoqrafiya \u00fc\u00e7 f\u0259sild\u0259n ibar\u0259tdir. \u0130lk f\u0259sild\u0259 Z\u0259rdab \u0259razisinin orta \u0259srl\u0259r d\u00f6vr\u00fc \u00fczr\u0259 ya\u015fay\u0131\u015f yerl\u0259rinin, ikinci f\u0259sild\u0259 q\u0259bir abid\u0259l\u0259ri v\u0259 dini-memorial tikilil\u0259rin, sonuncu f\u0259sild\u0259 is\u0259, qeyd olunan abid\u0259l\u0259rd\u0259 apar\u0131lan arxeoloji t\u0259dqiqat i\u015fl\u0259ri n\u0259tic\u0259sind\u0259 \u0259ld\u0259 olunmu\u015f maddi m\u0259d\u0259niyy\u0259t n\u00fcmun\u0259l\u0259rinin t\u0259snifat\u0131 apar\u0131lm\u0131\u015f, orta \u0259srl\u0259rd\u0259 b\u00f6lg\u0259nin m\u0259d\u0259ni s\u0259viyy\u0259sini g\u00f6st\u0259r\u0259n s\u0259n\u0259tkarl\u0131q sah\u0259l\u0259rind\u0259n b\u0259hs edilmi\u015fdir. \u018fs\u0259rd\u0259, h\u0259m\u00e7inin m\u00fc\u0259yy\u0259n etnoqrafik m\u0259lumatlar da yer al\u0131b.<\/p>\r\n","protected":false},"excerpt":{"rendered":"<p>Az\u0259rbaycan Milli Elml\u0259r Akademiyas\u0131n\u0131n Arxeologiya v\u0259 Etnoqrafiya \u0130nstitutunun apar\u0131c\u0131 elmi i\u015f\u00e7isi, tarix \u00fczr\u0259 f\u0259ls\u0259f\u0259 doktoru, h\u0259myerlimiz Taleh \u018fliyevin &#8220;Z\u0259rdab orta \u0259srl\u0259rd\u0259\u201d adl\u0131 monoqrafiyas\u0131 n\u0259\u015fr edilib. Zerdab.com sat\u0131na veril\u0259n m\u0259lumata g\u00f6r\u0259, elmi-t\u0259dqiqat \u0259s\u0259ri Z\u0259rdab rayonunun tarixi-arxeoloji abid\u0259l\u0259rin\u0259 h\u0259sr edilmi\u015fdir. \u018fs\u0259rd\u0259 b\u00f6lg\u0259nin orta \u0259sr \u015f\u0259h\u0259r v\u0259 k\u0259nd tipli ya\u015fay\u0131\u015f yerl\u0259ri, q\u0259bir abid\u0259l\u0259ri v\u0259 dig\u0259r abid\u0259l\u0259ri bar\u0259d\u0259 geni\u015f [&hellip;]<\/p>\n","protected":false},"author":1,"featured_media":26500,"comment_status":"open","ping_status":"open","sticky":false,"template":"","format":"standard","meta":{"footnotes":""},"categories":[63,1],"tags":[],"class_list":{"0":"post-26499","1":"post","2":"type-post","3":"status-publish","4":"format-standard","5":"has-post-thumbnail","7":"category-manset","8":"category-tarix"},"yoast_head":"<!-- This site is optimized with the Yoast SEO plugin v27.0 - https:\/\/yoast.com\/product\/yoast-seo-wordpress\/ -->\n<title>&quot;Z\u0259rdab orta \u0259srl\u0259rd\u0259\u201d adl\u0131 monoqrafiya n\u0259\u015fr edilib - Z\u0259rdab.com<\/title>\n<meta name=\"robots\" content=\"index, follow, max-snippet:-1, max-image-preview:large, max-video-preview:-1\" \/>\n<link rel=\"canonical\" href=\"https:\/\/www.zerdab.com\/?p=26499\" \/>\n<meta property=\"og:locale\" content=\"az_AZ\" \/>\n<meta property=\"og:type\" content=\"article\" \/>\n<meta property=\"og:title\" content=\"&quot;Z\u0259rdab orta \u0259srl\u0259rd\u0259\u201d adl\u0131 monoqrafiya n\u0259\u015fr edilib - Z\u0259rdab.com\" \/>\n<meta property=\"og:description\" content=\"Az\u0259rbaycan Milli Elml\u0259r Akademiyas\u0131n\u0131n Arxeologiya v\u0259 Etnoqrafiya \u0130nstitutunun apar\u0131c\u0131 elmi i\u015f\u00e7isi, tarix \u00fczr\u0259 f\u0259ls\u0259f\u0259 doktoru, h\u0259myerlimiz Taleh \u018fliyevin &#8220;Z\u0259rdab orta \u0259srl\u0259rd\u0259\u201d adl\u0131 monoqrafiyas\u0131 n\u0259\u015fr edilib. Zerdab.com sat\u0131na veril\u0259n m\u0259lumata g\u00f6r\u0259, elmi-t\u0259dqiqat \u0259s\u0259ri Z\u0259rdab rayonunun tarixi-arxeoloji abid\u0259l\u0259rin\u0259 h\u0259sr edilmi\u015fdir. \u018fs\u0259rd\u0259 b\u00f6lg\u0259nin orta \u0259sr \u015f\u0259h\u0259r v\u0259 k\u0259nd tipli ya\u015fay\u0131\u015f yerl\u0259ri, q\u0259bir abid\u0259l\u0259ri v\u0259 dig\u0259r abid\u0259l\u0259ri bar\u0259d\u0259 geni\u015f [&hellip;]\" \/>\n<meta property=\"og:url\" content=\"https:\/\/www.zerdab.com\/?p=26499\" \/>\n<meta property=\"og:site_name\" content=\"Z\u0259rdab.com\" \/>\n<meta property=\"article:published_time\" content=\"2019-03-05T16:15:44+00:00\" \/>\n<meta property=\"article:modified_time\" content=\"2024-07-01T12:43:57+00:00\" \/>\n<meta property=\"og:image\" content=\"http:\/\/www.zerdab.com\/wp-content\/uploads\/2019\/03\/zerdab-orta-esrlerde-monoqrafiya-taleh-eliyev.jpg\" \/>\n\t<meta property=\"og:image:width\" content=\"690\" \/>\n\t<meta property=\"og:image:height\" content=\"960\" \/>\n\t<meta property=\"og:image:type\" content=\"image\/jpeg\" \/>\n<meta name=\"author\" content=\"admin\" \/>\n<meta name=\"twitter:card\" content=\"summary_large_image\" \/>\n<meta name=\"twitter:label1\" content=\"Written by\" \/>\n\t<meta name=\"twitter:data1\" content=\"admin\" \/>\n\t<meta name=\"twitter:label2\" content=\"Est. reading time\" \/>\n\t<meta name=\"twitter:data2\" content=\"2 minutes\" \/>\n<script type=\"application\/ld+json\" class=\"yoast-schema-graph\">{\"@context\":\"https:\/\/schema.org\",\"@graph\":[{\"@type\":\"Article\",\"@id\":\"https:\/\/www.zerdab.com\/?p=26499#article\",\"isPartOf\":{\"@id\":\"https:\/\/www.zerdab.com\/?p=26499\"},\"author\":{\"name\":\"admin\",\"@id\":\"https:\/\/www.zerdab.com\/#\/schema\/person\/97079b7570c1e89ec0d9e138c3672136\"},\"headline\":\"&#8220;Z\u0259rdab orta \u0259srl\u0259rd\u0259\u201d adl\u0131 monoqrafiya n\u0259\u015fr edilib\",\"datePublished\":\"2019-03-05T16:15:44+00:00\",\"dateModified\":\"2024-07-01T12:43:57+00:00\",\"mainEntityOfPage\":{\"@id\":\"https:\/\/www.zerdab.com\/?p=26499\"},\"wordCount\":334,\"commentCount\":0,\"image\":{\"@id\":\"https:\/\/www.zerdab.com\/?p=26499#primaryimage\"},\"thumbnailUrl\":\"https:\/\/www.zerdab.com\/wp-content\/uploads\/2019\/03\/zerdab-orta-esrlerde-monoqrafiya-taleh-eliyev.jpg\",\"articleSection\":[\"MAN\u015eET\",\"Z\u018fRDABIN TAR\u0130X\u0130\"],\"inLanguage\":\"az\",\"potentialAction\":[{\"@type\":\"CommentAction\",\"name\":\"Comment\",\"target\":[\"https:\/\/www.zerdab.com\/?p=26499#respond\"]}]},{\"@type\":\"WebPage\",\"@id\":\"https:\/\/www.zerdab.com\/?p=26499\",\"url\":\"https:\/\/www.zerdab.com\/?p=26499\",\"name\":\"\\\"Z\u0259rdab orta \u0259srl\u0259rd\u0259\u201d adl\u0131 monoqrafiya n\u0259\u015fr edilib - Z\u0259rdab.com\",\"isPartOf\":{\"@id\":\"https:\/\/www.zerdab.com\/#website\"},\"primaryImageOfPage\":{\"@id\":\"https:\/\/www.zerdab.com\/?p=26499#primaryimage\"},\"image\":{\"@id\":\"https:\/\/www.zerdab.com\/?p=26499#primaryimage\"},\"thumbnailUrl\":\"https:\/\/www.zerdab.com\/wp-content\/uploads\/2019\/03\/zerdab-orta-esrlerde-monoqrafiya-taleh-eliyev.jpg\",\"datePublished\":\"2019-03-05T16:15:44+00:00\",\"dateModified\":\"2024-07-01T12:43:57+00:00\",\"author\":{\"@id\":\"https:\/\/www.zerdab.com\/#\/schema\/person\/97079b7570c1e89ec0d9e138c3672136\"},\"breadcrumb\":{\"@id\":\"https:\/\/www.zerdab.com\/?p=26499#breadcrumb\"},\"inLanguage\":\"az\",\"potentialAction\":[{\"@type\":\"ReadAction\",\"target\":[\"https:\/\/www.zerdab.com\/?p=26499\"]}]},{\"@type\":\"ImageObject\",\"inLanguage\":\"az\",\"@id\":\"https:\/\/www.zerdab.com\/?p=26499#primaryimage\",\"url\":\"https:\/\/www.zerdab.com\/wp-content\/uploads\/2019\/03\/zerdab-orta-esrlerde-monoqrafiya-taleh-eliyev.jpg\",\"contentUrl\":\"https:\/\/www.zerdab.com\/wp-content\/uploads\/2019\/03\/zerdab-orta-esrlerde-monoqrafiya-taleh-eliyev.jpg\",\"width\":690,\"height\":960,\"caption\":\"zerdab-orta-esrlerde-monoqrafiya-taleh-eliyev\"},{\"@type\":\"BreadcrumbList\",\"@id\":\"https:\/\/www.zerdab.com\/?p=26499#breadcrumb\",\"itemListElement\":[{\"@type\":\"ListItem\",\"position\":1,\"name\":\"Home\",\"item\":\"https:\/\/www.zerdab.com\/\"},{\"@type\":\"ListItem\",\"position\":2,\"name\":\"&#8220;Z\u0259rdab orta \u0259srl\u0259rd\u0259\u201d adl\u0131 monoqrafiya n\u0259\u015fr edilib\"}]},{\"@type\":\"WebSite\",\"@id\":\"https:\/\/www.zerdab.com\/#website\",\"url\":\"https:\/\/www.zerdab.com\/\",\"name\":\"Z\u0259rdab.com\",\"description\":\"\",\"potentialAction\":[{\"@type\":\"SearchAction\",\"target\":{\"@type\":\"EntryPoint\",\"urlTemplate\":\"https:\/\/www.zerdab.com\/?s={search_term_string}\"},\"query-input\":{\"@type\":\"PropertyValueSpecification\",\"valueRequired\":true,\"valueName\":\"search_term_string\"}}],\"inLanguage\":\"az\"},{\"@type\":\"Person\",\"@id\":\"https:\/\/www.zerdab.com\/#\/schema\/person\/97079b7570c1e89ec0d9e138c3672136\",\"name\":\"admin\",\"image\":{\"@type\":\"ImageObject\",\"inLanguage\":\"az\",\"@id\":\"https:\/\/www.zerdab.com\/#\/schema\/person\/image\/\",\"url\":\"https:\/\/secure.gravatar.com\/avatar\/d9c52a9a27c32119cb6679a077fa3e2779e5f822c451cbf01098004361d466ec?s=96&d=mm&r=g\",\"contentUrl\":\"https:\/\/secure.gravatar.com\/avatar\/d9c52a9a27c32119cb6679a077fa3e2779e5f822c451cbf01098004361d466ec?s=96&d=mm&r=g\",\"caption\":\"admin\"},\"url\":\"https:\/\/www.zerdab.com\/?author=1\"}]}<\/script>\n<!-- \/ Yoast SEO plugin. -->","yoast_head_json":{"title":"\"Z\u0259rdab orta \u0259srl\u0259rd\u0259\u201d adl\u0131 monoqrafiya n\u0259\u015fr edilib - Z\u0259rdab.com","robots":{"index":"index","follow":"follow","max-snippet":"max-snippet:-1","max-image-preview":"max-image-preview:large","max-video-preview":"max-video-preview:-1"},"canonical":"https:\/\/www.zerdab.com\/?p=26499","og_locale":"az_AZ","og_type":"article","og_title":"\"Z\u0259rdab orta \u0259srl\u0259rd\u0259\u201d adl\u0131 monoqrafiya n\u0259\u015fr edilib - Z\u0259rdab.com","og_description":"Az\u0259rbaycan Milli Elml\u0259r Akademiyas\u0131n\u0131n Arxeologiya v\u0259 Etnoqrafiya \u0130nstitutunun apar\u0131c\u0131 elmi i\u015f\u00e7isi, tarix \u00fczr\u0259 f\u0259ls\u0259f\u0259 doktoru, h\u0259myerlimiz Taleh \u018fliyevin &#8220;Z\u0259rdab orta \u0259srl\u0259rd\u0259\u201d adl\u0131 monoqrafiyas\u0131 n\u0259\u015fr edilib. Zerdab.com sat\u0131na veril\u0259n m\u0259lumata g\u00f6r\u0259, elmi-t\u0259dqiqat \u0259s\u0259ri Z\u0259rdab rayonunun tarixi-arxeoloji abid\u0259l\u0259rin\u0259 h\u0259sr edilmi\u015fdir. \u018fs\u0259rd\u0259 b\u00f6lg\u0259nin orta \u0259sr \u015f\u0259h\u0259r v\u0259 k\u0259nd tipli ya\u015fay\u0131\u015f yerl\u0259ri, q\u0259bir abid\u0259l\u0259ri v\u0259 dig\u0259r abid\u0259l\u0259ri bar\u0259d\u0259 geni\u015f [&hellip;]","og_url":"https:\/\/www.zerdab.com\/?p=26499","og_site_name":"Z\u0259rdab.com","article_published_time":"2019-03-05T16:15:44+00:00","article_modified_time":"2024-07-01T12:43:57+00:00","og_image":[{"width":690,"height":960,"url":"http:\/\/www.zerdab.com\/wp-content\/uploads\/2019\/03\/zerdab-orta-esrlerde-monoqrafiya-taleh-eliyev.jpg","type":"image\/jpeg"}],"author":"admin","twitter_card":"summary_large_image","twitter_misc":{"Written by":"admin","Est. reading time":"2 minutes"},"schema":{"@context":"https:\/\/schema.org","@graph":[{"@type":"Article","@id":"https:\/\/www.zerdab.com\/?p=26499#article","isPartOf":{"@id":"https:\/\/www.zerdab.com\/?p=26499"},"author":{"name":"admin","@id":"https:\/\/www.zerdab.com\/#\/schema\/person\/97079b7570c1e89ec0d9e138c3672136"},"headline":"&#8220;Z\u0259rdab orta \u0259srl\u0259rd\u0259\u201d adl\u0131 monoqrafiya n\u0259\u015fr edilib","datePublished":"2019-03-05T16:15:44+00:00","dateModified":"2024-07-01T12:43:57+00:00","mainEntityOfPage":{"@id":"https:\/\/www.zerdab.com\/?p=26499"},"wordCount":334,"commentCount":0,"image":{"@id":"https:\/\/www.zerdab.com\/?p=26499#primaryimage"},"thumbnailUrl":"https:\/\/www.zerdab.com\/wp-content\/uploads\/2019\/03\/zerdab-orta-esrlerde-monoqrafiya-taleh-eliyev.jpg","articleSection":["MAN\u015eET","Z\u018fRDABIN TAR\u0130X\u0130"],"inLanguage":"az","potentialAction":[{"@type":"CommentAction","name":"Comment","target":["https:\/\/www.zerdab.com\/?p=26499#respond"]}]},{"@type":"WebPage","@id":"https:\/\/www.zerdab.com\/?p=26499","url":"https:\/\/www.zerdab.com\/?p=26499","name":"\"Z\u0259rdab orta \u0259srl\u0259rd\u0259\u201d adl\u0131 monoqrafiya n\u0259\u015fr edilib - Z\u0259rdab.com","isPartOf":{"@id":"https:\/\/www.zerdab.com\/#website"},"primaryImageOfPage":{"@id":"https:\/\/www.zerdab.com\/?p=26499#primaryimage"},"image":{"@id":"https:\/\/www.zerdab.com\/?p=26499#primaryimage"},"thumbnailUrl":"https:\/\/www.zerdab.com\/wp-content\/uploads\/2019\/03\/zerdab-orta-esrlerde-monoqrafiya-taleh-eliyev.jpg","datePublished":"2019-03-05T16:15:44+00:00","dateModified":"2024-07-01T12:43:57+00:00","author":{"@id":"https:\/\/www.zerdab.com\/#\/schema\/person\/97079b7570c1e89ec0d9e138c3672136"},"breadcrumb":{"@id":"https:\/\/www.zerdab.com\/?p=26499#breadcrumb"},"inLanguage":"az","potentialAction":[{"@type":"ReadAction","target":["https:\/\/www.zerdab.com\/?p=26499"]}]},{"@type":"ImageObject","inLanguage":"az","@id":"https:\/\/www.zerdab.com\/?p=26499#primaryimage","url":"https:\/\/www.zerdab.com\/wp-content\/uploads\/2019\/03\/zerdab-orta-esrlerde-monoqrafiya-taleh-eliyev.jpg","contentUrl":"https:\/\/www.zerdab.com\/wp-content\/uploads\/2019\/03\/zerdab-orta-esrlerde-monoqrafiya-taleh-eliyev.jpg","width":690,"height":960,"caption":"zerdab-orta-esrlerde-monoqrafiya-taleh-eliyev"},{"@type":"BreadcrumbList","@id":"https:\/\/www.zerdab.com\/?p=26499#breadcrumb","itemListElement":[{"@type":"ListItem","position":1,"name":"Home","item":"https:\/\/www.zerdab.com\/"},{"@type":"ListItem","position":2,"name":"&#8220;Z\u0259rdab orta \u0259srl\u0259rd\u0259\u201d adl\u0131 monoqrafiya n\u0259\u015fr edilib"}]},{"@type":"WebSite","@id":"https:\/\/www.zerdab.com\/#website","url":"https:\/\/www.zerdab.com\/","name":"Z\u0259rdab.com","description":"","potentialAction":[{"@type":"SearchAction","target":{"@type":"EntryPoint","urlTemplate":"https:\/\/www.zerdab.com\/?s={search_term_string}"},"query-input":{"@type":"PropertyValueSpecification","valueRequired":true,"valueName":"search_term_string"}}],"inLanguage":"az"},{"@type":"Person","@id":"https:\/\/www.zerdab.com\/#\/schema\/person\/97079b7570c1e89ec0d9e138c3672136","name":"admin","image":{"@type":"ImageObject","inLanguage":"az","@id":"https:\/\/www.zerdab.com\/#\/schema\/person\/image\/","url":"https:\/\/secure.gravatar.com\/avatar\/d9c52a9a27c32119cb6679a077fa3e2779e5f822c451cbf01098004361d466ec?s=96&d=mm&r=g","contentUrl":"https:\/\/secure.gravatar.com\/avatar\/d9c52a9a27c32119cb6679a077fa3e2779e5f822c451cbf01098004361d466ec?s=96&d=mm&r=g","caption":"admin"},"url":"https:\/\/www.zerdab.com\/?author=1"}]}},"_links":{"self":[{"href":"https:\/\/www.zerdab.com\/index.php?rest_route=\/wp\/v2\/posts\/26499","targetHints":{"allow":["GET"]}}],"collection":[{"href":"https:\/\/www.zerdab.com\/index.php?rest_route=\/wp\/v2\/posts"}],"about":[{"href":"https:\/\/www.zerdab.com\/index.php?rest_route=\/wp\/v2\/types\/post"}],"author":[{"embeddable":true,"href":"https:\/\/www.zerdab.com\/index.php?rest_route=\/wp\/v2\/users\/1"}],"replies":[{"embeddable":true,"href":"https:\/\/www.zerdab.com\/index.php?rest_route=%2Fwp%2Fv2%2Fcomments&post=26499"}],"version-history":[{"count":3,"href":"https:\/\/www.zerdab.com\/index.php?rest_route=\/wp\/v2\/posts\/26499\/revisions"}],"predecessor-version":[{"id":31143,"href":"https:\/\/www.zerdab.com\/index.php?rest_route=\/wp\/v2\/posts\/26499\/revisions\/31143"}],"wp:featuredmedia":[{"embeddable":true,"href":"https:\/\/www.zerdab.com\/index.php?rest_route=\/wp\/v2\/media\/26500"}],"wp:attachment":[{"href":"https:\/\/www.zerdab.com\/index.php?rest_route=%2Fwp%2Fv2%2Fmedia&parent=26499"}],"wp:term":[{"taxonomy":"category","embeddable":true,"href":"https:\/\/www.zerdab.com\/index.php?rest_route=%2Fwp%2Fv2%2Fcategories&post=26499"},{"taxonomy":"post_tag","embeddable":true,"href":"https:\/\/www.zerdab.com\/index.php?rest_route=%2Fwp%2Fv2%2Ftags&post=26499"}],"curies":[{"name":"wp","href":"https:\/\/api.w.org\/{rel}","templated":true}]}}