{"id":26531,"date":"2019-03-19T15:06:48","date_gmt":"2019-03-19T11:06:48","guid":{"rendered":"http:\/\/www.zerdab.com\/?p=26531"},"modified":"2019-03-19T15:08:36","modified_gmt":"2019-03-19T11:08:36","slug":"z%c9%99rdabda-novruz-bayrami-umumrayon-s%c9%99nliyi-il%c9%99-qeyd-edilib","status":"publish","type":"post","link":"https:\/\/www.zerdab.com\/?p=26531","title":{"rendered":"Z\u0259rdabda Novruz bayram\u0131 \u00fcmumrayon \u015f\u0259nliyi il\u0259 qeyd edilib"},"content":{"rendered":"\n<p>Z\u0259rdabda Novruz bayram\u0131 m\u00fcnasib\u0259til\u0259 \u00fcmumrayon \u015f\u0259nliyi t\u0259\u015fkil olunub.<\/p>\n\n\n\n<p>Heyd\u0259r \u018fliyev park\u0131nda t\u0259\u015fkil olunan \u015f\u0259nlikd\u0259 a\u00e7\u0131lan bayram s\u00fcfr\u0259l\u0259ri, yerli m\u00fc\u0259ssis\u0259l\u0259rd\u0259 istehsal edil\u0259n m\u0259hsullar\u0131n s\u0259rgisi, milli ad\u0259t-\u0259n\u0259n\u0259l\u0259rimizin q\u0259dimliyind\u0259n soraq ver\u0259n \u0259\u015fyalarla tan\u0131\u015fl\u0131q \u015f\u0259nlik i\u015ftirak\u00e7\u0131lar\u0131nda xo\u015f hissl\u0259r yarad\u0131b. Bayram tonqal\u0131 alovland\u0131r\u0131ld\u0131qdan sonra D\u0259d\u0259 Qorqudla Bahar q\u0131z\u0131 insanlara \u0259min-amanl\u0131q, bol ruzi arzulay\u0131blar.<\/p>\n\n\n\n<p>Z\u0259rdab ictimaiyy\u0259tin\u0259 bayram t\u0259brikl\u0259rini \u00e7atd\u0131ran rayon icra hakimiyy\u0259tinin ba\u015f\u00e7\u0131s\u0131 L\u00fctv\u0259li Babayev Novruz ad\u0259tl\u0259rinin z\u0259nginliyind\u0259n, insanlara xo\u015f hissl\u0259r a\u015f\u0131lamas\u0131ndan s\u00f6z a\u00e7\u0131b. Bildirib ki, tarix boyu he\u00e7 bir q\u00fcvv\u0259 Novruz ad\u0259tl\u0259rini xalq\u0131m\u0131z\u0131n \u0259lind\u0259n alma\u011fa, q\u0259lbind\u0259n silm\u0259y\u0259 m\u00fcv\u0259ff\u0259q olmay\u0131b. Novruzun t\u0259nt\u0259n\u0259li milli bayram kimi qeyd edilm\u0259si Az\u0259rbaycan\u0131n d\u00f6vl\u0259t m\u00fcst\u0259qilliyinin xalq\u0131m\u0131za verdiyi b\u0259hr\u0259l\u0259rd\u0259n biridir. \u00dcmummilli liderimiz Heyd\u0259r \u018fliyevin r\u0259hb\u0259rliyi say\u0259sind\u0259 tarixi k\u00f6k\u00fcm\u00fcz\u0259 qay\u0131d\u0131\u015f\u0131n t\u0259zah\u00fcr\u00fc, m\u0259d\u0259niyy\u0259timizin z\u0259ngin x\u0259zin\u0259si olan Novruz bayram\u0131 t\u0259qvim\u0259 Az\u0259rbaycan Respublikas\u0131n\u0131n r\u0259smi bayramlar\u0131ndan biri kimi h\u0259mi\u015f\u0259lik d\u00fc\u015f\u00fcb.<\/p>\n\n\n\n<p>Prezident \u0130lham \u018fliyevin r\u0259hb\u0259rliyi il\u0259 xalq\u0131m\u0131z \u00f6z ad\u0259t v\u0259 \u0259n\u0259n\u0259l\u0259rin\u0259 sadiq qalaraq m\u0259n\u0259vi d\u0259y\u0259rl\u0259rimizi daim uca tutur, onlar\u0131 qoruyub saxlay\u0131r v\u0259 daha da inki\u015faf etdirir.<\/p>\n\n\n\n<figure class=\"wp-block-image\"><img decoding=\"async\" src=\"http:\/\/www.zerdab.com\/wp-content\/uploads\/2019\/03\/zerdab-rayonu-zardab-novruz-icra-hakimiyyeti-550x366.jpg\" alt=\"\" class=\"wp-image-26534\"\/><\/figure>\n\n\n\n<figure class=\"wp-block-image\"><img loading=\"lazy\" decoding=\"async\" width=\"550\" height=\"366\" src=\"http:\/\/www.zerdab.com\/wp-content\/uploads\/2019\/03\/zerdab-rayonu-zardab-novruz-icra-hakimiyyeti-tonqal-550x366.jpg\" alt=\"\" class=\"wp-image-26536\" srcset=\"https:\/\/www.zerdab.com\/wp-content\/uploads\/2019\/03\/zerdab-rayonu-zardab-novruz-icra-hakimiyyeti-tonqal-550x366.jpg 550w, https:\/\/www.zerdab.com\/wp-content\/uploads\/2019\/03\/zerdab-rayonu-zardab-novruz-icra-hakimiyyeti-tonqal-400x266.jpg 400w, https:\/\/www.zerdab.com\/wp-content\/uploads\/2019\/03\/zerdab-rayonu-zardab-novruz-icra-hakimiyyeti-tonqal-768x511.jpg 768w, https:\/\/www.zerdab.com\/wp-content\/uploads\/2019\/03\/zerdab-rayonu-zardab-novruz-icra-hakimiyyeti-tonqal-696x464.jpg 696w, https:\/\/www.zerdab.com\/wp-content\/uploads\/2019\/03\/zerdab-rayonu-zardab-novruz-icra-hakimiyyeti-tonqal-631x420.jpg 631w, https:\/\/www.zerdab.com\/wp-content\/uploads\/2019\/03\/zerdab-rayonu-zardab-novruz-icra-hakimiyyeti-tonqal.jpg 1000w\" sizes=\"auto, (max-width: 550px) 100vw, 550px\" \/><\/figure>\n\n\n\n<p>Daha sonra r\u0259qs qruplar\u0131n\u0131n, musiqi kollektivl\u0259rinin, idman\u00e7\u0131lar\u0131n, k\u0259ndirbaz\u0131n \u00e7\u0131x\u0131\u015flar\u0131, Ke\u00e7\u0259l v\u0259 Kosan\u0131n m\u0259z\u0259li oyunlar\u0131, at yar\u0131\u015flar\u0131 maraqla qar\u015f\u0131lan\u0131b. M\u0259kt\u0259blil\u0259r q\u0259dim oyunlar\u0131m\u0131z\u0131 n\u00fcmayi\u015f etdiribl\u0259r. Meydan boyu yuxa, k\u0259t\u0259, a\u015f, qutab, \u015f\u0259k\u0259rbura, paxlava bi\u015firilib. \u018fli xon\u00e7al\u0131 q\u0131zlar \u015f\u0259nlik i\u015ftirak\u00e7\u0131lar\u0131na Novruz sovqatlar\u0131 paylay\u0131blar. \u00dc\u00e7 mind\u0259n \u00e7ox s\u0259m\u0259ni il\u0259 b\u0259z\u0259dil\u0259n parkda k\u0259nd t\u0259s\u0259rr\u00fcfat\u0131 m\u0259hsullar\u0131ndan ibar\u0259t bayram yarmarkas\u0131 da t\u0259\u015fkil olunub. Z\u0259rdabda Novruz \u015f\u0259nlikl\u0259ri el g\u0259zintisi v\u0259 bayram konserti il\u0259 davam etdirilib. (Az\u0259rtac)<\/p>\n","protected":false},"excerpt":{"rendered":"<p>Z\u0259rdabda Novruz bayram\u0131 m\u00fcnasib\u0259til\u0259 \u00fcmumrayon \u015f\u0259nliyi t\u0259\u015fkil olunub. Heyd\u0259r \u018fliyev park\u0131nda t\u0259\u015fkil olunan \u015f\u0259nlikd\u0259 a\u00e7\u0131lan bayram s\u00fcfr\u0259l\u0259ri, yerli m\u00fc\u0259ssis\u0259l\u0259rd\u0259 istehsal edil\u0259n m\u0259hsullar\u0131n s\u0259rgisi, milli ad\u0259t-\u0259n\u0259n\u0259l\u0259rimizin q\u0259dimliyind\u0259n soraq ver\u0259n \u0259\u015fyalarla tan\u0131\u015fl\u0131q \u015f\u0259nlik i\u015ftirak\u00e7\u0131lar\u0131nda xo\u015f hissl\u0259r yarad\u0131b. Bayram tonqal\u0131 alovland\u0131r\u0131ld\u0131qdan sonra D\u0259d\u0259 Qorqudla Bahar q\u0131z\u0131 insanlara \u0259min-amanl\u0131q, bol ruzi arzulay\u0131blar. Z\u0259rdab ictimaiyy\u0259tin\u0259 bayram t\u0259brikl\u0259rini \u00e7atd\u0131ran rayon icra [&hellip;]<\/p>\n","protected":false},"author":1,"featured_media":0,"comment_status":"open","ping_status":"open","sticky":false,"template":"","format":"standard","meta":{"footnotes":""},"categories":[63,5],"tags":[],"class_list":{"0":"post-26531","1":"post","2":"type-post","3":"status-publish","4":"format-standard","6":"category-manset","7":"category-knd"},"yoast_head":"<!-- This site is optimized with the Yoast SEO plugin v27.0 - https:\/\/yoast.com\/product\/yoast-seo-wordpress\/ -->\n<title>Z\u0259rdabda Novruz bayram\u0131 \u00fcmumrayon \u015f\u0259nliyi il\u0259 qeyd edilib - Z\u0259rdab.com<\/title>\n<meta name=\"robots\" content=\"index, follow, max-snippet:-1, max-image-preview:large, max-video-preview:-1\" \/>\n<link rel=\"canonical\" href=\"https:\/\/www.zerdab.com\/?p=26531\" \/>\n<meta property=\"og:locale\" content=\"az_AZ\" \/>\n<meta property=\"og:type\" content=\"article\" \/>\n<meta property=\"og:title\" content=\"Z\u0259rdabda Novruz bayram\u0131 \u00fcmumrayon \u015f\u0259nliyi il\u0259 qeyd edilib - Z\u0259rdab.com\" \/>\n<meta property=\"og:description\" content=\"Z\u0259rdabda Novruz bayram\u0131 m\u00fcnasib\u0259til\u0259 \u00fcmumrayon \u015f\u0259nliyi t\u0259\u015fkil olunub. Heyd\u0259r \u018fliyev park\u0131nda t\u0259\u015fkil olunan \u015f\u0259nlikd\u0259 a\u00e7\u0131lan bayram s\u00fcfr\u0259l\u0259ri, yerli m\u00fc\u0259ssis\u0259l\u0259rd\u0259 istehsal edil\u0259n m\u0259hsullar\u0131n s\u0259rgisi, milli ad\u0259t-\u0259n\u0259n\u0259l\u0259rimizin q\u0259dimliyind\u0259n soraq ver\u0259n \u0259\u015fyalarla tan\u0131\u015fl\u0131q \u015f\u0259nlik i\u015ftirak\u00e7\u0131lar\u0131nda xo\u015f hissl\u0259r yarad\u0131b. Bayram tonqal\u0131 alovland\u0131r\u0131ld\u0131qdan sonra D\u0259d\u0259 Qorqudla Bahar q\u0131z\u0131 insanlara \u0259min-amanl\u0131q, bol ruzi arzulay\u0131blar. Z\u0259rdab ictimaiyy\u0259tin\u0259 bayram t\u0259brikl\u0259rini \u00e7atd\u0131ran rayon icra [&hellip;]\" \/>\n<meta property=\"og:url\" content=\"https:\/\/www.zerdab.com\/?p=26531\" \/>\n<meta property=\"og:site_name\" content=\"Z\u0259rdab.com\" \/>\n<meta property=\"article:published_time\" content=\"2019-03-19T11:06:48+00:00\" \/>\n<meta property=\"article:modified_time\" content=\"2019-03-19T11:08:36+00:00\" \/>\n<meta property=\"og:image\" content=\"http:\/\/www.zerdab.com\/wp-content\/uploads\/2019\/03\/zerdab-rayonu-zardab-novruz-icra-hakimiyyeti-550x366.jpg\" \/>\n<meta name=\"author\" content=\"admin\" \/>\n<meta name=\"twitter:card\" content=\"summary_large_image\" \/>\n<meta name=\"twitter:label1\" content=\"Written by\" \/>\n\t<meta name=\"twitter:data1\" content=\"admin\" \/>\n\t<meta name=\"twitter:label2\" content=\"Est. reading time\" \/>\n\t<meta name=\"twitter:data2\" content=\"2 minutes\" \/>\n<script type=\"application\/ld+json\" class=\"yoast-schema-graph\">{\"@context\":\"https:\/\/schema.org\",\"@graph\":[{\"@type\":\"Article\",\"@id\":\"https:\/\/www.zerdab.com\/?p=26531#article\",\"isPartOf\":{\"@id\":\"https:\/\/www.zerdab.com\/?p=26531\"},\"author\":{\"name\":\"admin\",\"@id\":\"https:\/\/www.zerdab.com\/#\/schema\/person\/97079b7570c1e89ec0d9e138c3672136\"},\"headline\":\"Z\u0259rdabda Novruz bayram\u0131 \u00fcmumrayon \u015f\u0259nliyi il\u0259 qeyd edilib\",\"datePublished\":\"2019-03-19T11:06:48+00:00\",\"dateModified\":\"2019-03-19T11:08:36+00:00\",\"mainEntityOfPage\":{\"@id\":\"https:\/\/www.zerdab.com\/?p=26531\"},\"wordCount\":405,\"commentCount\":0,\"image\":{\"@id\":\"https:\/\/www.zerdab.com\/?p=26531#primaryimage\"},\"thumbnailUrl\":\"http:\/\/www.zerdab.com\/wp-content\/uploads\/2019\/03\/zerdab-rayonu-zardab-novruz-icra-hakimiyyeti-550x366.jpg\",\"articleSection\":[\"MAN\u015eET\",\"X\u018fB\u018fRL\u018fR\"],\"inLanguage\":\"az\",\"potentialAction\":[{\"@type\":\"CommentAction\",\"name\":\"Comment\",\"target\":[\"https:\/\/www.zerdab.com\/?p=26531#respond\"]}]},{\"@type\":\"WebPage\",\"@id\":\"https:\/\/www.zerdab.com\/?p=26531\",\"url\":\"https:\/\/www.zerdab.com\/?p=26531\",\"name\":\"Z\u0259rdabda Novruz bayram\u0131 \u00fcmumrayon \u015f\u0259nliyi il\u0259 qeyd edilib - Z\u0259rdab.com\",\"isPartOf\":{\"@id\":\"https:\/\/www.zerdab.com\/#website\"},\"primaryImageOfPage\":{\"@id\":\"https:\/\/www.zerdab.com\/?p=26531#primaryimage\"},\"image\":{\"@id\":\"https:\/\/www.zerdab.com\/?p=26531#primaryimage\"},\"thumbnailUrl\":\"http:\/\/www.zerdab.com\/wp-content\/uploads\/2019\/03\/zerdab-rayonu-zardab-novruz-icra-hakimiyyeti-550x366.jpg\",\"datePublished\":\"2019-03-19T11:06:48+00:00\",\"dateModified\":\"2019-03-19T11:08:36+00:00\",\"author\":{\"@id\":\"https:\/\/www.zerdab.com\/#\/schema\/person\/97079b7570c1e89ec0d9e138c3672136\"},\"breadcrumb\":{\"@id\":\"https:\/\/www.zerdab.com\/?p=26531#breadcrumb\"},\"inLanguage\":\"az\",\"potentialAction\":[{\"@type\":\"ReadAction\",\"target\":[\"https:\/\/www.zerdab.com\/?p=26531\"]}]},{\"@type\":\"ImageObject\",\"inLanguage\":\"az\",\"@id\":\"https:\/\/www.zerdab.com\/?p=26531#primaryimage\",\"url\":\"\",\"contentUrl\":\"\"},{\"@type\":\"BreadcrumbList\",\"@id\":\"https:\/\/www.zerdab.com\/?p=26531#breadcrumb\",\"itemListElement\":[{\"@type\":\"ListItem\",\"position\":1,\"name\":\"Home\",\"item\":\"https:\/\/www.zerdab.com\/\"},{\"@type\":\"ListItem\",\"position\":2,\"name\":\"Z\u0259rdabda Novruz bayram\u0131 \u00fcmumrayon \u015f\u0259nliyi il\u0259 qeyd edilib\"}]},{\"@type\":\"WebSite\",\"@id\":\"https:\/\/www.zerdab.com\/#website\",\"url\":\"https:\/\/www.zerdab.com\/\",\"name\":\"Z\u0259rdab.com\",\"description\":\"\",\"potentialAction\":[{\"@type\":\"SearchAction\",\"target\":{\"@type\":\"EntryPoint\",\"urlTemplate\":\"https:\/\/www.zerdab.com\/?s={search_term_string}\"},\"query-input\":{\"@type\":\"PropertyValueSpecification\",\"valueRequired\":true,\"valueName\":\"search_term_string\"}}],\"inLanguage\":\"az\"},{\"@type\":\"Person\",\"@id\":\"https:\/\/www.zerdab.com\/#\/schema\/person\/97079b7570c1e89ec0d9e138c3672136\",\"name\":\"admin\",\"image\":{\"@type\":\"ImageObject\",\"inLanguage\":\"az\",\"@id\":\"https:\/\/www.zerdab.com\/#\/schema\/person\/image\/\",\"url\":\"https:\/\/secure.gravatar.com\/avatar\/d9c52a9a27c32119cb6679a077fa3e2779e5f822c451cbf01098004361d466ec?s=96&d=mm&r=g\",\"contentUrl\":\"https:\/\/secure.gravatar.com\/avatar\/d9c52a9a27c32119cb6679a077fa3e2779e5f822c451cbf01098004361d466ec?s=96&d=mm&r=g\",\"caption\":\"admin\"},\"url\":\"https:\/\/www.zerdab.com\/?author=1\"}]}<\/script>\n<!-- \/ Yoast SEO plugin. -->","yoast_head_json":{"title":"Z\u0259rdabda Novruz bayram\u0131 \u00fcmumrayon \u015f\u0259nliyi il\u0259 qeyd edilib - Z\u0259rdab.com","robots":{"index":"index","follow":"follow","max-snippet":"max-snippet:-1","max-image-preview":"max-image-preview:large","max-video-preview":"max-video-preview:-1"},"canonical":"https:\/\/www.zerdab.com\/?p=26531","og_locale":"az_AZ","og_type":"article","og_title":"Z\u0259rdabda Novruz bayram\u0131 \u00fcmumrayon \u015f\u0259nliyi il\u0259 qeyd edilib - Z\u0259rdab.com","og_description":"Z\u0259rdabda Novruz bayram\u0131 m\u00fcnasib\u0259til\u0259 \u00fcmumrayon \u015f\u0259nliyi t\u0259\u015fkil olunub. Heyd\u0259r \u018fliyev park\u0131nda t\u0259\u015fkil olunan \u015f\u0259nlikd\u0259 a\u00e7\u0131lan bayram s\u00fcfr\u0259l\u0259ri, yerli m\u00fc\u0259ssis\u0259l\u0259rd\u0259 istehsal edil\u0259n m\u0259hsullar\u0131n s\u0259rgisi, milli ad\u0259t-\u0259n\u0259n\u0259l\u0259rimizin q\u0259dimliyind\u0259n soraq ver\u0259n \u0259\u015fyalarla tan\u0131\u015fl\u0131q \u015f\u0259nlik i\u015ftirak\u00e7\u0131lar\u0131nda xo\u015f hissl\u0259r yarad\u0131b. Bayram tonqal\u0131 alovland\u0131r\u0131ld\u0131qdan sonra D\u0259d\u0259 Qorqudla Bahar q\u0131z\u0131 insanlara \u0259min-amanl\u0131q, bol ruzi arzulay\u0131blar. Z\u0259rdab ictimaiyy\u0259tin\u0259 bayram t\u0259brikl\u0259rini \u00e7atd\u0131ran rayon icra [&hellip;]","og_url":"https:\/\/www.zerdab.com\/?p=26531","og_site_name":"Z\u0259rdab.com","article_published_time":"2019-03-19T11:06:48+00:00","article_modified_time":"2019-03-19T11:08:36+00:00","og_image":[{"url":"http:\/\/www.zerdab.com\/wp-content\/uploads\/2019\/03\/zerdab-rayonu-zardab-novruz-icra-hakimiyyeti-550x366.jpg","type":"","width":"","height":""}],"author":"admin","twitter_card":"summary_large_image","twitter_misc":{"Written by":"admin","Est. reading time":"2 minutes"},"schema":{"@context":"https:\/\/schema.org","@graph":[{"@type":"Article","@id":"https:\/\/www.zerdab.com\/?p=26531#article","isPartOf":{"@id":"https:\/\/www.zerdab.com\/?p=26531"},"author":{"name":"admin","@id":"https:\/\/www.zerdab.com\/#\/schema\/person\/97079b7570c1e89ec0d9e138c3672136"},"headline":"Z\u0259rdabda Novruz bayram\u0131 \u00fcmumrayon \u015f\u0259nliyi il\u0259 qeyd edilib","datePublished":"2019-03-19T11:06:48+00:00","dateModified":"2019-03-19T11:08:36+00:00","mainEntityOfPage":{"@id":"https:\/\/www.zerdab.com\/?p=26531"},"wordCount":405,"commentCount":0,"image":{"@id":"https:\/\/www.zerdab.com\/?p=26531#primaryimage"},"thumbnailUrl":"http:\/\/www.zerdab.com\/wp-content\/uploads\/2019\/03\/zerdab-rayonu-zardab-novruz-icra-hakimiyyeti-550x366.jpg","articleSection":["MAN\u015eET","X\u018fB\u018fRL\u018fR"],"inLanguage":"az","potentialAction":[{"@type":"CommentAction","name":"Comment","target":["https:\/\/www.zerdab.com\/?p=26531#respond"]}]},{"@type":"WebPage","@id":"https:\/\/www.zerdab.com\/?p=26531","url":"https:\/\/www.zerdab.com\/?p=26531","name":"Z\u0259rdabda Novruz bayram\u0131 \u00fcmumrayon \u015f\u0259nliyi il\u0259 qeyd edilib - Z\u0259rdab.com","isPartOf":{"@id":"https:\/\/www.zerdab.com\/#website"},"primaryImageOfPage":{"@id":"https:\/\/www.zerdab.com\/?p=26531#primaryimage"},"image":{"@id":"https:\/\/www.zerdab.com\/?p=26531#primaryimage"},"thumbnailUrl":"http:\/\/www.zerdab.com\/wp-content\/uploads\/2019\/03\/zerdab-rayonu-zardab-novruz-icra-hakimiyyeti-550x366.jpg","datePublished":"2019-03-19T11:06:48+00:00","dateModified":"2019-03-19T11:08:36+00:00","author":{"@id":"https:\/\/www.zerdab.com\/#\/schema\/person\/97079b7570c1e89ec0d9e138c3672136"},"breadcrumb":{"@id":"https:\/\/www.zerdab.com\/?p=26531#breadcrumb"},"inLanguage":"az","potentialAction":[{"@type":"ReadAction","target":["https:\/\/www.zerdab.com\/?p=26531"]}]},{"@type":"ImageObject","inLanguage":"az","@id":"https:\/\/www.zerdab.com\/?p=26531#primaryimage","url":"","contentUrl":""},{"@type":"BreadcrumbList","@id":"https:\/\/www.zerdab.com\/?p=26531#breadcrumb","itemListElement":[{"@type":"ListItem","position":1,"name":"Home","item":"https:\/\/www.zerdab.com\/"},{"@type":"ListItem","position":2,"name":"Z\u0259rdabda Novruz bayram\u0131 \u00fcmumrayon \u015f\u0259nliyi il\u0259 qeyd edilib"}]},{"@type":"WebSite","@id":"https:\/\/www.zerdab.com\/#website","url":"https:\/\/www.zerdab.com\/","name":"Z\u0259rdab.com","description":"","potentialAction":[{"@type":"SearchAction","target":{"@type":"EntryPoint","urlTemplate":"https:\/\/www.zerdab.com\/?s={search_term_string}"},"query-input":{"@type":"PropertyValueSpecification","valueRequired":true,"valueName":"search_term_string"}}],"inLanguage":"az"},{"@type":"Person","@id":"https:\/\/www.zerdab.com\/#\/schema\/person\/97079b7570c1e89ec0d9e138c3672136","name":"admin","image":{"@type":"ImageObject","inLanguage":"az","@id":"https:\/\/www.zerdab.com\/#\/schema\/person\/image\/","url":"https:\/\/secure.gravatar.com\/avatar\/d9c52a9a27c32119cb6679a077fa3e2779e5f822c451cbf01098004361d466ec?s=96&d=mm&r=g","contentUrl":"https:\/\/secure.gravatar.com\/avatar\/d9c52a9a27c32119cb6679a077fa3e2779e5f822c451cbf01098004361d466ec?s=96&d=mm&r=g","caption":"admin"},"url":"https:\/\/www.zerdab.com\/?author=1"}]}},"_links":{"self":[{"href":"https:\/\/www.zerdab.com\/index.php?rest_route=\/wp\/v2\/posts\/26531","targetHints":{"allow":["GET"]}}],"collection":[{"href":"https:\/\/www.zerdab.com\/index.php?rest_route=\/wp\/v2\/posts"}],"about":[{"href":"https:\/\/www.zerdab.com\/index.php?rest_route=\/wp\/v2\/types\/post"}],"author":[{"embeddable":true,"href":"https:\/\/www.zerdab.com\/index.php?rest_route=\/wp\/v2\/users\/1"}],"replies":[{"embeddable":true,"href":"https:\/\/www.zerdab.com\/index.php?rest_route=%2Fwp%2Fv2%2Fcomments&post=26531"}],"version-history":[{"count":3,"href":"https:\/\/www.zerdab.com\/index.php?rest_route=\/wp\/v2\/posts\/26531\/revisions"}],"predecessor-version":[{"id":26537,"href":"https:\/\/www.zerdab.com\/index.php?rest_route=\/wp\/v2\/posts\/26531\/revisions\/26537"}],"wp:attachment":[{"href":"https:\/\/www.zerdab.com\/index.php?rest_route=%2Fwp%2Fv2%2Fmedia&parent=26531"}],"wp:term":[{"taxonomy":"category","embeddable":true,"href":"https:\/\/www.zerdab.com\/index.php?rest_route=%2Fwp%2Fv2%2Fcategories&post=26531"},{"taxonomy":"post_tag","embeddable":true,"href":"https:\/\/www.zerdab.com\/index.php?rest_route=%2Fwp%2Fv2%2Ftags&post=26531"}],"curies":[{"name":"wp","href":"https:\/\/api.w.org\/{rel}","templated":true}]}}