{"id":26554,"date":"2019-03-26T18:37:57","date_gmt":"2019-03-26T14:37:57","guid":{"rendered":"http:\/\/www.zerdab.com\/?p=26554"},"modified":"2019-03-26T18:37:59","modified_gmt":"2019-03-26T14:37:59","slug":"deputat-jal%c9%99-%c9%99liyeva-z%c9%99rdabda-secicil%c9%99rin-novb%c9%99ti-q%c9%99bulunu-kecirib-fotolar","status":"publish","type":"post","link":"https:\/\/www.zerdab.com\/?p=26554","title":{"rendered":"Deputat Jal\u0259 \u018fliyeva Z\u0259rdabda se\u00e7icil\u0259rin n\u00f6vb\u0259ti q\u0259bulunu ke\u00e7irib \u2013 Fotolar"},"content":{"rendered":"\n<p><strong>Z\u0259rdab-Ucar se\u00e7ki dair\u0259sind\u0259n mill\u0259t v\u0259kili, professor Jal\u0259 \u018fliyeva Novruz bayram\u0131 g\u00fcnl\u0259rind\u0259 t\u0259msil\u00e7isi oldu\u011fu Z\u0259rdab rayonunda se\u00e7icil\u0259rl\u0259 n\u00f6vb\u0259ti g\u00f6r\u00fc\u015f\u00fcn\u00fc ke\u00e7irib.<\/strong> <br><strong>Zerdab.com<\/strong>\u00a0sayt\u0131 x\u0259b\u0259r verir ki, g\u00f6r\u00fc\u015fd\u0259 \u00f6lk\u0259 Prezidenti \u0130lham \u018fliyevin son aylardak\u0131 f\u0259rman v\u0259 s\u0259r\u0259ncamlar\u0131ndan, \u00f6lk\u0259nin b\u00fct\u00fcn v\u0259t\u0259nda\u015flar\u0131n\u0131 v\u0259 t\u0259b\u0259q\u0259l\u0259rini \u0259hat\u0259 ed\u0259n add\u0131mlar\u0131ndan, \u0259halinin g\u00fcz\u0259ran\u0131n\u0131n, ya\u015fay\u0131\u015f\u0131n\u0131n yax\u015f\u0131la\u015fd\u0131r\u0131lmas\u0131na y\u00f6n\u0259lik q\u0259rarlar\u0131ndan m\u0259mnuniyy\u0259t ifad\u0259 edilib.  <br>Eyni zamanda, g\u00f6r\u00fc\u015fd\u0259 se\u00e7icil\u0259r t\u0259r\u0259find\u0259n b\u0259zi m\u0259s\u0259l\u0259l\u0259r qald\u0131r\u0131l\u0131b ki, onlar\u0131n h\u0259lli \u00fc\u00e7\u00fcn deputat t\u0259r\u0259find\u0259n add\u0131mlar at\u0131l\u0131b. <\/p>\n\n\n\n<figure class=\"wp-block-image\"><img decoding=\"async\" src=\"http:\/\/www.zerdab.com\/wp-content\/uploads\/2019\/03\/jale-eliyeva-firdovsi-eyvazadov-zerdab-deputat2-413x550.jpg\" alt=\"\" class=\"wp-image-26546\"\/><\/figure>\n\n\n\n<p>Qeyd ed\u0259k ki, g\u00f6r\u00fc\u015fd\u0259 qald\u0131r\u0131lan m\u0259s\u0259l\u0259l\u0259r \u0259sas\u0259n sosial m\u00fcavin\u0259tl\u0259rin \u00f6d\u0259nilm\u0259sind\u0259ki yeni qaydalarla ba\u011fl\u0131 yaranan b\u0259zi anla\u015f\u0131lmazl\u0131qlar\u0131n aradan qald\u0131r\u0131lmas\u0131ndan, \u0259haliy\u0259 bir daha bu haqda maarifl\u0259ndirici m\u0259lumatlar verilm\u0259sind\u0259n ibar\u0259t olub.<\/p>\n\n\n\n<figure class=\"wp-block-image\"><img decoding=\"async\" src=\"http:\/\/www.zerdab.com\/wp-content\/uploads\/2019\/03\/jale-eliyeva-firdovsi-eyvazadov-zerdab-deputat1-413x550.jpg\" alt=\"\" class=\"wp-image-26544\"\/><\/figure>\n\n\n\n<p>El\u0259 yerind\u0259c\u0259 \u018fm\u0259k v\u0259 \u018fhalinin Sosial M\u00fcdafi\u0259si Nazirliyinin s\u0259lahiyy\u0259tli \u015f\u0259xsl\u0259ri il\u0259 \u0259laq\u0259 saxlan\u0131l\u0131b, se\u00e7icil\u0259rin suallar\u0131 cavabland\u0131r\u0131l\u0131b v\u0259 a\u00e7\u0131q qalan m\u0259s\u0259l\u0259l\u0259rin h\u0259lli istiqam\u0259tind\u0259 dig\u0259r i\u015fl\u0259r g\u00f6r\u00fcl\u00fcb.<\/p>\n\n\n\n<p>G\u00f6r\u00fc\u015fd\u0259 daha sonra mill\u0259t v\u0259kilin\u0259 i\u015f, ev t\u0259minat\u0131 il\u0259 ba\u011fl\u0131 m\u00fcraci\u0259tl\u0259r olub.<\/p>\n\n\n\n<p>Se\u00e7icil\u0259r t\u0259r\u0259find\u0259n deputatdan \u015f\u0259hidlik statusunun verilm\u0259si il\u0259 ba\u011fl\u0131 \u00fcz\u0259 \u00e7\u0131xan probleml\u0259rin h\u0259llin\u0259 yard\u0131m\u00e7\u0131 olmas\u0131 xahi\u015f edilib.<\/p>\n\n\n\n<figure class=\"wp-block-image\"><img decoding=\"async\" src=\"http:\/\/www.zerdab.com\/wp-content\/uploads\/2019\/03\/jale-eliyeva-firdovsi-eyvazadov-zerdab-deputat3-413x550.jpg\" alt=\"\" class=\"wp-image-26548\"\/><\/figure>\n\n\n\n<p>G\u00f6r\u00fc\u015fd\u0259 mill\u0259t v\u0259kilind\u0259n \u00f6t\u0259n \u0259srin 90-c\u0131 ill\u0259rind\u0259 c\u0259bh\u0259 b\u00f6lg\u0259sind\u0259 h\u0259lak olan v\u0259t\u0259nda\u015flardan, \u0259sg\u0259rl\u0259rd\u0259n b\u0259zil\u0259rinin bug\u00fcn\u0259d\u0259k \u015f\u0259hidlik statusunu ala bilm\u0259m\u0259si, onlar\u0131n \u015f\u0259hid kimi deyil, sad\u0259c\u0259, x\u0259st\u0259likd\u0259n v\u0259 ya ba\u015fqa s\u0259b\u0259bd\u0259n v\u0259fat etm\u0259sinin \u0259sas g\u0259tirilm\u0259si, \u015f\u0259hidlik statusunun \u015famil edilm\u0259m\u0259si il\u0259 ba\u011fl\u0131 m\u0259s\u0259l\u0259nin ara\u015fd\u0131r\u0131lmas\u0131 xahi\u015f edilib.<\/p>\n\n\n\n<p>Bununla b\u0259rab\u0259r, g\u00f6r\u00fc\u015fd\u0259 bir ne\u00e7\u0259 k\u0259ndin qazla\u015fd\u0131r\u0131lmas\u0131nda h\u0259l\u0259 d\u0259 probleml\u0259rin oldu\u011fu dil\u0259 g\u0259tirilib.<\/p>\n\n\n\n<p>Bel\u0259 ki, bu g\u00fcn\u0259 kimi, Z\u0259rdab rayonunun 37 ya\u015fay\u0131\u015f m\u0259nt\u0259q\u0259sind\u0259n 32-si qazla\u015fd\u0131r\u0131l\u0131b, 5 k\u0259ndin qazla\u015fd\u0131r\u0131lmas\u0131 is\u0259 h\u0259l\u0259 h\u0259yata ke\u00e7irilm\u0259yib.<\/p>\n\n\n\n<p>Yeri g\u0259lmi\u015fk\u0259n, deputat h\u00f6kum\u0259tin son hesabat\u0131nda (15 mart tarixind\u0259) bu m\u0259s\u0259l\u0259ni, yerd\u0259 qalan 5 k\u0259ndin d\u0259 qazla\u015fd\u0131r\u0131lmas\u0131 m\u0259s\u0259l\u0259sini s\u0259sl\u0259ndirib, h\u00f6kum\u0259tin diqq\u0259tin\u0259 \u00e7atd\u0131r\u0131b.<\/p>\n\n\n\n<p>Deputat g\u00f6r\u00fc\u015f zaman\u0131 bir daha bu m\u0259s\u0259l\u0259nin art\u0131q h\u0259m h\u00f6kum\u0259tin, h\u0259m d\u0259 parlamentin diqq\u0259tind\u0259 oldu\u011funu diqq\u0259t\u0259 \u00e7atd\u0131r\u0131b.<\/p>\n\n\n\n<p>G\u00f6r\u00fc\u015fd\u0259 h\u0259m\u00e7inin, m\u0259h\u0259lli xarakterli m\u0259s\u0259l\u0259l\u0259rin, qon\u015fular aras\u0131nda \u0259kin-bi\u00e7in sah\u0259l\u0259rinin suvar\u0131lmas\u0131 zaman\u0131 m\u00fc\u0259yy\u0259n g\u0259rginlikl\u0259rin ya\u015fanmas\u0131 il\u0259 ba\u011fl\u0131, o c\u00fcml\u0259d\u0259n, yol probleml\u0259rinin h\u0259lli il\u0259 \u0259laq\u0259dar m\u00fcvafiq instansiyalara m\u00fcraci\u0259t edilib.<\/p>\n\n\n\n<p>\u00dcmumilikd\u0259 g\u00f6r\u00fc\u015f (q\u0259bul) zaman\u0131 30-a yax\u0131n v\u0259t\u0259nda\u015f q\u0259bul edilib, dinl\u0259nilib.<\/p>\n\n\n\n<p><em><strong>\u201c\u00dcmumi \u0259hval-ruhiyy\u0259, ab-hava bayram ab-havas\u0131 idi v\u0259 v\u0259t\u0259nda\u015flar\u0131m\u0131z, se\u00e7icil\u0259r b\u00f6y\u00fck bir ruh y\u00fcks\u0259kliyi il\u0259 g\u00f6r\u00fc\u015f\u0259 g\u0259lmi\u015fdil\u0259r. Onlar g\u00f6r\u00fcl\u0259n b\u00fct\u00fcn i\u015fl\u0259rd\u0259n, \u00f6lk\u0259d\u0259 ged\u0259n b\u00f6y\u00fck islahatlardan \u00e7ox b\u00f6y\u00fck bir m\u0259mnunluq ifad\u0259 edirdil\u0259r. Bir daha qeyd etm\u0259k ist\u0259yir\u0259m ki, se\u00e7icil\u0259r, v\u0259t\u0259nda\u015flar bu g\u00fcn\u0259 q\u0259d\u0259r oldu\u011fu kimi, bundan sonra da bu \u00f6lk\u0259nin v\u0259t\u0259nda\u015f\u0131 &nbsp;v\u0259 bu \u00f6lk\u0259nin prezidentinin h\u0259r bir zaman yan\u0131nda olmaqdan q\u00fcrur duyduqlar\u0131n\u0131 ifad\u0259 edirdil\u0259r\u2026\u201d.<\/strong><\/em><\/p>\n\n\n\n<p>Bunu is\u0259 q\u0131sa a\u00e7\u0131qlamas\u0131nda mill\u0259t v\u0259kilinin \u00f6z\u00fc bildirib.<\/p>\n","protected":false},"excerpt":{"rendered":"<p>Z\u0259rdab-Ucar se\u00e7ki dair\u0259sind\u0259n mill\u0259t v\u0259kili, professor Jal\u0259 \u018fliyeva Novruz bayram\u0131 g\u00fcnl\u0259rind\u0259 t\u0259msil\u00e7isi oldu\u011fu Z\u0259rdab rayonunda se\u00e7icil\u0259rl\u0259 n\u00f6vb\u0259ti g\u00f6r\u00fc\u015f\u00fcn\u00fc ke\u00e7irib. Zerdab.com\u00a0sayt\u0131 x\u0259b\u0259r verir ki, g\u00f6r\u00fc\u015fd\u0259 \u00f6lk\u0259 Prezidenti \u0130lham \u018fliyevin son aylardak\u0131 f\u0259rman v\u0259 s\u0259r\u0259ncamlar\u0131ndan, \u00f6lk\u0259nin b\u00fct\u00fcn v\u0259t\u0259nda\u015flar\u0131n\u0131 v\u0259 t\u0259b\u0259q\u0259l\u0259rini \u0259hat\u0259 ed\u0259n add\u0131mlar\u0131ndan, \u0259halinin g\u00fcz\u0259ran\u0131n\u0131n, ya\u015fay\u0131\u015f\u0131n\u0131n yax\u015f\u0131la\u015fd\u0131r\u0131lmas\u0131na y\u00f6n\u0259lik q\u0259rarlar\u0131ndan m\u0259mnuniyy\u0259t ifad\u0259 edilib. Eyni zamanda, g\u00f6r\u00fc\u015fd\u0259 se\u00e7icil\u0259r t\u0259r\u0259find\u0259n [&hellip;]<\/p>\n","protected":false},"author":1,"featured_media":0,"comment_status":"open","ping_status":"open","sticky":false,"template":"","format":"standard","meta":{"footnotes":""},"categories":[21,63],"tags":[],"class_list":{"0":"post-26554","1":"post","2":"type-post","3":"status-publish","4":"format-standard","6":"category-zrdab","7":"category-manset"},"yoast_head":"<!-- This site is optimized with the Yoast SEO plugin v27.0 - https:\/\/yoast.com\/product\/yoast-seo-wordpress\/ -->\n<title>Deputat Jal\u0259 \u018fliyeva Z\u0259rdabda se\u00e7icil\u0259rin n\u00f6vb\u0259ti q\u0259bulunu ke\u00e7irib \u2013 Fotolar - Z\u0259rdab.com<\/title>\n<meta name=\"robots\" content=\"index, follow, max-snippet:-1, max-image-preview:large, max-video-preview:-1\" \/>\n<link rel=\"canonical\" href=\"https:\/\/www.zerdab.com\/?p=26554\" \/>\n<meta property=\"og:locale\" content=\"az_AZ\" \/>\n<meta property=\"og:type\" content=\"article\" \/>\n<meta property=\"og:title\" content=\"Deputat Jal\u0259 \u018fliyeva Z\u0259rdabda se\u00e7icil\u0259rin n\u00f6vb\u0259ti q\u0259bulunu ke\u00e7irib \u2013 Fotolar - Z\u0259rdab.com\" \/>\n<meta property=\"og:description\" content=\"Z\u0259rdab-Ucar se\u00e7ki dair\u0259sind\u0259n mill\u0259t v\u0259kili, professor Jal\u0259 \u018fliyeva Novruz bayram\u0131 g\u00fcnl\u0259rind\u0259 t\u0259msil\u00e7isi oldu\u011fu Z\u0259rdab rayonunda se\u00e7icil\u0259rl\u0259 n\u00f6vb\u0259ti g\u00f6r\u00fc\u015f\u00fcn\u00fc ke\u00e7irib. Zerdab.com\u00a0sayt\u0131 x\u0259b\u0259r verir ki, g\u00f6r\u00fc\u015fd\u0259 \u00f6lk\u0259 Prezidenti \u0130lham \u018fliyevin son aylardak\u0131 f\u0259rman v\u0259 s\u0259r\u0259ncamlar\u0131ndan, \u00f6lk\u0259nin b\u00fct\u00fcn v\u0259t\u0259nda\u015flar\u0131n\u0131 v\u0259 t\u0259b\u0259q\u0259l\u0259rini \u0259hat\u0259 ed\u0259n add\u0131mlar\u0131ndan, \u0259halinin g\u00fcz\u0259ran\u0131n\u0131n, ya\u015fay\u0131\u015f\u0131n\u0131n yax\u015f\u0131la\u015fd\u0131r\u0131lmas\u0131na y\u00f6n\u0259lik q\u0259rarlar\u0131ndan m\u0259mnuniyy\u0259t ifad\u0259 edilib. Eyni zamanda, g\u00f6r\u00fc\u015fd\u0259 se\u00e7icil\u0259r t\u0259r\u0259find\u0259n [&hellip;]\" \/>\n<meta property=\"og:url\" content=\"https:\/\/www.zerdab.com\/?p=26554\" \/>\n<meta property=\"og:site_name\" content=\"Z\u0259rdab.com\" \/>\n<meta property=\"article:published_time\" content=\"2019-03-26T14:37:57+00:00\" \/>\n<meta property=\"article:modified_time\" content=\"2019-03-26T14:37:59+00:00\" \/>\n<meta property=\"og:image\" content=\"http:\/\/www.zerdab.com\/wp-content\/uploads\/2019\/03\/jale-eliyeva-firdovsi-eyvazadov-zerdab-deputat2-413x550.jpg\" \/>\n<meta name=\"author\" content=\"admin\" \/>\n<meta name=\"twitter:card\" content=\"summary_large_image\" \/>\n<meta name=\"twitter:label1\" content=\"Written by\" \/>\n\t<meta name=\"twitter:data1\" content=\"admin\" \/>\n\t<meta name=\"twitter:label2\" content=\"Est. reading time\" \/>\n\t<meta name=\"twitter:data2\" content=\"4 minutes\" \/>\n<script type=\"application\/ld+json\" class=\"yoast-schema-graph\">{\"@context\":\"https:\/\/schema.org\",\"@graph\":[{\"@type\":\"Article\",\"@id\":\"https:\/\/www.zerdab.com\/?p=26554#article\",\"isPartOf\":{\"@id\":\"https:\/\/www.zerdab.com\/?p=26554\"},\"author\":{\"name\":\"admin\",\"@id\":\"https:\/\/www.zerdab.com\/#\/schema\/person\/97079b7570c1e89ec0d9e138c3672136\"},\"headline\":\"Deputat Jal\u0259 \u018fliyeva Z\u0259rdabda se\u00e7icil\u0259rin n\u00f6vb\u0259ti q\u0259bulunu ke\u00e7irib \u2013 Fotolar\",\"datePublished\":\"2019-03-26T14:37:57+00:00\",\"dateModified\":\"2019-03-26T14:37:59+00:00\",\"mainEntityOfPage\":{\"@id\":\"https:\/\/www.zerdab.com\/?p=26554\"},\"wordCount\":750,\"commentCount\":0,\"image\":{\"@id\":\"https:\/\/www.zerdab.com\/?p=26554#primaryimage\"},\"thumbnailUrl\":\"http:\/\/www.zerdab.com\/wp-content\/uploads\/2019\/03\/jale-eliyeva-firdovsi-eyvazadov-zerdab-deputat2-413x550.jpg\",\"articleSection\":[\"C\u018fM\u0130YY\u018fT\",\"MAN\u015eET\"],\"inLanguage\":\"az\",\"potentialAction\":[{\"@type\":\"CommentAction\",\"name\":\"Comment\",\"target\":[\"https:\/\/www.zerdab.com\/?p=26554#respond\"]}]},{\"@type\":\"WebPage\",\"@id\":\"https:\/\/www.zerdab.com\/?p=26554\",\"url\":\"https:\/\/www.zerdab.com\/?p=26554\",\"name\":\"Deputat Jal\u0259 \u018fliyeva Z\u0259rdabda se\u00e7icil\u0259rin n\u00f6vb\u0259ti q\u0259bulunu ke\u00e7irib \u2013 Fotolar - Z\u0259rdab.com\",\"isPartOf\":{\"@id\":\"https:\/\/www.zerdab.com\/#website\"},\"primaryImageOfPage\":{\"@id\":\"https:\/\/www.zerdab.com\/?p=26554#primaryimage\"},\"image\":{\"@id\":\"https:\/\/www.zerdab.com\/?p=26554#primaryimage\"},\"thumbnailUrl\":\"http:\/\/www.zerdab.com\/wp-content\/uploads\/2019\/03\/jale-eliyeva-firdovsi-eyvazadov-zerdab-deputat2-413x550.jpg\",\"datePublished\":\"2019-03-26T14:37:57+00:00\",\"dateModified\":\"2019-03-26T14:37:59+00:00\",\"author\":{\"@id\":\"https:\/\/www.zerdab.com\/#\/schema\/person\/97079b7570c1e89ec0d9e138c3672136\"},\"breadcrumb\":{\"@id\":\"https:\/\/www.zerdab.com\/?p=26554#breadcrumb\"},\"inLanguage\":\"az\",\"potentialAction\":[{\"@type\":\"ReadAction\",\"target\":[\"https:\/\/www.zerdab.com\/?p=26554\"]}]},{\"@type\":\"ImageObject\",\"inLanguage\":\"az\",\"@id\":\"https:\/\/www.zerdab.com\/?p=26554#primaryimage\",\"url\":\"\",\"contentUrl\":\"\"},{\"@type\":\"BreadcrumbList\",\"@id\":\"https:\/\/www.zerdab.com\/?p=26554#breadcrumb\",\"itemListElement\":[{\"@type\":\"ListItem\",\"position\":1,\"name\":\"Home\",\"item\":\"https:\/\/www.zerdab.com\/\"},{\"@type\":\"ListItem\",\"position\":2,\"name\":\"Deputat Jal\u0259 \u018fliyeva Z\u0259rdabda se\u00e7icil\u0259rin n\u00f6vb\u0259ti q\u0259bulunu ke\u00e7irib \u2013 Fotolar\"}]},{\"@type\":\"WebSite\",\"@id\":\"https:\/\/www.zerdab.com\/#website\",\"url\":\"https:\/\/www.zerdab.com\/\",\"name\":\"Z\u0259rdab.com\",\"description\":\"\",\"potentialAction\":[{\"@type\":\"SearchAction\",\"target\":{\"@type\":\"EntryPoint\",\"urlTemplate\":\"https:\/\/www.zerdab.com\/?s={search_term_string}\"},\"query-input\":{\"@type\":\"PropertyValueSpecification\",\"valueRequired\":true,\"valueName\":\"search_term_string\"}}],\"inLanguage\":\"az\"},{\"@type\":\"Person\",\"@id\":\"https:\/\/www.zerdab.com\/#\/schema\/person\/97079b7570c1e89ec0d9e138c3672136\",\"name\":\"admin\",\"image\":{\"@type\":\"ImageObject\",\"inLanguage\":\"az\",\"@id\":\"https:\/\/www.zerdab.com\/#\/schema\/person\/image\/\",\"url\":\"https:\/\/secure.gravatar.com\/avatar\/d9c52a9a27c32119cb6679a077fa3e2779e5f822c451cbf01098004361d466ec?s=96&d=mm&r=g\",\"contentUrl\":\"https:\/\/secure.gravatar.com\/avatar\/d9c52a9a27c32119cb6679a077fa3e2779e5f822c451cbf01098004361d466ec?s=96&d=mm&r=g\",\"caption\":\"admin\"},\"url\":\"https:\/\/www.zerdab.com\/?author=1\"}]}<\/script>\n<!-- \/ Yoast SEO plugin. -->","yoast_head_json":{"title":"Deputat Jal\u0259 \u018fliyeva Z\u0259rdabda se\u00e7icil\u0259rin n\u00f6vb\u0259ti q\u0259bulunu ke\u00e7irib \u2013 Fotolar - Z\u0259rdab.com","robots":{"index":"index","follow":"follow","max-snippet":"max-snippet:-1","max-image-preview":"max-image-preview:large","max-video-preview":"max-video-preview:-1"},"canonical":"https:\/\/www.zerdab.com\/?p=26554","og_locale":"az_AZ","og_type":"article","og_title":"Deputat Jal\u0259 \u018fliyeva Z\u0259rdabda se\u00e7icil\u0259rin n\u00f6vb\u0259ti q\u0259bulunu ke\u00e7irib \u2013 Fotolar - Z\u0259rdab.com","og_description":"Z\u0259rdab-Ucar se\u00e7ki dair\u0259sind\u0259n mill\u0259t v\u0259kili, professor Jal\u0259 \u018fliyeva Novruz bayram\u0131 g\u00fcnl\u0259rind\u0259 t\u0259msil\u00e7isi oldu\u011fu Z\u0259rdab rayonunda se\u00e7icil\u0259rl\u0259 n\u00f6vb\u0259ti g\u00f6r\u00fc\u015f\u00fcn\u00fc ke\u00e7irib. Zerdab.com\u00a0sayt\u0131 x\u0259b\u0259r verir ki, g\u00f6r\u00fc\u015fd\u0259 \u00f6lk\u0259 Prezidenti \u0130lham \u018fliyevin son aylardak\u0131 f\u0259rman v\u0259 s\u0259r\u0259ncamlar\u0131ndan, \u00f6lk\u0259nin b\u00fct\u00fcn v\u0259t\u0259nda\u015flar\u0131n\u0131 v\u0259 t\u0259b\u0259q\u0259l\u0259rini \u0259hat\u0259 ed\u0259n add\u0131mlar\u0131ndan, \u0259halinin g\u00fcz\u0259ran\u0131n\u0131n, ya\u015fay\u0131\u015f\u0131n\u0131n yax\u015f\u0131la\u015fd\u0131r\u0131lmas\u0131na y\u00f6n\u0259lik q\u0259rarlar\u0131ndan m\u0259mnuniyy\u0259t ifad\u0259 edilib. Eyni zamanda, g\u00f6r\u00fc\u015fd\u0259 se\u00e7icil\u0259r t\u0259r\u0259find\u0259n [&hellip;]","og_url":"https:\/\/www.zerdab.com\/?p=26554","og_site_name":"Z\u0259rdab.com","article_published_time":"2019-03-26T14:37:57+00:00","article_modified_time":"2019-03-26T14:37:59+00:00","og_image":[{"url":"http:\/\/www.zerdab.com\/wp-content\/uploads\/2019\/03\/jale-eliyeva-firdovsi-eyvazadov-zerdab-deputat2-413x550.jpg","type":"","width":"","height":""}],"author":"admin","twitter_card":"summary_large_image","twitter_misc":{"Written by":"admin","Est. reading time":"4 minutes"},"schema":{"@context":"https:\/\/schema.org","@graph":[{"@type":"Article","@id":"https:\/\/www.zerdab.com\/?p=26554#article","isPartOf":{"@id":"https:\/\/www.zerdab.com\/?p=26554"},"author":{"name":"admin","@id":"https:\/\/www.zerdab.com\/#\/schema\/person\/97079b7570c1e89ec0d9e138c3672136"},"headline":"Deputat Jal\u0259 \u018fliyeva Z\u0259rdabda se\u00e7icil\u0259rin n\u00f6vb\u0259ti q\u0259bulunu ke\u00e7irib \u2013 Fotolar","datePublished":"2019-03-26T14:37:57+00:00","dateModified":"2019-03-26T14:37:59+00:00","mainEntityOfPage":{"@id":"https:\/\/www.zerdab.com\/?p=26554"},"wordCount":750,"commentCount":0,"image":{"@id":"https:\/\/www.zerdab.com\/?p=26554#primaryimage"},"thumbnailUrl":"http:\/\/www.zerdab.com\/wp-content\/uploads\/2019\/03\/jale-eliyeva-firdovsi-eyvazadov-zerdab-deputat2-413x550.jpg","articleSection":["C\u018fM\u0130YY\u018fT","MAN\u015eET"],"inLanguage":"az","potentialAction":[{"@type":"CommentAction","name":"Comment","target":["https:\/\/www.zerdab.com\/?p=26554#respond"]}]},{"@type":"WebPage","@id":"https:\/\/www.zerdab.com\/?p=26554","url":"https:\/\/www.zerdab.com\/?p=26554","name":"Deputat Jal\u0259 \u018fliyeva Z\u0259rdabda se\u00e7icil\u0259rin n\u00f6vb\u0259ti q\u0259bulunu ke\u00e7irib \u2013 Fotolar - Z\u0259rdab.com","isPartOf":{"@id":"https:\/\/www.zerdab.com\/#website"},"primaryImageOfPage":{"@id":"https:\/\/www.zerdab.com\/?p=26554#primaryimage"},"image":{"@id":"https:\/\/www.zerdab.com\/?p=26554#primaryimage"},"thumbnailUrl":"http:\/\/www.zerdab.com\/wp-content\/uploads\/2019\/03\/jale-eliyeva-firdovsi-eyvazadov-zerdab-deputat2-413x550.jpg","datePublished":"2019-03-26T14:37:57+00:00","dateModified":"2019-03-26T14:37:59+00:00","author":{"@id":"https:\/\/www.zerdab.com\/#\/schema\/person\/97079b7570c1e89ec0d9e138c3672136"},"breadcrumb":{"@id":"https:\/\/www.zerdab.com\/?p=26554#breadcrumb"},"inLanguage":"az","potentialAction":[{"@type":"ReadAction","target":["https:\/\/www.zerdab.com\/?p=26554"]}]},{"@type":"ImageObject","inLanguage":"az","@id":"https:\/\/www.zerdab.com\/?p=26554#primaryimage","url":"","contentUrl":""},{"@type":"BreadcrumbList","@id":"https:\/\/www.zerdab.com\/?p=26554#breadcrumb","itemListElement":[{"@type":"ListItem","position":1,"name":"Home","item":"https:\/\/www.zerdab.com\/"},{"@type":"ListItem","position":2,"name":"Deputat Jal\u0259 \u018fliyeva Z\u0259rdabda se\u00e7icil\u0259rin n\u00f6vb\u0259ti q\u0259bulunu ke\u00e7irib \u2013 Fotolar"}]},{"@type":"WebSite","@id":"https:\/\/www.zerdab.com\/#website","url":"https:\/\/www.zerdab.com\/","name":"Z\u0259rdab.com","description":"","potentialAction":[{"@type":"SearchAction","target":{"@type":"EntryPoint","urlTemplate":"https:\/\/www.zerdab.com\/?s={search_term_string}"},"query-input":{"@type":"PropertyValueSpecification","valueRequired":true,"valueName":"search_term_string"}}],"inLanguage":"az"},{"@type":"Person","@id":"https:\/\/www.zerdab.com\/#\/schema\/person\/97079b7570c1e89ec0d9e138c3672136","name":"admin","image":{"@type":"ImageObject","inLanguage":"az","@id":"https:\/\/www.zerdab.com\/#\/schema\/person\/image\/","url":"https:\/\/secure.gravatar.com\/avatar\/d9c52a9a27c32119cb6679a077fa3e2779e5f822c451cbf01098004361d466ec?s=96&d=mm&r=g","contentUrl":"https:\/\/secure.gravatar.com\/avatar\/d9c52a9a27c32119cb6679a077fa3e2779e5f822c451cbf01098004361d466ec?s=96&d=mm&r=g","caption":"admin"},"url":"https:\/\/www.zerdab.com\/?author=1"}]}},"_links":{"self":[{"href":"https:\/\/www.zerdab.com\/index.php?rest_route=\/wp\/v2\/posts\/26554","targetHints":{"allow":["GET"]}}],"collection":[{"href":"https:\/\/www.zerdab.com\/index.php?rest_route=\/wp\/v2\/posts"}],"about":[{"href":"https:\/\/www.zerdab.com\/index.php?rest_route=\/wp\/v2\/types\/post"}],"author":[{"embeddable":true,"href":"https:\/\/www.zerdab.com\/index.php?rest_route=\/wp\/v2\/users\/1"}],"replies":[{"embeddable":true,"href":"https:\/\/www.zerdab.com\/index.php?rest_route=%2Fwp%2Fv2%2Fcomments&post=26554"}],"version-history":[{"count":1,"href":"https:\/\/www.zerdab.com\/index.php?rest_route=\/wp\/v2\/posts\/26554\/revisions"}],"predecessor-version":[{"id":26555,"href":"https:\/\/www.zerdab.com\/index.php?rest_route=\/wp\/v2\/posts\/26554\/revisions\/26555"}],"wp:attachment":[{"href":"https:\/\/www.zerdab.com\/index.php?rest_route=%2Fwp%2Fv2%2Fmedia&parent=26554"}],"wp:term":[{"taxonomy":"category","embeddable":true,"href":"https:\/\/www.zerdab.com\/index.php?rest_route=%2Fwp%2Fv2%2Fcategories&post=26554"},{"taxonomy":"post_tag","embeddable":true,"href":"https:\/\/www.zerdab.com\/index.php?rest_route=%2Fwp%2Fv2%2Ftags&post=26554"}],"curies":[{"name":"wp","href":"https:\/\/api.w.org\/{rel}","templated":true}]}}