{"id":26561,"date":"2019-03-27T10:26:09","date_gmt":"2019-03-27T06:26:09","guid":{"rendered":"http:\/\/www.zerdab.com\/?p=26561"},"modified":"2019-03-27T10:27:26","modified_gmt":"2019-03-27T06:27:26","slug":"z%c9%99rdabdan-prezident%c9%99-m%c9%99ktub-i-qrup-%c9%99lil-yazir","status":"publish","type":"post","link":"https:\/\/www.zerdab.com\/?p=26561","title":{"rendered":"Z\u0259rdabdan Prezident\u0259 m\u0259ktub &#8211; I qrup \u0259lil yaz\u0131r"},"content":{"rendered":"\n<p><em>\u00d6t\u0259n ilin aprel ay\u0131ndan ba\u015flayaraq h\u0259yata ke\u00e7iril\u0259n islahatlarla ba\u011fl\u0131 Prezident \u0130lham \u018fliyevin r\u0259smi elektron po\u00e7tuna Az\u0259rbaycan\u0131n m\u00fcxt\u0259lif b\u00f6lg\u0259l\u0259rind\u0259n m\u0259ktublar\u00a0g\u0259lir.<\/em><\/p>\n\n\n\n<p><em>V\u0259t\u0259nda\u015flar bu m\u0259ktublarda ke\u00e7iril\u0259n \u00e7oxt\u0259r\u0259fli islahatlarla ba\u011fl\u0131\u00a0minn\u0259tdarl\u0131q ifad\u0259 edirl\u0259r. <strong>Zerdab.com<\/strong> sayt\u0131 Z\u0259rdab <\/em>rayonundan\u00a0<strong>Ruhiyy\u0259 A\u011fayeva<\/strong>n\u0131n\u00a0yazd\u0131\u011f\u0131 m\u0259ktubu oldu\u011fu kimi t\u0259qdim edir:<\/p>\n\n\n\n<p>&#8220;\u018fzizimiz \u0130lham Heyd\u0259r o\u011flu \u018fliyev.<\/p>\n\n\n\n<p>M\u0259n, A\u011fayeva Ruhiyy\u0259 birinci qrup \u0259lil\u0259m. Sizin \u0259lill\u0259r\u0259 v\u0259 azt\u0259minatl\u0131 ail\u0259l\u0259r\u0259 g\u00f6st\u0259rdiyiniz x\u00fcsusi diqq\u0259tiniz bizim h\u0259yat \u015f\u0259raitimizin yax\u015f\u0131la\u015fmas\u0131na m\u00fch\u00fcm t\u00f6hf\u0259dir. \u018flilliy\u0259 g\u00f6r\u0259 sosial m\u00fcavin\u0259tin m\u0259bl\u0259\u011finin art\u0131r\u0131lmas\u0131 il\u0259 ba\u011fl\u0131 S\u0259r\u0259ncam\u0131n\u0131z bir \u00e7oxlar\u0131 kimi m\u0259ni d\u0259 \u00e7ox sevindirdi. Buna g\u00f6r\u0259 Siz\u0259 d\u0259rin t\u0259\u015f\u0259kk\u00fcr\u00fcm\u00fc bildirir\u0259m.<\/p>\n\n\n\n<p>M\u0259nim \u0259ziz Prezidentim, ayaqlar\u0131m iflicdir. Amma ya\u015famaq h\u0259v\u0259sim b\u00f6y\u00fckd\u00fcr. H\u0259r g\u00fcn televiziyada Sizi izl\u0259yir\u0259m, Sizin t\u0259b\u0259ss\u00fcml\u00fc siman\u0131z\u0131 g\u00f6r\u0259nd\u0259 h\u0259mi\u015f\u0259 q\u00fcrurlan\u0131ram, Sizinl\u0259 f\u0259xr edir\u0259m. Allah Siz\u0259 m\u00f6hk\u0259m cansa\u011fl\u0131\u011f\u0131 versin. Siz\u0259 daim dualar edir\u0259m. D\u00f6vl\u0259timiz \u00fc\u00e7\u00fcn etdiyiniz b\u00fct\u00fcn i\u015fl\u0259r\u0259 g\u00f6r\u0259 sonsuz t\u0259\u015f\u0259kk\u00fcr\u00fcm\u00fc bildirm\u0259yi \u00f6z\u00fcm\u0259 borc bildim.<\/p>\n\n\n\n<p>\u00c7ox sa\u011f olun, c\u0259nab Prezident\u201d.<\/p>\n","protected":false},"excerpt":{"rendered":"<p>\u00d6t\u0259n ilin aprel ay\u0131ndan ba\u015flayaraq h\u0259yata ke\u00e7iril\u0259n islahatlarla ba\u011fl\u0131 Prezident \u0130lham \u018fliyevin r\u0259smi elektron po\u00e7tuna Az\u0259rbaycan\u0131n m\u00fcxt\u0259lif b\u00f6lg\u0259l\u0259rind\u0259n m\u0259ktublar\u00a0g\u0259lir. V\u0259t\u0259nda\u015flar bu m\u0259ktublarda ke\u00e7iril\u0259n \u00e7oxt\u0259r\u0259fli islahatlarla ba\u011fl\u0131\u00a0minn\u0259tdarl\u0131q ifad\u0259 edirl\u0259r. Zerdab.com sayt\u0131 Z\u0259rdab rayonundan\u00a0Ruhiyy\u0259 A\u011fayevan\u0131n\u00a0yazd\u0131\u011f\u0131 m\u0259ktubu oldu\u011fu kimi t\u0259qdim edir: &#8220;\u018fzizimiz \u0130lham Heyd\u0259r o\u011flu \u018fliyev. M\u0259n, A\u011fayeva Ruhiyy\u0259 birinci qrup \u0259lil\u0259m. Sizin \u0259lill\u0259r\u0259 v\u0259 azt\u0259minatl\u0131 ail\u0259l\u0259r\u0259 g\u00f6st\u0259rdiyiniz [&hellip;]<\/p>\n","protected":false},"author":1,"featured_media":26562,"comment_status":"open","ping_status":"open","sticky":false,"template":"","format":"standard","meta":{"footnotes":""},"categories":[21,63],"tags":[],"class_list":{"0":"post-26561","1":"post","2":"type-post","3":"status-publish","4":"format-standard","5":"has-post-thumbnail","7":"category-zrdab","8":"category-manset"},"yoast_head":"<!-- This site is optimized with the Yoast SEO plugin v27.0 - https:\/\/yoast.com\/product\/yoast-seo-wordpress\/ -->\n<title>Z\u0259rdabdan Prezident\u0259 m\u0259ktub - I qrup \u0259lil yaz\u0131r - Z\u0259rdab.com<\/title>\n<meta name=\"robots\" content=\"index, follow, max-snippet:-1, max-image-preview:large, max-video-preview:-1\" \/>\n<link rel=\"canonical\" href=\"https:\/\/www.zerdab.com\/?p=26561\" \/>\n<meta property=\"og:locale\" content=\"az_AZ\" \/>\n<meta property=\"og:type\" content=\"article\" \/>\n<meta property=\"og:title\" content=\"Z\u0259rdabdan Prezident\u0259 m\u0259ktub - I qrup \u0259lil yaz\u0131r - Z\u0259rdab.com\" \/>\n<meta property=\"og:description\" content=\"\u00d6t\u0259n ilin aprel ay\u0131ndan ba\u015flayaraq h\u0259yata ke\u00e7iril\u0259n islahatlarla ba\u011fl\u0131 Prezident \u0130lham \u018fliyevin r\u0259smi elektron po\u00e7tuna Az\u0259rbaycan\u0131n m\u00fcxt\u0259lif b\u00f6lg\u0259l\u0259rind\u0259n m\u0259ktublar\u00a0g\u0259lir. V\u0259t\u0259nda\u015flar bu m\u0259ktublarda ke\u00e7iril\u0259n \u00e7oxt\u0259r\u0259fli islahatlarla ba\u011fl\u0131\u00a0minn\u0259tdarl\u0131q ifad\u0259 edirl\u0259r. Zerdab.com sayt\u0131 Z\u0259rdab rayonundan\u00a0Ruhiyy\u0259 A\u011fayevan\u0131n\u00a0yazd\u0131\u011f\u0131 m\u0259ktubu oldu\u011fu kimi t\u0259qdim edir: &#8220;\u018fzizimiz \u0130lham Heyd\u0259r o\u011flu \u018fliyev. M\u0259n, A\u011fayeva Ruhiyy\u0259 birinci qrup \u0259lil\u0259m. Sizin \u0259lill\u0259r\u0259 v\u0259 azt\u0259minatl\u0131 ail\u0259l\u0259r\u0259 g\u00f6st\u0259rdiyiniz [&hellip;]\" \/>\n<meta property=\"og:url\" content=\"https:\/\/www.zerdab.com\/?p=26561\" \/>\n<meta property=\"og:site_name\" content=\"Z\u0259rdab.com\" \/>\n<meta property=\"article:published_time\" content=\"2019-03-27T06:26:09+00:00\" \/>\n<meta property=\"article:modified_time\" content=\"2019-03-27T06:27:26+00:00\" \/>\n<meta property=\"og:image\" content=\"https:\/\/www.zerdab.com\/wp-content\/uploads\/2019\/03\/prezident-ilham-eliyev-zerdab-lutveli-babayev.jpg\" \/>\n\t<meta property=\"og:image:width\" content=\"1340\" \/>\n\t<meta property=\"og:image:height\" content=\"892\" \/>\n\t<meta property=\"og:image:type\" content=\"image\/jpeg\" \/>\n<meta name=\"author\" content=\"admin\" \/>\n<meta name=\"twitter:card\" content=\"summary_large_image\" \/>\n<meta name=\"twitter:label1\" content=\"Written by\" \/>\n\t<meta name=\"twitter:data1\" content=\"admin\" \/>\n\t<meta name=\"twitter:label2\" content=\"Est. reading time\" \/>\n\t<meta name=\"twitter:data2\" content=\"1 minute\" \/>\n<script type=\"application\/ld+json\" class=\"yoast-schema-graph\">{\"@context\":\"https:\/\/schema.org\",\"@graph\":[{\"@type\":\"Article\",\"@id\":\"https:\/\/www.zerdab.com\/?p=26561#article\",\"isPartOf\":{\"@id\":\"https:\/\/www.zerdab.com\/?p=26561\"},\"author\":{\"name\":\"admin\",\"@id\":\"https:\/\/www.zerdab.com\/#\/schema\/person\/97079b7570c1e89ec0d9e138c3672136\"},\"headline\":\"Z\u0259rdabdan Prezident\u0259 m\u0259ktub &#8211; I qrup \u0259lil yaz\u0131r\",\"datePublished\":\"2019-03-27T06:26:09+00:00\",\"dateModified\":\"2019-03-27T06:27:26+00:00\",\"mainEntityOfPage\":{\"@id\":\"https:\/\/www.zerdab.com\/?p=26561\"},\"wordCount\":267,\"commentCount\":0,\"image\":{\"@id\":\"https:\/\/www.zerdab.com\/?p=26561#primaryimage\"},\"thumbnailUrl\":\"https:\/\/www.zerdab.com\/wp-content\/uploads\/2019\/03\/prezident-ilham-eliyev-zerdab-lutveli-babayev.jpg\",\"articleSection\":[\"C\u018fM\u0130YY\u018fT\",\"MAN\u015eET\"],\"inLanguage\":\"az\",\"potentialAction\":[{\"@type\":\"CommentAction\",\"name\":\"Comment\",\"target\":[\"https:\/\/www.zerdab.com\/?p=26561#respond\"]}]},{\"@type\":\"WebPage\",\"@id\":\"https:\/\/www.zerdab.com\/?p=26561\",\"url\":\"https:\/\/www.zerdab.com\/?p=26561\",\"name\":\"Z\u0259rdabdan Prezident\u0259 m\u0259ktub - I qrup \u0259lil yaz\u0131r - Z\u0259rdab.com\",\"isPartOf\":{\"@id\":\"https:\/\/www.zerdab.com\/#website\"},\"primaryImageOfPage\":{\"@id\":\"https:\/\/www.zerdab.com\/?p=26561#primaryimage\"},\"image\":{\"@id\":\"https:\/\/www.zerdab.com\/?p=26561#primaryimage\"},\"thumbnailUrl\":\"https:\/\/www.zerdab.com\/wp-content\/uploads\/2019\/03\/prezident-ilham-eliyev-zerdab-lutveli-babayev.jpg\",\"datePublished\":\"2019-03-27T06:26:09+00:00\",\"dateModified\":\"2019-03-27T06:27:26+00:00\",\"author\":{\"@id\":\"https:\/\/www.zerdab.com\/#\/schema\/person\/97079b7570c1e89ec0d9e138c3672136\"},\"breadcrumb\":{\"@id\":\"https:\/\/www.zerdab.com\/?p=26561#breadcrumb\"},\"inLanguage\":\"az\",\"potentialAction\":[{\"@type\":\"ReadAction\",\"target\":[\"https:\/\/www.zerdab.com\/?p=26561\"]}]},{\"@type\":\"ImageObject\",\"inLanguage\":\"az\",\"@id\":\"https:\/\/www.zerdab.com\/?p=26561#primaryimage\",\"url\":\"https:\/\/www.zerdab.com\/wp-content\/uploads\/2019\/03\/prezident-ilham-eliyev-zerdab-lutveli-babayev.jpg\",\"contentUrl\":\"https:\/\/www.zerdab.com\/wp-content\/uploads\/2019\/03\/prezident-ilham-eliyev-zerdab-lutveli-babayev.jpg\",\"width\":1340,\"height\":892,\"caption\":\"prezident-ilham-eliyev-zerdab-lutveli-babayev\"},{\"@type\":\"BreadcrumbList\",\"@id\":\"https:\/\/www.zerdab.com\/?p=26561#breadcrumb\",\"itemListElement\":[{\"@type\":\"ListItem\",\"position\":1,\"name\":\"Home\",\"item\":\"https:\/\/www.zerdab.com\/\"},{\"@type\":\"ListItem\",\"position\":2,\"name\":\"Z\u0259rdabdan Prezident\u0259 m\u0259ktub &#8211; I qrup \u0259lil yaz\u0131r\"}]},{\"@type\":\"WebSite\",\"@id\":\"https:\/\/www.zerdab.com\/#website\",\"url\":\"https:\/\/www.zerdab.com\/\",\"name\":\"Z\u0259rdab.com\",\"description\":\"\",\"potentialAction\":[{\"@type\":\"SearchAction\",\"target\":{\"@type\":\"EntryPoint\",\"urlTemplate\":\"https:\/\/www.zerdab.com\/?s={search_term_string}\"},\"query-input\":{\"@type\":\"PropertyValueSpecification\",\"valueRequired\":true,\"valueName\":\"search_term_string\"}}],\"inLanguage\":\"az\"},{\"@type\":\"Person\",\"@id\":\"https:\/\/www.zerdab.com\/#\/schema\/person\/97079b7570c1e89ec0d9e138c3672136\",\"name\":\"admin\",\"image\":{\"@type\":\"ImageObject\",\"inLanguage\":\"az\",\"@id\":\"https:\/\/www.zerdab.com\/#\/schema\/person\/image\/\",\"url\":\"https:\/\/secure.gravatar.com\/avatar\/d9c52a9a27c32119cb6679a077fa3e2779e5f822c451cbf01098004361d466ec?s=96&d=mm&r=g\",\"contentUrl\":\"https:\/\/secure.gravatar.com\/avatar\/d9c52a9a27c32119cb6679a077fa3e2779e5f822c451cbf01098004361d466ec?s=96&d=mm&r=g\",\"caption\":\"admin\"},\"url\":\"https:\/\/www.zerdab.com\/?author=1\"}]}<\/script>\n<!-- \/ Yoast SEO plugin. -->","yoast_head_json":{"title":"Z\u0259rdabdan Prezident\u0259 m\u0259ktub - I qrup \u0259lil yaz\u0131r - Z\u0259rdab.com","robots":{"index":"index","follow":"follow","max-snippet":"max-snippet:-1","max-image-preview":"max-image-preview:large","max-video-preview":"max-video-preview:-1"},"canonical":"https:\/\/www.zerdab.com\/?p=26561","og_locale":"az_AZ","og_type":"article","og_title":"Z\u0259rdabdan Prezident\u0259 m\u0259ktub - I qrup \u0259lil yaz\u0131r - Z\u0259rdab.com","og_description":"\u00d6t\u0259n ilin aprel ay\u0131ndan ba\u015flayaraq h\u0259yata ke\u00e7iril\u0259n islahatlarla ba\u011fl\u0131 Prezident \u0130lham \u018fliyevin r\u0259smi elektron po\u00e7tuna Az\u0259rbaycan\u0131n m\u00fcxt\u0259lif b\u00f6lg\u0259l\u0259rind\u0259n m\u0259ktublar\u00a0g\u0259lir. V\u0259t\u0259nda\u015flar bu m\u0259ktublarda ke\u00e7iril\u0259n \u00e7oxt\u0259r\u0259fli islahatlarla ba\u011fl\u0131\u00a0minn\u0259tdarl\u0131q ifad\u0259 edirl\u0259r. Zerdab.com sayt\u0131 Z\u0259rdab rayonundan\u00a0Ruhiyy\u0259 A\u011fayevan\u0131n\u00a0yazd\u0131\u011f\u0131 m\u0259ktubu oldu\u011fu kimi t\u0259qdim edir: &#8220;\u018fzizimiz \u0130lham Heyd\u0259r o\u011flu \u018fliyev. M\u0259n, A\u011fayeva Ruhiyy\u0259 birinci qrup \u0259lil\u0259m. Sizin \u0259lill\u0259r\u0259 v\u0259 azt\u0259minatl\u0131 ail\u0259l\u0259r\u0259 g\u00f6st\u0259rdiyiniz [&hellip;]","og_url":"https:\/\/www.zerdab.com\/?p=26561","og_site_name":"Z\u0259rdab.com","article_published_time":"2019-03-27T06:26:09+00:00","article_modified_time":"2019-03-27T06:27:26+00:00","og_image":[{"width":1340,"height":892,"url":"https:\/\/www.zerdab.com\/wp-content\/uploads\/2019\/03\/prezident-ilham-eliyev-zerdab-lutveli-babayev.jpg","type":"image\/jpeg"}],"author":"admin","twitter_card":"summary_large_image","twitter_misc":{"Written by":"admin","Est. reading time":"1 minute"},"schema":{"@context":"https:\/\/schema.org","@graph":[{"@type":"Article","@id":"https:\/\/www.zerdab.com\/?p=26561#article","isPartOf":{"@id":"https:\/\/www.zerdab.com\/?p=26561"},"author":{"name":"admin","@id":"https:\/\/www.zerdab.com\/#\/schema\/person\/97079b7570c1e89ec0d9e138c3672136"},"headline":"Z\u0259rdabdan Prezident\u0259 m\u0259ktub &#8211; I qrup \u0259lil yaz\u0131r","datePublished":"2019-03-27T06:26:09+00:00","dateModified":"2019-03-27T06:27:26+00:00","mainEntityOfPage":{"@id":"https:\/\/www.zerdab.com\/?p=26561"},"wordCount":267,"commentCount":0,"image":{"@id":"https:\/\/www.zerdab.com\/?p=26561#primaryimage"},"thumbnailUrl":"https:\/\/www.zerdab.com\/wp-content\/uploads\/2019\/03\/prezident-ilham-eliyev-zerdab-lutveli-babayev.jpg","articleSection":["C\u018fM\u0130YY\u018fT","MAN\u015eET"],"inLanguage":"az","potentialAction":[{"@type":"CommentAction","name":"Comment","target":["https:\/\/www.zerdab.com\/?p=26561#respond"]}]},{"@type":"WebPage","@id":"https:\/\/www.zerdab.com\/?p=26561","url":"https:\/\/www.zerdab.com\/?p=26561","name":"Z\u0259rdabdan Prezident\u0259 m\u0259ktub - I qrup \u0259lil yaz\u0131r - Z\u0259rdab.com","isPartOf":{"@id":"https:\/\/www.zerdab.com\/#website"},"primaryImageOfPage":{"@id":"https:\/\/www.zerdab.com\/?p=26561#primaryimage"},"image":{"@id":"https:\/\/www.zerdab.com\/?p=26561#primaryimage"},"thumbnailUrl":"https:\/\/www.zerdab.com\/wp-content\/uploads\/2019\/03\/prezident-ilham-eliyev-zerdab-lutveli-babayev.jpg","datePublished":"2019-03-27T06:26:09+00:00","dateModified":"2019-03-27T06:27:26+00:00","author":{"@id":"https:\/\/www.zerdab.com\/#\/schema\/person\/97079b7570c1e89ec0d9e138c3672136"},"breadcrumb":{"@id":"https:\/\/www.zerdab.com\/?p=26561#breadcrumb"},"inLanguage":"az","potentialAction":[{"@type":"ReadAction","target":["https:\/\/www.zerdab.com\/?p=26561"]}]},{"@type":"ImageObject","inLanguage":"az","@id":"https:\/\/www.zerdab.com\/?p=26561#primaryimage","url":"https:\/\/www.zerdab.com\/wp-content\/uploads\/2019\/03\/prezident-ilham-eliyev-zerdab-lutveli-babayev.jpg","contentUrl":"https:\/\/www.zerdab.com\/wp-content\/uploads\/2019\/03\/prezident-ilham-eliyev-zerdab-lutveli-babayev.jpg","width":1340,"height":892,"caption":"prezident-ilham-eliyev-zerdab-lutveli-babayev"},{"@type":"BreadcrumbList","@id":"https:\/\/www.zerdab.com\/?p=26561#breadcrumb","itemListElement":[{"@type":"ListItem","position":1,"name":"Home","item":"https:\/\/www.zerdab.com\/"},{"@type":"ListItem","position":2,"name":"Z\u0259rdabdan Prezident\u0259 m\u0259ktub &#8211; I qrup \u0259lil yaz\u0131r"}]},{"@type":"WebSite","@id":"https:\/\/www.zerdab.com\/#website","url":"https:\/\/www.zerdab.com\/","name":"Z\u0259rdab.com","description":"","potentialAction":[{"@type":"SearchAction","target":{"@type":"EntryPoint","urlTemplate":"https:\/\/www.zerdab.com\/?s={search_term_string}"},"query-input":{"@type":"PropertyValueSpecification","valueRequired":true,"valueName":"search_term_string"}}],"inLanguage":"az"},{"@type":"Person","@id":"https:\/\/www.zerdab.com\/#\/schema\/person\/97079b7570c1e89ec0d9e138c3672136","name":"admin","image":{"@type":"ImageObject","inLanguage":"az","@id":"https:\/\/www.zerdab.com\/#\/schema\/person\/image\/","url":"https:\/\/secure.gravatar.com\/avatar\/d9c52a9a27c32119cb6679a077fa3e2779e5f822c451cbf01098004361d466ec?s=96&d=mm&r=g","contentUrl":"https:\/\/secure.gravatar.com\/avatar\/d9c52a9a27c32119cb6679a077fa3e2779e5f822c451cbf01098004361d466ec?s=96&d=mm&r=g","caption":"admin"},"url":"https:\/\/www.zerdab.com\/?author=1"}]}},"_links":{"self":[{"href":"https:\/\/www.zerdab.com\/index.php?rest_route=\/wp\/v2\/posts\/26561","targetHints":{"allow":["GET"]}}],"collection":[{"href":"https:\/\/www.zerdab.com\/index.php?rest_route=\/wp\/v2\/posts"}],"about":[{"href":"https:\/\/www.zerdab.com\/index.php?rest_route=\/wp\/v2\/types\/post"}],"author":[{"embeddable":true,"href":"https:\/\/www.zerdab.com\/index.php?rest_route=\/wp\/v2\/users\/1"}],"replies":[{"embeddable":true,"href":"https:\/\/www.zerdab.com\/index.php?rest_route=%2Fwp%2Fv2%2Fcomments&post=26561"}],"version-history":[{"count":2,"href":"https:\/\/www.zerdab.com\/index.php?rest_route=\/wp\/v2\/posts\/26561\/revisions"}],"predecessor-version":[{"id":26564,"href":"https:\/\/www.zerdab.com\/index.php?rest_route=\/wp\/v2\/posts\/26561\/revisions\/26564"}],"wp:featuredmedia":[{"embeddable":true,"href":"https:\/\/www.zerdab.com\/index.php?rest_route=\/wp\/v2\/media\/26562"}],"wp:attachment":[{"href":"https:\/\/www.zerdab.com\/index.php?rest_route=%2Fwp%2Fv2%2Fmedia&parent=26561"}],"wp:term":[{"taxonomy":"category","embeddable":true,"href":"https:\/\/www.zerdab.com\/index.php?rest_route=%2Fwp%2Fv2%2Fcategories&post=26561"},{"taxonomy":"post_tag","embeddable":true,"href":"https:\/\/www.zerdab.com\/index.php?rest_route=%2Fwp%2Fv2%2Ftags&post=26561"}],"curies":[{"name":"wp","href":"https:\/\/api.w.org\/{rel}","templated":true}]}}