{"id":26569,"date":"2019-03-28T08:00:49","date_gmt":"2019-03-28T04:00:49","guid":{"rendered":"http:\/\/www.zerdab.com\/?p=26569"},"modified":"2019-03-27T11:51:00","modified_gmt":"2019-03-27T07:51:00","slug":"z%c9%99rdab-orta-%c9%99srl%c9%99rd%c9%99-monoqrafiyasi-s%c9%99hidimizin-xatir%c9%99sin%c9%99-h%c9%99sr-edilib","status":"publish","type":"post","link":"https:\/\/www.zerdab.com\/?p=26569","title":{"rendered":"\u201cZ\u0259rdab orta \u0259srl\u0259rd\u0259\u201d monoqrafiyas\u0131 \u015f\u0259hidimizin xatir\u0259sin\u0259 h\u0259sr edilib"},"content":{"rendered":"\n<h4 class=\"wp-block-heading\">X\u0259b\u0259r verdiyimiz kimi, Z\u0259rdab rayonunun orta \u0259srl\u0259r d\u00f6vr\u00fc arxeoloji abid\u0259l\u0259rin\u0259 h\u0259sr edil\u0259n \u0259s\u0259r n\u0259\u015fr olunub.<\/h4>\n\n\n\n<p>AMEA-n\u0131n&nbsp;Arxeologiya v\u0259 Etnoqrafiya \u0130nstitutunun apar\u0131c\u0131 elmi i\u015f\u00e7isi, tarix \u00fczr\u0259 f\u0259ls\u0259f\u0259 doktoru, O\u011fuz-Qax arxeoloji ekspedisiyas\u0131n\u0131n r\u0259hb\u0259ri&nbsp;Taleh \u018fliyevin \u201cZ\u0259rdab orta \u0259srl\u0259rd\u0259\u201d adl\u0131 monoqrafiyas\u0131 \u00e7apdan \u00e7\u0131x\u0131b.<\/p>\n\n\n\n<p>\u201cElm v\u0259 t\u0259hsil\u201d n\u0259\u015friyyat\u0131nda i\u015f\u0131q \u00fcz\u00fc g\u00f6r\u0259n \u0259s\u0259r 8 oktyabr 1992-ci ild\u0259 A\u011fd\u0259r\u0259 b\u00f6lg\u0259sind\u0259ki \u00c7\u0131ld\u0131ran y\u00fcks\u0259kliyi u\u011frunda ged\u0259n d\u00f6y\u00fc\u015fl\u0259rd\u0259 \u015f\u0259hid olmu\u015f, Z\u0259rdab rayonunun Qoruqba\u011f\u0131 k\u0259ndinin ilk \u015f\u0259hidi Bab\u0259k \u0130smay\u0131lovun xatir\u0259sin\u0259 h\u0259sr edilib.<\/p>\n\n\n\n<figure class=\"wp-block-image\"><img loading=\"lazy\" decoding=\"async\" width=\"395\" height=\"550\" src=\"http:\/\/www.zerdab.com\/wp-content\/uploads\/2019\/03\/zerdab-orta-esrlerde-monoqrafiya-taleh-eliyev-395x550.jpg\" alt=\"zerdab-orta-esrlerde-monoqrafiya-taleh-eliyev\" class=\"wp-image-26500\" srcset=\"https:\/\/www.zerdab.com\/wp-content\/uploads\/2019\/03\/zerdab-orta-esrlerde-monoqrafiya-taleh-eliyev-395x550.jpg 395w, https:\/\/www.zerdab.com\/wp-content\/uploads\/2019\/03\/zerdab-orta-esrlerde-monoqrafiya-taleh-eliyev-400x557.jpg 400w, https:\/\/www.zerdab.com\/wp-content\/uploads\/2019\/03\/zerdab-orta-esrlerde-monoqrafiya-taleh-eliyev-302x420.jpg 302w, https:\/\/www.zerdab.com\/wp-content\/uploads\/2019\/03\/zerdab-orta-esrlerde-monoqrafiya-taleh-eliyev.jpg 690w\" sizes=\"auto, (max-width: 395px) 100vw, 395px\" \/><\/figure>\n\n\n\n<p>Monoqrafiyan\u0131n elmi redaktoru tarix \u00fczr\u0259 elml\u0259r doktoru&nbsp;Qafar C\u0259biyev, elmi r\u0259y\u00e7il\u0259ri &#8211; tarix \u00fczr\u0259 elml\u0259r doktoru, professor&nbsp;Arif M\u0259mm\u0259dov&nbsp;v\u0259 tarix \u00fczr\u0259 f\u0259ls\u0259f\u0259 doktoru&nbsp;\u018flibaba Babayevdir.<\/p>\n\n\n\n<p>N\u0259\u015frd\u0259 Z\u0259rdab rayonunun tarixi-arxeoloji abid\u0259l\u0259ri, orta \u0259sr \u015f\u0259h\u0259r v\u0259 k\u0259nd tipli ya\u015fay\u0131\u015f yerl\u0259ri, dini-memorial tikilil\u0259ri, maddi m\u0259d\u0259niyy\u0259t n\u00fcmun\u0259l\u0259rinin t\u0259snifat\u0131 bar\u0259d\u0259 geni\u015f m\u0259lumat \u00f6z \u0259ksini tap\u0131b.<\/p>\n\n\n\n<p>Kitab orta \u0259srl\u0259r d\u00f6vr\u00fc v\u0259 \u0130slam arxeologiyas\u0131 \u00fczr\u0259 ixtisasla\u015fan arxeoloqlar, tarix\u00e7il\u0259r, etnoloqlar, h\u0259m\u00e7inin geni\u015f oxucu k\u00fctl\u0259si \u00fc\u00e7\u00fcn n\u0259z\u0259rd\u0259 tutulub.<\/p>\n\n\n\n<p><strong>Zerdab.com<\/strong><\/p>\n","protected":false},"excerpt":{"rendered":"<p>X\u0259b\u0259r verdiyimiz kimi, Z\u0259rdab rayonunun orta \u0259srl\u0259r d\u00f6vr\u00fc arxeoloji abid\u0259l\u0259rin\u0259 h\u0259sr edil\u0259n \u0259s\u0259r n\u0259\u015fr olunub. AMEA-n\u0131n&nbsp;Arxeologiya v\u0259 Etnoqrafiya \u0130nstitutunun apar\u0131c\u0131 elmi i\u015f\u00e7isi, tarix \u00fczr\u0259 f\u0259ls\u0259f\u0259 doktoru, O\u011fuz-Qax arxeoloji ekspedisiyas\u0131n\u0131n r\u0259hb\u0259ri&nbsp;Taleh \u018fliyevin \u201cZ\u0259rdab orta \u0259srl\u0259rd\u0259\u201d adl\u0131 monoqrafiyas\u0131 \u00e7apdan \u00e7\u0131x\u0131b. \u201cElm v\u0259 t\u0259hsil\u201d n\u0259\u015friyyat\u0131nda i\u015f\u0131q \u00fcz\u00fc g\u00f6r\u0259n \u0259s\u0259r 8 oktyabr 1992-ci ild\u0259 A\u011fd\u0259r\u0259 b\u00f6lg\u0259sind\u0259ki \u00c7\u0131ld\u0131ran y\u00fcks\u0259kliyi u\u011frunda [&hellip;]<\/p>\n","protected":false},"author":1,"featured_media":26570,"comment_status":"open","ping_status":"open","sticky":false,"template":"","format":"standard","meta":{"footnotes":""},"categories":[63,1],"tags":[],"class_list":{"0":"post-26569","1":"post","2":"type-post","3":"status-publish","4":"format-standard","5":"has-post-thumbnail","7":"category-manset","8":"category-tarix"},"yoast_head":"<!-- This site is optimized with the Yoast SEO plugin v27.0 - https:\/\/yoast.com\/product\/yoast-seo-wordpress\/ -->\n<title>\u201cZ\u0259rdab orta \u0259srl\u0259rd\u0259\u201d monoqrafiyas\u0131 \u015f\u0259hidimizin xatir\u0259sin\u0259 h\u0259sr edilib - Z\u0259rdab.com<\/title>\n<meta name=\"robots\" content=\"index, follow, max-snippet:-1, max-image-preview:large, max-video-preview:-1\" \/>\n<link rel=\"canonical\" href=\"https:\/\/www.zerdab.com\/?p=26569\" \/>\n<meta property=\"og:locale\" content=\"az_AZ\" \/>\n<meta property=\"og:type\" content=\"article\" \/>\n<meta property=\"og:title\" content=\"\u201cZ\u0259rdab orta \u0259srl\u0259rd\u0259\u201d monoqrafiyas\u0131 \u015f\u0259hidimizin xatir\u0259sin\u0259 h\u0259sr edilib - Z\u0259rdab.com\" \/>\n<meta property=\"og:description\" content=\"X\u0259b\u0259r verdiyimiz kimi, Z\u0259rdab rayonunun orta \u0259srl\u0259r d\u00f6vr\u00fc arxeoloji abid\u0259l\u0259rin\u0259 h\u0259sr edil\u0259n \u0259s\u0259r n\u0259\u015fr olunub. AMEA-n\u0131n&nbsp;Arxeologiya v\u0259 Etnoqrafiya \u0130nstitutunun apar\u0131c\u0131 elmi i\u015f\u00e7isi, tarix \u00fczr\u0259 f\u0259ls\u0259f\u0259 doktoru, O\u011fuz-Qax arxeoloji ekspedisiyas\u0131n\u0131n r\u0259hb\u0259ri&nbsp;Taleh \u018fliyevin \u201cZ\u0259rdab orta \u0259srl\u0259rd\u0259\u201d adl\u0131 monoqrafiyas\u0131 \u00e7apdan \u00e7\u0131x\u0131b. \u201cElm v\u0259 t\u0259hsil\u201d n\u0259\u015friyyat\u0131nda i\u015f\u0131q \u00fcz\u00fc g\u00f6r\u0259n \u0259s\u0259r 8 oktyabr 1992-ci ild\u0259 A\u011fd\u0259r\u0259 b\u00f6lg\u0259sind\u0259ki \u00c7\u0131ld\u0131ran y\u00fcks\u0259kliyi u\u011frunda [&hellip;]\" \/>\n<meta property=\"og:url\" content=\"https:\/\/www.zerdab.com\/?p=26569\" \/>\n<meta property=\"og:site_name\" content=\"Z\u0259rdab.com\" \/>\n<meta property=\"article:published_time\" content=\"2019-03-28T04:00:49+00:00\" \/>\n<meta property=\"og:image\" content=\"https:\/\/www.zerdab.com\/wp-content\/uploads\/2019\/03\/Zerdab-qoruqbagi-sehid-babek-ismayilov.jpg\" \/>\n\t<meta property=\"og:image:width\" content=\"960\" \/>\n\t<meta property=\"og:image:height\" content=\"717\" \/>\n\t<meta property=\"og:image:type\" content=\"image\/jpeg\" \/>\n<meta name=\"author\" content=\"admin\" \/>\n<meta name=\"twitter:card\" content=\"summary_large_image\" \/>\n<meta name=\"twitter:label1\" content=\"Written by\" \/>\n\t<meta name=\"twitter:data1\" content=\"admin\" \/>\n\t<meta name=\"twitter:label2\" content=\"Est. reading time\" \/>\n\t<meta name=\"twitter:data2\" content=\"1 minute\" \/>\n<script type=\"application\/ld+json\" class=\"yoast-schema-graph\">{\"@context\":\"https:\/\/schema.org\",\"@graph\":[{\"@type\":\"Article\",\"@id\":\"https:\/\/www.zerdab.com\/?p=26569#article\",\"isPartOf\":{\"@id\":\"https:\/\/www.zerdab.com\/?p=26569\"},\"author\":{\"name\":\"admin\",\"@id\":\"https:\/\/www.zerdab.com\/#\/schema\/person\/97079b7570c1e89ec0d9e138c3672136\"},\"headline\":\"\u201cZ\u0259rdab orta \u0259srl\u0259rd\u0259\u201d monoqrafiyas\u0131 \u015f\u0259hidimizin xatir\u0259sin\u0259 h\u0259sr edilib\",\"datePublished\":\"2019-03-28T04:00:49+00:00\",\"mainEntityOfPage\":{\"@id\":\"https:\/\/www.zerdab.com\/?p=26569\"},\"wordCount\":252,\"commentCount\":0,\"image\":{\"@id\":\"https:\/\/www.zerdab.com\/?p=26569#primaryimage\"},\"thumbnailUrl\":\"https:\/\/www.zerdab.com\/wp-content\/uploads\/2019\/03\/Zerdab-qoruqbagi-sehid-babek-ismayilov.jpg\",\"articleSection\":[\"MAN\u015eET\",\"Z\u018fRDABIN TAR\u0130X\u0130\"],\"inLanguage\":\"az\",\"potentialAction\":[{\"@type\":\"CommentAction\",\"name\":\"Comment\",\"target\":[\"https:\/\/www.zerdab.com\/?p=26569#respond\"]}]},{\"@type\":\"WebPage\",\"@id\":\"https:\/\/www.zerdab.com\/?p=26569\",\"url\":\"https:\/\/www.zerdab.com\/?p=26569\",\"name\":\"\u201cZ\u0259rdab orta \u0259srl\u0259rd\u0259\u201d monoqrafiyas\u0131 \u015f\u0259hidimizin xatir\u0259sin\u0259 h\u0259sr edilib - Z\u0259rdab.com\",\"isPartOf\":{\"@id\":\"https:\/\/www.zerdab.com\/#website\"},\"primaryImageOfPage\":{\"@id\":\"https:\/\/www.zerdab.com\/?p=26569#primaryimage\"},\"image\":{\"@id\":\"https:\/\/www.zerdab.com\/?p=26569#primaryimage\"},\"thumbnailUrl\":\"https:\/\/www.zerdab.com\/wp-content\/uploads\/2019\/03\/Zerdab-qoruqbagi-sehid-babek-ismayilov.jpg\",\"datePublished\":\"2019-03-28T04:00:49+00:00\",\"author\":{\"@id\":\"https:\/\/www.zerdab.com\/#\/schema\/person\/97079b7570c1e89ec0d9e138c3672136\"},\"breadcrumb\":{\"@id\":\"https:\/\/www.zerdab.com\/?p=26569#breadcrumb\"},\"inLanguage\":\"az\",\"potentialAction\":[{\"@type\":\"ReadAction\",\"target\":[\"https:\/\/www.zerdab.com\/?p=26569\"]}]},{\"@type\":\"ImageObject\",\"inLanguage\":\"az\",\"@id\":\"https:\/\/www.zerdab.com\/?p=26569#primaryimage\",\"url\":\"https:\/\/www.zerdab.com\/wp-content\/uploads\/2019\/03\/Zerdab-qoruqbagi-sehid-babek-ismayilov.jpg\",\"contentUrl\":\"https:\/\/www.zerdab.com\/wp-content\/uploads\/2019\/03\/Zerdab-qoruqbagi-sehid-babek-ismayilov.jpg\",\"width\":960,\"height\":717,\"caption\":\"Zerdab-qoruqbagi-sehid-babek-ismayilov\"},{\"@type\":\"BreadcrumbList\",\"@id\":\"https:\/\/www.zerdab.com\/?p=26569#breadcrumb\",\"itemListElement\":[{\"@type\":\"ListItem\",\"position\":1,\"name\":\"Home\",\"item\":\"https:\/\/www.zerdab.com\/\"},{\"@type\":\"ListItem\",\"position\":2,\"name\":\"\u201cZ\u0259rdab orta \u0259srl\u0259rd\u0259\u201d monoqrafiyas\u0131 \u015f\u0259hidimizin xatir\u0259sin\u0259 h\u0259sr edilib\"}]},{\"@type\":\"WebSite\",\"@id\":\"https:\/\/www.zerdab.com\/#website\",\"url\":\"https:\/\/www.zerdab.com\/\",\"name\":\"Z\u0259rdab.com\",\"description\":\"\",\"potentialAction\":[{\"@type\":\"SearchAction\",\"target\":{\"@type\":\"EntryPoint\",\"urlTemplate\":\"https:\/\/www.zerdab.com\/?s={search_term_string}\"},\"query-input\":{\"@type\":\"PropertyValueSpecification\",\"valueRequired\":true,\"valueName\":\"search_term_string\"}}],\"inLanguage\":\"az\"},{\"@type\":\"Person\",\"@id\":\"https:\/\/www.zerdab.com\/#\/schema\/person\/97079b7570c1e89ec0d9e138c3672136\",\"name\":\"admin\",\"image\":{\"@type\":\"ImageObject\",\"inLanguage\":\"az\",\"@id\":\"https:\/\/www.zerdab.com\/#\/schema\/person\/image\/\",\"url\":\"https:\/\/secure.gravatar.com\/avatar\/d9c52a9a27c32119cb6679a077fa3e2779e5f822c451cbf01098004361d466ec?s=96&d=mm&r=g\",\"contentUrl\":\"https:\/\/secure.gravatar.com\/avatar\/d9c52a9a27c32119cb6679a077fa3e2779e5f822c451cbf01098004361d466ec?s=96&d=mm&r=g\",\"caption\":\"admin\"},\"url\":\"https:\/\/www.zerdab.com\/?author=1\"}]}<\/script>\n<!-- \/ Yoast SEO plugin. -->","yoast_head_json":{"title":"\u201cZ\u0259rdab orta \u0259srl\u0259rd\u0259\u201d monoqrafiyas\u0131 \u015f\u0259hidimizin xatir\u0259sin\u0259 h\u0259sr edilib - Z\u0259rdab.com","robots":{"index":"index","follow":"follow","max-snippet":"max-snippet:-1","max-image-preview":"max-image-preview:large","max-video-preview":"max-video-preview:-1"},"canonical":"https:\/\/www.zerdab.com\/?p=26569","og_locale":"az_AZ","og_type":"article","og_title":"\u201cZ\u0259rdab orta \u0259srl\u0259rd\u0259\u201d monoqrafiyas\u0131 \u015f\u0259hidimizin xatir\u0259sin\u0259 h\u0259sr edilib - Z\u0259rdab.com","og_description":"X\u0259b\u0259r verdiyimiz kimi, Z\u0259rdab rayonunun orta \u0259srl\u0259r d\u00f6vr\u00fc arxeoloji abid\u0259l\u0259rin\u0259 h\u0259sr edil\u0259n \u0259s\u0259r n\u0259\u015fr olunub. AMEA-n\u0131n&nbsp;Arxeologiya v\u0259 Etnoqrafiya \u0130nstitutunun apar\u0131c\u0131 elmi i\u015f\u00e7isi, tarix \u00fczr\u0259 f\u0259ls\u0259f\u0259 doktoru, O\u011fuz-Qax arxeoloji ekspedisiyas\u0131n\u0131n r\u0259hb\u0259ri&nbsp;Taleh \u018fliyevin \u201cZ\u0259rdab orta \u0259srl\u0259rd\u0259\u201d adl\u0131 monoqrafiyas\u0131 \u00e7apdan \u00e7\u0131x\u0131b. \u201cElm v\u0259 t\u0259hsil\u201d n\u0259\u015friyyat\u0131nda i\u015f\u0131q \u00fcz\u00fc g\u00f6r\u0259n \u0259s\u0259r 8 oktyabr 1992-ci ild\u0259 A\u011fd\u0259r\u0259 b\u00f6lg\u0259sind\u0259ki \u00c7\u0131ld\u0131ran y\u00fcks\u0259kliyi u\u011frunda [&hellip;]","og_url":"https:\/\/www.zerdab.com\/?p=26569","og_site_name":"Z\u0259rdab.com","article_published_time":"2019-03-28T04:00:49+00:00","og_image":[{"width":960,"height":717,"url":"https:\/\/www.zerdab.com\/wp-content\/uploads\/2019\/03\/Zerdab-qoruqbagi-sehid-babek-ismayilov.jpg","type":"image\/jpeg"}],"author":"admin","twitter_card":"summary_large_image","twitter_misc":{"Written by":"admin","Est. reading time":"1 minute"},"schema":{"@context":"https:\/\/schema.org","@graph":[{"@type":"Article","@id":"https:\/\/www.zerdab.com\/?p=26569#article","isPartOf":{"@id":"https:\/\/www.zerdab.com\/?p=26569"},"author":{"name":"admin","@id":"https:\/\/www.zerdab.com\/#\/schema\/person\/97079b7570c1e89ec0d9e138c3672136"},"headline":"\u201cZ\u0259rdab orta \u0259srl\u0259rd\u0259\u201d monoqrafiyas\u0131 \u015f\u0259hidimizin xatir\u0259sin\u0259 h\u0259sr edilib","datePublished":"2019-03-28T04:00:49+00:00","mainEntityOfPage":{"@id":"https:\/\/www.zerdab.com\/?p=26569"},"wordCount":252,"commentCount":0,"image":{"@id":"https:\/\/www.zerdab.com\/?p=26569#primaryimage"},"thumbnailUrl":"https:\/\/www.zerdab.com\/wp-content\/uploads\/2019\/03\/Zerdab-qoruqbagi-sehid-babek-ismayilov.jpg","articleSection":["MAN\u015eET","Z\u018fRDABIN TAR\u0130X\u0130"],"inLanguage":"az","potentialAction":[{"@type":"CommentAction","name":"Comment","target":["https:\/\/www.zerdab.com\/?p=26569#respond"]}]},{"@type":"WebPage","@id":"https:\/\/www.zerdab.com\/?p=26569","url":"https:\/\/www.zerdab.com\/?p=26569","name":"\u201cZ\u0259rdab orta \u0259srl\u0259rd\u0259\u201d monoqrafiyas\u0131 \u015f\u0259hidimizin xatir\u0259sin\u0259 h\u0259sr edilib - Z\u0259rdab.com","isPartOf":{"@id":"https:\/\/www.zerdab.com\/#website"},"primaryImageOfPage":{"@id":"https:\/\/www.zerdab.com\/?p=26569#primaryimage"},"image":{"@id":"https:\/\/www.zerdab.com\/?p=26569#primaryimage"},"thumbnailUrl":"https:\/\/www.zerdab.com\/wp-content\/uploads\/2019\/03\/Zerdab-qoruqbagi-sehid-babek-ismayilov.jpg","datePublished":"2019-03-28T04:00:49+00:00","author":{"@id":"https:\/\/www.zerdab.com\/#\/schema\/person\/97079b7570c1e89ec0d9e138c3672136"},"breadcrumb":{"@id":"https:\/\/www.zerdab.com\/?p=26569#breadcrumb"},"inLanguage":"az","potentialAction":[{"@type":"ReadAction","target":["https:\/\/www.zerdab.com\/?p=26569"]}]},{"@type":"ImageObject","inLanguage":"az","@id":"https:\/\/www.zerdab.com\/?p=26569#primaryimage","url":"https:\/\/www.zerdab.com\/wp-content\/uploads\/2019\/03\/Zerdab-qoruqbagi-sehid-babek-ismayilov.jpg","contentUrl":"https:\/\/www.zerdab.com\/wp-content\/uploads\/2019\/03\/Zerdab-qoruqbagi-sehid-babek-ismayilov.jpg","width":960,"height":717,"caption":"Zerdab-qoruqbagi-sehid-babek-ismayilov"},{"@type":"BreadcrumbList","@id":"https:\/\/www.zerdab.com\/?p=26569#breadcrumb","itemListElement":[{"@type":"ListItem","position":1,"name":"Home","item":"https:\/\/www.zerdab.com\/"},{"@type":"ListItem","position":2,"name":"\u201cZ\u0259rdab orta \u0259srl\u0259rd\u0259\u201d monoqrafiyas\u0131 \u015f\u0259hidimizin xatir\u0259sin\u0259 h\u0259sr edilib"}]},{"@type":"WebSite","@id":"https:\/\/www.zerdab.com\/#website","url":"https:\/\/www.zerdab.com\/","name":"Z\u0259rdab.com","description":"","potentialAction":[{"@type":"SearchAction","target":{"@type":"EntryPoint","urlTemplate":"https:\/\/www.zerdab.com\/?s={search_term_string}"},"query-input":{"@type":"PropertyValueSpecification","valueRequired":true,"valueName":"search_term_string"}}],"inLanguage":"az"},{"@type":"Person","@id":"https:\/\/www.zerdab.com\/#\/schema\/person\/97079b7570c1e89ec0d9e138c3672136","name":"admin","image":{"@type":"ImageObject","inLanguage":"az","@id":"https:\/\/www.zerdab.com\/#\/schema\/person\/image\/","url":"https:\/\/secure.gravatar.com\/avatar\/d9c52a9a27c32119cb6679a077fa3e2779e5f822c451cbf01098004361d466ec?s=96&d=mm&r=g","contentUrl":"https:\/\/secure.gravatar.com\/avatar\/d9c52a9a27c32119cb6679a077fa3e2779e5f822c451cbf01098004361d466ec?s=96&d=mm&r=g","caption":"admin"},"url":"https:\/\/www.zerdab.com\/?author=1"}]}},"_links":{"self":[{"href":"https:\/\/www.zerdab.com\/index.php?rest_route=\/wp\/v2\/posts\/26569","targetHints":{"allow":["GET"]}}],"collection":[{"href":"https:\/\/www.zerdab.com\/index.php?rest_route=\/wp\/v2\/posts"}],"about":[{"href":"https:\/\/www.zerdab.com\/index.php?rest_route=\/wp\/v2\/types\/post"}],"author":[{"embeddable":true,"href":"https:\/\/www.zerdab.com\/index.php?rest_route=\/wp\/v2\/users\/1"}],"replies":[{"embeddable":true,"href":"https:\/\/www.zerdab.com\/index.php?rest_route=%2Fwp%2Fv2%2Fcomments&post=26569"}],"version-history":[{"count":2,"href":"https:\/\/www.zerdab.com\/index.php?rest_route=\/wp\/v2\/posts\/26569\/revisions"}],"predecessor-version":[{"id":26573,"href":"https:\/\/www.zerdab.com\/index.php?rest_route=\/wp\/v2\/posts\/26569\/revisions\/26573"}],"wp:featuredmedia":[{"embeddable":true,"href":"https:\/\/www.zerdab.com\/index.php?rest_route=\/wp\/v2\/media\/26570"}],"wp:attachment":[{"href":"https:\/\/www.zerdab.com\/index.php?rest_route=%2Fwp%2Fv2%2Fmedia&parent=26569"}],"wp:term":[{"taxonomy":"category","embeddable":true,"href":"https:\/\/www.zerdab.com\/index.php?rest_route=%2Fwp%2Fv2%2Fcategories&post=26569"},{"taxonomy":"post_tag","embeddable":true,"href":"https:\/\/www.zerdab.com\/index.php?rest_route=%2Fwp%2Fv2%2Ftags&post=26569"}],"curies":[{"name":"wp","href":"https:\/\/api.w.org\/{rel}","templated":true}]}}