{"id":26580,"date":"2019-03-29T08:00:12","date_gmt":"2019-03-29T04:00:12","guid":{"rendered":"http:\/\/www.zerdab.com\/?p=26580"},"modified":"2019-03-29T12:42:37","modified_gmt":"2019-03-29T08:42:37","slug":"z%c9%99rdabin-f%c9%99xri-general-mayor-inqilab-heyd%c9%99r-oglu-muradov-2","status":"publish","type":"post","link":"https:\/\/www.zerdab.com\/?p=26580","title":{"rendered":"Z\u0259rdab\u0131n f\u0259xri &#8211; general-mayor \u0130nqilab Heyd\u0259r o\u011flu Muradov"},"content":{"rendered":"\n<p>X\u0259b\u0259r verdiyimiz kimi, Prezident&nbsp;\u0130lham \u018fliyevin s\u0259r\u0259ncam\u0131 il\u0259&nbsp;\u0130nqilab Heyd\u0259r o\u011flu Muradova general-mayor h\u0259rbi r\u00fctb\u0259si verilib.<\/p>\n\n\n\n<p><strong>Zerdab.com<\/strong> x\u0259b\u0259r verir ki, \u0130nqilab Muradov 1967-ci ild\u0259 Z\u0259rdab rayonunun \u0130saqba\u011f\u0131 k\u0259ndind\u0259 anadan olub. 1984-1988-ci ill\u0259rd\u0259 Rusiyan\u0131n Kam\u0131\u015finski Ali H\u0259rbi Komandanl\u0131q M\u0259kt\u0259bind\u0259 t\u0259hsil al\u0131b. 1993-c\u00fc ild\u0259n Az\u0259rbaycan Respublikas\u0131 Daxili \u0130\u015fl\u0259r Nazirliyinin Daxili Qo\u015funlar\u0131nda xidm\u0259t edir.<br>30 iyun 2002-ci ild\u0259 &#8220;Az\u0259rbaycan bayra\u011f\u0131\u201d ordeni il\u0259 t\u0259ltif edilib. H\u0259m\u00e7inin \u0130nqilab Muradov &#8220;Q\u00fcsursuz xidm\u0259tl\u0259r\u0259 g\u00f6r\u0259\u201d, &#8220;H\u0259rbi xidm\u0259tl\u0259r\u0259 g\u00f6r\u0259\u201d, 2 v\u0259 3 d\u0259r\u0259c\u0259li &#8220;H\u0259rbi xidm\u0259td\u0259 f\u0259rql\u0259nm\u0259y\u0259 g\u00f6r\u0259\u201d, Az\u0259rbaycan Respublikas\u0131 Silahl\u0131 Q\u00fcvv\u0259l\u0259rinin yubiley medallar\u0131 il\u0259 d\u0259 t\u0259ltif olunub.<br>Prezidentin s\u0259r\u0259ncam\u0131 il\u0259 2018-ci ild\u0259n \u0130nqilab Muradov Daxili \u0130\u015fl\u0259r Nazirliyi Daxili Qo\u015funlar\u0131n\u0131n Q\u0259rargah r\u0259isinin 1-ci m\u00fcavinidir.<\/p>\n","protected":false},"excerpt":{"rendered":"<p>X\u0259b\u0259r verdiyimiz kimi, Prezident&nbsp;\u0130lham \u018fliyevin s\u0259r\u0259ncam\u0131 il\u0259&nbsp;\u0130nqilab Heyd\u0259r o\u011flu Muradova general-mayor h\u0259rbi r\u00fctb\u0259si verilib. Zerdab.com x\u0259b\u0259r verir ki, \u0130nqilab Muradov 1967-ci ild\u0259 Z\u0259rdab rayonunun \u0130saqba\u011f\u0131 k\u0259ndind\u0259 anadan olub. 1984-1988-ci ill\u0259rd\u0259 Rusiyan\u0131n Kam\u0131\u015finski Ali H\u0259rbi Komandanl\u0131q M\u0259kt\u0259bind\u0259 t\u0259hsil al\u0131b. 1993-c\u00fc ild\u0259n Az\u0259rbaycan Respublikas\u0131 Daxili \u0130\u015fl\u0259r Nazirliyinin Daxili Qo\u015funlar\u0131nda xidm\u0259t edir.30 iyun 2002-ci ild\u0259 &#8220;Az\u0259rbaycan bayra\u011f\u0131\u201d ordeni [&hellip;]<\/p>\n","protected":false},"author":1,"featured_media":25394,"comment_status":"open","ping_status":"open","sticky":false,"template":"","format":"standard","meta":{"footnotes":""},"categories":[7,63],"tags":[],"class_list":{"0":"post-26580","1":"post","2":"type-post","3":"status-publish","4":"format-standard","5":"has-post-thumbnail","7":"category-ziyalilar","8":"category-manset"},"yoast_head":"<!-- This site is optimized with the Yoast SEO plugin v27.0 - https:\/\/yoast.com\/product\/yoast-seo-wordpress\/ -->\n<title>Z\u0259rdab\u0131n f\u0259xri - general-mayor \u0130nqilab Heyd\u0259r o\u011flu Muradov - Z\u0259rdab.com<\/title>\n<meta name=\"robots\" content=\"index, follow, max-snippet:-1, max-image-preview:large, max-video-preview:-1\" \/>\n<link rel=\"canonical\" href=\"https:\/\/www.zerdab.com\/?p=26580\" \/>\n<meta property=\"og:locale\" content=\"az_AZ\" \/>\n<meta property=\"og:type\" content=\"article\" \/>\n<meta property=\"og:title\" content=\"Z\u0259rdab\u0131n f\u0259xri - general-mayor \u0130nqilab Heyd\u0259r o\u011flu Muradov - Z\u0259rdab.com\" \/>\n<meta property=\"og:description\" content=\"X\u0259b\u0259r verdiyimiz kimi, Prezident&nbsp;\u0130lham \u018fliyevin s\u0259r\u0259ncam\u0131 il\u0259&nbsp;\u0130nqilab Heyd\u0259r o\u011flu Muradova general-mayor h\u0259rbi r\u00fctb\u0259si verilib. Zerdab.com x\u0259b\u0259r verir ki, \u0130nqilab Muradov 1967-ci ild\u0259 Z\u0259rdab rayonunun \u0130saqba\u011f\u0131 k\u0259ndind\u0259 anadan olub. 1984-1988-ci ill\u0259rd\u0259 Rusiyan\u0131n Kam\u0131\u015finski Ali H\u0259rbi Komandanl\u0131q M\u0259kt\u0259bind\u0259 t\u0259hsil al\u0131b. 1993-c\u00fc ild\u0259n Az\u0259rbaycan Respublikas\u0131 Daxili \u0130\u015fl\u0259r Nazirliyinin Daxili Qo\u015funlar\u0131nda xidm\u0259t edir.30 iyun 2002-ci ild\u0259 &#8220;Az\u0259rbaycan bayra\u011f\u0131\u201d ordeni [&hellip;]\" \/>\n<meta property=\"og:url\" content=\"https:\/\/www.zerdab.com\/?p=26580\" \/>\n<meta property=\"og:site_name\" content=\"Z\u0259rdab.com\" \/>\n<meta property=\"article:published_time\" content=\"2019-03-29T04:00:12+00:00\" \/>\n<meta property=\"article:modified_time\" content=\"2019-03-29T08:42:37+00:00\" \/>\n<meta property=\"og:image\" content=\"https:\/\/www.zerdab.com\/wp-content\/uploads\/2017\/11\/Z\u0259rdab-rayonu.jpg\" \/>\n\t<meta property=\"og:image:width\" content=\"768\" \/>\n\t<meta property=\"og:image:height\" content=\"634\" \/>\n\t<meta property=\"og:image:type\" content=\"image\/jpeg\" \/>\n<meta name=\"author\" content=\"admin\" \/>\n<meta name=\"twitter:card\" content=\"summary_large_image\" \/>\n<meta name=\"twitter:label1\" content=\"Written by\" \/>\n\t<meta name=\"twitter:data1\" content=\"admin\" \/>\n\t<meta name=\"twitter:label2\" content=\"Est. reading time\" \/>\n\t<meta name=\"twitter:data2\" content=\"1 minute\" \/>\n<script type=\"application\/ld+json\" class=\"yoast-schema-graph\">{\"@context\":\"https:\/\/schema.org\",\"@graph\":[{\"@type\":\"Article\",\"@id\":\"https:\/\/www.zerdab.com\/?p=26580#article\",\"isPartOf\":{\"@id\":\"https:\/\/www.zerdab.com\/?p=26580\"},\"author\":{\"name\":\"admin\",\"@id\":\"https:\/\/www.zerdab.com\/#\/schema\/person\/97079b7570c1e89ec0d9e138c3672136\"},\"headline\":\"Z\u0259rdab\u0131n f\u0259xri &#8211; general-mayor \u0130nqilab Heyd\u0259r o\u011flu Muradov\",\"datePublished\":\"2019-03-29T04:00:12+00:00\",\"dateModified\":\"2019-03-29T08:42:37+00:00\",\"mainEntityOfPage\":{\"@id\":\"https:\/\/www.zerdab.com\/?p=26580\"},\"wordCount\":182,\"commentCount\":0,\"image\":{\"@id\":\"https:\/\/www.zerdab.com\/?p=26580#primaryimage\"},\"thumbnailUrl\":\"https:\/\/www.zerdab.com\/wp-content\/uploads\/2017\/11\/Z\u0259rdab-rayonu.jpg\",\"articleSection\":[\"F\u018fXRL\u018fR\u0130M\u0130Z\",\"MAN\u015eET\"],\"inLanguage\":\"az\",\"potentialAction\":[{\"@type\":\"CommentAction\",\"name\":\"Comment\",\"target\":[\"https:\/\/www.zerdab.com\/?p=26580#respond\"]}]},{\"@type\":\"WebPage\",\"@id\":\"https:\/\/www.zerdab.com\/?p=26580\",\"url\":\"https:\/\/www.zerdab.com\/?p=26580\",\"name\":\"Z\u0259rdab\u0131n f\u0259xri - general-mayor \u0130nqilab Heyd\u0259r o\u011flu Muradov - Z\u0259rdab.com\",\"isPartOf\":{\"@id\":\"https:\/\/www.zerdab.com\/#website\"},\"primaryImageOfPage\":{\"@id\":\"https:\/\/www.zerdab.com\/?p=26580#primaryimage\"},\"image\":{\"@id\":\"https:\/\/www.zerdab.com\/?p=26580#primaryimage\"},\"thumbnailUrl\":\"https:\/\/www.zerdab.com\/wp-content\/uploads\/2017\/11\/Z\u0259rdab-rayonu.jpg\",\"datePublished\":\"2019-03-29T04:00:12+00:00\",\"dateModified\":\"2019-03-29T08:42:37+00:00\",\"author\":{\"@id\":\"https:\/\/www.zerdab.com\/#\/schema\/person\/97079b7570c1e89ec0d9e138c3672136\"},\"breadcrumb\":{\"@id\":\"https:\/\/www.zerdab.com\/?p=26580#breadcrumb\"},\"inLanguage\":\"az\",\"potentialAction\":[{\"@type\":\"ReadAction\",\"target\":[\"https:\/\/www.zerdab.com\/?p=26580\"]}]},{\"@type\":\"ImageObject\",\"inLanguage\":\"az\",\"@id\":\"https:\/\/www.zerdab.com\/?p=26580#primaryimage\",\"url\":\"https:\/\/www.zerdab.com\/wp-content\/uploads\/2017\/11\/Z\u0259rdab-rayonu.jpg\",\"contentUrl\":\"https:\/\/www.zerdab.com\/wp-content\/uploads\/2017\/11\/Z\u0259rdab-rayonu.jpg\",\"width\":768,\"height\":634},{\"@type\":\"BreadcrumbList\",\"@id\":\"https:\/\/www.zerdab.com\/?p=26580#breadcrumb\",\"itemListElement\":[{\"@type\":\"ListItem\",\"position\":1,\"name\":\"Home\",\"item\":\"https:\/\/www.zerdab.com\/\"},{\"@type\":\"ListItem\",\"position\":2,\"name\":\"Z\u0259rdab\u0131n f\u0259xri &#8211; general-mayor \u0130nqilab Heyd\u0259r o\u011flu Muradov\"}]},{\"@type\":\"WebSite\",\"@id\":\"https:\/\/www.zerdab.com\/#website\",\"url\":\"https:\/\/www.zerdab.com\/\",\"name\":\"Z\u0259rdab.com\",\"description\":\"\",\"potentialAction\":[{\"@type\":\"SearchAction\",\"target\":{\"@type\":\"EntryPoint\",\"urlTemplate\":\"https:\/\/www.zerdab.com\/?s={search_term_string}\"},\"query-input\":{\"@type\":\"PropertyValueSpecification\",\"valueRequired\":true,\"valueName\":\"search_term_string\"}}],\"inLanguage\":\"az\"},{\"@type\":\"Person\",\"@id\":\"https:\/\/www.zerdab.com\/#\/schema\/person\/97079b7570c1e89ec0d9e138c3672136\",\"name\":\"admin\",\"image\":{\"@type\":\"ImageObject\",\"inLanguage\":\"az\",\"@id\":\"https:\/\/www.zerdab.com\/#\/schema\/person\/image\/\",\"url\":\"https:\/\/secure.gravatar.com\/avatar\/d9c52a9a27c32119cb6679a077fa3e2779e5f822c451cbf01098004361d466ec?s=96&d=mm&r=g\",\"contentUrl\":\"https:\/\/secure.gravatar.com\/avatar\/d9c52a9a27c32119cb6679a077fa3e2779e5f822c451cbf01098004361d466ec?s=96&d=mm&r=g\",\"caption\":\"admin\"},\"url\":\"https:\/\/www.zerdab.com\/?author=1\"}]}<\/script>\n<!-- \/ Yoast SEO plugin. -->","yoast_head_json":{"title":"Z\u0259rdab\u0131n f\u0259xri - general-mayor \u0130nqilab Heyd\u0259r o\u011flu Muradov - Z\u0259rdab.com","robots":{"index":"index","follow":"follow","max-snippet":"max-snippet:-1","max-image-preview":"max-image-preview:large","max-video-preview":"max-video-preview:-1"},"canonical":"https:\/\/www.zerdab.com\/?p=26580","og_locale":"az_AZ","og_type":"article","og_title":"Z\u0259rdab\u0131n f\u0259xri - general-mayor \u0130nqilab Heyd\u0259r o\u011flu Muradov - Z\u0259rdab.com","og_description":"X\u0259b\u0259r verdiyimiz kimi, Prezident&nbsp;\u0130lham \u018fliyevin s\u0259r\u0259ncam\u0131 il\u0259&nbsp;\u0130nqilab Heyd\u0259r o\u011flu Muradova general-mayor h\u0259rbi r\u00fctb\u0259si verilib. Zerdab.com x\u0259b\u0259r verir ki, \u0130nqilab Muradov 1967-ci ild\u0259 Z\u0259rdab rayonunun \u0130saqba\u011f\u0131 k\u0259ndind\u0259 anadan olub. 1984-1988-ci ill\u0259rd\u0259 Rusiyan\u0131n Kam\u0131\u015finski Ali H\u0259rbi Komandanl\u0131q M\u0259kt\u0259bind\u0259 t\u0259hsil al\u0131b. 1993-c\u00fc ild\u0259n Az\u0259rbaycan Respublikas\u0131 Daxili \u0130\u015fl\u0259r Nazirliyinin Daxili Qo\u015funlar\u0131nda xidm\u0259t edir.30 iyun 2002-ci ild\u0259 &#8220;Az\u0259rbaycan bayra\u011f\u0131\u201d ordeni [&hellip;]","og_url":"https:\/\/www.zerdab.com\/?p=26580","og_site_name":"Z\u0259rdab.com","article_published_time":"2019-03-29T04:00:12+00:00","article_modified_time":"2019-03-29T08:42:37+00:00","og_image":[{"width":768,"height":634,"url":"https:\/\/www.zerdab.com\/wp-content\/uploads\/2017\/11\/Z\u0259rdab-rayonu.jpg","type":"image\/jpeg"}],"author":"admin","twitter_card":"summary_large_image","twitter_misc":{"Written by":"admin","Est. reading time":"1 minute"},"schema":{"@context":"https:\/\/schema.org","@graph":[{"@type":"Article","@id":"https:\/\/www.zerdab.com\/?p=26580#article","isPartOf":{"@id":"https:\/\/www.zerdab.com\/?p=26580"},"author":{"name":"admin","@id":"https:\/\/www.zerdab.com\/#\/schema\/person\/97079b7570c1e89ec0d9e138c3672136"},"headline":"Z\u0259rdab\u0131n f\u0259xri &#8211; general-mayor \u0130nqilab Heyd\u0259r o\u011flu Muradov","datePublished":"2019-03-29T04:00:12+00:00","dateModified":"2019-03-29T08:42:37+00:00","mainEntityOfPage":{"@id":"https:\/\/www.zerdab.com\/?p=26580"},"wordCount":182,"commentCount":0,"image":{"@id":"https:\/\/www.zerdab.com\/?p=26580#primaryimage"},"thumbnailUrl":"https:\/\/www.zerdab.com\/wp-content\/uploads\/2017\/11\/Z\u0259rdab-rayonu.jpg","articleSection":["F\u018fXRL\u018fR\u0130M\u0130Z","MAN\u015eET"],"inLanguage":"az","potentialAction":[{"@type":"CommentAction","name":"Comment","target":["https:\/\/www.zerdab.com\/?p=26580#respond"]}]},{"@type":"WebPage","@id":"https:\/\/www.zerdab.com\/?p=26580","url":"https:\/\/www.zerdab.com\/?p=26580","name":"Z\u0259rdab\u0131n f\u0259xri - general-mayor \u0130nqilab Heyd\u0259r o\u011flu Muradov - Z\u0259rdab.com","isPartOf":{"@id":"https:\/\/www.zerdab.com\/#website"},"primaryImageOfPage":{"@id":"https:\/\/www.zerdab.com\/?p=26580#primaryimage"},"image":{"@id":"https:\/\/www.zerdab.com\/?p=26580#primaryimage"},"thumbnailUrl":"https:\/\/www.zerdab.com\/wp-content\/uploads\/2017\/11\/Z\u0259rdab-rayonu.jpg","datePublished":"2019-03-29T04:00:12+00:00","dateModified":"2019-03-29T08:42:37+00:00","author":{"@id":"https:\/\/www.zerdab.com\/#\/schema\/person\/97079b7570c1e89ec0d9e138c3672136"},"breadcrumb":{"@id":"https:\/\/www.zerdab.com\/?p=26580#breadcrumb"},"inLanguage":"az","potentialAction":[{"@type":"ReadAction","target":["https:\/\/www.zerdab.com\/?p=26580"]}]},{"@type":"ImageObject","inLanguage":"az","@id":"https:\/\/www.zerdab.com\/?p=26580#primaryimage","url":"https:\/\/www.zerdab.com\/wp-content\/uploads\/2017\/11\/Z\u0259rdab-rayonu.jpg","contentUrl":"https:\/\/www.zerdab.com\/wp-content\/uploads\/2017\/11\/Z\u0259rdab-rayonu.jpg","width":768,"height":634},{"@type":"BreadcrumbList","@id":"https:\/\/www.zerdab.com\/?p=26580#breadcrumb","itemListElement":[{"@type":"ListItem","position":1,"name":"Home","item":"https:\/\/www.zerdab.com\/"},{"@type":"ListItem","position":2,"name":"Z\u0259rdab\u0131n f\u0259xri &#8211; general-mayor \u0130nqilab Heyd\u0259r o\u011flu Muradov"}]},{"@type":"WebSite","@id":"https:\/\/www.zerdab.com\/#website","url":"https:\/\/www.zerdab.com\/","name":"Z\u0259rdab.com","description":"","potentialAction":[{"@type":"SearchAction","target":{"@type":"EntryPoint","urlTemplate":"https:\/\/www.zerdab.com\/?s={search_term_string}"},"query-input":{"@type":"PropertyValueSpecification","valueRequired":true,"valueName":"search_term_string"}}],"inLanguage":"az"},{"@type":"Person","@id":"https:\/\/www.zerdab.com\/#\/schema\/person\/97079b7570c1e89ec0d9e138c3672136","name":"admin","image":{"@type":"ImageObject","inLanguage":"az","@id":"https:\/\/www.zerdab.com\/#\/schema\/person\/image\/","url":"https:\/\/secure.gravatar.com\/avatar\/d9c52a9a27c32119cb6679a077fa3e2779e5f822c451cbf01098004361d466ec?s=96&d=mm&r=g","contentUrl":"https:\/\/secure.gravatar.com\/avatar\/d9c52a9a27c32119cb6679a077fa3e2779e5f822c451cbf01098004361d466ec?s=96&d=mm&r=g","caption":"admin"},"url":"https:\/\/www.zerdab.com\/?author=1"}]}},"_links":{"self":[{"href":"https:\/\/www.zerdab.com\/index.php?rest_route=\/wp\/v2\/posts\/26580","targetHints":{"allow":["GET"]}}],"collection":[{"href":"https:\/\/www.zerdab.com\/index.php?rest_route=\/wp\/v2\/posts"}],"about":[{"href":"https:\/\/www.zerdab.com\/index.php?rest_route=\/wp\/v2\/types\/post"}],"author":[{"embeddable":true,"href":"https:\/\/www.zerdab.com\/index.php?rest_route=\/wp\/v2\/users\/1"}],"replies":[{"embeddable":true,"href":"https:\/\/www.zerdab.com\/index.php?rest_route=%2Fwp%2Fv2%2Fcomments&post=26580"}],"version-history":[{"count":2,"href":"https:\/\/www.zerdab.com\/index.php?rest_route=\/wp\/v2\/posts\/26580\/revisions"}],"predecessor-version":[{"id":26584,"href":"https:\/\/www.zerdab.com\/index.php?rest_route=\/wp\/v2\/posts\/26580\/revisions\/26584"}],"wp:featuredmedia":[{"embeddable":true,"href":"https:\/\/www.zerdab.com\/index.php?rest_route=\/wp\/v2\/media\/25394"}],"wp:attachment":[{"href":"https:\/\/www.zerdab.com\/index.php?rest_route=%2Fwp%2Fv2%2Fmedia&parent=26580"}],"wp:term":[{"taxonomy":"category","embeddable":true,"href":"https:\/\/www.zerdab.com\/index.php?rest_route=%2Fwp%2Fv2%2Fcategories&post=26580"},{"taxonomy":"post_tag","embeddable":true,"href":"https:\/\/www.zerdab.com\/index.php?rest_route=%2Fwp%2Fv2%2Ftags&post=26580"}],"curies":[{"name":"wp","href":"https:\/\/api.w.org\/{rel}","templated":true}]}}