{"id":26646,"date":"2019-04-05T13:02:18","date_gmt":"2019-04-05T09:02:18","guid":{"rendered":"http:\/\/www.zerdab.com\/?p=26646"},"modified":"2019-04-05T13:02:49","modified_gmt":"2019-04-05T09:02:49","slug":"mu%c9%99lliml%c9%99r-aprel-s%c9%99hidimiz-nurlan-abdullazad%c9%99nin-m%c9%99zari-basinda-fotolar","status":"publish","type":"post","link":"https:\/\/www.zerdab.com\/?p=26646","title":{"rendered":"M\u00fc\u0259lliml\u0259r aprel \u015f\u0259hidimiz Nurlan Abdullazad\u0259nin m\u0259zar\u0131 ba\u015f\u0131nda &#8211; FOTOLAR"},"content":{"rendered":"\n<p>Z\u0259rdab\n\u015f\u0259h\u0259r 2 sayl\u0131 tam orta m\u0259kt\u0259bin m\u00fc\u0259llim kollektivi aprel\nd\u00f6y\u00fc\u015fl\u0259rind\u0259 q\u0259hr\u0259mancas\u0131na \u015f\u0259hid olan Nurlan Abdullazad\u0259nin m\u0259zar\u0131 ba\u015f\u0131nda&#8230;<\/p>\n\n\n\n<figure class=\"wp-block-image\"><img decoding=\"async\" src=\"http:\/\/www.zerdab.com\/wp-content\/uploads\/2019\/04\/zerdab-nurlan-abdullazade1-550x309.jpg\" alt=\"\" class=\"wp-image-26648\"\/><\/figure>\n\n\n\n<p><strong>Zerdab.com<\/strong> sayt\u0131 fotolar\u0131 t\u0259qdim edir. <\/p>\n\n\n\n<figure class=\"wp-block-image\"><img decoding=\"async\" src=\"http:\/\/www.zerdab.com\/wp-content\/uploads\/2019\/04\/zerdab-nurlan-abdullazade-303x550.jpg\" alt=\"\" class=\"wp-image-26649\"\/><\/figure>\n\n\n\n<p>Qeyd\ned\u0259k ki, 1994-c\u00fc il t\u0259v\u0259ll\u00fcdl\u00fc, ail\u0259nin yegan\u0259 o\u011ful \u00f6vlad\u0131, gizir\nAbdullayev Nurlan Rasim o\u011flu aprel\nd\u00f6y\u00fc\u015fl\u0259rind\u0259 T\u0259rt\u0259r b\u00f6lg\u0259sind\u0259 ged\u0259n d\u00f6y\u00fc\u015fl\u0259rd\u0259 q\u0259hr\u0259mancas\u0131na \u015f\u0259hid olub. \u015e\u0259hid do\u011fuldu\u011fu Z\u0259rdab rayonunun B\u00f6y\u00fck\nD\u0259kk\u0259 k\u0259ndind\u0259 torpa\u011fa tap\u015f\u0131r\u0131l\u0131b.<\/p>\n","protected":false},"excerpt":{"rendered":"<p>Z\u0259rdab \u015f\u0259h\u0259r 2 sayl\u0131 tam orta m\u0259kt\u0259bin m\u00fc\u0259llim kollektivi aprel d\u00f6y\u00fc\u015fl\u0259rind\u0259 q\u0259hr\u0259mancas\u0131na \u015f\u0259hid olan Nurlan Abdullazad\u0259nin m\u0259zar\u0131 ba\u015f\u0131nda&#8230; Zerdab.com sayt\u0131 fotolar\u0131 t\u0259qdim edir. Qeyd ed\u0259k ki, 1994-c\u00fc il t\u0259v\u0259ll\u00fcdl\u00fc, ail\u0259nin yegan\u0259 o\u011ful \u00f6vlad\u0131, gizir Abdullayev Nurlan Rasim o\u011flu aprel d\u00f6y\u00fc\u015fl\u0259rind\u0259 T\u0259rt\u0259r b\u00f6lg\u0259sind\u0259 ged\u0259n d\u00f6y\u00fc\u015fl\u0259rd\u0259 q\u0259hr\u0259mancas\u0131na \u015f\u0259hid olub. \u015e\u0259hid do\u011fuldu\u011fu Z\u0259rdab rayonunun B\u00f6y\u00fck D\u0259kk\u0259 k\u0259ndind\u0259 torpa\u011fa [&hellip;]<\/p>\n","protected":false},"author":1,"featured_media":26647,"comment_status":"open","ping_status":"open","sticky":false,"template":"","format":"standard","meta":{"footnotes":""},"categories":[21,63],"tags":[],"class_list":{"0":"post-26646","1":"post","2":"type-post","3":"status-publish","4":"format-standard","5":"has-post-thumbnail","7":"category-zrdab","8":"category-manset"},"yoast_head":"<!-- This site is optimized with the Yoast SEO plugin v27.0 - https:\/\/yoast.com\/product\/yoast-seo-wordpress\/ -->\n<title>M\u00fc\u0259lliml\u0259r aprel \u015f\u0259hidimiz Nurlan Abdullazad\u0259nin m\u0259zar\u0131 ba\u015f\u0131nda - FOTOLAR - Z\u0259rdab.com<\/title>\n<meta name=\"robots\" content=\"index, follow, max-snippet:-1, max-image-preview:large, max-video-preview:-1\" \/>\n<link rel=\"canonical\" href=\"https:\/\/www.zerdab.com\/?p=26646\" \/>\n<meta property=\"og:locale\" content=\"az_AZ\" \/>\n<meta property=\"og:type\" content=\"article\" \/>\n<meta property=\"og:title\" content=\"M\u00fc\u0259lliml\u0259r aprel \u015f\u0259hidimiz Nurlan Abdullazad\u0259nin m\u0259zar\u0131 ba\u015f\u0131nda - FOTOLAR - Z\u0259rdab.com\" \/>\n<meta property=\"og:description\" content=\"Z\u0259rdab \u015f\u0259h\u0259r 2 sayl\u0131 tam orta m\u0259kt\u0259bin m\u00fc\u0259llim kollektivi aprel d\u00f6y\u00fc\u015fl\u0259rind\u0259 q\u0259hr\u0259mancas\u0131na \u015f\u0259hid olan Nurlan Abdullazad\u0259nin m\u0259zar\u0131 ba\u015f\u0131nda&#8230; Zerdab.com sayt\u0131 fotolar\u0131 t\u0259qdim edir. Qeyd ed\u0259k ki, 1994-c\u00fc il t\u0259v\u0259ll\u00fcdl\u00fc, ail\u0259nin yegan\u0259 o\u011ful \u00f6vlad\u0131, gizir Abdullayev Nurlan Rasim o\u011flu aprel d\u00f6y\u00fc\u015fl\u0259rind\u0259 T\u0259rt\u0259r b\u00f6lg\u0259sind\u0259 ged\u0259n d\u00f6y\u00fc\u015fl\u0259rd\u0259 q\u0259hr\u0259mancas\u0131na \u015f\u0259hid olub. \u015e\u0259hid do\u011fuldu\u011fu Z\u0259rdab rayonunun B\u00f6y\u00fck D\u0259kk\u0259 k\u0259ndind\u0259 torpa\u011fa [&hellip;]\" \/>\n<meta property=\"og:url\" content=\"https:\/\/www.zerdab.com\/?p=26646\" \/>\n<meta property=\"og:site_name\" content=\"Z\u0259rdab.com\" \/>\n<meta property=\"article:published_time\" content=\"2019-04-05T09:02:18+00:00\" \/>\n<meta property=\"article:modified_time\" content=\"2019-04-05T09:02:49+00:00\" \/>\n<meta property=\"og:image\" content=\"https:\/\/www.zerdab.com\/wp-content\/uploads\/2019\/04\/zerdab-nurlan-abdullazade-iki-sayli.jpg\" \/>\n\t<meta property=\"og:image:width\" content=\"960\" \/>\n\t<meta property=\"og:image:height\" content=\"540\" \/>\n\t<meta property=\"og:image:type\" content=\"image\/jpeg\" \/>\n<meta name=\"author\" content=\"admin\" \/>\n<meta name=\"twitter:card\" content=\"summary_large_image\" \/>\n<meta name=\"twitter:label1\" content=\"Written by\" \/>\n\t<meta name=\"twitter:data1\" content=\"admin\" \/>\n\t<meta name=\"twitter:label2\" content=\"Est. reading time\" \/>\n\t<meta name=\"twitter:data2\" content=\"1 minute\" \/>\n<script type=\"application\/ld+json\" class=\"yoast-schema-graph\">{\"@context\":\"https:\/\/schema.org\",\"@graph\":[{\"@type\":\"Article\",\"@id\":\"https:\/\/www.zerdab.com\/?p=26646#article\",\"isPartOf\":{\"@id\":\"https:\/\/www.zerdab.com\/?p=26646\"},\"author\":{\"name\":\"admin\",\"@id\":\"https:\/\/www.zerdab.com\/#\/schema\/person\/97079b7570c1e89ec0d9e138c3672136\"},\"headline\":\"M\u00fc\u0259lliml\u0259r aprel \u015f\u0259hidimiz Nurlan Abdullazad\u0259nin m\u0259zar\u0131 ba\u015f\u0131nda &#8211; FOTOLAR\",\"datePublished\":\"2019-04-05T09:02:18+00:00\",\"dateModified\":\"2019-04-05T09:02:49+00:00\",\"mainEntityOfPage\":{\"@id\":\"https:\/\/www.zerdab.com\/?p=26646\"},\"wordCount\":117,\"commentCount\":0,\"image\":{\"@id\":\"https:\/\/www.zerdab.com\/?p=26646#primaryimage\"},\"thumbnailUrl\":\"https:\/\/www.zerdab.com\/wp-content\/uploads\/2019\/04\/zerdab-nurlan-abdullazade-iki-sayli.jpg\",\"articleSection\":[\"C\u018fM\u0130YY\u018fT\",\"MAN\u015eET\"],\"inLanguage\":\"az\",\"potentialAction\":[{\"@type\":\"CommentAction\",\"name\":\"Comment\",\"target\":[\"https:\/\/www.zerdab.com\/?p=26646#respond\"]}]},{\"@type\":\"WebPage\",\"@id\":\"https:\/\/www.zerdab.com\/?p=26646\",\"url\":\"https:\/\/www.zerdab.com\/?p=26646\",\"name\":\"M\u00fc\u0259lliml\u0259r aprel \u015f\u0259hidimiz Nurlan Abdullazad\u0259nin m\u0259zar\u0131 ba\u015f\u0131nda - FOTOLAR - Z\u0259rdab.com\",\"isPartOf\":{\"@id\":\"https:\/\/www.zerdab.com\/#website\"},\"primaryImageOfPage\":{\"@id\":\"https:\/\/www.zerdab.com\/?p=26646#primaryimage\"},\"image\":{\"@id\":\"https:\/\/www.zerdab.com\/?p=26646#primaryimage\"},\"thumbnailUrl\":\"https:\/\/www.zerdab.com\/wp-content\/uploads\/2019\/04\/zerdab-nurlan-abdullazade-iki-sayli.jpg\",\"datePublished\":\"2019-04-05T09:02:18+00:00\",\"dateModified\":\"2019-04-05T09:02:49+00:00\",\"author\":{\"@id\":\"https:\/\/www.zerdab.com\/#\/schema\/person\/97079b7570c1e89ec0d9e138c3672136\"},\"breadcrumb\":{\"@id\":\"https:\/\/www.zerdab.com\/?p=26646#breadcrumb\"},\"inLanguage\":\"az\",\"potentialAction\":[{\"@type\":\"ReadAction\",\"target\":[\"https:\/\/www.zerdab.com\/?p=26646\"]}]},{\"@type\":\"ImageObject\",\"inLanguage\":\"az\",\"@id\":\"https:\/\/www.zerdab.com\/?p=26646#primaryimage\",\"url\":\"https:\/\/www.zerdab.com\/wp-content\/uploads\/2019\/04\/zerdab-nurlan-abdullazade-iki-sayli.jpg\",\"contentUrl\":\"https:\/\/www.zerdab.com\/wp-content\/uploads\/2019\/04\/zerdab-nurlan-abdullazade-iki-sayli.jpg\",\"width\":960,\"height\":540,\"caption\":\"zerdab-nurlan-abdullazade-iki-sayli\"},{\"@type\":\"BreadcrumbList\",\"@id\":\"https:\/\/www.zerdab.com\/?p=26646#breadcrumb\",\"itemListElement\":[{\"@type\":\"ListItem\",\"position\":1,\"name\":\"Home\",\"item\":\"https:\/\/www.zerdab.com\/\"},{\"@type\":\"ListItem\",\"position\":2,\"name\":\"M\u00fc\u0259lliml\u0259r aprel \u015f\u0259hidimiz Nurlan Abdullazad\u0259nin m\u0259zar\u0131 ba\u015f\u0131nda &#8211; FOTOLAR\"}]},{\"@type\":\"WebSite\",\"@id\":\"https:\/\/www.zerdab.com\/#website\",\"url\":\"https:\/\/www.zerdab.com\/\",\"name\":\"Z\u0259rdab.com\",\"description\":\"\",\"potentialAction\":[{\"@type\":\"SearchAction\",\"target\":{\"@type\":\"EntryPoint\",\"urlTemplate\":\"https:\/\/www.zerdab.com\/?s={search_term_string}\"},\"query-input\":{\"@type\":\"PropertyValueSpecification\",\"valueRequired\":true,\"valueName\":\"search_term_string\"}}],\"inLanguage\":\"az\"},{\"@type\":\"Person\",\"@id\":\"https:\/\/www.zerdab.com\/#\/schema\/person\/97079b7570c1e89ec0d9e138c3672136\",\"name\":\"admin\",\"image\":{\"@type\":\"ImageObject\",\"inLanguage\":\"az\",\"@id\":\"https:\/\/www.zerdab.com\/#\/schema\/person\/image\/\",\"url\":\"https:\/\/secure.gravatar.com\/avatar\/d9c52a9a27c32119cb6679a077fa3e2779e5f822c451cbf01098004361d466ec?s=96&d=mm&r=g\",\"contentUrl\":\"https:\/\/secure.gravatar.com\/avatar\/d9c52a9a27c32119cb6679a077fa3e2779e5f822c451cbf01098004361d466ec?s=96&d=mm&r=g\",\"caption\":\"admin\"},\"url\":\"https:\/\/www.zerdab.com\/?author=1\"}]}<\/script>\n<!-- \/ Yoast SEO plugin. -->","yoast_head_json":{"title":"M\u00fc\u0259lliml\u0259r aprel \u015f\u0259hidimiz Nurlan Abdullazad\u0259nin m\u0259zar\u0131 ba\u015f\u0131nda - FOTOLAR - Z\u0259rdab.com","robots":{"index":"index","follow":"follow","max-snippet":"max-snippet:-1","max-image-preview":"max-image-preview:large","max-video-preview":"max-video-preview:-1"},"canonical":"https:\/\/www.zerdab.com\/?p=26646","og_locale":"az_AZ","og_type":"article","og_title":"M\u00fc\u0259lliml\u0259r aprel \u015f\u0259hidimiz Nurlan Abdullazad\u0259nin m\u0259zar\u0131 ba\u015f\u0131nda - FOTOLAR - Z\u0259rdab.com","og_description":"Z\u0259rdab \u015f\u0259h\u0259r 2 sayl\u0131 tam orta m\u0259kt\u0259bin m\u00fc\u0259llim kollektivi aprel d\u00f6y\u00fc\u015fl\u0259rind\u0259 q\u0259hr\u0259mancas\u0131na \u015f\u0259hid olan Nurlan Abdullazad\u0259nin m\u0259zar\u0131 ba\u015f\u0131nda&#8230; Zerdab.com sayt\u0131 fotolar\u0131 t\u0259qdim edir. Qeyd ed\u0259k ki, 1994-c\u00fc il t\u0259v\u0259ll\u00fcdl\u00fc, ail\u0259nin yegan\u0259 o\u011ful \u00f6vlad\u0131, gizir Abdullayev Nurlan Rasim o\u011flu aprel d\u00f6y\u00fc\u015fl\u0259rind\u0259 T\u0259rt\u0259r b\u00f6lg\u0259sind\u0259 ged\u0259n d\u00f6y\u00fc\u015fl\u0259rd\u0259 q\u0259hr\u0259mancas\u0131na \u015f\u0259hid olub. \u015e\u0259hid do\u011fuldu\u011fu Z\u0259rdab rayonunun B\u00f6y\u00fck D\u0259kk\u0259 k\u0259ndind\u0259 torpa\u011fa [&hellip;]","og_url":"https:\/\/www.zerdab.com\/?p=26646","og_site_name":"Z\u0259rdab.com","article_published_time":"2019-04-05T09:02:18+00:00","article_modified_time":"2019-04-05T09:02:49+00:00","og_image":[{"width":960,"height":540,"url":"https:\/\/www.zerdab.com\/wp-content\/uploads\/2019\/04\/zerdab-nurlan-abdullazade-iki-sayli.jpg","type":"image\/jpeg"}],"author":"admin","twitter_card":"summary_large_image","twitter_misc":{"Written by":"admin","Est. reading time":"1 minute"},"schema":{"@context":"https:\/\/schema.org","@graph":[{"@type":"Article","@id":"https:\/\/www.zerdab.com\/?p=26646#article","isPartOf":{"@id":"https:\/\/www.zerdab.com\/?p=26646"},"author":{"name":"admin","@id":"https:\/\/www.zerdab.com\/#\/schema\/person\/97079b7570c1e89ec0d9e138c3672136"},"headline":"M\u00fc\u0259lliml\u0259r aprel \u015f\u0259hidimiz Nurlan Abdullazad\u0259nin m\u0259zar\u0131 ba\u015f\u0131nda &#8211; FOTOLAR","datePublished":"2019-04-05T09:02:18+00:00","dateModified":"2019-04-05T09:02:49+00:00","mainEntityOfPage":{"@id":"https:\/\/www.zerdab.com\/?p=26646"},"wordCount":117,"commentCount":0,"image":{"@id":"https:\/\/www.zerdab.com\/?p=26646#primaryimage"},"thumbnailUrl":"https:\/\/www.zerdab.com\/wp-content\/uploads\/2019\/04\/zerdab-nurlan-abdullazade-iki-sayli.jpg","articleSection":["C\u018fM\u0130YY\u018fT","MAN\u015eET"],"inLanguage":"az","potentialAction":[{"@type":"CommentAction","name":"Comment","target":["https:\/\/www.zerdab.com\/?p=26646#respond"]}]},{"@type":"WebPage","@id":"https:\/\/www.zerdab.com\/?p=26646","url":"https:\/\/www.zerdab.com\/?p=26646","name":"M\u00fc\u0259lliml\u0259r aprel \u015f\u0259hidimiz Nurlan Abdullazad\u0259nin m\u0259zar\u0131 ba\u015f\u0131nda - FOTOLAR - Z\u0259rdab.com","isPartOf":{"@id":"https:\/\/www.zerdab.com\/#website"},"primaryImageOfPage":{"@id":"https:\/\/www.zerdab.com\/?p=26646#primaryimage"},"image":{"@id":"https:\/\/www.zerdab.com\/?p=26646#primaryimage"},"thumbnailUrl":"https:\/\/www.zerdab.com\/wp-content\/uploads\/2019\/04\/zerdab-nurlan-abdullazade-iki-sayli.jpg","datePublished":"2019-04-05T09:02:18+00:00","dateModified":"2019-04-05T09:02:49+00:00","author":{"@id":"https:\/\/www.zerdab.com\/#\/schema\/person\/97079b7570c1e89ec0d9e138c3672136"},"breadcrumb":{"@id":"https:\/\/www.zerdab.com\/?p=26646#breadcrumb"},"inLanguage":"az","potentialAction":[{"@type":"ReadAction","target":["https:\/\/www.zerdab.com\/?p=26646"]}]},{"@type":"ImageObject","inLanguage":"az","@id":"https:\/\/www.zerdab.com\/?p=26646#primaryimage","url":"https:\/\/www.zerdab.com\/wp-content\/uploads\/2019\/04\/zerdab-nurlan-abdullazade-iki-sayli.jpg","contentUrl":"https:\/\/www.zerdab.com\/wp-content\/uploads\/2019\/04\/zerdab-nurlan-abdullazade-iki-sayli.jpg","width":960,"height":540,"caption":"zerdab-nurlan-abdullazade-iki-sayli"},{"@type":"BreadcrumbList","@id":"https:\/\/www.zerdab.com\/?p=26646#breadcrumb","itemListElement":[{"@type":"ListItem","position":1,"name":"Home","item":"https:\/\/www.zerdab.com\/"},{"@type":"ListItem","position":2,"name":"M\u00fc\u0259lliml\u0259r aprel \u015f\u0259hidimiz Nurlan Abdullazad\u0259nin m\u0259zar\u0131 ba\u015f\u0131nda &#8211; FOTOLAR"}]},{"@type":"WebSite","@id":"https:\/\/www.zerdab.com\/#website","url":"https:\/\/www.zerdab.com\/","name":"Z\u0259rdab.com","description":"","potentialAction":[{"@type":"SearchAction","target":{"@type":"EntryPoint","urlTemplate":"https:\/\/www.zerdab.com\/?s={search_term_string}"},"query-input":{"@type":"PropertyValueSpecification","valueRequired":true,"valueName":"search_term_string"}}],"inLanguage":"az"},{"@type":"Person","@id":"https:\/\/www.zerdab.com\/#\/schema\/person\/97079b7570c1e89ec0d9e138c3672136","name":"admin","image":{"@type":"ImageObject","inLanguage":"az","@id":"https:\/\/www.zerdab.com\/#\/schema\/person\/image\/","url":"https:\/\/secure.gravatar.com\/avatar\/d9c52a9a27c32119cb6679a077fa3e2779e5f822c451cbf01098004361d466ec?s=96&d=mm&r=g","contentUrl":"https:\/\/secure.gravatar.com\/avatar\/d9c52a9a27c32119cb6679a077fa3e2779e5f822c451cbf01098004361d466ec?s=96&d=mm&r=g","caption":"admin"},"url":"https:\/\/www.zerdab.com\/?author=1"}]}},"_links":{"self":[{"href":"https:\/\/www.zerdab.com\/index.php?rest_route=\/wp\/v2\/posts\/26646","targetHints":{"allow":["GET"]}}],"collection":[{"href":"https:\/\/www.zerdab.com\/index.php?rest_route=\/wp\/v2\/posts"}],"about":[{"href":"https:\/\/www.zerdab.com\/index.php?rest_route=\/wp\/v2\/types\/post"}],"author":[{"embeddable":true,"href":"https:\/\/www.zerdab.com\/index.php?rest_route=\/wp\/v2\/users\/1"}],"replies":[{"embeddable":true,"href":"https:\/\/www.zerdab.com\/index.php?rest_route=%2Fwp%2Fv2%2Fcomments&post=26646"}],"version-history":[{"count":1,"href":"https:\/\/www.zerdab.com\/index.php?rest_route=\/wp\/v2\/posts\/26646\/revisions"}],"predecessor-version":[{"id":26650,"href":"https:\/\/www.zerdab.com\/index.php?rest_route=\/wp\/v2\/posts\/26646\/revisions\/26650"}],"wp:featuredmedia":[{"embeddable":true,"href":"https:\/\/www.zerdab.com\/index.php?rest_route=\/wp\/v2\/media\/26647"}],"wp:attachment":[{"href":"https:\/\/www.zerdab.com\/index.php?rest_route=%2Fwp%2Fv2%2Fmedia&parent=26646"}],"wp:term":[{"taxonomy":"category","embeddable":true,"href":"https:\/\/www.zerdab.com\/index.php?rest_route=%2Fwp%2Fv2%2Fcategories&post=26646"},{"taxonomy":"post_tag","embeddable":true,"href":"https:\/\/www.zerdab.com\/index.php?rest_route=%2Fwp%2Fv2%2Ftags&post=26646"}],"curies":[{"name":"wp","href":"https:\/\/api.w.org\/{rel}","templated":true}]}}