{"id":26710,"date":"2019-04-10T12:48:12","date_gmt":"2019-04-10T08:48:12","guid":{"rendered":"http:\/\/www.zerdab.com\/?p=26710"},"modified":"2019-04-10T12:48:14","modified_gmt":"2019-04-10T08:48:14","slug":"z%c9%99rdab-ucar-v%c9%99-agdas-sakinl%c9%99rinin-n%c9%99z%c9%99rin%c9%99","status":"publish","type":"post","link":"https:\/\/www.zerdab.com\/?p=26710","title":{"rendered":"Z\u0259rdab, Ucar v\u0259 A\u011fda\u015f sakinl\u0259rinin n\u0259z\u0259rin\u0259"},"content":{"rendered":"\n<p><strong>Prezident \u0130lham \u018fliyevin tap\u015f\u0131r\u0131\u011f\u0131na v\u0259 b\u00f6lg\u0259l\u0259rd\u0259 v\u0259t\u0259nda\u015flar\u0131n q\u0259bulu c\u0259dv\u0259lin\u0259 uy\u011fun olaraq Ba\u015f prokuror Zakir Qaralov cari il aprelin 19-da saat 10:00-da Ucar rayon prokurorlu\u011funun inzibati binas\u0131nda Ucar, A\u011fda\u015f v\u0259 Z\u0259rdab rayon sakinl\u0259rinin q\u0259bulunu ke\u00e7ir\u0259c\u0259k.<\/strong><\/p>\n\n\n\n<p><strong>Zerdab.com<\/strong> sayt\u0131 x\u0259b\u0259r verir ki, q\u0259bulda v\u0259t\u0259nda\u015flar\u0131n prokurorluq orqanlar\u0131n\u0131n s\u0259lahiyy\u0259tl\u0259rin\u0259 aid olan m\u00fcraci\u0259tl\u0259rin\u0259 bax\u0131lacaq.<\/p>\n\n\n\n<p>V\u0259t\u0259nda\u015flar\u0131n q\u0259bulla ba\u011fl\u0131 qeydiyyat\u0131 v\u0259 Ucar rayonuna g\u0259lm\u0259l\u0259rinin t\u0259\u015fkili m\u00fcvafiq rayon prokurorlar\u0131 t\u0259r\u0259find\u0259n h\u0259yata ke\u00e7iril\u0259c\u0259kdir.<\/p>\n\n\n\n<p>V\u0259t\u0259nda\u015flar ya\u015fad\u0131qlar\u0131 \u0259razi \u00fczr\u0259 rayon prokurorluqlar\u0131na yaz\u0131l\u0131 v\u0259 ya \u015fifahi m\u00fcraci\u0259t etm\u0259kl\u0259 yana\u015f\u0131, Ba\u015f Prokurorlu\u011fun M\u00fcraci\u0259tl\u0259r\u0259 bax\u0131lmas\u0131 idar\u0259sinin 437-28-79 n\u00f6mr\u0259li telefonu v\u0259&nbsp;contact@prosecutor.gov.az&nbsp;elektron po\u00e7t \u00fcnvan\u0131 vasit\u0259sil\u0259 d\u0259 q\u0259bula yaz\u0131la bil\u0259rl\u0259r.<\/p>\n","protected":false},"excerpt":{"rendered":"<p>Prezident \u0130lham \u018fliyevin tap\u015f\u0131r\u0131\u011f\u0131na v\u0259 b\u00f6lg\u0259l\u0259rd\u0259 v\u0259t\u0259nda\u015flar\u0131n q\u0259bulu c\u0259dv\u0259lin\u0259 uy\u011fun olaraq Ba\u015f prokuror Zakir Qaralov cari il aprelin 19-da saat 10:00-da Ucar rayon prokurorlu\u011funun inzibati binas\u0131nda Ucar, A\u011fda\u015f v\u0259 Z\u0259rdab rayon sakinl\u0259rinin q\u0259bulunu ke\u00e7ir\u0259c\u0259k. Zerdab.com sayt\u0131 x\u0259b\u0259r verir ki, q\u0259bulda v\u0259t\u0259nda\u015flar\u0131n prokurorluq orqanlar\u0131n\u0131n s\u0259lahiyy\u0259tl\u0259rin\u0259 aid olan m\u00fcraci\u0259tl\u0259rin\u0259 bax\u0131lacaq. V\u0259t\u0259nda\u015flar\u0131n q\u0259bulla ba\u011fl\u0131 qeydiyyat\u0131 v\u0259 Ucar rayonuna [&hellip;]<\/p>\n","protected":false},"author":1,"featured_media":25394,"comment_status":"open","ping_status":"open","sticky":false,"template":"","format":"standard","meta":{"footnotes":""},"categories":[21,63],"tags":[],"class_list":{"0":"post-26710","1":"post","2":"type-post","3":"status-publish","4":"format-standard","5":"has-post-thumbnail","7":"category-zrdab","8":"category-manset"},"yoast_head":"<!-- This site is optimized with the Yoast SEO plugin v27.0 - https:\/\/yoast.com\/product\/yoast-seo-wordpress\/ -->\n<title>Z\u0259rdab, Ucar v\u0259 A\u011fda\u015f sakinl\u0259rinin n\u0259z\u0259rin\u0259 - Z\u0259rdab.com<\/title>\n<meta name=\"robots\" content=\"index, follow, max-snippet:-1, max-image-preview:large, max-video-preview:-1\" \/>\n<link rel=\"canonical\" href=\"https:\/\/www.zerdab.com\/?p=26710\" \/>\n<meta property=\"og:locale\" content=\"az_AZ\" \/>\n<meta property=\"og:type\" content=\"article\" \/>\n<meta property=\"og:title\" content=\"Z\u0259rdab, Ucar v\u0259 A\u011fda\u015f sakinl\u0259rinin n\u0259z\u0259rin\u0259 - Z\u0259rdab.com\" \/>\n<meta property=\"og:description\" content=\"Prezident \u0130lham \u018fliyevin tap\u015f\u0131r\u0131\u011f\u0131na v\u0259 b\u00f6lg\u0259l\u0259rd\u0259 v\u0259t\u0259nda\u015flar\u0131n q\u0259bulu c\u0259dv\u0259lin\u0259 uy\u011fun olaraq Ba\u015f prokuror Zakir Qaralov cari il aprelin 19-da saat 10:00-da Ucar rayon prokurorlu\u011funun inzibati binas\u0131nda Ucar, A\u011fda\u015f v\u0259 Z\u0259rdab rayon sakinl\u0259rinin q\u0259bulunu ke\u00e7ir\u0259c\u0259k. Zerdab.com sayt\u0131 x\u0259b\u0259r verir ki, q\u0259bulda v\u0259t\u0259nda\u015flar\u0131n prokurorluq orqanlar\u0131n\u0131n s\u0259lahiyy\u0259tl\u0259rin\u0259 aid olan m\u00fcraci\u0259tl\u0259rin\u0259 bax\u0131lacaq. V\u0259t\u0259nda\u015flar\u0131n q\u0259bulla ba\u011fl\u0131 qeydiyyat\u0131 v\u0259 Ucar rayonuna [&hellip;]\" \/>\n<meta property=\"og:url\" content=\"https:\/\/www.zerdab.com\/?p=26710\" \/>\n<meta property=\"og:site_name\" content=\"Z\u0259rdab.com\" \/>\n<meta property=\"article:published_time\" content=\"2019-04-10T08:48:12+00:00\" \/>\n<meta property=\"article:modified_time\" content=\"2019-04-10T08:48:14+00:00\" \/>\n<meta property=\"og:image\" content=\"https:\/\/www.zerdab.com\/wp-content\/uploads\/2017\/11\/Z\u0259rdab-rayonu.jpg\" \/>\n\t<meta property=\"og:image:width\" content=\"768\" \/>\n\t<meta property=\"og:image:height\" content=\"634\" \/>\n\t<meta property=\"og:image:type\" content=\"image\/jpeg\" \/>\n<meta name=\"author\" content=\"admin\" \/>\n<meta name=\"twitter:card\" content=\"summary_large_image\" \/>\n<meta name=\"twitter:label1\" content=\"Written by\" \/>\n\t<meta name=\"twitter:data1\" content=\"admin\" \/>\n\t<meta name=\"twitter:label2\" content=\"Est. reading time\" \/>\n\t<meta name=\"twitter:data2\" content=\"1 minute\" \/>\n<script type=\"application\/ld+json\" class=\"yoast-schema-graph\">{\"@context\":\"https:\/\/schema.org\",\"@graph\":[{\"@type\":\"Article\",\"@id\":\"https:\/\/www.zerdab.com\/?p=26710#article\",\"isPartOf\":{\"@id\":\"https:\/\/www.zerdab.com\/?p=26710\"},\"author\":{\"name\":\"admin\",\"@id\":\"https:\/\/www.zerdab.com\/#\/schema\/person\/97079b7570c1e89ec0d9e138c3672136\"},\"headline\":\"Z\u0259rdab, Ucar v\u0259 A\u011fda\u015f sakinl\u0259rinin n\u0259z\u0259rin\u0259\",\"datePublished\":\"2019-04-10T08:48:12+00:00\",\"dateModified\":\"2019-04-10T08:48:14+00:00\",\"mainEntityOfPage\":{\"@id\":\"https:\/\/www.zerdab.com\/?p=26710\"},\"wordCount\":192,\"commentCount\":0,\"image\":{\"@id\":\"https:\/\/www.zerdab.com\/?p=26710#primaryimage\"},\"thumbnailUrl\":\"https:\/\/www.zerdab.com\/wp-content\/uploads\/2017\/11\/Z\u0259rdab-rayonu.jpg\",\"articleSection\":[\"C\u018fM\u0130YY\u018fT\",\"MAN\u015eET\"],\"inLanguage\":\"az\",\"potentialAction\":[{\"@type\":\"CommentAction\",\"name\":\"Comment\",\"target\":[\"https:\/\/www.zerdab.com\/?p=26710#respond\"]}]},{\"@type\":\"WebPage\",\"@id\":\"https:\/\/www.zerdab.com\/?p=26710\",\"url\":\"https:\/\/www.zerdab.com\/?p=26710\",\"name\":\"Z\u0259rdab, Ucar v\u0259 A\u011fda\u015f sakinl\u0259rinin n\u0259z\u0259rin\u0259 - Z\u0259rdab.com\",\"isPartOf\":{\"@id\":\"https:\/\/www.zerdab.com\/#website\"},\"primaryImageOfPage\":{\"@id\":\"https:\/\/www.zerdab.com\/?p=26710#primaryimage\"},\"image\":{\"@id\":\"https:\/\/www.zerdab.com\/?p=26710#primaryimage\"},\"thumbnailUrl\":\"https:\/\/www.zerdab.com\/wp-content\/uploads\/2017\/11\/Z\u0259rdab-rayonu.jpg\",\"datePublished\":\"2019-04-10T08:48:12+00:00\",\"dateModified\":\"2019-04-10T08:48:14+00:00\",\"author\":{\"@id\":\"https:\/\/www.zerdab.com\/#\/schema\/person\/97079b7570c1e89ec0d9e138c3672136\"},\"breadcrumb\":{\"@id\":\"https:\/\/www.zerdab.com\/?p=26710#breadcrumb\"},\"inLanguage\":\"az\",\"potentialAction\":[{\"@type\":\"ReadAction\",\"target\":[\"https:\/\/www.zerdab.com\/?p=26710\"]}]},{\"@type\":\"ImageObject\",\"inLanguage\":\"az\",\"@id\":\"https:\/\/www.zerdab.com\/?p=26710#primaryimage\",\"url\":\"https:\/\/www.zerdab.com\/wp-content\/uploads\/2017\/11\/Z\u0259rdab-rayonu.jpg\",\"contentUrl\":\"https:\/\/www.zerdab.com\/wp-content\/uploads\/2017\/11\/Z\u0259rdab-rayonu.jpg\",\"width\":768,\"height\":634},{\"@type\":\"BreadcrumbList\",\"@id\":\"https:\/\/www.zerdab.com\/?p=26710#breadcrumb\",\"itemListElement\":[{\"@type\":\"ListItem\",\"position\":1,\"name\":\"Home\",\"item\":\"https:\/\/www.zerdab.com\/\"},{\"@type\":\"ListItem\",\"position\":2,\"name\":\"Z\u0259rdab, Ucar v\u0259 A\u011fda\u015f sakinl\u0259rinin n\u0259z\u0259rin\u0259\"}]},{\"@type\":\"WebSite\",\"@id\":\"https:\/\/www.zerdab.com\/#website\",\"url\":\"https:\/\/www.zerdab.com\/\",\"name\":\"Z\u0259rdab.com\",\"description\":\"\",\"potentialAction\":[{\"@type\":\"SearchAction\",\"target\":{\"@type\":\"EntryPoint\",\"urlTemplate\":\"https:\/\/www.zerdab.com\/?s={search_term_string}\"},\"query-input\":{\"@type\":\"PropertyValueSpecification\",\"valueRequired\":true,\"valueName\":\"search_term_string\"}}],\"inLanguage\":\"az\"},{\"@type\":\"Person\",\"@id\":\"https:\/\/www.zerdab.com\/#\/schema\/person\/97079b7570c1e89ec0d9e138c3672136\",\"name\":\"admin\",\"image\":{\"@type\":\"ImageObject\",\"inLanguage\":\"az\",\"@id\":\"https:\/\/www.zerdab.com\/#\/schema\/person\/image\/\",\"url\":\"https:\/\/secure.gravatar.com\/avatar\/d9c52a9a27c32119cb6679a077fa3e2779e5f822c451cbf01098004361d466ec?s=96&d=mm&r=g\",\"contentUrl\":\"https:\/\/secure.gravatar.com\/avatar\/d9c52a9a27c32119cb6679a077fa3e2779e5f822c451cbf01098004361d466ec?s=96&d=mm&r=g\",\"caption\":\"admin\"},\"url\":\"https:\/\/www.zerdab.com\/?author=1\"}]}<\/script>\n<!-- \/ Yoast SEO plugin. -->","yoast_head_json":{"title":"Z\u0259rdab, Ucar v\u0259 A\u011fda\u015f sakinl\u0259rinin n\u0259z\u0259rin\u0259 - Z\u0259rdab.com","robots":{"index":"index","follow":"follow","max-snippet":"max-snippet:-1","max-image-preview":"max-image-preview:large","max-video-preview":"max-video-preview:-1"},"canonical":"https:\/\/www.zerdab.com\/?p=26710","og_locale":"az_AZ","og_type":"article","og_title":"Z\u0259rdab, Ucar v\u0259 A\u011fda\u015f sakinl\u0259rinin n\u0259z\u0259rin\u0259 - Z\u0259rdab.com","og_description":"Prezident \u0130lham \u018fliyevin tap\u015f\u0131r\u0131\u011f\u0131na v\u0259 b\u00f6lg\u0259l\u0259rd\u0259 v\u0259t\u0259nda\u015flar\u0131n q\u0259bulu c\u0259dv\u0259lin\u0259 uy\u011fun olaraq Ba\u015f prokuror Zakir Qaralov cari il aprelin 19-da saat 10:00-da Ucar rayon prokurorlu\u011funun inzibati binas\u0131nda Ucar, A\u011fda\u015f v\u0259 Z\u0259rdab rayon sakinl\u0259rinin q\u0259bulunu ke\u00e7ir\u0259c\u0259k. Zerdab.com sayt\u0131 x\u0259b\u0259r verir ki, q\u0259bulda v\u0259t\u0259nda\u015flar\u0131n prokurorluq orqanlar\u0131n\u0131n s\u0259lahiyy\u0259tl\u0259rin\u0259 aid olan m\u00fcraci\u0259tl\u0259rin\u0259 bax\u0131lacaq. V\u0259t\u0259nda\u015flar\u0131n q\u0259bulla ba\u011fl\u0131 qeydiyyat\u0131 v\u0259 Ucar rayonuna [&hellip;]","og_url":"https:\/\/www.zerdab.com\/?p=26710","og_site_name":"Z\u0259rdab.com","article_published_time":"2019-04-10T08:48:12+00:00","article_modified_time":"2019-04-10T08:48:14+00:00","og_image":[{"width":768,"height":634,"url":"https:\/\/www.zerdab.com\/wp-content\/uploads\/2017\/11\/Z\u0259rdab-rayonu.jpg","type":"image\/jpeg"}],"author":"admin","twitter_card":"summary_large_image","twitter_misc":{"Written by":"admin","Est. reading time":"1 minute"},"schema":{"@context":"https:\/\/schema.org","@graph":[{"@type":"Article","@id":"https:\/\/www.zerdab.com\/?p=26710#article","isPartOf":{"@id":"https:\/\/www.zerdab.com\/?p=26710"},"author":{"name":"admin","@id":"https:\/\/www.zerdab.com\/#\/schema\/person\/97079b7570c1e89ec0d9e138c3672136"},"headline":"Z\u0259rdab, Ucar v\u0259 A\u011fda\u015f sakinl\u0259rinin n\u0259z\u0259rin\u0259","datePublished":"2019-04-10T08:48:12+00:00","dateModified":"2019-04-10T08:48:14+00:00","mainEntityOfPage":{"@id":"https:\/\/www.zerdab.com\/?p=26710"},"wordCount":192,"commentCount":0,"image":{"@id":"https:\/\/www.zerdab.com\/?p=26710#primaryimage"},"thumbnailUrl":"https:\/\/www.zerdab.com\/wp-content\/uploads\/2017\/11\/Z\u0259rdab-rayonu.jpg","articleSection":["C\u018fM\u0130YY\u018fT","MAN\u015eET"],"inLanguage":"az","potentialAction":[{"@type":"CommentAction","name":"Comment","target":["https:\/\/www.zerdab.com\/?p=26710#respond"]}]},{"@type":"WebPage","@id":"https:\/\/www.zerdab.com\/?p=26710","url":"https:\/\/www.zerdab.com\/?p=26710","name":"Z\u0259rdab, Ucar v\u0259 A\u011fda\u015f sakinl\u0259rinin n\u0259z\u0259rin\u0259 - Z\u0259rdab.com","isPartOf":{"@id":"https:\/\/www.zerdab.com\/#website"},"primaryImageOfPage":{"@id":"https:\/\/www.zerdab.com\/?p=26710#primaryimage"},"image":{"@id":"https:\/\/www.zerdab.com\/?p=26710#primaryimage"},"thumbnailUrl":"https:\/\/www.zerdab.com\/wp-content\/uploads\/2017\/11\/Z\u0259rdab-rayonu.jpg","datePublished":"2019-04-10T08:48:12+00:00","dateModified":"2019-04-10T08:48:14+00:00","author":{"@id":"https:\/\/www.zerdab.com\/#\/schema\/person\/97079b7570c1e89ec0d9e138c3672136"},"breadcrumb":{"@id":"https:\/\/www.zerdab.com\/?p=26710#breadcrumb"},"inLanguage":"az","potentialAction":[{"@type":"ReadAction","target":["https:\/\/www.zerdab.com\/?p=26710"]}]},{"@type":"ImageObject","inLanguage":"az","@id":"https:\/\/www.zerdab.com\/?p=26710#primaryimage","url":"https:\/\/www.zerdab.com\/wp-content\/uploads\/2017\/11\/Z\u0259rdab-rayonu.jpg","contentUrl":"https:\/\/www.zerdab.com\/wp-content\/uploads\/2017\/11\/Z\u0259rdab-rayonu.jpg","width":768,"height":634},{"@type":"BreadcrumbList","@id":"https:\/\/www.zerdab.com\/?p=26710#breadcrumb","itemListElement":[{"@type":"ListItem","position":1,"name":"Home","item":"https:\/\/www.zerdab.com\/"},{"@type":"ListItem","position":2,"name":"Z\u0259rdab, Ucar v\u0259 A\u011fda\u015f sakinl\u0259rinin n\u0259z\u0259rin\u0259"}]},{"@type":"WebSite","@id":"https:\/\/www.zerdab.com\/#website","url":"https:\/\/www.zerdab.com\/","name":"Z\u0259rdab.com","description":"","potentialAction":[{"@type":"SearchAction","target":{"@type":"EntryPoint","urlTemplate":"https:\/\/www.zerdab.com\/?s={search_term_string}"},"query-input":{"@type":"PropertyValueSpecification","valueRequired":true,"valueName":"search_term_string"}}],"inLanguage":"az"},{"@type":"Person","@id":"https:\/\/www.zerdab.com\/#\/schema\/person\/97079b7570c1e89ec0d9e138c3672136","name":"admin","image":{"@type":"ImageObject","inLanguage":"az","@id":"https:\/\/www.zerdab.com\/#\/schema\/person\/image\/","url":"https:\/\/secure.gravatar.com\/avatar\/d9c52a9a27c32119cb6679a077fa3e2779e5f822c451cbf01098004361d466ec?s=96&d=mm&r=g","contentUrl":"https:\/\/secure.gravatar.com\/avatar\/d9c52a9a27c32119cb6679a077fa3e2779e5f822c451cbf01098004361d466ec?s=96&d=mm&r=g","caption":"admin"},"url":"https:\/\/www.zerdab.com\/?author=1"}]}},"_links":{"self":[{"href":"https:\/\/www.zerdab.com\/index.php?rest_route=\/wp\/v2\/posts\/26710","targetHints":{"allow":["GET"]}}],"collection":[{"href":"https:\/\/www.zerdab.com\/index.php?rest_route=\/wp\/v2\/posts"}],"about":[{"href":"https:\/\/www.zerdab.com\/index.php?rest_route=\/wp\/v2\/types\/post"}],"author":[{"embeddable":true,"href":"https:\/\/www.zerdab.com\/index.php?rest_route=\/wp\/v2\/users\/1"}],"replies":[{"embeddable":true,"href":"https:\/\/www.zerdab.com\/index.php?rest_route=%2Fwp%2Fv2%2Fcomments&post=26710"}],"version-history":[{"count":1,"href":"https:\/\/www.zerdab.com\/index.php?rest_route=\/wp\/v2\/posts\/26710\/revisions"}],"predecessor-version":[{"id":26711,"href":"https:\/\/www.zerdab.com\/index.php?rest_route=\/wp\/v2\/posts\/26710\/revisions\/26711"}],"wp:featuredmedia":[{"embeddable":true,"href":"https:\/\/www.zerdab.com\/index.php?rest_route=\/wp\/v2\/media\/25394"}],"wp:attachment":[{"href":"https:\/\/www.zerdab.com\/index.php?rest_route=%2Fwp%2Fv2%2Fmedia&parent=26710"}],"wp:term":[{"taxonomy":"category","embeddable":true,"href":"https:\/\/www.zerdab.com\/index.php?rest_route=%2Fwp%2Fv2%2Fcategories&post=26710"},{"taxonomy":"post_tag","embeddable":true,"href":"https:\/\/www.zerdab.com\/index.php?rest_route=%2Fwp%2Fv2%2Ftags&post=26710"}],"curies":[{"name":"wp","href":"https:\/\/api.w.org\/{rel}","templated":true}]}}