{"id":26744,"date":"2019-04-14T12:27:46","date_gmt":"2019-04-14T08:27:46","guid":{"rendered":"http:\/\/www.zerdab.com\/?p=26744"},"modified":"2019-04-14T12:36:11","modified_gmt":"2019-04-14T08:36:11","slug":"yap-z%c9%99rdab-rayon-t%c9%99skilati-g%c9%99ncl%c9%99r-birliyin%c9%99-yeni-s%c9%99dr-secilib-fotolar","status":"publish","type":"post","link":"https:\/\/www.zerdab.com\/?p=26744","title":{"rendered":"YAP Z\u0259rdab rayon t\u0259\u015fkilat\u0131 G\u0259ncl\u0259r birliyin\u0259 yeni s\u0259dr se\u00e7ilib &#8211; Fotolar"},"content":{"rendered":"\n<p>12 aprel 2019-cu il tarixd\u0259 Yeni Az\u0259rbaycan Partiyas\u0131 Z\u0259rdab rayon t\u0259\u015fkilat\u0131 G\u0259ncl\u0259r birliyinin V konfrans\u0131 ke\u00e7irilib. <\/p>\n\n\n\n<p>T\u0259\u015fkilatdan <strong>Zerdab.com<\/strong> sayt\u0131na veril\u0259n m\u0259lumata g\u00f6r\u0259, konfrans i\u015ftirak\u00e7\u0131lar\u0131 \u0259vv\u0259lc\u0259 Heyd\u0259r \u018fliyev xatir\u0259 park\u0131nda Ulu \u00d6nd\u0259rin abid\u0259si \u00f6n\u00fcn\u0259 g\u00fcl d\u0259st\u0259l\u0259ri d\u00fcz\u0259r\u0259k, xatir\u0259sini ehtiramla yad edibl\u0259r.<\/p>\n\n\n\n<p>Konfrans\u0131n r\u0259smi hiss\u0259si Z\u0259rdab Rayon \u0130cra Hakimiyy\u0259tin\u0131n iclas zal\u0131nda davam etdirilib. 61 \u0259razi ilk partiya t\u0259\u015fkilat\u0131ndan se\u00e7ilmi\u015f 300 n\u0259f\u0259r n\u00fcmay\u0259nd\u0259nin 268 n\u0259f\u0259ri konfrans\u0131n i\u015fin\u0259 qat\u0131l\u0131b.<\/p>\n\n\n\n<figure class=\"wp-block-image\"><img decoding=\"async\" src=\"http:\/\/www.zerdab.com\/wp-content\/uploads\/2019\/04\/yap-zerdab-rayon-teskilati-yeni-azerbaycan1-550x365.jpg\" alt=\"\" class=\"wp-image-26746\"\/><\/figure>\n\n\n\n<p>Konfrans\u0131n i\u015find\u0259 eyni zamanda Z\u0259rdab Rayon \u0130cra Hakimiyy\u0259tinin Ba\u015f\u00e7\u0131s\u0131, YAP Z\u0259rdab rayon t\u0259\u015fkilat\u0131n\u0131n \u015fura \u00fczv\u00fc, iqtisadiyyat \u00fczr\u0259 f\u0259ls\u0259f\u0259 doktoru L\u00fcfv\u0259li Babayev, YAP G\u0259ncl\u0259r Birliyinin s\u0259dri, partiyan\u0131n Siyasi \u015euras\u0131n\u0131n \u00fczv\u00fc-Seymur Orucov, Mill\u0259t v\u0259kili, Milli M\u0259clisin M\u0259d\u0259niyy\u0259t Komit\u0259sinin s\u0259dr m\u00fcavini, filiologiya elml\u0259r doktoru, professor &#8211; Jal\u0259 \u018fliyeva, 90 sayl\u0131 A\u011fda\u015f Se\u00e7ki Dair\u0259si&nbsp; \u00fczr\u0259&nbsp;Az\u0259rbaycan Respublikas\u0131n\u0131n&nbsp; Milli M\u0259clisinin&nbsp; Deputat\u0131, YAP N\u0259zar\u0259t T\u0259fti\u015f Komissiyas\u0131n\u0131n \u00fczv\u00fc \u2013 Cavid Osmanov i\u015ftirak edib.<\/p>\n\n\n\n<p>YAP Z\u0259rdab rayon t\u0259\u015fkilat\u0131n\u0131n s\u0259dri P\u0259rvin Mahmudova konfrans\u0131 a\u00e7\u0131q elan etdikd\u0259n sonra Az\u0259rbaycan Respublikas\u0131n\u0131n d\u00f6vl\u0259t himni s\u0259sl\u0259ndirilib. Daha sonra P\u0259rvin Mahmudova konfrans\u0131n g\u00fcnd\u0259liyi haqq\u0131nda m\u0259lumat verib. <\/p>\n\n\n\n<figure class=\"wp-block-image\"><img decoding=\"async\" src=\"http:\/\/www.zerdab.com\/wp-content\/uploads\/2019\/04\/yap-zerdab-rayon-teskilati-yeni-azerbaycan2-550x367.jpg\" alt=\"\" class=\"wp-image-26747\"\/><\/figure>\n\n\n\n<p>G\u00fcnd\u0259liy\u0259 \u0259sas\u0259n YAP Z\u0259rdab rayon t\u0259\u015fkilat\u0131 G\u0259ncl\u0259r Birliyinin s\u0259dri \u018fl\u0259kb\u0259r K\u0259rimovun hesabat\u0131 dinl\u0259nilib. <\/p>\n\n\n\n<p>\u018f. K\u0259rimov \u00f6z \u00e7\u0131x\u0131\u015f\u0131nda rayon t\u0259\u015fkilat\u0131n\u0131n \u00f6t\u0259n konfransdan sonrak\u0131 d\u00f6vr \u0259rzind\u0259ki f\u0259aliyy\u0259ti bar\u0259d\u0259 m\u0259lumat verib. <\/p>\n\n\n\n<p>Qeyd olunub ki, YAP Z\u0259rdab rayon t\u0259\u015fkilat\u0131n\u0131n \u00fczvl\u0259rinin say\u0131 6186 n\u0259f\u0259ri ke\u00e7ib, onlardan g\u0259ncl\u0259rin say\u0131 1745 n\u0259f\u0259rdir. YAP Z\u0259rdab rayon t\u0259\u015fkilat\u0131n\u0131n G\u0259ncl\u0259r birliyinin \u00fczvl\u0259rinin 762 n\u0259f\u0259rini qad\u0131nlar t\u0259\u015fkil edir. G\u0259nc \u00fczvl\u0259rin 561 n\u0259f\u0259ri ali, 291 n\u0259f\u0259ri orta ixtisas, 893 n\u0259f\u0259ri orta t\u0259hsillidir. G\u0259ncl\u0259rin 415 n\u0259f\u0259ri t\u0259hsil, 114 n\u0259f\u0259ri s\u0259hiyy\u0259, 138 n\u0259f\u0259ri idar\u0259etm\u0259, 101 n\u0259f\u0259ri elm, m\u0259d\u0259niyy\u0259t v\u0259 inc\u0259s\u0259n\u0259t sah\u0259sind\u0259,\u00a0 qalan 967 n\u0259f\u0259r is\u0259 dig\u0259r idar\u0259 v\u0259 m\u00fc\u0259ssis\u0259l\u0259rd\u0259 \u00e7al\u0131\u015f\u0131r: &#8220;S\u0131ralar\u0131m\u0131zda olan g\u0259ncl\u0259rin 3 n\u0259f\u0259ri Avropa \u00c7empionu, 1 n\u0259f\u0259ri D\u00fcnya \u00c7empionu, 3 n\u0259f\u0259ri Respublika \u00c7empionu, 1 n\u0259f\u0259ri \u0130dman Ustas\u0131s\u0131d\u0131r. 66 g\u0259ncimiz is\u0259 23 dekabr 2014-c\u00fc ild\u0259 ke\u00e7iril\u0259n b\u0259l\u0259diyy\u0259 se\u00e7kil\u0259rind\u0259 se\u00e7icil\u0259rin etmad\u0131n\u0131 qazanaraq, b\u0259l\u0259diyy\u0259 \u00fczv\u00fc se\u00e7ilibl\u0259r. \u018fn \u0259h\u0259miyy\u0259tlisi odur ki, rayonun \u0259sas istehsal sah\u0259l\u0259rind\u0259, idar\u0259etm\u0259 orqanlar\u0131nda YAP-\u0131n g\u0259nc \u00fczvl\u0259rinin say\u0131 g\u00fcnb\u0259g\u00fcn artmaqdad\u0131r. Bel\u0259likl\u0259, YAP Z\u0259rdab rayon t\u0259\u015fkilat\u0131 G\u0259ncl\u0259r Birliyi rayonun b\u00fct\u00fcn ictimai &#8211; siyasi h\u0259yat\u0131na t\u0259sir etm\u0259k imkanlar\u0131n\u0131, c\u0259miyy\u0259td\u0259ki n\u00fcfuzunu daha da g\u00fccl\u0259ndirir. G\u0259ncl\u0259r Birliyi rayonda f\u0259aliyy\u0259t g\u00f6st\u0259r\u0259n d\u00f6vl\u0259t v\u0259 qeyri h\u00f6kum\u0259t t\u0259\u015fkilatlar\u0131 v\u0259 ictimai birlikl\u0259rl\u0259 \u0259m\u0259kda\u015fl\u0131q \u015f\u0259raitind\u0259 \u00f6z i\u015fini qurmaqla g\u0259ncl\u0259rin v\u0259 yeniyetm\u0259l\u0259rin h\u0259rbi-v\u0259t\u0259np\u0259rv\u0259rlik t\u0259rbiy\u0259si v\u0259 asud\u0259 vaxtlar\u0131n\u0131n s\u0259m\u0259r\u0259li ke\u00e7irilm\u0259si, onlar\u0131n haz\u0131rki durumu, qay\u011f\u0131lar\u0131, probleml\u0259ri v\u0259 ist\u0259kl\u0259rinin \u00f6yr\u0259nilm\u0259si v\u0259 d\u00fczg\u00fcn y\u00f6nl\u0259ndirilm\u0259si istiqam\u0259tind\u0259 \u00f6z i\u015fini s\u0259m\u0259r\u0259li \u015f\u0259kild\u0259 qurma\u011fa \u00e7al\u0131\u015f\u0131b&#8221;.<\/p>\n\n\n\n<figure class=\"wp-block-image\"><img loading=\"lazy\" decoding=\"async\" width=\"550\" height=\"367\" src=\"http:\/\/www.zerdab.com\/wp-content\/uploads\/2019\/04\/yap-zerdab-rayon-teskilati-yeni-azerbaycan3-550x367.jpg\" alt=\"\" class=\"wp-image-26748\" srcset=\"https:\/\/www.zerdab.com\/wp-content\/uploads\/2019\/04\/yap-zerdab-rayon-teskilati-yeni-azerbaycan3-550x367.jpg 550w, https:\/\/www.zerdab.com\/wp-content\/uploads\/2019\/04\/yap-zerdab-rayon-teskilati-yeni-azerbaycan3-400x267.jpg 400w, https:\/\/www.zerdab.com\/wp-content\/uploads\/2019\/04\/yap-zerdab-rayon-teskilati-yeni-azerbaycan3-768x512.jpg 768w, https:\/\/www.zerdab.com\/wp-content\/uploads\/2019\/04\/yap-zerdab-rayon-teskilati-yeni-azerbaycan3-696x464.jpg 696w, https:\/\/www.zerdab.com\/wp-content\/uploads\/2019\/04\/yap-zerdab-rayon-teskilati-yeni-azerbaycan3-1068x712.jpg 1068w, https:\/\/www.zerdab.com\/wp-content\/uploads\/2019\/04\/yap-zerdab-rayon-teskilati-yeni-azerbaycan3-630x420.jpg 630w, https:\/\/www.zerdab.com\/wp-content\/uploads\/2019\/04\/yap-zerdab-rayon-teskilati-yeni-azerbaycan3.jpg 1600w\" sizes=\"auto, (max-width: 550px) 100vw, 550px\" \/><\/figure>\n\n\n\n<p>Daha sonra partiyan\u0131n g\u0259nc \u00fczvl\u0259ri- R\u0259mzi \u015eirinov, N\u0259rmin Baba\u015fova, V\u0259fadar \u0130brahimzad\u0259 \u00e7\u0131x\u0131\u015f ed\u0259r\u0259k, partiyan\u0131n yaranma tarixi, Az\u0259rbaycan Respublikas\u0131n\u0131n sosial-iqtisadi inki\u015faf\u0131 v\u0259 d\u00f6vl\u0259t g\u0259ncl\u0259r siyas\u0259tinin u\u011furlar\u0131, bug\u00fcnk\u00fc g\u00fcnd\u0259 g\u0259ncl\u0259ri d\u00fc\u015f\u00fcnd\u00fcr\u0259n v\u0259 eyni zamanda onlar\u0131 narahat ed\u0259n m\u0259s\u0259l\u0259l\u0259r bar\u0259d\u0259 m\u0259lumat veribl\u0259r.<\/p>\n\n\n\n<p>Konfransda t\u0259\u015fkilati m\u0259s\u0259l\u0259l\u0259r\u0259 d\u0259 bax\u0131l\u0131b. YAP G\u0259ncl\u0259r birliyinin 17 n\u0259f\u0259rd\u0259n ibar\u0259t \u015furas\u0131, 11 n\u0259f\u0259rd\u0259n ibar\u0259t idar\u0259 hey\u0259ti se\u00e7ilib. Gizli s\u0259sverm\u0259 yolu il\u0259 Yarm\u0259mm\u0259dba\u011f\u0131 k\u0259nd tam orta m\u0259kt\u0259binin m\u00fc\u0259llimi R\u0259mzi \u015eirinov YAP Z\u0259rdab rayon t\u0259\u015fkilat\u0131n G\u0259ncl\u0259r Birliyinin s\u0259dri se\u00e7ilib. N\u0259rmin Baba\u015fova v\u0259 V\u0259fadar \u0130brahimzad\u0259s\u0259drin m\u00fcavinl\u0259ri se\u00e7ilibl\u0259r.<\/p>\n\n\n\n<p>YAP Z\u0259rdab rayon t\u0259\u015fkilat\u0131\nG\u0259ncl\u0259r Birliyinin s\u0259dri R\u0259mzi \u015eirinov v\u0259 N\u0259rmin Baba\u015fova YAP G\u0259ncl\u0259r\nBirliyinin Bak\u0131da ke\u00e7iril\u0259c\u0259k V&nbsp;\nkonfrans\u0131na n\u00fcmay\u0259nd\u0259 se\u00e7ilibl\u0259r.<\/p>\n\n\n\n<p>Daha sonra\ntoplant\u0131da \u00e7\u0131x\u0131\u015f ed\u0259n YAP G\u0259ncl\u0259r Birliyinin s\u0259dri Seymur Orucov, Milli M\u0259clisin\ndeputatlar\u0131 Jal\u0259 \u018fliyeva v\u0259 Cavid Osmanov Az\u0259rbaycan d\u00f6vl\u0259tinin g\u0259ncl\u0259r\u0259 g\u00f6st\u0259rdiyi\ny\u00fcks\u0259k diqq\u0259t v\u0259 qay\u011f\u0131dan, Ulu \u00d6nd\u0259r Heyd\u0259r \u018fliyevin t\u0259m\u0259lini qoydu\u011fu d\u00f6vl\u0259t g\u0259ncl\u0259r\nsiyas\u0259tinin Prezident \u0130lham \u018fliyev t\u0259r\u0259find\u0259n u\u011furla davam etdirilm\u0259sind\u0259n, \u00f6lk\u0259mizin\nsosial-iqtisadi, ictimai-m\u0259d\u0259ni, el\u0259c\u0259 d\u0259 idman h\u0259yat\u0131nda g\u0259ncl\u0259rin\nu\u011furlar\u0131ndan dan\u0131\u015f\u0131blar. \u00c7\u0131x\u0131\u015flarda, h\u0259m\u00e7inin Z\u0259rdab rayon g\u0259ncl\u0259rinin d\u0259 \u00f6lk\u0259mizin\nictimai h\u0259yat\u0131nda f\u0259al i\u015ftirak\u0131ndan dan\u0131\u015f\u0131l\u0131b, bu bax\u0131mdan G\u0259ncl\u0259r Birliyi \u00fczvl\u0259rinin\nrolu y\u00fcks\u0259k qiym\u0259tl\u0259ndirilib.<\/p>\n\n\n\n<p>Konfransda \u00e7\u0131x\u0131\u015f ed\u0259n Z\u0259rdab rayon \u0130cra Hakimiyy\u0259tinin ba\u015f\u00e7\u0131s\u0131 L\u00fctv\u0259li Babayev partiyan\u0131n yaranma tarixi, Ulu \u00d6nd\u0259r Heyd\u0259r \u018fliyevin Az\u0259rbaycan xalq\u0131 v\u0259 d\u00f6vl\u0259ti qar\u015f\u0131s\u0131ndak\u0131 xidm\u0259tl\u0259ri, Az\u0259rbaycan Respublikas\u0131n\u0131n Prezidenti, Yeni Az\u0259rbaycan Partiyas\u0131n\u0131n s\u0259dri c\u0259nab \u0130lham \u018fliyevin respublikam\u0131z\u0131n h\u0259rt\u0259r\u0259fli v\u0259 s\u00fcr\u0259tli\u00a0 inki\u015faf\u0131 namin\u0259 h\u0259yata ke\u00e7irdiyi \u00e7ox\u015fax\u0259li v\u0259 innovativ islahatlar bar\u0259d\u0259 geni\u015f m\u0259lumat verib: &#8220;Heyd\u0259r \u018fliyev el\u0259 dahi \u015f\u0259xsiyy\u0259tl\u0259rd\u0259ndir ki, onun ke\u00e7diyi h\u0259yat yolu xalq\u0131n\u0131n d\u00fcn\u0259nini, bu g\u00fcn\u00fcn\u00fc v\u0259 sabah\u0131n\u0131 ayd\u0131n g\u00f6st\u0259rir. 50 il \u00f6nc\u0259 Ulu \u00d6nd\u0259rin respublikam\u0131zda ilk d\u0259f\u0259 siyasi hakimiyy\u0259t\u0259 g\u0259lm\u0259si Az\u0259rbaycanda b\u00f6y\u00fck iqtisadi, elmi v\u0259 \u0259d\u0259bi-m\u0259d\u0259ni inki\u015fafa, m\u00fcst\u0259qil d\u00fc\u015f\u00fcnc\u0259y\u0259 yol a\u00e7\u0131b. T\u0259sad\u00fcfi deyildir ki, h\u0259min ill\u0259r respublikam\u0131z\u0131n intibah d\u00f6vr\u00fc kimi s\u0259ciyy\u0259l\u0259nir. T\u0259biidir ki, bug\u00fcnk\u00fc m\u00fcst\u0259qil Az\u0259rbaycan Heyd\u0259r \u018fliyevin \u015fah \u0259s\u0259ri, Yeni Az\u0259rbaycan Partiyas\u0131 is\u0259 Heyd\u0259r \u018fliyev partiyas\u0131 adland\u0131r\u0131l\u0131r.<\/p>\n\n\n\n<p>Yeni Az\u0259rbaycan Partiyas\u0131 h\u0259qiq\u0259t\u0259n zaman\u0131n t\u0259l\u0259bind\u0259n yaran\u0131b v\u0259 q\u0131sa m\u00fcdd\u0259td\u0259 \u00fcmumxalq partiyas\u0131na \u00e7evrilib&#8221;. <\/p>\n\n\n\n<p>Yekunda Yeni Az\u0259rbaycan Partiyas\u0131 s\u0131ralar\u0131na q\u0259bul olunmu\u015f bir qrup g\u0259nc\u0259 partiya v\u0259siq\u0259l\u0259ri t\u0259qdim olunub.<\/p>\n","protected":false},"excerpt":{"rendered":"<p>12 aprel 2019-cu il tarixd\u0259 Yeni Az\u0259rbaycan Partiyas\u0131 Z\u0259rdab rayon t\u0259\u015fkilat\u0131 G\u0259ncl\u0259r birliyinin V konfrans\u0131 ke\u00e7irilib. T\u0259\u015fkilatdan Zerdab.com sayt\u0131na veril\u0259n m\u0259lumata g\u00f6r\u0259, konfrans i\u015ftirak\u00e7\u0131lar\u0131 \u0259vv\u0259lc\u0259 Heyd\u0259r \u018fliyev xatir\u0259 park\u0131nda Ulu \u00d6nd\u0259rin abid\u0259si \u00f6n\u00fcn\u0259 g\u00fcl d\u0259st\u0259l\u0259ri d\u00fcz\u0259r\u0259k, xatir\u0259sini ehtiramla yad edibl\u0259r. Konfrans\u0131n r\u0259smi hiss\u0259si Z\u0259rdab Rayon \u0130cra Hakimiyy\u0259tin\u0131n iclas zal\u0131nda davam etdirilib. 61 \u0259razi ilk partiya [&hellip;]<\/p>\n","protected":false},"author":1,"featured_media":0,"comment_status":"open","ping_status":"open","sticky":false,"template":"","format":"standard","meta":{"footnotes":""},"categories":[21,63],"tags":[],"class_list":{"0":"post-26744","1":"post","2":"type-post","3":"status-publish","4":"format-standard","6":"category-zrdab","7":"category-manset"},"yoast_head":"<!-- This site is optimized with the Yoast SEO plugin v27.0 - https:\/\/yoast.com\/product\/yoast-seo-wordpress\/ -->\n<title>YAP Z\u0259rdab rayon t\u0259\u015fkilat\u0131 G\u0259ncl\u0259r birliyin\u0259 yeni s\u0259dr se\u00e7ilib - Fotolar - Z\u0259rdab.com<\/title>\n<meta name=\"robots\" content=\"index, follow, max-snippet:-1, max-image-preview:large, max-video-preview:-1\" \/>\n<link rel=\"canonical\" href=\"https:\/\/www.zerdab.com\/?p=26744\" \/>\n<meta property=\"og:locale\" content=\"az_AZ\" \/>\n<meta property=\"og:type\" content=\"article\" \/>\n<meta property=\"og:title\" content=\"YAP Z\u0259rdab rayon t\u0259\u015fkilat\u0131 G\u0259ncl\u0259r birliyin\u0259 yeni s\u0259dr se\u00e7ilib - Fotolar - Z\u0259rdab.com\" \/>\n<meta property=\"og:description\" content=\"12 aprel 2019-cu il tarixd\u0259 Yeni Az\u0259rbaycan Partiyas\u0131 Z\u0259rdab rayon t\u0259\u015fkilat\u0131 G\u0259ncl\u0259r birliyinin V konfrans\u0131 ke\u00e7irilib. T\u0259\u015fkilatdan Zerdab.com sayt\u0131na veril\u0259n m\u0259lumata g\u00f6r\u0259, konfrans i\u015ftirak\u00e7\u0131lar\u0131 \u0259vv\u0259lc\u0259 Heyd\u0259r \u018fliyev xatir\u0259 park\u0131nda Ulu \u00d6nd\u0259rin abid\u0259si \u00f6n\u00fcn\u0259 g\u00fcl d\u0259st\u0259l\u0259ri d\u00fcz\u0259r\u0259k, xatir\u0259sini ehtiramla yad edibl\u0259r. Konfrans\u0131n r\u0259smi hiss\u0259si Z\u0259rdab Rayon \u0130cra Hakimiyy\u0259tin\u0131n iclas zal\u0131nda davam etdirilib. 61 \u0259razi ilk partiya [&hellip;]\" \/>\n<meta property=\"og:url\" content=\"https:\/\/www.zerdab.com\/?p=26744\" \/>\n<meta property=\"og:site_name\" content=\"Z\u0259rdab.com\" \/>\n<meta property=\"article:published_time\" content=\"2019-04-14T08:27:46+00:00\" \/>\n<meta property=\"article:modified_time\" content=\"2019-04-14T08:36:11+00:00\" \/>\n<meta property=\"og:image\" content=\"http:\/\/www.zerdab.com\/wp-content\/uploads\/2019\/04\/yap-zerdab-rayon-teskilati-yeni-azerbaycan1-550x365.jpg\" \/>\n<meta name=\"author\" content=\"admin\" \/>\n<meta name=\"twitter:card\" content=\"summary_large_image\" \/>\n<meta name=\"twitter:label1\" content=\"Written by\" \/>\n\t<meta name=\"twitter:data1\" content=\"admin\" \/>\n\t<meta name=\"twitter:label2\" content=\"Est. reading time\" \/>\n\t<meta name=\"twitter:data2\" content=\"6 minutes\" \/>\n<script type=\"application\/ld+json\" class=\"yoast-schema-graph\">{\"@context\":\"https:\/\/schema.org\",\"@graph\":[{\"@type\":\"Article\",\"@id\":\"https:\/\/www.zerdab.com\/?p=26744#article\",\"isPartOf\":{\"@id\":\"https:\/\/www.zerdab.com\/?p=26744\"},\"author\":{\"name\":\"admin\",\"@id\":\"https:\/\/www.zerdab.com\/#\/schema\/person\/97079b7570c1e89ec0d9e138c3672136\"},\"headline\":\"YAP Z\u0259rdab rayon t\u0259\u015fkilat\u0131 G\u0259ncl\u0259r birliyin\u0259 yeni s\u0259dr se\u00e7ilib &#8211; Fotolar\",\"datePublished\":\"2019-04-14T08:27:46+00:00\",\"dateModified\":\"2019-04-14T08:36:11+00:00\",\"mainEntityOfPage\":{\"@id\":\"https:\/\/www.zerdab.com\/?p=26744\"},\"wordCount\":1280,\"commentCount\":0,\"image\":{\"@id\":\"https:\/\/www.zerdab.com\/?p=26744#primaryimage\"},\"thumbnailUrl\":\"http:\/\/www.zerdab.com\/wp-content\/uploads\/2019\/04\/yap-zerdab-rayon-teskilati-yeni-azerbaycan1-550x365.jpg\",\"articleSection\":[\"C\u018fM\u0130YY\u018fT\",\"MAN\u015eET\"],\"inLanguage\":\"az\",\"potentialAction\":[{\"@type\":\"CommentAction\",\"name\":\"Comment\",\"target\":[\"https:\/\/www.zerdab.com\/?p=26744#respond\"]}]},{\"@type\":\"WebPage\",\"@id\":\"https:\/\/www.zerdab.com\/?p=26744\",\"url\":\"https:\/\/www.zerdab.com\/?p=26744\",\"name\":\"YAP Z\u0259rdab rayon t\u0259\u015fkilat\u0131 G\u0259ncl\u0259r birliyin\u0259 yeni s\u0259dr se\u00e7ilib - Fotolar - Z\u0259rdab.com\",\"isPartOf\":{\"@id\":\"https:\/\/www.zerdab.com\/#website\"},\"primaryImageOfPage\":{\"@id\":\"https:\/\/www.zerdab.com\/?p=26744#primaryimage\"},\"image\":{\"@id\":\"https:\/\/www.zerdab.com\/?p=26744#primaryimage\"},\"thumbnailUrl\":\"http:\/\/www.zerdab.com\/wp-content\/uploads\/2019\/04\/yap-zerdab-rayon-teskilati-yeni-azerbaycan1-550x365.jpg\",\"datePublished\":\"2019-04-14T08:27:46+00:00\",\"dateModified\":\"2019-04-14T08:36:11+00:00\",\"author\":{\"@id\":\"https:\/\/www.zerdab.com\/#\/schema\/person\/97079b7570c1e89ec0d9e138c3672136\"},\"breadcrumb\":{\"@id\":\"https:\/\/www.zerdab.com\/?p=26744#breadcrumb\"},\"inLanguage\":\"az\",\"potentialAction\":[{\"@type\":\"ReadAction\",\"target\":[\"https:\/\/www.zerdab.com\/?p=26744\"]}]},{\"@type\":\"ImageObject\",\"inLanguage\":\"az\",\"@id\":\"https:\/\/www.zerdab.com\/?p=26744#primaryimage\",\"url\":\"\",\"contentUrl\":\"\"},{\"@type\":\"BreadcrumbList\",\"@id\":\"https:\/\/www.zerdab.com\/?p=26744#breadcrumb\",\"itemListElement\":[{\"@type\":\"ListItem\",\"position\":1,\"name\":\"Home\",\"item\":\"https:\/\/www.zerdab.com\/\"},{\"@type\":\"ListItem\",\"position\":2,\"name\":\"YAP Z\u0259rdab rayon t\u0259\u015fkilat\u0131 G\u0259ncl\u0259r birliyin\u0259 yeni s\u0259dr se\u00e7ilib &#8211; Fotolar\"}]},{\"@type\":\"WebSite\",\"@id\":\"https:\/\/www.zerdab.com\/#website\",\"url\":\"https:\/\/www.zerdab.com\/\",\"name\":\"Z\u0259rdab.com\",\"description\":\"\",\"potentialAction\":[{\"@type\":\"SearchAction\",\"target\":{\"@type\":\"EntryPoint\",\"urlTemplate\":\"https:\/\/www.zerdab.com\/?s={search_term_string}\"},\"query-input\":{\"@type\":\"PropertyValueSpecification\",\"valueRequired\":true,\"valueName\":\"search_term_string\"}}],\"inLanguage\":\"az\"},{\"@type\":\"Person\",\"@id\":\"https:\/\/www.zerdab.com\/#\/schema\/person\/97079b7570c1e89ec0d9e138c3672136\",\"name\":\"admin\",\"image\":{\"@type\":\"ImageObject\",\"inLanguage\":\"az\",\"@id\":\"https:\/\/www.zerdab.com\/#\/schema\/person\/image\/\",\"url\":\"https:\/\/secure.gravatar.com\/avatar\/d9c52a9a27c32119cb6679a077fa3e2779e5f822c451cbf01098004361d466ec?s=96&d=mm&r=g\",\"contentUrl\":\"https:\/\/secure.gravatar.com\/avatar\/d9c52a9a27c32119cb6679a077fa3e2779e5f822c451cbf01098004361d466ec?s=96&d=mm&r=g\",\"caption\":\"admin\"},\"url\":\"https:\/\/www.zerdab.com\/?author=1\"}]}<\/script>\n<!-- \/ Yoast SEO plugin. -->","yoast_head_json":{"title":"YAP Z\u0259rdab rayon t\u0259\u015fkilat\u0131 G\u0259ncl\u0259r birliyin\u0259 yeni s\u0259dr se\u00e7ilib - Fotolar - Z\u0259rdab.com","robots":{"index":"index","follow":"follow","max-snippet":"max-snippet:-1","max-image-preview":"max-image-preview:large","max-video-preview":"max-video-preview:-1"},"canonical":"https:\/\/www.zerdab.com\/?p=26744","og_locale":"az_AZ","og_type":"article","og_title":"YAP Z\u0259rdab rayon t\u0259\u015fkilat\u0131 G\u0259ncl\u0259r birliyin\u0259 yeni s\u0259dr se\u00e7ilib - Fotolar - Z\u0259rdab.com","og_description":"12 aprel 2019-cu il tarixd\u0259 Yeni Az\u0259rbaycan Partiyas\u0131 Z\u0259rdab rayon t\u0259\u015fkilat\u0131 G\u0259ncl\u0259r birliyinin V konfrans\u0131 ke\u00e7irilib. T\u0259\u015fkilatdan Zerdab.com sayt\u0131na veril\u0259n m\u0259lumata g\u00f6r\u0259, konfrans i\u015ftirak\u00e7\u0131lar\u0131 \u0259vv\u0259lc\u0259 Heyd\u0259r \u018fliyev xatir\u0259 park\u0131nda Ulu \u00d6nd\u0259rin abid\u0259si \u00f6n\u00fcn\u0259 g\u00fcl d\u0259st\u0259l\u0259ri d\u00fcz\u0259r\u0259k, xatir\u0259sini ehtiramla yad edibl\u0259r. Konfrans\u0131n r\u0259smi hiss\u0259si Z\u0259rdab Rayon \u0130cra Hakimiyy\u0259tin\u0131n iclas zal\u0131nda davam etdirilib. 61 \u0259razi ilk partiya [&hellip;]","og_url":"https:\/\/www.zerdab.com\/?p=26744","og_site_name":"Z\u0259rdab.com","article_published_time":"2019-04-14T08:27:46+00:00","article_modified_time":"2019-04-14T08:36:11+00:00","og_image":[{"url":"http:\/\/www.zerdab.com\/wp-content\/uploads\/2019\/04\/yap-zerdab-rayon-teskilati-yeni-azerbaycan1-550x365.jpg","type":"","width":"","height":""}],"author":"admin","twitter_card":"summary_large_image","twitter_misc":{"Written by":"admin","Est. reading time":"6 minutes"},"schema":{"@context":"https:\/\/schema.org","@graph":[{"@type":"Article","@id":"https:\/\/www.zerdab.com\/?p=26744#article","isPartOf":{"@id":"https:\/\/www.zerdab.com\/?p=26744"},"author":{"name":"admin","@id":"https:\/\/www.zerdab.com\/#\/schema\/person\/97079b7570c1e89ec0d9e138c3672136"},"headline":"YAP Z\u0259rdab rayon t\u0259\u015fkilat\u0131 G\u0259ncl\u0259r birliyin\u0259 yeni s\u0259dr se\u00e7ilib &#8211; Fotolar","datePublished":"2019-04-14T08:27:46+00:00","dateModified":"2019-04-14T08:36:11+00:00","mainEntityOfPage":{"@id":"https:\/\/www.zerdab.com\/?p=26744"},"wordCount":1280,"commentCount":0,"image":{"@id":"https:\/\/www.zerdab.com\/?p=26744#primaryimage"},"thumbnailUrl":"http:\/\/www.zerdab.com\/wp-content\/uploads\/2019\/04\/yap-zerdab-rayon-teskilati-yeni-azerbaycan1-550x365.jpg","articleSection":["C\u018fM\u0130YY\u018fT","MAN\u015eET"],"inLanguage":"az","potentialAction":[{"@type":"CommentAction","name":"Comment","target":["https:\/\/www.zerdab.com\/?p=26744#respond"]}]},{"@type":"WebPage","@id":"https:\/\/www.zerdab.com\/?p=26744","url":"https:\/\/www.zerdab.com\/?p=26744","name":"YAP Z\u0259rdab rayon t\u0259\u015fkilat\u0131 G\u0259ncl\u0259r birliyin\u0259 yeni s\u0259dr se\u00e7ilib - Fotolar - Z\u0259rdab.com","isPartOf":{"@id":"https:\/\/www.zerdab.com\/#website"},"primaryImageOfPage":{"@id":"https:\/\/www.zerdab.com\/?p=26744#primaryimage"},"image":{"@id":"https:\/\/www.zerdab.com\/?p=26744#primaryimage"},"thumbnailUrl":"http:\/\/www.zerdab.com\/wp-content\/uploads\/2019\/04\/yap-zerdab-rayon-teskilati-yeni-azerbaycan1-550x365.jpg","datePublished":"2019-04-14T08:27:46+00:00","dateModified":"2019-04-14T08:36:11+00:00","author":{"@id":"https:\/\/www.zerdab.com\/#\/schema\/person\/97079b7570c1e89ec0d9e138c3672136"},"breadcrumb":{"@id":"https:\/\/www.zerdab.com\/?p=26744#breadcrumb"},"inLanguage":"az","potentialAction":[{"@type":"ReadAction","target":["https:\/\/www.zerdab.com\/?p=26744"]}]},{"@type":"ImageObject","inLanguage":"az","@id":"https:\/\/www.zerdab.com\/?p=26744#primaryimage","url":"","contentUrl":""},{"@type":"BreadcrumbList","@id":"https:\/\/www.zerdab.com\/?p=26744#breadcrumb","itemListElement":[{"@type":"ListItem","position":1,"name":"Home","item":"https:\/\/www.zerdab.com\/"},{"@type":"ListItem","position":2,"name":"YAP Z\u0259rdab rayon t\u0259\u015fkilat\u0131 G\u0259ncl\u0259r birliyin\u0259 yeni s\u0259dr se\u00e7ilib &#8211; Fotolar"}]},{"@type":"WebSite","@id":"https:\/\/www.zerdab.com\/#website","url":"https:\/\/www.zerdab.com\/","name":"Z\u0259rdab.com","description":"","potentialAction":[{"@type":"SearchAction","target":{"@type":"EntryPoint","urlTemplate":"https:\/\/www.zerdab.com\/?s={search_term_string}"},"query-input":{"@type":"PropertyValueSpecification","valueRequired":true,"valueName":"search_term_string"}}],"inLanguage":"az"},{"@type":"Person","@id":"https:\/\/www.zerdab.com\/#\/schema\/person\/97079b7570c1e89ec0d9e138c3672136","name":"admin","image":{"@type":"ImageObject","inLanguage":"az","@id":"https:\/\/www.zerdab.com\/#\/schema\/person\/image\/","url":"https:\/\/secure.gravatar.com\/avatar\/d9c52a9a27c32119cb6679a077fa3e2779e5f822c451cbf01098004361d466ec?s=96&d=mm&r=g","contentUrl":"https:\/\/secure.gravatar.com\/avatar\/d9c52a9a27c32119cb6679a077fa3e2779e5f822c451cbf01098004361d466ec?s=96&d=mm&r=g","caption":"admin"},"url":"https:\/\/www.zerdab.com\/?author=1"}]}},"_links":{"self":[{"href":"https:\/\/www.zerdab.com\/index.php?rest_route=\/wp\/v2\/posts\/26744","targetHints":{"allow":["GET"]}}],"collection":[{"href":"https:\/\/www.zerdab.com\/index.php?rest_route=\/wp\/v2\/posts"}],"about":[{"href":"https:\/\/www.zerdab.com\/index.php?rest_route=\/wp\/v2\/types\/post"}],"author":[{"embeddable":true,"href":"https:\/\/www.zerdab.com\/index.php?rest_route=\/wp\/v2\/users\/1"}],"replies":[{"embeddable":true,"href":"https:\/\/www.zerdab.com\/index.php?rest_route=%2Fwp%2Fv2%2Fcomments&post=26744"}],"version-history":[{"count":2,"href":"https:\/\/www.zerdab.com\/index.php?rest_route=\/wp\/v2\/posts\/26744\/revisions"}],"predecessor-version":[{"id":26751,"href":"https:\/\/www.zerdab.com\/index.php?rest_route=\/wp\/v2\/posts\/26744\/revisions\/26751"}],"wp:attachment":[{"href":"https:\/\/www.zerdab.com\/index.php?rest_route=%2Fwp%2Fv2%2Fmedia&parent=26744"}],"wp:term":[{"taxonomy":"category","embeddable":true,"href":"https:\/\/www.zerdab.com\/index.php?rest_route=%2Fwp%2Fv2%2Fcategories&post=26744"},{"taxonomy":"post_tag","embeddable":true,"href":"https:\/\/www.zerdab.com\/index.php?rest_route=%2Fwp%2Fv2%2Ftags&post=26744"}],"curies":[{"name":"wp","href":"https:\/\/api.w.org\/{rel}","templated":true}]}}