{"id":26771,"date":"2019-04-16T09:56:27","date_gmt":"2019-04-16T05:56:27","guid":{"rendered":"http:\/\/www.zerdab.com\/?p=26771"},"modified":"2019-04-16T10:26:18","modified_gmt":"2019-04-16T06:26:18","slug":"muharib%c9%99-veteranlarina-prezident-t%c9%99qaudu-veril%c9%99c%c9%99k","status":"publish","type":"post","link":"https:\/\/www.zerdab.com\/?p=26771","title":{"rendered":"Qaraba\u011f d\u00f6y\u00fc\u015fl\u0259rind\u0259 ne\u00e7\u0259-ne\u00e7\u0259 Z\u0259rdabl\u0131 g\u0259nc \u00f6z borcunu \u015f\u0259r\u0259fl\u0259 yerin\u0259 yetirib"},"content":{"rendered":"\n<p><strong>Prezident \u0130lham \u018fliyev \u201cM\u00fcharib\u0259 veteranlar\u0131na Az\u0259rbaycan Respublikas\u0131 Prezidentinin t\u0259qa\u00fcd\u00fc\u201dn\u00fcn t\u0259sis edilm\u0259si haqq\u0131nda f\u0259rman imzalay\u0131b.<\/strong><\/p>\n\n\n\n<p>F\u0259rmana \u0259sas\u0259n t\u0259qa\u00fcd\u00fcn ayl\u0131q m\u0259bl\u0259\u011fi 80 manat m\u00fc\u0259yy\u0259n olunub.<\/p>\n\n\n\n<p>T\u0259qa\u00fcd 2019-cu il aprelin 1-d\u0259k kommunal, n\u0259qliyyat v\u0259 dig\u0259r xidm\u0259tl\u0259r\u0259 g\u00f6r\u0259 sosial m\u00fcavin\u0259t alan \u015f\u0259xsl\u0259r\u0259 h\u0259min sosial m\u00fcavin\u0259tin \u0259v\u0259zin\u0259, \u0259m\u0259k pensiyas\u0131 alan v\u0259 d\u00f6y\u00fc\u015f\u0259n ordunun t\u0259rkibind\u0259 xidm\u0259t etmi\u015f m\u00fcharib\u0259 i\u015ftirak\u00e7\u0131lar\u0131na (B\u00f6y\u00fck V\u0259t\u0259n m\u00fcharib\u0259si i\u015ftirak\u00e7\u0131lar\u0131 istisna olmaqla), habel\u0259 d\u00f6y\u00fc\u015f \u0259m\u0259liyyat\u0131 apar\u0131lan \u00f6lk\u0259d\u0259 h\u0259rbi xidm\u0259t borcunu yerin\u0259 yetirmi\u015f h\u0259rbi qulluq\u00e7ulara \u0259m\u0259k pensiyas\u0131n\u0131n s\u0131\u011forta hiss\u0259sin\u0259 \u0259lav\u0259 \u0259v\u0259zin\u0259 verilir; d\u00f6vl\u0259t b\u00fcdc\u0259sind\u0259 \u018fm\u0259k v\u0259 \u018fhalinin Sosial M\u00fcdafi\u0259si Nazirliyin\u0259 n\u0259z\u0259rd\u0259 tutulmu\u015f x\u0259rcl\u0259r hesab\u0131na h\u0259min nazirlik t\u0259r\u0259find\u0259n \u00f6d\u0259nilir;<\/p>\n\n\n\n<p>F\u0259rman\u0131n 1-ci hiss\u0259sin\u0259 \u0259sas\u0259n t\u0259sis edil\u0259n Az\u0259rbaycan Respublikas\u0131 Prezidentinin t\u0259qa\u00fcd\u00fcn\u00fc v\u0259 m\u00fcharib\u0259 v\u0259 ya 1990-c\u0131 ilin 20 Yanvar hadis\u0259l\u0259ri il\u0259 \u0259laq\u0259dar \u0259lilliyi olan \u015f\u0259xsl\u0259r\u0259, 1941-1945-ci ill\u0259r B\u00f6y\u00fck V\u0259t\u0259n m\u00fcharib\u0259si i\u015ftirak\u00e7\u0131lar\u0131na, \u0130kinci D\u00fcnya m\u00fcharib\u0259si d\u00f6vr\u00fcnd\u0259 Leninqrad \u015f\u0259h\u0259rinin m\u00fchasir\u0259si zaman\u0131 \u015f\u0259h\u0259rin m\u00fc\u0259ssis\u0259l\u0259rind\u0259, idar\u0259 v\u0259 t\u0259\u015fkilatlar\u0131nda i\u015fl\u0259mi\u015f v\u0259 \u201cLeninqrad\u0131n m\u00fcdafi\u0259sin\u0259 g\u00f6r\u0259\u201d medal\u0131, \u201cLeninqrad m\u00fchasir\u0259sind\u0259 ya\u015fayan\u201d d\u00f6\u015f ni\u015fan\u0131 il\u0259 t\u0259ltif edilmi\u015f \u015f\u0259xsl\u0259r\u0259, \u00fcmumi x\u0259st\u0259lik, h\u0259rbi xidm\u0259t d\u00f6vr\u00fcnd\u0259 x\u0259st\u0259l\u0259nm\u0259, \u0259m\u0259k z\u0259d\u0259si v\u0259 pe\u015f\u0259 x\u0259st\u0259liyi, h\u0259rbi \u0259m\u0259liyyatlar ke\u00e7iril\u0259n zonada olmaqla \u0259laq\u0259dar, \u00c7ernob\u0131l AES-d\u0259 q\u0259zan\u0131n l\u0259\u011fvi il\u0259 \u0259laq\u0259dar s\u0259b\u0259bl\u0259rd\u0259n I qrup \u0259lilliyi olan \u015f\u0259xsl\u0259r\u0259 Az\u0259rbaycan Respublikas\u0131 Prezidentinin t\u0259qa\u00fcd\u00fcn\u00fc almaq h\u00fcququ olan \u015f\u0259xsl\u0259r\u0259 Az\u0259rbaycan Respublikas\u0131 Prezidentinin qeyd olunan t\u0259qa\u00fcdl\u0259rind\u0259n yaln\u0131z biri \u2013 \u0259n y\u00fcks\u0259yi verilir.<\/p>\n\n\n\n<p>F\u0259rman 2019-cu il aprelin 1-d\u0259n t\u0259tbiq edilir.<\/p>\n\n\n\n<p><strong>Qeyd ed\u0259k ki, Z\u0259rdab rayonunda \u00f6t\u0259n il 2 n\u0259f\u0259r Qaraba\u011f m\u00fcharib\u0259si \u0259lilin\u0259 avtomobil verilib. Bel\u0259likl\u0259, rayonumuzda avtomobill\u0259 t\u0259min edil\u0259n Qaraba\u011f m\u00fcharib\u0259si \u0259lill\u0259rinin say\u0131 24-\u0259 \u00e7at\u0131b.<\/strong><\/p>\n\n\n\n<p><strong>Xat\u0131rladaq ki, Qaraba\u011f u\u011frunda ged\u0259n d\u00f6y\u00fc\u015fl\u0259rd\u0259 ne\u00e7\u0259-ne\u00e7\u0259 Z\u0259rdabl\u0131 g\u0259nc V\u0259t\u0259n qar\u015f\u0131s\u0131nda \u00f6z \u00f6vladl\u0131q borcunu \u015f\u0259r\u0259fl\u0259 yerin\u0259 yetirib. <\/strong><\/p>\n\n\n\n<p><strong>130-dan \u00e7ox q\u0259hr\u0259man Z\u0259rdabl\u0131m\u0131z \u015f\u0259hidlik zirv\u0259sin\u0259 ucal\u0131b. <\/strong><\/p>\n","protected":false},"excerpt":{"rendered":"<p>Prezident \u0130lham \u018fliyev \u201cM\u00fcharib\u0259 veteranlar\u0131na Az\u0259rbaycan Respublikas\u0131 Prezidentinin t\u0259qa\u00fcd\u00fc\u201dn\u00fcn t\u0259sis edilm\u0259si haqq\u0131nda f\u0259rman imzalay\u0131b. F\u0259rmana \u0259sas\u0259n t\u0259qa\u00fcd\u00fcn ayl\u0131q m\u0259bl\u0259\u011fi 80 manat m\u00fc\u0259yy\u0259n olunub. T\u0259qa\u00fcd 2019-cu il aprelin 1-d\u0259k kommunal, n\u0259qliyyat v\u0259 dig\u0259r xidm\u0259tl\u0259r\u0259 g\u00f6r\u0259 sosial m\u00fcavin\u0259t alan \u015f\u0259xsl\u0259r\u0259 h\u0259min sosial m\u00fcavin\u0259tin \u0259v\u0259zin\u0259, \u0259m\u0259k pensiyas\u0131 alan v\u0259 d\u00f6y\u00fc\u015f\u0259n ordunun t\u0259rkibind\u0259 xidm\u0259t etmi\u015f m\u00fcharib\u0259 i\u015ftirak\u00e7\u0131lar\u0131na (B\u00f6y\u00fck V\u0259t\u0259n [&hellip;]<\/p>\n","protected":false},"author":1,"featured_media":26782,"comment_status":"open","ping_status":"open","sticky":false,"template":"","format":"standard","meta":{"footnotes":""},"categories":[21,63],"tags":[],"class_list":{"0":"post-26771","1":"post","2":"type-post","3":"status-publish","4":"format-standard","5":"has-post-thumbnail","7":"category-zrdab","8":"category-manset"},"yoast_head":"<!-- This site is optimized with the Yoast SEO plugin v27.0 - https:\/\/yoast.com\/product\/yoast-seo-wordpress\/ -->\n<title>Qaraba\u011f d\u00f6y\u00fc\u015fl\u0259rind\u0259 ne\u00e7\u0259-ne\u00e7\u0259 Z\u0259rdabl\u0131 g\u0259nc \u00f6z borcunu \u015f\u0259r\u0259fl\u0259 yerin\u0259 yetirib - Z\u0259rdab.com<\/title>\n<meta name=\"robots\" content=\"index, follow, max-snippet:-1, max-image-preview:large, max-video-preview:-1\" \/>\n<link rel=\"canonical\" href=\"https:\/\/www.zerdab.com\/?p=26771\" \/>\n<meta property=\"og:locale\" content=\"az_AZ\" \/>\n<meta property=\"og:type\" content=\"article\" \/>\n<meta property=\"og:title\" content=\"Qaraba\u011f d\u00f6y\u00fc\u015fl\u0259rind\u0259 ne\u00e7\u0259-ne\u00e7\u0259 Z\u0259rdabl\u0131 g\u0259nc \u00f6z borcunu \u015f\u0259r\u0259fl\u0259 yerin\u0259 yetirib - Z\u0259rdab.com\" \/>\n<meta property=\"og:description\" content=\"Prezident \u0130lham \u018fliyev \u201cM\u00fcharib\u0259 veteranlar\u0131na Az\u0259rbaycan Respublikas\u0131 Prezidentinin t\u0259qa\u00fcd\u00fc\u201dn\u00fcn t\u0259sis edilm\u0259si haqq\u0131nda f\u0259rman imzalay\u0131b. F\u0259rmana \u0259sas\u0259n t\u0259qa\u00fcd\u00fcn ayl\u0131q m\u0259bl\u0259\u011fi 80 manat m\u00fc\u0259yy\u0259n olunub. T\u0259qa\u00fcd 2019-cu il aprelin 1-d\u0259k kommunal, n\u0259qliyyat v\u0259 dig\u0259r xidm\u0259tl\u0259r\u0259 g\u00f6r\u0259 sosial m\u00fcavin\u0259t alan \u015f\u0259xsl\u0259r\u0259 h\u0259min sosial m\u00fcavin\u0259tin \u0259v\u0259zin\u0259, \u0259m\u0259k pensiyas\u0131 alan v\u0259 d\u00f6y\u00fc\u015f\u0259n ordunun t\u0259rkibind\u0259 xidm\u0259t etmi\u015f m\u00fcharib\u0259 i\u015ftirak\u00e7\u0131lar\u0131na (B\u00f6y\u00fck V\u0259t\u0259n [&hellip;]\" \/>\n<meta property=\"og:url\" content=\"https:\/\/www.zerdab.com\/?p=26771\" \/>\n<meta property=\"og:site_name\" content=\"Z\u0259rdab.com\" \/>\n<meta property=\"article:published_time\" content=\"2019-04-16T05:56:27+00:00\" \/>\n<meta property=\"article:modified_time\" content=\"2019-04-16T06:26:18+00:00\" \/>\n<meta property=\"og:image\" content=\"https:\/\/www.zerdab.com\/wp-content\/uploads\/2019\/04\/qarabag-karabakh.jpg\" \/>\n\t<meta property=\"og:image:width\" content=\"4000\" \/>\n\t<meta property=\"og:image:height\" content=\"2510\" \/>\n\t<meta property=\"og:image:type\" content=\"image\/jpeg\" \/>\n<meta name=\"author\" content=\"admin\" \/>\n<meta name=\"twitter:card\" content=\"summary_large_image\" \/>\n<meta name=\"twitter:label1\" content=\"Written by\" \/>\n\t<meta name=\"twitter:data1\" content=\"admin\" \/>\n\t<meta name=\"twitter:label2\" content=\"Est. reading time\" \/>\n\t<meta name=\"twitter:data2\" content=\"2 minutes\" \/>\n<script type=\"application\/ld+json\" class=\"yoast-schema-graph\">{\"@context\":\"https:\/\/schema.org\",\"@graph\":[{\"@type\":\"Article\",\"@id\":\"https:\/\/www.zerdab.com\/?p=26771#article\",\"isPartOf\":{\"@id\":\"https:\/\/www.zerdab.com\/?p=26771\"},\"author\":{\"name\":\"admin\",\"@id\":\"https:\/\/www.zerdab.com\/#\/schema\/person\/97079b7570c1e89ec0d9e138c3672136\"},\"headline\":\"Qaraba\u011f d\u00f6y\u00fc\u015fl\u0259rind\u0259 ne\u00e7\u0259-ne\u00e7\u0259 Z\u0259rdabl\u0131 g\u0259nc \u00f6z borcunu \u015f\u0259r\u0259fl\u0259 yerin\u0259 yetirib\",\"datePublished\":\"2019-04-16T05:56:27+00:00\",\"dateModified\":\"2019-04-16T06:26:18+00:00\",\"mainEntityOfPage\":{\"@id\":\"https:\/\/www.zerdab.com\/?p=26771\"},\"wordCount\":489,\"commentCount\":0,\"image\":{\"@id\":\"https:\/\/www.zerdab.com\/?p=26771#primaryimage\"},\"thumbnailUrl\":\"https:\/\/www.zerdab.com\/wp-content\/uploads\/2019\/04\/qarabag-karabakh.jpg\",\"articleSection\":[\"C\u018fM\u0130YY\u018fT\",\"MAN\u015eET\"],\"inLanguage\":\"az\",\"potentialAction\":[{\"@type\":\"CommentAction\",\"name\":\"Comment\",\"target\":[\"https:\/\/www.zerdab.com\/?p=26771#respond\"]}]},{\"@type\":\"WebPage\",\"@id\":\"https:\/\/www.zerdab.com\/?p=26771\",\"url\":\"https:\/\/www.zerdab.com\/?p=26771\",\"name\":\"Qaraba\u011f d\u00f6y\u00fc\u015fl\u0259rind\u0259 ne\u00e7\u0259-ne\u00e7\u0259 Z\u0259rdabl\u0131 g\u0259nc \u00f6z borcunu \u015f\u0259r\u0259fl\u0259 yerin\u0259 yetirib - Z\u0259rdab.com\",\"isPartOf\":{\"@id\":\"https:\/\/www.zerdab.com\/#website\"},\"primaryImageOfPage\":{\"@id\":\"https:\/\/www.zerdab.com\/?p=26771#primaryimage\"},\"image\":{\"@id\":\"https:\/\/www.zerdab.com\/?p=26771#primaryimage\"},\"thumbnailUrl\":\"https:\/\/www.zerdab.com\/wp-content\/uploads\/2019\/04\/qarabag-karabakh.jpg\",\"datePublished\":\"2019-04-16T05:56:27+00:00\",\"dateModified\":\"2019-04-16T06:26:18+00:00\",\"author\":{\"@id\":\"https:\/\/www.zerdab.com\/#\/schema\/person\/97079b7570c1e89ec0d9e138c3672136\"},\"breadcrumb\":{\"@id\":\"https:\/\/www.zerdab.com\/?p=26771#breadcrumb\"},\"inLanguage\":\"az\",\"potentialAction\":[{\"@type\":\"ReadAction\",\"target\":[\"https:\/\/www.zerdab.com\/?p=26771\"]}]},{\"@type\":\"ImageObject\",\"inLanguage\":\"az\",\"@id\":\"https:\/\/www.zerdab.com\/?p=26771#primaryimage\",\"url\":\"https:\/\/www.zerdab.com\/wp-content\/uploads\/2019\/04\/qarabag-karabakh.jpg\",\"contentUrl\":\"https:\/\/www.zerdab.com\/wp-content\/uploads\/2019\/04\/qarabag-karabakh.jpg\",\"width\":4000,\"height\":2510,\"caption\":\"qarabag-karabakh\"},{\"@type\":\"BreadcrumbList\",\"@id\":\"https:\/\/www.zerdab.com\/?p=26771#breadcrumb\",\"itemListElement\":[{\"@type\":\"ListItem\",\"position\":1,\"name\":\"Home\",\"item\":\"https:\/\/www.zerdab.com\/\"},{\"@type\":\"ListItem\",\"position\":2,\"name\":\"Qaraba\u011f d\u00f6y\u00fc\u015fl\u0259rind\u0259 ne\u00e7\u0259-ne\u00e7\u0259 Z\u0259rdabl\u0131 g\u0259nc \u00f6z borcunu \u015f\u0259r\u0259fl\u0259 yerin\u0259 yetirib\"}]},{\"@type\":\"WebSite\",\"@id\":\"https:\/\/www.zerdab.com\/#website\",\"url\":\"https:\/\/www.zerdab.com\/\",\"name\":\"Z\u0259rdab.com\",\"description\":\"\",\"potentialAction\":[{\"@type\":\"SearchAction\",\"target\":{\"@type\":\"EntryPoint\",\"urlTemplate\":\"https:\/\/www.zerdab.com\/?s={search_term_string}\"},\"query-input\":{\"@type\":\"PropertyValueSpecification\",\"valueRequired\":true,\"valueName\":\"search_term_string\"}}],\"inLanguage\":\"az\"},{\"@type\":\"Person\",\"@id\":\"https:\/\/www.zerdab.com\/#\/schema\/person\/97079b7570c1e89ec0d9e138c3672136\",\"name\":\"admin\",\"image\":{\"@type\":\"ImageObject\",\"inLanguage\":\"az\",\"@id\":\"https:\/\/www.zerdab.com\/#\/schema\/person\/image\/\",\"url\":\"https:\/\/secure.gravatar.com\/avatar\/d9c52a9a27c32119cb6679a077fa3e2779e5f822c451cbf01098004361d466ec?s=96&d=mm&r=g\",\"contentUrl\":\"https:\/\/secure.gravatar.com\/avatar\/d9c52a9a27c32119cb6679a077fa3e2779e5f822c451cbf01098004361d466ec?s=96&d=mm&r=g\",\"caption\":\"admin\"},\"url\":\"https:\/\/www.zerdab.com\/?author=1\"}]}<\/script>\n<!-- \/ Yoast SEO plugin. -->","yoast_head_json":{"title":"Qaraba\u011f d\u00f6y\u00fc\u015fl\u0259rind\u0259 ne\u00e7\u0259-ne\u00e7\u0259 Z\u0259rdabl\u0131 g\u0259nc \u00f6z borcunu \u015f\u0259r\u0259fl\u0259 yerin\u0259 yetirib - Z\u0259rdab.com","robots":{"index":"index","follow":"follow","max-snippet":"max-snippet:-1","max-image-preview":"max-image-preview:large","max-video-preview":"max-video-preview:-1"},"canonical":"https:\/\/www.zerdab.com\/?p=26771","og_locale":"az_AZ","og_type":"article","og_title":"Qaraba\u011f d\u00f6y\u00fc\u015fl\u0259rind\u0259 ne\u00e7\u0259-ne\u00e7\u0259 Z\u0259rdabl\u0131 g\u0259nc \u00f6z borcunu \u015f\u0259r\u0259fl\u0259 yerin\u0259 yetirib - Z\u0259rdab.com","og_description":"Prezident \u0130lham \u018fliyev \u201cM\u00fcharib\u0259 veteranlar\u0131na Az\u0259rbaycan Respublikas\u0131 Prezidentinin t\u0259qa\u00fcd\u00fc\u201dn\u00fcn t\u0259sis edilm\u0259si haqq\u0131nda f\u0259rman imzalay\u0131b. F\u0259rmana \u0259sas\u0259n t\u0259qa\u00fcd\u00fcn ayl\u0131q m\u0259bl\u0259\u011fi 80 manat m\u00fc\u0259yy\u0259n olunub. T\u0259qa\u00fcd 2019-cu il aprelin 1-d\u0259k kommunal, n\u0259qliyyat v\u0259 dig\u0259r xidm\u0259tl\u0259r\u0259 g\u00f6r\u0259 sosial m\u00fcavin\u0259t alan \u015f\u0259xsl\u0259r\u0259 h\u0259min sosial m\u00fcavin\u0259tin \u0259v\u0259zin\u0259, \u0259m\u0259k pensiyas\u0131 alan v\u0259 d\u00f6y\u00fc\u015f\u0259n ordunun t\u0259rkibind\u0259 xidm\u0259t etmi\u015f m\u00fcharib\u0259 i\u015ftirak\u00e7\u0131lar\u0131na (B\u00f6y\u00fck V\u0259t\u0259n [&hellip;]","og_url":"https:\/\/www.zerdab.com\/?p=26771","og_site_name":"Z\u0259rdab.com","article_published_time":"2019-04-16T05:56:27+00:00","article_modified_time":"2019-04-16T06:26:18+00:00","og_image":[{"width":4000,"height":2510,"url":"https:\/\/www.zerdab.com\/wp-content\/uploads\/2019\/04\/qarabag-karabakh.jpg","type":"image\/jpeg"}],"author":"admin","twitter_card":"summary_large_image","twitter_misc":{"Written by":"admin","Est. reading time":"2 minutes"},"schema":{"@context":"https:\/\/schema.org","@graph":[{"@type":"Article","@id":"https:\/\/www.zerdab.com\/?p=26771#article","isPartOf":{"@id":"https:\/\/www.zerdab.com\/?p=26771"},"author":{"name":"admin","@id":"https:\/\/www.zerdab.com\/#\/schema\/person\/97079b7570c1e89ec0d9e138c3672136"},"headline":"Qaraba\u011f d\u00f6y\u00fc\u015fl\u0259rind\u0259 ne\u00e7\u0259-ne\u00e7\u0259 Z\u0259rdabl\u0131 g\u0259nc \u00f6z borcunu \u015f\u0259r\u0259fl\u0259 yerin\u0259 yetirib","datePublished":"2019-04-16T05:56:27+00:00","dateModified":"2019-04-16T06:26:18+00:00","mainEntityOfPage":{"@id":"https:\/\/www.zerdab.com\/?p=26771"},"wordCount":489,"commentCount":0,"image":{"@id":"https:\/\/www.zerdab.com\/?p=26771#primaryimage"},"thumbnailUrl":"https:\/\/www.zerdab.com\/wp-content\/uploads\/2019\/04\/qarabag-karabakh.jpg","articleSection":["C\u018fM\u0130YY\u018fT","MAN\u015eET"],"inLanguage":"az","potentialAction":[{"@type":"CommentAction","name":"Comment","target":["https:\/\/www.zerdab.com\/?p=26771#respond"]}]},{"@type":"WebPage","@id":"https:\/\/www.zerdab.com\/?p=26771","url":"https:\/\/www.zerdab.com\/?p=26771","name":"Qaraba\u011f d\u00f6y\u00fc\u015fl\u0259rind\u0259 ne\u00e7\u0259-ne\u00e7\u0259 Z\u0259rdabl\u0131 g\u0259nc \u00f6z borcunu \u015f\u0259r\u0259fl\u0259 yerin\u0259 yetirib - Z\u0259rdab.com","isPartOf":{"@id":"https:\/\/www.zerdab.com\/#website"},"primaryImageOfPage":{"@id":"https:\/\/www.zerdab.com\/?p=26771#primaryimage"},"image":{"@id":"https:\/\/www.zerdab.com\/?p=26771#primaryimage"},"thumbnailUrl":"https:\/\/www.zerdab.com\/wp-content\/uploads\/2019\/04\/qarabag-karabakh.jpg","datePublished":"2019-04-16T05:56:27+00:00","dateModified":"2019-04-16T06:26:18+00:00","author":{"@id":"https:\/\/www.zerdab.com\/#\/schema\/person\/97079b7570c1e89ec0d9e138c3672136"},"breadcrumb":{"@id":"https:\/\/www.zerdab.com\/?p=26771#breadcrumb"},"inLanguage":"az","potentialAction":[{"@type":"ReadAction","target":["https:\/\/www.zerdab.com\/?p=26771"]}]},{"@type":"ImageObject","inLanguage":"az","@id":"https:\/\/www.zerdab.com\/?p=26771#primaryimage","url":"https:\/\/www.zerdab.com\/wp-content\/uploads\/2019\/04\/qarabag-karabakh.jpg","contentUrl":"https:\/\/www.zerdab.com\/wp-content\/uploads\/2019\/04\/qarabag-karabakh.jpg","width":4000,"height":2510,"caption":"qarabag-karabakh"},{"@type":"BreadcrumbList","@id":"https:\/\/www.zerdab.com\/?p=26771#breadcrumb","itemListElement":[{"@type":"ListItem","position":1,"name":"Home","item":"https:\/\/www.zerdab.com\/"},{"@type":"ListItem","position":2,"name":"Qaraba\u011f d\u00f6y\u00fc\u015fl\u0259rind\u0259 ne\u00e7\u0259-ne\u00e7\u0259 Z\u0259rdabl\u0131 g\u0259nc \u00f6z borcunu \u015f\u0259r\u0259fl\u0259 yerin\u0259 yetirib"}]},{"@type":"WebSite","@id":"https:\/\/www.zerdab.com\/#website","url":"https:\/\/www.zerdab.com\/","name":"Z\u0259rdab.com","description":"","potentialAction":[{"@type":"SearchAction","target":{"@type":"EntryPoint","urlTemplate":"https:\/\/www.zerdab.com\/?s={search_term_string}"},"query-input":{"@type":"PropertyValueSpecification","valueRequired":true,"valueName":"search_term_string"}}],"inLanguage":"az"},{"@type":"Person","@id":"https:\/\/www.zerdab.com\/#\/schema\/person\/97079b7570c1e89ec0d9e138c3672136","name":"admin","image":{"@type":"ImageObject","inLanguage":"az","@id":"https:\/\/www.zerdab.com\/#\/schema\/person\/image\/","url":"https:\/\/secure.gravatar.com\/avatar\/d9c52a9a27c32119cb6679a077fa3e2779e5f822c451cbf01098004361d466ec?s=96&d=mm&r=g","contentUrl":"https:\/\/secure.gravatar.com\/avatar\/d9c52a9a27c32119cb6679a077fa3e2779e5f822c451cbf01098004361d466ec?s=96&d=mm&r=g","caption":"admin"},"url":"https:\/\/www.zerdab.com\/?author=1"}]}},"_links":{"self":[{"href":"https:\/\/www.zerdab.com\/index.php?rest_route=\/wp\/v2\/posts\/26771","targetHints":{"allow":["GET"]}}],"collection":[{"href":"https:\/\/www.zerdab.com\/index.php?rest_route=\/wp\/v2\/posts"}],"about":[{"href":"https:\/\/www.zerdab.com\/index.php?rest_route=\/wp\/v2\/types\/post"}],"author":[{"embeddable":true,"href":"https:\/\/www.zerdab.com\/index.php?rest_route=\/wp\/v2\/users\/1"}],"replies":[{"embeddable":true,"href":"https:\/\/www.zerdab.com\/index.php?rest_route=%2Fwp%2Fv2%2Fcomments&post=26771"}],"version-history":[{"count":3,"href":"https:\/\/www.zerdab.com\/index.php?rest_route=\/wp\/v2\/posts\/26771\/revisions"}],"predecessor-version":[{"id":26783,"href":"https:\/\/www.zerdab.com\/index.php?rest_route=\/wp\/v2\/posts\/26771\/revisions\/26783"}],"wp:featuredmedia":[{"embeddable":true,"href":"https:\/\/www.zerdab.com\/index.php?rest_route=\/wp\/v2\/media\/26782"}],"wp:attachment":[{"href":"https:\/\/www.zerdab.com\/index.php?rest_route=%2Fwp%2Fv2%2Fmedia&parent=26771"}],"wp:term":[{"taxonomy":"category","embeddable":true,"href":"https:\/\/www.zerdab.com\/index.php?rest_route=%2Fwp%2Fv2%2Fcategories&post=26771"},{"taxonomy":"post_tag","embeddable":true,"href":"https:\/\/www.zerdab.com\/index.php?rest_route=%2Fwp%2Fv2%2Ftags&post=26771"}],"curies":[{"name":"wp","href":"https:\/\/api.w.org\/{rel}","templated":true}]}}