{"id":26785,"date":"2019-04-16T16:32:21","date_gmt":"2019-04-16T12:32:21","guid":{"rendered":"http:\/\/www.zerdab.com\/?p=26785"},"modified":"2019-04-16T16:53:04","modified_gmt":"2019-04-16T12:53:04","slug":"z%c9%99rdabda-s%c9%99hidin-xatir%c9%99sin%c9%99-tikilmis-abid%c9%99-bulaq-t%c9%99mird%c9%99n-sonra-istifad%c9%99y%c9%99-verilib-fotolar","status":"publish","type":"post","link":"https:\/\/www.zerdab.com\/?p=26785","title":{"rendered":"Z\u0259rdabda \u015f\u0259hidin xatir\u0259sin\u0259 tikilmi\u015f abid\u0259-bulaq t\u0259mird\u0259n sonra istifad\u0259y\u0259 verilib"},"content":{"rendered":"\n<p>Z\u0259rdab rayon F\u0259hl\u0259 q\u0259s\u0259b\u0259sind\u0259 \u015f\u0259hid Etibar H\u00fcseynovun xatir\u0259sin\u0259 tikil\u0259n abid\u0259-bulaq \u0259sasl\u0131 \u015f\u0259kild\u0259 t\u0259mir olunub.<\/p>\n\n\n\n<p><strong>Zerdab.com <\/strong>sayt\u0131 Fakttv.com-a istinad\u0259n\u00a0x\u0259b\u0259r verir ki, xatir\u0259 abid\u0259sinin a\u00e7\u0131l\u0131\u015f\u0131 m\u00fcnasib\u0259til\u0259 ke\u00e7iril\u0259n t\u0259dbird\u0259 Z\u0259rdab Rayon \u0130cra Hakimiyy\u0259ti ba\u015f\u00e7\u0131s\u0131n\u0131n birinci m\u00fcavini R\u0259hman Feyzullayev, S\u0259f\u0259rb\u0259rlik v\u0259 H\u0259rbi Xidm\u0259t\u0259 \u00c7a\u011f\u0131r\u0131\u015f \u00fczr\u0259 D\u00f6vl\u0259t Xidm\u0259ti Z\u0259rdab rayon b\u00f6lm\u0259sinin \u0259m\u0259kda\u015flar\u0131, Z\u0259rdab \u015f\u0259h\u0259r \u0130cra n\u00fcmay\u0259nd\u0259si Hafiz K\u0259rimov, \u015f\u0259hidin d\u00f6y\u00fc\u015f yolda\u015flar\u0131 v\u0259 q\u0259s\u0259b\u0259 sakinl\u0259ri i\u015ftirak edibl\u0259r. <\/p>\n\n\n\n<p>\u015e\u0259hidin ruhu bir d\u0259qiq\u0259lik s\u00fckutla yad edilib. \u0130\u015ftirak\u00e7\u0131lar abid\u0259 \u00f6n\u00fcn\u0259 g\u00fcl d\u0259st\u0259si qoyublar.  <br>\u0130cra Hakimiyy\u0259ti ba\u015f\u00e7\u0131s\u0131n\u0131n birinci m\u00fcavini R\u0259hman Feyzullayev bildirib ki, \u00f6lk\u0259mizin h\u0259r yerind\u0259 oldu\u011fu kimi, Z\u0259rdabda da Qaraba\u011f m\u00fcharib\u0259si \u015f\u0259hidl\u0259rinin xatir\u0259sini bu v\u0259 ya dig\u0259r formada \u0259b\u0259dil\u0259\u015fdirm\u0259k \u0259n\u0259n\u0259si davam edir: &#8220;T\u0259hsil ocaqlar\u0131nda \u015f\u0259hidl\u0259rin b\u00fcstl\u0259ri, abid\u0259l\u0259ri, xatir\u0259 kompleksl\u0259ri ucald\u0131l\u0131b, t\u0259mir\u0259, yenid\u0259n b\u0259rpaya ehtiyac\u0131 olan abid\u0259l\u0259r is\u0259 t\u0259mir olunub. O c\u00fcml\u0259d\u0259n, rayon r\u0259hb\u0259rliyinin tap\u015f\u0131r\u0131\u011f\u0131na \u0259sas\u0259n, \u015f\u0259hid Etibar H\u00fcseynovun ad\u0131n\u0131 da\u015f\u0131yan k\u00fc\u00e7\u0259d\u0259 tikil\u0259n bulaq yenid\u0259n \u0259sasl\u0131 \u015f\u0259kild\u0259 t\u0259mir edilib, \u015f\u0259hidin ad\u0131na layiq s\u0259viyy\u0259y\u0259 g\u0259tirilib&#8221;. <\/p>\n\n\n\n<figure class=\"wp-block-image\"><img decoding=\"async\" src=\"http:\/\/www.zerdab.com\/wp-content\/uploads\/2019\/04\/zerdab-sehid-bulaq-etibar-huseynov1-550x413.jpg\" alt=\"\" class=\"wp-image-26787\"\/><\/figure>\n\n\n\n<p>R. Feyzullayev qeyd edib ki, Prezident \u0130lham \u018fliyev h\u0259r zaman \u015f\u0259hidl\u0259rimiz\u0259 v\u0259 \u015f\u0259hid ail\u0259l\u0259rin\u0259 h\u00f6rm\u0259t v\u0259 ehtiramla yana\u015f\u0131r v\u0259 Ali Ba\u015f Komandan\u0131n ba\u015f\u00e7\u0131l\u0131\u011f\u0131 il\u0259 i\u015f\u011fal alt\u0131nda olan torpaqlar\u0131m\u0131z\u0131n azad edil\u0259c\u0259yi v\u0259 \u015f\u0259hidl\u0259rimizin qisas\u0131n\u0131n al\u0131naca\u011f\u0131 g\u00fcn el\u0259 d\u0259 uzaqda deyil. <\/p>\n\n\n\n<figure class=\"wp-block-image\"><img decoding=\"async\" src=\"http:\/\/www.zerdab.com\/wp-content\/uploads\/2019\/04\/zerdab-sehid-bulaq-etibar-huseynov2-550x413.jpg\" alt=\"\" class=\"wp-image-26788\"\/><\/figure>\n\n\n\n<p>\u015e\u0259hidin qarda\u015f\u0131 b\u00fct\u00fcn \u015f\u0259hid ail\u0259l\u0259rin\u0259 g\u00f6st\u0259rdiyi diqq\u0259t v\u0259 qay\u011f\u0131ya g\u00f6r\u0259 \u00f6lk\u0259mizin Prezidenti \u0130lham \u018fliyev c\u0259nablar\u0131na, \u00f6z ail\u0259si ad\u0131ndan minn\u0259tdarl\u0131\u011f\u0131n\u0131 bildirib. Qarda\u015f\u0131n\u0131n xatir\u0259sinin \u0259b\u0259dil\u0259\u015fdirilm\u0259si \u00fc\u00e7\u00fcn tikilmi\u015f bula\u011f\u0131 \u0259sasl\u0131 \u015f\u0259kild\u0259 t\u0259mir etdirdiyin\u0259 g\u00f6r\u0259 Z\u0259rdab Rayon \u0130cra Hakimiyy\u0259tinin ba\u015f\u00e7\u0131s\u0131 L\u00fctv\u0259li Babayev\u0259 sonsuz t\u0259\u015f\u0259kk\u00fcrl\u0259rinin \u00e7atd\u0131r\u0131lmas\u0131n\u0131 xahi\u015f edib. <\/p>\n\n\n\n<p>Sonda \u015f\u0259hidin ruhuna ehsan verilib.<\/p>\n\n\n\n<p>Fotolar: Fakttv.com sayt\u0131na m\u0259xsusdur. <\/p>\n","protected":false},"excerpt":{"rendered":"<p>Z\u0259rdab rayon F\u0259hl\u0259 q\u0259s\u0259b\u0259sind\u0259 \u015f\u0259hid Etibar H\u00fcseynovun xatir\u0259sin\u0259 tikil\u0259n abid\u0259-bulaq \u0259sasl\u0131 \u015f\u0259kild\u0259 t\u0259mir olunub. Zerdab.com sayt\u0131 Fakttv.com-a istinad\u0259n\u00a0x\u0259b\u0259r verir ki, xatir\u0259 abid\u0259sinin a\u00e7\u0131l\u0131\u015f\u0131 m\u00fcnasib\u0259til\u0259 ke\u00e7iril\u0259n t\u0259dbird\u0259 Z\u0259rdab Rayon \u0130cra Hakimiyy\u0259ti ba\u015f\u00e7\u0131s\u0131n\u0131n birinci m\u00fcavini R\u0259hman Feyzullayev, S\u0259f\u0259rb\u0259rlik v\u0259 H\u0259rbi Xidm\u0259t\u0259 \u00c7a\u011f\u0131r\u0131\u015f \u00fczr\u0259 D\u00f6vl\u0259t Xidm\u0259ti Z\u0259rdab rayon b\u00f6lm\u0259sinin \u0259m\u0259kda\u015flar\u0131, Z\u0259rdab \u015f\u0259h\u0259r \u0130cra n\u00fcmay\u0259nd\u0259si Hafiz K\u0259rimov, \u015f\u0259hidin d\u00f6y\u00fc\u015f [&hellip;]<\/p>\n","protected":false},"author":1,"featured_media":0,"comment_status":"open","ping_status":"open","sticky":false,"template":"","format":"standard","meta":{"footnotes":""},"categories":[63,5],"tags":[],"class_list":{"0":"post-26785","1":"post","2":"type-post","3":"status-publish","4":"format-standard","6":"category-manset","7":"category-knd"},"yoast_head":"<!-- This site is optimized with the Yoast SEO plugin v27.0 - https:\/\/yoast.com\/product\/yoast-seo-wordpress\/ -->\n<title>Z\u0259rdabda \u015f\u0259hidin xatir\u0259sin\u0259 tikilmi\u015f abid\u0259-bulaq t\u0259mird\u0259n sonra istifad\u0259y\u0259 verilib - Z\u0259rdab.com<\/title>\n<meta name=\"robots\" content=\"index, follow, max-snippet:-1, max-image-preview:large, max-video-preview:-1\" \/>\n<link rel=\"canonical\" href=\"https:\/\/www.zerdab.com\/?p=26785\" \/>\n<meta property=\"og:locale\" content=\"az_AZ\" \/>\n<meta property=\"og:type\" content=\"article\" \/>\n<meta property=\"og:title\" content=\"Z\u0259rdabda \u015f\u0259hidin xatir\u0259sin\u0259 tikilmi\u015f abid\u0259-bulaq t\u0259mird\u0259n sonra istifad\u0259y\u0259 verilib - Z\u0259rdab.com\" \/>\n<meta property=\"og:description\" content=\"Z\u0259rdab rayon F\u0259hl\u0259 q\u0259s\u0259b\u0259sind\u0259 \u015f\u0259hid Etibar H\u00fcseynovun xatir\u0259sin\u0259 tikil\u0259n abid\u0259-bulaq \u0259sasl\u0131 \u015f\u0259kild\u0259 t\u0259mir olunub. Zerdab.com sayt\u0131 Fakttv.com-a istinad\u0259n\u00a0x\u0259b\u0259r verir ki, xatir\u0259 abid\u0259sinin a\u00e7\u0131l\u0131\u015f\u0131 m\u00fcnasib\u0259til\u0259 ke\u00e7iril\u0259n t\u0259dbird\u0259 Z\u0259rdab Rayon \u0130cra Hakimiyy\u0259ti ba\u015f\u00e7\u0131s\u0131n\u0131n birinci m\u00fcavini R\u0259hman Feyzullayev, S\u0259f\u0259rb\u0259rlik v\u0259 H\u0259rbi Xidm\u0259t\u0259 \u00c7a\u011f\u0131r\u0131\u015f \u00fczr\u0259 D\u00f6vl\u0259t Xidm\u0259ti Z\u0259rdab rayon b\u00f6lm\u0259sinin \u0259m\u0259kda\u015flar\u0131, Z\u0259rdab \u015f\u0259h\u0259r \u0130cra n\u00fcmay\u0259nd\u0259si Hafiz K\u0259rimov, \u015f\u0259hidin d\u00f6y\u00fc\u015f [&hellip;]\" \/>\n<meta property=\"og:url\" content=\"https:\/\/www.zerdab.com\/?p=26785\" \/>\n<meta property=\"og:site_name\" content=\"Z\u0259rdab.com\" \/>\n<meta property=\"article:published_time\" content=\"2019-04-16T12:32:21+00:00\" \/>\n<meta property=\"article:modified_time\" content=\"2019-04-16T12:53:04+00:00\" \/>\n<meta property=\"og:image\" content=\"http:\/\/www.zerdab.com\/wp-content\/uploads\/2019\/04\/zerdab-sehid-bulaq-etibar-huseynov1-550x413.jpg\" \/>\n<meta name=\"author\" content=\"admin\" \/>\n<meta name=\"twitter:card\" content=\"summary_large_image\" \/>\n<meta name=\"twitter:label1\" content=\"Written by\" \/>\n\t<meta name=\"twitter:data1\" content=\"admin\" \/>\n\t<meta name=\"twitter:label2\" content=\"Est. reading time\" \/>\n\t<meta name=\"twitter:data2\" content=\"2 minutes\" \/>\n<script type=\"application\/ld+json\" class=\"yoast-schema-graph\">{\"@context\":\"https:\/\/schema.org\",\"@graph\":[{\"@type\":\"Article\",\"@id\":\"https:\/\/www.zerdab.com\/?p=26785#article\",\"isPartOf\":{\"@id\":\"https:\/\/www.zerdab.com\/?p=26785\"},\"author\":{\"name\":\"admin\",\"@id\":\"https:\/\/www.zerdab.com\/#\/schema\/person\/97079b7570c1e89ec0d9e138c3672136\"},\"headline\":\"Z\u0259rdabda \u015f\u0259hidin xatir\u0259sin\u0259 tikilmi\u015f abid\u0259-bulaq t\u0259mird\u0259n sonra istifad\u0259y\u0259 verilib\",\"datePublished\":\"2019-04-16T12:32:21+00:00\",\"dateModified\":\"2019-04-16T12:53:04+00:00\",\"mainEntityOfPage\":{\"@id\":\"https:\/\/www.zerdab.com\/?p=26785\"},\"wordCount\":429,\"commentCount\":0,\"image\":{\"@id\":\"https:\/\/www.zerdab.com\/?p=26785#primaryimage\"},\"thumbnailUrl\":\"http:\/\/www.zerdab.com\/wp-content\/uploads\/2019\/04\/zerdab-sehid-bulaq-etibar-huseynov1-550x413.jpg\",\"articleSection\":[\"MAN\u015eET\",\"X\u018fB\u018fRL\u018fR\"],\"inLanguage\":\"az\",\"potentialAction\":[{\"@type\":\"CommentAction\",\"name\":\"Comment\",\"target\":[\"https:\/\/www.zerdab.com\/?p=26785#respond\"]}]},{\"@type\":\"WebPage\",\"@id\":\"https:\/\/www.zerdab.com\/?p=26785\",\"url\":\"https:\/\/www.zerdab.com\/?p=26785\",\"name\":\"Z\u0259rdabda \u015f\u0259hidin xatir\u0259sin\u0259 tikilmi\u015f abid\u0259-bulaq t\u0259mird\u0259n sonra istifad\u0259y\u0259 verilib - Z\u0259rdab.com\",\"isPartOf\":{\"@id\":\"https:\/\/www.zerdab.com\/#website\"},\"primaryImageOfPage\":{\"@id\":\"https:\/\/www.zerdab.com\/?p=26785#primaryimage\"},\"image\":{\"@id\":\"https:\/\/www.zerdab.com\/?p=26785#primaryimage\"},\"thumbnailUrl\":\"http:\/\/www.zerdab.com\/wp-content\/uploads\/2019\/04\/zerdab-sehid-bulaq-etibar-huseynov1-550x413.jpg\",\"datePublished\":\"2019-04-16T12:32:21+00:00\",\"dateModified\":\"2019-04-16T12:53:04+00:00\",\"author\":{\"@id\":\"https:\/\/www.zerdab.com\/#\/schema\/person\/97079b7570c1e89ec0d9e138c3672136\"},\"breadcrumb\":{\"@id\":\"https:\/\/www.zerdab.com\/?p=26785#breadcrumb\"},\"inLanguage\":\"az\",\"potentialAction\":[{\"@type\":\"ReadAction\",\"target\":[\"https:\/\/www.zerdab.com\/?p=26785\"]}]},{\"@type\":\"ImageObject\",\"inLanguage\":\"az\",\"@id\":\"https:\/\/www.zerdab.com\/?p=26785#primaryimage\",\"url\":\"\",\"contentUrl\":\"\"},{\"@type\":\"BreadcrumbList\",\"@id\":\"https:\/\/www.zerdab.com\/?p=26785#breadcrumb\",\"itemListElement\":[{\"@type\":\"ListItem\",\"position\":1,\"name\":\"Home\",\"item\":\"https:\/\/www.zerdab.com\/\"},{\"@type\":\"ListItem\",\"position\":2,\"name\":\"Z\u0259rdabda \u015f\u0259hidin xatir\u0259sin\u0259 tikilmi\u015f abid\u0259-bulaq t\u0259mird\u0259n sonra istifad\u0259y\u0259 verilib\"}]},{\"@type\":\"WebSite\",\"@id\":\"https:\/\/www.zerdab.com\/#website\",\"url\":\"https:\/\/www.zerdab.com\/\",\"name\":\"Z\u0259rdab.com\",\"description\":\"\",\"potentialAction\":[{\"@type\":\"SearchAction\",\"target\":{\"@type\":\"EntryPoint\",\"urlTemplate\":\"https:\/\/www.zerdab.com\/?s={search_term_string}\"},\"query-input\":{\"@type\":\"PropertyValueSpecification\",\"valueRequired\":true,\"valueName\":\"search_term_string\"}}],\"inLanguage\":\"az\"},{\"@type\":\"Person\",\"@id\":\"https:\/\/www.zerdab.com\/#\/schema\/person\/97079b7570c1e89ec0d9e138c3672136\",\"name\":\"admin\",\"image\":{\"@type\":\"ImageObject\",\"inLanguage\":\"az\",\"@id\":\"https:\/\/www.zerdab.com\/#\/schema\/person\/image\/\",\"url\":\"https:\/\/secure.gravatar.com\/avatar\/d9c52a9a27c32119cb6679a077fa3e2779e5f822c451cbf01098004361d466ec?s=96&d=mm&r=g\",\"contentUrl\":\"https:\/\/secure.gravatar.com\/avatar\/d9c52a9a27c32119cb6679a077fa3e2779e5f822c451cbf01098004361d466ec?s=96&d=mm&r=g\",\"caption\":\"admin\"},\"url\":\"https:\/\/www.zerdab.com\/?author=1\"}]}<\/script>\n<!-- \/ Yoast SEO plugin. -->","yoast_head_json":{"title":"Z\u0259rdabda \u015f\u0259hidin xatir\u0259sin\u0259 tikilmi\u015f abid\u0259-bulaq t\u0259mird\u0259n sonra istifad\u0259y\u0259 verilib - Z\u0259rdab.com","robots":{"index":"index","follow":"follow","max-snippet":"max-snippet:-1","max-image-preview":"max-image-preview:large","max-video-preview":"max-video-preview:-1"},"canonical":"https:\/\/www.zerdab.com\/?p=26785","og_locale":"az_AZ","og_type":"article","og_title":"Z\u0259rdabda \u015f\u0259hidin xatir\u0259sin\u0259 tikilmi\u015f abid\u0259-bulaq t\u0259mird\u0259n sonra istifad\u0259y\u0259 verilib - Z\u0259rdab.com","og_description":"Z\u0259rdab rayon F\u0259hl\u0259 q\u0259s\u0259b\u0259sind\u0259 \u015f\u0259hid Etibar H\u00fcseynovun xatir\u0259sin\u0259 tikil\u0259n abid\u0259-bulaq \u0259sasl\u0131 \u015f\u0259kild\u0259 t\u0259mir olunub. Zerdab.com sayt\u0131 Fakttv.com-a istinad\u0259n\u00a0x\u0259b\u0259r verir ki, xatir\u0259 abid\u0259sinin a\u00e7\u0131l\u0131\u015f\u0131 m\u00fcnasib\u0259til\u0259 ke\u00e7iril\u0259n t\u0259dbird\u0259 Z\u0259rdab Rayon \u0130cra Hakimiyy\u0259ti ba\u015f\u00e7\u0131s\u0131n\u0131n birinci m\u00fcavini R\u0259hman Feyzullayev, S\u0259f\u0259rb\u0259rlik v\u0259 H\u0259rbi Xidm\u0259t\u0259 \u00c7a\u011f\u0131r\u0131\u015f \u00fczr\u0259 D\u00f6vl\u0259t Xidm\u0259ti Z\u0259rdab rayon b\u00f6lm\u0259sinin \u0259m\u0259kda\u015flar\u0131, Z\u0259rdab \u015f\u0259h\u0259r \u0130cra n\u00fcmay\u0259nd\u0259si Hafiz K\u0259rimov, \u015f\u0259hidin d\u00f6y\u00fc\u015f [&hellip;]","og_url":"https:\/\/www.zerdab.com\/?p=26785","og_site_name":"Z\u0259rdab.com","article_published_time":"2019-04-16T12:32:21+00:00","article_modified_time":"2019-04-16T12:53:04+00:00","og_image":[{"url":"http:\/\/www.zerdab.com\/wp-content\/uploads\/2019\/04\/zerdab-sehid-bulaq-etibar-huseynov1-550x413.jpg","type":"","width":"","height":""}],"author":"admin","twitter_card":"summary_large_image","twitter_misc":{"Written by":"admin","Est. reading time":"2 minutes"},"schema":{"@context":"https:\/\/schema.org","@graph":[{"@type":"Article","@id":"https:\/\/www.zerdab.com\/?p=26785#article","isPartOf":{"@id":"https:\/\/www.zerdab.com\/?p=26785"},"author":{"name":"admin","@id":"https:\/\/www.zerdab.com\/#\/schema\/person\/97079b7570c1e89ec0d9e138c3672136"},"headline":"Z\u0259rdabda \u015f\u0259hidin xatir\u0259sin\u0259 tikilmi\u015f abid\u0259-bulaq t\u0259mird\u0259n sonra istifad\u0259y\u0259 verilib","datePublished":"2019-04-16T12:32:21+00:00","dateModified":"2019-04-16T12:53:04+00:00","mainEntityOfPage":{"@id":"https:\/\/www.zerdab.com\/?p=26785"},"wordCount":429,"commentCount":0,"image":{"@id":"https:\/\/www.zerdab.com\/?p=26785#primaryimage"},"thumbnailUrl":"http:\/\/www.zerdab.com\/wp-content\/uploads\/2019\/04\/zerdab-sehid-bulaq-etibar-huseynov1-550x413.jpg","articleSection":["MAN\u015eET","X\u018fB\u018fRL\u018fR"],"inLanguage":"az","potentialAction":[{"@type":"CommentAction","name":"Comment","target":["https:\/\/www.zerdab.com\/?p=26785#respond"]}]},{"@type":"WebPage","@id":"https:\/\/www.zerdab.com\/?p=26785","url":"https:\/\/www.zerdab.com\/?p=26785","name":"Z\u0259rdabda \u015f\u0259hidin xatir\u0259sin\u0259 tikilmi\u015f abid\u0259-bulaq t\u0259mird\u0259n sonra istifad\u0259y\u0259 verilib - Z\u0259rdab.com","isPartOf":{"@id":"https:\/\/www.zerdab.com\/#website"},"primaryImageOfPage":{"@id":"https:\/\/www.zerdab.com\/?p=26785#primaryimage"},"image":{"@id":"https:\/\/www.zerdab.com\/?p=26785#primaryimage"},"thumbnailUrl":"http:\/\/www.zerdab.com\/wp-content\/uploads\/2019\/04\/zerdab-sehid-bulaq-etibar-huseynov1-550x413.jpg","datePublished":"2019-04-16T12:32:21+00:00","dateModified":"2019-04-16T12:53:04+00:00","author":{"@id":"https:\/\/www.zerdab.com\/#\/schema\/person\/97079b7570c1e89ec0d9e138c3672136"},"breadcrumb":{"@id":"https:\/\/www.zerdab.com\/?p=26785#breadcrumb"},"inLanguage":"az","potentialAction":[{"@type":"ReadAction","target":["https:\/\/www.zerdab.com\/?p=26785"]}]},{"@type":"ImageObject","inLanguage":"az","@id":"https:\/\/www.zerdab.com\/?p=26785#primaryimage","url":"","contentUrl":""},{"@type":"BreadcrumbList","@id":"https:\/\/www.zerdab.com\/?p=26785#breadcrumb","itemListElement":[{"@type":"ListItem","position":1,"name":"Home","item":"https:\/\/www.zerdab.com\/"},{"@type":"ListItem","position":2,"name":"Z\u0259rdabda \u015f\u0259hidin xatir\u0259sin\u0259 tikilmi\u015f abid\u0259-bulaq t\u0259mird\u0259n sonra istifad\u0259y\u0259 verilib"}]},{"@type":"WebSite","@id":"https:\/\/www.zerdab.com\/#website","url":"https:\/\/www.zerdab.com\/","name":"Z\u0259rdab.com","description":"","potentialAction":[{"@type":"SearchAction","target":{"@type":"EntryPoint","urlTemplate":"https:\/\/www.zerdab.com\/?s={search_term_string}"},"query-input":{"@type":"PropertyValueSpecification","valueRequired":true,"valueName":"search_term_string"}}],"inLanguage":"az"},{"@type":"Person","@id":"https:\/\/www.zerdab.com\/#\/schema\/person\/97079b7570c1e89ec0d9e138c3672136","name":"admin","image":{"@type":"ImageObject","inLanguage":"az","@id":"https:\/\/www.zerdab.com\/#\/schema\/person\/image\/","url":"https:\/\/secure.gravatar.com\/avatar\/d9c52a9a27c32119cb6679a077fa3e2779e5f822c451cbf01098004361d466ec?s=96&d=mm&r=g","contentUrl":"https:\/\/secure.gravatar.com\/avatar\/d9c52a9a27c32119cb6679a077fa3e2779e5f822c451cbf01098004361d466ec?s=96&d=mm&r=g","caption":"admin"},"url":"https:\/\/www.zerdab.com\/?author=1"}]}},"_links":{"self":[{"href":"https:\/\/www.zerdab.com\/index.php?rest_route=\/wp\/v2\/posts\/26785","targetHints":{"allow":["GET"]}}],"collection":[{"href":"https:\/\/www.zerdab.com\/index.php?rest_route=\/wp\/v2\/posts"}],"about":[{"href":"https:\/\/www.zerdab.com\/index.php?rest_route=\/wp\/v2\/types\/post"}],"author":[{"embeddable":true,"href":"https:\/\/www.zerdab.com\/index.php?rest_route=\/wp\/v2\/users\/1"}],"replies":[{"embeddable":true,"href":"https:\/\/www.zerdab.com\/index.php?rest_route=%2Fwp%2Fv2%2Fcomments&post=26785"}],"version-history":[{"count":2,"href":"https:\/\/www.zerdab.com\/index.php?rest_route=\/wp\/v2\/posts\/26785\/revisions"}],"predecessor-version":[{"id":26790,"href":"https:\/\/www.zerdab.com\/index.php?rest_route=\/wp\/v2\/posts\/26785\/revisions\/26790"}],"wp:attachment":[{"href":"https:\/\/www.zerdab.com\/index.php?rest_route=%2Fwp%2Fv2%2Fmedia&parent=26785"}],"wp:term":[{"taxonomy":"category","embeddable":true,"href":"https:\/\/www.zerdab.com\/index.php?rest_route=%2Fwp%2Fv2%2Fcategories&post=26785"},{"taxonomy":"post_tag","embeddable":true,"href":"https:\/\/www.zerdab.com\/index.php?rest_route=%2Fwp%2Fv2%2Ftags&post=26785"}],"curies":[{"name":"wp","href":"https:\/\/api.w.org\/{rel}","templated":true}]}}