{"id":26873,"date":"2019-04-27T20:33:32","date_gmt":"2019-04-27T16:33:32","guid":{"rendered":"http:\/\/www.zerdab.com\/?p=26873"},"modified":"2019-04-27T20:33:34","modified_gmt":"2019-04-27T16:33:34","slug":"rayonumuzun-idmancisi-az%c9%99rbaycan-birincisi-oldu","status":"publish","type":"post","link":"https:\/\/www.zerdab.com\/?p=26873","title":{"rendered":"Rayonumuzun idman\u00e7\u0131s\u0131 Az\u0259rbaycan birincisi oldu"},"content":{"rendered":"\n<p>23-26 aprel 2019-cu il tarixl\u0259rind\u0259 &#8220;S\u0259rh\u0259d\u00e7i&#8221; Olimpiya \u0130dman M\u0259rk\u0259zind\u0259 U-15 ki\u00e7ikya\u015fl\u0131 yeniyetm\u0259l\u0259r aras\u0131nda ke\u00e7iril\u0259n c\u00fcdo \u00fczr\u0259 Az\u0259rbaycan birinciliyi ke\u00e7irilib. Z\u0259rdab Rayon G\u0259ncl\u0259r \u0130dman \u0130dar\u0259sinin r\u0259isi \u0130lkin \u018fliyevin <strong>Zerdab.com<\/strong> sayt\u0131na verdiyi m\u0259lumata g\u00f6r\u0259, rayonumuzun idman\u00e7\u0131s\u0131 Hac\u0131yeva Almira Elm\u0259ddin q\u0131z\u0131 b\u00fct\u00fcn r\u0259qibl\u0259rin\u0259 qalib g\u0259l\u0259r\u0259k 48 kq \u00e7\u0259ki d\u0259r\u0259c\u0259sind\u0259 \u00d6lk\u0259 Birincisi ad\u0131n\u0131 qazan\u0131b. <\/p>\n","protected":false},"excerpt":{"rendered":"<p>23-26 aprel 2019-cu il tarixl\u0259rind\u0259 &#8220;S\u0259rh\u0259d\u00e7i&#8221; Olimpiya \u0130dman M\u0259rk\u0259zind\u0259 U-15 ki\u00e7ikya\u015fl\u0131 yeniyetm\u0259l\u0259r aras\u0131nda ke\u00e7iril\u0259n c\u00fcdo \u00fczr\u0259 Az\u0259rbaycan birinciliyi ke\u00e7irilib. Z\u0259rdab Rayon G\u0259ncl\u0259r \u0130dman \u0130dar\u0259sinin r\u0259isi \u0130lkin \u018fliyevin Zerdab.com sayt\u0131na verdiyi m\u0259lumata g\u00f6r\u0259, rayonumuzun idman\u00e7\u0131s\u0131 Hac\u0131yeva Almira Elm\u0259ddin q\u0131z\u0131 b\u00fct\u00fcn r\u0259qibl\u0259rin\u0259 qalib g\u0259l\u0259r\u0259k 48 kq \u00e7\u0259ki d\u0259r\u0259c\u0259sind\u0259 \u00d6lk\u0259 Birincisi ad\u0131n\u0131 qazan\u0131b.<\/p>\n","protected":false},"author":1,"featured_media":0,"comment_status":"open","ping_status":"open","sticky":false,"template":"","format":"standard","meta":{"footnotes":""},"categories":[21,63],"tags":[],"class_list":{"0":"post-26873","1":"post","2":"type-post","3":"status-publish","4":"format-standard","6":"category-zrdab","7":"category-manset"},"yoast_head":"<!-- This site is optimized with the Yoast SEO plugin v27.0 - https:\/\/yoast.com\/product\/yoast-seo-wordpress\/ -->\n<title>Rayonumuzun idman\u00e7\u0131s\u0131 Az\u0259rbaycan birincisi oldu - Z\u0259rdab.com<\/title>\n<meta name=\"robots\" content=\"index, follow, max-snippet:-1, max-image-preview:large, max-video-preview:-1\" \/>\n<link rel=\"canonical\" href=\"https:\/\/www.zerdab.com\/?p=26873\" \/>\n<meta property=\"og:locale\" content=\"az_AZ\" \/>\n<meta property=\"og:type\" content=\"article\" \/>\n<meta property=\"og:title\" content=\"Rayonumuzun idman\u00e7\u0131s\u0131 Az\u0259rbaycan birincisi oldu - Z\u0259rdab.com\" \/>\n<meta property=\"og:description\" content=\"23-26 aprel 2019-cu il tarixl\u0259rind\u0259 &#8220;S\u0259rh\u0259d\u00e7i&#8221; Olimpiya \u0130dman M\u0259rk\u0259zind\u0259 U-15 ki\u00e7ikya\u015fl\u0131 yeniyetm\u0259l\u0259r aras\u0131nda ke\u00e7iril\u0259n c\u00fcdo \u00fczr\u0259 Az\u0259rbaycan birinciliyi ke\u00e7irilib. Z\u0259rdab Rayon G\u0259ncl\u0259r \u0130dman \u0130dar\u0259sinin r\u0259isi \u0130lkin \u018fliyevin Zerdab.com sayt\u0131na verdiyi m\u0259lumata g\u00f6r\u0259, rayonumuzun idman\u00e7\u0131s\u0131 Hac\u0131yeva Almira Elm\u0259ddin q\u0131z\u0131 b\u00fct\u00fcn r\u0259qibl\u0259rin\u0259 qalib g\u0259l\u0259r\u0259k 48 kq \u00e7\u0259ki d\u0259r\u0259c\u0259sind\u0259 \u00d6lk\u0259 Birincisi ad\u0131n\u0131 qazan\u0131b.\" \/>\n<meta property=\"og:url\" content=\"https:\/\/www.zerdab.com\/?p=26873\" \/>\n<meta property=\"og:site_name\" content=\"Z\u0259rdab.com\" \/>\n<meta property=\"article:published_time\" content=\"2019-04-27T16:33:32+00:00\" \/>\n<meta property=\"article:modified_time\" content=\"2019-04-27T16:33:34+00:00\" \/>\n<meta name=\"author\" content=\"admin\" \/>\n<meta name=\"twitter:card\" content=\"summary_large_image\" \/>\n<meta name=\"twitter:label1\" content=\"Written by\" \/>\n\t<meta name=\"twitter:data1\" content=\"admin\" \/>\n<script type=\"application\/ld+json\" class=\"yoast-schema-graph\">{\"@context\":\"https:\/\/schema.org\",\"@graph\":[{\"@type\":\"Article\",\"@id\":\"https:\/\/www.zerdab.com\/?p=26873#article\",\"isPartOf\":{\"@id\":\"https:\/\/www.zerdab.com\/?p=26873\"},\"author\":{\"name\":\"admin\",\"@id\":\"https:\/\/www.zerdab.com\/#\/schema\/person\/97079b7570c1e89ec0d9e138c3672136\"},\"headline\":\"Rayonumuzun idman\u00e7\u0131s\u0131 Az\u0259rbaycan birincisi oldu\",\"datePublished\":\"2019-04-27T16:33:32+00:00\",\"dateModified\":\"2019-04-27T16:33:34+00:00\",\"mainEntityOfPage\":{\"@id\":\"https:\/\/www.zerdab.com\/?p=26873\"},\"wordCount\":97,\"commentCount\":0,\"articleSection\":[\"C\u018fM\u0130YY\u018fT\",\"MAN\u015eET\"],\"inLanguage\":\"az\",\"potentialAction\":[{\"@type\":\"CommentAction\",\"name\":\"Comment\",\"target\":[\"https:\/\/www.zerdab.com\/?p=26873#respond\"]}]},{\"@type\":\"WebPage\",\"@id\":\"https:\/\/www.zerdab.com\/?p=26873\",\"url\":\"https:\/\/www.zerdab.com\/?p=26873\",\"name\":\"Rayonumuzun idman\u00e7\u0131s\u0131 Az\u0259rbaycan birincisi oldu - Z\u0259rdab.com\",\"isPartOf\":{\"@id\":\"https:\/\/www.zerdab.com\/#website\"},\"datePublished\":\"2019-04-27T16:33:32+00:00\",\"dateModified\":\"2019-04-27T16:33:34+00:00\",\"author\":{\"@id\":\"https:\/\/www.zerdab.com\/#\/schema\/person\/97079b7570c1e89ec0d9e138c3672136\"},\"breadcrumb\":{\"@id\":\"https:\/\/www.zerdab.com\/?p=26873#breadcrumb\"},\"inLanguage\":\"az\",\"potentialAction\":[{\"@type\":\"ReadAction\",\"target\":[\"https:\/\/www.zerdab.com\/?p=26873\"]}]},{\"@type\":\"BreadcrumbList\",\"@id\":\"https:\/\/www.zerdab.com\/?p=26873#breadcrumb\",\"itemListElement\":[{\"@type\":\"ListItem\",\"position\":1,\"name\":\"Home\",\"item\":\"https:\/\/www.zerdab.com\/\"},{\"@type\":\"ListItem\",\"position\":2,\"name\":\"Rayonumuzun idman\u00e7\u0131s\u0131 Az\u0259rbaycan birincisi oldu\"}]},{\"@type\":\"WebSite\",\"@id\":\"https:\/\/www.zerdab.com\/#website\",\"url\":\"https:\/\/www.zerdab.com\/\",\"name\":\"Z\u0259rdab.com\",\"description\":\"\",\"potentialAction\":[{\"@type\":\"SearchAction\",\"target\":{\"@type\":\"EntryPoint\",\"urlTemplate\":\"https:\/\/www.zerdab.com\/?s={search_term_string}\"},\"query-input\":{\"@type\":\"PropertyValueSpecification\",\"valueRequired\":true,\"valueName\":\"search_term_string\"}}],\"inLanguage\":\"az\"},{\"@type\":\"Person\",\"@id\":\"https:\/\/www.zerdab.com\/#\/schema\/person\/97079b7570c1e89ec0d9e138c3672136\",\"name\":\"admin\",\"image\":{\"@type\":\"ImageObject\",\"inLanguage\":\"az\",\"@id\":\"https:\/\/www.zerdab.com\/#\/schema\/person\/image\/\",\"url\":\"https:\/\/secure.gravatar.com\/avatar\/d9c52a9a27c32119cb6679a077fa3e2779e5f822c451cbf01098004361d466ec?s=96&d=mm&r=g\",\"contentUrl\":\"https:\/\/secure.gravatar.com\/avatar\/d9c52a9a27c32119cb6679a077fa3e2779e5f822c451cbf01098004361d466ec?s=96&d=mm&r=g\",\"caption\":\"admin\"},\"url\":\"https:\/\/www.zerdab.com\/?author=1\"}]}<\/script>\n<!-- \/ Yoast SEO plugin. -->","yoast_head_json":{"title":"Rayonumuzun idman\u00e7\u0131s\u0131 Az\u0259rbaycan birincisi oldu - Z\u0259rdab.com","robots":{"index":"index","follow":"follow","max-snippet":"max-snippet:-1","max-image-preview":"max-image-preview:large","max-video-preview":"max-video-preview:-1"},"canonical":"https:\/\/www.zerdab.com\/?p=26873","og_locale":"az_AZ","og_type":"article","og_title":"Rayonumuzun idman\u00e7\u0131s\u0131 Az\u0259rbaycan birincisi oldu - Z\u0259rdab.com","og_description":"23-26 aprel 2019-cu il tarixl\u0259rind\u0259 &#8220;S\u0259rh\u0259d\u00e7i&#8221; Olimpiya \u0130dman M\u0259rk\u0259zind\u0259 U-15 ki\u00e7ikya\u015fl\u0131 yeniyetm\u0259l\u0259r aras\u0131nda ke\u00e7iril\u0259n c\u00fcdo \u00fczr\u0259 Az\u0259rbaycan birinciliyi ke\u00e7irilib. Z\u0259rdab Rayon G\u0259ncl\u0259r \u0130dman \u0130dar\u0259sinin r\u0259isi \u0130lkin \u018fliyevin Zerdab.com sayt\u0131na verdiyi m\u0259lumata g\u00f6r\u0259, rayonumuzun idman\u00e7\u0131s\u0131 Hac\u0131yeva Almira Elm\u0259ddin q\u0131z\u0131 b\u00fct\u00fcn r\u0259qibl\u0259rin\u0259 qalib g\u0259l\u0259r\u0259k 48 kq \u00e7\u0259ki d\u0259r\u0259c\u0259sind\u0259 \u00d6lk\u0259 Birincisi ad\u0131n\u0131 qazan\u0131b.","og_url":"https:\/\/www.zerdab.com\/?p=26873","og_site_name":"Z\u0259rdab.com","article_published_time":"2019-04-27T16:33:32+00:00","article_modified_time":"2019-04-27T16:33:34+00:00","author":"admin","twitter_card":"summary_large_image","twitter_misc":{"Written by":"admin"},"schema":{"@context":"https:\/\/schema.org","@graph":[{"@type":"Article","@id":"https:\/\/www.zerdab.com\/?p=26873#article","isPartOf":{"@id":"https:\/\/www.zerdab.com\/?p=26873"},"author":{"name":"admin","@id":"https:\/\/www.zerdab.com\/#\/schema\/person\/97079b7570c1e89ec0d9e138c3672136"},"headline":"Rayonumuzun idman\u00e7\u0131s\u0131 Az\u0259rbaycan birincisi oldu","datePublished":"2019-04-27T16:33:32+00:00","dateModified":"2019-04-27T16:33:34+00:00","mainEntityOfPage":{"@id":"https:\/\/www.zerdab.com\/?p=26873"},"wordCount":97,"commentCount":0,"articleSection":["C\u018fM\u0130YY\u018fT","MAN\u015eET"],"inLanguage":"az","potentialAction":[{"@type":"CommentAction","name":"Comment","target":["https:\/\/www.zerdab.com\/?p=26873#respond"]}]},{"@type":"WebPage","@id":"https:\/\/www.zerdab.com\/?p=26873","url":"https:\/\/www.zerdab.com\/?p=26873","name":"Rayonumuzun idman\u00e7\u0131s\u0131 Az\u0259rbaycan birincisi oldu - Z\u0259rdab.com","isPartOf":{"@id":"https:\/\/www.zerdab.com\/#website"},"datePublished":"2019-04-27T16:33:32+00:00","dateModified":"2019-04-27T16:33:34+00:00","author":{"@id":"https:\/\/www.zerdab.com\/#\/schema\/person\/97079b7570c1e89ec0d9e138c3672136"},"breadcrumb":{"@id":"https:\/\/www.zerdab.com\/?p=26873#breadcrumb"},"inLanguage":"az","potentialAction":[{"@type":"ReadAction","target":["https:\/\/www.zerdab.com\/?p=26873"]}]},{"@type":"BreadcrumbList","@id":"https:\/\/www.zerdab.com\/?p=26873#breadcrumb","itemListElement":[{"@type":"ListItem","position":1,"name":"Home","item":"https:\/\/www.zerdab.com\/"},{"@type":"ListItem","position":2,"name":"Rayonumuzun idman\u00e7\u0131s\u0131 Az\u0259rbaycan birincisi oldu"}]},{"@type":"WebSite","@id":"https:\/\/www.zerdab.com\/#website","url":"https:\/\/www.zerdab.com\/","name":"Z\u0259rdab.com","description":"","potentialAction":[{"@type":"SearchAction","target":{"@type":"EntryPoint","urlTemplate":"https:\/\/www.zerdab.com\/?s={search_term_string}"},"query-input":{"@type":"PropertyValueSpecification","valueRequired":true,"valueName":"search_term_string"}}],"inLanguage":"az"},{"@type":"Person","@id":"https:\/\/www.zerdab.com\/#\/schema\/person\/97079b7570c1e89ec0d9e138c3672136","name":"admin","image":{"@type":"ImageObject","inLanguage":"az","@id":"https:\/\/www.zerdab.com\/#\/schema\/person\/image\/","url":"https:\/\/secure.gravatar.com\/avatar\/d9c52a9a27c32119cb6679a077fa3e2779e5f822c451cbf01098004361d466ec?s=96&d=mm&r=g","contentUrl":"https:\/\/secure.gravatar.com\/avatar\/d9c52a9a27c32119cb6679a077fa3e2779e5f822c451cbf01098004361d466ec?s=96&d=mm&r=g","caption":"admin"},"url":"https:\/\/www.zerdab.com\/?author=1"}]}},"_links":{"self":[{"href":"https:\/\/www.zerdab.com\/index.php?rest_route=\/wp\/v2\/posts\/26873","targetHints":{"allow":["GET"]}}],"collection":[{"href":"https:\/\/www.zerdab.com\/index.php?rest_route=\/wp\/v2\/posts"}],"about":[{"href":"https:\/\/www.zerdab.com\/index.php?rest_route=\/wp\/v2\/types\/post"}],"author":[{"embeddable":true,"href":"https:\/\/www.zerdab.com\/index.php?rest_route=\/wp\/v2\/users\/1"}],"replies":[{"embeddable":true,"href":"https:\/\/www.zerdab.com\/index.php?rest_route=%2Fwp%2Fv2%2Fcomments&post=26873"}],"version-history":[{"count":1,"href":"https:\/\/www.zerdab.com\/index.php?rest_route=\/wp\/v2\/posts\/26873\/revisions"}],"predecessor-version":[{"id":26875,"href":"https:\/\/www.zerdab.com\/index.php?rest_route=\/wp\/v2\/posts\/26873\/revisions\/26875"}],"wp:attachment":[{"href":"https:\/\/www.zerdab.com\/index.php?rest_route=%2Fwp%2Fv2%2Fmedia&parent=26873"}],"wp:term":[{"taxonomy":"category","embeddable":true,"href":"https:\/\/www.zerdab.com\/index.php?rest_route=%2Fwp%2Fv2%2Fcategories&post=26873"},{"taxonomy":"post_tag","embeddable":true,"href":"https:\/\/www.zerdab.com\/index.php?rest_route=%2Fwp%2Fv2%2Ftags&post=26873"}],"curies":[{"name":"wp","href":"https:\/\/api.w.org\/{rel}","templated":true}]}}