{"id":26876,"date":"2019-04-27T20:56:14","date_gmt":"2019-04-27T16:56:14","guid":{"rendered":"http:\/\/www.zerdab.com\/?p=26876"},"modified":"2019-04-27T20:56:15","modified_gmt":"2019-04-27T16:56:15","slug":"z%c9%99rdabli-s%c9%99hidin-bacisindan-yeni-muraci%c9%99t-narahatam","status":"publish","type":"post","link":"https:\/\/www.zerdab.com\/?p=26876","title":{"rendered":"Z\u0259rdabl\u0131 \u015f\u0259hidin bac\u0131s\u0131ndan yeni m\u00fcraci\u0259t: &#8220;Narahatam&#8221;"},"content":{"rendered":"\n<p>Z\u0259rdabl\u0131 \u015f\u0259hid M\u0259nsur Qarayevin bac\u0131s\u0131 R\u0259hil\u0259 C\u0259bray\u0131lova yenid\u0259n <strong>Zerdab.com<\/strong> sayt\u0131na m\u00fcraci\u0259t edib. <\/p>\n\n\n\n<p>\u015e\u0259hidin bac\u0131s\u0131 qarda\u015f\u0131n\u0131n b\u00fcst\u00fc il\u0259 ba\u011fl\u0131 nam\u0259lum v\u0259ziyy\u0259tin h\u0259l\u0259 d\u0259 davam etdiyini bildirib. <\/p>\n\n\n\n<p>M\u0259lumat \u00fc\u00e7\u00fcn bildir\u0259k ki, Prezident \u0130lham \u018fliyevin s\u0259r\u0259ncam\u0131na uy\u011fun olaraq, Z\u0259rdab rayonunun Sar\u0131qaya k\u0259ndind\u0259 96 \u015fagird yerlik modul tipli \u00fcmumi orta m\u0259kt\u0259b qura\u015fd\u0131r\u0131l\u0131r.<\/p>\n\n\n\n<p>Bu m\u0259kt\u0259b 1994-c\u00fc il fevral ay\u0131n\u0131n 2-d\u0259 Qaraba\u011f m\u00fcharib\u0259sind\u0259 q\u0259hr\u0259mancas\u0131na \u015f\u0259hid olan Qarayev M\u0259nsur \u015eirvan o\u011flunun ad\u0131n\u0131 da\u015f\u0131y\u0131r.<\/p>\n\n\n\n<p>R. C\u0259bray\u0131lovan\u0131n s\u00f6zl\u0259rin\u0259 g\u00f6r\u0259, m\u0259kt\u0259bin h\u0259y\u0259tind\u0259 \u2013 k\u00f6hn\u0259 m\u0259kt\u0259b binas\u0131n\u0131n qar\u015f\u0131s\u0131nda olan \u015f\u0259hid qarda\u015f\u0131n\u0131n abid\u0259sinin yenil\u0259nm\u0259sin\u0259 ehtiyac var: \u201cBir m\u00fcdd\u0259t \u00f6nc\u0259 bununla ba\u011fl\u0131 m\u00fcraci\u0259tim <strong>Zerdab.com<\/strong>-da ictimail\u0259\u015fdirildi v\u0259 rayonumuzda hara gedirdims\u0259, g\u00f6r\u00fcrd\u00fcm ki, ham\u0131 sayt\u0131n\u0131zdan bu bar\u0259d\u0259 oxuyub, m\u0259lumat\u0131 var. Rayon sakinl\u0259ri m\u0259n\u0259 t\u0259s\u0259lli verirdil\u0259r, &#8220;in\u015fallah, ist\u0259yin\u0259 \u00e7atarsan&#8221; deyirdil\u0259r. <\/p>\n\n\n\n<p>M\u00fcraci\u0259td\u0259n sonra Rayon \u0130cra Hakimiyy\u0259tinin r\u0259smil\u0259ri, Rayon T\u0259hsil \u015e\u00f6b\u0259sinin m\u00fcdiri d\u0259 m\u0259n\u0259 bildirdil\u0259r ki, q\u0259tiyy\u0259n narahat olma, bu m\u0259s\u0259l\u0259 h\u0259ll olunacaq, qarda\u015f\u0131na \u015f\u0259hid ad\u0131na layiq, yeni m\u0259kt\u0259bin h\u0259y\u0259tind\u0259 b\u00fcst qoyulacaq. Amma h\u0259l\u0259 ortada he\u00e7 n\u0259 yoxdur. Deyil\u0259n\u0259 g\u00f6r\u0259, may\u0131n 15-d\u0259 m\u0259kt\u0259bin a\u00e7\u0131l\u0131\u015f\u0131 olacaq, ancaq qarda\u015f\u0131m\u0131n b\u00fcst\u00fc yeni m\u0259kt\u0259bin h\u0259y\u0259tind\u0259 yoxdur. <\/p>\n\n\n\n<p>M\u0259n buna g\u00f6r\u0259 \u00e7ox narahatam. Ba\u015fqa he\u00e7 bir ist\u0259yimiz, niyy\u0259timiz yoxdur, ist\u0259yirik ki, yeni m\u0259kt\u0259bin qar\u015f\u0131s\u0131nda qarda\u015f\u0131m\u0131n t\u0259z\u0259 b\u00fcst\u00fc qoyulsun, biz d\u0259 rahat olaq&#8221;.<\/p>\n\n\n\n<p>\u015e\u0259hid bac\u0131s\u0131 bu m\u0259s\u0259l\u0259 il\u0259 ba\u011fl\u0131 2 g\u00fcn \u00f6nc\u0259 Prezident \u0130lham \u018fliyev\u0259 teleqram vurduqlar\u0131n\u0131 deyib: &#8220;Teleqrama h\u0259l\u0259 cavab g\u0259lm\u0259yib. Laz\u0131m olsa, yen\u0259 vuraca\u011fam. M\u0259nim ist\u0259yim ham\u0131ya ayd\u0131nd\u0131r v\u0259 bunu h\u0259ll etm\u0259k y\u0259qin ki, el\u0259 d\u0259 \u00e7\u0259tin m\u0259s\u0259l\u0259 deyil. El\u0259 bu yax\u0131nlarda rayonumuzun F\u0259hl\u0259 q\u0259s\u0259b\u0259sind\u0259 \u015f\u0259hid Etibar H\u00fcseynovun xatir\u0259sin\u0259 tikil\u0259n abid\u0259-bulaq \u0259sasl\u0131 \u015f\u0259kild\u0259 t\u0259mir olunub istifad\u0259y\u0259 verildi. A\u00e7\u0131l\u0131\u015fla ba\u011fl\u0131 m\u0259lumat\u0131 <strong>Zerdab.com<\/strong> sayt\u0131ndan oxuduq v\u0259 sevindik. <\/p>\n\n\n\n<p>Rayon r\u0259hb\u0259rinin bel\u0259 m\u0259s\u0259l\u0259l\u0259rd\u0259 h\u0259ssas oldu\u011funu m\u0259n d\u0259 e\u015fitmi\u015f\u0259m. \u0130n\u015fallah, onun diqq\u0259ti say\u0259sind\u0259 m\u0259nim qarda\u015f\u0131m\u0131n b\u00fcst\u00fc ad\u0131n\u0131 da\u015f\u0131yan m\u0259kt\u0259b \u00fc\u00e7\u00fcn tikil\u0259n binan\u0131n qar\u015f\u0131s\u0131na qoyular.<\/p>\n\n\n\n<p>Onda yen\u0259 el\u0259 Zerdab.com sayt\u0131 vasit\u0259si il\u0259 \u0259m\u0259yi ke\u00e7\u0259n, diqq\u0259t g\u00f6st\u0259r\u0259n, s\u00f6z\u00fcm\u00fcz\u00fc e\u015fid\u0259n h\u0259r k\u0259s\u0259 t\u0259\u015f\u0259kk\u00fcr\u00fcm\u00fcz\u00fc bildirir\u0259rik&#8221;.<\/p>\n","protected":false},"excerpt":{"rendered":"<p>Z\u0259rdabl\u0131 \u015f\u0259hid M\u0259nsur Qarayevin bac\u0131s\u0131 R\u0259hil\u0259 C\u0259bray\u0131lova yenid\u0259n Zerdab.com sayt\u0131na m\u00fcraci\u0259t edib. \u015e\u0259hidin bac\u0131s\u0131 qarda\u015f\u0131n\u0131n b\u00fcst\u00fc il\u0259 ba\u011fl\u0131 nam\u0259lum v\u0259ziyy\u0259tin h\u0259l\u0259 d\u0259 davam etdiyini bildirib. M\u0259lumat \u00fc\u00e7\u00fcn bildir\u0259k ki, Prezident \u0130lham \u018fliyevin s\u0259r\u0259ncam\u0131na uy\u011fun olaraq, Z\u0259rdab rayonunun Sar\u0131qaya k\u0259ndind\u0259 96 \u015fagird yerlik modul tipli \u00fcmumi orta m\u0259kt\u0259b qura\u015fd\u0131r\u0131l\u0131r. Bu m\u0259kt\u0259b 1994-c\u00fc il fevral ay\u0131n\u0131n 2-d\u0259 [&hellip;]<\/p>\n","protected":false},"author":1,"featured_media":0,"comment_status":"open","ping_status":"open","sticky":false,"template":"","format":"standard","meta":{"footnotes":""},"categories":[21,63],"tags":[],"class_list":{"0":"post-26876","1":"post","2":"type-post","3":"status-publish","4":"format-standard","6":"category-zrdab","7":"category-manset"},"yoast_head":"<!-- This site is optimized with the Yoast SEO plugin v27.0 - https:\/\/yoast.com\/product\/yoast-seo-wordpress\/ -->\n<title>Z\u0259rdabl\u0131 \u015f\u0259hidin bac\u0131s\u0131ndan yeni m\u00fcraci\u0259t: &quot;Narahatam&quot; - Z\u0259rdab.com<\/title>\n<meta name=\"robots\" content=\"index, follow, max-snippet:-1, max-image-preview:large, max-video-preview:-1\" \/>\n<link rel=\"canonical\" href=\"https:\/\/www.zerdab.com\/?p=26876\" \/>\n<meta property=\"og:locale\" content=\"az_AZ\" \/>\n<meta property=\"og:type\" content=\"article\" \/>\n<meta property=\"og:title\" content=\"Z\u0259rdabl\u0131 \u015f\u0259hidin bac\u0131s\u0131ndan yeni m\u00fcraci\u0259t: &quot;Narahatam&quot; - Z\u0259rdab.com\" \/>\n<meta property=\"og:description\" content=\"Z\u0259rdabl\u0131 \u015f\u0259hid M\u0259nsur Qarayevin bac\u0131s\u0131 R\u0259hil\u0259 C\u0259bray\u0131lova yenid\u0259n Zerdab.com sayt\u0131na m\u00fcraci\u0259t edib. \u015e\u0259hidin bac\u0131s\u0131 qarda\u015f\u0131n\u0131n b\u00fcst\u00fc il\u0259 ba\u011fl\u0131 nam\u0259lum v\u0259ziyy\u0259tin h\u0259l\u0259 d\u0259 davam etdiyini bildirib. M\u0259lumat \u00fc\u00e7\u00fcn bildir\u0259k ki, Prezident \u0130lham \u018fliyevin s\u0259r\u0259ncam\u0131na uy\u011fun olaraq, Z\u0259rdab rayonunun Sar\u0131qaya k\u0259ndind\u0259 96 \u015fagird yerlik modul tipli \u00fcmumi orta m\u0259kt\u0259b qura\u015fd\u0131r\u0131l\u0131r. Bu m\u0259kt\u0259b 1994-c\u00fc il fevral ay\u0131n\u0131n 2-d\u0259 [&hellip;]\" \/>\n<meta property=\"og:url\" content=\"https:\/\/www.zerdab.com\/?p=26876\" \/>\n<meta property=\"og:site_name\" content=\"Z\u0259rdab.com\" \/>\n<meta property=\"article:published_time\" content=\"2019-04-27T16:56:14+00:00\" \/>\n<meta property=\"article:modified_time\" content=\"2019-04-27T16:56:15+00:00\" \/>\n<meta name=\"author\" content=\"admin\" \/>\n<meta name=\"twitter:card\" content=\"summary_large_image\" \/>\n<meta name=\"twitter:label1\" content=\"Written by\" \/>\n\t<meta name=\"twitter:data1\" content=\"admin\" \/>\n\t<meta name=\"twitter:label2\" content=\"Est. reading time\" \/>\n\t<meta name=\"twitter:data2\" content=\"3 minutes\" \/>\n<script type=\"application\/ld+json\" class=\"yoast-schema-graph\">{\"@context\":\"https:\/\/schema.org\",\"@graph\":[{\"@type\":\"Article\",\"@id\":\"https:\/\/www.zerdab.com\/?p=26876#article\",\"isPartOf\":{\"@id\":\"https:\/\/www.zerdab.com\/?p=26876\"},\"author\":{\"name\":\"admin\",\"@id\":\"https:\/\/www.zerdab.com\/#\/schema\/person\/97079b7570c1e89ec0d9e138c3672136\"},\"headline\":\"Z\u0259rdabl\u0131 \u015f\u0259hidin bac\u0131s\u0131ndan yeni m\u00fcraci\u0259t: &#8220;Narahatam&#8221;\",\"datePublished\":\"2019-04-27T16:56:14+00:00\",\"dateModified\":\"2019-04-27T16:56:15+00:00\",\"mainEntityOfPage\":{\"@id\":\"https:\/\/www.zerdab.com\/?p=26876\"},\"wordCount\":529,\"commentCount\":0,\"articleSection\":[\"C\u018fM\u0130YY\u018fT\",\"MAN\u015eET\"],\"inLanguage\":\"az\",\"potentialAction\":[{\"@type\":\"CommentAction\",\"name\":\"Comment\",\"target\":[\"https:\/\/www.zerdab.com\/?p=26876#respond\"]}]},{\"@type\":\"WebPage\",\"@id\":\"https:\/\/www.zerdab.com\/?p=26876\",\"url\":\"https:\/\/www.zerdab.com\/?p=26876\",\"name\":\"Z\u0259rdabl\u0131 \u015f\u0259hidin bac\u0131s\u0131ndan yeni m\u00fcraci\u0259t: \\\"Narahatam\\\" - Z\u0259rdab.com\",\"isPartOf\":{\"@id\":\"https:\/\/www.zerdab.com\/#website\"},\"datePublished\":\"2019-04-27T16:56:14+00:00\",\"dateModified\":\"2019-04-27T16:56:15+00:00\",\"author\":{\"@id\":\"https:\/\/www.zerdab.com\/#\/schema\/person\/97079b7570c1e89ec0d9e138c3672136\"},\"breadcrumb\":{\"@id\":\"https:\/\/www.zerdab.com\/?p=26876#breadcrumb\"},\"inLanguage\":\"az\",\"potentialAction\":[{\"@type\":\"ReadAction\",\"target\":[\"https:\/\/www.zerdab.com\/?p=26876\"]}]},{\"@type\":\"BreadcrumbList\",\"@id\":\"https:\/\/www.zerdab.com\/?p=26876#breadcrumb\",\"itemListElement\":[{\"@type\":\"ListItem\",\"position\":1,\"name\":\"Home\",\"item\":\"https:\/\/www.zerdab.com\/\"},{\"@type\":\"ListItem\",\"position\":2,\"name\":\"Z\u0259rdabl\u0131 \u015f\u0259hidin bac\u0131s\u0131ndan yeni m\u00fcraci\u0259t: &#8220;Narahatam&#8221;\"}]},{\"@type\":\"WebSite\",\"@id\":\"https:\/\/www.zerdab.com\/#website\",\"url\":\"https:\/\/www.zerdab.com\/\",\"name\":\"Z\u0259rdab.com\",\"description\":\"\",\"potentialAction\":[{\"@type\":\"SearchAction\",\"target\":{\"@type\":\"EntryPoint\",\"urlTemplate\":\"https:\/\/www.zerdab.com\/?s={search_term_string}\"},\"query-input\":{\"@type\":\"PropertyValueSpecification\",\"valueRequired\":true,\"valueName\":\"search_term_string\"}}],\"inLanguage\":\"az\"},{\"@type\":\"Person\",\"@id\":\"https:\/\/www.zerdab.com\/#\/schema\/person\/97079b7570c1e89ec0d9e138c3672136\",\"name\":\"admin\",\"image\":{\"@type\":\"ImageObject\",\"inLanguage\":\"az\",\"@id\":\"https:\/\/www.zerdab.com\/#\/schema\/person\/image\/\",\"url\":\"https:\/\/secure.gravatar.com\/avatar\/d9c52a9a27c32119cb6679a077fa3e2779e5f822c451cbf01098004361d466ec?s=96&d=mm&r=g\",\"contentUrl\":\"https:\/\/secure.gravatar.com\/avatar\/d9c52a9a27c32119cb6679a077fa3e2779e5f822c451cbf01098004361d466ec?s=96&d=mm&r=g\",\"caption\":\"admin\"},\"url\":\"https:\/\/www.zerdab.com\/?author=1\"}]}<\/script>\n<!-- \/ Yoast SEO plugin. -->","yoast_head_json":{"title":"Z\u0259rdabl\u0131 \u015f\u0259hidin bac\u0131s\u0131ndan yeni m\u00fcraci\u0259t: \"Narahatam\" - Z\u0259rdab.com","robots":{"index":"index","follow":"follow","max-snippet":"max-snippet:-1","max-image-preview":"max-image-preview:large","max-video-preview":"max-video-preview:-1"},"canonical":"https:\/\/www.zerdab.com\/?p=26876","og_locale":"az_AZ","og_type":"article","og_title":"Z\u0259rdabl\u0131 \u015f\u0259hidin bac\u0131s\u0131ndan yeni m\u00fcraci\u0259t: \"Narahatam\" - Z\u0259rdab.com","og_description":"Z\u0259rdabl\u0131 \u015f\u0259hid M\u0259nsur Qarayevin bac\u0131s\u0131 R\u0259hil\u0259 C\u0259bray\u0131lova yenid\u0259n Zerdab.com sayt\u0131na m\u00fcraci\u0259t edib. \u015e\u0259hidin bac\u0131s\u0131 qarda\u015f\u0131n\u0131n b\u00fcst\u00fc il\u0259 ba\u011fl\u0131 nam\u0259lum v\u0259ziyy\u0259tin h\u0259l\u0259 d\u0259 davam etdiyini bildirib. M\u0259lumat \u00fc\u00e7\u00fcn bildir\u0259k ki, Prezident \u0130lham \u018fliyevin s\u0259r\u0259ncam\u0131na uy\u011fun olaraq, Z\u0259rdab rayonunun Sar\u0131qaya k\u0259ndind\u0259 96 \u015fagird yerlik modul tipli \u00fcmumi orta m\u0259kt\u0259b qura\u015fd\u0131r\u0131l\u0131r. Bu m\u0259kt\u0259b 1994-c\u00fc il fevral ay\u0131n\u0131n 2-d\u0259 [&hellip;]","og_url":"https:\/\/www.zerdab.com\/?p=26876","og_site_name":"Z\u0259rdab.com","article_published_time":"2019-04-27T16:56:14+00:00","article_modified_time":"2019-04-27T16:56:15+00:00","author":"admin","twitter_card":"summary_large_image","twitter_misc":{"Written by":"admin","Est. reading time":"3 minutes"},"schema":{"@context":"https:\/\/schema.org","@graph":[{"@type":"Article","@id":"https:\/\/www.zerdab.com\/?p=26876#article","isPartOf":{"@id":"https:\/\/www.zerdab.com\/?p=26876"},"author":{"name":"admin","@id":"https:\/\/www.zerdab.com\/#\/schema\/person\/97079b7570c1e89ec0d9e138c3672136"},"headline":"Z\u0259rdabl\u0131 \u015f\u0259hidin bac\u0131s\u0131ndan yeni m\u00fcraci\u0259t: &#8220;Narahatam&#8221;","datePublished":"2019-04-27T16:56:14+00:00","dateModified":"2019-04-27T16:56:15+00:00","mainEntityOfPage":{"@id":"https:\/\/www.zerdab.com\/?p=26876"},"wordCount":529,"commentCount":0,"articleSection":["C\u018fM\u0130YY\u018fT","MAN\u015eET"],"inLanguage":"az","potentialAction":[{"@type":"CommentAction","name":"Comment","target":["https:\/\/www.zerdab.com\/?p=26876#respond"]}]},{"@type":"WebPage","@id":"https:\/\/www.zerdab.com\/?p=26876","url":"https:\/\/www.zerdab.com\/?p=26876","name":"Z\u0259rdabl\u0131 \u015f\u0259hidin bac\u0131s\u0131ndan yeni m\u00fcraci\u0259t: \"Narahatam\" - Z\u0259rdab.com","isPartOf":{"@id":"https:\/\/www.zerdab.com\/#website"},"datePublished":"2019-04-27T16:56:14+00:00","dateModified":"2019-04-27T16:56:15+00:00","author":{"@id":"https:\/\/www.zerdab.com\/#\/schema\/person\/97079b7570c1e89ec0d9e138c3672136"},"breadcrumb":{"@id":"https:\/\/www.zerdab.com\/?p=26876#breadcrumb"},"inLanguage":"az","potentialAction":[{"@type":"ReadAction","target":["https:\/\/www.zerdab.com\/?p=26876"]}]},{"@type":"BreadcrumbList","@id":"https:\/\/www.zerdab.com\/?p=26876#breadcrumb","itemListElement":[{"@type":"ListItem","position":1,"name":"Home","item":"https:\/\/www.zerdab.com\/"},{"@type":"ListItem","position":2,"name":"Z\u0259rdabl\u0131 \u015f\u0259hidin bac\u0131s\u0131ndan yeni m\u00fcraci\u0259t: &#8220;Narahatam&#8221;"}]},{"@type":"WebSite","@id":"https:\/\/www.zerdab.com\/#website","url":"https:\/\/www.zerdab.com\/","name":"Z\u0259rdab.com","description":"","potentialAction":[{"@type":"SearchAction","target":{"@type":"EntryPoint","urlTemplate":"https:\/\/www.zerdab.com\/?s={search_term_string}"},"query-input":{"@type":"PropertyValueSpecification","valueRequired":true,"valueName":"search_term_string"}}],"inLanguage":"az"},{"@type":"Person","@id":"https:\/\/www.zerdab.com\/#\/schema\/person\/97079b7570c1e89ec0d9e138c3672136","name":"admin","image":{"@type":"ImageObject","inLanguage":"az","@id":"https:\/\/www.zerdab.com\/#\/schema\/person\/image\/","url":"https:\/\/secure.gravatar.com\/avatar\/d9c52a9a27c32119cb6679a077fa3e2779e5f822c451cbf01098004361d466ec?s=96&d=mm&r=g","contentUrl":"https:\/\/secure.gravatar.com\/avatar\/d9c52a9a27c32119cb6679a077fa3e2779e5f822c451cbf01098004361d466ec?s=96&d=mm&r=g","caption":"admin"},"url":"https:\/\/www.zerdab.com\/?author=1"}]}},"_links":{"self":[{"href":"https:\/\/www.zerdab.com\/index.php?rest_route=\/wp\/v2\/posts\/26876","targetHints":{"allow":["GET"]}}],"collection":[{"href":"https:\/\/www.zerdab.com\/index.php?rest_route=\/wp\/v2\/posts"}],"about":[{"href":"https:\/\/www.zerdab.com\/index.php?rest_route=\/wp\/v2\/types\/post"}],"author":[{"embeddable":true,"href":"https:\/\/www.zerdab.com\/index.php?rest_route=\/wp\/v2\/users\/1"}],"replies":[{"embeddable":true,"href":"https:\/\/www.zerdab.com\/index.php?rest_route=%2Fwp%2Fv2%2Fcomments&post=26876"}],"version-history":[{"count":1,"href":"https:\/\/www.zerdab.com\/index.php?rest_route=\/wp\/v2\/posts\/26876\/revisions"}],"predecessor-version":[{"id":26877,"href":"https:\/\/www.zerdab.com\/index.php?rest_route=\/wp\/v2\/posts\/26876\/revisions\/26877"}],"wp:attachment":[{"href":"https:\/\/www.zerdab.com\/index.php?rest_route=%2Fwp%2Fv2%2Fmedia&parent=26876"}],"wp:term":[{"taxonomy":"category","embeddable":true,"href":"https:\/\/www.zerdab.com\/index.php?rest_route=%2Fwp%2Fv2%2Fcategories&post=26876"},{"taxonomy":"post_tag","embeddable":true,"href":"https:\/\/www.zerdab.com\/index.php?rest_route=%2Fwp%2Fv2%2Ftags&post=26876"}],"curies":[{"name":"wp","href":"https:\/\/api.w.org\/{rel}","templated":true}]}}