{"id":2688,"date":"2012-06-11T12:34:27","date_gmt":"2012-06-11T07:34:27","guid":{"rendered":"http:\/\/www.zerdab.com\/?p=2688"},"modified":"2012-06-11T13:37:02","modified_gmt":"2012-06-11T08:37:02","slug":"z%c9%99rdabin-qoruqbagi-k%c9%99ndi-%c9%99razisind%c9%99n-ii-minilliy%c9%99-aid-qablar-tapilib","status":"publish","type":"post","link":"https:\/\/www.zerdab.com\/?p=2688","title":{"rendered":"Z\u0259rdabda eram\u0131zdan \u0259vv\u0259l II minilliy\u0259 aid qablar tap\u0131l\u0131b &#8211; foto"},"content":{"rendered":"<p><a href=\"http:\/\/www.zerdab.com\/?attachment_id=2690\" rel=\"attachment wp-att-2690\"><img loading=\"lazy\" decoding=\"async\" class=\"alignleft  wp-image-2690\" title=\"Rayon 002\" src=\"http:\/\/www.zerdab.com\/wp-content\/uploads\/2012\/06\/Rayon-0021-350x233.jpg\" alt=\"\" width=\"306\" height=\"207\" \/><\/a>Z\u0259rdab rayonunun Qoruqba\u011f\u0131 k\u0259ndi \u0259razisind\u0259n bizim eradan \u0259vv\u0259l II minilliy\u0259 aid qablar tap\u0131l\u0131b. <strong>www.zerdab.com<\/strong> sayt\u0131n\u0131n m\u0259lumat\u0131na g\u00f6r\u0259, qablar Z\u0259rdab rayon Tarix Diyar\u015f\u00fcnasl\u0131q Muzeyind\u0259 saxlan\u0131l\u0131r. Bu bar\u0259d\u0259 sayta <strong>muzeyin direktoru \u015eahnaz Mustafayeva<\/strong> m\u0259lumat verib. \u015eahnaz Mustafayevan\u0131n s\u00f6zl\u0259rin\u0259 g\u00f6r\u0259, Qoruqba\u011f\u0131 k\u0259ndi \u0259razisind\u0259 tap\u0131lm\u0131\u015f, II minilliy\u0259 aid qablar primitiv olsalar da, b\u00f6y\u00fck m\u0259d\u0259niyy\u0259t n\u00fcmun\u0259l\u0259ri say\u0131l\u0131rlar. \u015e. Mustafayevan\u0131n bildirdiyin\u0259 g\u00f6r\u0259, h\u0259min qablar k\u0259nd \u0259razisind\u0259 \u015fum i\u015fl\u0259ri apar\u0131lark\u0259n bir ne\u00e7\u0259 il \u0259vv\u0259l a\u015fkarlan\u0131b. K\u0259nd sakini Qulu L\u0259tifov (haz\u0131rda h\u0259min \u015f\u0259xs v\u0259fat edib-red) h\u0259min qablar\u0131 muzey\u0259 t\u0259qdim edib.<\/p>\n<p><strong>www.zerdab.com<\/strong><\/p>\n","protected":false},"excerpt":{"rendered":"<p>Z\u0259rdab rayonunun Qoruqba\u011f\u0131 k\u0259ndi \u0259razisind\u0259n bizim eradan \u0259vv\u0259l II minilliy\u0259 aid qablar tap\u0131l\u0131b. www.zerdab.com sayt\u0131n\u0131n m\u0259lumat\u0131na g\u00f6r\u0259, qablar Z\u0259rdab rayon Tarix Diyar\u015f\u00fcnasl\u0131q Muzeyind\u0259 saxlan\u0131l\u0131r. Bu bar\u0259d\u0259 sayta muzeyin direktoru \u015eahnaz Mustafayeva m\u0259lumat verib. \u015eahnaz Mustafayevan\u0131n s\u00f6zl\u0259rin\u0259 g\u00f6r\u0259, Qoruqba\u011f\u0131 k\u0259ndi \u0259razisind\u0259 tap\u0131lm\u0131\u015f, II minilliy\u0259 aid qablar primitiv olsalar da, b\u00f6y\u00fck m\u0259d\u0259niyy\u0259t n\u00fcmun\u0259l\u0259ri say\u0131l\u0131rlar. \u015e. Mustafayevan\u0131n bildirdiyin\u0259 [&hellip;]<\/p>\n","protected":false},"author":1,"featured_media":0,"comment_status":"open","ping_status":"open","sticky":false,"template":"","format":"standard","meta":{"footnotes":""},"categories":[1],"tags":[],"class_list":{"0":"post-2688","1":"post","2":"type-post","3":"status-publish","4":"format-standard","6":"category-tarix"},"yoast_head":"<!-- This site is optimized with the Yoast SEO plugin v27.0 - https:\/\/yoast.com\/product\/yoast-seo-wordpress\/ -->\n<title>Z\u0259rdabda eram\u0131zdan \u0259vv\u0259l II minilliy\u0259 aid qablar tap\u0131l\u0131b - foto - Z\u0259rdab.com<\/title>\n<meta name=\"robots\" content=\"index, follow, max-snippet:-1, max-image-preview:large, max-video-preview:-1\" \/>\n<link rel=\"canonical\" href=\"https:\/\/www.zerdab.com\/?p=2688\" \/>\n<meta property=\"og:locale\" content=\"az_AZ\" \/>\n<meta property=\"og:type\" content=\"article\" \/>\n<meta property=\"og:title\" content=\"Z\u0259rdabda eram\u0131zdan \u0259vv\u0259l II minilliy\u0259 aid qablar tap\u0131l\u0131b - foto - Z\u0259rdab.com\" \/>\n<meta property=\"og:description\" content=\"Z\u0259rdab rayonunun Qoruqba\u011f\u0131 k\u0259ndi \u0259razisind\u0259n bizim eradan \u0259vv\u0259l II minilliy\u0259 aid qablar tap\u0131l\u0131b. www.zerdab.com sayt\u0131n\u0131n m\u0259lumat\u0131na g\u00f6r\u0259, qablar Z\u0259rdab rayon Tarix Diyar\u015f\u00fcnasl\u0131q Muzeyind\u0259 saxlan\u0131l\u0131r. Bu bar\u0259d\u0259 sayta muzeyin direktoru \u015eahnaz Mustafayeva m\u0259lumat verib. \u015eahnaz Mustafayevan\u0131n s\u00f6zl\u0259rin\u0259 g\u00f6r\u0259, Qoruqba\u011f\u0131 k\u0259ndi \u0259razisind\u0259 tap\u0131lm\u0131\u015f, II minilliy\u0259 aid qablar primitiv olsalar da, b\u00f6y\u00fck m\u0259d\u0259niyy\u0259t n\u00fcmun\u0259l\u0259ri say\u0131l\u0131rlar. \u015e. Mustafayevan\u0131n bildirdiyin\u0259 [&hellip;]\" \/>\n<meta property=\"og:url\" content=\"https:\/\/www.zerdab.com\/?p=2688\" \/>\n<meta property=\"og:site_name\" content=\"Z\u0259rdab.com\" \/>\n<meta property=\"article:published_time\" content=\"2012-06-11T07:34:27+00:00\" \/>\n<meta property=\"article:modified_time\" content=\"2012-06-11T08:37:02+00:00\" \/>\n<meta property=\"og:image\" content=\"http:\/\/www.zerdab.com\/wp-content\/uploads\/2012\/06\/Rayon-0021-350x233.jpg\" \/>\n<meta name=\"author\" content=\"admin\" \/>\n<meta name=\"twitter:card\" content=\"summary_large_image\" \/>\n<meta name=\"twitter:label1\" content=\"Written by\" \/>\n\t<meta name=\"twitter:data1\" content=\"admin\" \/>\n\t<meta name=\"twitter:label2\" content=\"Est. reading time\" \/>\n\t<meta name=\"twitter:data2\" content=\"1 minute\" \/>\n<script type=\"application\/ld+json\" class=\"yoast-schema-graph\">{\"@context\":\"https:\/\/schema.org\",\"@graph\":[{\"@type\":\"Article\",\"@id\":\"https:\/\/www.zerdab.com\/?p=2688#article\",\"isPartOf\":{\"@id\":\"https:\/\/www.zerdab.com\/?p=2688\"},\"author\":{\"name\":\"admin\",\"@id\":\"https:\/\/www.zerdab.com\/#\/schema\/person\/97079b7570c1e89ec0d9e138c3672136\"},\"headline\":\"Z\u0259rdabda eram\u0131zdan \u0259vv\u0259l II minilliy\u0259 aid qablar tap\u0131l\u0131b &#8211; foto\",\"datePublished\":\"2012-06-11T07:34:27+00:00\",\"dateModified\":\"2012-06-11T08:37:02+00:00\",\"mainEntityOfPage\":{\"@id\":\"https:\/\/www.zerdab.com\/?p=2688\"},\"wordCount\":153,\"commentCount\":0,\"image\":{\"@id\":\"https:\/\/www.zerdab.com\/?p=2688#primaryimage\"},\"thumbnailUrl\":\"http:\/\/www.zerdab.com\/wp-content\/uploads\/2012\/06\/Rayon-0021-350x233.jpg\",\"articleSection\":[\"Z\u018fRDABIN TAR\u0130X\u0130\"],\"inLanguage\":\"az\",\"potentialAction\":[{\"@type\":\"CommentAction\",\"name\":\"Comment\",\"target\":[\"https:\/\/www.zerdab.com\/?p=2688#respond\"]}]},{\"@type\":\"WebPage\",\"@id\":\"https:\/\/www.zerdab.com\/?p=2688\",\"url\":\"https:\/\/www.zerdab.com\/?p=2688\",\"name\":\"Z\u0259rdabda eram\u0131zdan \u0259vv\u0259l II minilliy\u0259 aid qablar tap\u0131l\u0131b - foto - Z\u0259rdab.com\",\"isPartOf\":{\"@id\":\"https:\/\/www.zerdab.com\/#website\"},\"primaryImageOfPage\":{\"@id\":\"https:\/\/www.zerdab.com\/?p=2688#primaryimage\"},\"image\":{\"@id\":\"https:\/\/www.zerdab.com\/?p=2688#primaryimage\"},\"thumbnailUrl\":\"http:\/\/www.zerdab.com\/wp-content\/uploads\/2012\/06\/Rayon-0021-350x233.jpg\",\"datePublished\":\"2012-06-11T07:34:27+00:00\",\"dateModified\":\"2012-06-11T08:37:02+00:00\",\"author\":{\"@id\":\"https:\/\/www.zerdab.com\/#\/schema\/person\/97079b7570c1e89ec0d9e138c3672136\"},\"breadcrumb\":{\"@id\":\"https:\/\/www.zerdab.com\/?p=2688#breadcrumb\"},\"inLanguage\":\"az\",\"potentialAction\":[{\"@type\":\"ReadAction\",\"target\":[\"https:\/\/www.zerdab.com\/?p=2688\"]}]},{\"@type\":\"ImageObject\",\"inLanguage\":\"az\",\"@id\":\"https:\/\/www.zerdab.com\/?p=2688#primaryimage\",\"url\":\"\",\"contentUrl\":\"\"},{\"@type\":\"BreadcrumbList\",\"@id\":\"https:\/\/www.zerdab.com\/?p=2688#breadcrumb\",\"itemListElement\":[{\"@type\":\"ListItem\",\"position\":1,\"name\":\"Home\",\"item\":\"https:\/\/www.zerdab.com\/\"},{\"@type\":\"ListItem\",\"position\":2,\"name\":\"Z\u0259rdabda eram\u0131zdan \u0259vv\u0259l II minilliy\u0259 aid qablar tap\u0131l\u0131b &#8211; foto\"}]},{\"@type\":\"WebSite\",\"@id\":\"https:\/\/www.zerdab.com\/#website\",\"url\":\"https:\/\/www.zerdab.com\/\",\"name\":\"Z\u0259rdab.com\",\"description\":\"\",\"potentialAction\":[{\"@type\":\"SearchAction\",\"target\":{\"@type\":\"EntryPoint\",\"urlTemplate\":\"https:\/\/www.zerdab.com\/?s={search_term_string}\"},\"query-input\":{\"@type\":\"PropertyValueSpecification\",\"valueRequired\":true,\"valueName\":\"search_term_string\"}}],\"inLanguage\":\"az\"},{\"@type\":\"Person\",\"@id\":\"https:\/\/www.zerdab.com\/#\/schema\/person\/97079b7570c1e89ec0d9e138c3672136\",\"name\":\"admin\",\"image\":{\"@type\":\"ImageObject\",\"inLanguage\":\"az\",\"@id\":\"https:\/\/www.zerdab.com\/#\/schema\/person\/image\/\",\"url\":\"https:\/\/secure.gravatar.com\/avatar\/d9c52a9a27c32119cb6679a077fa3e2779e5f822c451cbf01098004361d466ec?s=96&d=mm&r=g\",\"contentUrl\":\"https:\/\/secure.gravatar.com\/avatar\/d9c52a9a27c32119cb6679a077fa3e2779e5f822c451cbf01098004361d466ec?s=96&d=mm&r=g\",\"caption\":\"admin\"},\"url\":\"https:\/\/www.zerdab.com\/?author=1\"}]}<\/script>\n<!-- \/ Yoast SEO plugin. -->","yoast_head_json":{"title":"Z\u0259rdabda eram\u0131zdan \u0259vv\u0259l II minilliy\u0259 aid qablar tap\u0131l\u0131b - foto - Z\u0259rdab.com","robots":{"index":"index","follow":"follow","max-snippet":"max-snippet:-1","max-image-preview":"max-image-preview:large","max-video-preview":"max-video-preview:-1"},"canonical":"https:\/\/www.zerdab.com\/?p=2688","og_locale":"az_AZ","og_type":"article","og_title":"Z\u0259rdabda eram\u0131zdan \u0259vv\u0259l II minilliy\u0259 aid qablar tap\u0131l\u0131b - foto - Z\u0259rdab.com","og_description":"Z\u0259rdab rayonunun Qoruqba\u011f\u0131 k\u0259ndi \u0259razisind\u0259n bizim eradan \u0259vv\u0259l II minilliy\u0259 aid qablar tap\u0131l\u0131b. www.zerdab.com sayt\u0131n\u0131n m\u0259lumat\u0131na g\u00f6r\u0259, qablar Z\u0259rdab rayon Tarix Diyar\u015f\u00fcnasl\u0131q Muzeyind\u0259 saxlan\u0131l\u0131r. Bu bar\u0259d\u0259 sayta muzeyin direktoru \u015eahnaz Mustafayeva m\u0259lumat verib. \u015eahnaz Mustafayevan\u0131n s\u00f6zl\u0259rin\u0259 g\u00f6r\u0259, Qoruqba\u011f\u0131 k\u0259ndi \u0259razisind\u0259 tap\u0131lm\u0131\u015f, II minilliy\u0259 aid qablar primitiv olsalar da, b\u00f6y\u00fck m\u0259d\u0259niyy\u0259t n\u00fcmun\u0259l\u0259ri say\u0131l\u0131rlar. \u015e. Mustafayevan\u0131n bildirdiyin\u0259 [&hellip;]","og_url":"https:\/\/www.zerdab.com\/?p=2688","og_site_name":"Z\u0259rdab.com","article_published_time":"2012-06-11T07:34:27+00:00","article_modified_time":"2012-06-11T08:37:02+00:00","og_image":[{"url":"http:\/\/www.zerdab.com\/wp-content\/uploads\/2012\/06\/Rayon-0021-350x233.jpg","type":"","width":"","height":""}],"author":"admin","twitter_card":"summary_large_image","twitter_misc":{"Written by":"admin","Est. reading time":"1 minute"},"schema":{"@context":"https:\/\/schema.org","@graph":[{"@type":"Article","@id":"https:\/\/www.zerdab.com\/?p=2688#article","isPartOf":{"@id":"https:\/\/www.zerdab.com\/?p=2688"},"author":{"name":"admin","@id":"https:\/\/www.zerdab.com\/#\/schema\/person\/97079b7570c1e89ec0d9e138c3672136"},"headline":"Z\u0259rdabda eram\u0131zdan \u0259vv\u0259l II minilliy\u0259 aid qablar tap\u0131l\u0131b &#8211; foto","datePublished":"2012-06-11T07:34:27+00:00","dateModified":"2012-06-11T08:37:02+00:00","mainEntityOfPage":{"@id":"https:\/\/www.zerdab.com\/?p=2688"},"wordCount":153,"commentCount":0,"image":{"@id":"https:\/\/www.zerdab.com\/?p=2688#primaryimage"},"thumbnailUrl":"http:\/\/www.zerdab.com\/wp-content\/uploads\/2012\/06\/Rayon-0021-350x233.jpg","articleSection":["Z\u018fRDABIN TAR\u0130X\u0130"],"inLanguage":"az","potentialAction":[{"@type":"CommentAction","name":"Comment","target":["https:\/\/www.zerdab.com\/?p=2688#respond"]}]},{"@type":"WebPage","@id":"https:\/\/www.zerdab.com\/?p=2688","url":"https:\/\/www.zerdab.com\/?p=2688","name":"Z\u0259rdabda eram\u0131zdan \u0259vv\u0259l II minilliy\u0259 aid qablar tap\u0131l\u0131b - foto - Z\u0259rdab.com","isPartOf":{"@id":"https:\/\/www.zerdab.com\/#website"},"primaryImageOfPage":{"@id":"https:\/\/www.zerdab.com\/?p=2688#primaryimage"},"image":{"@id":"https:\/\/www.zerdab.com\/?p=2688#primaryimage"},"thumbnailUrl":"http:\/\/www.zerdab.com\/wp-content\/uploads\/2012\/06\/Rayon-0021-350x233.jpg","datePublished":"2012-06-11T07:34:27+00:00","dateModified":"2012-06-11T08:37:02+00:00","author":{"@id":"https:\/\/www.zerdab.com\/#\/schema\/person\/97079b7570c1e89ec0d9e138c3672136"},"breadcrumb":{"@id":"https:\/\/www.zerdab.com\/?p=2688#breadcrumb"},"inLanguage":"az","potentialAction":[{"@type":"ReadAction","target":["https:\/\/www.zerdab.com\/?p=2688"]}]},{"@type":"ImageObject","inLanguage":"az","@id":"https:\/\/www.zerdab.com\/?p=2688#primaryimage","url":"","contentUrl":""},{"@type":"BreadcrumbList","@id":"https:\/\/www.zerdab.com\/?p=2688#breadcrumb","itemListElement":[{"@type":"ListItem","position":1,"name":"Home","item":"https:\/\/www.zerdab.com\/"},{"@type":"ListItem","position":2,"name":"Z\u0259rdabda eram\u0131zdan \u0259vv\u0259l II minilliy\u0259 aid qablar tap\u0131l\u0131b &#8211; foto"}]},{"@type":"WebSite","@id":"https:\/\/www.zerdab.com\/#website","url":"https:\/\/www.zerdab.com\/","name":"Z\u0259rdab.com","description":"","potentialAction":[{"@type":"SearchAction","target":{"@type":"EntryPoint","urlTemplate":"https:\/\/www.zerdab.com\/?s={search_term_string}"},"query-input":{"@type":"PropertyValueSpecification","valueRequired":true,"valueName":"search_term_string"}}],"inLanguage":"az"},{"@type":"Person","@id":"https:\/\/www.zerdab.com\/#\/schema\/person\/97079b7570c1e89ec0d9e138c3672136","name":"admin","image":{"@type":"ImageObject","inLanguage":"az","@id":"https:\/\/www.zerdab.com\/#\/schema\/person\/image\/","url":"https:\/\/secure.gravatar.com\/avatar\/d9c52a9a27c32119cb6679a077fa3e2779e5f822c451cbf01098004361d466ec?s=96&d=mm&r=g","contentUrl":"https:\/\/secure.gravatar.com\/avatar\/d9c52a9a27c32119cb6679a077fa3e2779e5f822c451cbf01098004361d466ec?s=96&d=mm&r=g","caption":"admin"},"url":"https:\/\/www.zerdab.com\/?author=1"}]}},"_links":{"self":[{"href":"https:\/\/www.zerdab.com\/index.php?rest_route=\/wp\/v2\/posts\/2688","targetHints":{"allow":["GET"]}}],"collection":[{"href":"https:\/\/www.zerdab.com\/index.php?rest_route=\/wp\/v2\/posts"}],"about":[{"href":"https:\/\/www.zerdab.com\/index.php?rest_route=\/wp\/v2\/types\/post"}],"author":[{"embeddable":true,"href":"https:\/\/www.zerdab.com\/index.php?rest_route=\/wp\/v2\/users\/1"}],"replies":[{"embeddable":true,"href":"https:\/\/www.zerdab.com\/index.php?rest_route=%2Fwp%2Fv2%2Fcomments&post=2688"}],"version-history":[{"count":15,"href":"https:\/\/www.zerdab.com\/index.php?rest_route=\/wp\/v2\/posts\/2688\/revisions"}],"predecessor-version":[{"id":2705,"href":"https:\/\/www.zerdab.com\/index.php?rest_route=\/wp\/v2\/posts\/2688\/revisions\/2705"}],"wp:attachment":[{"href":"https:\/\/www.zerdab.com\/index.php?rest_route=%2Fwp%2Fv2%2Fmedia&parent=2688"}],"wp:term":[{"taxonomy":"category","embeddable":true,"href":"https:\/\/www.zerdab.com\/index.php?rest_route=%2Fwp%2Fv2%2Fcategories&post=2688"},{"taxonomy":"post_tag","embeddable":true,"href":"https:\/\/www.zerdab.com\/index.php?rest_route=%2Fwp%2Fv2%2Ftags&post=2688"}],"curies":[{"name":"wp","href":"https:\/\/api.w.org\/{rel}","templated":true}]}}