{"id":26895,"date":"2019-05-01T12:16:13","date_gmt":"2019-05-01T08:16:13","guid":{"rendered":"http:\/\/www.zerdab.com\/?p=26895"},"modified":"2019-05-01T12:16:17","modified_gmt":"2019-05-01T08:16:17","slug":"z%c9%99rdabli-g%c9%99ncl%c9%99rin-daha-bir-maraqli-layih%c9%99si-baslayir","status":"publish","type":"post","link":"https:\/\/www.zerdab.com\/?p=26895","title":{"rendered":"Z\u0259rdabl\u0131 g\u0259ncl\u0259rin daha bir maraql\u0131 layih\u0259si ba\u015flay\u0131r"},"content":{"rendered":"\n<p>\u201cG\u0259ncliy\u0259 D\u0259st\u0259k\u201d \u0130ctimai Birliyi Az\u0259rbaycan Respublikas\u0131n\u0131n Prezidenti yan\u0131nda Qeyri-H\u00f6kum\u0259t T\u0259\u015fkilatlar\u0131na D\u00f6vl\u0259t D\u0259st\u0259yi \u015euras\u0131n\u0131n d\u0259st\u0259yi il\u0259 01.05.2019-cil tarixd\u0259n \u201cSosial xidm\u0259t sah\u0259sind\u0259 k\u00f6n\u00fcll\u00fcl\u00fck f\u0259aliyy\u0259tl\u0259rinin d\u0259st\u0259kl\u0259nm\u0259si\u201d adl\u0131 layih\u0259nin icras\u0131na ba\u015flam\u0131\u015fd\u0131r.\u00a0<br><strong>Zerdab.com<\/strong> sayt\u0131na veril\u0259n m\u0259lumata g\u00f6r\u0259, layih\u0259nin m\u0259qs\u0259di sosial xidm\u0259t sah\u0259sind\u0259 k\u00f6n\u00fcll\u00fcl\u00fck f\u0259aliyy\u0259tini t\u0259bli\u011f etm\u0259kl\u0259 g\u0259ncl\u0259ri \u00e7\u0259tin h\u0259yat \u015f\u0259raitind\u0259 olan insanlar\u0131n sosial m\u0259s\u0259l\u0259l\u0259rinin h\u0259ll edilm\u0259sin\u0259 c\u0259lb etm\u0259kd\u0259n ibar\u0259tdir.\u00a0<br>Bildiyimiz kimi, g\u0259ncl\u0259r b\u00f6y\u00fck potensiala malikdirl\u0259r. G\u0259ncl\u0259r \u00f6z potensiallar\u0131n\u0131, bacar\u0131qlar\u0131n\u0131 sosial f\u0259aliyy\u0259t\u0259, faydal\u0131 i\u015fl\u0259r\u0259 s\u0259rf etm\u0259zl\u0259rs\u0259 sabah bu bo\u015flu\u011fu pis v\u0259rdi\u015fl\u0259r v\u0259 ziyanl\u0131 h\u0259yat t\u0259rzi dolduracaqd\u0131r. Bu bax\u0131mdan da g\u0259ncl\u0259ri sosial xidm\u0259t sah\u0259l\u0259rind\u0259 k\u00f6n\u00fcll\u00fc f\u0259aliyy\u0259t\u0259 c\u0259lb etm\u0259k cox \u0259h\u0259miyy\u0259tlidir. Dig\u0259r t\u0259r\u0259fd\u0259n onlar\u0131n potensiallar\u0131n\u0131 \u00e7\u0259tin h\u0259yat \u015f\u0259raitind\u0259 ya\u015fayan insanlar\u0131n sosial m\u0259s\u0259l\u0259l\u0259rinin h\u0259ll edilm\u0259sin\u0259 c\u0259lb edilm\u0259si c\u0259miyy\u0259tin inki\u015faf\u0131na y\u00f6nl\u0259nmi\u015f bir f\u0259aliyy\u0259t olard\u0131 ki, bununla da biz c\u0259miyy\u0259t olaraq bir \u00e7ox faydalar \u0259ld\u0259 etmi\u015f olar\u0131q. G\u0259ncl\u0259r regionda \u00e7\u0259tin h\u0259yat \u015f\u0259raitind\u0259 ya\u015fayan \u015f\u0259xsl\u0259r\u0259 evd\u0259 sosial xidm\u0259t g\u00f6st\u0259rilm\u0259si sah\u0259sind\u0259 yax\u0131ndan i\u015ftirak ed\u0259r, c\u0259miyy\u0259tin inki\u015faf\u0131na \u00f6z t\u00f6hv\u0259l\u0259rini ver\u0259rl\u0259r.<br>Qeyd ed\u0259k ki, laiyh\u0259nin icra m\u00fcdd\u0259ti 4 ayd\u0131r. Layih\u0259nin Z\u0259rdab, Ucar v\u0259 La\u00e7\u0131n (Taxta k\u00f6rp\u00fc \u0259razisi) rayonlar\u0131nda ke\u00e7irilm\u0259si planla\u015fd\u0131r\u0131lm\u0131\u015fd\u0131r. <\/p>\n","protected":false},"excerpt":{"rendered":"<p>\u201cG\u0259ncliy\u0259 D\u0259st\u0259k\u201d \u0130ctimai Birliyi Az\u0259rbaycan Respublikas\u0131n\u0131n Prezidenti yan\u0131nda Qeyri-H\u00f6kum\u0259t T\u0259\u015fkilatlar\u0131na D\u00f6vl\u0259t D\u0259st\u0259yi \u015euras\u0131n\u0131n d\u0259st\u0259yi il\u0259 01.05.2019-cil tarixd\u0259n \u201cSosial xidm\u0259t sah\u0259sind\u0259 k\u00f6n\u00fcll\u00fcl\u00fck f\u0259aliyy\u0259tl\u0259rinin d\u0259st\u0259kl\u0259nm\u0259si\u201d adl\u0131 layih\u0259nin icras\u0131na ba\u015flam\u0131\u015fd\u0131r.\u00a0Zerdab.com sayt\u0131na veril\u0259n m\u0259lumata g\u00f6r\u0259, layih\u0259nin m\u0259qs\u0259di sosial xidm\u0259t sah\u0259sind\u0259 k\u00f6n\u00fcll\u00fcl\u00fck f\u0259aliyy\u0259tini t\u0259bli\u011f etm\u0259kl\u0259 g\u0259ncl\u0259ri \u00e7\u0259tin h\u0259yat \u015f\u0259raitind\u0259 olan insanlar\u0131n sosial m\u0259s\u0259l\u0259l\u0259rinin h\u0259ll edilm\u0259sin\u0259 c\u0259lb etm\u0259kd\u0259n ibar\u0259tdir.\u00a0Bildiyimiz kimi, g\u0259ncl\u0259r [&hellip;]<\/p>\n","protected":false},"author":1,"featured_media":26896,"comment_status":"open","ping_status":"open","sticky":false,"template":"","format":"standard","meta":{"footnotes":""},"categories":[21,63],"tags":[],"class_list":{"0":"post-26895","1":"post","2":"type-post","3":"status-publish","4":"format-standard","5":"has-post-thumbnail","7":"category-zrdab","8":"category-manset"},"yoast_head":"<!-- This site is optimized with the Yoast SEO plugin v27.0 - https:\/\/yoast.com\/product\/yoast-seo-wordpress\/ -->\n<title>Z\u0259rdabl\u0131 g\u0259ncl\u0259rin daha bir maraql\u0131 layih\u0259si ba\u015flay\u0131r - Z\u0259rdab.com<\/title>\n<meta name=\"robots\" content=\"index, follow, max-snippet:-1, max-image-preview:large, max-video-preview:-1\" \/>\n<link rel=\"canonical\" href=\"https:\/\/www.zerdab.com\/?p=26895\" \/>\n<meta property=\"og:locale\" content=\"az_AZ\" \/>\n<meta property=\"og:type\" content=\"article\" \/>\n<meta property=\"og:title\" content=\"Z\u0259rdabl\u0131 g\u0259ncl\u0259rin daha bir maraql\u0131 layih\u0259si ba\u015flay\u0131r - Z\u0259rdab.com\" \/>\n<meta property=\"og:description\" content=\"\u201cG\u0259ncliy\u0259 D\u0259st\u0259k\u201d \u0130ctimai Birliyi Az\u0259rbaycan Respublikas\u0131n\u0131n Prezidenti yan\u0131nda Qeyri-H\u00f6kum\u0259t T\u0259\u015fkilatlar\u0131na D\u00f6vl\u0259t D\u0259st\u0259yi \u015euras\u0131n\u0131n d\u0259st\u0259yi il\u0259 01.05.2019-cil tarixd\u0259n \u201cSosial xidm\u0259t sah\u0259sind\u0259 k\u00f6n\u00fcll\u00fcl\u00fck f\u0259aliyy\u0259tl\u0259rinin d\u0259st\u0259kl\u0259nm\u0259si\u201d adl\u0131 layih\u0259nin icras\u0131na ba\u015flam\u0131\u015fd\u0131r.\u00a0Zerdab.com sayt\u0131na veril\u0259n m\u0259lumata g\u00f6r\u0259, layih\u0259nin m\u0259qs\u0259di sosial xidm\u0259t sah\u0259sind\u0259 k\u00f6n\u00fcll\u00fcl\u00fck f\u0259aliyy\u0259tini t\u0259bli\u011f etm\u0259kl\u0259 g\u0259ncl\u0259ri \u00e7\u0259tin h\u0259yat \u015f\u0259raitind\u0259 olan insanlar\u0131n sosial m\u0259s\u0259l\u0259l\u0259rinin h\u0259ll edilm\u0259sin\u0259 c\u0259lb etm\u0259kd\u0259n ibar\u0259tdir.\u00a0Bildiyimiz kimi, g\u0259ncl\u0259r [&hellip;]\" \/>\n<meta property=\"og:url\" content=\"https:\/\/www.zerdab.com\/?p=26895\" \/>\n<meta property=\"og:site_name\" content=\"Z\u0259rdab.com\" \/>\n<meta property=\"article:published_time\" content=\"2019-05-01T08:16:13+00:00\" \/>\n<meta property=\"article:modified_time\" content=\"2019-05-01T08:16:17+00:00\" \/>\n<meta property=\"og:image\" content=\"https:\/\/www.zerdab.com\/wp-content\/uploads\/2019\/05\/gencliye-destek-eldar-xelilov.jpg\" \/>\n\t<meta property=\"og:image:width\" content=\"480\" \/>\n\t<meta property=\"og:image:height\" content=\"360\" \/>\n\t<meta property=\"og:image:type\" content=\"image\/jpeg\" \/>\n<meta name=\"author\" content=\"admin\" \/>\n<meta name=\"twitter:card\" content=\"summary_large_image\" \/>\n<meta name=\"twitter:label1\" content=\"Written by\" \/>\n\t<meta name=\"twitter:data1\" content=\"admin\" \/>\n\t<meta name=\"twitter:label2\" content=\"Est. reading time\" \/>\n\t<meta name=\"twitter:data2\" content=\"2 minutes\" \/>\n<script type=\"application\/ld+json\" class=\"yoast-schema-graph\">{\"@context\":\"https:\/\/schema.org\",\"@graph\":[{\"@type\":\"Article\",\"@id\":\"https:\/\/www.zerdab.com\/?p=26895#article\",\"isPartOf\":{\"@id\":\"https:\/\/www.zerdab.com\/?p=26895\"},\"author\":{\"name\":\"admin\",\"@id\":\"https:\/\/www.zerdab.com\/#\/schema\/person\/97079b7570c1e89ec0d9e138c3672136\"},\"headline\":\"Z\u0259rdabl\u0131 g\u0259ncl\u0259rin daha bir maraql\u0131 layih\u0259si ba\u015flay\u0131r\",\"datePublished\":\"2019-05-01T08:16:13+00:00\",\"dateModified\":\"2019-05-01T08:16:17+00:00\",\"mainEntityOfPage\":{\"@id\":\"https:\/\/www.zerdab.com\/?p=26895\"},\"wordCount\":353,\"commentCount\":0,\"image\":{\"@id\":\"https:\/\/www.zerdab.com\/?p=26895#primaryimage\"},\"thumbnailUrl\":\"https:\/\/www.zerdab.com\/wp-content\/uploads\/2019\/05\/gencliye-destek-eldar-xelilov.jpg\",\"articleSection\":[\"C\u018fM\u0130YY\u018fT\",\"MAN\u015eET\"],\"inLanguage\":\"az\",\"potentialAction\":[{\"@type\":\"CommentAction\",\"name\":\"Comment\",\"target\":[\"https:\/\/www.zerdab.com\/?p=26895#respond\"]}]},{\"@type\":\"WebPage\",\"@id\":\"https:\/\/www.zerdab.com\/?p=26895\",\"url\":\"https:\/\/www.zerdab.com\/?p=26895\",\"name\":\"Z\u0259rdabl\u0131 g\u0259ncl\u0259rin daha bir maraql\u0131 layih\u0259si ba\u015flay\u0131r - Z\u0259rdab.com\",\"isPartOf\":{\"@id\":\"https:\/\/www.zerdab.com\/#website\"},\"primaryImageOfPage\":{\"@id\":\"https:\/\/www.zerdab.com\/?p=26895#primaryimage\"},\"image\":{\"@id\":\"https:\/\/www.zerdab.com\/?p=26895#primaryimage\"},\"thumbnailUrl\":\"https:\/\/www.zerdab.com\/wp-content\/uploads\/2019\/05\/gencliye-destek-eldar-xelilov.jpg\",\"datePublished\":\"2019-05-01T08:16:13+00:00\",\"dateModified\":\"2019-05-01T08:16:17+00:00\",\"author\":{\"@id\":\"https:\/\/www.zerdab.com\/#\/schema\/person\/97079b7570c1e89ec0d9e138c3672136\"},\"breadcrumb\":{\"@id\":\"https:\/\/www.zerdab.com\/?p=26895#breadcrumb\"},\"inLanguage\":\"az\",\"potentialAction\":[{\"@type\":\"ReadAction\",\"target\":[\"https:\/\/www.zerdab.com\/?p=26895\"]}]},{\"@type\":\"ImageObject\",\"inLanguage\":\"az\",\"@id\":\"https:\/\/www.zerdab.com\/?p=26895#primaryimage\",\"url\":\"https:\/\/www.zerdab.com\/wp-content\/uploads\/2019\/05\/gencliye-destek-eldar-xelilov.jpg\",\"contentUrl\":\"https:\/\/www.zerdab.com\/wp-content\/uploads\/2019\/05\/gencliye-destek-eldar-xelilov.jpg\",\"width\":480,\"height\":360},{\"@type\":\"BreadcrumbList\",\"@id\":\"https:\/\/www.zerdab.com\/?p=26895#breadcrumb\",\"itemListElement\":[{\"@type\":\"ListItem\",\"position\":1,\"name\":\"Home\",\"item\":\"https:\/\/www.zerdab.com\/\"},{\"@type\":\"ListItem\",\"position\":2,\"name\":\"Z\u0259rdabl\u0131 g\u0259ncl\u0259rin daha bir maraql\u0131 layih\u0259si ba\u015flay\u0131r\"}]},{\"@type\":\"WebSite\",\"@id\":\"https:\/\/www.zerdab.com\/#website\",\"url\":\"https:\/\/www.zerdab.com\/\",\"name\":\"Z\u0259rdab.com\",\"description\":\"\",\"potentialAction\":[{\"@type\":\"SearchAction\",\"target\":{\"@type\":\"EntryPoint\",\"urlTemplate\":\"https:\/\/www.zerdab.com\/?s={search_term_string}\"},\"query-input\":{\"@type\":\"PropertyValueSpecification\",\"valueRequired\":true,\"valueName\":\"search_term_string\"}}],\"inLanguage\":\"az\"},{\"@type\":\"Person\",\"@id\":\"https:\/\/www.zerdab.com\/#\/schema\/person\/97079b7570c1e89ec0d9e138c3672136\",\"name\":\"admin\",\"image\":{\"@type\":\"ImageObject\",\"inLanguage\":\"az\",\"@id\":\"https:\/\/www.zerdab.com\/#\/schema\/person\/image\/\",\"url\":\"https:\/\/secure.gravatar.com\/avatar\/d9c52a9a27c32119cb6679a077fa3e2779e5f822c451cbf01098004361d466ec?s=96&d=mm&r=g\",\"contentUrl\":\"https:\/\/secure.gravatar.com\/avatar\/d9c52a9a27c32119cb6679a077fa3e2779e5f822c451cbf01098004361d466ec?s=96&d=mm&r=g\",\"caption\":\"admin\"},\"url\":\"https:\/\/www.zerdab.com\/?author=1\"}]}<\/script>\n<!-- \/ Yoast SEO plugin. -->","yoast_head_json":{"title":"Z\u0259rdabl\u0131 g\u0259ncl\u0259rin daha bir maraql\u0131 layih\u0259si ba\u015flay\u0131r - Z\u0259rdab.com","robots":{"index":"index","follow":"follow","max-snippet":"max-snippet:-1","max-image-preview":"max-image-preview:large","max-video-preview":"max-video-preview:-1"},"canonical":"https:\/\/www.zerdab.com\/?p=26895","og_locale":"az_AZ","og_type":"article","og_title":"Z\u0259rdabl\u0131 g\u0259ncl\u0259rin daha bir maraql\u0131 layih\u0259si ba\u015flay\u0131r - Z\u0259rdab.com","og_description":"\u201cG\u0259ncliy\u0259 D\u0259st\u0259k\u201d \u0130ctimai Birliyi Az\u0259rbaycan Respublikas\u0131n\u0131n Prezidenti yan\u0131nda Qeyri-H\u00f6kum\u0259t T\u0259\u015fkilatlar\u0131na D\u00f6vl\u0259t D\u0259st\u0259yi \u015euras\u0131n\u0131n d\u0259st\u0259yi il\u0259 01.05.2019-cil tarixd\u0259n \u201cSosial xidm\u0259t sah\u0259sind\u0259 k\u00f6n\u00fcll\u00fcl\u00fck f\u0259aliyy\u0259tl\u0259rinin d\u0259st\u0259kl\u0259nm\u0259si\u201d adl\u0131 layih\u0259nin icras\u0131na ba\u015flam\u0131\u015fd\u0131r.\u00a0Zerdab.com sayt\u0131na veril\u0259n m\u0259lumata g\u00f6r\u0259, layih\u0259nin m\u0259qs\u0259di sosial xidm\u0259t sah\u0259sind\u0259 k\u00f6n\u00fcll\u00fcl\u00fck f\u0259aliyy\u0259tini t\u0259bli\u011f etm\u0259kl\u0259 g\u0259ncl\u0259ri \u00e7\u0259tin h\u0259yat \u015f\u0259raitind\u0259 olan insanlar\u0131n sosial m\u0259s\u0259l\u0259l\u0259rinin h\u0259ll edilm\u0259sin\u0259 c\u0259lb etm\u0259kd\u0259n ibar\u0259tdir.\u00a0Bildiyimiz kimi, g\u0259ncl\u0259r [&hellip;]","og_url":"https:\/\/www.zerdab.com\/?p=26895","og_site_name":"Z\u0259rdab.com","article_published_time":"2019-05-01T08:16:13+00:00","article_modified_time":"2019-05-01T08:16:17+00:00","og_image":[{"width":480,"height":360,"url":"https:\/\/www.zerdab.com\/wp-content\/uploads\/2019\/05\/gencliye-destek-eldar-xelilov.jpg","type":"image\/jpeg"}],"author":"admin","twitter_card":"summary_large_image","twitter_misc":{"Written by":"admin","Est. reading time":"2 minutes"},"schema":{"@context":"https:\/\/schema.org","@graph":[{"@type":"Article","@id":"https:\/\/www.zerdab.com\/?p=26895#article","isPartOf":{"@id":"https:\/\/www.zerdab.com\/?p=26895"},"author":{"name":"admin","@id":"https:\/\/www.zerdab.com\/#\/schema\/person\/97079b7570c1e89ec0d9e138c3672136"},"headline":"Z\u0259rdabl\u0131 g\u0259ncl\u0259rin daha bir maraql\u0131 layih\u0259si ba\u015flay\u0131r","datePublished":"2019-05-01T08:16:13+00:00","dateModified":"2019-05-01T08:16:17+00:00","mainEntityOfPage":{"@id":"https:\/\/www.zerdab.com\/?p=26895"},"wordCount":353,"commentCount":0,"image":{"@id":"https:\/\/www.zerdab.com\/?p=26895#primaryimage"},"thumbnailUrl":"https:\/\/www.zerdab.com\/wp-content\/uploads\/2019\/05\/gencliye-destek-eldar-xelilov.jpg","articleSection":["C\u018fM\u0130YY\u018fT","MAN\u015eET"],"inLanguage":"az","potentialAction":[{"@type":"CommentAction","name":"Comment","target":["https:\/\/www.zerdab.com\/?p=26895#respond"]}]},{"@type":"WebPage","@id":"https:\/\/www.zerdab.com\/?p=26895","url":"https:\/\/www.zerdab.com\/?p=26895","name":"Z\u0259rdabl\u0131 g\u0259ncl\u0259rin daha bir maraql\u0131 layih\u0259si ba\u015flay\u0131r - Z\u0259rdab.com","isPartOf":{"@id":"https:\/\/www.zerdab.com\/#website"},"primaryImageOfPage":{"@id":"https:\/\/www.zerdab.com\/?p=26895#primaryimage"},"image":{"@id":"https:\/\/www.zerdab.com\/?p=26895#primaryimage"},"thumbnailUrl":"https:\/\/www.zerdab.com\/wp-content\/uploads\/2019\/05\/gencliye-destek-eldar-xelilov.jpg","datePublished":"2019-05-01T08:16:13+00:00","dateModified":"2019-05-01T08:16:17+00:00","author":{"@id":"https:\/\/www.zerdab.com\/#\/schema\/person\/97079b7570c1e89ec0d9e138c3672136"},"breadcrumb":{"@id":"https:\/\/www.zerdab.com\/?p=26895#breadcrumb"},"inLanguage":"az","potentialAction":[{"@type":"ReadAction","target":["https:\/\/www.zerdab.com\/?p=26895"]}]},{"@type":"ImageObject","inLanguage":"az","@id":"https:\/\/www.zerdab.com\/?p=26895#primaryimage","url":"https:\/\/www.zerdab.com\/wp-content\/uploads\/2019\/05\/gencliye-destek-eldar-xelilov.jpg","contentUrl":"https:\/\/www.zerdab.com\/wp-content\/uploads\/2019\/05\/gencliye-destek-eldar-xelilov.jpg","width":480,"height":360},{"@type":"BreadcrumbList","@id":"https:\/\/www.zerdab.com\/?p=26895#breadcrumb","itemListElement":[{"@type":"ListItem","position":1,"name":"Home","item":"https:\/\/www.zerdab.com\/"},{"@type":"ListItem","position":2,"name":"Z\u0259rdabl\u0131 g\u0259ncl\u0259rin daha bir maraql\u0131 layih\u0259si ba\u015flay\u0131r"}]},{"@type":"WebSite","@id":"https:\/\/www.zerdab.com\/#website","url":"https:\/\/www.zerdab.com\/","name":"Z\u0259rdab.com","description":"","potentialAction":[{"@type":"SearchAction","target":{"@type":"EntryPoint","urlTemplate":"https:\/\/www.zerdab.com\/?s={search_term_string}"},"query-input":{"@type":"PropertyValueSpecification","valueRequired":true,"valueName":"search_term_string"}}],"inLanguage":"az"},{"@type":"Person","@id":"https:\/\/www.zerdab.com\/#\/schema\/person\/97079b7570c1e89ec0d9e138c3672136","name":"admin","image":{"@type":"ImageObject","inLanguage":"az","@id":"https:\/\/www.zerdab.com\/#\/schema\/person\/image\/","url":"https:\/\/secure.gravatar.com\/avatar\/d9c52a9a27c32119cb6679a077fa3e2779e5f822c451cbf01098004361d466ec?s=96&d=mm&r=g","contentUrl":"https:\/\/secure.gravatar.com\/avatar\/d9c52a9a27c32119cb6679a077fa3e2779e5f822c451cbf01098004361d466ec?s=96&d=mm&r=g","caption":"admin"},"url":"https:\/\/www.zerdab.com\/?author=1"}]}},"_links":{"self":[{"href":"https:\/\/www.zerdab.com\/index.php?rest_route=\/wp\/v2\/posts\/26895","targetHints":{"allow":["GET"]}}],"collection":[{"href":"https:\/\/www.zerdab.com\/index.php?rest_route=\/wp\/v2\/posts"}],"about":[{"href":"https:\/\/www.zerdab.com\/index.php?rest_route=\/wp\/v2\/types\/post"}],"author":[{"embeddable":true,"href":"https:\/\/www.zerdab.com\/index.php?rest_route=\/wp\/v2\/users\/1"}],"replies":[{"embeddable":true,"href":"https:\/\/www.zerdab.com\/index.php?rest_route=%2Fwp%2Fv2%2Fcomments&post=26895"}],"version-history":[{"count":1,"href":"https:\/\/www.zerdab.com\/index.php?rest_route=\/wp\/v2\/posts\/26895\/revisions"}],"predecessor-version":[{"id":26897,"href":"https:\/\/www.zerdab.com\/index.php?rest_route=\/wp\/v2\/posts\/26895\/revisions\/26897"}],"wp:featuredmedia":[{"embeddable":true,"href":"https:\/\/www.zerdab.com\/index.php?rest_route=\/wp\/v2\/media\/26896"}],"wp:attachment":[{"href":"https:\/\/www.zerdab.com\/index.php?rest_route=%2Fwp%2Fv2%2Fmedia&parent=26895"}],"wp:term":[{"taxonomy":"category","embeddable":true,"href":"https:\/\/www.zerdab.com\/index.php?rest_route=%2Fwp%2Fv2%2Fcategories&post=26895"},{"taxonomy":"post_tag","embeddable":true,"href":"https:\/\/www.zerdab.com\/index.php?rest_route=%2Fwp%2Fv2%2Ftags&post=26895"}],"curies":[{"name":"wp","href":"https:\/\/api.w.org\/{rel}","templated":true}]}}