{"id":26900,"date":"2019-05-02T14:18:37","date_gmt":"2019-05-02T10:18:37","guid":{"rendered":"http:\/\/www.zerdab.com\/?p=26900"},"modified":"2019-05-02T14:22:15","modified_gmt":"2019-05-02T10:22:15","slug":"z%c9%99rdabin-icra-bascisi-d%c9%99kk%c9%99oba-k%c9%99ndind%c9%99-s%c9%99yyar-q%c9%99bulu-kecirib","status":"publish","type":"post","link":"https:\/\/www.zerdab.com\/?p=26900","title":{"rendered":"\u0130cra ba\u015f\u00e7\u0131s\u0131 Z\u0259rdab\u0131n D\u0259kk\u0259oba k\u0259ndind\u0259 s\u0259yyar q\u0259bulu ke\u00e7irdi &#8211; FOTOLAR"},"content":{"rendered":"\n<p>Z\u0259rdab rayonunun D\u0259kk\u0259oba k\u0259ndind\u0259 Rayon \u0130cra Hakimiyy\u0259ti ba\u015f\u00e7\u0131s\u0131n\u0131n s\u0259yyar q\u0259bulu ke\u00e7irilib. <\/p>\n\n\n\n<p><strong>Zerdab.com<\/strong> sayt\u0131na veril\u0259n m\u0259lumata g\u00f6r\u0259, q\u0259bulda \u00e7\u0131x\u0131\u015f ed\u0259n Rayon \u0130cra Hakimiyy\u0259tinin ba\u015f\u00e7\u0131s\u0131 L\u00fctv\u0259li Babayev son ill\u0259r \u00f6lk\u0259mizd\u0259, o c\u00fcml\u0259d\u0259n rayonumuzda g\u00f6r\u00fcl\u0259n i\u015fl\u0259r bar\u0259d\u0259 g\u00f6r\u00fc\u015f i\u015ftirak\u00e7\u0131lar\u0131na \u0259trafl\u0131 m\u0259lumat verib. <\/p>\n\n\n\n<figure class=\"wp-block-image\"><img decoding=\"async\" src=\"http:\/\/www.zerdab.com\/wp-content\/uploads\/2019\/05\/dekkeoba-kendi-seyyar-qebul-550x413.jpg\" alt=\"\" class=\"wp-image-26904\"\/><\/figure>\n\n\n\n<p>Natiq h\u0259m\u00e7inin Az\u0259rbaycan Respublikas\u0131n\u0131n Prezidenti c\u0259nab \u0130lham \u018fliyevin \u0259halinin sosial m\u00fcdafi\u0259si t\u0259dbirl\u0259rinin g\u00fccl\u0259ndirilm\u0259si istiqam\u0259tind\u0259 imzalad\u0131\u011f\u0131 f\u0259rman v\u0259 s\u0259r\u0259ncamlar bar\u0259d\u0259 i\u015ftirak\u00e7\u0131lara m\u0259lumat verib, ke\u00e7iril\u0259n m\u00fc\u015favir\u0259l\u0259rd\u0259 \u00f6lk\u0259 Prezidentinin nitql\u0259rind\u0259n ir\u0259li g\u0259l\u0259n v\u0259zif\u0259l\u0259r v\u0259 dig\u0259r m\u0259s\u0259l\u0259l\u0259ri onlar\u0131n diqq\u0259tin\u0259 \u00e7atd\u0131r\u0131b. <\/p>\n\n\n\n<p>\u00c7\u0131x\u0131\u015f ed\u0259n k\u0259nd sakinl\u0259ri g\u00f6r\u00fcl\u0259n i\u015fl\u0259r\u0259 g\u00f6r\u0259 \u00f6lk\u0259 Prezidentin\u0259 minn\u0259tdarl\u0131qlar\u0131n\u0131 bildirm\u0259kl\u0259, onlar\u0131 narahat ed\u0259n m\u0259s\u0259l\u0259l\u0259rin h\u0259llin\u0259 k\u00f6m\u0259klik g\u00f6st\u0259rilm\u0259sini xahi\u015f edibl\u0259r.<\/p>\n\n\n\n<p>\u0130r\u0259li s\u00fcr\u00fcl\u0259n t\u0259klifl\u0259r v\u0259 qald\u0131r\u0131lan m\u0259s\u0259l\u0259l\u0259rin h\u0259lli il\u0259 ba\u011fl\u0131 yerli icra v\u0259 b\u0259l\u0259diyy\u0259 orqanlar\u0131na, \u0259laq\u0259dar t\u0259\u015fkilat r\u0259hb\u0259rl\u0259rin\u0259 icra ba\u015f\u00e7\u0131s\u0131 t\u0259r\u0259find\u0259n m\u00fcvafiq tap\u015f\u0131r\u0131qlar verilib.<\/p>\n","protected":false},"excerpt":{"rendered":"<p>Z\u0259rdab rayonunun D\u0259kk\u0259oba k\u0259ndind\u0259 Rayon \u0130cra Hakimiyy\u0259ti ba\u015f\u00e7\u0131s\u0131n\u0131n s\u0259yyar q\u0259bulu ke\u00e7irilib. Zerdab.com sayt\u0131na veril\u0259n m\u0259lumata g\u00f6r\u0259, q\u0259bulda \u00e7\u0131x\u0131\u015f ed\u0259n Rayon \u0130cra Hakimiyy\u0259tinin ba\u015f\u00e7\u0131s\u0131 L\u00fctv\u0259li Babayev son ill\u0259r \u00f6lk\u0259mizd\u0259, o c\u00fcml\u0259d\u0259n rayonumuzda g\u00f6r\u00fcl\u0259n i\u015fl\u0259r bar\u0259d\u0259 g\u00f6r\u00fc\u015f i\u015ftirak\u00e7\u0131lar\u0131na \u0259trafl\u0131 m\u0259lumat verib. Natiq h\u0259m\u00e7inin Az\u0259rbaycan Respublikas\u0131n\u0131n Prezidenti c\u0259nab \u0130lham \u018fliyevin \u0259halinin sosial m\u00fcdafi\u0259si t\u0259dbirl\u0259rinin g\u00fccl\u0259ndirilm\u0259si istiqam\u0259tind\u0259 imzalad\u0131\u011f\u0131 f\u0259rman [&hellip;]<\/p>\n","protected":false},"author":1,"featured_media":0,"comment_status":"open","ping_status":"open","sticky":false,"template":"","format":"standard","meta":{"footnotes":""},"categories":[21,63],"tags":[],"class_list":{"0":"post-26900","1":"post","2":"type-post","3":"status-publish","4":"format-standard","6":"category-zrdab","7":"category-manset"},"yoast_head":"<!-- This site is optimized with the Yoast SEO plugin v27.0 - https:\/\/yoast.com\/product\/yoast-seo-wordpress\/ -->\n<title>\u0130cra ba\u015f\u00e7\u0131s\u0131 Z\u0259rdab\u0131n D\u0259kk\u0259oba k\u0259ndind\u0259 s\u0259yyar q\u0259bulu ke\u00e7irdi - FOTOLAR - Z\u0259rdab.com<\/title>\n<meta name=\"robots\" content=\"index, follow, max-snippet:-1, max-image-preview:large, max-video-preview:-1\" \/>\n<link rel=\"canonical\" href=\"https:\/\/www.zerdab.com\/?p=26900\" \/>\n<meta property=\"og:locale\" content=\"az_AZ\" \/>\n<meta property=\"og:type\" content=\"article\" \/>\n<meta property=\"og:title\" content=\"\u0130cra ba\u015f\u00e7\u0131s\u0131 Z\u0259rdab\u0131n D\u0259kk\u0259oba k\u0259ndind\u0259 s\u0259yyar q\u0259bulu ke\u00e7irdi - FOTOLAR - Z\u0259rdab.com\" \/>\n<meta property=\"og:description\" content=\"Z\u0259rdab rayonunun D\u0259kk\u0259oba k\u0259ndind\u0259 Rayon \u0130cra Hakimiyy\u0259ti ba\u015f\u00e7\u0131s\u0131n\u0131n s\u0259yyar q\u0259bulu ke\u00e7irilib. Zerdab.com sayt\u0131na veril\u0259n m\u0259lumata g\u00f6r\u0259, q\u0259bulda \u00e7\u0131x\u0131\u015f ed\u0259n Rayon \u0130cra Hakimiyy\u0259tinin ba\u015f\u00e7\u0131s\u0131 L\u00fctv\u0259li Babayev son ill\u0259r \u00f6lk\u0259mizd\u0259, o c\u00fcml\u0259d\u0259n rayonumuzda g\u00f6r\u00fcl\u0259n i\u015fl\u0259r bar\u0259d\u0259 g\u00f6r\u00fc\u015f i\u015ftirak\u00e7\u0131lar\u0131na \u0259trafl\u0131 m\u0259lumat verib. Natiq h\u0259m\u00e7inin Az\u0259rbaycan Respublikas\u0131n\u0131n Prezidenti c\u0259nab \u0130lham \u018fliyevin \u0259halinin sosial m\u00fcdafi\u0259si t\u0259dbirl\u0259rinin g\u00fccl\u0259ndirilm\u0259si istiqam\u0259tind\u0259 imzalad\u0131\u011f\u0131 f\u0259rman [&hellip;]\" \/>\n<meta property=\"og:url\" content=\"https:\/\/www.zerdab.com\/?p=26900\" \/>\n<meta property=\"og:site_name\" content=\"Z\u0259rdab.com\" \/>\n<meta property=\"article:published_time\" content=\"2019-05-02T10:18:37+00:00\" \/>\n<meta property=\"article:modified_time\" content=\"2019-05-02T10:22:15+00:00\" \/>\n<meta property=\"og:image\" content=\"http:\/\/www.zerdab.com\/wp-content\/uploads\/2019\/05\/dekkeoba-kendi-seyyar-qebul-550x413.jpg\" \/>\n<meta name=\"author\" content=\"admin\" \/>\n<meta name=\"twitter:card\" content=\"summary_large_image\" \/>\n<meta name=\"twitter:label1\" content=\"Written by\" \/>\n\t<meta name=\"twitter:data1\" content=\"admin\" \/>\n\t<meta name=\"twitter:label2\" content=\"Est. reading time\" \/>\n\t<meta name=\"twitter:data2\" content=\"1 minute\" \/>\n<script type=\"application\/ld+json\" class=\"yoast-schema-graph\">{\"@context\":\"https:\/\/schema.org\",\"@graph\":[{\"@type\":\"Article\",\"@id\":\"https:\/\/www.zerdab.com\/?p=26900#article\",\"isPartOf\":{\"@id\":\"https:\/\/www.zerdab.com\/?p=26900\"},\"author\":{\"name\":\"admin\",\"@id\":\"https:\/\/www.zerdab.com\/#\/schema\/person\/97079b7570c1e89ec0d9e138c3672136\"},\"headline\":\"\u0130cra ba\u015f\u00e7\u0131s\u0131 Z\u0259rdab\u0131n D\u0259kk\u0259oba k\u0259ndind\u0259 s\u0259yyar q\u0259bulu ke\u00e7irdi &#8211; FOTOLAR\",\"datePublished\":\"2019-05-02T10:18:37+00:00\",\"dateModified\":\"2019-05-02T10:22:15+00:00\",\"mainEntityOfPage\":{\"@id\":\"https:\/\/www.zerdab.com\/?p=26900\"},\"wordCount\":272,\"commentCount\":0,\"image\":{\"@id\":\"https:\/\/www.zerdab.com\/?p=26900#primaryimage\"},\"thumbnailUrl\":\"http:\/\/www.zerdab.com\/wp-content\/uploads\/2019\/05\/dekkeoba-kendi-seyyar-qebul-550x413.jpg\",\"articleSection\":[\"C\u018fM\u0130YY\u018fT\",\"MAN\u015eET\"],\"inLanguage\":\"az\",\"potentialAction\":[{\"@type\":\"CommentAction\",\"name\":\"Comment\",\"target\":[\"https:\/\/www.zerdab.com\/?p=26900#respond\"]}]},{\"@type\":\"WebPage\",\"@id\":\"https:\/\/www.zerdab.com\/?p=26900\",\"url\":\"https:\/\/www.zerdab.com\/?p=26900\",\"name\":\"\u0130cra ba\u015f\u00e7\u0131s\u0131 Z\u0259rdab\u0131n D\u0259kk\u0259oba k\u0259ndind\u0259 s\u0259yyar q\u0259bulu ke\u00e7irdi - FOTOLAR - Z\u0259rdab.com\",\"isPartOf\":{\"@id\":\"https:\/\/www.zerdab.com\/#website\"},\"primaryImageOfPage\":{\"@id\":\"https:\/\/www.zerdab.com\/?p=26900#primaryimage\"},\"image\":{\"@id\":\"https:\/\/www.zerdab.com\/?p=26900#primaryimage\"},\"thumbnailUrl\":\"http:\/\/www.zerdab.com\/wp-content\/uploads\/2019\/05\/dekkeoba-kendi-seyyar-qebul-550x413.jpg\",\"datePublished\":\"2019-05-02T10:18:37+00:00\",\"dateModified\":\"2019-05-02T10:22:15+00:00\",\"author\":{\"@id\":\"https:\/\/www.zerdab.com\/#\/schema\/person\/97079b7570c1e89ec0d9e138c3672136\"},\"breadcrumb\":{\"@id\":\"https:\/\/www.zerdab.com\/?p=26900#breadcrumb\"},\"inLanguage\":\"az\",\"potentialAction\":[{\"@type\":\"ReadAction\",\"target\":[\"https:\/\/www.zerdab.com\/?p=26900\"]}]},{\"@type\":\"ImageObject\",\"inLanguage\":\"az\",\"@id\":\"https:\/\/www.zerdab.com\/?p=26900#primaryimage\",\"url\":\"\",\"contentUrl\":\"\"},{\"@type\":\"BreadcrumbList\",\"@id\":\"https:\/\/www.zerdab.com\/?p=26900#breadcrumb\",\"itemListElement\":[{\"@type\":\"ListItem\",\"position\":1,\"name\":\"Home\",\"item\":\"https:\/\/www.zerdab.com\/\"},{\"@type\":\"ListItem\",\"position\":2,\"name\":\"\u0130cra ba\u015f\u00e7\u0131s\u0131 Z\u0259rdab\u0131n D\u0259kk\u0259oba k\u0259ndind\u0259 s\u0259yyar q\u0259bulu ke\u00e7irdi &#8211; FOTOLAR\"}]},{\"@type\":\"WebSite\",\"@id\":\"https:\/\/www.zerdab.com\/#website\",\"url\":\"https:\/\/www.zerdab.com\/\",\"name\":\"Z\u0259rdab.com\",\"description\":\"\",\"potentialAction\":[{\"@type\":\"SearchAction\",\"target\":{\"@type\":\"EntryPoint\",\"urlTemplate\":\"https:\/\/www.zerdab.com\/?s={search_term_string}\"},\"query-input\":{\"@type\":\"PropertyValueSpecification\",\"valueRequired\":true,\"valueName\":\"search_term_string\"}}],\"inLanguage\":\"az\"},{\"@type\":\"Person\",\"@id\":\"https:\/\/www.zerdab.com\/#\/schema\/person\/97079b7570c1e89ec0d9e138c3672136\",\"name\":\"admin\",\"image\":{\"@type\":\"ImageObject\",\"inLanguage\":\"az\",\"@id\":\"https:\/\/www.zerdab.com\/#\/schema\/person\/image\/\",\"url\":\"https:\/\/secure.gravatar.com\/avatar\/d9c52a9a27c32119cb6679a077fa3e2779e5f822c451cbf01098004361d466ec?s=96&d=mm&r=g\",\"contentUrl\":\"https:\/\/secure.gravatar.com\/avatar\/d9c52a9a27c32119cb6679a077fa3e2779e5f822c451cbf01098004361d466ec?s=96&d=mm&r=g\",\"caption\":\"admin\"},\"url\":\"https:\/\/www.zerdab.com\/?author=1\"}]}<\/script>\n<!-- \/ Yoast SEO plugin. -->","yoast_head_json":{"title":"\u0130cra ba\u015f\u00e7\u0131s\u0131 Z\u0259rdab\u0131n D\u0259kk\u0259oba k\u0259ndind\u0259 s\u0259yyar q\u0259bulu ke\u00e7irdi - FOTOLAR - Z\u0259rdab.com","robots":{"index":"index","follow":"follow","max-snippet":"max-snippet:-1","max-image-preview":"max-image-preview:large","max-video-preview":"max-video-preview:-1"},"canonical":"https:\/\/www.zerdab.com\/?p=26900","og_locale":"az_AZ","og_type":"article","og_title":"\u0130cra ba\u015f\u00e7\u0131s\u0131 Z\u0259rdab\u0131n D\u0259kk\u0259oba k\u0259ndind\u0259 s\u0259yyar q\u0259bulu ke\u00e7irdi - FOTOLAR - Z\u0259rdab.com","og_description":"Z\u0259rdab rayonunun D\u0259kk\u0259oba k\u0259ndind\u0259 Rayon \u0130cra Hakimiyy\u0259ti ba\u015f\u00e7\u0131s\u0131n\u0131n s\u0259yyar q\u0259bulu ke\u00e7irilib. Zerdab.com sayt\u0131na veril\u0259n m\u0259lumata g\u00f6r\u0259, q\u0259bulda \u00e7\u0131x\u0131\u015f ed\u0259n Rayon \u0130cra Hakimiyy\u0259tinin ba\u015f\u00e7\u0131s\u0131 L\u00fctv\u0259li Babayev son ill\u0259r \u00f6lk\u0259mizd\u0259, o c\u00fcml\u0259d\u0259n rayonumuzda g\u00f6r\u00fcl\u0259n i\u015fl\u0259r bar\u0259d\u0259 g\u00f6r\u00fc\u015f i\u015ftirak\u00e7\u0131lar\u0131na \u0259trafl\u0131 m\u0259lumat verib. Natiq h\u0259m\u00e7inin Az\u0259rbaycan Respublikas\u0131n\u0131n Prezidenti c\u0259nab \u0130lham \u018fliyevin \u0259halinin sosial m\u00fcdafi\u0259si t\u0259dbirl\u0259rinin g\u00fccl\u0259ndirilm\u0259si istiqam\u0259tind\u0259 imzalad\u0131\u011f\u0131 f\u0259rman [&hellip;]","og_url":"https:\/\/www.zerdab.com\/?p=26900","og_site_name":"Z\u0259rdab.com","article_published_time":"2019-05-02T10:18:37+00:00","article_modified_time":"2019-05-02T10:22:15+00:00","og_image":[{"url":"http:\/\/www.zerdab.com\/wp-content\/uploads\/2019\/05\/dekkeoba-kendi-seyyar-qebul-550x413.jpg","type":"","width":"","height":""}],"author":"admin","twitter_card":"summary_large_image","twitter_misc":{"Written by":"admin","Est. reading time":"1 minute"},"schema":{"@context":"https:\/\/schema.org","@graph":[{"@type":"Article","@id":"https:\/\/www.zerdab.com\/?p=26900#article","isPartOf":{"@id":"https:\/\/www.zerdab.com\/?p=26900"},"author":{"name":"admin","@id":"https:\/\/www.zerdab.com\/#\/schema\/person\/97079b7570c1e89ec0d9e138c3672136"},"headline":"\u0130cra ba\u015f\u00e7\u0131s\u0131 Z\u0259rdab\u0131n D\u0259kk\u0259oba k\u0259ndind\u0259 s\u0259yyar q\u0259bulu ke\u00e7irdi &#8211; FOTOLAR","datePublished":"2019-05-02T10:18:37+00:00","dateModified":"2019-05-02T10:22:15+00:00","mainEntityOfPage":{"@id":"https:\/\/www.zerdab.com\/?p=26900"},"wordCount":272,"commentCount":0,"image":{"@id":"https:\/\/www.zerdab.com\/?p=26900#primaryimage"},"thumbnailUrl":"http:\/\/www.zerdab.com\/wp-content\/uploads\/2019\/05\/dekkeoba-kendi-seyyar-qebul-550x413.jpg","articleSection":["C\u018fM\u0130YY\u018fT","MAN\u015eET"],"inLanguage":"az","potentialAction":[{"@type":"CommentAction","name":"Comment","target":["https:\/\/www.zerdab.com\/?p=26900#respond"]}]},{"@type":"WebPage","@id":"https:\/\/www.zerdab.com\/?p=26900","url":"https:\/\/www.zerdab.com\/?p=26900","name":"\u0130cra ba\u015f\u00e7\u0131s\u0131 Z\u0259rdab\u0131n D\u0259kk\u0259oba k\u0259ndind\u0259 s\u0259yyar q\u0259bulu ke\u00e7irdi - FOTOLAR - Z\u0259rdab.com","isPartOf":{"@id":"https:\/\/www.zerdab.com\/#website"},"primaryImageOfPage":{"@id":"https:\/\/www.zerdab.com\/?p=26900#primaryimage"},"image":{"@id":"https:\/\/www.zerdab.com\/?p=26900#primaryimage"},"thumbnailUrl":"http:\/\/www.zerdab.com\/wp-content\/uploads\/2019\/05\/dekkeoba-kendi-seyyar-qebul-550x413.jpg","datePublished":"2019-05-02T10:18:37+00:00","dateModified":"2019-05-02T10:22:15+00:00","author":{"@id":"https:\/\/www.zerdab.com\/#\/schema\/person\/97079b7570c1e89ec0d9e138c3672136"},"breadcrumb":{"@id":"https:\/\/www.zerdab.com\/?p=26900#breadcrumb"},"inLanguage":"az","potentialAction":[{"@type":"ReadAction","target":["https:\/\/www.zerdab.com\/?p=26900"]}]},{"@type":"ImageObject","inLanguage":"az","@id":"https:\/\/www.zerdab.com\/?p=26900#primaryimage","url":"","contentUrl":""},{"@type":"BreadcrumbList","@id":"https:\/\/www.zerdab.com\/?p=26900#breadcrumb","itemListElement":[{"@type":"ListItem","position":1,"name":"Home","item":"https:\/\/www.zerdab.com\/"},{"@type":"ListItem","position":2,"name":"\u0130cra ba\u015f\u00e7\u0131s\u0131 Z\u0259rdab\u0131n D\u0259kk\u0259oba k\u0259ndind\u0259 s\u0259yyar q\u0259bulu ke\u00e7irdi &#8211; FOTOLAR"}]},{"@type":"WebSite","@id":"https:\/\/www.zerdab.com\/#website","url":"https:\/\/www.zerdab.com\/","name":"Z\u0259rdab.com","description":"","potentialAction":[{"@type":"SearchAction","target":{"@type":"EntryPoint","urlTemplate":"https:\/\/www.zerdab.com\/?s={search_term_string}"},"query-input":{"@type":"PropertyValueSpecification","valueRequired":true,"valueName":"search_term_string"}}],"inLanguage":"az"},{"@type":"Person","@id":"https:\/\/www.zerdab.com\/#\/schema\/person\/97079b7570c1e89ec0d9e138c3672136","name":"admin","image":{"@type":"ImageObject","inLanguage":"az","@id":"https:\/\/www.zerdab.com\/#\/schema\/person\/image\/","url":"https:\/\/secure.gravatar.com\/avatar\/d9c52a9a27c32119cb6679a077fa3e2779e5f822c451cbf01098004361d466ec?s=96&d=mm&r=g","contentUrl":"https:\/\/secure.gravatar.com\/avatar\/d9c52a9a27c32119cb6679a077fa3e2779e5f822c451cbf01098004361d466ec?s=96&d=mm&r=g","caption":"admin"},"url":"https:\/\/www.zerdab.com\/?author=1"}]}},"_links":{"self":[{"href":"https:\/\/www.zerdab.com\/index.php?rest_route=\/wp\/v2\/posts\/26900","targetHints":{"allow":["GET"]}}],"collection":[{"href":"https:\/\/www.zerdab.com\/index.php?rest_route=\/wp\/v2\/posts"}],"about":[{"href":"https:\/\/www.zerdab.com\/index.php?rest_route=\/wp\/v2\/types\/post"}],"author":[{"embeddable":true,"href":"https:\/\/www.zerdab.com\/index.php?rest_route=\/wp\/v2\/users\/1"}],"replies":[{"embeddable":true,"href":"https:\/\/www.zerdab.com\/index.php?rest_route=%2Fwp%2Fv2%2Fcomments&post=26900"}],"version-history":[{"count":3,"href":"https:\/\/www.zerdab.com\/index.php?rest_route=\/wp\/v2\/posts\/26900\/revisions"}],"predecessor-version":[{"id":26907,"href":"https:\/\/www.zerdab.com\/index.php?rest_route=\/wp\/v2\/posts\/26900\/revisions\/26907"}],"wp:attachment":[{"href":"https:\/\/www.zerdab.com\/index.php?rest_route=%2Fwp%2Fv2%2Fmedia&parent=26900"}],"wp:term":[{"taxonomy":"category","embeddable":true,"href":"https:\/\/www.zerdab.com\/index.php?rest_route=%2Fwp%2Fv2%2Fcategories&post=26900"},{"taxonomy":"post_tag","embeddable":true,"href":"https:\/\/www.zerdab.com\/index.php?rest_route=%2Fwp%2Fv2%2Ftags&post=26900"}],"curies":[{"name":"wp","href":"https:\/\/api.w.org\/{rel}","templated":true}]}}