{"id":26989,"date":"2019-05-10T22:50:01","date_gmt":"2019-05-10T18:50:01","guid":{"rendered":"http:\/\/www.zerdab.com\/?p=26989"},"modified":"2019-05-11T14:59:58","modified_gmt":"2019-05-11T10:59:58","slug":"z%c9%99rdabda-fasizm-uz%c9%99rind%c9%99-q%c9%99l%c9%99b%c9%99nin-ildonumu-qeyd-olunub-fotolar","status":"publish","type":"post","link":"https:\/\/www.zerdab.com\/?p=26989","title":{"rendered":"Z\u0259rdabda fa\u015fizm \u00fcz\u0259rind\u0259 q\u0259l\u0259b\u0259nin ild\u00f6n\u00fcm\u00fc qeyd olunub &#8211; Fotolar"},"content":{"rendered":"\n<p>Z\u0259rdab \u015f\u0259h\u0259rind\u0259, K\u00fcr \u00e7ay\u0131 sahilind\u0259ki Q\u0259l\u0259b\u0259 meydan\u0131nda 1941-1945-ci ill\u0259r B\u00f6y\u00fck V\u0259t\u0259n M\u00fcharib\u0259sind\u0259 fa\u015fizm \u00fcz\u0259rind\u0259 q\u0259l\u0259b\u0259nin 74-c\u00fc ild\u00f6n\u00fcm\u00fc m\u00fcnasib\u0259til\u0259 \u00fcmumrayon t\u0259dbiri ke\u00e7irilib. <\/p>\n\n\n\n<figure class=\"wp-block-image\"><img decoding=\"async\" src=\"http:\/\/www.zerdab.com\/wp-content\/uploads\/2019\/05\/zerdab-fasizm-uzerinde-qelebe1-550x367.jpg\" alt=\"\" class=\"wp-image-26992\"\/><\/figure>\n\n\n\n<p>Zerdab.com x\u0259b\u0259r verir ki, t\u0259dbir i\u015ftirak\u00e7\u0131lar\u0131 \u0259vv\u0259lc\u0259 1941-1945-ci ill\u0259r m\u00fcharib\u0259sind\u0259 h\u0259lak olmu\u015f z\u0259rdabl\u0131lar\u0131n xatir\u0259sin\u0259 ucald\u0131lm\u0131\u015f abid\u0259 kompleksi \u00f6n\u00fcn\u0259, sonra is\u0259 Z\u0259rdab rayonundan olan Sovet \u0130ttifaq\u0131 Q\u0259hr\u0259man\u0131 M\u0259lik M\u0259h\u0259rr\u0259movun b\u00fcst\u00fc \u00f6n\u00fcn\u0259 g\u00fcl d\u0259st\u0259l\u0259ri qoyublar.<br>Z\u0259rdab rayon icra hakimiyy\u0259tinin ba\u015f\u00e7\u0131s\u0131 L\u00fctv\u0259li Babayev m\u0259rasimd\u0259 \u00e7\u0131x\u0131\u015f edib. Bildirib ki, m\u00fcharib\u0259 ill\u0259rind\u0259 xalq\u0131m\u0131z h\u0259m c\u0259bh\u0259 b\u00f6lg\u0259l\u0259rind\u0259, h\u0259m d\u0259 arxa c\u0259bh\u0259d\u0259 b\u00f6y\u00fck q\u0259hr\u0259manl\u0131qlar g\u00f6st\u0259rib. Bu q\u0259hr\u0259manlar aras\u0131nda z\u0259rdabl\u0131lar da \u00e7ox olub. Qeyd edilib ki, \u00f6lk\u0259miz haz\u0131rda m\u00fcharib\u0259 \u015f\u0259raitind\u0259 olmas\u0131na baxmayaraq d\u00f6vl\u0259timizin ba\u015f\u00e7\u0131s\u0131 b\u00fct\u00fcn insanlara, x\u00fcsusil\u0259, m\u00fcharib\u0259 veteranlar\u0131na, onlar\u0131n sosial probleml\u0259rinin h\u0259llin\u0259 y\u00fcks\u0259k diqq\u0259t v\u0259 qay\u011f\u0131 g\u00f6st\u0259rir.<br>M\u0259rasimd\u0259 \u00e7\u0131x\u0131\u015f ed\u0259nl\u0259r m\u00fcharib\u0259 veteranlar\u0131na g\u00f6st\u0259ril\u0259n diqq\u0259t v\u0259 qay\u011f\u0131ya g\u00f6r\u0259 \u00f6lk\u0259 ba\u015f\u00e7\u0131s\u0131na minn\u0259tdarl\u0131qlar\u0131n\u0131 bildiribl\u0259r.<br>T\u0259dbir konsert proqram\u0131 il\u0259 davam etdirilib. <\/p>\n","protected":false},"excerpt":{"rendered":"<p>Z\u0259rdab \u015f\u0259h\u0259rind\u0259, K\u00fcr \u00e7ay\u0131 sahilind\u0259ki Q\u0259l\u0259b\u0259 meydan\u0131nda 1941-1945-ci ill\u0259r B\u00f6y\u00fck V\u0259t\u0259n M\u00fcharib\u0259sind\u0259 fa\u015fizm \u00fcz\u0259rind\u0259 q\u0259l\u0259b\u0259nin 74-c\u00fc ild\u00f6n\u00fcm\u00fc m\u00fcnasib\u0259til\u0259 \u00fcmumrayon t\u0259dbiri ke\u00e7irilib. Zerdab.com x\u0259b\u0259r verir ki, t\u0259dbir i\u015ftirak\u00e7\u0131lar\u0131 \u0259vv\u0259lc\u0259 1941-1945-ci ill\u0259r m\u00fcharib\u0259sind\u0259 h\u0259lak olmu\u015f z\u0259rdabl\u0131lar\u0131n xatir\u0259sin\u0259 ucald\u0131lm\u0131\u015f abid\u0259 kompleksi \u00f6n\u00fcn\u0259, sonra is\u0259 Z\u0259rdab rayonundan olan Sovet \u0130ttifaq\u0131 Q\u0259hr\u0259man\u0131 M\u0259lik M\u0259h\u0259rr\u0259movun b\u00fcst\u00fc \u00f6n\u00fcn\u0259 g\u00fcl d\u0259st\u0259l\u0259ri qoyublar.Z\u0259rdab rayon [&hellip;]<\/p>\n","protected":false},"author":1,"featured_media":0,"comment_status":"open","ping_status":"open","sticky":false,"template":"","format":"standard","meta":{"footnotes":""},"categories":[21,63],"tags":[],"class_list":{"0":"post-26989","1":"post","2":"type-post","3":"status-publish","4":"format-standard","6":"category-zrdab","7":"category-manset"},"yoast_head":"<!-- This site is optimized with the Yoast SEO plugin v27.0 - https:\/\/yoast.com\/product\/yoast-seo-wordpress\/ -->\n<title>Z\u0259rdabda fa\u015fizm \u00fcz\u0259rind\u0259 q\u0259l\u0259b\u0259nin ild\u00f6n\u00fcm\u00fc qeyd olunub - Fotolar - Z\u0259rdab.com<\/title>\n<meta name=\"robots\" content=\"index, follow, max-snippet:-1, max-image-preview:large, max-video-preview:-1\" \/>\n<link rel=\"canonical\" href=\"https:\/\/www.zerdab.com\/?p=26989\" \/>\n<meta property=\"og:locale\" content=\"az_AZ\" \/>\n<meta property=\"og:type\" content=\"article\" \/>\n<meta property=\"og:title\" content=\"Z\u0259rdabda fa\u015fizm \u00fcz\u0259rind\u0259 q\u0259l\u0259b\u0259nin ild\u00f6n\u00fcm\u00fc qeyd olunub - Fotolar - Z\u0259rdab.com\" \/>\n<meta property=\"og:description\" content=\"Z\u0259rdab \u015f\u0259h\u0259rind\u0259, K\u00fcr \u00e7ay\u0131 sahilind\u0259ki Q\u0259l\u0259b\u0259 meydan\u0131nda 1941-1945-ci ill\u0259r B\u00f6y\u00fck V\u0259t\u0259n M\u00fcharib\u0259sind\u0259 fa\u015fizm \u00fcz\u0259rind\u0259 q\u0259l\u0259b\u0259nin 74-c\u00fc ild\u00f6n\u00fcm\u00fc m\u00fcnasib\u0259til\u0259 \u00fcmumrayon t\u0259dbiri ke\u00e7irilib. Zerdab.com x\u0259b\u0259r verir ki, t\u0259dbir i\u015ftirak\u00e7\u0131lar\u0131 \u0259vv\u0259lc\u0259 1941-1945-ci ill\u0259r m\u00fcharib\u0259sind\u0259 h\u0259lak olmu\u015f z\u0259rdabl\u0131lar\u0131n xatir\u0259sin\u0259 ucald\u0131lm\u0131\u015f abid\u0259 kompleksi \u00f6n\u00fcn\u0259, sonra is\u0259 Z\u0259rdab rayonundan olan Sovet \u0130ttifaq\u0131 Q\u0259hr\u0259man\u0131 M\u0259lik M\u0259h\u0259rr\u0259movun b\u00fcst\u00fc \u00f6n\u00fcn\u0259 g\u00fcl d\u0259st\u0259l\u0259ri qoyublar.Z\u0259rdab rayon [&hellip;]\" \/>\n<meta property=\"og:url\" content=\"https:\/\/www.zerdab.com\/?p=26989\" \/>\n<meta property=\"og:site_name\" content=\"Z\u0259rdab.com\" \/>\n<meta property=\"article:published_time\" content=\"2019-05-10T18:50:01+00:00\" \/>\n<meta property=\"article:modified_time\" content=\"2019-05-11T10:59:58+00:00\" \/>\n<meta property=\"og:image\" content=\"http:\/\/www.zerdab.com\/wp-content\/uploads\/2019\/05\/zerdab-fasizm-uzerinde-qelebe1-550x367.jpg\" \/>\n<meta name=\"author\" content=\"admin\" \/>\n<meta name=\"twitter:card\" content=\"summary_large_image\" \/>\n<meta name=\"twitter:label1\" content=\"Written by\" \/>\n\t<meta name=\"twitter:data1\" content=\"admin\" \/>\n\t<meta name=\"twitter:label2\" content=\"Est. reading time\" \/>\n\t<meta name=\"twitter:data2\" content=\"1 minute\" \/>\n<script type=\"application\/ld+json\" class=\"yoast-schema-graph\">{\"@context\":\"https:\/\/schema.org\",\"@graph\":[{\"@type\":\"Article\",\"@id\":\"https:\/\/www.zerdab.com\/?p=26989#article\",\"isPartOf\":{\"@id\":\"https:\/\/www.zerdab.com\/?p=26989\"},\"author\":{\"name\":\"admin\",\"@id\":\"https:\/\/www.zerdab.com\/#\/schema\/person\/97079b7570c1e89ec0d9e138c3672136\"},\"headline\":\"Z\u0259rdabda fa\u015fizm \u00fcz\u0259rind\u0259 q\u0259l\u0259b\u0259nin ild\u00f6n\u00fcm\u00fc qeyd olunub &#8211; Fotolar\",\"datePublished\":\"2019-05-10T18:50:01+00:00\",\"dateModified\":\"2019-05-11T10:59:58+00:00\",\"mainEntityOfPage\":{\"@id\":\"https:\/\/www.zerdab.com\/?p=26989\"},\"wordCount\":273,\"commentCount\":0,\"image\":{\"@id\":\"https:\/\/www.zerdab.com\/?p=26989#primaryimage\"},\"thumbnailUrl\":\"http:\/\/www.zerdab.com\/wp-content\/uploads\/2019\/05\/zerdab-fasizm-uzerinde-qelebe1-550x367.jpg\",\"articleSection\":[\"C\u018fM\u0130YY\u018fT\",\"MAN\u015eET\"],\"inLanguage\":\"az\",\"potentialAction\":[{\"@type\":\"CommentAction\",\"name\":\"Comment\",\"target\":[\"https:\/\/www.zerdab.com\/?p=26989#respond\"]}]},{\"@type\":\"WebPage\",\"@id\":\"https:\/\/www.zerdab.com\/?p=26989\",\"url\":\"https:\/\/www.zerdab.com\/?p=26989\",\"name\":\"Z\u0259rdabda fa\u015fizm \u00fcz\u0259rind\u0259 q\u0259l\u0259b\u0259nin ild\u00f6n\u00fcm\u00fc qeyd olunub - Fotolar - Z\u0259rdab.com\",\"isPartOf\":{\"@id\":\"https:\/\/www.zerdab.com\/#website\"},\"primaryImageOfPage\":{\"@id\":\"https:\/\/www.zerdab.com\/?p=26989#primaryimage\"},\"image\":{\"@id\":\"https:\/\/www.zerdab.com\/?p=26989#primaryimage\"},\"thumbnailUrl\":\"http:\/\/www.zerdab.com\/wp-content\/uploads\/2019\/05\/zerdab-fasizm-uzerinde-qelebe1-550x367.jpg\",\"datePublished\":\"2019-05-10T18:50:01+00:00\",\"dateModified\":\"2019-05-11T10:59:58+00:00\",\"author\":{\"@id\":\"https:\/\/www.zerdab.com\/#\/schema\/person\/97079b7570c1e89ec0d9e138c3672136\"},\"breadcrumb\":{\"@id\":\"https:\/\/www.zerdab.com\/?p=26989#breadcrumb\"},\"inLanguage\":\"az\",\"potentialAction\":[{\"@type\":\"ReadAction\",\"target\":[\"https:\/\/www.zerdab.com\/?p=26989\"]}]},{\"@type\":\"ImageObject\",\"inLanguage\":\"az\",\"@id\":\"https:\/\/www.zerdab.com\/?p=26989#primaryimage\",\"url\":\"\",\"contentUrl\":\"\"},{\"@type\":\"BreadcrumbList\",\"@id\":\"https:\/\/www.zerdab.com\/?p=26989#breadcrumb\",\"itemListElement\":[{\"@type\":\"ListItem\",\"position\":1,\"name\":\"Home\",\"item\":\"https:\/\/www.zerdab.com\/\"},{\"@type\":\"ListItem\",\"position\":2,\"name\":\"Z\u0259rdabda fa\u015fizm \u00fcz\u0259rind\u0259 q\u0259l\u0259b\u0259nin ild\u00f6n\u00fcm\u00fc qeyd olunub &#8211; Fotolar\"}]},{\"@type\":\"WebSite\",\"@id\":\"https:\/\/www.zerdab.com\/#website\",\"url\":\"https:\/\/www.zerdab.com\/\",\"name\":\"Z\u0259rdab.com\",\"description\":\"\",\"potentialAction\":[{\"@type\":\"SearchAction\",\"target\":{\"@type\":\"EntryPoint\",\"urlTemplate\":\"https:\/\/www.zerdab.com\/?s={search_term_string}\"},\"query-input\":{\"@type\":\"PropertyValueSpecification\",\"valueRequired\":true,\"valueName\":\"search_term_string\"}}],\"inLanguage\":\"az\"},{\"@type\":\"Person\",\"@id\":\"https:\/\/www.zerdab.com\/#\/schema\/person\/97079b7570c1e89ec0d9e138c3672136\",\"name\":\"admin\",\"image\":{\"@type\":\"ImageObject\",\"inLanguage\":\"az\",\"@id\":\"https:\/\/www.zerdab.com\/#\/schema\/person\/image\/\",\"url\":\"https:\/\/secure.gravatar.com\/avatar\/d9c52a9a27c32119cb6679a077fa3e2779e5f822c451cbf01098004361d466ec?s=96&d=mm&r=g\",\"contentUrl\":\"https:\/\/secure.gravatar.com\/avatar\/d9c52a9a27c32119cb6679a077fa3e2779e5f822c451cbf01098004361d466ec?s=96&d=mm&r=g\",\"caption\":\"admin\"},\"url\":\"https:\/\/www.zerdab.com\/?author=1\"}]}<\/script>\n<!-- \/ Yoast SEO plugin. -->","yoast_head_json":{"title":"Z\u0259rdabda fa\u015fizm \u00fcz\u0259rind\u0259 q\u0259l\u0259b\u0259nin ild\u00f6n\u00fcm\u00fc qeyd olunub - Fotolar - Z\u0259rdab.com","robots":{"index":"index","follow":"follow","max-snippet":"max-snippet:-1","max-image-preview":"max-image-preview:large","max-video-preview":"max-video-preview:-1"},"canonical":"https:\/\/www.zerdab.com\/?p=26989","og_locale":"az_AZ","og_type":"article","og_title":"Z\u0259rdabda fa\u015fizm \u00fcz\u0259rind\u0259 q\u0259l\u0259b\u0259nin ild\u00f6n\u00fcm\u00fc qeyd olunub - Fotolar - Z\u0259rdab.com","og_description":"Z\u0259rdab \u015f\u0259h\u0259rind\u0259, K\u00fcr \u00e7ay\u0131 sahilind\u0259ki Q\u0259l\u0259b\u0259 meydan\u0131nda 1941-1945-ci ill\u0259r B\u00f6y\u00fck V\u0259t\u0259n M\u00fcharib\u0259sind\u0259 fa\u015fizm \u00fcz\u0259rind\u0259 q\u0259l\u0259b\u0259nin 74-c\u00fc ild\u00f6n\u00fcm\u00fc m\u00fcnasib\u0259til\u0259 \u00fcmumrayon t\u0259dbiri ke\u00e7irilib. Zerdab.com x\u0259b\u0259r verir ki, t\u0259dbir i\u015ftirak\u00e7\u0131lar\u0131 \u0259vv\u0259lc\u0259 1941-1945-ci ill\u0259r m\u00fcharib\u0259sind\u0259 h\u0259lak olmu\u015f z\u0259rdabl\u0131lar\u0131n xatir\u0259sin\u0259 ucald\u0131lm\u0131\u015f abid\u0259 kompleksi \u00f6n\u00fcn\u0259, sonra is\u0259 Z\u0259rdab rayonundan olan Sovet \u0130ttifaq\u0131 Q\u0259hr\u0259man\u0131 M\u0259lik M\u0259h\u0259rr\u0259movun b\u00fcst\u00fc \u00f6n\u00fcn\u0259 g\u00fcl d\u0259st\u0259l\u0259ri qoyublar.Z\u0259rdab rayon [&hellip;]","og_url":"https:\/\/www.zerdab.com\/?p=26989","og_site_name":"Z\u0259rdab.com","article_published_time":"2019-05-10T18:50:01+00:00","article_modified_time":"2019-05-11T10:59:58+00:00","og_image":[{"url":"http:\/\/www.zerdab.com\/wp-content\/uploads\/2019\/05\/zerdab-fasizm-uzerinde-qelebe1-550x367.jpg","type":"","width":"","height":""}],"author":"admin","twitter_card":"summary_large_image","twitter_misc":{"Written by":"admin","Est. reading time":"1 minute"},"schema":{"@context":"https:\/\/schema.org","@graph":[{"@type":"Article","@id":"https:\/\/www.zerdab.com\/?p=26989#article","isPartOf":{"@id":"https:\/\/www.zerdab.com\/?p=26989"},"author":{"name":"admin","@id":"https:\/\/www.zerdab.com\/#\/schema\/person\/97079b7570c1e89ec0d9e138c3672136"},"headline":"Z\u0259rdabda fa\u015fizm \u00fcz\u0259rind\u0259 q\u0259l\u0259b\u0259nin ild\u00f6n\u00fcm\u00fc qeyd olunub &#8211; Fotolar","datePublished":"2019-05-10T18:50:01+00:00","dateModified":"2019-05-11T10:59:58+00:00","mainEntityOfPage":{"@id":"https:\/\/www.zerdab.com\/?p=26989"},"wordCount":273,"commentCount":0,"image":{"@id":"https:\/\/www.zerdab.com\/?p=26989#primaryimage"},"thumbnailUrl":"http:\/\/www.zerdab.com\/wp-content\/uploads\/2019\/05\/zerdab-fasizm-uzerinde-qelebe1-550x367.jpg","articleSection":["C\u018fM\u0130YY\u018fT","MAN\u015eET"],"inLanguage":"az","potentialAction":[{"@type":"CommentAction","name":"Comment","target":["https:\/\/www.zerdab.com\/?p=26989#respond"]}]},{"@type":"WebPage","@id":"https:\/\/www.zerdab.com\/?p=26989","url":"https:\/\/www.zerdab.com\/?p=26989","name":"Z\u0259rdabda fa\u015fizm \u00fcz\u0259rind\u0259 q\u0259l\u0259b\u0259nin ild\u00f6n\u00fcm\u00fc qeyd olunub - Fotolar - Z\u0259rdab.com","isPartOf":{"@id":"https:\/\/www.zerdab.com\/#website"},"primaryImageOfPage":{"@id":"https:\/\/www.zerdab.com\/?p=26989#primaryimage"},"image":{"@id":"https:\/\/www.zerdab.com\/?p=26989#primaryimage"},"thumbnailUrl":"http:\/\/www.zerdab.com\/wp-content\/uploads\/2019\/05\/zerdab-fasizm-uzerinde-qelebe1-550x367.jpg","datePublished":"2019-05-10T18:50:01+00:00","dateModified":"2019-05-11T10:59:58+00:00","author":{"@id":"https:\/\/www.zerdab.com\/#\/schema\/person\/97079b7570c1e89ec0d9e138c3672136"},"breadcrumb":{"@id":"https:\/\/www.zerdab.com\/?p=26989#breadcrumb"},"inLanguage":"az","potentialAction":[{"@type":"ReadAction","target":["https:\/\/www.zerdab.com\/?p=26989"]}]},{"@type":"ImageObject","inLanguage":"az","@id":"https:\/\/www.zerdab.com\/?p=26989#primaryimage","url":"","contentUrl":""},{"@type":"BreadcrumbList","@id":"https:\/\/www.zerdab.com\/?p=26989#breadcrumb","itemListElement":[{"@type":"ListItem","position":1,"name":"Home","item":"https:\/\/www.zerdab.com\/"},{"@type":"ListItem","position":2,"name":"Z\u0259rdabda fa\u015fizm \u00fcz\u0259rind\u0259 q\u0259l\u0259b\u0259nin ild\u00f6n\u00fcm\u00fc qeyd olunub &#8211; Fotolar"}]},{"@type":"WebSite","@id":"https:\/\/www.zerdab.com\/#website","url":"https:\/\/www.zerdab.com\/","name":"Z\u0259rdab.com","description":"","potentialAction":[{"@type":"SearchAction","target":{"@type":"EntryPoint","urlTemplate":"https:\/\/www.zerdab.com\/?s={search_term_string}"},"query-input":{"@type":"PropertyValueSpecification","valueRequired":true,"valueName":"search_term_string"}}],"inLanguage":"az"},{"@type":"Person","@id":"https:\/\/www.zerdab.com\/#\/schema\/person\/97079b7570c1e89ec0d9e138c3672136","name":"admin","image":{"@type":"ImageObject","inLanguage":"az","@id":"https:\/\/www.zerdab.com\/#\/schema\/person\/image\/","url":"https:\/\/secure.gravatar.com\/avatar\/d9c52a9a27c32119cb6679a077fa3e2779e5f822c451cbf01098004361d466ec?s=96&d=mm&r=g","contentUrl":"https:\/\/secure.gravatar.com\/avatar\/d9c52a9a27c32119cb6679a077fa3e2779e5f822c451cbf01098004361d466ec?s=96&d=mm&r=g","caption":"admin"},"url":"https:\/\/www.zerdab.com\/?author=1"}]}},"_links":{"self":[{"href":"https:\/\/www.zerdab.com\/index.php?rest_route=\/wp\/v2\/posts\/26989","targetHints":{"allow":["GET"]}}],"collection":[{"href":"https:\/\/www.zerdab.com\/index.php?rest_route=\/wp\/v2\/posts"}],"about":[{"href":"https:\/\/www.zerdab.com\/index.php?rest_route=\/wp\/v2\/types\/post"}],"author":[{"embeddable":true,"href":"https:\/\/www.zerdab.com\/index.php?rest_route=\/wp\/v2\/users\/1"}],"replies":[{"embeddable":true,"href":"https:\/\/www.zerdab.com\/index.php?rest_route=%2Fwp%2Fv2%2Fcomments&post=26989"}],"version-history":[{"count":1,"href":"https:\/\/www.zerdab.com\/index.php?rest_route=\/wp\/v2\/posts\/26989\/revisions"}],"predecessor-version":[{"id":26993,"href":"https:\/\/www.zerdab.com\/index.php?rest_route=\/wp\/v2\/posts\/26989\/revisions\/26993"}],"wp:attachment":[{"href":"https:\/\/www.zerdab.com\/index.php?rest_route=%2Fwp%2Fv2%2Fmedia&parent=26989"}],"wp:term":[{"taxonomy":"category","embeddable":true,"href":"https:\/\/www.zerdab.com\/index.php?rest_route=%2Fwp%2Fv2%2Fcategories&post=26989"},{"taxonomy":"post_tag","embeddable":true,"href":"https:\/\/www.zerdab.com\/index.php?rest_route=%2Fwp%2Fv2%2Ftags&post=26989"}],"curies":[{"name":"wp","href":"https:\/\/api.w.org\/{rel}","templated":true}]}}