{"id":26994,"date":"2019-05-10T23:57:01","date_gmt":"2019-05-10T19:57:01","guid":{"rendered":"http:\/\/www.zerdab.com\/?p=26994"},"modified":"2019-05-11T14:57:19","modified_gmt":"2019-05-11T10:57:19","slug":"z%c9%99rdabda-ulu-ond%c9%99rin-anadan-olmasinin-ildonumu-qeyd-olunub-fotolar","status":"publish","type":"post","link":"https:\/\/www.zerdab.com\/?p=26994","title":{"rendered":"Z\u0259rdabda ulu \u00f6nd\u0259rin anadan olmas\u0131n\u0131n ild\u00f6n\u00fcm\u00fc qeyd olunub &#8211; Fotolar"},"content":{"rendered":"\n<p>Ulu \u00d6nd\u0259r Heyd\u0259r \u018fliyevin anadan olmas\u0131n\u0131n 96-c\u0131 ild\u00f6n\u00fcm\u00fc m\u00fcnasib\u0259ti il\u0259 Z\u0259rdab rayon ictimaiyy\u0259ti \u00fcmummilli liderimizin abid\u0259si \u00f6n\u00fcn\u0259 g\u00fcl d\u0259st\u0259l\u0259ri d\u00fcz\u00fcb, xatir\u0259sini yad edibl\u0259r.<br>Zerdab.com sayt\u0131na veril\u0259n m\u0259lumata g\u00f6r\u0259, Ulu \u00d6nd\u0259rin z\u0259ngin v\u0259 \u015f\u0259r\u0259fli \u00f6m\u00fcr yolundan s\u00f6z a\u00e7an Rayon \u0130cra Hakimiyy\u0259tinin ba\u015f\u00e7\u0131s\u0131 c\u0259nab L\u00fctv\u0259li Babayev Ulu \u00d6nd\u0259rimiz Heyd\u0259r \u018fliyevin tarixi xidm\u0259tl\u0259rind\u0259n \u0259trafl\u0131 dan\u0131\u015f\u0131b. Bildirib ki, o, nadir tarixi \u015f\u0259xsiyy\u0259t olmaqla m\u00fcst\u0259qilliyimizin qorunub saxlan\u0131lmas\u0131, d\u00f6vl\u0259t t\u0259sisatlar\u0131n\u0131n yarad\u0131lmas\u0131, az\u0259rbaycan\u00e7\u0131l\u0131q m\u0259fkur\u0259sinin formala\u015fmas\u0131 istiqam\u0259tl\u0259rind\u0259 misilsiz xidm\u0259tl\u0259r g\u00f6st\u0259rib. <\/p>\n\n\n\n<figure class=\"wp-block-image\"><img decoding=\"async\" src=\"http:\/\/www.zerdab.com\/wp-content\/uploads\/2019\/05\/zerdab-anim-gunu-ulu-onder1-550x367.jpg\" alt=\"\" class=\"wp-image-26997\"\/><\/figure>\n\n\n\n<p>\u0130cra ba\u015f\u00e7\u0131s\u0131 vur\u011fulay\u0131b ki, Ulu \u00d6nd\u0259rin biz\u0259 irs qoyub getdiyi milli d\u00f6vl\u0259t\u00e7ilik t\u0259cr\u00fcb\u0259si d\u0259rind\u0259n \u00f6yr\u0259nilm\u0259li, g\u0259nc n\u0259sl\u0259 t\u0259bli\u011f olunmal\u0131d\u0131r.<br>T\u0259dbirl\u0259r \u00e7\u0259r\u00e7iv\u0259sind\u0259 \u00dcmummilli liderimizin ad\u0131n\u0131 da\u015f\u0131yan parkda t\u0259\u015fkil edil\u0259n \u0259l i\u015fl\u0259rind\u0259n ibar\u0259t s\u0259rgi v\u0259 divar q\u0259zetl\u0259ri maraqla izl\u0259nilib. T\u0259\u015fkil olunmu\u015f \u201cKitab bayram\u0131\u201d da b\u00f6y\u00fck mara\u011fa s\u0259b\u0259b olub. Kitab s\u0259rgisind\u0259 n\u00fcmayi\u015f olunan M\u00fcst\u0259qil d\u00f6vl\u0259timizin banisi Heyd\u0259r \u018fliyev\u0259 h\u0259sr edilmi\u015f kitablar, klassik v\u0259 m\u00fcasir \u0259d\u0259biyyat n\u00fcmun\u0259l\u0259ri, m\u00fcasir Az\u0259rbaycan\u0131n u\u011furlar\u0131ndan b\u0259hs ed\u0259n jurnallar maraqla qar\u015f\u0131lan\u0131b.<\/p>\n\n\n\n<figure class=\"wp-block-image\"><img decoding=\"async\" src=\"http:\/\/www.zerdab.com\/wp-content\/uploads\/2019\/05\/zerdab-lutveli-babayev-550x367.jpg\" alt=\"\" class=\"wp-image-26998\"\/><\/figure>\n\n\n\n<p><br>Yerli inc\u0259s\u0259n\u0259t ustalar\u0131n\u0131n t\u0259qdim etdikl\u0259ri konsert proqram\u0131 da alq\u0131\u015flarla qar\u015f\u0131lan\u0131b. <\/p>\n","protected":false},"excerpt":{"rendered":"<p>Ulu \u00d6nd\u0259r Heyd\u0259r \u018fliyevin anadan olmas\u0131n\u0131n 96-c\u0131 ild\u00f6n\u00fcm\u00fc m\u00fcnasib\u0259ti il\u0259 Z\u0259rdab rayon ictimaiyy\u0259ti \u00fcmummilli liderimizin abid\u0259si \u00f6n\u00fcn\u0259 g\u00fcl d\u0259st\u0259l\u0259ri d\u00fcz\u00fcb, xatir\u0259sini yad edibl\u0259r.Zerdab.com sayt\u0131na veril\u0259n m\u0259lumata g\u00f6r\u0259, Ulu \u00d6nd\u0259rin z\u0259ngin v\u0259 \u015f\u0259r\u0259fli \u00f6m\u00fcr yolundan s\u00f6z a\u00e7an Rayon \u0130cra Hakimiyy\u0259tinin ba\u015f\u00e7\u0131s\u0131 c\u0259nab L\u00fctv\u0259li Babayev Ulu \u00d6nd\u0259rimiz Heyd\u0259r \u018fliyevin tarixi xidm\u0259tl\u0259rind\u0259n \u0259trafl\u0131 dan\u0131\u015f\u0131b. Bildirib ki, o, nadir [&hellip;]<\/p>\n","protected":false},"author":1,"featured_media":0,"comment_status":"open","ping_status":"open","sticky":false,"template":"","format":"standard","meta":{"footnotes":""},"categories":[21,63],"tags":[],"class_list":{"0":"post-26994","1":"post","2":"type-post","3":"status-publish","4":"format-standard","6":"category-zrdab","7":"category-manset"},"yoast_head":"<!-- This site is optimized with the Yoast SEO plugin v27.0 - https:\/\/yoast.com\/product\/yoast-seo-wordpress\/ -->\n<title>Z\u0259rdabda ulu \u00f6nd\u0259rin anadan olmas\u0131n\u0131n ild\u00f6n\u00fcm\u00fc qeyd olunub - Fotolar - Z\u0259rdab.com<\/title>\n<meta name=\"robots\" content=\"index, follow, max-snippet:-1, max-image-preview:large, max-video-preview:-1\" \/>\n<link rel=\"canonical\" href=\"https:\/\/www.zerdab.com\/?p=26994\" \/>\n<meta property=\"og:locale\" content=\"az_AZ\" \/>\n<meta property=\"og:type\" content=\"article\" \/>\n<meta property=\"og:title\" content=\"Z\u0259rdabda ulu \u00f6nd\u0259rin anadan olmas\u0131n\u0131n ild\u00f6n\u00fcm\u00fc qeyd olunub - Fotolar - Z\u0259rdab.com\" \/>\n<meta property=\"og:description\" content=\"Ulu \u00d6nd\u0259r Heyd\u0259r \u018fliyevin anadan olmas\u0131n\u0131n 96-c\u0131 ild\u00f6n\u00fcm\u00fc m\u00fcnasib\u0259ti il\u0259 Z\u0259rdab rayon ictimaiyy\u0259ti \u00fcmummilli liderimizin abid\u0259si \u00f6n\u00fcn\u0259 g\u00fcl d\u0259st\u0259l\u0259ri d\u00fcz\u00fcb, xatir\u0259sini yad edibl\u0259r.Zerdab.com sayt\u0131na veril\u0259n m\u0259lumata g\u00f6r\u0259, Ulu \u00d6nd\u0259rin z\u0259ngin v\u0259 \u015f\u0259r\u0259fli \u00f6m\u00fcr yolundan s\u00f6z a\u00e7an Rayon \u0130cra Hakimiyy\u0259tinin ba\u015f\u00e7\u0131s\u0131 c\u0259nab L\u00fctv\u0259li Babayev Ulu \u00d6nd\u0259rimiz Heyd\u0259r \u018fliyevin tarixi xidm\u0259tl\u0259rind\u0259n \u0259trafl\u0131 dan\u0131\u015f\u0131b. Bildirib ki, o, nadir [&hellip;]\" \/>\n<meta property=\"og:url\" content=\"https:\/\/www.zerdab.com\/?p=26994\" \/>\n<meta property=\"og:site_name\" content=\"Z\u0259rdab.com\" \/>\n<meta property=\"article:published_time\" content=\"2019-05-10T19:57:01+00:00\" \/>\n<meta property=\"article:modified_time\" content=\"2019-05-11T10:57:19+00:00\" \/>\n<meta property=\"og:image\" content=\"http:\/\/www.zerdab.com\/wp-content\/uploads\/2019\/05\/zerdab-anim-gunu-ulu-onder1-550x367.jpg\" \/>\n<meta name=\"author\" content=\"admin\" \/>\n<meta name=\"twitter:card\" content=\"summary_large_image\" \/>\n<meta name=\"twitter:label1\" content=\"Written by\" \/>\n\t<meta name=\"twitter:data1\" content=\"admin\" \/>\n\t<meta name=\"twitter:label2\" content=\"Est. reading time\" \/>\n\t<meta name=\"twitter:data2\" content=\"1 minute\" \/>\n<script type=\"application\/ld+json\" class=\"yoast-schema-graph\">{\"@context\":\"https:\/\/schema.org\",\"@graph\":[{\"@type\":\"Article\",\"@id\":\"https:\/\/www.zerdab.com\/?p=26994#article\",\"isPartOf\":{\"@id\":\"https:\/\/www.zerdab.com\/?p=26994\"},\"author\":{\"name\":\"admin\",\"@id\":\"https:\/\/www.zerdab.com\/#\/schema\/person\/97079b7570c1e89ec0d9e138c3672136\"},\"headline\":\"Z\u0259rdabda ulu \u00f6nd\u0259rin anadan olmas\u0131n\u0131n ild\u00f6n\u00fcm\u00fc qeyd olunub &#8211; Fotolar\",\"datePublished\":\"2019-05-10T19:57:01+00:00\",\"dateModified\":\"2019-05-11T10:57:19+00:00\",\"mainEntityOfPage\":{\"@id\":\"https:\/\/www.zerdab.com\/?p=26994\"},\"wordCount\":306,\"commentCount\":0,\"image\":{\"@id\":\"https:\/\/www.zerdab.com\/?p=26994#primaryimage\"},\"thumbnailUrl\":\"http:\/\/www.zerdab.com\/wp-content\/uploads\/2019\/05\/zerdab-anim-gunu-ulu-onder1-550x367.jpg\",\"articleSection\":[\"C\u018fM\u0130YY\u018fT\",\"MAN\u015eET\"],\"inLanguage\":\"az\",\"potentialAction\":[{\"@type\":\"CommentAction\",\"name\":\"Comment\",\"target\":[\"https:\/\/www.zerdab.com\/?p=26994#respond\"]}]},{\"@type\":\"WebPage\",\"@id\":\"https:\/\/www.zerdab.com\/?p=26994\",\"url\":\"https:\/\/www.zerdab.com\/?p=26994\",\"name\":\"Z\u0259rdabda ulu \u00f6nd\u0259rin anadan olmas\u0131n\u0131n ild\u00f6n\u00fcm\u00fc qeyd olunub - Fotolar - Z\u0259rdab.com\",\"isPartOf\":{\"@id\":\"https:\/\/www.zerdab.com\/#website\"},\"primaryImageOfPage\":{\"@id\":\"https:\/\/www.zerdab.com\/?p=26994#primaryimage\"},\"image\":{\"@id\":\"https:\/\/www.zerdab.com\/?p=26994#primaryimage\"},\"thumbnailUrl\":\"http:\/\/www.zerdab.com\/wp-content\/uploads\/2019\/05\/zerdab-anim-gunu-ulu-onder1-550x367.jpg\",\"datePublished\":\"2019-05-10T19:57:01+00:00\",\"dateModified\":\"2019-05-11T10:57:19+00:00\",\"author\":{\"@id\":\"https:\/\/www.zerdab.com\/#\/schema\/person\/97079b7570c1e89ec0d9e138c3672136\"},\"breadcrumb\":{\"@id\":\"https:\/\/www.zerdab.com\/?p=26994#breadcrumb\"},\"inLanguage\":\"az\",\"potentialAction\":[{\"@type\":\"ReadAction\",\"target\":[\"https:\/\/www.zerdab.com\/?p=26994\"]}]},{\"@type\":\"ImageObject\",\"inLanguage\":\"az\",\"@id\":\"https:\/\/www.zerdab.com\/?p=26994#primaryimage\",\"url\":\"\",\"contentUrl\":\"\"},{\"@type\":\"BreadcrumbList\",\"@id\":\"https:\/\/www.zerdab.com\/?p=26994#breadcrumb\",\"itemListElement\":[{\"@type\":\"ListItem\",\"position\":1,\"name\":\"Home\",\"item\":\"https:\/\/www.zerdab.com\/\"},{\"@type\":\"ListItem\",\"position\":2,\"name\":\"Z\u0259rdabda ulu \u00f6nd\u0259rin anadan olmas\u0131n\u0131n ild\u00f6n\u00fcm\u00fc qeyd olunub &#8211; Fotolar\"}]},{\"@type\":\"WebSite\",\"@id\":\"https:\/\/www.zerdab.com\/#website\",\"url\":\"https:\/\/www.zerdab.com\/\",\"name\":\"Z\u0259rdab.com\",\"description\":\"\",\"potentialAction\":[{\"@type\":\"SearchAction\",\"target\":{\"@type\":\"EntryPoint\",\"urlTemplate\":\"https:\/\/www.zerdab.com\/?s={search_term_string}\"},\"query-input\":{\"@type\":\"PropertyValueSpecification\",\"valueRequired\":true,\"valueName\":\"search_term_string\"}}],\"inLanguage\":\"az\"},{\"@type\":\"Person\",\"@id\":\"https:\/\/www.zerdab.com\/#\/schema\/person\/97079b7570c1e89ec0d9e138c3672136\",\"name\":\"admin\",\"image\":{\"@type\":\"ImageObject\",\"inLanguage\":\"az\",\"@id\":\"https:\/\/www.zerdab.com\/#\/schema\/person\/image\/\",\"url\":\"https:\/\/secure.gravatar.com\/avatar\/d9c52a9a27c32119cb6679a077fa3e2779e5f822c451cbf01098004361d466ec?s=96&d=mm&r=g\",\"contentUrl\":\"https:\/\/secure.gravatar.com\/avatar\/d9c52a9a27c32119cb6679a077fa3e2779e5f822c451cbf01098004361d466ec?s=96&d=mm&r=g\",\"caption\":\"admin\"},\"url\":\"https:\/\/www.zerdab.com\/?author=1\"}]}<\/script>\n<!-- \/ Yoast SEO plugin. -->","yoast_head_json":{"title":"Z\u0259rdabda ulu \u00f6nd\u0259rin anadan olmas\u0131n\u0131n ild\u00f6n\u00fcm\u00fc qeyd olunub - Fotolar - Z\u0259rdab.com","robots":{"index":"index","follow":"follow","max-snippet":"max-snippet:-1","max-image-preview":"max-image-preview:large","max-video-preview":"max-video-preview:-1"},"canonical":"https:\/\/www.zerdab.com\/?p=26994","og_locale":"az_AZ","og_type":"article","og_title":"Z\u0259rdabda ulu \u00f6nd\u0259rin anadan olmas\u0131n\u0131n ild\u00f6n\u00fcm\u00fc qeyd olunub - Fotolar - Z\u0259rdab.com","og_description":"Ulu \u00d6nd\u0259r Heyd\u0259r \u018fliyevin anadan olmas\u0131n\u0131n 96-c\u0131 ild\u00f6n\u00fcm\u00fc m\u00fcnasib\u0259ti il\u0259 Z\u0259rdab rayon ictimaiyy\u0259ti \u00fcmummilli liderimizin abid\u0259si \u00f6n\u00fcn\u0259 g\u00fcl d\u0259st\u0259l\u0259ri d\u00fcz\u00fcb, xatir\u0259sini yad edibl\u0259r.Zerdab.com sayt\u0131na veril\u0259n m\u0259lumata g\u00f6r\u0259, Ulu \u00d6nd\u0259rin z\u0259ngin v\u0259 \u015f\u0259r\u0259fli \u00f6m\u00fcr yolundan s\u00f6z a\u00e7an Rayon \u0130cra Hakimiyy\u0259tinin ba\u015f\u00e7\u0131s\u0131 c\u0259nab L\u00fctv\u0259li Babayev Ulu \u00d6nd\u0259rimiz Heyd\u0259r \u018fliyevin tarixi xidm\u0259tl\u0259rind\u0259n \u0259trafl\u0131 dan\u0131\u015f\u0131b. Bildirib ki, o, nadir [&hellip;]","og_url":"https:\/\/www.zerdab.com\/?p=26994","og_site_name":"Z\u0259rdab.com","article_published_time":"2019-05-10T19:57:01+00:00","article_modified_time":"2019-05-11T10:57:19+00:00","og_image":[{"url":"http:\/\/www.zerdab.com\/wp-content\/uploads\/2019\/05\/zerdab-anim-gunu-ulu-onder1-550x367.jpg","type":"","width":"","height":""}],"author":"admin","twitter_card":"summary_large_image","twitter_misc":{"Written by":"admin","Est. reading time":"1 minute"},"schema":{"@context":"https:\/\/schema.org","@graph":[{"@type":"Article","@id":"https:\/\/www.zerdab.com\/?p=26994#article","isPartOf":{"@id":"https:\/\/www.zerdab.com\/?p=26994"},"author":{"name":"admin","@id":"https:\/\/www.zerdab.com\/#\/schema\/person\/97079b7570c1e89ec0d9e138c3672136"},"headline":"Z\u0259rdabda ulu \u00f6nd\u0259rin anadan olmas\u0131n\u0131n ild\u00f6n\u00fcm\u00fc qeyd olunub &#8211; Fotolar","datePublished":"2019-05-10T19:57:01+00:00","dateModified":"2019-05-11T10:57:19+00:00","mainEntityOfPage":{"@id":"https:\/\/www.zerdab.com\/?p=26994"},"wordCount":306,"commentCount":0,"image":{"@id":"https:\/\/www.zerdab.com\/?p=26994#primaryimage"},"thumbnailUrl":"http:\/\/www.zerdab.com\/wp-content\/uploads\/2019\/05\/zerdab-anim-gunu-ulu-onder1-550x367.jpg","articleSection":["C\u018fM\u0130YY\u018fT","MAN\u015eET"],"inLanguage":"az","potentialAction":[{"@type":"CommentAction","name":"Comment","target":["https:\/\/www.zerdab.com\/?p=26994#respond"]}]},{"@type":"WebPage","@id":"https:\/\/www.zerdab.com\/?p=26994","url":"https:\/\/www.zerdab.com\/?p=26994","name":"Z\u0259rdabda ulu \u00f6nd\u0259rin anadan olmas\u0131n\u0131n ild\u00f6n\u00fcm\u00fc qeyd olunub - Fotolar - Z\u0259rdab.com","isPartOf":{"@id":"https:\/\/www.zerdab.com\/#website"},"primaryImageOfPage":{"@id":"https:\/\/www.zerdab.com\/?p=26994#primaryimage"},"image":{"@id":"https:\/\/www.zerdab.com\/?p=26994#primaryimage"},"thumbnailUrl":"http:\/\/www.zerdab.com\/wp-content\/uploads\/2019\/05\/zerdab-anim-gunu-ulu-onder1-550x367.jpg","datePublished":"2019-05-10T19:57:01+00:00","dateModified":"2019-05-11T10:57:19+00:00","author":{"@id":"https:\/\/www.zerdab.com\/#\/schema\/person\/97079b7570c1e89ec0d9e138c3672136"},"breadcrumb":{"@id":"https:\/\/www.zerdab.com\/?p=26994#breadcrumb"},"inLanguage":"az","potentialAction":[{"@type":"ReadAction","target":["https:\/\/www.zerdab.com\/?p=26994"]}]},{"@type":"ImageObject","inLanguage":"az","@id":"https:\/\/www.zerdab.com\/?p=26994#primaryimage","url":"","contentUrl":""},{"@type":"BreadcrumbList","@id":"https:\/\/www.zerdab.com\/?p=26994#breadcrumb","itemListElement":[{"@type":"ListItem","position":1,"name":"Home","item":"https:\/\/www.zerdab.com\/"},{"@type":"ListItem","position":2,"name":"Z\u0259rdabda ulu \u00f6nd\u0259rin anadan olmas\u0131n\u0131n ild\u00f6n\u00fcm\u00fc qeyd olunub &#8211; Fotolar"}]},{"@type":"WebSite","@id":"https:\/\/www.zerdab.com\/#website","url":"https:\/\/www.zerdab.com\/","name":"Z\u0259rdab.com","description":"","potentialAction":[{"@type":"SearchAction","target":{"@type":"EntryPoint","urlTemplate":"https:\/\/www.zerdab.com\/?s={search_term_string}"},"query-input":{"@type":"PropertyValueSpecification","valueRequired":true,"valueName":"search_term_string"}}],"inLanguage":"az"},{"@type":"Person","@id":"https:\/\/www.zerdab.com\/#\/schema\/person\/97079b7570c1e89ec0d9e138c3672136","name":"admin","image":{"@type":"ImageObject","inLanguage":"az","@id":"https:\/\/www.zerdab.com\/#\/schema\/person\/image\/","url":"https:\/\/secure.gravatar.com\/avatar\/d9c52a9a27c32119cb6679a077fa3e2779e5f822c451cbf01098004361d466ec?s=96&d=mm&r=g","contentUrl":"https:\/\/secure.gravatar.com\/avatar\/d9c52a9a27c32119cb6679a077fa3e2779e5f822c451cbf01098004361d466ec?s=96&d=mm&r=g","caption":"admin"},"url":"https:\/\/www.zerdab.com\/?author=1"}]}},"_links":{"self":[{"href":"https:\/\/www.zerdab.com\/index.php?rest_route=\/wp\/v2\/posts\/26994","targetHints":{"allow":["GET"]}}],"collection":[{"href":"https:\/\/www.zerdab.com\/index.php?rest_route=\/wp\/v2\/posts"}],"about":[{"href":"https:\/\/www.zerdab.com\/index.php?rest_route=\/wp\/v2\/types\/post"}],"author":[{"embeddable":true,"href":"https:\/\/www.zerdab.com\/index.php?rest_route=\/wp\/v2\/users\/1"}],"replies":[{"embeddable":true,"href":"https:\/\/www.zerdab.com\/index.php?rest_route=%2Fwp%2Fv2%2Fcomments&post=26994"}],"version-history":[{"count":1,"href":"https:\/\/www.zerdab.com\/index.php?rest_route=\/wp\/v2\/posts\/26994\/revisions"}],"predecessor-version":[{"id":26999,"href":"https:\/\/www.zerdab.com\/index.php?rest_route=\/wp\/v2\/posts\/26994\/revisions\/26999"}],"wp:attachment":[{"href":"https:\/\/www.zerdab.com\/index.php?rest_route=%2Fwp%2Fv2%2Fmedia&parent=26994"}],"wp:term":[{"taxonomy":"category","embeddable":true,"href":"https:\/\/www.zerdab.com\/index.php?rest_route=%2Fwp%2Fv2%2Fcategories&post=26994"},{"taxonomy":"post_tag","embeddable":true,"href":"https:\/\/www.zerdab.com\/index.php?rest_route=%2Fwp%2Fv2%2Ftags&post=26994"}],"curies":[{"name":"wp","href":"https:\/\/api.w.org\/{rel}","templated":true}]}}