{"id":27034,"date":"2019-05-20T09:19:03","date_gmt":"2019-05-20T05:19:03","guid":{"rendered":"http:\/\/www.zerdab.com\/?p=27034"},"modified":"2019-05-20T09:32:23","modified_gmt":"2019-05-20T05:32:23","slug":"z%c9%99rdab-rayon-icra-hakimiyy%c9%99tind%c9%99-hesabat-yigincagi-kecirilib","status":"publish","type":"post","link":"https:\/\/www.zerdab.com\/?p=27034","title":{"rendered":"\u0130cra Hakimiyy\u0259ti: &#8220;Bu ilin 3 ay\u0131nda Z\u0259rdabda 74 daimi i\u015f yeri a\u00e7\u0131l\u0131b&#8221;"},"content":{"rendered":"\n<p>Z\u0259rdab Rayon \u0130cra Hakimiyy\u0259tind\u0259 2019-cu ilin birinci r\u00fcb\u00fcnd\u0259 rayonda g\u00f6r\u00fcl\u0259n i\u015fl\u0259r v\u0259 qar\u015f\u0131da duran v\u0259zif\u0259l\u0259r\u0259 h\u0259sr olunmu\u015f hesabat y\u0131\u011f\u0131nca\u011f\u0131 ke\u00e7irilib. <\/p>\n\n\n\n<figure class=\"wp-block-image\"><img decoding=\"async\" src=\"http:\/\/www.zerdab.com\/wp-content\/uploads\/2019\/05\/zerdab-rayon-icra-hakimiyyeti-lutveli-babayev1-550x367.jpg\" alt=\"\" class=\"wp-image-27036\"\/><\/figure>\n\n\n\n<p><strong>Zerdab.com<\/strong> sayt\u0131na veril\u0259n m\u0259lumata g\u00f6r\u0259, Z\u0259rdab Rayon \u0130cra Hakimiyy\u0259tinin ba\u015f\u00e7\u0131s\u0131 L\u00fctv\u0259li Babayev hesabat m\u0259ruz\u0259si il\u0259 \u00e7\u0131x\u0131\u015f edib.<br>Qeyd olunub ki, d\u00f6vl\u0259timizin ba\u015f\u00e7\u0131s\u0131 c\u0259nab \u0130lham \u018fliyevin r\u0259hb\u0259rliyi, y\u00fcks\u0259k diqq\u0259t v\u0259 qay\u011f\u0131s\u0131 say\u0259sind\u0259 2019-cu ilin birinci r\u00fcb\u00fc \u0259rzind\u0259 respublikam\u0131zda qazan\u0131lan u\u011furlar, \u0259ld\u0259 olunmu\u015f nailiyy\u0259tl\u0259r Z\u0259rdab rayonunun da sosial-iqtisadi h\u0259yat\u0131nda \u00f6z\u00fcn\u00fc g\u00f6st\u0259rib: &#8220;\u00d6t\u0259n m\u00fcdd\u0259t \u0259rzind\u0259 Z\u0259rdabda xeyli i\u015fl\u0259r g\u00f6r\u00fclm\u00fc\u015fd\u00fcr v\u0259 bu i\u015fl\u0259r haz\u0131rda da davam etdirilir.<br>Z\u0259rdabda b\u00fct\u00fcn sah\u0259l\u0259rin y\u00fcks\u0259k s\u00fcr\u0259tl\u0259 inki\u015faf etm\u0259si b\u00fct\u00f6vl\u00fckd\u0259 \u0259halinin sosial rifah hal\u0131n\u0131n daha da yax\u015f\u0131la\u015fd\u0131r\u0131lmas\u0131na v\u0259 makroiqtisadi g\u00f6st\u0259ricil\u0259rin art\u0131m dinamikas\u0131na \u00f6z m\u00fcsb\u0259t t\u0259sirini g\u00f6st\u0259rmi\u015fdir.<br>R\u00fcb \u0259rzind\u0259 rayon iqtisadiyyat\u0131n\u0131n \u0259sas sah\u0259l\u0259rind\u0259 24 milyon 521 min&nbsp; 400 manatl\u0131q m\u0259hsul istehsal edilmi\u015fdir. H\u0259yata ke\u00e7iril\u0259n t\u0259dbirl\u0259r n\u0259tic\u0259sind\u0259 rayonda 74 daimi i\u015f yeri yarad\u0131lm\u0131\u015fd\u0131r. Rayon iqtisadiyyat\u0131n\u0131n apar\u0131c\u0131 sah\u0259si olan k\u0259nd t\u0259s\u0259rr\u00fcfat\u0131nda da inki\u015faf v\u0259 ir\u0259lil\u0259yi\u015f davam etmi\u015fdir. 2019-cu ilin m\u0259hsulu \u00fc\u00e7\u00fcn 18715,5 ha sah\u0259d\u0259 tax\u0131l \u0259kilmi\u015f v\u0259 laz\u0131mi aqrotexniki t\u0259dbirl\u0259r h\u0259yata ke\u00e7irilmi\u015fdir.<br>C\u0259nab Prezident \u0130lham \u018fliyevin t\u00f6vsiy\u0259 v\u0259 tap\u015f\u0131r\u0131qlar\u0131na uy\u011fun olaraq pamb\u0131q\u00e7\u0131l\u0131\u011f\u0131 v\u0259 barama\u00e7\u0131l\u0131\u011f\u0131 daha da inki\u015faf etdirm\u0259k m\u0259qs\u0259dil\u0259 laz\u0131mi t\u0259dbirl\u0259r h\u0259yata ke\u00e7irilmi\u015fdir. Cari ild\u0259 2250,0 hektar sah\u0259d\u0259 \u00e7iyid s\u0259pilm\u0259si n\u0259z\u0259rd\u0259 tutulmu\u015fdur. S\u0259pinin vaxt\u0131nda ke\u00e7irilm\u0259si \u00fc\u00e7\u00fcn b\u00fct\u00fcn haz\u0131rl\u0131q i\u015fl\u0259ri g\u00f6r\u00fclm\u00fc\u015fd\u00fcr. Barama qurdunu q\u0259bul etm\u0259k \u00fc\u00e7\u00fcn yerl\u0259rin haz\u0131rlanmas\u0131 v\u0259 k\u00fcm\u00e7\u00fcl\u0259rin siyah\u0131s\u0131n\u0131n d\u0259qiql\u0259\u015fdirilm\u0259si i\u015fi vaxt\u0131nda ba\u015fa \u00e7atm\u0131\u015fd\u0131r&#8221;. <\/p>\n\n\n\n<p>Bildirilmi\u015fdir ki, art\u0131q 1750 qutu (33250 qram) barama qurdunun k\u00fcm\u00e7\u00fcl\u0259r\u0259 paylanmas\u0131 t\u0259min edilmi\u015fdir.<br>\u0130cra ba\u015f\u00e7\u0131s\u0131 qeyd etmi\u015fdir ki, rayonda b\u00fct\u00fcn i\u015fl\u0259r u\u011furla icra olunur v\u0259 bunlar dem\u0259y\u0259 \u0259sas verir ki, z\u0259rdabl\u0131lar 2019-cu ild\u0259 d\u0259 \u0259vv\u0259lki ill\u0259rin \u0259n\u0259n\u0259sini qoruyub saxlayacaq, h\u0259r bir sah\u0259d\u0259 yeni u\u011furlara imza at\u0131lacaqd\u0131r. Bunun \u00fc\u00e7\u00fcn h\u0259r bir sah\u0259d\u0259 nizam-intizam\u0131n y\u00fcks\u0259ldilm\u0259si, v\u0259zif\u0259li \u015f\u0259xsl\u0259rin m\u0259suliyy\u0259tinin art\u0131r\u0131lmas\u0131, h\u0259r k\u0259sin \u00fcz\u0259rin\u0259 d\u00fc\u015f\u0259n v\u0259zif\u0259ni layiqinc\u0259 yerin\u0259 yetirm\u0259si \u00fc\u00e7\u00fcn konkret t\u0259dbirl\u0259r g\u00f6r\u00fcl\u0259c\u0259kdir.<br>Hesabat y\u0131\u011f\u0131nca\u011f\u0131nda dig\u0259r sah\u0259l\u0259rd\u0259 g\u00f6r\u00fcl\u0259n i\u015fl\u0259r d\u0259 \u0259trafl\u0131 t\u0259hlil olunmu\u015fdur.<br>Hesabat y\u0131\u011f\u0131nca\u011f\u0131nda Az\u0259rbaycan Respublikas\u0131 Prezidenti Administrasiyas\u0131n\u0131n sektor m\u00fcdiri \u018flibaba \u018fliyev i\u015ftirak v\u0259 \u00e7\u0131x\u0131\u015f etmi\u015fdir.<br>Sonda m\u00fcvafiq q\u0259rar q\u0259bul edilmi\u015f v\u0259 y\u0131\u011f\u0131ncaq i\u015ftirak\u00e7\u0131lar\u0131 ad\u0131ndan \u00d6lk\u0259 Prezidentin\u0259 m\u00fcraci\u0259t \u00fcnvanlanm\u0131\u015fd\u0131r. <\/p>\n","protected":false},"excerpt":{"rendered":"<p>Z\u0259rdab Rayon \u0130cra Hakimiyy\u0259tind\u0259 2019-cu ilin birinci r\u00fcb\u00fcnd\u0259 rayonda g\u00f6r\u00fcl\u0259n i\u015fl\u0259r v\u0259 qar\u015f\u0131da duran v\u0259zif\u0259l\u0259r\u0259 h\u0259sr olunmu\u015f hesabat y\u0131\u011f\u0131nca\u011f\u0131 ke\u00e7irilib. Zerdab.com sayt\u0131na veril\u0259n m\u0259lumata g\u00f6r\u0259, Z\u0259rdab Rayon \u0130cra Hakimiyy\u0259tinin ba\u015f\u00e7\u0131s\u0131 L\u00fctv\u0259li Babayev hesabat m\u0259ruz\u0259si il\u0259 \u00e7\u0131x\u0131\u015f edib.Qeyd olunub ki, d\u00f6vl\u0259timizin ba\u015f\u00e7\u0131s\u0131 c\u0259nab \u0130lham \u018fliyevin r\u0259hb\u0259rliyi, y\u00fcks\u0259k diqq\u0259t v\u0259 qay\u011f\u0131s\u0131 say\u0259sind\u0259 2019-cu ilin birinci r\u00fcb\u00fc \u0259rzind\u0259 [&hellip;]<\/p>\n","protected":false},"author":1,"featured_media":0,"comment_status":"open","ping_status":"open","sticky":false,"template":"","format":"standard","meta":{"footnotes":""},"categories":[21,63],"tags":[],"class_list":{"0":"post-27034","1":"post","2":"type-post","3":"status-publish","4":"format-standard","6":"category-zrdab","7":"category-manset"},"yoast_head":"<!-- This site is optimized with the Yoast SEO plugin v27.0 - https:\/\/yoast.com\/product\/yoast-seo-wordpress\/ -->\n<title>\u0130cra Hakimiyy\u0259ti: &quot;Bu ilin 3 ay\u0131nda Z\u0259rdabda 74 daimi i\u015f yeri a\u00e7\u0131l\u0131b&quot; - Z\u0259rdab.com<\/title>\n<meta name=\"robots\" content=\"index, follow, max-snippet:-1, max-image-preview:large, max-video-preview:-1\" \/>\n<link rel=\"canonical\" href=\"https:\/\/www.zerdab.com\/?p=27034\" \/>\n<meta property=\"og:locale\" content=\"az_AZ\" \/>\n<meta property=\"og:type\" content=\"article\" \/>\n<meta property=\"og:title\" content=\"\u0130cra Hakimiyy\u0259ti: &quot;Bu ilin 3 ay\u0131nda Z\u0259rdabda 74 daimi i\u015f yeri a\u00e7\u0131l\u0131b&quot; - Z\u0259rdab.com\" \/>\n<meta property=\"og:description\" content=\"Z\u0259rdab Rayon \u0130cra Hakimiyy\u0259tind\u0259 2019-cu ilin birinci r\u00fcb\u00fcnd\u0259 rayonda g\u00f6r\u00fcl\u0259n i\u015fl\u0259r v\u0259 qar\u015f\u0131da duran v\u0259zif\u0259l\u0259r\u0259 h\u0259sr olunmu\u015f hesabat y\u0131\u011f\u0131nca\u011f\u0131 ke\u00e7irilib. Zerdab.com sayt\u0131na veril\u0259n m\u0259lumata g\u00f6r\u0259, Z\u0259rdab Rayon \u0130cra Hakimiyy\u0259tinin ba\u015f\u00e7\u0131s\u0131 L\u00fctv\u0259li Babayev hesabat m\u0259ruz\u0259si il\u0259 \u00e7\u0131x\u0131\u015f edib.Qeyd olunub ki, d\u00f6vl\u0259timizin ba\u015f\u00e7\u0131s\u0131 c\u0259nab \u0130lham \u018fliyevin r\u0259hb\u0259rliyi, y\u00fcks\u0259k diqq\u0259t v\u0259 qay\u011f\u0131s\u0131 say\u0259sind\u0259 2019-cu ilin birinci r\u00fcb\u00fc \u0259rzind\u0259 [&hellip;]\" \/>\n<meta property=\"og:url\" content=\"https:\/\/www.zerdab.com\/?p=27034\" \/>\n<meta property=\"og:site_name\" content=\"Z\u0259rdab.com\" \/>\n<meta property=\"article:published_time\" content=\"2019-05-20T05:19:03+00:00\" \/>\n<meta property=\"article:modified_time\" content=\"2019-05-20T05:32:23+00:00\" \/>\n<meta property=\"og:image\" content=\"http:\/\/www.zerdab.com\/wp-content\/uploads\/2019\/05\/zerdab-rayon-icra-hakimiyyeti-lutveli-babayev1-550x367.jpg\" \/>\n<meta name=\"author\" content=\"admin\" \/>\n<meta name=\"twitter:card\" content=\"summary_large_image\" \/>\n<meta name=\"twitter:label1\" content=\"Written by\" \/>\n\t<meta name=\"twitter:data1\" content=\"admin\" \/>\n\t<meta name=\"twitter:label2\" content=\"Est. reading time\" \/>\n\t<meta name=\"twitter:data2\" content=\"3 minutes\" \/>\n<script type=\"application\/ld+json\" class=\"yoast-schema-graph\">{\"@context\":\"https:\/\/schema.org\",\"@graph\":[{\"@type\":\"Article\",\"@id\":\"https:\/\/www.zerdab.com\/?p=27034#article\",\"isPartOf\":{\"@id\":\"https:\/\/www.zerdab.com\/?p=27034\"},\"author\":{\"name\":\"admin\",\"@id\":\"https:\/\/www.zerdab.com\/#\/schema\/person\/97079b7570c1e89ec0d9e138c3672136\"},\"headline\":\"\u0130cra Hakimiyy\u0259ti: &#8220;Bu ilin 3 ay\u0131nda Z\u0259rdabda 74 daimi i\u015f yeri a\u00e7\u0131l\u0131b&#8221;\",\"datePublished\":\"2019-05-20T05:19:03+00:00\",\"dateModified\":\"2019-05-20T05:32:23+00:00\",\"mainEntityOfPage\":{\"@id\":\"https:\/\/www.zerdab.com\/?p=27034\"},\"wordCount\":603,\"commentCount\":0,\"image\":{\"@id\":\"https:\/\/www.zerdab.com\/?p=27034#primaryimage\"},\"thumbnailUrl\":\"http:\/\/www.zerdab.com\/wp-content\/uploads\/2019\/05\/zerdab-rayon-icra-hakimiyyeti-lutveli-babayev1-550x367.jpg\",\"articleSection\":[\"C\u018fM\u0130YY\u018fT\",\"MAN\u015eET\"],\"inLanguage\":\"az\",\"potentialAction\":[{\"@type\":\"CommentAction\",\"name\":\"Comment\",\"target\":[\"https:\/\/www.zerdab.com\/?p=27034#respond\"]}]},{\"@type\":\"WebPage\",\"@id\":\"https:\/\/www.zerdab.com\/?p=27034\",\"url\":\"https:\/\/www.zerdab.com\/?p=27034\",\"name\":\"\u0130cra Hakimiyy\u0259ti: \\\"Bu ilin 3 ay\u0131nda Z\u0259rdabda 74 daimi i\u015f yeri a\u00e7\u0131l\u0131b\\\" - Z\u0259rdab.com\",\"isPartOf\":{\"@id\":\"https:\/\/www.zerdab.com\/#website\"},\"primaryImageOfPage\":{\"@id\":\"https:\/\/www.zerdab.com\/?p=27034#primaryimage\"},\"image\":{\"@id\":\"https:\/\/www.zerdab.com\/?p=27034#primaryimage\"},\"thumbnailUrl\":\"http:\/\/www.zerdab.com\/wp-content\/uploads\/2019\/05\/zerdab-rayon-icra-hakimiyyeti-lutveli-babayev1-550x367.jpg\",\"datePublished\":\"2019-05-20T05:19:03+00:00\",\"dateModified\":\"2019-05-20T05:32:23+00:00\",\"author\":{\"@id\":\"https:\/\/www.zerdab.com\/#\/schema\/person\/97079b7570c1e89ec0d9e138c3672136\"},\"breadcrumb\":{\"@id\":\"https:\/\/www.zerdab.com\/?p=27034#breadcrumb\"},\"inLanguage\":\"az\",\"potentialAction\":[{\"@type\":\"ReadAction\",\"target\":[\"https:\/\/www.zerdab.com\/?p=27034\"]}]},{\"@type\":\"ImageObject\",\"inLanguage\":\"az\",\"@id\":\"https:\/\/www.zerdab.com\/?p=27034#primaryimage\",\"url\":\"\",\"contentUrl\":\"\"},{\"@type\":\"BreadcrumbList\",\"@id\":\"https:\/\/www.zerdab.com\/?p=27034#breadcrumb\",\"itemListElement\":[{\"@type\":\"ListItem\",\"position\":1,\"name\":\"Home\",\"item\":\"https:\/\/www.zerdab.com\/\"},{\"@type\":\"ListItem\",\"position\":2,\"name\":\"\u0130cra Hakimiyy\u0259ti: &#8220;Bu ilin 3 ay\u0131nda Z\u0259rdabda 74 daimi i\u015f yeri a\u00e7\u0131l\u0131b&#8221;\"}]},{\"@type\":\"WebSite\",\"@id\":\"https:\/\/www.zerdab.com\/#website\",\"url\":\"https:\/\/www.zerdab.com\/\",\"name\":\"Z\u0259rdab.com\",\"description\":\"\",\"potentialAction\":[{\"@type\":\"SearchAction\",\"target\":{\"@type\":\"EntryPoint\",\"urlTemplate\":\"https:\/\/www.zerdab.com\/?s={search_term_string}\"},\"query-input\":{\"@type\":\"PropertyValueSpecification\",\"valueRequired\":true,\"valueName\":\"search_term_string\"}}],\"inLanguage\":\"az\"},{\"@type\":\"Person\",\"@id\":\"https:\/\/www.zerdab.com\/#\/schema\/person\/97079b7570c1e89ec0d9e138c3672136\",\"name\":\"admin\",\"image\":{\"@type\":\"ImageObject\",\"inLanguage\":\"az\",\"@id\":\"https:\/\/www.zerdab.com\/#\/schema\/person\/image\/\",\"url\":\"https:\/\/secure.gravatar.com\/avatar\/d9c52a9a27c32119cb6679a077fa3e2779e5f822c451cbf01098004361d466ec?s=96&d=mm&r=g\",\"contentUrl\":\"https:\/\/secure.gravatar.com\/avatar\/d9c52a9a27c32119cb6679a077fa3e2779e5f822c451cbf01098004361d466ec?s=96&d=mm&r=g\",\"caption\":\"admin\"},\"url\":\"https:\/\/www.zerdab.com\/?author=1\"}]}<\/script>\n<!-- \/ Yoast SEO plugin. -->","yoast_head_json":{"title":"\u0130cra Hakimiyy\u0259ti: \"Bu ilin 3 ay\u0131nda Z\u0259rdabda 74 daimi i\u015f yeri a\u00e7\u0131l\u0131b\" - Z\u0259rdab.com","robots":{"index":"index","follow":"follow","max-snippet":"max-snippet:-1","max-image-preview":"max-image-preview:large","max-video-preview":"max-video-preview:-1"},"canonical":"https:\/\/www.zerdab.com\/?p=27034","og_locale":"az_AZ","og_type":"article","og_title":"\u0130cra Hakimiyy\u0259ti: \"Bu ilin 3 ay\u0131nda Z\u0259rdabda 74 daimi i\u015f yeri a\u00e7\u0131l\u0131b\" - Z\u0259rdab.com","og_description":"Z\u0259rdab Rayon \u0130cra Hakimiyy\u0259tind\u0259 2019-cu ilin birinci r\u00fcb\u00fcnd\u0259 rayonda g\u00f6r\u00fcl\u0259n i\u015fl\u0259r v\u0259 qar\u015f\u0131da duran v\u0259zif\u0259l\u0259r\u0259 h\u0259sr olunmu\u015f hesabat y\u0131\u011f\u0131nca\u011f\u0131 ke\u00e7irilib. Zerdab.com sayt\u0131na veril\u0259n m\u0259lumata g\u00f6r\u0259, Z\u0259rdab Rayon \u0130cra Hakimiyy\u0259tinin ba\u015f\u00e7\u0131s\u0131 L\u00fctv\u0259li Babayev hesabat m\u0259ruz\u0259si il\u0259 \u00e7\u0131x\u0131\u015f edib.Qeyd olunub ki, d\u00f6vl\u0259timizin ba\u015f\u00e7\u0131s\u0131 c\u0259nab \u0130lham \u018fliyevin r\u0259hb\u0259rliyi, y\u00fcks\u0259k diqq\u0259t v\u0259 qay\u011f\u0131s\u0131 say\u0259sind\u0259 2019-cu ilin birinci r\u00fcb\u00fc \u0259rzind\u0259 [&hellip;]","og_url":"https:\/\/www.zerdab.com\/?p=27034","og_site_name":"Z\u0259rdab.com","article_published_time":"2019-05-20T05:19:03+00:00","article_modified_time":"2019-05-20T05:32:23+00:00","og_image":[{"url":"http:\/\/www.zerdab.com\/wp-content\/uploads\/2019\/05\/zerdab-rayon-icra-hakimiyyeti-lutveli-babayev1-550x367.jpg","type":"","width":"","height":""}],"author":"admin","twitter_card":"summary_large_image","twitter_misc":{"Written by":"admin","Est. reading time":"3 minutes"},"schema":{"@context":"https:\/\/schema.org","@graph":[{"@type":"Article","@id":"https:\/\/www.zerdab.com\/?p=27034#article","isPartOf":{"@id":"https:\/\/www.zerdab.com\/?p=27034"},"author":{"name":"admin","@id":"https:\/\/www.zerdab.com\/#\/schema\/person\/97079b7570c1e89ec0d9e138c3672136"},"headline":"\u0130cra Hakimiyy\u0259ti: &#8220;Bu ilin 3 ay\u0131nda Z\u0259rdabda 74 daimi i\u015f yeri a\u00e7\u0131l\u0131b&#8221;","datePublished":"2019-05-20T05:19:03+00:00","dateModified":"2019-05-20T05:32:23+00:00","mainEntityOfPage":{"@id":"https:\/\/www.zerdab.com\/?p=27034"},"wordCount":603,"commentCount":0,"image":{"@id":"https:\/\/www.zerdab.com\/?p=27034#primaryimage"},"thumbnailUrl":"http:\/\/www.zerdab.com\/wp-content\/uploads\/2019\/05\/zerdab-rayon-icra-hakimiyyeti-lutveli-babayev1-550x367.jpg","articleSection":["C\u018fM\u0130YY\u018fT","MAN\u015eET"],"inLanguage":"az","potentialAction":[{"@type":"CommentAction","name":"Comment","target":["https:\/\/www.zerdab.com\/?p=27034#respond"]}]},{"@type":"WebPage","@id":"https:\/\/www.zerdab.com\/?p=27034","url":"https:\/\/www.zerdab.com\/?p=27034","name":"\u0130cra Hakimiyy\u0259ti: \"Bu ilin 3 ay\u0131nda Z\u0259rdabda 74 daimi i\u015f yeri a\u00e7\u0131l\u0131b\" - Z\u0259rdab.com","isPartOf":{"@id":"https:\/\/www.zerdab.com\/#website"},"primaryImageOfPage":{"@id":"https:\/\/www.zerdab.com\/?p=27034#primaryimage"},"image":{"@id":"https:\/\/www.zerdab.com\/?p=27034#primaryimage"},"thumbnailUrl":"http:\/\/www.zerdab.com\/wp-content\/uploads\/2019\/05\/zerdab-rayon-icra-hakimiyyeti-lutveli-babayev1-550x367.jpg","datePublished":"2019-05-20T05:19:03+00:00","dateModified":"2019-05-20T05:32:23+00:00","author":{"@id":"https:\/\/www.zerdab.com\/#\/schema\/person\/97079b7570c1e89ec0d9e138c3672136"},"breadcrumb":{"@id":"https:\/\/www.zerdab.com\/?p=27034#breadcrumb"},"inLanguage":"az","potentialAction":[{"@type":"ReadAction","target":["https:\/\/www.zerdab.com\/?p=27034"]}]},{"@type":"ImageObject","inLanguage":"az","@id":"https:\/\/www.zerdab.com\/?p=27034#primaryimage","url":"","contentUrl":""},{"@type":"BreadcrumbList","@id":"https:\/\/www.zerdab.com\/?p=27034#breadcrumb","itemListElement":[{"@type":"ListItem","position":1,"name":"Home","item":"https:\/\/www.zerdab.com\/"},{"@type":"ListItem","position":2,"name":"\u0130cra Hakimiyy\u0259ti: &#8220;Bu ilin 3 ay\u0131nda Z\u0259rdabda 74 daimi i\u015f yeri a\u00e7\u0131l\u0131b&#8221;"}]},{"@type":"WebSite","@id":"https:\/\/www.zerdab.com\/#website","url":"https:\/\/www.zerdab.com\/","name":"Z\u0259rdab.com","description":"","potentialAction":[{"@type":"SearchAction","target":{"@type":"EntryPoint","urlTemplate":"https:\/\/www.zerdab.com\/?s={search_term_string}"},"query-input":{"@type":"PropertyValueSpecification","valueRequired":true,"valueName":"search_term_string"}}],"inLanguage":"az"},{"@type":"Person","@id":"https:\/\/www.zerdab.com\/#\/schema\/person\/97079b7570c1e89ec0d9e138c3672136","name":"admin","image":{"@type":"ImageObject","inLanguage":"az","@id":"https:\/\/www.zerdab.com\/#\/schema\/person\/image\/","url":"https:\/\/secure.gravatar.com\/avatar\/d9c52a9a27c32119cb6679a077fa3e2779e5f822c451cbf01098004361d466ec?s=96&d=mm&r=g","contentUrl":"https:\/\/secure.gravatar.com\/avatar\/d9c52a9a27c32119cb6679a077fa3e2779e5f822c451cbf01098004361d466ec?s=96&d=mm&r=g","caption":"admin"},"url":"https:\/\/www.zerdab.com\/?author=1"}]}},"_links":{"self":[{"href":"https:\/\/www.zerdab.com\/index.php?rest_route=\/wp\/v2\/posts\/27034","targetHints":{"allow":["GET"]}}],"collection":[{"href":"https:\/\/www.zerdab.com\/index.php?rest_route=\/wp\/v2\/posts"}],"about":[{"href":"https:\/\/www.zerdab.com\/index.php?rest_route=\/wp\/v2\/types\/post"}],"author":[{"embeddable":true,"href":"https:\/\/www.zerdab.com\/index.php?rest_route=\/wp\/v2\/users\/1"}],"replies":[{"embeddable":true,"href":"https:\/\/www.zerdab.com\/index.php?rest_route=%2Fwp%2Fv2%2Fcomments&post=27034"}],"version-history":[{"count":2,"href":"https:\/\/www.zerdab.com\/index.php?rest_route=\/wp\/v2\/posts\/27034\/revisions"}],"predecessor-version":[{"id":27039,"href":"https:\/\/www.zerdab.com\/index.php?rest_route=\/wp\/v2\/posts\/27034\/revisions\/27039"}],"wp:attachment":[{"href":"https:\/\/www.zerdab.com\/index.php?rest_route=%2Fwp%2Fv2%2Fmedia&parent=27034"}],"wp:term":[{"taxonomy":"category","embeddable":true,"href":"https:\/\/www.zerdab.com\/index.php?rest_route=%2Fwp%2Fv2%2Fcategories&post=27034"},{"taxonomy":"post_tag","embeddable":true,"href":"https:\/\/www.zerdab.com\/index.php?rest_route=%2Fwp%2Fv2%2Ftags&post=27034"}],"curies":[{"name":"wp","href":"https:\/\/api.w.org\/{rel}","templated":true}]}}