{"id":27062,"date":"2019-05-22T20:05:42","date_gmt":"2019-05-22T16:05:42","guid":{"rendered":"http:\/\/www.zerdab.com\/?p=27062"},"modified":"2019-05-22T20:05:44","modified_gmt":"2019-05-22T16:05:44","slug":"z%c9%99rdab-rayon-tarix-diyarsunasliq-muzeyinin-35-yasi-tamam-olur-fotolar","status":"publish","type":"post","link":"https:\/\/www.zerdab.com\/?p=27062","title":{"rendered":"Z\u0259rdab rayon Tarix-diyar\u015f\u00fcnasl\u0131q muzeyinin 35 ya\u015f\u0131 tamam olur &#8211; Fotolar"},"content":{"rendered":"\n<p>Z\u0259rdab rayon Tarix-diyar\u015f\u00fcnasl\u0131q\nmuzeyinin f\u0259aliyy\u0259t\u0259 ba\u015flamas\u0131ndan 35 il \u00f6t\u00fcr. Zerdab.com x\u0259b\u0259r\nverir ki, bu bar\u0259d\u0259 Beyn\u0259lxalq Muzeyl\u0259r G\u00fcn\u00fc v\u0259 Tarix-diyar\u015f\u00fcnasl\u0131q muzeyinin\nf\u0259aliyy\u0259tinin 35 illiyin\u0259 h\u0259sr olunmu\u015f \u201cMuzeyl\u0259rimiz-tariximiz, s\u0259rv\u0259timiz\u201d\nadl\u0131 t\u0259dbird\u0259 direktor \u015eahnaz Mustafayeva m\u0259lumat verib. <\/p>\n\n\n\n<p>\u015e. Mustafayeva deyib ki, rayonumuzda Tarix-diyar\u015f\u00fcnasl\u0131q muzeyi 1984-ci\nild\u0259 yarad\u0131l\u0131b: \u201c2&nbsp; min\u0259\nyax\u0131n\neksponatla f\u0259aliyy\u0259t\u0259\nba\u015flayan muzey, bu g\u00fcn\n8 b\u00f6lm\u0259d\u0259\nekspozisiyas\u0131n\u0131 n\u00fcmayi\u015f etdirir. Haz\u0131rda 5 mind\u0259n\nyuxar\u0131 eksponat muzey\nfondunda m\u00fchafiz\u0259\nolunur. Rayonun\nt\u0259bi\u0259ti, tarixi ke\u00e7mi\u015fi, g\u00f6rk\u0259mli\n\u015f\u0259xsiyy\u0259tl\u0259ri, \u00f6lk\u0259mizin\nictimai-siyasi\nh\u0259yat\u0131nda\nba\u015f ver\u0259n\nhadis\u0259l\u0259r\nmuzeyin ekspozisiyas\u0131nda\n\u00f6z \u0259ksini tap\u0131b\u201d.<\/p>\n\n\n\n<figure class=\"wp-block-image\"><img decoding=\"async\" src=\"http:\/\/www.zerdab.com\/wp-content\/uploads\/2019\/05\/zerdab-muzey-tedbir-550x367.jpg\" alt=\"\" class=\"wp-image-27042\"\/><\/figure>\n\n\n\n<p>\u015e. Mustafayeva qeyd edib ki, Z\u0259rdab\u0131n\nq\u0259dim ya\u015fay\u0131\u015f\nyeri oldu\u011funu s\u00fcbut\ned\u0259n \u00e7oxlu\nsayda eksponatlar vard\u0131r ki, bunlar II minilliy\u0259, IV-XIII \u0259srl\u0259r\u0259\naid tap\u0131nt\u0131lard\u0131r. <\/p>\n\n\n\n<p>Tarix- diyar\u015f\u00fcnasl\u0131q\nmuzeyi \u0130COM Az\u0259rbaycan\nMilli Komit\u0259sinin 1990-c\u0131\nill\u0259rd\u0259n\n\u00fczv\u00fcd\u00fcr.<\/p>\n\n\n\n<figure class=\"wp-block-image\"><img loading=\"lazy\" decoding=\"async\" width=\"550\" height=\"416\" src=\"http:\/\/www.zerdab.com\/wp-content\/uploads\/2013\/01\/zerdab-rayon-tarix-diyarsunasliq-muzeyi-550x416.jpg\" alt=\"zerdab-rayon-tarix-diyarsunasliq-muzeyi\" class=\"wp-image-26764\" srcset=\"https:\/\/www.zerdab.com\/wp-content\/uploads\/2013\/01\/zerdab-rayon-tarix-diyarsunasliq-muzeyi-550x416.jpg 550w, https:\/\/www.zerdab.com\/wp-content\/uploads\/2013\/01\/zerdab-rayon-tarix-diyarsunasliq-muzeyi-400x303.jpg 400w, https:\/\/www.zerdab.com\/wp-content\/uploads\/2013\/01\/zerdab-rayon-tarix-diyarsunasliq-muzeyi-768x581.jpg 768w, https:\/\/www.zerdab.com\/wp-content\/uploads\/2013\/01\/zerdab-rayon-tarix-diyarsunasliq-muzeyi-80x60.jpg 80w, https:\/\/www.zerdab.com\/wp-content\/uploads\/2013\/01\/zerdab-rayon-tarix-diyarsunasliq-muzeyi-696x526.jpg 696w, https:\/\/www.zerdab.com\/wp-content\/uploads\/2013\/01\/zerdab-rayon-tarix-diyarsunasliq-muzeyi-555x420.jpg 555w, https:\/\/www.zerdab.com\/wp-content\/uploads\/2013\/01\/zerdab-rayon-tarix-diyarsunasliq-muzeyi.jpg 960w\" sizes=\"auto, (max-width: 550px) 100vw, 550px\" \/><\/figure>\n\n\n\n<p>T\u0259dbird\u0259 &nbsp;M\u0259d\u0259niyy\u0259t &nbsp;M\u0259rk\u0259zinin, U\u015faq \u0130nc\u0259s\u0259n\u0259t m\u0259kt\u0259binin, M\u0259rk\u0259zi Kitabxana\nsisteminin, Rayon \u0130dman v\u0259 G\u0259ncl\u0259r\nidar\u0259sinin, \u201c\u018fkin\u00e7i\u201d q\u0259zetinin, U\u015faq yarad\u0131c\u0131l\u0131q birliyinin , \u015e\u0259h\u0259r 1 sayl\u0131 liseyin, \u015e\u0259h\u0259r&nbsp; 2 v\u0259 3 sayl\u0131 tam orta m\u0259kt\u0259bl\u0259rin, 1 sayl\u0131 K\u00f6rp\u0259l\u0259r\nevi u\u015faq ba\u011f\u00e7as\u0131n\u0131n m\u00fc\u0259llim v\u0259\nu\u015faqlar\u0131 i\u015ftirak edibl\u0259r. <\/p>\n\n\n\n<figure class=\"wp-block-image\"><img decoding=\"async\" src=\"http:\/\/www.zerdab.com\/wp-content\/uploads\/2013\/01\/Z\u0259rdabin-tarixi-550x367.jpg\" alt=\"Z\u0259rdabin tarixi\" class=\"wp-image-23679\"\/><\/figure>\n\n\n\n<p>H.B.Z\u0259rdabi muzeyinin direktoru V\u0259fa&nbsp;\nBayramova, H.\u018fliyev m\u0259rk\u0259zinin direktoru&nbsp;\nK\u00f6n\u00fcl R\u0259himova, Z\u0259rdab rayon \u015f\u0259h\u0259r 1 sayl\u0131 m\u0259kt\u0259b-liseyin t\u0259dris i\u015fl\u0259r\n\u00fczr\u0259 direktor m\u00fcavini, \u018fm\u0259kdar m\u00fc\u0259llim \u015e\u0259hla Eminova, rayon sakini Fiqur\u0259\nAbbasova, rayon M\u0259rk\u0259zi\nKitabxanas\u0131n\u0131n direktor m\u00fcavini G\u00fcl\u00fcstan R\u0259himova, M\u0259d\u0259niyy\u0259t M\u0259rk\u0259zinin direktoru Elyura M\u0259mm\u0259dova, \u201c\n\u018fkin\u00e7i\u201d q\u0259zetinin\nredaktoru \u0130sam\u0259ddin \u018fhm\u0259dov, Rayon G\u0259ncl\u0259r v\u0259\n\u0130dman \u0130dar\u0259sinin apar\u0131c\u0131-m\u0259sl\u0259h\u0259t\u00e7isi \u018fl\u0259kb\u0259r K\u0259rimov \u00e7\u0131x\u0131\u015f ed\u0259r\u0259k muzeyin g\u00f6rd\u00fcy\u00fc i\u015fl\u0259rin \u0259h\u0259miyy\u0259tind\u0259n\ndan\u0131\u015f\u0131blar. <\/p>\n\n\n\n<p>M\u0259d\u0259niyy\u0259t v\u0259 U\u015faq inc\u0259s\u0259n\u0259t m\u0259kt\u0259binin&nbsp; m\u00fc\u0259llim v\u0259 \u015fagirdl\u0259rinin ifas\u0131nda&nbsp; mahn\u0131 v\u0259 r\u0259qsl\u0259r, g\u0259nc r\u0259samlar\u0131n t\u0259dir boyu muzey eksponatlar\u0131ndan\ncanl\u0131 r\u0259sml\u0259r \u00e7\u0259kib t\u0259dbirin sonunda t\u0259qdim etm\u0259l\u0259ri tama\u015fa\u00e7\u0131lar\u0131n mara\u011f\u0131na s\u0259b\u0259b olub.<\/p>\n","protected":false},"excerpt":{"rendered":"<p>Z\u0259rdab rayon Tarix-diyar\u015f\u00fcnasl\u0131q muzeyinin f\u0259aliyy\u0259t\u0259 ba\u015flamas\u0131ndan 35 il \u00f6t\u00fcr. Zerdab.com x\u0259b\u0259r verir ki, bu bar\u0259d\u0259 Beyn\u0259lxalq Muzeyl\u0259r G\u00fcn\u00fc v\u0259 Tarix-diyar\u015f\u00fcnasl\u0131q muzeyinin f\u0259aliyy\u0259tinin 35 illiyin\u0259 h\u0259sr olunmu\u015f \u201cMuzeyl\u0259rimiz-tariximiz, s\u0259rv\u0259timiz\u201d adl\u0131 t\u0259dbird\u0259 direktor \u015eahnaz Mustafayeva m\u0259lumat verib. \u015e. Mustafayeva deyib ki, rayonumuzda Tarix-diyar\u015f\u00fcnasl\u0131q muzeyi 1984-ci ild\u0259 yarad\u0131l\u0131b: \u201c2&nbsp; min\u0259 yax\u0131n eksponatla f\u0259aliyy\u0259t\u0259 ba\u015flayan muzey, bu g\u00fcn 8 [&hellip;]<\/p>\n","protected":false},"author":1,"featured_media":0,"comment_status":"open","ping_status":"open","sticky":false,"template":"","format":"standard","meta":{"footnotes":""},"categories":[21,63],"tags":[],"class_list":{"0":"post-27062","1":"post","2":"type-post","3":"status-publish","4":"format-standard","6":"category-zrdab","7":"category-manset"},"yoast_head":"<!-- This site is optimized with the Yoast SEO plugin v27.0 - https:\/\/yoast.com\/product\/yoast-seo-wordpress\/ -->\n<title>Z\u0259rdab rayon Tarix-diyar\u015f\u00fcnasl\u0131q muzeyinin 35 ya\u015f\u0131 tamam olur - Fotolar - Z\u0259rdab.com<\/title>\n<meta name=\"robots\" content=\"index, follow, max-snippet:-1, max-image-preview:large, max-video-preview:-1\" \/>\n<link rel=\"canonical\" href=\"https:\/\/www.zerdab.com\/?p=27062\" \/>\n<meta property=\"og:locale\" content=\"az_AZ\" \/>\n<meta property=\"og:type\" content=\"article\" \/>\n<meta property=\"og:title\" content=\"Z\u0259rdab rayon Tarix-diyar\u015f\u00fcnasl\u0131q muzeyinin 35 ya\u015f\u0131 tamam olur - Fotolar - Z\u0259rdab.com\" \/>\n<meta property=\"og:description\" content=\"Z\u0259rdab rayon Tarix-diyar\u015f\u00fcnasl\u0131q muzeyinin f\u0259aliyy\u0259t\u0259 ba\u015flamas\u0131ndan 35 il \u00f6t\u00fcr. Zerdab.com x\u0259b\u0259r verir ki, bu bar\u0259d\u0259 Beyn\u0259lxalq Muzeyl\u0259r G\u00fcn\u00fc v\u0259 Tarix-diyar\u015f\u00fcnasl\u0131q muzeyinin f\u0259aliyy\u0259tinin 35 illiyin\u0259 h\u0259sr olunmu\u015f \u201cMuzeyl\u0259rimiz-tariximiz, s\u0259rv\u0259timiz\u201d adl\u0131 t\u0259dbird\u0259 direktor \u015eahnaz Mustafayeva m\u0259lumat verib. \u015e. Mustafayeva deyib ki, rayonumuzda Tarix-diyar\u015f\u00fcnasl\u0131q muzeyi 1984-ci ild\u0259 yarad\u0131l\u0131b: \u201c2&nbsp; min\u0259 yax\u0131n eksponatla f\u0259aliyy\u0259t\u0259 ba\u015flayan muzey, bu g\u00fcn 8 [&hellip;]\" \/>\n<meta property=\"og:url\" content=\"https:\/\/www.zerdab.com\/?p=27062\" \/>\n<meta property=\"og:site_name\" content=\"Z\u0259rdab.com\" \/>\n<meta property=\"article:published_time\" content=\"2019-05-22T16:05:42+00:00\" \/>\n<meta property=\"article:modified_time\" content=\"2019-05-22T16:05:44+00:00\" \/>\n<meta property=\"og:image\" content=\"http:\/\/www.zerdab.com\/wp-content\/uploads\/2019\/05\/zerdab-muzey-tedbir-550x367.jpg\" \/>\n<meta name=\"author\" content=\"admin\" \/>\n<meta name=\"twitter:card\" content=\"summary_large_image\" \/>\n<meta name=\"twitter:label1\" content=\"Written by\" \/>\n\t<meta name=\"twitter:data1\" content=\"admin\" \/>\n\t<meta name=\"twitter:label2\" content=\"Est. reading time\" \/>\n\t<meta name=\"twitter:data2\" content=\"2 minutes\" \/>\n<script type=\"application\/ld+json\" class=\"yoast-schema-graph\">{\"@context\":\"https:\/\/schema.org\",\"@graph\":[{\"@type\":\"Article\",\"@id\":\"https:\/\/www.zerdab.com\/?p=27062#article\",\"isPartOf\":{\"@id\":\"https:\/\/www.zerdab.com\/?p=27062\"},\"author\":{\"name\":\"admin\",\"@id\":\"https:\/\/www.zerdab.com\/#\/schema\/person\/97079b7570c1e89ec0d9e138c3672136\"},\"headline\":\"Z\u0259rdab rayon Tarix-diyar\u015f\u00fcnasl\u0131q muzeyinin 35 ya\u015f\u0131 tamam olur &#8211; Fotolar\",\"datePublished\":\"2019-05-22T16:05:42+00:00\",\"dateModified\":\"2019-05-22T16:05:44+00:00\",\"mainEntityOfPage\":{\"@id\":\"https:\/\/www.zerdab.com\/?p=27062\"},\"wordCount\":467,\"commentCount\":0,\"image\":{\"@id\":\"https:\/\/www.zerdab.com\/?p=27062#primaryimage\"},\"thumbnailUrl\":\"http:\/\/www.zerdab.com\/wp-content\/uploads\/2019\/05\/zerdab-muzey-tedbir-550x367.jpg\",\"articleSection\":[\"C\u018fM\u0130YY\u018fT\",\"MAN\u015eET\"],\"inLanguage\":\"az\",\"potentialAction\":[{\"@type\":\"CommentAction\",\"name\":\"Comment\",\"target\":[\"https:\/\/www.zerdab.com\/?p=27062#respond\"]}]},{\"@type\":\"WebPage\",\"@id\":\"https:\/\/www.zerdab.com\/?p=27062\",\"url\":\"https:\/\/www.zerdab.com\/?p=27062\",\"name\":\"Z\u0259rdab rayon Tarix-diyar\u015f\u00fcnasl\u0131q muzeyinin 35 ya\u015f\u0131 tamam olur - Fotolar - Z\u0259rdab.com\",\"isPartOf\":{\"@id\":\"https:\/\/www.zerdab.com\/#website\"},\"primaryImageOfPage\":{\"@id\":\"https:\/\/www.zerdab.com\/?p=27062#primaryimage\"},\"image\":{\"@id\":\"https:\/\/www.zerdab.com\/?p=27062#primaryimage\"},\"thumbnailUrl\":\"http:\/\/www.zerdab.com\/wp-content\/uploads\/2019\/05\/zerdab-muzey-tedbir-550x367.jpg\",\"datePublished\":\"2019-05-22T16:05:42+00:00\",\"dateModified\":\"2019-05-22T16:05:44+00:00\",\"author\":{\"@id\":\"https:\/\/www.zerdab.com\/#\/schema\/person\/97079b7570c1e89ec0d9e138c3672136\"},\"breadcrumb\":{\"@id\":\"https:\/\/www.zerdab.com\/?p=27062#breadcrumb\"},\"inLanguage\":\"az\",\"potentialAction\":[{\"@type\":\"ReadAction\",\"target\":[\"https:\/\/www.zerdab.com\/?p=27062\"]}]},{\"@type\":\"ImageObject\",\"inLanguage\":\"az\",\"@id\":\"https:\/\/www.zerdab.com\/?p=27062#primaryimage\",\"url\":\"\",\"contentUrl\":\"\"},{\"@type\":\"BreadcrumbList\",\"@id\":\"https:\/\/www.zerdab.com\/?p=27062#breadcrumb\",\"itemListElement\":[{\"@type\":\"ListItem\",\"position\":1,\"name\":\"Home\",\"item\":\"https:\/\/www.zerdab.com\/\"},{\"@type\":\"ListItem\",\"position\":2,\"name\":\"Z\u0259rdab rayon Tarix-diyar\u015f\u00fcnasl\u0131q muzeyinin 35 ya\u015f\u0131 tamam olur &#8211; Fotolar\"}]},{\"@type\":\"WebSite\",\"@id\":\"https:\/\/www.zerdab.com\/#website\",\"url\":\"https:\/\/www.zerdab.com\/\",\"name\":\"Z\u0259rdab.com\",\"description\":\"\",\"potentialAction\":[{\"@type\":\"SearchAction\",\"target\":{\"@type\":\"EntryPoint\",\"urlTemplate\":\"https:\/\/www.zerdab.com\/?s={search_term_string}\"},\"query-input\":{\"@type\":\"PropertyValueSpecification\",\"valueRequired\":true,\"valueName\":\"search_term_string\"}}],\"inLanguage\":\"az\"},{\"@type\":\"Person\",\"@id\":\"https:\/\/www.zerdab.com\/#\/schema\/person\/97079b7570c1e89ec0d9e138c3672136\",\"name\":\"admin\",\"image\":{\"@type\":\"ImageObject\",\"inLanguage\":\"az\",\"@id\":\"https:\/\/www.zerdab.com\/#\/schema\/person\/image\/\",\"url\":\"https:\/\/secure.gravatar.com\/avatar\/d9c52a9a27c32119cb6679a077fa3e2779e5f822c451cbf01098004361d466ec?s=96&d=mm&r=g\",\"contentUrl\":\"https:\/\/secure.gravatar.com\/avatar\/d9c52a9a27c32119cb6679a077fa3e2779e5f822c451cbf01098004361d466ec?s=96&d=mm&r=g\",\"caption\":\"admin\"},\"url\":\"https:\/\/www.zerdab.com\/?author=1\"}]}<\/script>\n<!-- \/ Yoast SEO plugin. -->","yoast_head_json":{"title":"Z\u0259rdab rayon Tarix-diyar\u015f\u00fcnasl\u0131q muzeyinin 35 ya\u015f\u0131 tamam olur - Fotolar - Z\u0259rdab.com","robots":{"index":"index","follow":"follow","max-snippet":"max-snippet:-1","max-image-preview":"max-image-preview:large","max-video-preview":"max-video-preview:-1"},"canonical":"https:\/\/www.zerdab.com\/?p=27062","og_locale":"az_AZ","og_type":"article","og_title":"Z\u0259rdab rayon Tarix-diyar\u015f\u00fcnasl\u0131q muzeyinin 35 ya\u015f\u0131 tamam olur - Fotolar - Z\u0259rdab.com","og_description":"Z\u0259rdab rayon Tarix-diyar\u015f\u00fcnasl\u0131q muzeyinin f\u0259aliyy\u0259t\u0259 ba\u015flamas\u0131ndan 35 il \u00f6t\u00fcr. Zerdab.com x\u0259b\u0259r verir ki, bu bar\u0259d\u0259 Beyn\u0259lxalq Muzeyl\u0259r G\u00fcn\u00fc v\u0259 Tarix-diyar\u015f\u00fcnasl\u0131q muzeyinin f\u0259aliyy\u0259tinin 35 illiyin\u0259 h\u0259sr olunmu\u015f \u201cMuzeyl\u0259rimiz-tariximiz, s\u0259rv\u0259timiz\u201d adl\u0131 t\u0259dbird\u0259 direktor \u015eahnaz Mustafayeva m\u0259lumat verib. \u015e. Mustafayeva deyib ki, rayonumuzda Tarix-diyar\u015f\u00fcnasl\u0131q muzeyi 1984-ci ild\u0259 yarad\u0131l\u0131b: \u201c2&nbsp; min\u0259 yax\u0131n eksponatla f\u0259aliyy\u0259t\u0259 ba\u015flayan muzey, bu g\u00fcn 8 [&hellip;]","og_url":"https:\/\/www.zerdab.com\/?p=27062","og_site_name":"Z\u0259rdab.com","article_published_time":"2019-05-22T16:05:42+00:00","article_modified_time":"2019-05-22T16:05:44+00:00","og_image":[{"url":"http:\/\/www.zerdab.com\/wp-content\/uploads\/2019\/05\/zerdab-muzey-tedbir-550x367.jpg","type":"","width":"","height":""}],"author":"admin","twitter_card":"summary_large_image","twitter_misc":{"Written by":"admin","Est. reading time":"2 minutes"},"schema":{"@context":"https:\/\/schema.org","@graph":[{"@type":"Article","@id":"https:\/\/www.zerdab.com\/?p=27062#article","isPartOf":{"@id":"https:\/\/www.zerdab.com\/?p=27062"},"author":{"name":"admin","@id":"https:\/\/www.zerdab.com\/#\/schema\/person\/97079b7570c1e89ec0d9e138c3672136"},"headline":"Z\u0259rdab rayon Tarix-diyar\u015f\u00fcnasl\u0131q muzeyinin 35 ya\u015f\u0131 tamam olur &#8211; Fotolar","datePublished":"2019-05-22T16:05:42+00:00","dateModified":"2019-05-22T16:05:44+00:00","mainEntityOfPage":{"@id":"https:\/\/www.zerdab.com\/?p=27062"},"wordCount":467,"commentCount":0,"image":{"@id":"https:\/\/www.zerdab.com\/?p=27062#primaryimage"},"thumbnailUrl":"http:\/\/www.zerdab.com\/wp-content\/uploads\/2019\/05\/zerdab-muzey-tedbir-550x367.jpg","articleSection":["C\u018fM\u0130YY\u018fT","MAN\u015eET"],"inLanguage":"az","potentialAction":[{"@type":"CommentAction","name":"Comment","target":["https:\/\/www.zerdab.com\/?p=27062#respond"]}]},{"@type":"WebPage","@id":"https:\/\/www.zerdab.com\/?p=27062","url":"https:\/\/www.zerdab.com\/?p=27062","name":"Z\u0259rdab rayon Tarix-diyar\u015f\u00fcnasl\u0131q muzeyinin 35 ya\u015f\u0131 tamam olur - Fotolar - Z\u0259rdab.com","isPartOf":{"@id":"https:\/\/www.zerdab.com\/#website"},"primaryImageOfPage":{"@id":"https:\/\/www.zerdab.com\/?p=27062#primaryimage"},"image":{"@id":"https:\/\/www.zerdab.com\/?p=27062#primaryimage"},"thumbnailUrl":"http:\/\/www.zerdab.com\/wp-content\/uploads\/2019\/05\/zerdab-muzey-tedbir-550x367.jpg","datePublished":"2019-05-22T16:05:42+00:00","dateModified":"2019-05-22T16:05:44+00:00","author":{"@id":"https:\/\/www.zerdab.com\/#\/schema\/person\/97079b7570c1e89ec0d9e138c3672136"},"breadcrumb":{"@id":"https:\/\/www.zerdab.com\/?p=27062#breadcrumb"},"inLanguage":"az","potentialAction":[{"@type":"ReadAction","target":["https:\/\/www.zerdab.com\/?p=27062"]}]},{"@type":"ImageObject","inLanguage":"az","@id":"https:\/\/www.zerdab.com\/?p=27062#primaryimage","url":"","contentUrl":""},{"@type":"BreadcrumbList","@id":"https:\/\/www.zerdab.com\/?p=27062#breadcrumb","itemListElement":[{"@type":"ListItem","position":1,"name":"Home","item":"https:\/\/www.zerdab.com\/"},{"@type":"ListItem","position":2,"name":"Z\u0259rdab rayon Tarix-diyar\u015f\u00fcnasl\u0131q muzeyinin 35 ya\u015f\u0131 tamam olur &#8211; Fotolar"}]},{"@type":"WebSite","@id":"https:\/\/www.zerdab.com\/#website","url":"https:\/\/www.zerdab.com\/","name":"Z\u0259rdab.com","description":"","potentialAction":[{"@type":"SearchAction","target":{"@type":"EntryPoint","urlTemplate":"https:\/\/www.zerdab.com\/?s={search_term_string}"},"query-input":{"@type":"PropertyValueSpecification","valueRequired":true,"valueName":"search_term_string"}}],"inLanguage":"az"},{"@type":"Person","@id":"https:\/\/www.zerdab.com\/#\/schema\/person\/97079b7570c1e89ec0d9e138c3672136","name":"admin","image":{"@type":"ImageObject","inLanguage":"az","@id":"https:\/\/www.zerdab.com\/#\/schema\/person\/image\/","url":"https:\/\/secure.gravatar.com\/avatar\/d9c52a9a27c32119cb6679a077fa3e2779e5f822c451cbf01098004361d466ec?s=96&d=mm&r=g","contentUrl":"https:\/\/secure.gravatar.com\/avatar\/d9c52a9a27c32119cb6679a077fa3e2779e5f822c451cbf01098004361d466ec?s=96&d=mm&r=g","caption":"admin"},"url":"https:\/\/www.zerdab.com\/?author=1"}]}},"_links":{"self":[{"href":"https:\/\/www.zerdab.com\/index.php?rest_route=\/wp\/v2\/posts\/27062","targetHints":{"allow":["GET"]}}],"collection":[{"href":"https:\/\/www.zerdab.com\/index.php?rest_route=\/wp\/v2\/posts"}],"about":[{"href":"https:\/\/www.zerdab.com\/index.php?rest_route=\/wp\/v2\/types\/post"}],"author":[{"embeddable":true,"href":"https:\/\/www.zerdab.com\/index.php?rest_route=\/wp\/v2\/users\/1"}],"replies":[{"embeddable":true,"href":"https:\/\/www.zerdab.com\/index.php?rest_route=%2Fwp%2Fv2%2Fcomments&post=27062"}],"version-history":[{"count":2,"href":"https:\/\/www.zerdab.com\/index.php?rest_route=\/wp\/v2\/posts\/27062\/revisions"}],"predecessor-version":[{"id":27065,"href":"https:\/\/www.zerdab.com\/index.php?rest_route=\/wp\/v2\/posts\/27062\/revisions\/27065"}],"wp:attachment":[{"href":"https:\/\/www.zerdab.com\/index.php?rest_route=%2Fwp%2Fv2%2Fmedia&parent=27062"}],"wp:term":[{"taxonomy":"category","embeddable":true,"href":"https:\/\/www.zerdab.com\/index.php?rest_route=%2Fwp%2Fv2%2Fcategories&post=27062"},{"taxonomy":"post_tag","embeddable":true,"href":"https:\/\/www.zerdab.com\/index.php?rest_route=%2Fwp%2Fv2%2Ftags&post=27062"}],"curies":[{"name":"wp","href":"https:\/\/api.w.org\/{rel}","templated":true}]}}