{"id":27094,"date":"2019-05-28T11:05:33","date_gmt":"2019-05-28T07:05:33","guid":{"rendered":"http:\/\/www.zerdab.com\/?p=27094"},"modified":"2019-05-28T11:11:37","modified_gmt":"2019-05-28T07:11:37","slug":"z%c9%99rdabda-28-may-respublika-gunu-qeyd-olundu-fotolar","status":"publish","type":"post","link":"https:\/\/www.zerdab.com\/?p=27094","title":{"rendered":"Z\u0259rdabda 28 may &#8211; Respublika G\u00fcn\u00fc qeyd olundu &#8211; Fotolar"},"content":{"rendered":"\n<p><strong>28 May Respublika G\u00fcn\u00fc m\u00fcnasib\u0259til\u0259 Z\u0259rdab rayonunda silsil\u0259 t\u0259dbirl\u0259r ke\u00e7irilib.<\/strong><\/p>\n\n\n\n<p>Z\u0259rdab Rayon \u0130cra Hakimiyy\u0259tind\u0259n <strong>Zerdab.com <\/strong>sayt\u0131na veril\u0259n m\u0259lumata g\u00f6r\u0259, icra strukturlar\u0131n\u0131n, h\u00fcquq-m\u00fchafiz\u0259 orqanlar\u0131n\u0131n r\u0259hb\u0259rl\u0259ri, ictimaiyy\u0259t n\u00fcmay\u0259nd\u0259l\u0259ri \u0259vv\u0259lc\u0259 \u00dcmummilli lider Heyd\u0259r \u018fliyevin abid\u0259si \u00f6n\u00fcn\u0259 \u0259klil v\u0259 g\u00fcl d\u0259st\u0259l\u0259ri qoyublar. <\/p>\n\n\n\n<figure class=\"wp-block-image\"><img decoding=\"async\" src=\"http:\/\/www.zerdab.com\/wp-content\/uploads\/2019\/05\/respublika-gunu-zerdab-rayonu-adr-550x367.jpg\" alt=\"\" class=\"wp-image-27096\"\/><\/figure>\n\n\n\n<p>Heyd\u0259r \u018fliyev park\u0131nda t\u0259\u015fkil olunan \u00fcmumrayon toplant\u0131s\u0131nda \u0130cra Hakimiyy\u0259tinin ba\u015f\u00e7\u0131s\u0131 c\u0259nab L\u00fctv\u0259li Babayev bildirib ki, Az\u0259rbaycan Xalq C\u00fcmhuriyy\u0259ti q\u0259dim k\u00f6kl\u0259r\u0259 s\u00f6yk\u0259n\u0259n tariximizd\u0259 m\u00fcst\u0259sna rola malikdir.<br>Rayon r\u0259hb\u0259ri vur\u011fulay\u0131b ki, 20-ci \u0259srd\u0259 ikinci d\u0259f\u0259 \u00f6z m\u00fcst\u0259qilliyin\u0259 qovu\u015fan Az\u0259rbaycan d\u00f6vl\u0259ti m\u0259hz \u00dcmummilli liderimiz Heyd\u0259r \u018fliyevin q\u0259tiyy\u0259tli siyas\u0259ti, xilaskarl\u0131q missiyas\u0131 say\u0259sind\u0259 daha da q\u00fcdr\u0259tl\u0259nib. Bu g\u00fcn m\u00fcst\u0259qil Az\u0259rbaycan regionun lider d\u00f6vl\u0259ti kimi beyn\u0259lxalq t\u0259dbirl\u0259r\u0259 ev sahibliyi edir. Bir \u00e7ox beyn\u0259lxalq v\u0259 regional layih\u0259l\u0259rd\u0259 \u0259sas apar\u0131c\u0131 q\u00fcvv\u0259y\u0259 \u00e7evrilib.<br>Toplant\u0131da qeyd edilib ki, Z\u0259rdab rayonunun sosial-iqtisadi inki\u015faf\u0131, simas\u0131n\u0131n m\u00fcasirl\u0259\u015fdirilm\u0259si Ulu \u00d6nd\u0259r Heyd\u0259r \u018fliyevin quruculuq siyas\u0259tinin u\u011furlu davam\u0131n\u0131n n\u0259tic\u0259sidir. <\/p>\n\n\n\n<figure class=\"wp-block-image\"><img loading=\"lazy\" decoding=\"async\" width=\"550\" height=\"410\" src=\"http:\/\/www.zerdab.com\/wp-content\/uploads\/2019\/05\/respublika-gunu-zerdab2-550x410.jpg\" alt=\"\" class=\"wp-image-27100\" srcset=\"https:\/\/www.zerdab.com\/wp-content\/uploads\/2019\/05\/respublika-gunu-zerdab2-550x410.jpg 550w, https:\/\/www.zerdab.com\/wp-content\/uploads\/2019\/05\/respublika-gunu-zerdab2-400x298.jpg 400w, https:\/\/www.zerdab.com\/wp-content\/uploads\/2019\/05\/respublika-gunu-zerdab2-768x572.jpg 768w, https:\/\/www.zerdab.com\/wp-content\/uploads\/2019\/05\/respublika-gunu-zerdab2-80x60.jpg 80w, https:\/\/www.zerdab.com\/wp-content\/uploads\/2019\/05\/respublika-gunu-zerdab2-265x198.jpg 265w, https:\/\/www.zerdab.com\/wp-content\/uploads\/2019\/05\/respublika-gunu-zerdab2-696x519.jpg 696w, https:\/\/www.zerdab.com\/wp-content\/uploads\/2019\/05\/respublika-gunu-zerdab2-1068x796.jpg 1068w, https:\/\/www.zerdab.com\/wp-content\/uploads\/2019\/05\/respublika-gunu-zerdab2-564x420.jpg 564w, https:\/\/www.zerdab.com\/wp-content\/uploads\/2019\/05\/respublika-gunu-zerdab2.jpg 1600w\" sizes=\"auto, (max-width: 550px) 100vw, 550px\" \/><\/figure>\n\n\n\n<p>Son ill\u0259rd\u0259 rayonda \u00e7oxsayl\u0131 sosial v\u0259 istehsal t\u0259yinatl\u0131 obyektl\u0259r istifad\u0259y\u0259 verilib. Haz\u0131rda Z\u0259rdab\u0131n k\u0259nd t\u0259s\u0259rr\u00fcfat\u0131 sah\u0259sind\u0259ki ke\u00e7mi\u015f \u0259n\u0259n\u0259l\u0259rinin qaytar\u0131lmas\u0131, inki\u015faf etdirilm\u0259si istiqam\u0259tind\u0259 z\u0259ruri add\u0131mlar at\u0131l\u0131r. B\u00fct\u00fcn bunlar is\u0259 \u0259halinin maddi-rifah hal\u0131n\u0131n yax\u015f\u0131la\u015fd\u0131r\u0131lmas\u0131na, i\u015fsizliyin aradan qald\u0131r\u0131lmas\u0131na h\u0259d\u0259fl\u0259nib. <\/p>\n\n\n\n<figure class=\"wp-block-image\"><img decoding=\"async\" src=\"http:\/\/www.zerdab.com\/wp-content\/uploads\/2019\/05\/respublika-gunu-zerdab-rayonu-adr1-550x367.jpg\" alt=\"\" class=\"wp-image-27101\"\/><\/figure>\n","protected":false},"excerpt":{"rendered":"<p>28 May Respublika G\u00fcn\u00fc m\u00fcnasib\u0259til\u0259 Z\u0259rdab rayonunda silsil\u0259 t\u0259dbirl\u0259r ke\u00e7irilib. Z\u0259rdab Rayon \u0130cra Hakimiyy\u0259tind\u0259n Zerdab.com sayt\u0131na veril\u0259n m\u0259lumata g\u00f6r\u0259, icra strukturlar\u0131n\u0131n, h\u00fcquq-m\u00fchafiz\u0259 orqanlar\u0131n\u0131n r\u0259hb\u0259rl\u0259ri, ictimaiyy\u0259t n\u00fcmay\u0259nd\u0259l\u0259ri \u0259vv\u0259lc\u0259 \u00dcmummilli lider Heyd\u0259r \u018fliyevin abid\u0259si \u00f6n\u00fcn\u0259 \u0259klil v\u0259 g\u00fcl d\u0259st\u0259l\u0259ri qoyublar. Heyd\u0259r \u018fliyev park\u0131nda t\u0259\u015fkil olunan \u00fcmumrayon toplant\u0131s\u0131nda \u0130cra Hakimiyy\u0259tinin ba\u015f\u00e7\u0131s\u0131 c\u0259nab L\u00fctv\u0259li Babayev bildirib ki, Az\u0259rbaycan Xalq [&hellip;]<\/p>\n","protected":false},"author":1,"featured_media":0,"comment_status":"open","ping_status":"open","sticky":false,"template":"","format":"standard","meta":{"footnotes":""},"categories":[21,63],"tags":[],"class_list":{"0":"post-27094","1":"post","2":"type-post","3":"status-publish","4":"format-standard","6":"category-zrdab","7":"category-manset"},"yoast_head":"<!-- This site is optimized with the Yoast SEO plugin v27.0 - https:\/\/yoast.com\/product\/yoast-seo-wordpress\/ -->\n<title>Z\u0259rdabda 28 may - Respublika G\u00fcn\u00fc qeyd olundu - Fotolar - Z\u0259rdab.com<\/title>\n<meta name=\"robots\" content=\"index, follow, max-snippet:-1, max-image-preview:large, max-video-preview:-1\" \/>\n<link rel=\"canonical\" href=\"https:\/\/www.zerdab.com\/?p=27094\" \/>\n<meta property=\"og:locale\" content=\"az_AZ\" \/>\n<meta property=\"og:type\" content=\"article\" \/>\n<meta property=\"og:title\" content=\"Z\u0259rdabda 28 may - Respublika G\u00fcn\u00fc qeyd olundu - Fotolar - Z\u0259rdab.com\" \/>\n<meta property=\"og:description\" content=\"28 May Respublika G\u00fcn\u00fc m\u00fcnasib\u0259til\u0259 Z\u0259rdab rayonunda silsil\u0259 t\u0259dbirl\u0259r ke\u00e7irilib. Z\u0259rdab Rayon \u0130cra Hakimiyy\u0259tind\u0259n Zerdab.com sayt\u0131na veril\u0259n m\u0259lumata g\u00f6r\u0259, icra strukturlar\u0131n\u0131n, h\u00fcquq-m\u00fchafiz\u0259 orqanlar\u0131n\u0131n r\u0259hb\u0259rl\u0259ri, ictimaiyy\u0259t n\u00fcmay\u0259nd\u0259l\u0259ri \u0259vv\u0259lc\u0259 \u00dcmummilli lider Heyd\u0259r \u018fliyevin abid\u0259si \u00f6n\u00fcn\u0259 \u0259klil v\u0259 g\u00fcl d\u0259st\u0259l\u0259ri qoyublar. Heyd\u0259r \u018fliyev park\u0131nda t\u0259\u015fkil olunan \u00fcmumrayon toplant\u0131s\u0131nda \u0130cra Hakimiyy\u0259tinin ba\u015f\u00e7\u0131s\u0131 c\u0259nab L\u00fctv\u0259li Babayev bildirib ki, Az\u0259rbaycan Xalq [&hellip;]\" \/>\n<meta property=\"og:url\" content=\"https:\/\/www.zerdab.com\/?p=27094\" \/>\n<meta property=\"og:site_name\" content=\"Z\u0259rdab.com\" \/>\n<meta property=\"article:published_time\" content=\"2019-05-28T07:05:33+00:00\" \/>\n<meta property=\"article:modified_time\" content=\"2019-05-28T07:11:37+00:00\" \/>\n<meta property=\"og:image\" content=\"http:\/\/www.zerdab.com\/wp-content\/uploads\/2019\/05\/respublika-gunu-zerdab-rayonu-adr-550x367.jpg\" \/>\n<meta name=\"author\" content=\"admin\" \/>\n<meta name=\"twitter:card\" content=\"summary_large_image\" \/>\n<meta name=\"twitter:label1\" content=\"Written by\" \/>\n\t<meta name=\"twitter:data1\" content=\"admin\" \/>\n\t<meta name=\"twitter:label2\" content=\"Est. reading time\" \/>\n\t<meta name=\"twitter:data2\" content=\"2 minutes\" \/>\n<script type=\"application\/ld+json\" class=\"yoast-schema-graph\">{\"@context\":\"https:\/\/schema.org\",\"@graph\":[{\"@type\":\"Article\",\"@id\":\"https:\/\/www.zerdab.com\/?p=27094#article\",\"isPartOf\":{\"@id\":\"https:\/\/www.zerdab.com\/?p=27094\"},\"author\":{\"name\":\"admin\",\"@id\":\"https:\/\/www.zerdab.com\/#\/schema\/person\/97079b7570c1e89ec0d9e138c3672136\"},\"headline\":\"Z\u0259rdabda 28 may &#8211; Respublika G\u00fcn\u00fc qeyd olundu &#8211; Fotolar\",\"datePublished\":\"2019-05-28T07:05:33+00:00\",\"dateModified\":\"2019-05-28T07:11:37+00:00\",\"mainEntityOfPage\":{\"@id\":\"https:\/\/www.zerdab.com\/?p=27094\"},\"wordCount\":328,\"commentCount\":0,\"image\":{\"@id\":\"https:\/\/www.zerdab.com\/?p=27094#primaryimage\"},\"thumbnailUrl\":\"http:\/\/www.zerdab.com\/wp-content\/uploads\/2019\/05\/respublika-gunu-zerdab-rayonu-adr-550x367.jpg\",\"articleSection\":[\"C\u018fM\u0130YY\u018fT\",\"MAN\u015eET\"],\"inLanguage\":\"az\",\"potentialAction\":[{\"@type\":\"CommentAction\",\"name\":\"Comment\",\"target\":[\"https:\/\/www.zerdab.com\/?p=27094#respond\"]}]},{\"@type\":\"WebPage\",\"@id\":\"https:\/\/www.zerdab.com\/?p=27094\",\"url\":\"https:\/\/www.zerdab.com\/?p=27094\",\"name\":\"Z\u0259rdabda 28 may - Respublika G\u00fcn\u00fc qeyd olundu - Fotolar - Z\u0259rdab.com\",\"isPartOf\":{\"@id\":\"https:\/\/www.zerdab.com\/#website\"},\"primaryImageOfPage\":{\"@id\":\"https:\/\/www.zerdab.com\/?p=27094#primaryimage\"},\"image\":{\"@id\":\"https:\/\/www.zerdab.com\/?p=27094#primaryimage\"},\"thumbnailUrl\":\"http:\/\/www.zerdab.com\/wp-content\/uploads\/2019\/05\/respublika-gunu-zerdab-rayonu-adr-550x367.jpg\",\"datePublished\":\"2019-05-28T07:05:33+00:00\",\"dateModified\":\"2019-05-28T07:11:37+00:00\",\"author\":{\"@id\":\"https:\/\/www.zerdab.com\/#\/schema\/person\/97079b7570c1e89ec0d9e138c3672136\"},\"breadcrumb\":{\"@id\":\"https:\/\/www.zerdab.com\/?p=27094#breadcrumb\"},\"inLanguage\":\"az\",\"potentialAction\":[{\"@type\":\"ReadAction\",\"target\":[\"https:\/\/www.zerdab.com\/?p=27094\"]}]},{\"@type\":\"ImageObject\",\"inLanguage\":\"az\",\"@id\":\"https:\/\/www.zerdab.com\/?p=27094#primaryimage\",\"url\":\"\",\"contentUrl\":\"\"},{\"@type\":\"BreadcrumbList\",\"@id\":\"https:\/\/www.zerdab.com\/?p=27094#breadcrumb\",\"itemListElement\":[{\"@type\":\"ListItem\",\"position\":1,\"name\":\"Home\",\"item\":\"https:\/\/www.zerdab.com\/\"},{\"@type\":\"ListItem\",\"position\":2,\"name\":\"Z\u0259rdabda 28 may &#8211; Respublika G\u00fcn\u00fc qeyd olundu &#8211; Fotolar\"}]},{\"@type\":\"WebSite\",\"@id\":\"https:\/\/www.zerdab.com\/#website\",\"url\":\"https:\/\/www.zerdab.com\/\",\"name\":\"Z\u0259rdab.com\",\"description\":\"\",\"potentialAction\":[{\"@type\":\"SearchAction\",\"target\":{\"@type\":\"EntryPoint\",\"urlTemplate\":\"https:\/\/www.zerdab.com\/?s={search_term_string}\"},\"query-input\":{\"@type\":\"PropertyValueSpecification\",\"valueRequired\":true,\"valueName\":\"search_term_string\"}}],\"inLanguage\":\"az\"},{\"@type\":\"Person\",\"@id\":\"https:\/\/www.zerdab.com\/#\/schema\/person\/97079b7570c1e89ec0d9e138c3672136\",\"name\":\"admin\",\"image\":{\"@type\":\"ImageObject\",\"inLanguage\":\"az\",\"@id\":\"https:\/\/www.zerdab.com\/#\/schema\/person\/image\/\",\"url\":\"https:\/\/secure.gravatar.com\/avatar\/d9c52a9a27c32119cb6679a077fa3e2779e5f822c451cbf01098004361d466ec?s=96&d=mm&r=g\",\"contentUrl\":\"https:\/\/secure.gravatar.com\/avatar\/d9c52a9a27c32119cb6679a077fa3e2779e5f822c451cbf01098004361d466ec?s=96&d=mm&r=g\",\"caption\":\"admin\"},\"url\":\"https:\/\/www.zerdab.com\/?author=1\"}]}<\/script>\n<!-- \/ Yoast SEO plugin. -->","yoast_head_json":{"title":"Z\u0259rdabda 28 may - Respublika G\u00fcn\u00fc qeyd olundu - Fotolar - Z\u0259rdab.com","robots":{"index":"index","follow":"follow","max-snippet":"max-snippet:-1","max-image-preview":"max-image-preview:large","max-video-preview":"max-video-preview:-1"},"canonical":"https:\/\/www.zerdab.com\/?p=27094","og_locale":"az_AZ","og_type":"article","og_title":"Z\u0259rdabda 28 may - Respublika G\u00fcn\u00fc qeyd olundu - Fotolar - Z\u0259rdab.com","og_description":"28 May Respublika G\u00fcn\u00fc m\u00fcnasib\u0259til\u0259 Z\u0259rdab rayonunda silsil\u0259 t\u0259dbirl\u0259r ke\u00e7irilib. Z\u0259rdab Rayon \u0130cra Hakimiyy\u0259tind\u0259n Zerdab.com sayt\u0131na veril\u0259n m\u0259lumata g\u00f6r\u0259, icra strukturlar\u0131n\u0131n, h\u00fcquq-m\u00fchafiz\u0259 orqanlar\u0131n\u0131n r\u0259hb\u0259rl\u0259ri, ictimaiyy\u0259t n\u00fcmay\u0259nd\u0259l\u0259ri \u0259vv\u0259lc\u0259 \u00dcmummilli lider Heyd\u0259r \u018fliyevin abid\u0259si \u00f6n\u00fcn\u0259 \u0259klil v\u0259 g\u00fcl d\u0259st\u0259l\u0259ri qoyublar. Heyd\u0259r \u018fliyev park\u0131nda t\u0259\u015fkil olunan \u00fcmumrayon toplant\u0131s\u0131nda \u0130cra Hakimiyy\u0259tinin ba\u015f\u00e7\u0131s\u0131 c\u0259nab L\u00fctv\u0259li Babayev bildirib ki, Az\u0259rbaycan Xalq [&hellip;]","og_url":"https:\/\/www.zerdab.com\/?p=27094","og_site_name":"Z\u0259rdab.com","article_published_time":"2019-05-28T07:05:33+00:00","article_modified_time":"2019-05-28T07:11:37+00:00","og_image":[{"url":"http:\/\/www.zerdab.com\/wp-content\/uploads\/2019\/05\/respublika-gunu-zerdab-rayonu-adr-550x367.jpg","type":"","width":"","height":""}],"author":"admin","twitter_card":"summary_large_image","twitter_misc":{"Written by":"admin","Est. reading time":"2 minutes"},"schema":{"@context":"https:\/\/schema.org","@graph":[{"@type":"Article","@id":"https:\/\/www.zerdab.com\/?p=27094#article","isPartOf":{"@id":"https:\/\/www.zerdab.com\/?p=27094"},"author":{"name":"admin","@id":"https:\/\/www.zerdab.com\/#\/schema\/person\/97079b7570c1e89ec0d9e138c3672136"},"headline":"Z\u0259rdabda 28 may &#8211; Respublika G\u00fcn\u00fc qeyd olundu &#8211; Fotolar","datePublished":"2019-05-28T07:05:33+00:00","dateModified":"2019-05-28T07:11:37+00:00","mainEntityOfPage":{"@id":"https:\/\/www.zerdab.com\/?p=27094"},"wordCount":328,"commentCount":0,"image":{"@id":"https:\/\/www.zerdab.com\/?p=27094#primaryimage"},"thumbnailUrl":"http:\/\/www.zerdab.com\/wp-content\/uploads\/2019\/05\/respublika-gunu-zerdab-rayonu-adr-550x367.jpg","articleSection":["C\u018fM\u0130YY\u018fT","MAN\u015eET"],"inLanguage":"az","potentialAction":[{"@type":"CommentAction","name":"Comment","target":["https:\/\/www.zerdab.com\/?p=27094#respond"]}]},{"@type":"WebPage","@id":"https:\/\/www.zerdab.com\/?p=27094","url":"https:\/\/www.zerdab.com\/?p=27094","name":"Z\u0259rdabda 28 may - Respublika G\u00fcn\u00fc qeyd olundu - Fotolar - Z\u0259rdab.com","isPartOf":{"@id":"https:\/\/www.zerdab.com\/#website"},"primaryImageOfPage":{"@id":"https:\/\/www.zerdab.com\/?p=27094#primaryimage"},"image":{"@id":"https:\/\/www.zerdab.com\/?p=27094#primaryimage"},"thumbnailUrl":"http:\/\/www.zerdab.com\/wp-content\/uploads\/2019\/05\/respublika-gunu-zerdab-rayonu-adr-550x367.jpg","datePublished":"2019-05-28T07:05:33+00:00","dateModified":"2019-05-28T07:11:37+00:00","author":{"@id":"https:\/\/www.zerdab.com\/#\/schema\/person\/97079b7570c1e89ec0d9e138c3672136"},"breadcrumb":{"@id":"https:\/\/www.zerdab.com\/?p=27094#breadcrumb"},"inLanguage":"az","potentialAction":[{"@type":"ReadAction","target":["https:\/\/www.zerdab.com\/?p=27094"]}]},{"@type":"ImageObject","inLanguage":"az","@id":"https:\/\/www.zerdab.com\/?p=27094#primaryimage","url":"","contentUrl":""},{"@type":"BreadcrumbList","@id":"https:\/\/www.zerdab.com\/?p=27094#breadcrumb","itemListElement":[{"@type":"ListItem","position":1,"name":"Home","item":"https:\/\/www.zerdab.com\/"},{"@type":"ListItem","position":2,"name":"Z\u0259rdabda 28 may &#8211; Respublika G\u00fcn\u00fc qeyd olundu &#8211; Fotolar"}]},{"@type":"WebSite","@id":"https:\/\/www.zerdab.com\/#website","url":"https:\/\/www.zerdab.com\/","name":"Z\u0259rdab.com","description":"","potentialAction":[{"@type":"SearchAction","target":{"@type":"EntryPoint","urlTemplate":"https:\/\/www.zerdab.com\/?s={search_term_string}"},"query-input":{"@type":"PropertyValueSpecification","valueRequired":true,"valueName":"search_term_string"}}],"inLanguage":"az"},{"@type":"Person","@id":"https:\/\/www.zerdab.com\/#\/schema\/person\/97079b7570c1e89ec0d9e138c3672136","name":"admin","image":{"@type":"ImageObject","inLanguage":"az","@id":"https:\/\/www.zerdab.com\/#\/schema\/person\/image\/","url":"https:\/\/secure.gravatar.com\/avatar\/d9c52a9a27c32119cb6679a077fa3e2779e5f822c451cbf01098004361d466ec?s=96&d=mm&r=g","contentUrl":"https:\/\/secure.gravatar.com\/avatar\/d9c52a9a27c32119cb6679a077fa3e2779e5f822c451cbf01098004361d466ec?s=96&d=mm&r=g","caption":"admin"},"url":"https:\/\/www.zerdab.com\/?author=1"}]}},"_links":{"self":[{"href":"https:\/\/www.zerdab.com\/index.php?rest_route=\/wp\/v2\/posts\/27094","targetHints":{"allow":["GET"]}}],"collection":[{"href":"https:\/\/www.zerdab.com\/index.php?rest_route=\/wp\/v2\/posts"}],"about":[{"href":"https:\/\/www.zerdab.com\/index.php?rest_route=\/wp\/v2\/types\/post"}],"author":[{"embeddable":true,"href":"https:\/\/www.zerdab.com\/index.php?rest_route=\/wp\/v2\/users\/1"}],"replies":[{"embeddable":true,"href":"https:\/\/www.zerdab.com\/index.php?rest_route=%2Fwp%2Fv2%2Fcomments&post=27094"}],"version-history":[{"count":2,"href":"https:\/\/www.zerdab.com\/index.php?rest_route=\/wp\/v2\/posts\/27094\/revisions"}],"predecessor-version":[{"id":27102,"href":"https:\/\/www.zerdab.com\/index.php?rest_route=\/wp\/v2\/posts\/27094\/revisions\/27102"}],"wp:attachment":[{"href":"https:\/\/www.zerdab.com\/index.php?rest_route=%2Fwp%2Fv2%2Fmedia&parent=27094"}],"wp:term":[{"taxonomy":"category","embeddable":true,"href":"https:\/\/www.zerdab.com\/index.php?rest_route=%2Fwp%2Fv2%2Fcategories&post=27094"},{"taxonomy":"post_tag","embeddable":true,"href":"https:\/\/www.zerdab.com\/index.php?rest_route=%2Fwp%2Fv2%2Ftags&post=27094"}],"curies":[{"name":"wp","href":"https:\/\/api.w.org\/{rel}","templated":true}]}}