{"id":27103,"date":"2019-05-28T11:24:59","date_gmt":"2019-05-28T07:24:59","guid":{"rendered":"http:\/\/www.zerdab.com\/?p=27103"},"modified":"2019-05-28T11:29:19","modified_gmt":"2019-05-28T07:29:19","slug":"z%c9%99rdabda-n%c9%99siminin-650-illik-yubileyi-munasib%c9%99til%c9%99-t%c9%99dbir-kecirilib-fotolar","status":"publish","type":"post","link":"https:\/\/www.zerdab.com\/?p=27103","title":{"rendered":"Z\u0259rdabda N\u0259siminin 650 illik yubileyi m\u00fcnasib\u0259til\u0259 t\u0259dbir ke\u00e7irilib &#8211; Fotolar"},"content":{"rendered":"\n<p>\u201cN\u0259simi ili\u201d t\u0259dbirl\u0259ri \u00e7\u0259r\u00e7iv\u0259sind\u0259 respublikam\u0131z\u0131n b\u00fct\u00fcn regionlar\u0131nda oldu\u011fu kimi, Z\u0259rdab rayonunda da m\u00fcxt\u0259lif t\u0259dbirl\u0259r h\u0259yata ke\u00e7irilib. <\/p>\n\n\n\n<p>Zerdab.com sayt\u0131n\u0131n m\u0259lumat\u0131na g\u00f6r\u0259, 27 may 2019-cu il tarixd\u0259 is\u0259 Rayon \u0130cra Hakimiyy\u0259tinin v\u0259 T\u0259hsil \u015e\u00f6b\u0259sinin birg\u0259 t\u0259\u015fkilat\u00e7\u0131l\u0131\u011f\u0131 il\u0259 t\u0259nt\u0259n\u0259li m\u0259rasim t\u0259\u015fkil olunub. \u018fvv\u0259lc\u0259 \u015fairin 650 illik yubileyin\u0259 h\u0259sr olunmu\u015f \u0259l i\u015fl\u0259rind\u0259n ibar\u0259t s\u0259rgiy\u0259 bax\u0131\u015f olub.<\/p>\n\n\n\n<figure class=\"wp-block-image\"><img decoding=\"async\" src=\"http:\/\/www.zerdab.com\/wp-content\/uploads\/2019\/05\/nesimi-ili-zerdab-550x367.jpg\" alt=\"\" class=\"wp-image-27104\"\/><\/figure>\n\n\n\n<p>T\u0259dbiri giri\u015f s\u00f6z\u00fc il\u0259 a\u00e7an Z\u0259rdab Rayon T\u0259hsil \u015e\u00f6b\u0259sinin m\u00fcdiri Lal\u0259 \u018fmir\u0259liyeva bildirib ki, N\u0259simi d\u00fcnya poeziyas\u0131n\u0131n \u0259n kamil n\u00fcmun\u0259l\u0259ri s\u0131ras\u0131nda diqq\u0259t\u0259layiq yer tutan \u0259s\u0259rl\u0259rind\u0259 daim insan\u0131n \u0259z\u0259m\u0259tini, insani m\u0259h\u0259bb\u0259ti v\u0259 \u015f\u0259xsiyy\u0259tin azadl\u0131\u011f\u0131n\u0131 t\u0259r\u0259nn\u00fcm edib. <\/p>\n\n\n\n<figure class=\"wp-block-image\"><img decoding=\"async\" src=\"http:\/\/www.zerdab.com\/wp-content\/uploads\/2019\/05\/nesimi-ili-zerdab1-550x367.jpg\" alt=\"\" class=\"wp-image-27107\"\/><\/figure>\n\n\n\n<p>Anadilli \u015feirin humanist ideyalarla, yeni m\u0259zmun, deyim t\u0259rzi v\u0259 b\u0259dii l\u00f6vh\u0259l\u0259rl\u0259 daha da z\u0259nginl\u0259\u015fm\u0259sind\u0259 unudulmaz \u015fairin misilsiz xidm\u0259tl\u0259ri vard\u0131r. N\u0259siminin m\u0259nb\u0259yini xalq ruhundan alm\u0131\u015f parlaq \u00fcslubu orta \u0259srl\u0259r Az\u0259rbaycan dilinin m\u0259na imkanlar\u0131n\u0131 b\u00fct\u00fcn dol\u011funlu\u011fu v\u0259 r\u0259ngar\u0259ngliyi il\u0259 \u0259ks etdirir. S\u0259n\u0259tkar\u0131n yarad\u0131c\u0131l\u0131\u011f\u0131 bir s\u0131ra xalqlar\u0131n b\u0259dii-ictimai fikrinin inki\u015faf\u0131na q\u00fcvv\u0259tli t\u0259sir g\u00f6st\u0259rib.<\/p>\n\n\n\n<figure class=\"wp-block-image\"><img decoding=\"async\" src=\"http:\/\/www.zerdab.com\/wp-content\/uploads\/2019\/05\/nesimi-ili-zerdab2-550x367.jpg\" alt=\"\" class=\"wp-image-27108\"\/><\/figure>\n\n\n\n<p>Rayonun k\u00f6rp\u0259l\u0259r evi-u\u015faq\nba\u011f\u00e7alar\u0131n\u0131n, m\u0259kt\u0259bl\u0259rin v\u0259 m\u0259d\u0259niyy\u0259t m\u00fc\u0259ssis\u0259l\u0259rinin haz\u0131rlad\u0131qlar\u0131&nbsp; kompozisiyalar n\u00fcmayi\u015f etdirilib. <\/p>\n\n\n\n<figure class=\"wp-block-image\"><img decoding=\"async\" src=\"http:\/\/www.zerdab.com\/wp-content\/uploads\/2019\/05\/nesimi-ili-zerdab3-550x367.jpg\" alt=\"\" class=\"wp-image-27109\"\/><\/figure>\n\n\n\n<p>T\u0259dbir konsert proqram\u0131 il\u0259 davam edib. <\/p>\n\n\n\n<figure class=\"wp-block-image\"><img decoding=\"async\" src=\"http:\/\/www.zerdab.com\/wp-content\/uploads\/2019\/05\/nesimi-ili-zerdab4-550x367.jpg\" alt=\"\" class=\"wp-image-27110\"\/><\/figure>\n","protected":false},"excerpt":{"rendered":"<p>\u201cN\u0259simi ili\u201d t\u0259dbirl\u0259ri \u00e7\u0259r\u00e7iv\u0259sind\u0259 respublikam\u0131z\u0131n b\u00fct\u00fcn regionlar\u0131nda oldu\u011fu kimi, Z\u0259rdab rayonunda da m\u00fcxt\u0259lif t\u0259dbirl\u0259r h\u0259yata ke\u00e7irilib. Zerdab.com sayt\u0131n\u0131n m\u0259lumat\u0131na g\u00f6r\u0259, 27 may 2019-cu il tarixd\u0259 is\u0259 Rayon \u0130cra Hakimiyy\u0259tinin v\u0259 T\u0259hsil \u015e\u00f6b\u0259sinin birg\u0259 t\u0259\u015fkilat\u00e7\u0131l\u0131\u011f\u0131 il\u0259 t\u0259nt\u0259n\u0259li m\u0259rasim t\u0259\u015fkil olunub. \u018fvv\u0259lc\u0259 \u015fairin 650 illik yubileyin\u0259 h\u0259sr olunmu\u015f \u0259l i\u015fl\u0259rind\u0259n ibar\u0259t s\u0259rgiy\u0259 bax\u0131\u015f olub. T\u0259dbiri giri\u015f s\u00f6z\u00fc [&hellip;]<\/p>\n","protected":false},"author":1,"featured_media":0,"comment_status":"open","ping_status":"open","sticky":false,"template":"","format":"standard","meta":{"footnotes":""},"categories":[21,63],"tags":[],"class_list":{"0":"post-27103","1":"post","2":"type-post","3":"status-publish","4":"format-standard","6":"category-zrdab","7":"category-manset"},"yoast_head":"<!-- This site is optimized with the Yoast SEO plugin v27.0 - https:\/\/yoast.com\/product\/yoast-seo-wordpress\/ -->\n<title>Z\u0259rdabda N\u0259siminin 650 illik yubileyi m\u00fcnasib\u0259til\u0259 t\u0259dbir ke\u00e7irilib - Fotolar - Z\u0259rdab.com<\/title>\n<meta name=\"robots\" content=\"index, follow, max-snippet:-1, max-image-preview:large, max-video-preview:-1\" \/>\n<link rel=\"canonical\" href=\"https:\/\/www.zerdab.com\/?p=27103\" \/>\n<meta property=\"og:locale\" content=\"az_AZ\" \/>\n<meta property=\"og:type\" content=\"article\" \/>\n<meta property=\"og:title\" content=\"Z\u0259rdabda N\u0259siminin 650 illik yubileyi m\u00fcnasib\u0259til\u0259 t\u0259dbir ke\u00e7irilib - Fotolar - Z\u0259rdab.com\" \/>\n<meta property=\"og:description\" content=\"\u201cN\u0259simi ili\u201d t\u0259dbirl\u0259ri \u00e7\u0259r\u00e7iv\u0259sind\u0259 respublikam\u0131z\u0131n b\u00fct\u00fcn regionlar\u0131nda oldu\u011fu kimi, Z\u0259rdab rayonunda da m\u00fcxt\u0259lif t\u0259dbirl\u0259r h\u0259yata ke\u00e7irilib. Zerdab.com sayt\u0131n\u0131n m\u0259lumat\u0131na g\u00f6r\u0259, 27 may 2019-cu il tarixd\u0259 is\u0259 Rayon \u0130cra Hakimiyy\u0259tinin v\u0259 T\u0259hsil \u015e\u00f6b\u0259sinin birg\u0259 t\u0259\u015fkilat\u00e7\u0131l\u0131\u011f\u0131 il\u0259 t\u0259nt\u0259n\u0259li m\u0259rasim t\u0259\u015fkil olunub. \u018fvv\u0259lc\u0259 \u015fairin 650 illik yubileyin\u0259 h\u0259sr olunmu\u015f \u0259l i\u015fl\u0259rind\u0259n ibar\u0259t s\u0259rgiy\u0259 bax\u0131\u015f olub. T\u0259dbiri giri\u015f s\u00f6z\u00fc [&hellip;]\" \/>\n<meta property=\"og:url\" content=\"https:\/\/www.zerdab.com\/?p=27103\" \/>\n<meta property=\"og:site_name\" content=\"Z\u0259rdab.com\" \/>\n<meta property=\"article:published_time\" content=\"2019-05-28T07:24:59+00:00\" \/>\n<meta property=\"article:modified_time\" content=\"2019-05-28T07:29:19+00:00\" \/>\n<meta property=\"og:image\" content=\"http:\/\/www.zerdab.com\/wp-content\/uploads\/2019\/05\/nesimi-ili-zerdab-550x367.jpg\" \/>\n<meta name=\"author\" content=\"admin\" \/>\n<meta name=\"twitter:card\" content=\"summary_large_image\" \/>\n<meta name=\"twitter:label1\" content=\"Written by\" \/>\n\t<meta name=\"twitter:data1\" content=\"admin\" \/>\n\t<meta name=\"twitter:label2\" content=\"Est. reading time\" \/>\n\t<meta name=\"twitter:data2\" content=\"1 minute\" \/>\n<script type=\"application\/ld+json\" class=\"yoast-schema-graph\">{\"@context\":\"https:\/\/schema.org\",\"@graph\":[{\"@type\":\"Article\",\"@id\":\"https:\/\/www.zerdab.com\/?p=27103#article\",\"isPartOf\":{\"@id\":\"https:\/\/www.zerdab.com\/?p=27103\"},\"author\":{\"name\":\"admin\",\"@id\":\"https:\/\/www.zerdab.com\/#\/schema\/person\/97079b7570c1e89ec0d9e138c3672136\"},\"headline\":\"Z\u0259rdabda N\u0259siminin 650 illik yubileyi m\u00fcnasib\u0259til\u0259 t\u0259dbir ke\u00e7irilib &#8211; Fotolar\",\"datePublished\":\"2019-05-28T07:24:59+00:00\",\"dateModified\":\"2019-05-28T07:29:19+00:00\",\"mainEntityOfPage\":{\"@id\":\"https:\/\/www.zerdab.com\/?p=27103\"},\"wordCount\":302,\"commentCount\":0,\"image\":{\"@id\":\"https:\/\/www.zerdab.com\/?p=27103#primaryimage\"},\"thumbnailUrl\":\"http:\/\/www.zerdab.com\/wp-content\/uploads\/2019\/05\/nesimi-ili-zerdab-550x367.jpg\",\"articleSection\":[\"C\u018fM\u0130YY\u018fT\",\"MAN\u015eET\"],\"inLanguage\":\"az\",\"potentialAction\":[{\"@type\":\"CommentAction\",\"name\":\"Comment\",\"target\":[\"https:\/\/www.zerdab.com\/?p=27103#respond\"]}]},{\"@type\":\"WebPage\",\"@id\":\"https:\/\/www.zerdab.com\/?p=27103\",\"url\":\"https:\/\/www.zerdab.com\/?p=27103\",\"name\":\"Z\u0259rdabda N\u0259siminin 650 illik yubileyi m\u00fcnasib\u0259til\u0259 t\u0259dbir ke\u00e7irilib - Fotolar - Z\u0259rdab.com\",\"isPartOf\":{\"@id\":\"https:\/\/www.zerdab.com\/#website\"},\"primaryImageOfPage\":{\"@id\":\"https:\/\/www.zerdab.com\/?p=27103#primaryimage\"},\"image\":{\"@id\":\"https:\/\/www.zerdab.com\/?p=27103#primaryimage\"},\"thumbnailUrl\":\"http:\/\/www.zerdab.com\/wp-content\/uploads\/2019\/05\/nesimi-ili-zerdab-550x367.jpg\",\"datePublished\":\"2019-05-28T07:24:59+00:00\",\"dateModified\":\"2019-05-28T07:29:19+00:00\",\"author\":{\"@id\":\"https:\/\/www.zerdab.com\/#\/schema\/person\/97079b7570c1e89ec0d9e138c3672136\"},\"breadcrumb\":{\"@id\":\"https:\/\/www.zerdab.com\/?p=27103#breadcrumb\"},\"inLanguage\":\"az\",\"potentialAction\":[{\"@type\":\"ReadAction\",\"target\":[\"https:\/\/www.zerdab.com\/?p=27103\"]}]},{\"@type\":\"ImageObject\",\"inLanguage\":\"az\",\"@id\":\"https:\/\/www.zerdab.com\/?p=27103#primaryimage\",\"url\":\"\",\"contentUrl\":\"\"},{\"@type\":\"BreadcrumbList\",\"@id\":\"https:\/\/www.zerdab.com\/?p=27103#breadcrumb\",\"itemListElement\":[{\"@type\":\"ListItem\",\"position\":1,\"name\":\"Home\",\"item\":\"https:\/\/www.zerdab.com\/\"},{\"@type\":\"ListItem\",\"position\":2,\"name\":\"Z\u0259rdabda N\u0259siminin 650 illik yubileyi m\u00fcnasib\u0259til\u0259 t\u0259dbir ke\u00e7irilib &#8211; Fotolar\"}]},{\"@type\":\"WebSite\",\"@id\":\"https:\/\/www.zerdab.com\/#website\",\"url\":\"https:\/\/www.zerdab.com\/\",\"name\":\"Z\u0259rdab.com\",\"description\":\"\",\"potentialAction\":[{\"@type\":\"SearchAction\",\"target\":{\"@type\":\"EntryPoint\",\"urlTemplate\":\"https:\/\/www.zerdab.com\/?s={search_term_string}\"},\"query-input\":{\"@type\":\"PropertyValueSpecification\",\"valueRequired\":true,\"valueName\":\"search_term_string\"}}],\"inLanguage\":\"az\"},{\"@type\":\"Person\",\"@id\":\"https:\/\/www.zerdab.com\/#\/schema\/person\/97079b7570c1e89ec0d9e138c3672136\",\"name\":\"admin\",\"image\":{\"@type\":\"ImageObject\",\"inLanguage\":\"az\",\"@id\":\"https:\/\/www.zerdab.com\/#\/schema\/person\/image\/\",\"url\":\"https:\/\/secure.gravatar.com\/avatar\/d9c52a9a27c32119cb6679a077fa3e2779e5f822c451cbf01098004361d466ec?s=96&d=mm&r=g\",\"contentUrl\":\"https:\/\/secure.gravatar.com\/avatar\/d9c52a9a27c32119cb6679a077fa3e2779e5f822c451cbf01098004361d466ec?s=96&d=mm&r=g\",\"caption\":\"admin\"},\"url\":\"https:\/\/www.zerdab.com\/?author=1\"}]}<\/script>\n<!-- \/ Yoast SEO plugin. -->","yoast_head_json":{"title":"Z\u0259rdabda N\u0259siminin 650 illik yubileyi m\u00fcnasib\u0259til\u0259 t\u0259dbir ke\u00e7irilib - Fotolar - Z\u0259rdab.com","robots":{"index":"index","follow":"follow","max-snippet":"max-snippet:-1","max-image-preview":"max-image-preview:large","max-video-preview":"max-video-preview:-1"},"canonical":"https:\/\/www.zerdab.com\/?p=27103","og_locale":"az_AZ","og_type":"article","og_title":"Z\u0259rdabda N\u0259siminin 650 illik yubileyi m\u00fcnasib\u0259til\u0259 t\u0259dbir ke\u00e7irilib - Fotolar - Z\u0259rdab.com","og_description":"\u201cN\u0259simi ili\u201d t\u0259dbirl\u0259ri \u00e7\u0259r\u00e7iv\u0259sind\u0259 respublikam\u0131z\u0131n b\u00fct\u00fcn regionlar\u0131nda oldu\u011fu kimi, Z\u0259rdab rayonunda da m\u00fcxt\u0259lif t\u0259dbirl\u0259r h\u0259yata ke\u00e7irilib. Zerdab.com sayt\u0131n\u0131n m\u0259lumat\u0131na g\u00f6r\u0259, 27 may 2019-cu il tarixd\u0259 is\u0259 Rayon \u0130cra Hakimiyy\u0259tinin v\u0259 T\u0259hsil \u015e\u00f6b\u0259sinin birg\u0259 t\u0259\u015fkilat\u00e7\u0131l\u0131\u011f\u0131 il\u0259 t\u0259nt\u0259n\u0259li m\u0259rasim t\u0259\u015fkil olunub. \u018fvv\u0259lc\u0259 \u015fairin 650 illik yubileyin\u0259 h\u0259sr olunmu\u015f \u0259l i\u015fl\u0259rind\u0259n ibar\u0259t s\u0259rgiy\u0259 bax\u0131\u015f olub. T\u0259dbiri giri\u015f s\u00f6z\u00fc [&hellip;]","og_url":"https:\/\/www.zerdab.com\/?p=27103","og_site_name":"Z\u0259rdab.com","article_published_time":"2019-05-28T07:24:59+00:00","article_modified_time":"2019-05-28T07:29:19+00:00","og_image":[{"url":"http:\/\/www.zerdab.com\/wp-content\/uploads\/2019\/05\/nesimi-ili-zerdab-550x367.jpg","type":"","width":"","height":""}],"author":"admin","twitter_card":"summary_large_image","twitter_misc":{"Written by":"admin","Est. reading time":"1 minute"},"schema":{"@context":"https:\/\/schema.org","@graph":[{"@type":"Article","@id":"https:\/\/www.zerdab.com\/?p=27103#article","isPartOf":{"@id":"https:\/\/www.zerdab.com\/?p=27103"},"author":{"name":"admin","@id":"https:\/\/www.zerdab.com\/#\/schema\/person\/97079b7570c1e89ec0d9e138c3672136"},"headline":"Z\u0259rdabda N\u0259siminin 650 illik yubileyi m\u00fcnasib\u0259til\u0259 t\u0259dbir ke\u00e7irilib &#8211; Fotolar","datePublished":"2019-05-28T07:24:59+00:00","dateModified":"2019-05-28T07:29:19+00:00","mainEntityOfPage":{"@id":"https:\/\/www.zerdab.com\/?p=27103"},"wordCount":302,"commentCount":0,"image":{"@id":"https:\/\/www.zerdab.com\/?p=27103#primaryimage"},"thumbnailUrl":"http:\/\/www.zerdab.com\/wp-content\/uploads\/2019\/05\/nesimi-ili-zerdab-550x367.jpg","articleSection":["C\u018fM\u0130YY\u018fT","MAN\u015eET"],"inLanguage":"az","potentialAction":[{"@type":"CommentAction","name":"Comment","target":["https:\/\/www.zerdab.com\/?p=27103#respond"]}]},{"@type":"WebPage","@id":"https:\/\/www.zerdab.com\/?p=27103","url":"https:\/\/www.zerdab.com\/?p=27103","name":"Z\u0259rdabda N\u0259siminin 650 illik yubileyi m\u00fcnasib\u0259til\u0259 t\u0259dbir ke\u00e7irilib - Fotolar - Z\u0259rdab.com","isPartOf":{"@id":"https:\/\/www.zerdab.com\/#website"},"primaryImageOfPage":{"@id":"https:\/\/www.zerdab.com\/?p=27103#primaryimage"},"image":{"@id":"https:\/\/www.zerdab.com\/?p=27103#primaryimage"},"thumbnailUrl":"http:\/\/www.zerdab.com\/wp-content\/uploads\/2019\/05\/nesimi-ili-zerdab-550x367.jpg","datePublished":"2019-05-28T07:24:59+00:00","dateModified":"2019-05-28T07:29:19+00:00","author":{"@id":"https:\/\/www.zerdab.com\/#\/schema\/person\/97079b7570c1e89ec0d9e138c3672136"},"breadcrumb":{"@id":"https:\/\/www.zerdab.com\/?p=27103#breadcrumb"},"inLanguage":"az","potentialAction":[{"@type":"ReadAction","target":["https:\/\/www.zerdab.com\/?p=27103"]}]},{"@type":"ImageObject","inLanguage":"az","@id":"https:\/\/www.zerdab.com\/?p=27103#primaryimage","url":"","contentUrl":""},{"@type":"BreadcrumbList","@id":"https:\/\/www.zerdab.com\/?p=27103#breadcrumb","itemListElement":[{"@type":"ListItem","position":1,"name":"Home","item":"https:\/\/www.zerdab.com\/"},{"@type":"ListItem","position":2,"name":"Z\u0259rdabda N\u0259siminin 650 illik yubileyi m\u00fcnasib\u0259til\u0259 t\u0259dbir ke\u00e7irilib &#8211; Fotolar"}]},{"@type":"WebSite","@id":"https:\/\/www.zerdab.com\/#website","url":"https:\/\/www.zerdab.com\/","name":"Z\u0259rdab.com","description":"","potentialAction":[{"@type":"SearchAction","target":{"@type":"EntryPoint","urlTemplate":"https:\/\/www.zerdab.com\/?s={search_term_string}"},"query-input":{"@type":"PropertyValueSpecification","valueRequired":true,"valueName":"search_term_string"}}],"inLanguage":"az"},{"@type":"Person","@id":"https:\/\/www.zerdab.com\/#\/schema\/person\/97079b7570c1e89ec0d9e138c3672136","name":"admin","image":{"@type":"ImageObject","inLanguage":"az","@id":"https:\/\/www.zerdab.com\/#\/schema\/person\/image\/","url":"https:\/\/secure.gravatar.com\/avatar\/d9c52a9a27c32119cb6679a077fa3e2779e5f822c451cbf01098004361d466ec?s=96&d=mm&r=g","contentUrl":"https:\/\/secure.gravatar.com\/avatar\/d9c52a9a27c32119cb6679a077fa3e2779e5f822c451cbf01098004361d466ec?s=96&d=mm&r=g","caption":"admin"},"url":"https:\/\/www.zerdab.com\/?author=1"}]}},"_links":{"self":[{"href":"https:\/\/www.zerdab.com\/index.php?rest_route=\/wp\/v2\/posts\/27103","targetHints":{"allow":["GET"]}}],"collection":[{"href":"https:\/\/www.zerdab.com\/index.php?rest_route=\/wp\/v2\/posts"}],"about":[{"href":"https:\/\/www.zerdab.com\/index.php?rest_route=\/wp\/v2\/types\/post"}],"author":[{"embeddable":true,"href":"https:\/\/www.zerdab.com\/index.php?rest_route=\/wp\/v2\/users\/1"}],"replies":[{"embeddable":true,"href":"https:\/\/www.zerdab.com\/index.php?rest_route=%2Fwp%2Fv2%2Fcomments&post=27103"}],"version-history":[{"count":2,"href":"https:\/\/www.zerdab.com\/index.php?rest_route=\/wp\/v2\/posts\/27103\/revisions"}],"predecessor-version":[{"id":27113,"href":"https:\/\/www.zerdab.com\/index.php?rest_route=\/wp\/v2\/posts\/27103\/revisions\/27113"}],"wp:attachment":[{"href":"https:\/\/www.zerdab.com\/index.php?rest_route=%2Fwp%2Fv2%2Fmedia&parent=27103"}],"wp:term":[{"taxonomy":"category","embeddable":true,"href":"https:\/\/www.zerdab.com\/index.php?rest_route=%2Fwp%2Fv2%2Fcategories&post=27103"},{"taxonomy":"post_tag","embeddable":true,"href":"https:\/\/www.zerdab.com\/index.php?rest_route=%2Fwp%2Fv2%2Ftags&post=27103"}],"curies":[{"name":"wp","href":"https:\/\/api.w.org\/{rel}","templated":true}]}}