{"id":27133,"date":"2019-05-30T10:48:42","date_gmt":"2019-05-30T06:48:42","guid":{"rendered":"http:\/\/www.zerdab.com\/?p=27133"},"modified":"2019-05-30T10:50:13","modified_gmt":"2019-05-30T06:50:13","slug":"heyd%c9%99r-%c9%99liyev-fondu-z%c9%99rdabda-iftar-sufr%c9%99si-acib","status":"publish","type":"post","link":"https:\/\/www.zerdab.com\/?p=27133","title":{"rendered":"Heyd\u0259r \u018fliyev Fondu Z\u0259rdabda iftar s\u00fcfr\u0259si a\u00e7\u0131b"},"content":{"rendered":"\n<p>\u0130ftar s\u00fcfr\u0259sind\u0259 din xadiml\u0259ri, \u015f\u0259hid ail\u0259l\u0259rinin \u00fczvl\u0259ri, Qaraba\u011f m\u00fcharib\u0259si \u0259lill\u0259ri v\u0259 imkans\u0131z ail\u0259l\u0259rd\u0259n olan insanlar i\u015ftirak edibl\u0259r.<\/p>\n\n\n\n<p><strong>Zerdab.com<\/strong> sayt\u0131na veril\u0259n m\u0259lumata g\u00f6r\u0259, m\u0259rasimd\u0259 \u00e7\u0131x\u0131\u015f ed\u0259nl\u0259r \u00f6lk\u0259mizd\u0259 h\u0259yata ke\u00e7iril\u0259n d\u00f6vl\u0259t-din siyas\u0259tind\u0259n, milli-m\u0259n\u0259vi d\u0259y\u0259rl\u0259r\u0259 g\u00f6st\u0259ril\u0259n diqq\u0259t v\u0259 qay\u011f\u0131dan, tolerantl\u0131q m\u00fchitinin qorunub saxlanmas\u0131ndan, Ramazan ay\u0131n\u0131n \u0259h\u0259miyy\u0259tind\u0259n v\u0259 f\u0259zil\u0259tl\u0259rind\u0259n dan\u0131\u015f\u0131blar.<\/p>\n\n\n\n<figure class=\"wp-block-image\"><img decoding=\"async\" src=\"http:\/\/www.zerdab.com\/wp-content\/uploads\/2019\/05\/iftar-sufresi-zerdab1-550x366.jpg\" alt=\"\" class=\"wp-image-27138\"\/><\/figure>\n\n\n\n<p>Bildirilib ki, m\u00fcq\u0259dd\u0259s kitab\u0131m\u0131z olan \u201cQurani-K\u0259rim\u201din nazil oldu\u011fu Ramazan ay\u0131 dinimizd\u0259 uca v\u0259 m\u00fcq\u0259dd\u0259s say\u0131lan, insanlar\u0131 s\u00fclh\u0259, h\u0259mr\u0259yliy\u0259, \u0259xlaqi safl\u0131\u011fa d\u0259v\u0259t ed\u0259n m\u00fcbar\u0259k aylardand\u0131r. Ramazan ay\u0131nda iftar s\u00fcfr\u0259l\u0259rinin t\u0259\u015fkil edilm\u0259si c\u0259miyy\u0259timizin vahidliyinin, \u00fcmumi amallar namin\u0259 \u00f6lk\u0259mizd\u0259 d\u00f6vl\u0259tl\u0259 din aras\u0131nda s\u0131x birliyin bariz n\u00fcmun\u0259sidir. Bu bax\u0131mdan Heyd\u0259r \u018fliyev Fondu t\u0259r\u0259find\u0259n b\u00f6lg\u0259l\u0259rd\u0259 iftar s\u00fcfr\u0259l\u0259rinin a\u00e7\u0131lmas\u0131 t\u0259dqir\u0259layiqdir.<\/p>\n\n\n\n<p>Bu g\u00fcn Az\u0259rbaycan d\u00fcnya \u00f6lk\u0259l\u0259ri \u00fc\u00e7\u00fcn tolerantl\u0131q n\u00fcmun\u0259sidir. \u00d6lk\u0259mizd\u0259 birlik v\u0259 sabitlik h\u00f6km s\u00fcr\u00fcr, dini m\u0259b\u0259dl\u0259r t\u0259mir v\u0259 b\u0259rpa olunur, islami v\u0259 milli-m\u0259n\u0259vi d\u0259y\u0259rl\u0259r qorunur.<\/p>\n\n\n\n<p>\u0130ftar s\u00fcfr\u0259sind\u0259, h\u0259m\u00e7inin Ali Ba\u015f Komandan\u0131n r\u0259hb\u0259rliyi il\u0259 b\u00fct\u00fcn torpaqlar\u0131m\u0131z\u0131n tezlikl\u0259 i\u015f\u011faldan azad olunaca\u011f\u0131na, o torpaqlarda da dini ayinl\u0259rin icra edil\u0259c\u0259yin\u0259 v\u0259 iftar s\u00fcfr\u0259l\u0259rinin a\u00e7\u0131laca\u011f\u0131na \u0259minlik ifad\u0259 olunub.<\/p>\n\n\n\n<p>\u0130ftar s\u00fcfr\u0259si \u0259traf\u0131nda on bir ay\u0131n sultan\u0131 olan Ramazan\u0131n f\u0259zil\u0259tl\u0259rind\u0259n dan\u0131\u015f\u0131l\u0131b, bu ayda g\u00f6r\u00fclm\u0259si vacib say\u0131lan xeyirxah \u0259m\u0259ll\u0259rd\u0259n, savab i\u015fl\u0259rd\u0259n s\u00f6z a\u00e7\u0131l\u0131b. \u00d6lk\u0259miz\u0259 \u0259min-amanl\u0131q v\u0259 s\u00fclh arzulan\u0131b, torpaqlar\u0131m\u0131z\u0131n b\u00fct\u00f6vl\u00fcy\u00fc u\u011frunda \u015f\u0259hid olanlar\u0131n ruhuna dualar oxunub.<\/p>\n","protected":false},"excerpt":{"rendered":"<p>\u0130ftar s\u00fcfr\u0259sind\u0259 din xadiml\u0259ri, \u015f\u0259hid ail\u0259l\u0259rinin \u00fczvl\u0259ri, Qaraba\u011f m\u00fcharib\u0259si \u0259lill\u0259ri v\u0259 imkans\u0131z ail\u0259l\u0259rd\u0259n olan insanlar i\u015ftirak edibl\u0259r. Zerdab.com sayt\u0131na veril\u0259n m\u0259lumata g\u00f6r\u0259, m\u0259rasimd\u0259 \u00e7\u0131x\u0131\u015f ed\u0259nl\u0259r \u00f6lk\u0259mizd\u0259 h\u0259yata ke\u00e7iril\u0259n d\u00f6vl\u0259t-din siyas\u0259tind\u0259n, milli-m\u0259n\u0259vi d\u0259y\u0259rl\u0259r\u0259 g\u00f6st\u0259ril\u0259n diqq\u0259t v\u0259 qay\u011f\u0131dan, tolerantl\u0131q m\u00fchitinin qorunub saxlanmas\u0131ndan, Ramazan ay\u0131n\u0131n \u0259h\u0259miyy\u0259tind\u0259n v\u0259 f\u0259zil\u0259tl\u0259rind\u0259n dan\u0131\u015f\u0131blar. Bildirilib ki, m\u00fcq\u0259dd\u0259s kitab\u0131m\u0131z olan \u201cQurani-K\u0259rim\u201din nazil oldu\u011fu Ramazan [&hellip;]<\/p>\n","protected":false},"author":1,"featured_media":0,"comment_status":"open","ping_status":"open","sticky":false,"template":"","format":"standard","meta":{"footnotes":""},"categories":[21,63],"tags":[],"class_list":{"0":"post-27133","1":"post","2":"type-post","3":"status-publish","4":"format-standard","6":"category-zrdab","7":"category-manset"},"yoast_head":"<!-- This site is optimized with the Yoast SEO plugin v27.0 - https:\/\/yoast.com\/product\/yoast-seo-wordpress\/ -->\n<title>Heyd\u0259r \u018fliyev Fondu Z\u0259rdabda iftar s\u00fcfr\u0259si a\u00e7\u0131b - Z\u0259rdab.com<\/title>\n<meta name=\"robots\" content=\"index, follow, max-snippet:-1, max-image-preview:large, max-video-preview:-1\" \/>\n<link rel=\"canonical\" href=\"https:\/\/www.zerdab.com\/?p=27133\" \/>\n<meta property=\"og:locale\" content=\"az_AZ\" \/>\n<meta property=\"og:type\" content=\"article\" \/>\n<meta property=\"og:title\" content=\"Heyd\u0259r \u018fliyev Fondu Z\u0259rdabda iftar s\u00fcfr\u0259si a\u00e7\u0131b - Z\u0259rdab.com\" \/>\n<meta property=\"og:description\" content=\"\u0130ftar s\u00fcfr\u0259sind\u0259 din xadiml\u0259ri, \u015f\u0259hid ail\u0259l\u0259rinin \u00fczvl\u0259ri, Qaraba\u011f m\u00fcharib\u0259si \u0259lill\u0259ri v\u0259 imkans\u0131z ail\u0259l\u0259rd\u0259n olan insanlar i\u015ftirak edibl\u0259r. Zerdab.com sayt\u0131na veril\u0259n m\u0259lumata g\u00f6r\u0259, m\u0259rasimd\u0259 \u00e7\u0131x\u0131\u015f ed\u0259nl\u0259r \u00f6lk\u0259mizd\u0259 h\u0259yata ke\u00e7iril\u0259n d\u00f6vl\u0259t-din siyas\u0259tind\u0259n, milli-m\u0259n\u0259vi d\u0259y\u0259rl\u0259r\u0259 g\u00f6st\u0259ril\u0259n diqq\u0259t v\u0259 qay\u011f\u0131dan, tolerantl\u0131q m\u00fchitinin qorunub saxlanmas\u0131ndan, Ramazan ay\u0131n\u0131n \u0259h\u0259miyy\u0259tind\u0259n v\u0259 f\u0259zil\u0259tl\u0259rind\u0259n dan\u0131\u015f\u0131blar. Bildirilib ki, m\u00fcq\u0259dd\u0259s kitab\u0131m\u0131z olan \u201cQurani-K\u0259rim\u201din nazil oldu\u011fu Ramazan [&hellip;]\" \/>\n<meta property=\"og:url\" content=\"https:\/\/www.zerdab.com\/?p=27133\" \/>\n<meta property=\"og:site_name\" content=\"Z\u0259rdab.com\" \/>\n<meta property=\"article:published_time\" content=\"2019-05-30T06:48:42+00:00\" \/>\n<meta property=\"article:modified_time\" content=\"2019-05-30T06:50:13+00:00\" \/>\n<meta property=\"og:image\" content=\"http:\/\/www.zerdab.com\/wp-content\/uploads\/2019\/05\/iftar-sufresi-zerdab1-550x366.jpg\" \/>\n<meta name=\"author\" content=\"admin\" \/>\n<meta name=\"twitter:card\" content=\"summary_large_image\" \/>\n<meta name=\"twitter:label1\" content=\"Written by\" \/>\n\t<meta name=\"twitter:data1\" content=\"admin\" \/>\n\t<meta name=\"twitter:label2\" content=\"Est. reading time\" \/>\n\t<meta name=\"twitter:data2\" content=\"2 minutes\" \/>\n<script type=\"application\/ld+json\" class=\"yoast-schema-graph\">{\"@context\":\"https:\/\/schema.org\",\"@graph\":[{\"@type\":\"Article\",\"@id\":\"https:\/\/www.zerdab.com\/?p=27133#article\",\"isPartOf\":{\"@id\":\"https:\/\/www.zerdab.com\/?p=27133\"},\"author\":{\"name\":\"admin\",\"@id\":\"https:\/\/www.zerdab.com\/#\/schema\/person\/97079b7570c1e89ec0d9e138c3672136\"},\"headline\":\"Heyd\u0259r \u018fliyev Fondu Z\u0259rdabda iftar s\u00fcfr\u0259si a\u00e7\u0131b\",\"datePublished\":\"2019-05-30T06:48:42+00:00\",\"dateModified\":\"2019-05-30T06:50:13+00:00\",\"mainEntityOfPage\":{\"@id\":\"https:\/\/www.zerdab.com\/?p=27133\"},\"wordCount\":385,\"commentCount\":0,\"image\":{\"@id\":\"https:\/\/www.zerdab.com\/?p=27133#primaryimage\"},\"thumbnailUrl\":\"http:\/\/www.zerdab.com\/wp-content\/uploads\/2019\/05\/iftar-sufresi-zerdab1-550x366.jpg\",\"articleSection\":[\"C\u018fM\u0130YY\u018fT\",\"MAN\u015eET\"],\"inLanguage\":\"az\",\"potentialAction\":[{\"@type\":\"CommentAction\",\"name\":\"Comment\",\"target\":[\"https:\/\/www.zerdab.com\/?p=27133#respond\"]}]},{\"@type\":\"WebPage\",\"@id\":\"https:\/\/www.zerdab.com\/?p=27133\",\"url\":\"https:\/\/www.zerdab.com\/?p=27133\",\"name\":\"Heyd\u0259r \u018fliyev Fondu Z\u0259rdabda iftar s\u00fcfr\u0259si a\u00e7\u0131b - Z\u0259rdab.com\",\"isPartOf\":{\"@id\":\"https:\/\/www.zerdab.com\/#website\"},\"primaryImageOfPage\":{\"@id\":\"https:\/\/www.zerdab.com\/?p=27133#primaryimage\"},\"image\":{\"@id\":\"https:\/\/www.zerdab.com\/?p=27133#primaryimage\"},\"thumbnailUrl\":\"http:\/\/www.zerdab.com\/wp-content\/uploads\/2019\/05\/iftar-sufresi-zerdab1-550x366.jpg\",\"datePublished\":\"2019-05-30T06:48:42+00:00\",\"dateModified\":\"2019-05-30T06:50:13+00:00\",\"author\":{\"@id\":\"https:\/\/www.zerdab.com\/#\/schema\/person\/97079b7570c1e89ec0d9e138c3672136\"},\"breadcrumb\":{\"@id\":\"https:\/\/www.zerdab.com\/?p=27133#breadcrumb\"},\"inLanguage\":\"az\",\"potentialAction\":[{\"@type\":\"ReadAction\",\"target\":[\"https:\/\/www.zerdab.com\/?p=27133\"]}]},{\"@type\":\"ImageObject\",\"inLanguage\":\"az\",\"@id\":\"https:\/\/www.zerdab.com\/?p=27133#primaryimage\",\"url\":\"\",\"contentUrl\":\"\"},{\"@type\":\"BreadcrumbList\",\"@id\":\"https:\/\/www.zerdab.com\/?p=27133#breadcrumb\",\"itemListElement\":[{\"@type\":\"ListItem\",\"position\":1,\"name\":\"Home\",\"item\":\"https:\/\/www.zerdab.com\/\"},{\"@type\":\"ListItem\",\"position\":2,\"name\":\"Heyd\u0259r \u018fliyev Fondu Z\u0259rdabda iftar s\u00fcfr\u0259si a\u00e7\u0131b\"}]},{\"@type\":\"WebSite\",\"@id\":\"https:\/\/www.zerdab.com\/#website\",\"url\":\"https:\/\/www.zerdab.com\/\",\"name\":\"Z\u0259rdab.com\",\"description\":\"\",\"potentialAction\":[{\"@type\":\"SearchAction\",\"target\":{\"@type\":\"EntryPoint\",\"urlTemplate\":\"https:\/\/www.zerdab.com\/?s={search_term_string}\"},\"query-input\":{\"@type\":\"PropertyValueSpecification\",\"valueRequired\":true,\"valueName\":\"search_term_string\"}}],\"inLanguage\":\"az\"},{\"@type\":\"Person\",\"@id\":\"https:\/\/www.zerdab.com\/#\/schema\/person\/97079b7570c1e89ec0d9e138c3672136\",\"name\":\"admin\",\"image\":{\"@type\":\"ImageObject\",\"inLanguage\":\"az\",\"@id\":\"https:\/\/www.zerdab.com\/#\/schema\/person\/image\/\",\"url\":\"https:\/\/secure.gravatar.com\/avatar\/d9c52a9a27c32119cb6679a077fa3e2779e5f822c451cbf01098004361d466ec?s=96&d=mm&r=g\",\"contentUrl\":\"https:\/\/secure.gravatar.com\/avatar\/d9c52a9a27c32119cb6679a077fa3e2779e5f822c451cbf01098004361d466ec?s=96&d=mm&r=g\",\"caption\":\"admin\"},\"url\":\"https:\/\/www.zerdab.com\/?author=1\"}]}<\/script>\n<!-- \/ Yoast SEO plugin. -->","yoast_head_json":{"title":"Heyd\u0259r \u018fliyev Fondu Z\u0259rdabda iftar s\u00fcfr\u0259si a\u00e7\u0131b - Z\u0259rdab.com","robots":{"index":"index","follow":"follow","max-snippet":"max-snippet:-1","max-image-preview":"max-image-preview:large","max-video-preview":"max-video-preview:-1"},"canonical":"https:\/\/www.zerdab.com\/?p=27133","og_locale":"az_AZ","og_type":"article","og_title":"Heyd\u0259r \u018fliyev Fondu Z\u0259rdabda iftar s\u00fcfr\u0259si a\u00e7\u0131b - Z\u0259rdab.com","og_description":"\u0130ftar s\u00fcfr\u0259sind\u0259 din xadiml\u0259ri, \u015f\u0259hid ail\u0259l\u0259rinin \u00fczvl\u0259ri, Qaraba\u011f m\u00fcharib\u0259si \u0259lill\u0259ri v\u0259 imkans\u0131z ail\u0259l\u0259rd\u0259n olan insanlar i\u015ftirak edibl\u0259r. Zerdab.com sayt\u0131na veril\u0259n m\u0259lumata g\u00f6r\u0259, m\u0259rasimd\u0259 \u00e7\u0131x\u0131\u015f ed\u0259nl\u0259r \u00f6lk\u0259mizd\u0259 h\u0259yata ke\u00e7iril\u0259n d\u00f6vl\u0259t-din siyas\u0259tind\u0259n, milli-m\u0259n\u0259vi d\u0259y\u0259rl\u0259r\u0259 g\u00f6st\u0259ril\u0259n diqq\u0259t v\u0259 qay\u011f\u0131dan, tolerantl\u0131q m\u00fchitinin qorunub saxlanmas\u0131ndan, Ramazan ay\u0131n\u0131n \u0259h\u0259miyy\u0259tind\u0259n v\u0259 f\u0259zil\u0259tl\u0259rind\u0259n dan\u0131\u015f\u0131blar. Bildirilib ki, m\u00fcq\u0259dd\u0259s kitab\u0131m\u0131z olan \u201cQurani-K\u0259rim\u201din nazil oldu\u011fu Ramazan [&hellip;]","og_url":"https:\/\/www.zerdab.com\/?p=27133","og_site_name":"Z\u0259rdab.com","article_published_time":"2019-05-30T06:48:42+00:00","article_modified_time":"2019-05-30T06:50:13+00:00","og_image":[{"url":"http:\/\/www.zerdab.com\/wp-content\/uploads\/2019\/05\/iftar-sufresi-zerdab1-550x366.jpg","type":"","width":"","height":""}],"author":"admin","twitter_card":"summary_large_image","twitter_misc":{"Written by":"admin","Est. reading time":"2 minutes"},"schema":{"@context":"https:\/\/schema.org","@graph":[{"@type":"Article","@id":"https:\/\/www.zerdab.com\/?p=27133#article","isPartOf":{"@id":"https:\/\/www.zerdab.com\/?p=27133"},"author":{"name":"admin","@id":"https:\/\/www.zerdab.com\/#\/schema\/person\/97079b7570c1e89ec0d9e138c3672136"},"headline":"Heyd\u0259r \u018fliyev Fondu Z\u0259rdabda iftar s\u00fcfr\u0259si a\u00e7\u0131b","datePublished":"2019-05-30T06:48:42+00:00","dateModified":"2019-05-30T06:50:13+00:00","mainEntityOfPage":{"@id":"https:\/\/www.zerdab.com\/?p=27133"},"wordCount":385,"commentCount":0,"image":{"@id":"https:\/\/www.zerdab.com\/?p=27133#primaryimage"},"thumbnailUrl":"http:\/\/www.zerdab.com\/wp-content\/uploads\/2019\/05\/iftar-sufresi-zerdab1-550x366.jpg","articleSection":["C\u018fM\u0130YY\u018fT","MAN\u015eET"],"inLanguage":"az","potentialAction":[{"@type":"CommentAction","name":"Comment","target":["https:\/\/www.zerdab.com\/?p=27133#respond"]}]},{"@type":"WebPage","@id":"https:\/\/www.zerdab.com\/?p=27133","url":"https:\/\/www.zerdab.com\/?p=27133","name":"Heyd\u0259r \u018fliyev Fondu Z\u0259rdabda iftar s\u00fcfr\u0259si a\u00e7\u0131b - Z\u0259rdab.com","isPartOf":{"@id":"https:\/\/www.zerdab.com\/#website"},"primaryImageOfPage":{"@id":"https:\/\/www.zerdab.com\/?p=27133#primaryimage"},"image":{"@id":"https:\/\/www.zerdab.com\/?p=27133#primaryimage"},"thumbnailUrl":"http:\/\/www.zerdab.com\/wp-content\/uploads\/2019\/05\/iftar-sufresi-zerdab1-550x366.jpg","datePublished":"2019-05-30T06:48:42+00:00","dateModified":"2019-05-30T06:50:13+00:00","author":{"@id":"https:\/\/www.zerdab.com\/#\/schema\/person\/97079b7570c1e89ec0d9e138c3672136"},"breadcrumb":{"@id":"https:\/\/www.zerdab.com\/?p=27133#breadcrumb"},"inLanguage":"az","potentialAction":[{"@type":"ReadAction","target":["https:\/\/www.zerdab.com\/?p=27133"]}]},{"@type":"ImageObject","inLanguage":"az","@id":"https:\/\/www.zerdab.com\/?p=27133#primaryimage","url":"","contentUrl":""},{"@type":"BreadcrumbList","@id":"https:\/\/www.zerdab.com\/?p=27133#breadcrumb","itemListElement":[{"@type":"ListItem","position":1,"name":"Home","item":"https:\/\/www.zerdab.com\/"},{"@type":"ListItem","position":2,"name":"Heyd\u0259r \u018fliyev Fondu Z\u0259rdabda iftar s\u00fcfr\u0259si a\u00e7\u0131b"}]},{"@type":"WebSite","@id":"https:\/\/www.zerdab.com\/#website","url":"https:\/\/www.zerdab.com\/","name":"Z\u0259rdab.com","description":"","potentialAction":[{"@type":"SearchAction","target":{"@type":"EntryPoint","urlTemplate":"https:\/\/www.zerdab.com\/?s={search_term_string}"},"query-input":{"@type":"PropertyValueSpecification","valueRequired":true,"valueName":"search_term_string"}}],"inLanguage":"az"},{"@type":"Person","@id":"https:\/\/www.zerdab.com\/#\/schema\/person\/97079b7570c1e89ec0d9e138c3672136","name":"admin","image":{"@type":"ImageObject","inLanguage":"az","@id":"https:\/\/www.zerdab.com\/#\/schema\/person\/image\/","url":"https:\/\/secure.gravatar.com\/avatar\/d9c52a9a27c32119cb6679a077fa3e2779e5f822c451cbf01098004361d466ec?s=96&d=mm&r=g","contentUrl":"https:\/\/secure.gravatar.com\/avatar\/d9c52a9a27c32119cb6679a077fa3e2779e5f822c451cbf01098004361d466ec?s=96&d=mm&r=g","caption":"admin"},"url":"https:\/\/www.zerdab.com\/?author=1"}]}},"_links":{"self":[{"href":"https:\/\/www.zerdab.com\/index.php?rest_route=\/wp\/v2\/posts\/27133","targetHints":{"allow":["GET"]}}],"collection":[{"href":"https:\/\/www.zerdab.com\/index.php?rest_route=\/wp\/v2\/posts"}],"about":[{"href":"https:\/\/www.zerdab.com\/index.php?rest_route=\/wp\/v2\/types\/post"}],"author":[{"embeddable":true,"href":"https:\/\/www.zerdab.com\/index.php?rest_route=\/wp\/v2\/users\/1"}],"replies":[{"embeddable":true,"href":"https:\/\/www.zerdab.com\/index.php?rest_route=%2Fwp%2Fv2%2Fcomments&post=27133"}],"version-history":[{"count":3,"href":"https:\/\/www.zerdab.com\/index.php?rest_route=\/wp\/v2\/posts\/27133\/revisions"}],"predecessor-version":[{"id":27139,"href":"https:\/\/www.zerdab.com\/index.php?rest_route=\/wp\/v2\/posts\/27133\/revisions\/27139"}],"wp:attachment":[{"href":"https:\/\/www.zerdab.com\/index.php?rest_route=%2Fwp%2Fv2%2Fmedia&parent=27133"}],"wp:term":[{"taxonomy":"category","embeddable":true,"href":"https:\/\/www.zerdab.com\/index.php?rest_route=%2Fwp%2Fv2%2Fcategories&post=27133"},{"taxonomy":"post_tag","embeddable":true,"href":"https:\/\/www.zerdab.com\/index.php?rest_route=%2Fwp%2Fv2%2Ftags&post=27133"}],"curies":[{"name":"wp","href":"https:\/\/api.w.org\/{rel}","templated":true}]}}