{"id":27256,"date":"2019-06-14T17:57:40","date_gmt":"2019-06-14T13:57:40","guid":{"rendered":"http:\/\/www.zerdab.com\/?p=27256"},"modified":"2019-06-14T17:58:26","modified_gmt":"2019-06-14T13:58:26","slug":"z%c9%99rdabda-milli-qurtulus-gunu-qeyd-edildi-fotolar-2","status":"publish","type":"post","link":"https:\/\/www.zerdab.com\/?p=27256","title":{"rendered":"Z\u0259rdabda Milli Qurtulu\u015f G\u00fcn\u00fc qeyd edildi &#8211; Fotolar"},"content":{"rendered":"\n<p>15 iyun Milli Qurtulu\u015f g\u00fcn\u00fc m\u00fcnasib\u0259til\u0259 Z\u0259rdabda \u00fcmumrayon m\u0259rasimi ke\u00e7irilib. <\/p>\n\n\n\n<p>Z\u0259rdab Rayon \u0130cra Hakimiyy\u0259tind\u0259n <strong>Zerdab.com<\/strong> sayt\u0131na veril\u0259n m\u0259lumata g\u00f6r\u0259, t\u0259dbir i\u015ftirak\u00e7\u0131lar\u0131 \u0259vv\u0259lc\u0259 ulu \u00f6nd\u0259r Heyd\u0259r \u018fliyevin abid\u0259si \u00f6n\u00fcn\u0259 g\u00fcl d\u0259st\u0259l\u0259ri qoyublar.<br>T\u0259dbiri giri\u015f s\u00f6z\u00fc il\u0259 a\u00e7an Z\u0259rdab Rayon \u0130cra Hakimiyy\u0259tinin ba\u015f\u00e7\u0131s\u0131 L\u00fctv\u0259li Babayev vur\u011fulay\u0131b ki, Milli Qurtulu\u015f G\u00fcn\u00fcn\u00fcn 26-c\u0131 ild\u00f6n\u00fcm\u00fcn\u00fc qeyd ed\u0259n \u00f6lk\u0259miz \u00fcmummilli lider Heyd\u0259r \u018fliyev q\u00fcdr\u0259tind\u0259n g\u00fcc alaraq b\u00fct\u00fcn \u00e7\u0259tinlikl\u0259ri v\u0259 probleml\u0259ri d\u0259f etmi\u015f, demokratik, h\u00fcquqi v\u0259 d\u00fcny\u0259vi d\u00f6vl\u0259t qurmu\u015f, azad, m\u00fcst\u0259qil ya\u015famaq iqtidar\u0131nda oldu\u011funu b\u00fct\u00fcn d\u00fcnyaya s\u00fcbut edib. <\/p>\n\n\n\n<figure class=\"wp-block-image\"><img decoding=\"async\" src=\"http:\/\/www.zerdab.com\/wp-content\/uploads\/2019\/06\/zerdab-rayonu-milli-qurtulus1-550x367.jpg\" alt=\"\" class=\"wp-image-27258\"\/><\/figure>\n\n\n\n<p>L. Babayev qeyd edib ki, \u00dcmummilli liderimiz Heyd\u0259r \u018fliyevin xalq\u0131n t\u0259kidli t\u0259l\u0259bi v\u0259 xahi\u015fi il\u0259 1993-c\u00fc il iyunun 15-d\u0259 respublikan\u0131n siyasi hakimiyy\u0259tin\u0259 r\u0259hb\u0259rliy\u0259 yenid\u0259n qay\u0131tmas\u0131 xalq\u0131m\u0131z\u0131n \u00e7ox\u0259srlik tarixin\u0259 d\u00f6vl\u0259t\u00e7iliyimizin Qurtulu\u015f Tarixi kimi daxil olub.<\/p>\n\n\n\n<figure class=\"wp-block-image\"><img decoding=\"async\" src=\"http:\/\/www.zerdab.com\/wp-content\/uploads\/2019\/06\/zerdab-rayonu-milli-qurtulus2-550x367.jpg\" alt=\"\" class=\"wp-image-27259\"\/><\/figure>\n\n\n\n<p><br>\u00dcmummilli lider Heyd\u0259r \u018fliyevin m\u00fc\u0259yy\u0259n etdiyi strateji x\u0259tt bu g\u00fcn onun siyasi kursunun davam\u00e7\u0131s\u0131 m\u00f6ht\u0259r\u0259m Prezidentimiz \u0130lham \u018fliyev t\u0259r\u0259find\u0259n u\u011furla davam etdirilir. \u00d6lk\u0259mizin sosial-iqtisadi, siyasi, m\u0259d\u0259ni h\u0259yat\u0131nda m\u00fch\u00fcm v\u0259 g\u0259l\u0259c\u0259y\u0259 y\u00f6n\u0259lmi\u015f u\u011furlu add\u0131mlar at\u0131l\u0131r. Az\u0259rbaycan y\u00fcks\u0259k s\u00fcr\u0259tl\u0259 inki\u015faf edir. Bir s\u00f6zl\u0259, \u00fcmummilli lider Heyd\u0259r \u018fliyevin siyas\u0259ti ya\u015fay\u0131r v\u0259 u\u011furla h\u0259yata ke\u00e7irilir.<br><\/p>\n","protected":false},"excerpt":{"rendered":"<p>15 iyun Milli Qurtulu\u015f g\u00fcn\u00fc m\u00fcnasib\u0259til\u0259 Z\u0259rdabda \u00fcmumrayon m\u0259rasimi ke\u00e7irilib. Z\u0259rdab Rayon \u0130cra Hakimiyy\u0259tind\u0259n Zerdab.com sayt\u0131na veril\u0259n m\u0259lumata g\u00f6r\u0259, t\u0259dbir i\u015ftirak\u00e7\u0131lar\u0131 \u0259vv\u0259lc\u0259 ulu \u00f6nd\u0259r Heyd\u0259r \u018fliyevin abid\u0259si \u00f6n\u00fcn\u0259 g\u00fcl d\u0259st\u0259l\u0259ri qoyublar.T\u0259dbiri giri\u015f s\u00f6z\u00fc il\u0259 a\u00e7an Z\u0259rdab Rayon \u0130cra Hakimiyy\u0259tinin ba\u015f\u00e7\u0131s\u0131 L\u00fctv\u0259li Babayev vur\u011fulay\u0131b ki, Milli Qurtulu\u015f G\u00fcn\u00fcn\u00fcn 26-c\u0131 ild\u00f6n\u00fcm\u00fcn\u00fc qeyd ed\u0259n \u00f6lk\u0259miz \u00fcmummilli lider Heyd\u0259r [&hellip;]<\/p>\n","protected":false},"author":1,"featured_media":0,"comment_status":"open","ping_status":"open","sticky":false,"template":"","format":"standard","meta":{"footnotes":""},"categories":[21,63],"tags":[],"class_list":{"0":"post-27256","1":"post","2":"type-post","3":"status-publish","4":"format-standard","6":"category-zrdab","7":"category-manset"},"yoast_head":"<!-- This site is optimized with the Yoast SEO plugin v27.0 - https:\/\/yoast.com\/product\/yoast-seo-wordpress\/ -->\n<title>Z\u0259rdabda Milli Qurtulu\u015f G\u00fcn\u00fc qeyd edildi - Fotolar - Z\u0259rdab.com<\/title>\n<meta name=\"robots\" content=\"index, follow, max-snippet:-1, max-image-preview:large, max-video-preview:-1\" \/>\n<link rel=\"canonical\" href=\"https:\/\/www.zerdab.com\/?p=27256\" \/>\n<meta property=\"og:locale\" content=\"az_AZ\" \/>\n<meta property=\"og:type\" content=\"article\" \/>\n<meta property=\"og:title\" content=\"Z\u0259rdabda Milli Qurtulu\u015f G\u00fcn\u00fc qeyd edildi - Fotolar - Z\u0259rdab.com\" \/>\n<meta property=\"og:description\" content=\"15 iyun Milli Qurtulu\u015f g\u00fcn\u00fc m\u00fcnasib\u0259til\u0259 Z\u0259rdabda \u00fcmumrayon m\u0259rasimi ke\u00e7irilib. Z\u0259rdab Rayon \u0130cra Hakimiyy\u0259tind\u0259n Zerdab.com sayt\u0131na veril\u0259n m\u0259lumata g\u00f6r\u0259, t\u0259dbir i\u015ftirak\u00e7\u0131lar\u0131 \u0259vv\u0259lc\u0259 ulu \u00f6nd\u0259r Heyd\u0259r \u018fliyevin abid\u0259si \u00f6n\u00fcn\u0259 g\u00fcl d\u0259st\u0259l\u0259ri qoyublar.T\u0259dbiri giri\u015f s\u00f6z\u00fc il\u0259 a\u00e7an Z\u0259rdab Rayon \u0130cra Hakimiyy\u0259tinin ba\u015f\u00e7\u0131s\u0131 L\u00fctv\u0259li Babayev vur\u011fulay\u0131b ki, Milli Qurtulu\u015f G\u00fcn\u00fcn\u00fcn 26-c\u0131 ild\u00f6n\u00fcm\u00fcn\u00fc qeyd ed\u0259n \u00f6lk\u0259miz \u00fcmummilli lider Heyd\u0259r [&hellip;]\" \/>\n<meta property=\"og:url\" content=\"https:\/\/www.zerdab.com\/?p=27256\" \/>\n<meta property=\"og:site_name\" content=\"Z\u0259rdab.com\" \/>\n<meta property=\"article:published_time\" content=\"2019-06-14T13:57:40+00:00\" \/>\n<meta property=\"article:modified_time\" content=\"2019-06-14T13:58:26+00:00\" \/>\n<meta property=\"og:image\" content=\"http:\/\/www.zerdab.com\/wp-content\/uploads\/2019\/06\/zerdab-rayonu-milli-qurtulus1-550x367.jpg\" \/>\n<meta name=\"author\" content=\"admin\" \/>\n<meta name=\"twitter:card\" content=\"summary_large_image\" \/>\n<meta name=\"twitter:label1\" content=\"Written by\" \/>\n\t<meta name=\"twitter:data1\" content=\"admin\" \/>\n\t<meta name=\"twitter:label2\" content=\"Est. reading time\" \/>\n\t<meta name=\"twitter:data2\" content=\"1 minute\" \/>\n<script type=\"application\/ld+json\" class=\"yoast-schema-graph\">{\"@context\":\"https:\/\/schema.org\",\"@graph\":[{\"@type\":\"Article\",\"@id\":\"https:\/\/www.zerdab.com\/?p=27256#article\",\"isPartOf\":{\"@id\":\"https:\/\/www.zerdab.com\/?p=27256\"},\"author\":{\"name\":\"admin\",\"@id\":\"https:\/\/www.zerdab.com\/#\/schema\/person\/97079b7570c1e89ec0d9e138c3672136\"},\"headline\":\"Z\u0259rdabda Milli Qurtulu\u015f G\u00fcn\u00fc qeyd edildi &#8211; Fotolar\",\"datePublished\":\"2019-06-14T13:57:40+00:00\",\"dateModified\":\"2019-06-14T13:58:26+00:00\",\"mainEntityOfPage\":{\"@id\":\"https:\/\/www.zerdab.com\/?p=27256\"},\"wordCount\":305,\"commentCount\":0,\"image\":{\"@id\":\"https:\/\/www.zerdab.com\/?p=27256#primaryimage\"},\"thumbnailUrl\":\"http:\/\/www.zerdab.com\/wp-content\/uploads\/2019\/06\/zerdab-rayonu-milli-qurtulus1-550x367.jpg\",\"articleSection\":[\"C\u018fM\u0130YY\u018fT\",\"MAN\u015eET\"],\"inLanguage\":\"az\",\"potentialAction\":[{\"@type\":\"CommentAction\",\"name\":\"Comment\",\"target\":[\"https:\/\/www.zerdab.com\/?p=27256#respond\"]}]},{\"@type\":\"WebPage\",\"@id\":\"https:\/\/www.zerdab.com\/?p=27256\",\"url\":\"https:\/\/www.zerdab.com\/?p=27256\",\"name\":\"Z\u0259rdabda Milli Qurtulu\u015f G\u00fcn\u00fc qeyd edildi - Fotolar - Z\u0259rdab.com\",\"isPartOf\":{\"@id\":\"https:\/\/www.zerdab.com\/#website\"},\"primaryImageOfPage\":{\"@id\":\"https:\/\/www.zerdab.com\/?p=27256#primaryimage\"},\"image\":{\"@id\":\"https:\/\/www.zerdab.com\/?p=27256#primaryimage\"},\"thumbnailUrl\":\"http:\/\/www.zerdab.com\/wp-content\/uploads\/2019\/06\/zerdab-rayonu-milli-qurtulus1-550x367.jpg\",\"datePublished\":\"2019-06-14T13:57:40+00:00\",\"dateModified\":\"2019-06-14T13:58:26+00:00\",\"author\":{\"@id\":\"https:\/\/www.zerdab.com\/#\/schema\/person\/97079b7570c1e89ec0d9e138c3672136\"},\"breadcrumb\":{\"@id\":\"https:\/\/www.zerdab.com\/?p=27256#breadcrumb\"},\"inLanguage\":\"az\",\"potentialAction\":[{\"@type\":\"ReadAction\",\"target\":[\"https:\/\/www.zerdab.com\/?p=27256\"]}]},{\"@type\":\"ImageObject\",\"inLanguage\":\"az\",\"@id\":\"https:\/\/www.zerdab.com\/?p=27256#primaryimage\",\"url\":\"\",\"contentUrl\":\"\"},{\"@type\":\"BreadcrumbList\",\"@id\":\"https:\/\/www.zerdab.com\/?p=27256#breadcrumb\",\"itemListElement\":[{\"@type\":\"ListItem\",\"position\":1,\"name\":\"Home\",\"item\":\"https:\/\/www.zerdab.com\/\"},{\"@type\":\"ListItem\",\"position\":2,\"name\":\"Z\u0259rdabda Milli Qurtulu\u015f G\u00fcn\u00fc qeyd edildi &#8211; Fotolar\"}]},{\"@type\":\"WebSite\",\"@id\":\"https:\/\/www.zerdab.com\/#website\",\"url\":\"https:\/\/www.zerdab.com\/\",\"name\":\"Z\u0259rdab.com\",\"description\":\"\",\"potentialAction\":[{\"@type\":\"SearchAction\",\"target\":{\"@type\":\"EntryPoint\",\"urlTemplate\":\"https:\/\/www.zerdab.com\/?s={search_term_string}\"},\"query-input\":{\"@type\":\"PropertyValueSpecification\",\"valueRequired\":true,\"valueName\":\"search_term_string\"}}],\"inLanguage\":\"az\"},{\"@type\":\"Person\",\"@id\":\"https:\/\/www.zerdab.com\/#\/schema\/person\/97079b7570c1e89ec0d9e138c3672136\",\"name\":\"admin\",\"image\":{\"@type\":\"ImageObject\",\"inLanguage\":\"az\",\"@id\":\"https:\/\/www.zerdab.com\/#\/schema\/person\/image\/\",\"url\":\"https:\/\/secure.gravatar.com\/avatar\/d9c52a9a27c32119cb6679a077fa3e2779e5f822c451cbf01098004361d466ec?s=96&d=mm&r=g\",\"contentUrl\":\"https:\/\/secure.gravatar.com\/avatar\/d9c52a9a27c32119cb6679a077fa3e2779e5f822c451cbf01098004361d466ec?s=96&d=mm&r=g\",\"caption\":\"admin\"},\"url\":\"https:\/\/www.zerdab.com\/?author=1\"}]}<\/script>\n<!-- \/ Yoast SEO plugin. -->","yoast_head_json":{"title":"Z\u0259rdabda Milli Qurtulu\u015f G\u00fcn\u00fc qeyd edildi - Fotolar - Z\u0259rdab.com","robots":{"index":"index","follow":"follow","max-snippet":"max-snippet:-1","max-image-preview":"max-image-preview:large","max-video-preview":"max-video-preview:-1"},"canonical":"https:\/\/www.zerdab.com\/?p=27256","og_locale":"az_AZ","og_type":"article","og_title":"Z\u0259rdabda Milli Qurtulu\u015f G\u00fcn\u00fc qeyd edildi - Fotolar - Z\u0259rdab.com","og_description":"15 iyun Milli Qurtulu\u015f g\u00fcn\u00fc m\u00fcnasib\u0259til\u0259 Z\u0259rdabda \u00fcmumrayon m\u0259rasimi ke\u00e7irilib. Z\u0259rdab Rayon \u0130cra Hakimiyy\u0259tind\u0259n Zerdab.com sayt\u0131na veril\u0259n m\u0259lumata g\u00f6r\u0259, t\u0259dbir i\u015ftirak\u00e7\u0131lar\u0131 \u0259vv\u0259lc\u0259 ulu \u00f6nd\u0259r Heyd\u0259r \u018fliyevin abid\u0259si \u00f6n\u00fcn\u0259 g\u00fcl d\u0259st\u0259l\u0259ri qoyublar.T\u0259dbiri giri\u015f s\u00f6z\u00fc il\u0259 a\u00e7an Z\u0259rdab Rayon \u0130cra Hakimiyy\u0259tinin ba\u015f\u00e7\u0131s\u0131 L\u00fctv\u0259li Babayev vur\u011fulay\u0131b ki, Milli Qurtulu\u015f G\u00fcn\u00fcn\u00fcn 26-c\u0131 ild\u00f6n\u00fcm\u00fcn\u00fc qeyd ed\u0259n \u00f6lk\u0259miz \u00fcmummilli lider Heyd\u0259r [&hellip;]","og_url":"https:\/\/www.zerdab.com\/?p=27256","og_site_name":"Z\u0259rdab.com","article_published_time":"2019-06-14T13:57:40+00:00","article_modified_time":"2019-06-14T13:58:26+00:00","og_image":[{"url":"http:\/\/www.zerdab.com\/wp-content\/uploads\/2019\/06\/zerdab-rayonu-milli-qurtulus1-550x367.jpg","type":"","width":"","height":""}],"author":"admin","twitter_card":"summary_large_image","twitter_misc":{"Written by":"admin","Est. reading time":"1 minute"},"schema":{"@context":"https:\/\/schema.org","@graph":[{"@type":"Article","@id":"https:\/\/www.zerdab.com\/?p=27256#article","isPartOf":{"@id":"https:\/\/www.zerdab.com\/?p=27256"},"author":{"name":"admin","@id":"https:\/\/www.zerdab.com\/#\/schema\/person\/97079b7570c1e89ec0d9e138c3672136"},"headline":"Z\u0259rdabda Milli Qurtulu\u015f G\u00fcn\u00fc qeyd edildi &#8211; Fotolar","datePublished":"2019-06-14T13:57:40+00:00","dateModified":"2019-06-14T13:58:26+00:00","mainEntityOfPage":{"@id":"https:\/\/www.zerdab.com\/?p=27256"},"wordCount":305,"commentCount":0,"image":{"@id":"https:\/\/www.zerdab.com\/?p=27256#primaryimage"},"thumbnailUrl":"http:\/\/www.zerdab.com\/wp-content\/uploads\/2019\/06\/zerdab-rayonu-milli-qurtulus1-550x367.jpg","articleSection":["C\u018fM\u0130YY\u018fT","MAN\u015eET"],"inLanguage":"az","potentialAction":[{"@type":"CommentAction","name":"Comment","target":["https:\/\/www.zerdab.com\/?p=27256#respond"]}]},{"@type":"WebPage","@id":"https:\/\/www.zerdab.com\/?p=27256","url":"https:\/\/www.zerdab.com\/?p=27256","name":"Z\u0259rdabda Milli Qurtulu\u015f G\u00fcn\u00fc qeyd edildi - Fotolar - Z\u0259rdab.com","isPartOf":{"@id":"https:\/\/www.zerdab.com\/#website"},"primaryImageOfPage":{"@id":"https:\/\/www.zerdab.com\/?p=27256#primaryimage"},"image":{"@id":"https:\/\/www.zerdab.com\/?p=27256#primaryimage"},"thumbnailUrl":"http:\/\/www.zerdab.com\/wp-content\/uploads\/2019\/06\/zerdab-rayonu-milli-qurtulus1-550x367.jpg","datePublished":"2019-06-14T13:57:40+00:00","dateModified":"2019-06-14T13:58:26+00:00","author":{"@id":"https:\/\/www.zerdab.com\/#\/schema\/person\/97079b7570c1e89ec0d9e138c3672136"},"breadcrumb":{"@id":"https:\/\/www.zerdab.com\/?p=27256#breadcrumb"},"inLanguage":"az","potentialAction":[{"@type":"ReadAction","target":["https:\/\/www.zerdab.com\/?p=27256"]}]},{"@type":"ImageObject","inLanguage":"az","@id":"https:\/\/www.zerdab.com\/?p=27256#primaryimage","url":"","contentUrl":""},{"@type":"BreadcrumbList","@id":"https:\/\/www.zerdab.com\/?p=27256#breadcrumb","itemListElement":[{"@type":"ListItem","position":1,"name":"Home","item":"https:\/\/www.zerdab.com\/"},{"@type":"ListItem","position":2,"name":"Z\u0259rdabda Milli Qurtulu\u015f G\u00fcn\u00fc qeyd edildi &#8211; Fotolar"}]},{"@type":"WebSite","@id":"https:\/\/www.zerdab.com\/#website","url":"https:\/\/www.zerdab.com\/","name":"Z\u0259rdab.com","description":"","potentialAction":[{"@type":"SearchAction","target":{"@type":"EntryPoint","urlTemplate":"https:\/\/www.zerdab.com\/?s={search_term_string}"},"query-input":{"@type":"PropertyValueSpecification","valueRequired":true,"valueName":"search_term_string"}}],"inLanguage":"az"},{"@type":"Person","@id":"https:\/\/www.zerdab.com\/#\/schema\/person\/97079b7570c1e89ec0d9e138c3672136","name":"admin","image":{"@type":"ImageObject","inLanguage":"az","@id":"https:\/\/www.zerdab.com\/#\/schema\/person\/image\/","url":"https:\/\/secure.gravatar.com\/avatar\/d9c52a9a27c32119cb6679a077fa3e2779e5f822c451cbf01098004361d466ec?s=96&d=mm&r=g","contentUrl":"https:\/\/secure.gravatar.com\/avatar\/d9c52a9a27c32119cb6679a077fa3e2779e5f822c451cbf01098004361d466ec?s=96&d=mm&r=g","caption":"admin"},"url":"https:\/\/www.zerdab.com\/?author=1"}]}},"_links":{"self":[{"href":"https:\/\/www.zerdab.com\/index.php?rest_route=\/wp\/v2\/posts\/27256","targetHints":{"allow":["GET"]}}],"collection":[{"href":"https:\/\/www.zerdab.com\/index.php?rest_route=\/wp\/v2\/posts"}],"about":[{"href":"https:\/\/www.zerdab.com\/index.php?rest_route=\/wp\/v2\/types\/post"}],"author":[{"embeddable":true,"href":"https:\/\/www.zerdab.com\/index.php?rest_route=\/wp\/v2\/users\/1"}],"replies":[{"embeddable":true,"href":"https:\/\/www.zerdab.com\/index.php?rest_route=%2Fwp%2Fv2%2Fcomments&post=27256"}],"version-history":[{"count":1,"href":"https:\/\/www.zerdab.com\/index.php?rest_route=\/wp\/v2\/posts\/27256\/revisions"}],"predecessor-version":[{"id":27260,"href":"https:\/\/www.zerdab.com\/index.php?rest_route=\/wp\/v2\/posts\/27256\/revisions\/27260"}],"wp:attachment":[{"href":"https:\/\/www.zerdab.com\/index.php?rest_route=%2Fwp%2Fv2%2Fmedia&parent=27256"}],"wp:term":[{"taxonomy":"category","embeddable":true,"href":"https:\/\/www.zerdab.com\/index.php?rest_route=%2Fwp%2Fv2%2Fcategories&post=27256"},{"taxonomy":"post_tag","embeddable":true,"href":"https:\/\/www.zerdab.com\/index.php?rest_route=%2Fwp%2Fv2%2Ftags&post=27256"}],"curies":[{"name":"wp","href":"https:\/\/api.w.org\/{rel}","templated":true}]}}