{"id":27261,"date":"2019-06-17T15:47:18","date_gmt":"2019-06-17T11:47:18","guid":{"rendered":"http:\/\/www.zerdab.com\/?p=27261"},"modified":"2019-06-17T15:48:19","modified_gmt":"2019-06-17T11:48:19","slug":"z%c9%99rdabda-m%c9%99zunlarla-keciril%c9%99n-gorusd%c9%99n-fotolar","status":"publish","type":"post","link":"https:\/\/www.zerdab.com\/?p=27261","title":{"rendered":"Z\u0259rdabda m\u0259zunlarla ke\u00e7iril\u0259n g\u00f6r\u00fc\u015fd\u0259n FOTOLAR"},"content":{"rendered":"\n<p>Z\u0259rdab rayon Heyd\u0259r \u018fliyev park\u0131nda rayonun \u00fcmumt\u0259hsil m\u0259kt\u0259bl\u0259rinin m\u0259zunlar\u0131 il\u0259 g\u00f6r\u00fc\u015f ke\u00e7irilib.\u00a0<\/p>\n\n\n\n<figure class=\"wp-block-image\"><img decoding=\"async\" src=\"http:\/\/www.zerdab.com\/wp-content\/uploads\/2019\/06\/zerdab-rayonu-lale-emireliyeva1-550x367.jpg\" alt=\"\" class=\"wp-image-27264\"\/><\/figure>\n\n\n\n<p>Rayon \u0130cra Hakimiyy\u0259tind\u0259n <strong>Zerdab.com<\/strong> sayt\u0131na veril\u0259n m\u0259lumata g\u00f6r\u0259,  t\u0259dbird\u0259 Rayon \u0130cra Hakimiyy\u0259tinin Ba\u015f\u00e7\u0131s\u0131n\u0131n birinci m\u00fcavini R\u0259hman Feyzullayev \u00e7\u0131x\u0131\u015f ed\u0259r\u0259k m\u0259zunlar\u0131 t\u0259brik edib.<\/p>\n\n\n\n<figure class=\"wp-block-image\"><img decoding=\"async\" src=\"http:\/\/www.zerdab.com\/wp-content\/uploads\/2019\/06\/zerdab-rayonu-lale-emireliyeva2-550x367.jpg\" alt=\"\" class=\"wp-image-27265\"\/><\/figure>\n\n\n\n<p>Z\u0259rdab Rayon T\u0259hsil \u015e\u00f6b\u0259sinin m\u00fcdiri Lal\u0259 \u018fmir\u0259liyeva da \u00e7\u0131x\u0131\u015f\u0131nda g\u0259ncl\u0259r\u0259 g\u0259l\u0259c\u0259k h\u0259yatlar\u0131nda u\u011furlar arzulay\u0131b.<\/p>\n\n\n\n<figure class=\"wp-block-image\"><img decoding=\"async\" src=\"http:\/\/www.zerdab.com\/wp-content\/uploads\/2019\/06\/zerdab-rayonu-lale-emireliyeva3-550x367.jpg\" alt=\"\" class=\"wp-image-27266\"\/><\/figure>\n\n\n\n<p>Daha sonra \u00dcmummilli lider Heyd\u0259r \u018fliyevin anadan olmas\u0131n\u0131n 96-c\u0131 ild\u00f6n\u00fcm\u00fc m\u00fcnasib\u0259til\u0259 \u201c\u0130stedadlar sora\u011f\u0131nda-2019\u201d devizi alt\u0131nda ke\u00e7iril\u0259n rayonun b\u0259dii \u00f6zf\u0259aliyy\u0259t kollektivl\u0259rin\u0259 bax\u0131\u015f m\u00fcsabiq\u0259si qalibl\u0259rin\u0259 h\u0259diyy\u0259l\u0259r t\u0259qdim edilib v\u0259 onlar\u0131n i\u015ftirak\u0131 il\u0259 yekun konserti t\u0259\u015fkil olunub.<\/p>\n","protected":false},"excerpt":{"rendered":"<p>Z\u0259rdab rayon Heyd\u0259r \u018fliyev park\u0131nda rayonun \u00fcmumt\u0259hsil m\u0259kt\u0259bl\u0259rinin m\u0259zunlar\u0131 il\u0259 g\u00f6r\u00fc\u015f ke\u00e7irilib.\u00a0 Rayon \u0130cra Hakimiyy\u0259tind\u0259n Zerdab.com sayt\u0131na veril\u0259n m\u0259lumata g\u00f6r\u0259, t\u0259dbird\u0259 Rayon \u0130cra Hakimiyy\u0259tinin Ba\u015f\u00e7\u0131s\u0131n\u0131n birinci m\u00fcavini R\u0259hman Feyzullayev \u00e7\u0131x\u0131\u015f ed\u0259r\u0259k m\u0259zunlar\u0131 t\u0259brik edib. Z\u0259rdab Rayon T\u0259hsil \u015e\u00f6b\u0259sinin m\u00fcdiri Lal\u0259 \u018fmir\u0259liyeva da \u00e7\u0131x\u0131\u015f\u0131nda g\u0259ncl\u0259r\u0259 g\u0259l\u0259c\u0259k h\u0259yatlar\u0131nda u\u011furlar arzulay\u0131b. Daha sonra \u00dcmummilli lider Heyd\u0259r \u018fliyevin anadan [&hellip;]<\/p>\n","protected":false},"author":1,"featured_media":0,"comment_status":"open","ping_status":"open","sticky":false,"template":"","format":"standard","meta":{"footnotes":""},"categories":[21,63],"tags":[],"class_list":{"0":"post-27261","1":"post","2":"type-post","3":"status-publish","4":"format-standard","6":"category-zrdab","7":"category-manset"},"yoast_head":"<!-- This site is optimized with the Yoast SEO plugin v27.0 - https:\/\/yoast.com\/product\/yoast-seo-wordpress\/ -->\n<title>Z\u0259rdabda m\u0259zunlarla ke\u00e7iril\u0259n g\u00f6r\u00fc\u015fd\u0259n FOTOLAR - Z\u0259rdab.com<\/title>\n<meta name=\"robots\" content=\"index, follow, max-snippet:-1, max-image-preview:large, max-video-preview:-1\" \/>\n<link rel=\"canonical\" href=\"https:\/\/www.zerdab.com\/?p=27261\" \/>\n<meta property=\"og:locale\" content=\"az_AZ\" \/>\n<meta property=\"og:type\" content=\"article\" \/>\n<meta property=\"og:title\" content=\"Z\u0259rdabda m\u0259zunlarla ke\u00e7iril\u0259n g\u00f6r\u00fc\u015fd\u0259n FOTOLAR - Z\u0259rdab.com\" \/>\n<meta property=\"og:description\" content=\"Z\u0259rdab rayon Heyd\u0259r \u018fliyev park\u0131nda rayonun \u00fcmumt\u0259hsil m\u0259kt\u0259bl\u0259rinin m\u0259zunlar\u0131 il\u0259 g\u00f6r\u00fc\u015f ke\u00e7irilib.\u00a0 Rayon \u0130cra Hakimiyy\u0259tind\u0259n Zerdab.com sayt\u0131na veril\u0259n m\u0259lumata g\u00f6r\u0259, t\u0259dbird\u0259 Rayon \u0130cra Hakimiyy\u0259tinin Ba\u015f\u00e7\u0131s\u0131n\u0131n birinci m\u00fcavini R\u0259hman Feyzullayev \u00e7\u0131x\u0131\u015f ed\u0259r\u0259k m\u0259zunlar\u0131 t\u0259brik edib. Z\u0259rdab Rayon T\u0259hsil \u015e\u00f6b\u0259sinin m\u00fcdiri Lal\u0259 \u018fmir\u0259liyeva da \u00e7\u0131x\u0131\u015f\u0131nda g\u0259ncl\u0259r\u0259 g\u0259l\u0259c\u0259k h\u0259yatlar\u0131nda u\u011furlar arzulay\u0131b. Daha sonra \u00dcmummilli lider Heyd\u0259r \u018fliyevin anadan [&hellip;]\" \/>\n<meta property=\"og:url\" content=\"https:\/\/www.zerdab.com\/?p=27261\" \/>\n<meta property=\"og:site_name\" content=\"Z\u0259rdab.com\" \/>\n<meta property=\"article:published_time\" content=\"2019-06-17T11:47:18+00:00\" \/>\n<meta property=\"article:modified_time\" content=\"2019-06-17T11:48:19+00:00\" \/>\n<meta property=\"og:image\" content=\"http:\/\/www.zerdab.com\/wp-content\/uploads\/2019\/06\/zerdab-rayonu-lale-emireliyeva1-550x367.jpg\" \/>\n<meta name=\"author\" content=\"admin\" \/>\n<meta name=\"twitter:card\" content=\"summary_large_image\" \/>\n<meta name=\"twitter:label1\" content=\"Written by\" \/>\n\t<meta name=\"twitter:data1\" content=\"admin\" \/>\n\t<meta name=\"twitter:label2\" content=\"Est. reading time\" \/>\n\t<meta name=\"twitter:data2\" content=\"1 minute\" \/>\n<script type=\"application\/ld+json\" class=\"yoast-schema-graph\">{\"@context\":\"https:\/\/schema.org\",\"@graph\":[{\"@type\":\"Article\",\"@id\":\"https:\/\/www.zerdab.com\/?p=27261#article\",\"isPartOf\":{\"@id\":\"https:\/\/www.zerdab.com\/?p=27261\"},\"author\":{\"name\":\"admin\",\"@id\":\"https:\/\/www.zerdab.com\/#\/schema\/person\/97079b7570c1e89ec0d9e138c3672136\"},\"headline\":\"Z\u0259rdabda m\u0259zunlarla ke\u00e7iril\u0259n g\u00f6r\u00fc\u015fd\u0259n FOTOLAR\",\"datePublished\":\"2019-06-17T11:47:18+00:00\",\"dateModified\":\"2019-06-17T11:48:19+00:00\",\"mainEntityOfPage\":{\"@id\":\"https:\/\/www.zerdab.com\/?p=27261\"},\"wordCount\":162,\"commentCount\":0,\"image\":{\"@id\":\"https:\/\/www.zerdab.com\/?p=27261#primaryimage\"},\"thumbnailUrl\":\"http:\/\/www.zerdab.com\/wp-content\/uploads\/2019\/06\/zerdab-rayonu-lale-emireliyeva1-550x367.jpg\",\"articleSection\":[\"C\u018fM\u0130YY\u018fT\",\"MAN\u015eET\"],\"inLanguage\":\"az\",\"potentialAction\":[{\"@type\":\"CommentAction\",\"name\":\"Comment\",\"target\":[\"https:\/\/www.zerdab.com\/?p=27261#respond\"]}]},{\"@type\":\"WebPage\",\"@id\":\"https:\/\/www.zerdab.com\/?p=27261\",\"url\":\"https:\/\/www.zerdab.com\/?p=27261\",\"name\":\"Z\u0259rdabda m\u0259zunlarla ke\u00e7iril\u0259n g\u00f6r\u00fc\u015fd\u0259n FOTOLAR - Z\u0259rdab.com\",\"isPartOf\":{\"@id\":\"https:\/\/www.zerdab.com\/#website\"},\"primaryImageOfPage\":{\"@id\":\"https:\/\/www.zerdab.com\/?p=27261#primaryimage\"},\"image\":{\"@id\":\"https:\/\/www.zerdab.com\/?p=27261#primaryimage\"},\"thumbnailUrl\":\"http:\/\/www.zerdab.com\/wp-content\/uploads\/2019\/06\/zerdab-rayonu-lale-emireliyeva1-550x367.jpg\",\"datePublished\":\"2019-06-17T11:47:18+00:00\",\"dateModified\":\"2019-06-17T11:48:19+00:00\",\"author\":{\"@id\":\"https:\/\/www.zerdab.com\/#\/schema\/person\/97079b7570c1e89ec0d9e138c3672136\"},\"breadcrumb\":{\"@id\":\"https:\/\/www.zerdab.com\/?p=27261#breadcrumb\"},\"inLanguage\":\"az\",\"potentialAction\":[{\"@type\":\"ReadAction\",\"target\":[\"https:\/\/www.zerdab.com\/?p=27261\"]}]},{\"@type\":\"ImageObject\",\"inLanguage\":\"az\",\"@id\":\"https:\/\/www.zerdab.com\/?p=27261#primaryimage\",\"url\":\"\",\"contentUrl\":\"\"},{\"@type\":\"BreadcrumbList\",\"@id\":\"https:\/\/www.zerdab.com\/?p=27261#breadcrumb\",\"itemListElement\":[{\"@type\":\"ListItem\",\"position\":1,\"name\":\"Home\",\"item\":\"https:\/\/www.zerdab.com\/\"},{\"@type\":\"ListItem\",\"position\":2,\"name\":\"Z\u0259rdabda m\u0259zunlarla ke\u00e7iril\u0259n g\u00f6r\u00fc\u015fd\u0259n FOTOLAR\"}]},{\"@type\":\"WebSite\",\"@id\":\"https:\/\/www.zerdab.com\/#website\",\"url\":\"https:\/\/www.zerdab.com\/\",\"name\":\"Z\u0259rdab.com\",\"description\":\"\",\"potentialAction\":[{\"@type\":\"SearchAction\",\"target\":{\"@type\":\"EntryPoint\",\"urlTemplate\":\"https:\/\/www.zerdab.com\/?s={search_term_string}\"},\"query-input\":{\"@type\":\"PropertyValueSpecification\",\"valueRequired\":true,\"valueName\":\"search_term_string\"}}],\"inLanguage\":\"az\"},{\"@type\":\"Person\",\"@id\":\"https:\/\/www.zerdab.com\/#\/schema\/person\/97079b7570c1e89ec0d9e138c3672136\",\"name\":\"admin\",\"image\":{\"@type\":\"ImageObject\",\"inLanguage\":\"az\",\"@id\":\"https:\/\/www.zerdab.com\/#\/schema\/person\/image\/\",\"url\":\"https:\/\/secure.gravatar.com\/avatar\/d9c52a9a27c32119cb6679a077fa3e2779e5f822c451cbf01098004361d466ec?s=96&d=mm&r=g\",\"contentUrl\":\"https:\/\/secure.gravatar.com\/avatar\/d9c52a9a27c32119cb6679a077fa3e2779e5f822c451cbf01098004361d466ec?s=96&d=mm&r=g\",\"caption\":\"admin\"},\"url\":\"https:\/\/www.zerdab.com\/?author=1\"}]}<\/script>\n<!-- \/ Yoast SEO plugin. -->","yoast_head_json":{"title":"Z\u0259rdabda m\u0259zunlarla ke\u00e7iril\u0259n g\u00f6r\u00fc\u015fd\u0259n FOTOLAR - Z\u0259rdab.com","robots":{"index":"index","follow":"follow","max-snippet":"max-snippet:-1","max-image-preview":"max-image-preview:large","max-video-preview":"max-video-preview:-1"},"canonical":"https:\/\/www.zerdab.com\/?p=27261","og_locale":"az_AZ","og_type":"article","og_title":"Z\u0259rdabda m\u0259zunlarla ke\u00e7iril\u0259n g\u00f6r\u00fc\u015fd\u0259n FOTOLAR - Z\u0259rdab.com","og_description":"Z\u0259rdab rayon Heyd\u0259r \u018fliyev park\u0131nda rayonun \u00fcmumt\u0259hsil m\u0259kt\u0259bl\u0259rinin m\u0259zunlar\u0131 il\u0259 g\u00f6r\u00fc\u015f ke\u00e7irilib.\u00a0 Rayon \u0130cra Hakimiyy\u0259tind\u0259n Zerdab.com sayt\u0131na veril\u0259n m\u0259lumata g\u00f6r\u0259, t\u0259dbird\u0259 Rayon \u0130cra Hakimiyy\u0259tinin Ba\u015f\u00e7\u0131s\u0131n\u0131n birinci m\u00fcavini R\u0259hman Feyzullayev \u00e7\u0131x\u0131\u015f ed\u0259r\u0259k m\u0259zunlar\u0131 t\u0259brik edib. Z\u0259rdab Rayon T\u0259hsil \u015e\u00f6b\u0259sinin m\u00fcdiri Lal\u0259 \u018fmir\u0259liyeva da \u00e7\u0131x\u0131\u015f\u0131nda g\u0259ncl\u0259r\u0259 g\u0259l\u0259c\u0259k h\u0259yatlar\u0131nda u\u011furlar arzulay\u0131b. Daha sonra \u00dcmummilli lider Heyd\u0259r \u018fliyevin anadan [&hellip;]","og_url":"https:\/\/www.zerdab.com\/?p=27261","og_site_name":"Z\u0259rdab.com","article_published_time":"2019-06-17T11:47:18+00:00","article_modified_time":"2019-06-17T11:48:19+00:00","og_image":[{"url":"http:\/\/www.zerdab.com\/wp-content\/uploads\/2019\/06\/zerdab-rayonu-lale-emireliyeva1-550x367.jpg","type":"","width":"","height":""}],"author":"admin","twitter_card":"summary_large_image","twitter_misc":{"Written by":"admin","Est. reading time":"1 minute"},"schema":{"@context":"https:\/\/schema.org","@graph":[{"@type":"Article","@id":"https:\/\/www.zerdab.com\/?p=27261#article","isPartOf":{"@id":"https:\/\/www.zerdab.com\/?p=27261"},"author":{"name":"admin","@id":"https:\/\/www.zerdab.com\/#\/schema\/person\/97079b7570c1e89ec0d9e138c3672136"},"headline":"Z\u0259rdabda m\u0259zunlarla ke\u00e7iril\u0259n g\u00f6r\u00fc\u015fd\u0259n FOTOLAR","datePublished":"2019-06-17T11:47:18+00:00","dateModified":"2019-06-17T11:48:19+00:00","mainEntityOfPage":{"@id":"https:\/\/www.zerdab.com\/?p=27261"},"wordCount":162,"commentCount":0,"image":{"@id":"https:\/\/www.zerdab.com\/?p=27261#primaryimage"},"thumbnailUrl":"http:\/\/www.zerdab.com\/wp-content\/uploads\/2019\/06\/zerdab-rayonu-lale-emireliyeva1-550x367.jpg","articleSection":["C\u018fM\u0130YY\u018fT","MAN\u015eET"],"inLanguage":"az","potentialAction":[{"@type":"CommentAction","name":"Comment","target":["https:\/\/www.zerdab.com\/?p=27261#respond"]}]},{"@type":"WebPage","@id":"https:\/\/www.zerdab.com\/?p=27261","url":"https:\/\/www.zerdab.com\/?p=27261","name":"Z\u0259rdabda m\u0259zunlarla ke\u00e7iril\u0259n g\u00f6r\u00fc\u015fd\u0259n FOTOLAR - Z\u0259rdab.com","isPartOf":{"@id":"https:\/\/www.zerdab.com\/#website"},"primaryImageOfPage":{"@id":"https:\/\/www.zerdab.com\/?p=27261#primaryimage"},"image":{"@id":"https:\/\/www.zerdab.com\/?p=27261#primaryimage"},"thumbnailUrl":"http:\/\/www.zerdab.com\/wp-content\/uploads\/2019\/06\/zerdab-rayonu-lale-emireliyeva1-550x367.jpg","datePublished":"2019-06-17T11:47:18+00:00","dateModified":"2019-06-17T11:48:19+00:00","author":{"@id":"https:\/\/www.zerdab.com\/#\/schema\/person\/97079b7570c1e89ec0d9e138c3672136"},"breadcrumb":{"@id":"https:\/\/www.zerdab.com\/?p=27261#breadcrumb"},"inLanguage":"az","potentialAction":[{"@type":"ReadAction","target":["https:\/\/www.zerdab.com\/?p=27261"]}]},{"@type":"ImageObject","inLanguage":"az","@id":"https:\/\/www.zerdab.com\/?p=27261#primaryimage","url":"","contentUrl":""},{"@type":"BreadcrumbList","@id":"https:\/\/www.zerdab.com\/?p=27261#breadcrumb","itemListElement":[{"@type":"ListItem","position":1,"name":"Home","item":"https:\/\/www.zerdab.com\/"},{"@type":"ListItem","position":2,"name":"Z\u0259rdabda m\u0259zunlarla ke\u00e7iril\u0259n g\u00f6r\u00fc\u015fd\u0259n FOTOLAR"}]},{"@type":"WebSite","@id":"https:\/\/www.zerdab.com\/#website","url":"https:\/\/www.zerdab.com\/","name":"Z\u0259rdab.com","description":"","potentialAction":[{"@type":"SearchAction","target":{"@type":"EntryPoint","urlTemplate":"https:\/\/www.zerdab.com\/?s={search_term_string}"},"query-input":{"@type":"PropertyValueSpecification","valueRequired":true,"valueName":"search_term_string"}}],"inLanguage":"az"},{"@type":"Person","@id":"https:\/\/www.zerdab.com\/#\/schema\/person\/97079b7570c1e89ec0d9e138c3672136","name":"admin","image":{"@type":"ImageObject","inLanguage":"az","@id":"https:\/\/www.zerdab.com\/#\/schema\/person\/image\/","url":"https:\/\/secure.gravatar.com\/avatar\/d9c52a9a27c32119cb6679a077fa3e2779e5f822c451cbf01098004361d466ec?s=96&d=mm&r=g","contentUrl":"https:\/\/secure.gravatar.com\/avatar\/d9c52a9a27c32119cb6679a077fa3e2779e5f822c451cbf01098004361d466ec?s=96&d=mm&r=g","caption":"admin"},"url":"https:\/\/www.zerdab.com\/?author=1"}]}},"_links":{"self":[{"href":"https:\/\/www.zerdab.com\/index.php?rest_route=\/wp\/v2\/posts\/27261","targetHints":{"allow":["GET"]}}],"collection":[{"href":"https:\/\/www.zerdab.com\/index.php?rest_route=\/wp\/v2\/posts"}],"about":[{"href":"https:\/\/www.zerdab.com\/index.php?rest_route=\/wp\/v2\/types\/post"}],"author":[{"embeddable":true,"href":"https:\/\/www.zerdab.com\/index.php?rest_route=\/wp\/v2\/users\/1"}],"replies":[{"embeddable":true,"href":"https:\/\/www.zerdab.com\/index.php?rest_route=%2Fwp%2Fv2%2Fcomments&post=27261"}],"version-history":[{"count":1,"href":"https:\/\/www.zerdab.com\/index.php?rest_route=\/wp\/v2\/posts\/27261\/revisions"}],"predecessor-version":[{"id":27267,"href":"https:\/\/www.zerdab.com\/index.php?rest_route=\/wp\/v2\/posts\/27261\/revisions\/27267"}],"wp:attachment":[{"href":"https:\/\/www.zerdab.com\/index.php?rest_route=%2Fwp%2Fv2%2Fmedia&parent=27261"}],"wp:term":[{"taxonomy":"category","embeddable":true,"href":"https:\/\/www.zerdab.com\/index.php?rest_route=%2Fwp%2Fv2%2Fcategories&post=27261"},{"taxonomy":"post_tag","embeddable":true,"href":"https:\/\/www.zerdab.com\/index.php?rest_route=%2Fwp%2Fv2%2Ftags&post=27261"}],"curies":[{"name":"wp","href":"https:\/\/api.w.org\/{rel}","templated":true}]}}