{"id":27270,"date":"2019-06-18T21:59:18","date_gmt":"2019-06-18T17:59:18","guid":{"rendered":"http:\/\/www.zerdab.com\/?p=27270"},"modified":"2019-06-18T22:29:23","modified_gmt":"2019-06-18T18:29:23","slug":"prezident-ilham-%c9%99liyev-bu-sah%c9%99d%c9%99-calisanlarin-maasini-artirdi-tam-siyahi","status":"publish","type":"post","link":"https:\/\/www.zerdab.com\/?p=27270","title":{"rendered":"Prezident \u0130lham \u018fliyev bu sah\u0259d\u0259 \u00e7al\u0131\u015fanlar\u0131n maa\u015f\u0131n\u0131 art\u0131rd\u0131 \u2013 TAM S\u0130YAHI"},"content":{"rendered":"\n<p>Prezident\u00a0\u0130lham \u018fliyev\u00a0minimum ayl\u0131q \u0259m\u0259khaqq\u0131n\u0131n art\u0131r\u0131lmas\u0131 haqq\u0131nda s\u0259r\u0259ncam imzalay\u0131b.<br> <br>\u00a0<strong>Zerdab.com<\/strong>\u00a0sayt\u0131na veril\u0259n m\u0259lumata g\u00f6r\u0259,  s\u0259r\u0259ncamla minimum ayl\u0131q \u0259m\u0259khaqq\u0131n\u0131n m\u0259bl\u0259\u011fi 250 manat m\u00fc\u0259yy\u0259n edilib.<br>S\u0259r\u0259ncam 2019-cu il sentyabr\u0131n 1-d\u0259n q\u00fcvv\u0259y\u0259 minir.<br>M\u0259lumat \u00fc\u00e7\u00fcn qeyd ed\u0259k ki, haz\u0131rda Az\u0259rbaycanda minimum \u0259m\u0259k haqq\u0131 180 manat t\u0259\u015fkil edir.<\/p>\n\n\n\n<p>Prezident&nbsp;\u0130lham \u018fliyev&nbsp;\u201cD\u00f6vl\u0259t \u00fcmumi t\u0259hsil m\u00fc\u0259ssis\u0259l\u0259rind\u0259 \u00e7al\u0131\u015fan bilik v\u0259 bacar\u0131qlar\u0131n\u0131n diaqnostik qiym\u0259tl\u0259ndirilm\u0259si apar\u0131lan m\u00fc\u0259lliml\u0259rin \u0259m\u0259khaqq\u0131n\u0131n art\u0131r\u0131lmas\u0131 haqq\u0131nda\u201d s\u0259r\u0259ncam imzalay\u0131b.<\/p>\n\n\n\n<p>S\u0259r\u0259ncamla d\u00f6vl\u0259t \u00fcmumi t\u0259hsil m\u00fc\u0259ssis\u0259l\u0259rind\u0259 \u00e7al\u0131\u015fan bilik v\u0259 bacar\u0131qlar\u0131n\u0131n diaqnostik qiym\u0259tl\u0259ndirilm\u0259si apar\u0131lan m\u00fc\u0259lliml\u0259rin ayl\u0131q v\u0259zif\u0259 maa\u015flar\u0131 2019-cu il sentyabr\u0131n 1-d\u0259n orta hesabla 20 faiz art\u0131r\u0131l\u0131b.<\/p>\n\n\n\n<p>Prezident&nbsp;\u0130lham \u018fliyev&nbsp;Az\u0259rbaycan Respublikas\u0131&nbsp;Daxili \u0130\u015fl\u0259r Nazirliyinin x\u00fcsusi r\u00fctb\u0259si olan \u0259m\u0259kda\u015flar\u0131n\u0131n ayl\u0131q pul t\u0259minat\u0131n\u0131n v\u0259 d\u00f6vl\u0259t qulluq\u00e7usu olmayan m\u00fclki i\u015f\u00e7il\u0259rinin ayl\u0131q v\u0259zif\u0259 (tarif) maa\u015flar\u0131n\u0131n art\u0131r\u0131lmas\u0131 haqq\u0131nda s\u0259r\u0259ncam imzalay\u0131b.<\/p>\n\n\n\n<p>S\u0259r\u0259ncamla Az\u0259rbaycan Respublikas\u0131 Daxili \u0130\u015fl\u0259r Nazirliyinin x\u00fcsusi r\u00fctb\u0259si olan \u0259m\u0259kda\u015flar\u0131n\u0131n ayl\u0131q pul t\u0259minat\u0131 v\u0259zif\u0259 maa\u015flar\u0131n\u0131n orta hesabla 40 faizi h\u0259cmind\u0259 art\u0131r\u0131l\u0131b.<\/p>\n\n\n\n<p>S\u0259r\u0259ncam 2019-cu il sentyabr\u0131n 1-d\u0259n q\u00fcvv\u0259y\u0259 minir.<\/p>\n\n\n\n<p>Prezident&nbsp;\u0130lham \u018fliyev&nbsp;d\u00f6vl\u0259t b\u00fcdc\u0259sind\u0259n maliyy\u0259l\u0259\u015f\u0259n bir s\u0131ra t\u0259\u015fkilatlarda \u00e7al\u0131\u015fan i\u015f\u00e7il\u0259rin \u0259m\u0259khaqlar\u0131n\u0131n art\u0131r\u0131lmas\u0131 haqq\u0131nda s\u0259r\u0259ncam imzalay\u0131b.<\/p>\n\n\n\n<p>S\u0259r\u0259ncamla d\u00f6vl\u0259t b\u00fcdc\u0259sind\u0259n maliyy\u0259l\u0259\u015f\u0259n bir s\u0131ra t\u0259\u015fkilatlarda \u00e7al\u0131\u015fan i\u015f\u00e7il\u0259rin sosial m\u00fcdafi\u0259sini g\u00fccl\u0259ndirm\u0259k v\u0259 onlara d\u00f6vl\u0259t qay\u011f\u0131s\u0131n\u0131 daha da art\u0131rmaq m\u0259qs\u0259di da\u015f\u0131y\u0131r.<\/p>\n\n\n\n<p>S\u0259r\u0259ncamla Az\u0259rbaycan Respublikas\u0131n\u0131n d\u00f6vl\u0259t b\u00fcdc\u0259sind\u0259n maliyy\u0259l\u0259\u015f\u0259n a\u015fa\u011f\u0131da g\u00f6st\u0259ril\u0259n t\u0259\u015fkilatlarda \u00e7al\u0131\u015fan r\u0259hb\u0259r v\u0259 dig\u0259r i\u015f\u00e7il\u0259rin ayl\u0131q v\u0259zif\u0259 maa\u015flar\u0131 2019-cu il sentyabr\u0131n 1-d\u0259n orta hesabla 40 faiz art\u0131r\u0131l\u0131b:<\/p>\n\n\n\n<p>Az\u0259rbaycan&nbsp;Milli Elml\u0259r Akademiyas\u0131n\u0131n R\u0259yas\u0259t Hey\u0259ti v\u0259 aparat\u0131, G\u0259nc\u0259 b\u00f6lm\u0259sinin aparat\u0131;<\/p>\n\n\n\n<p>Heyd\u0259r \u018fliyev&nbsp;M\u0259rk\u0259zi;<\/p>\n\n\n\n<p>\u201cAz\u0259rbaycan Milli Ensiklopediyas\u0131\u201d Elmi M\u0259rk\u0259zi;<\/p>\n\n\n\n<p>Az\u0259rbaycanda Atat\u00fcrk M\u0259rk\u0259zi;<\/p>\n\n\n\n<p>Az\u0259rbaycan Respublikas\u0131n\u0131n d\u00f6vl\u0259t arxivl\u0259ri v\u0259 onlar\u0131n filiallar\u0131, rayon (\u015f\u0259h\u0259r) d\u00f6vl\u0259t arxivl\u0259ri;<\/p>\n\n\n\n<p>Az\u0259rbaycan Respublikas\u0131n\u0131n Narkomanl\u0131\u011fa v\u0259 Narkotik Vasit\u0259l\u0259rin Qanunsuz D\u00f6vriyy\u0259sin\u0259 Qar\u015f\u0131 M\u00fcbariz\u0259 \u00fczr\u0259 D\u00f6vl\u0259t Komissiyas\u0131n\u0131n daimi f\u0259aliyy\u0259t g\u00f6st\u0259r\u0259n \u0130\u015f\u00e7i Qrupu;<\/p>\n\n\n\n<p>Az\u0259rbaycan Respublikas\u0131 M\u0259d\u0259niyy\u0259t Nazirliyinin D\u00f6vl\u0259t Film Fondu;<\/p>\n\n\n\n<p>Az\u0259rbaycan Respublikas\u0131n\u0131n Prezidenti yan\u0131nda K\u00fctl\u0259vi \u0130nformasiya Vasit\u0259l\u0259rinin \u0130nki\u015faf\u0131na D\u00f6vl\u0259t D\u0259st\u0259yi Fondu;<\/p>\n\n\n\n<p>Az\u0259rbaycan Respublikas\u0131n\u0131n Prezidenti yan\u0131nda Qeyri-H\u00f6kum\u0259t T\u0259\u015fkilatlar\u0131na D\u00f6vl\u0259t D\u0259st\u0259yi \u015euras\u0131n\u0131n Katibliyi;<\/p>\n\n\n\n<p>Bak\u0131 Beyn\u0259lxalq Multikulturalizm M\u0259rk\u0259zi;<\/p>\n\n\n\n<p>Az\u0259rbaycan Respublikas\u0131n\u0131n Prezidenti yan\u0131nda Elmin \u0130nki\u015faf\u0131 Fondu.<\/p>\n\n\n\n<p>Prezident&nbsp;\u0130lham \u018fliyev&nbsp;Az\u0259rbaycan Respublikas\u0131&nbsp;M\u00fcdafi\u0259 Nazirliyinin h\u0259rbi qulluq\u00e7ular\u0131n\u0131n ayl\u0131q pul t\u0259minat\u0131n\u0131n v\u0259 d\u00f6vl\u0259t qulluq\u00e7usu olmayan m\u00fclki i\u015f\u00e7il\u0259rinin ayl\u0131q v\u0259zif\u0259 (tarif) maa\u015flar\u0131n\u0131n art\u0131r\u0131lmas\u0131 haqq\u0131nda s\u0259r\u0259ncam imzalay\u0131b.<\/p>\n\n\n\n<p>S\u0259r\u0259ncamla Az\u0259rbaycan Respublikas\u0131 M\u00fcdafi\u0259 Nazirliyinin h\u0259rbi qulluq\u00e7ular\u0131n\u0131n (m\u00fcdd\u0259tli h\u0259qiqi h\u0259rbi xidm\u0259t h\u0259rbi qulluq\u00e7ular\u0131 istisna olmaqla) ayl\u0131q pul t\u0259minat\u0131 v\u0259zif\u0259 maa\u015flar\u0131n\u0131n orta hesabla 40 faizi h\u0259cmind\u0259 art\u0131r\u0131l\u0131b.<\/p>\n\n\n\n<p>Prezident&nbsp;\u0130lham \u018fliyev&nbsp;Az\u0259rbaycan Respublikas\u0131&nbsp;D\u00f6vl\u0259t G\u00f6mr\u00fck Komit\u0259sinin x\u00fcsusi r\u00fctb\u0259si olan \u0259m\u0259kda\u015flar\u0131n\u0131n ayl\u0131q pul t\u0259minat\u0131n\u0131n v\u0259 d\u00f6vl\u0259t qulluq\u00e7usu olmayan m\u00fclki i\u015f\u00e7il\u0259rinin ayl\u0131q v\u0259zif\u0259 (tarif) maa\u015flar\u0131n\u0131n art\u0131r\u0131lmas\u0131 haqq\u0131nda s\u0259r\u0259ncam imzalay\u0131b.<\/p>\n\n\n\n<p>S\u0259r\u0259ncamla Az\u0259rbaycan Respublikas\u0131 D\u00f6vl\u0259t G\u00f6mr\u00fck Komit\u0259sinin x\u00fcsusi r\u00fctb\u0259si olan \u0259m\u0259kda\u015flar\u0131n\u0131n ayl\u0131q pul t\u0259minat\u0131 v\u0259zif\u0259 maa\u015flar\u0131n\u0131n orta hesabla 40 faizi h\u0259cmind\u0259 art\u0131r\u0131l\u0131b.<\/p>\n\n\n\n<p>D\u00f6vl\u0259t ba\u015f\u00e7\u0131s\u0131n\u0131n dig\u0259r s\u0259r\u0259ncam\u0131 il\u0259&nbsp;Az\u0259rbaycan Respublikas\u0131 F\u00f6vq\u0259lad\u0259 Hallar Nazirliyinin h\u0259rbi qulluq\u00e7ular\u0131n\u0131n (m\u00fcdd\u0259tli h\u0259qiqi h\u0259rbi xidm\u0259t h\u0259rbi qulluq\u00e7ular\u0131 istisna olmaqla) v\u0259 x\u00fcsusi r\u00fctb\u0259si olan \u0259m\u0259kda\u015flar\u0131n\u0131n ayl\u0131q pul t\u0259minat\u0131 v\u0259zif\u0259 maa\u015flar\u0131n\u0131n orta hesabla 40 faizi h\u0259cmind\u0259 art\u0131r\u0131l\u0131b.<\/p>\n\n\n\n<p>Prezident&nbsp;\u0130lham \u018fliyev&nbsp;Az\u0259rbaycan Respublikas\u0131 D\u00f6vl\u0259t T\u0259hl\u00fck\u0259sizliyi Xidm\u0259tinin h\u0259rbi qulluq\u00e7ular\u0131n\u0131n ayl\u0131q pul t\u0259minat\u0131n\u0131n v\u0259 d\u00f6vl\u0259t qulluq\u00e7usu olmayan m\u00fclki i\u015f\u00e7il\u0259rinin ayl\u0131q v\u0259zif\u0259 (tarif) maa\u015flar\u0131n\u0131n art\u0131r\u0131lmas\u0131 haqq\u0131nda s\u0259r\u0259ncam imzalay\u0131b.<\/p>\n\n\n\n<p>S\u0259r\u0259ncamla Az\u0259rbaycan Respublikas\u0131 D\u00f6vl\u0259t T\u0259hl\u00fck\u0259sizliyi Xidm\u0259tinin h\u0259rbi qulluq\u00e7ular\u0131n\u0131n (m\u00fcdd\u0259tli h\u0259qiqi h\u0259rbi xidm\u0259t h\u0259rbi qulluq\u00e7ular\u0131 istisna olmaqla) ayl\u0131q pul t\u0259minat\u0131 v\u0259zif\u0259 maa\u015flar\u0131n\u0131n orta hesabla 40 faizi h\u0259cmind\u0259 art\u0131r\u0131l\u0131b.<\/p>\n\n\n\n<p>D\u00f6vl\u0259t ba\u015f\u00e7\u0131s\u0131n\u0131n dig\u0259r s\u0259r\u0259ncam\u0131 il\u0259&nbsp;Az\u0259rbaycan Respublikas\u0131 Xarici K\u0259\u015ffiyyat Xidm\u0259tinin h\u0259rbi qulluq\u00e7ular\u0131n\u0131n (m\u00fcdd\u0259tli h\u0259qiqi h\u0259rbi xidm\u0259t h\u0259rbi qulluq\u00e7ular\u0131 istisna olmaqla) ayl\u0131q pul t\u0259minat\u0131 v\u0259zif\u0259 maa\u015flar\u0131n\u0131n orta hesabla 40 faizi h\u0259cmind\u0259 art\u0131r\u0131l\u0131b.<br>S\u0259r\u0259ncamla&nbsp;Az\u0259rbaycan Respublikas\u0131 S\u0259f\u0259rb\u0259rlik v\u0259 H\u0259rbi Xidm\u0259t\u0259 \u00c7a\u011f\u0131r\u0131\u015f \u00fczr\u0259 D\u00f6vl\u0259t Xidm\u0259tinin h\u0259rbi qulluq\u00e7ular\u0131n\u0131n (m\u00fcdd\u0259tli h\u0259qiqi h\u0259rbi xidm\u0259t h\u0259rbi qulluq\u00e7ular\u0131 istisna olmaqla) ayl\u0131q pul t\u0259minat\u0131 v\u0259zif\u0259 maa\u015flar\u0131n\u0131n orta hesabla 40 faizi h\u0259cmind\u0259 art\u0131r\u0131l\u0131b.<br>S\u0259r\u0259ncamla&nbsp;Az\u0259rbaycan Respublikas\u0131 D\u00f6vl\u0259t S\u0259rh\u0259d Xidm\u0259tinin h\u0259rbi qulluq\u00e7ular\u0131n\u0131n (m\u00fcdd\u0259tli h\u0259qiqi h\u0259rbi xidm\u0259t h\u0259rbi qulluq\u00e7ular\u0131 istisna olmaqla) ayl\u0131q pul t\u0259minat\u0131 v\u0259zif\u0259 maa\u015flar\u0131n\u0131n orta hesabla 40 faizi h\u0259cmind\u0259 art\u0131r\u0131l\u0131b.<br>S\u0259r\u0259ncamla&nbsp;Az\u0259rbaycan Respublikas\u0131 D\u00f6vl\u0259t Miqrasiya Xidm\u0259tinin x\u00fcsusi r\u00fctb\u0259si olan \u0259m\u0259kda\u015flar\u0131n\u0131n ayl\u0131q pul t\u0259minat\u0131 v\u0259zif\u0259 maa\u015flar\u0131n\u0131n orta hesabla 40 faizi h\u0259cmind\u0259 art\u0131r\u0131l\u0131b.<br>S\u0259r\u0259ncamla&nbsp;Az\u0259rbaycan Respublikas\u0131 X\u00fcsusi D\u00f6vl\u0259t M\u00fchafiz\u0259 Xidm\u0259tinin h\u0259rbi qulluq\u00e7ular\u0131n\u0131n (m\u00fcdd\u0259tli h\u0259qiqi h\u0259rbi xidm\u0259t h\u0259rbi qulluq\u00e7ular\u0131 istisna olmaqla) ayl\u0131q pul t\u0259minat\u0131 v\u0259zif\u0259 maa\u015flar\u0131n\u0131n orta hesabla 40 faizi h\u0259cmind\u0259&nbsp;art\u0131r\u0131l\u0131b.<br>S\u0259r\u0259ncamla&nbsp;Az\u0259rbaycan Respublikas\u0131 \u018fdliyy\u0259 Nazirliyinin Penitensiar xidm\u0259tinin v\u0259 Tibb ba\u015f idar\u0259sinin x\u00fcsusi r\u00fctb\u0259si olan \u0259m\u0259kda\u015flar\u0131n\u0131n ayl\u0131q pul t\u0259minat\u0131 v\u0259zif\u0259 maa\u015flar\u0131n\u0131n orta hesabla 40 faizi h\u0259cmind\u0259&nbsp;art\u0131r\u0131l\u0131b.<\/p>\n\n\n\n<p>Prezident&nbsp;\u0130lham \u018fliyev&nbsp;\u201cAz\u0259rbaycan Respublikas\u0131n\u0131n&nbsp;M\u0259rk\u0259zi Se\u00e7ki Komissiyas\u0131&nbsp;\u00fczvl\u0259rinin v\u0259zif\u0259 maa\u015flar\u0131n\u0131n m\u00fc\u0259yy\u0259n edilm\u0259si haqq\u0131nda\u201d Az\u0259rbaycan Respublikas\u0131 Prezidentinin 2007-ci il 22 yanvar tarixli 1893 n\u00f6mr\u0259li S\u0259r\u0259ncam\u0131nda d\u0259yi\u015fiklik edilm\u0259si b\u0259r\u0259d\u0259 s\u0259r\u0259ncam imzalay\u0131b.<\/p>\n\n\n\n<p>S\u0259r\u0259ncam M\u0259rk\u0259zi Se\u00e7ki Komissiyas\u0131 (MSK) \u00fczvl\u0259rinin maddi t\u0259minat\u0131n\u0131 yax\u015f\u0131la\u015fd\u0131rmaq m\u0259qs\u0259dil\u0259 imzalan\u0131b.<\/p>\n\n\n\n<p>S\u0259r\u0259ncamla Se\u00e7ki Komissiyas\u0131 \u00fczvl\u0259rinin ayl\u0131q v\u0259zif\u0259 maa\u015flar\u0131 a\u015fa\u011f\u0131dak\u0131 m\u0259bl\u0259\u011fl\u0259rd\u0259 m\u00fc\u0259yy\u0259n edilib:<\/p>\n\n\n\n<p>S\u0259dr \u2013 3060 manat<\/p>\n\n\n\n<p>S\u0259drin m\u00fcavini \u2013 2845 manat<\/p>\n\n\n\n<p>Katib \u2013 2110 manat<\/p>\n\n\n\n<p>M\u0259rk\u0259zi Se\u00e7ki Komissiyas\u0131n\u0131n \u00fczv\u00fc \u2013 1920 manat.<\/p>\n\n\n\n<p>Bu S\u0259r\u0259ncam 2019-cu il sentyabr\u0131n 1-d\u0259n q\u00fcvv\u0259y\u0259 minir.<\/p>\n","protected":false},"excerpt":{"rendered":"<p>Prezident\u00a0\u0130lham \u018fliyev\u00a0minimum ayl\u0131q \u0259m\u0259khaqq\u0131n\u0131n art\u0131r\u0131lmas\u0131 haqq\u0131nda s\u0259r\u0259ncam imzalay\u0131b. \u00a0Zerdab.com\u00a0sayt\u0131na veril\u0259n m\u0259lumata g\u00f6r\u0259, s\u0259r\u0259ncamla minimum ayl\u0131q \u0259m\u0259khaqq\u0131n\u0131n m\u0259bl\u0259\u011fi 250 manat m\u00fc\u0259yy\u0259n edilib.S\u0259r\u0259ncam 2019-cu il sentyabr\u0131n 1-d\u0259n q\u00fcvv\u0259y\u0259 minir.M\u0259lumat \u00fc\u00e7\u00fcn qeyd ed\u0259k ki, haz\u0131rda Az\u0259rbaycanda minimum \u0259m\u0259k haqq\u0131 180 manat t\u0259\u015fkil edir. Prezident&nbsp;\u0130lham \u018fliyev&nbsp;\u201cD\u00f6vl\u0259t \u00fcmumi t\u0259hsil m\u00fc\u0259ssis\u0259l\u0259rind\u0259 \u00e7al\u0131\u015fan bilik v\u0259 bacar\u0131qlar\u0131n\u0131n diaqnostik qiym\u0259tl\u0259ndirilm\u0259si apar\u0131lan m\u00fc\u0259lliml\u0259rin \u0259m\u0259khaqq\u0131n\u0131n art\u0131r\u0131lmas\u0131 [&hellip;]<\/p>\n","protected":false},"author":1,"featured_media":0,"comment_status":"open","ping_status":"open","sticky":false,"template":"","format":"standard","meta":{"footnotes":""},"categories":[63,5],"tags":[],"class_list":{"0":"post-27270","1":"post","2":"type-post","3":"status-publish","4":"format-standard","6":"category-manset","7":"category-knd"},"yoast_head":"<!-- This site is optimized with the Yoast SEO plugin v27.0 - https:\/\/yoast.com\/product\/yoast-seo-wordpress\/ -->\n<title>Prezident \u0130lham \u018fliyev bu sah\u0259d\u0259 \u00e7al\u0131\u015fanlar\u0131n maa\u015f\u0131n\u0131 art\u0131rd\u0131 \u2013 TAM S\u0130YAHI - Z\u0259rdab.com<\/title>\n<meta name=\"robots\" content=\"index, follow, max-snippet:-1, max-image-preview:large, max-video-preview:-1\" \/>\n<link rel=\"canonical\" href=\"https:\/\/www.zerdab.com\/?p=27270\" \/>\n<meta property=\"og:locale\" content=\"az_AZ\" \/>\n<meta property=\"og:type\" content=\"article\" \/>\n<meta property=\"og:title\" content=\"Prezident \u0130lham \u018fliyev bu sah\u0259d\u0259 \u00e7al\u0131\u015fanlar\u0131n maa\u015f\u0131n\u0131 art\u0131rd\u0131 \u2013 TAM S\u0130YAHI - Z\u0259rdab.com\" \/>\n<meta property=\"og:description\" content=\"Prezident\u00a0\u0130lham \u018fliyev\u00a0minimum ayl\u0131q \u0259m\u0259khaqq\u0131n\u0131n art\u0131r\u0131lmas\u0131 haqq\u0131nda s\u0259r\u0259ncam imzalay\u0131b. \u00a0Zerdab.com\u00a0sayt\u0131na veril\u0259n m\u0259lumata g\u00f6r\u0259, s\u0259r\u0259ncamla minimum ayl\u0131q \u0259m\u0259khaqq\u0131n\u0131n m\u0259bl\u0259\u011fi 250 manat m\u00fc\u0259yy\u0259n edilib.S\u0259r\u0259ncam 2019-cu il sentyabr\u0131n 1-d\u0259n q\u00fcvv\u0259y\u0259 minir.M\u0259lumat \u00fc\u00e7\u00fcn qeyd ed\u0259k ki, haz\u0131rda Az\u0259rbaycanda minimum \u0259m\u0259k haqq\u0131 180 manat t\u0259\u015fkil edir. Prezident&nbsp;\u0130lham \u018fliyev&nbsp;\u201cD\u00f6vl\u0259t \u00fcmumi t\u0259hsil m\u00fc\u0259ssis\u0259l\u0259rind\u0259 \u00e7al\u0131\u015fan bilik v\u0259 bacar\u0131qlar\u0131n\u0131n diaqnostik qiym\u0259tl\u0259ndirilm\u0259si apar\u0131lan m\u00fc\u0259lliml\u0259rin \u0259m\u0259khaqq\u0131n\u0131n art\u0131r\u0131lmas\u0131 [&hellip;]\" \/>\n<meta property=\"og:url\" content=\"https:\/\/www.zerdab.com\/?p=27270\" \/>\n<meta property=\"og:site_name\" content=\"Z\u0259rdab.com\" \/>\n<meta property=\"article:published_time\" content=\"2019-06-18T17:59:18+00:00\" \/>\n<meta property=\"article:modified_time\" content=\"2019-06-18T18:29:23+00:00\" \/>\n<meta name=\"author\" content=\"admin\" \/>\n<meta name=\"twitter:card\" content=\"summary_large_image\" \/>\n<meta name=\"twitter:label1\" content=\"Written by\" \/>\n\t<meta name=\"twitter:data1\" content=\"admin\" \/>\n\t<meta name=\"twitter:label2\" content=\"Est. reading time\" \/>\n\t<meta name=\"twitter:data2\" content=\"8 minutes\" \/>\n<script type=\"application\/ld+json\" class=\"yoast-schema-graph\">{\"@context\":\"https:\/\/schema.org\",\"@graph\":[{\"@type\":\"Article\",\"@id\":\"https:\/\/www.zerdab.com\/?p=27270#article\",\"isPartOf\":{\"@id\":\"https:\/\/www.zerdab.com\/?p=27270\"},\"author\":{\"name\":\"admin\",\"@id\":\"https:\/\/www.zerdab.com\/#\/schema\/person\/97079b7570c1e89ec0d9e138c3672136\"},\"headline\":\"Prezident \u0130lham \u018fliyev bu sah\u0259d\u0259 \u00e7al\u0131\u015fanlar\u0131n maa\u015f\u0131n\u0131 art\u0131rd\u0131 \u2013 TAM S\u0130YAHI\",\"datePublished\":\"2019-06-18T17:59:18+00:00\",\"dateModified\":\"2019-06-18T18:29:23+00:00\",\"mainEntityOfPage\":{\"@id\":\"https:\/\/www.zerdab.com\/?p=27270\"},\"wordCount\":1526,\"commentCount\":0,\"articleSection\":[\"MAN\u015eET\",\"X\u018fB\u018fRL\u018fR\"],\"inLanguage\":\"az\",\"potentialAction\":[{\"@type\":\"CommentAction\",\"name\":\"Comment\",\"target\":[\"https:\/\/www.zerdab.com\/?p=27270#respond\"]}]},{\"@type\":\"WebPage\",\"@id\":\"https:\/\/www.zerdab.com\/?p=27270\",\"url\":\"https:\/\/www.zerdab.com\/?p=27270\",\"name\":\"Prezident \u0130lham \u018fliyev bu sah\u0259d\u0259 \u00e7al\u0131\u015fanlar\u0131n maa\u015f\u0131n\u0131 art\u0131rd\u0131 \u2013 TAM S\u0130YAHI - Z\u0259rdab.com\",\"isPartOf\":{\"@id\":\"https:\/\/www.zerdab.com\/#website\"},\"datePublished\":\"2019-06-18T17:59:18+00:00\",\"dateModified\":\"2019-06-18T18:29:23+00:00\",\"author\":{\"@id\":\"https:\/\/www.zerdab.com\/#\/schema\/person\/97079b7570c1e89ec0d9e138c3672136\"},\"breadcrumb\":{\"@id\":\"https:\/\/www.zerdab.com\/?p=27270#breadcrumb\"},\"inLanguage\":\"az\",\"potentialAction\":[{\"@type\":\"ReadAction\",\"target\":[\"https:\/\/www.zerdab.com\/?p=27270\"]}]},{\"@type\":\"BreadcrumbList\",\"@id\":\"https:\/\/www.zerdab.com\/?p=27270#breadcrumb\",\"itemListElement\":[{\"@type\":\"ListItem\",\"position\":1,\"name\":\"Home\",\"item\":\"https:\/\/www.zerdab.com\/\"},{\"@type\":\"ListItem\",\"position\":2,\"name\":\"Prezident \u0130lham \u018fliyev bu sah\u0259d\u0259 \u00e7al\u0131\u015fanlar\u0131n maa\u015f\u0131n\u0131 art\u0131rd\u0131 \u2013 TAM S\u0130YAHI\"}]},{\"@type\":\"WebSite\",\"@id\":\"https:\/\/www.zerdab.com\/#website\",\"url\":\"https:\/\/www.zerdab.com\/\",\"name\":\"Z\u0259rdab.com\",\"description\":\"\",\"potentialAction\":[{\"@type\":\"SearchAction\",\"target\":{\"@type\":\"EntryPoint\",\"urlTemplate\":\"https:\/\/www.zerdab.com\/?s={search_term_string}\"},\"query-input\":{\"@type\":\"PropertyValueSpecification\",\"valueRequired\":true,\"valueName\":\"search_term_string\"}}],\"inLanguage\":\"az\"},{\"@type\":\"Person\",\"@id\":\"https:\/\/www.zerdab.com\/#\/schema\/person\/97079b7570c1e89ec0d9e138c3672136\",\"name\":\"admin\",\"image\":{\"@type\":\"ImageObject\",\"inLanguage\":\"az\",\"@id\":\"https:\/\/www.zerdab.com\/#\/schema\/person\/image\/\",\"url\":\"https:\/\/secure.gravatar.com\/avatar\/d9c52a9a27c32119cb6679a077fa3e2779e5f822c451cbf01098004361d466ec?s=96&d=mm&r=g\",\"contentUrl\":\"https:\/\/secure.gravatar.com\/avatar\/d9c52a9a27c32119cb6679a077fa3e2779e5f822c451cbf01098004361d466ec?s=96&d=mm&r=g\",\"caption\":\"admin\"},\"url\":\"https:\/\/www.zerdab.com\/?author=1\"}]}<\/script>\n<!-- \/ Yoast SEO plugin. -->","yoast_head_json":{"title":"Prezident \u0130lham \u018fliyev bu sah\u0259d\u0259 \u00e7al\u0131\u015fanlar\u0131n maa\u015f\u0131n\u0131 art\u0131rd\u0131 \u2013 TAM S\u0130YAHI - Z\u0259rdab.com","robots":{"index":"index","follow":"follow","max-snippet":"max-snippet:-1","max-image-preview":"max-image-preview:large","max-video-preview":"max-video-preview:-1"},"canonical":"https:\/\/www.zerdab.com\/?p=27270","og_locale":"az_AZ","og_type":"article","og_title":"Prezident \u0130lham \u018fliyev bu sah\u0259d\u0259 \u00e7al\u0131\u015fanlar\u0131n maa\u015f\u0131n\u0131 art\u0131rd\u0131 \u2013 TAM S\u0130YAHI - Z\u0259rdab.com","og_description":"Prezident\u00a0\u0130lham \u018fliyev\u00a0minimum ayl\u0131q \u0259m\u0259khaqq\u0131n\u0131n art\u0131r\u0131lmas\u0131 haqq\u0131nda s\u0259r\u0259ncam imzalay\u0131b. \u00a0Zerdab.com\u00a0sayt\u0131na veril\u0259n m\u0259lumata g\u00f6r\u0259, s\u0259r\u0259ncamla minimum ayl\u0131q \u0259m\u0259khaqq\u0131n\u0131n m\u0259bl\u0259\u011fi 250 manat m\u00fc\u0259yy\u0259n edilib.S\u0259r\u0259ncam 2019-cu il sentyabr\u0131n 1-d\u0259n q\u00fcvv\u0259y\u0259 minir.M\u0259lumat \u00fc\u00e7\u00fcn qeyd ed\u0259k ki, haz\u0131rda Az\u0259rbaycanda minimum \u0259m\u0259k haqq\u0131 180 manat t\u0259\u015fkil edir. Prezident&nbsp;\u0130lham \u018fliyev&nbsp;\u201cD\u00f6vl\u0259t \u00fcmumi t\u0259hsil m\u00fc\u0259ssis\u0259l\u0259rind\u0259 \u00e7al\u0131\u015fan bilik v\u0259 bacar\u0131qlar\u0131n\u0131n diaqnostik qiym\u0259tl\u0259ndirilm\u0259si apar\u0131lan m\u00fc\u0259lliml\u0259rin \u0259m\u0259khaqq\u0131n\u0131n art\u0131r\u0131lmas\u0131 [&hellip;]","og_url":"https:\/\/www.zerdab.com\/?p=27270","og_site_name":"Z\u0259rdab.com","article_published_time":"2019-06-18T17:59:18+00:00","article_modified_time":"2019-06-18T18:29:23+00:00","author":"admin","twitter_card":"summary_large_image","twitter_misc":{"Written by":"admin","Est. reading time":"8 minutes"},"schema":{"@context":"https:\/\/schema.org","@graph":[{"@type":"Article","@id":"https:\/\/www.zerdab.com\/?p=27270#article","isPartOf":{"@id":"https:\/\/www.zerdab.com\/?p=27270"},"author":{"name":"admin","@id":"https:\/\/www.zerdab.com\/#\/schema\/person\/97079b7570c1e89ec0d9e138c3672136"},"headline":"Prezident \u0130lham \u018fliyev bu sah\u0259d\u0259 \u00e7al\u0131\u015fanlar\u0131n maa\u015f\u0131n\u0131 art\u0131rd\u0131 \u2013 TAM S\u0130YAHI","datePublished":"2019-06-18T17:59:18+00:00","dateModified":"2019-06-18T18:29:23+00:00","mainEntityOfPage":{"@id":"https:\/\/www.zerdab.com\/?p=27270"},"wordCount":1526,"commentCount":0,"articleSection":["MAN\u015eET","X\u018fB\u018fRL\u018fR"],"inLanguage":"az","potentialAction":[{"@type":"CommentAction","name":"Comment","target":["https:\/\/www.zerdab.com\/?p=27270#respond"]}]},{"@type":"WebPage","@id":"https:\/\/www.zerdab.com\/?p=27270","url":"https:\/\/www.zerdab.com\/?p=27270","name":"Prezident \u0130lham \u018fliyev bu sah\u0259d\u0259 \u00e7al\u0131\u015fanlar\u0131n maa\u015f\u0131n\u0131 art\u0131rd\u0131 \u2013 TAM S\u0130YAHI - Z\u0259rdab.com","isPartOf":{"@id":"https:\/\/www.zerdab.com\/#website"},"datePublished":"2019-06-18T17:59:18+00:00","dateModified":"2019-06-18T18:29:23+00:00","author":{"@id":"https:\/\/www.zerdab.com\/#\/schema\/person\/97079b7570c1e89ec0d9e138c3672136"},"breadcrumb":{"@id":"https:\/\/www.zerdab.com\/?p=27270#breadcrumb"},"inLanguage":"az","potentialAction":[{"@type":"ReadAction","target":["https:\/\/www.zerdab.com\/?p=27270"]}]},{"@type":"BreadcrumbList","@id":"https:\/\/www.zerdab.com\/?p=27270#breadcrumb","itemListElement":[{"@type":"ListItem","position":1,"name":"Home","item":"https:\/\/www.zerdab.com\/"},{"@type":"ListItem","position":2,"name":"Prezident \u0130lham \u018fliyev bu sah\u0259d\u0259 \u00e7al\u0131\u015fanlar\u0131n maa\u015f\u0131n\u0131 art\u0131rd\u0131 \u2013 TAM S\u0130YAHI"}]},{"@type":"WebSite","@id":"https:\/\/www.zerdab.com\/#website","url":"https:\/\/www.zerdab.com\/","name":"Z\u0259rdab.com","description":"","potentialAction":[{"@type":"SearchAction","target":{"@type":"EntryPoint","urlTemplate":"https:\/\/www.zerdab.com\/?s={search_term_string}"},"query-input":{"@type":"PropertyValueSpecification","valueRequired":true,"valueName":"search_term_string"}}],"inLanguage":"az"},{"@type":"Person","@id":"https:\/\/www.zerdab.com\/#\/schema\/person\/97079b7570c1e89ec0d9e138c3672136","name":"admin","image":{"@type":"ImageObject","inLanguage":"az","@id":"https:\/\/www.zerdab.com\/#\/schema\/person\/image\/","url":"https:\/\/secure.gravatar.com\/avatar\/d9c52a9a27c32119cb6679a077fa3e2779e5f822c451cbf01098004361d466ec?s=96&d=mm&r=g","contentUrl":"https:\/\/secure.gravatar.com\/avatar\/d9c52a9a27c32119cb6679a077fa3e2779e5f822c451cbf01098004361d466ec?s=96&d=mm&r=g","caption":"admin"},"url":"https:\/\/www.zerdab.com\/?author=1"}]}},"_links":{"self":[{"href":"https:\/\/www.zerdab.com\/index.php?rest_route=\/wp\/v2\/posts\/27270","targetHints":{"allow":["GET"]}}],"collection":[{"href":"https:\/\/www.zerdab.com\/index.php?rest_route=\/wp\/v2\/posts"}],"about":[{"href":"https:\/\/www.zerdab.com\/index.php?rest_route=\/wp\/v2\/types\/post"}],"author":[{"embeddable":true,"href":"https:\/\/www.zerdab.com\/index.php?rest_route=\/wp\/v2\/users\/1"}],"replies":[{"embeddable":true,"href":"https:\/\/www.zerdab.com\/index.php?rest_route=%2Fwp%2Fv2%2Fcomments&post=27270"}],"version-history":[{"count":2,"href":"https:\/\/www.zerdab.com\/index.php?rest_route=\/wp\/v2\/posts\/27270\/revisions"}],"predecessor-version":[{"id":27274,"href":"https:\/\/www.zerdab.com\/index.php?rest_route=\/wp\/v2\/posts\/27270\/revisions\/27274"}],"wp:attachment":[{"href":"https:\/\/www.zerdab.com\/index.php?rest_route=%2Fwp%2Fv2%2Fmedia&parent=27270"}],"wp:term":[{"taxonomy":"category","embeddable":true,"href":"https:\/\/www.zerdab.com\/index.php?rest_route=%2Fwp%2Fv2%2Fcategories&post=27270"},{"taxonomy":"post_tag","embeddable":true,"href":"https:\/\/www.zerdab.com\/index.php?rest_route=%2Fwp%2Fv2%2Ftags&post=27270"}],"curies":[{"name":"wp","href":"https:\/\/api.w.org\/{rel}","templated":true}]}}