{"id":27290,"date":"2019-06-24T15:03:31","date_gmt":"2019-06-24T11:03:31","guid":{"rendered":"http:\/\/www.zerdab.com\/?p=27290"},"modified":"2019-06-24T15:04:27","modified_gmt":"2019-06-24T11:04:27","slug":"z%c9%99rdabda-statistika-idar%c9%99sinin-binasi-istifad%c9%99y%c9%99-verilib-fotolar","status":"publish","type":"post","link":"https:\/\/www.zerdab.com\/?p=27290","title":{"rendered":"Z\u0259rdabda Statistika \u0130dar\u0259sinin binas\u0131 istifad\u0259y\u0259 verilib &#8211; Fotolar"},"content":{"rendered":"\n<p>Z\u0259rdabda D\u00f6vl\u0259t Statistika Komit\u0259sinin sifari\u015fi il\u0259 in\u015fa olunan rayon Statistika \u0130dar\u0259si \u00fc\u00e7\u00fcn yeni inzibati bina istifad\u0259y\u0259 verilib. <\/p>\n\n\n\n<p><strong>Zerdab.com<\/strong> sayt\u0131na veril\u0259n m\u0259lumata g\u00f6r\u0259, doqquz otaqdan ibar\u0259t ikim\u0259rt\u0259b\u0259li bina \u201cAraz \u0130n\u015faat\u00e7\u0131\u201d MMC t\u0259r\u0259find\u0259n tikilib. <\/p>\n\n\n\n<p>M\u00fcasir arxitektura \u00fcslubunda in\u015fa olunan binada idar\u0259nin i\u015f\u00e7il\u0259ri \u00fc\u00e7\u00fcn b\u00fct\u00fcn laz\u0131mi \u015f\u0259rait yarad\u0131l\u0131b. <\/p>\n\n\n\n<figure class=\"wp-block-image\"><img decoding=\"async\" src=\"http:\/\/www.zerdab.com\/wp-content\/uploads\/2019\/06\/zerdab-statistika-rayon-statistika-550x367.jpg\" alt=\"\" class=\"wp-image-27292\"\/><\/figure>\n\n\n\n<p>\u0130yunun 22-d\u0259 rayon Statistika \u0130dar\u0259sinin yeni inzibati binas\u0131n\u0131n a\u00e7\u0131l\u0131\u015f\u0131nda Z\u0259rdab Rayon \u0130cra Hakimiyy\u0259tinin ba\u015f\u00e7\u0131s\u0131 L\u00fctv\u0259li Babayev \u00e7\u0131x\u0131\u015f ed\u0259r\u0259k 23 iyun \u2013 D\u00f6vl\u0259t Qulluq\u00e7ular\u0131n\u0131n Pe\u015f\u0259 Bayram\u0131 G\u00fcn\u00fc \u0259r\u0259f\u0259sind\u0259 bel\u0259 bir binan\u0131n istifad\u0259y\u0259 verildiyini qeyd edib v\u0259 bu m\u00fcnasib\u0259tl\u0259 idar\u0259nin kollektivini t\u0259brik edib. <\/p>\n\n\n\n<figure class=\"wp-block-image\"><img decoding=\"async\" src=\"http:\/\/www.zerdab.com\/wp-content\/uploads\/2019\/06\/zerdab-statistika-rayon-statistika2-550x367.jpg\" alt=\"\" class=\"wp-image-27293\"\/><\/figure>\n\n\n\n<p>M\u0259rasimd\u0259 D\u00f6vl\u0259t Statistika Komit\u0259si s\u0259drinin m\u00fcavini Rauf S\u0259limov, \u201cAraz \u0130n\u015faat\u00e7\u0131\u201d MMC-nin ba\u015f m\u00fch\u0259ndisi \u0130lham \u0130manov \u00e7\u0131x\u0131\u015f ed\u0259r\u0259k yeni inzibati binan\u0131n istifad\u0259y\u0259 verilm\u0259si m\u00fcnasib\u0259til\u0259 kollektivi t\u0259brik edib, g\u0259l\u0259c\u0259k f\u0259aliyy\u0259tl\u0259rind\u0259 onlara u\u011furlar arzulay\u0131blar.<br>Sonra binan\u0131n tikintisind\u0259 f\u0259all\u0131q g\u00f6st\u0259r\u0259n Nazim Baba\u015fova h\u0259diyy\u0259 t\u0259qdim edilib. <\/p>\n\n\n\n<p>\u0130\u015ftirak\u00e7\u0131lar yeni inzibati binada yarad\u0131lan \u015f\u0259raitl\u0259 tan\u0131\u015f olublar. <\/p>\n","protected":false},"excerpt":{"rendered":"<p>Z\u0259rdabda D\u00f6vl\u0259t Statistika Komit\u0259sinin sifari\u015fi il\u0259 in\u015fa olunan rayon Statistika \u0130dar\u0259si \u00fc\u00e7\u00fcn yeni inzibati bina istifad\u0259y\u0259 verilib. Zerdab.com sayt\u0131na veril\u0259n m\u0259lumata g\u00f6r\u0259, doqquz otaqdan ibar\u0259t ikim\u0259rt\u0259b\u0259li bina \u201cAraz \u0130n\u015faat\u00e7\u0131\u201d MMC t\u0259r\u0259find\u0259n tikilib. M\u00fcasir arxitektura \u00fcslubunda in\u015fa olunan binada idar\u0259nin i\u015f\u00e7il\u0259ri \u00fc\u00e7\u00fcn b\u00fct\u00fcn laz\u0131mi \u015f\u0259rait yarad\u0131l\u0131b. \u0130yunun 22-d\u0259 rayon Statistika \u0130dar\u0259sinin yeni inzibati binas\u0131n\u0131n a\u00e7\u0131l\u0131\u015f\u0131nda Z\u0259rdab [&hellip;]<\/p>\n","protected":false},"author":1,"featured_media":0,"comment_status":"open","ping_status":"open","sticky":false,"template":"","format":"standard","meta":{"footnotes":""},"categories":[21,63],"tags":[],"class_list":{"0":"post-27290","1":"post","2":"type-post","3":"status-publish","4":"format-standard","6":"category-zrdab","7":"category-manset"},"yoast_head":"<!-- This site is optimized with the Yoast SEO plugin v27.0 - https:\/\/yoast.com\/product\/yoast-seo-wordpress\/ -->\n<title>Z\u0259rdabda Statistika \u0130dar\u0259sinin binas\u0131 istifad\u0259y\u0259 verilib - Fotolar - Z\u0259rdab.com<\/title>\n<meta name=\"robots\" content=\"index, follow, max-snippet:-1, max-image-preview:large, max-video-preview:-1\" \/>\n<link rel=\"canonical\" href=\"https:\/\/www.zerdab.com\/?p=27290\" \/>\n<meta property=\"og:locale\" content=\"az_AZ\" \/>\n<meta property=\"og:type\" content=\"article\" \/>\n<meta property=\"og:title\" content=\"Z\u0259rdabda Statistika \u0130dar\u0259sinin binas\u0131 istifad\u0259y\u0259 verilib - Fotolar - Z\u0259rdab.com\" \/>\n<meta property=\"og:description\" content=\"Z\u0259rdabda D\u00f6vl\u0259t Statistika Komit\u0259sinin sifari\u015fi il\u0259 in\u015fa olunan rayon Statistika \u0130dar\u0259si \u00fc\u00e7\u00fcn yeni inzibati bina istifad\u0259y\u0259 verilib. Zerdab.com sayt\u0131na veril\u0259n m\u0259lumata g\u00f6r\u0259, doqquz otaqdan ibar\u0259t ikim\u0259rt\u0259b\u0259li bina \u201cAraz \u0130n\u015faat\u00e7\u0131\u201d MMC t\u0259r\u0259find\u0259n tikilib. M\u00fcasir arxitektura \u00fcslubunda in\u015fa olunan binada idar\u0259nin i\u015f\u00e7il\u0259ri \u00fc\u00e7\u00fcn b\u00fct\u00fcn laz\u0131mi \u015f\u0259rait yarad\u0131l\u0131b. \u0130yunun 22-d\u0259 rayon Statistika \u0130dar\u0259sinin yeni inzibati binas\u0131n\u0131n a\u00e7\u0131l\u0131\u015f\u0131nda Z\u0259rdab [&hellip;]\" \/>\n<meta property=\"og:url\" content=\"https:\/\/www.zerdab.com\/?p=27290\" \/>\n<meta property=\"og:site_name\" content=\"Z\u0259rdab.com\" \/>\n<meta property=\"article:published_time\" content=\"2019-06-24T11:03:31+00:00\" \/>\n<meta property=\"article:modified_time\" content=\"2019-06-24T11:04:27+00:00\" \/>\n<meta property=\"og:image\" content=\"http:\/\/www.zerdab.com\/wp-content\/uploads\/2019\/06\/zerdab-statistika-rayon-statistika-550x367.jpg\" \/>\n<meta name=\"author\" content=\"admin\" \/>\n<meta name=\"twitter:card\" content=\"summary_large_image\" \/>\n<meta name=\"twitter:label1\" content=\"Written by\" \/>\n\t<meta name=\"twitter:data1\" content=\"admin\" \/>\n\t<meta name=\"twitter:label2\" content=\"Est. reading time\" \/>\n\t<meta name=\"twitter:data2\" content=\"1 minute\" \/>\n<script type=\"application\/ld+json\" class=\"yoast-schema-graph\">{\"@context\":\"https:\/\/schema.org\",\"@graph\":[{\"@type\":\"Article\",\"@id\":\"https:\/\/www.zerdab.com\/?p=27290#article\",\"isPartOf\":{\"@id\":\"https:\/\/www.zerdab.com\/?p=27290\"},\"author\":{\"name\":\"admin\",\"@id\":\"https:\/\/www.zerdab.com\/#\/schema\/person\/97079b7570c1e89ec0d9e138c3672136\"},\"headline\":\"Z\u0259rdabda Statistika \u0130dar\u0259sinin binas\u0131 istifad\u0259y\u0259 verilib &#8211; Fotolar\",\"datePublished\":\"2019-06-24T11:03:31+00:00\",\"dateModified\":\"2019-06-24T11:04:27+00:00\",\"mainEntityOfPage\":{\"@id\":\"https:\/\/www.zerdab.com\/?p=27290\"},\"wordCount\":238,\"commentCount\":0,\"image\":{\"@id\":\"https:\/\/www.zerdab.com\/?p=27290#primaryimage\"},\"thumbnailUrl\":\"http:\/\/www.zerdab.com\/wp-content\/uploads\/2019\/06\/zerdab-statistika-rayon-statistika-550x367.jpg\",\"articleSection\":[\"C\u018fM\u0130YY\u018fT\",\"MAN\u015eET\"],\"inLanguage\":\"az\",\"potentialAction\":[{\"@type\":\"CommentAction\",\"name\":\"Comment\",\"target\":[\"https:\/\/www.zerdab.com\/?p=27290#respond\"]}]},{\"@type\":\"WebPage\",\"@id\":\"https:\/\/www.zerdab.com\/?p=27290\",\"url\":\"https:\/\/www.zerdab.com\/?p=27290\",\"name\":\"Z\u0259rdabda Statistika \u0130dar\u0259sinin binas\u0131 istifad\u0259y\u0259 verilib - Fotolar - Z\u0259rdab.com\",\"isPartOf\":{\"@id\":\"https:\/\/www.zerdab.com\/#website\"},\"primaryImageOfPage\":{\"@id\":\"https:\/\/www.zerdab.com\/?p=27290#primaryimage\"},\"image\":{\"@id\":\"https:\/\/www.zerdab.com\/?p=27290#primaryimage\"},\"thumbnailUrl\":\"http:\/\/www.zerdab.com\/wp-content\/uploads\/2019\/06\/zerdab-statistika-rayon-statistika-550x367.jpg\",\"datePublished\":\"2019-06-24T11:03:31+00:00\",\"dateModified\":\"2019-06-24T11:04:27+00:00\",\"author\":{\"@id\":\"https:\/\/www.zerdab.com\/#\/schema\/person\/97079b7570c1e89ec0d9e138c3672136\"},\"breadcrumb\":{\"@id\":\"https:\/\/www.zerdab.com\/?p=27290#breadcrumb\"},\"inLanguage\":\"az\",\"potentialAction\":[{\"@type\":\"ReadAction\",\"target\":[\"https:\/\/www.zerdab.com\/?p=27290\"]}]},{\"@type\":\"ImageObject\",\"inLanguage\":\"az\",\"@id\":\"https:\/\/www.zerdab.com\/?p=27290#primaryimage\",\"url\":\"\",\"contentUrl\":\"\"},{\"@type\":\"BreadcrumbList\",\"@id\":\"https:\/\/www.zerdab.com\/?p=27290#breadcrumb\",\"itemListElement\":[{\"@type\":\"ListItem\",\"position\":1,\"name\":\"Home\",\"item\":\"https:\/\/www.zerdab.com\/\"},{\"@type\":\"ListItem\",\"position\":2,\"name\":\"Z\u0259rdabda Statistika \u0130dar\u0259sinin binas\u0131 istifad\u0259y\u0259 verilib &#8211; Fotolar\"}]},{\"@type\":\"WebSite\",\"@id\":\"https:\/\/www.zerdab.com\/#website\",\"url\":\"https:\/\/www.zerdab.com\/\",\"name\":\"Z\u0259rdab.com\",\"description\":\"\",\"potentialAction\":[{\"@type\":\"SearchAction\",\"target\":{\"@type\":\"EntryPoint\",\"urlTemplate\":\"https:\/\/www.zerdab.com\/?s={search_term_string}\"},\"query-input\":{\"@type\":\"PropertyValueSpecification\",\"valueRequired\":true,\"valueName\":\"search_term_string\"}}],\"inLanguage\":\"az\"},{\"@type\":\"Person\",\"@id\":\"https:\/\/www.zerdab.com\/#\/schema\/person\/97079b7570c1e89ec0d9e138c3672136\",\"name\":\"admin\",\"image\":{\"@type\":\"ImageObject\",\"inLanguage\":\"az\",\"@id\":\"https:\/\/www.zerdab.com\/#\/schema\/person\/image\/\",\"url\":\"https:\/\/secure.gravatar.com\/avatar\/d9c52a9a27c32119cb6679a077fa3e2779e5f822c451cbf01098004361d466ec?s=96&d=mm&r=g\",\"contentUrl\":\"https:\/\/secure.gravatar.com\/avatar\/d9c52a9a27c32119cb6679a077fa3e2779e5f822c451cbf01098004361d466ec?s=96&d=mm&r=g\",\"caption\":\"admin\"},\"url\":\"https:\/\/www.zerdab.com\/?author=1\"}]}<\/script>\n<!-- \/ Yoast SEO plugin. -->","yoast_head_json":{"title":"Z\u0259rdabda Statistika \u0130dar\u0259sinin binas\u0131 istifad\u0259y\u0259 verilib - Fotolar - Z\u0259rdab.com","robots":{"index":"index","follow":"follow","max-snippet":"max-snippet:-1","max-image-preview":"max-image-preview:large","max-video-preview":"max-video-preview:-1"},"canonical":"https:\/\/www.zerdab.com\/?p=27290","og_locale":"az_AZ","og_type":"article","og_title":"Z\u0259rdabda Statistika \u0130dar\u0259sinin binas\u0131 istifad\u0259y\u0259 verilib - Fotolar - Z\u0259rdab.com","og_description":"Z\u0259rdabda D\u00f6vl\u0259t Statistika Komit\u0259sinin sifari\u015fi il\u0259 in\u015fa olunan rayon Statistika \u0130dar\u0259si \u00fc\u00e7\u00fcn yeni inzibati bina istifad\u0259y\u0259 verilib. Zerdab.com sayt\u0131na veril\u0259n m\u0259lumata g\u00f6r\u0259, doqquz otaqdan ibar\u0259t ikim\u0259rt\u0259b\u0259li bina \u201cAraz \u0130n\u015faat\u00e7\u0131\u201d MMC t\u0259r\u0259find\u0259n tikilib. M\u00fcasir arxitektura \u00fcslubunda in\u015fa olunan binada idar\u0259nin i\u015f\u00e7il\u0259ri \u00fc\u00e7\u00fcn b\u00fct\u00fcn laz\u0131mi \u015f\u0259rait yarad\u0131l\u0131b. \u0130yunun 22-d\u0259 rayon Statistika \u0130dar\u0259sinin yeni inzibati binas\u0131n\u0131n a\u00e7\u0131l\u0131\u015f\u0131nda Z\u0259rdab [&hellip;]","og_url":"https:\/\/www.zerdab.com\/?p=27290","og_site_name":"Z\u0259rdab.com","article_published_time":"2019-06-24T11:03:31+00:00","article_modified_time":"2019-06-24T11:04:27+00:00","og_image":[{"url":"http:\/\/www.zerdab.com\/wp-content\/uploads\/2019\/06\/zerdab-statistika-rayon-statistika-550x367.jpg","type":"","width":"","height":""}],"author":"admin","twitter_card":"summary_large_image","twitter_misc":{"Written by":"admin","Est. reading time":"1 minute"},"schema":{"@context":"https:\/\/schema.org","@graph":[{"@type":"Article","@id":"https:\/\/www.zerdab.com\/?p=27290#article","isPartOf":{"@id":"https:\/\/www.zerdab.com\/?p=27290"},"author":{"name":"admin","@id":"https:\/\/www.zerdab.com\/#\/schema\/person\/97079b7570c1e89ec0d9e138c3672136"},"headline":"Z\u0259rdabda Statistika \u0130dar\u0259sinin binas\u0131 istifad\u0259y\u0259 verilib &#8211; Fotolar","datePublished":"2019-06-24T11:03:31+00:00","dateModified":"2019-06-24T11:04:27+00:00","mainEntityOfPage":{"@id":"https:\/\/www.zerdab.com\/?p=27290"},"wordCount":238,"commentCount":0,"image":{"@id":"https:\/\/www.zerdab.com\/?p=27290#primaryimage"},"thumbnailUrl":"http:\/\/www.zerdab.com\/wp-content\/uploads\/2019\/06\/zerdab-statistika-rayon-statistika-550x367.jpg","articleSection":["C\u018fM\u0130YY\u018fT","MAN\u015eET"],"inLanguage":"az","potentialAction":[{"@type":"CommentAction","name":"Comment","target":["https:\/\/www.zerdab.com\/?p=27290#respond"]}]},{"@type":"WebPage","@id":"https:\/\/www.zerdab.com\/?p=27290","url":"https:\/\/www.zerdab.com\/?p=27290","name":"Z\u0259rdabda Statistika \u0130dar\u0259sinin binas\u0131 istifad\u0259y\u0259 verilib - Fotolar - Z\u0259rdab.com","isPartOf":{"@id":"https:\/\/www.zerdab.com\/#website"},"primaryImageOfPage":{"@id":"https:\/\/www.zerdab.com\/?p=27290#primaryimage"},"image":{"@id":"https:\/\/www.zerdab.com\/?p=27290#primaryimage"},"thumbnailUrl":"http:\/\/www.zerdab.com\/wp-content\/uploads\/2019\/06\/zerdab-statistika-rayon-statistika-550x367.jpg","datePublished":"2019-06-24T11:03:31+00:00","dateModified":"2019-06-24T11:04:27+00:00","author":{"@id":"https:\/\/www.zerdab.com\/#\/schema\/person\/97079b7570c1e89ec0d9e138c3672136"},"breadcrumb":{"@id":"https:\/\/www.zerdab.com\/?p=27290#breadcrumb"},"inLanguage":"az","potentialAction":[{"@type":"ReadAction","target":["https:\/\/www.zerdab.com\/?p=27290"]}]},{"@type":"ImageObject","inLanguage":"az","@id":"https:\/\/www.zerdab.com\/?p=27290#primaryimage","url":"","contentUrl":""},{"@type":"BreadcrumbList","@id":"https:\/\/www.zerdab.com\/?p=27290#breadcrumb","itemListElement":[{"@type":"ListItem","position":1,"name":"Home","item":"https:\/\/www.zerdab.com\/"},{"@type":"ListItem","position":2,"name":"Z\u0259rdabda Statistika \u0130dar\u0259sinin binas\u0131 istifad\u0259y\u0259 verilib &#8211; Fotolar"}]},{"@type":"WebSite","@id":"https:\/\/www.zerdab.com\/#website","url":"https:\/\/www.zerdab.com\/","name":"Z\u0259rdab.com","description":"","potentialAction":[{"@type":"SearchAction","target":{"@type":"EntryPoint","urlTemplate":"https:\/\/www.zerdab.com\/?s={search_term_string}"},"query-input":{"@type":"PropertyValueSpecification","valueRequired":true,"valueName":"search_term_string"}}],"inLanguage":"az"},{"@type":"Person","@id":"https:\/\/www.zerdab.com\/#\/schema\/person\/97079b7570c1e89ec0d9e138c3672136","name":"admin","image":{"@type":"ImageObject","inLanguage":"az","@id":"https:\/\/www.zerdab.com\/#\/schema\/person\/image\/","url":"https:\/\/secure.gravatar.com\/avatar\/d9c52a9a27c32119cb6679a077fa3e2779e5f822c451cbf01098004361d466ec?s=96&d=mm&r=g","contentUrl":"https:\/\/secure.gravatar.com\/avatar\/d9c52a9a27c32119cb6679a077fa3e2779e5f822c451cbf01098004361d466ec?s=96&d=mm&r=g","caption":"admin"},"url":"https:\/\/www.zerdab.com\/?author=1"}]}},"_links":{"self":[{"href":"https:\/\/www.zerdab.com\/index.php?rest_route=\/wp\/v2\/posts\/27290","targetHints":{"allow":["GET"]}}],"collection":[{"href":"https:\/\/www.zerdab.com\/index.php?rest_route=\/wp\/v2\/posts"}],"about":[{"href":"https:\/\/www.zerdab.com\/index.php?rest_route=\/wp\/v2\/types\/post"}],"author":[{"embeddable":true,"href":"https:\/\/www.zerdab.com\/index.php?rest_route=\/wp\/v2\/users\/1"}],"replies":[{"embeddable":true,"href":"https:\/\/www.zerdab.com\/index.php?rest_route=%2Fwp%2Fv2%2Fcomments&post=27290"}],"version-history":[{"count":1,"href":"https:\/\/www.zerdab.com\/index.php?rest_route=\/wp\/v2\/posts\/27290\/revisions"}],"predecessor-version":[{"id":27294,"href":"https:\/\/www.zerdab.com\/index.php?rest_route=\/wp\/v2\/posts\/27290\/revisions\/27294"}],"wp:attachment":[{"href":"https:\/\/www.zerdab.com\/index.php?rest_route=%2Fwp%2Fv2%2Fmedia&parent=27290"}],"wp:term":[{"taxonomy":"category","embeddable":true,"href":"https:\/\/www.zerdab.com\/index.php?rest_route=%2Fwp%2Fv2%2Fcategories&post=27290"},{"taxonomy":"post_tag","embeddable":true,"href":"https:\/\/www.zerdab.com\/index.php?rest_route=%2Fwp%2Fv2%2Ftags&post=27290"}],"curies":[{"name":"wp","href":"https:\/\/api.w.org\/{rel}","templated":true}]}}