{"id":27295,"date":"2019-06-25T11:44:29","date_gmt":"2019-06-25T07:44:29","guid":{"rendered":"http:\/\/www.zerdab.com\/?p=27295"},"modified":"2019-06-25T11:50:44","modified_gmt":"2019-06-25T07:50:44","slug":"osmanlilarin-apardigi-inzibati-bolgud%c9%99-z%c9%99rdabin-da-adi-c%c9%99kilir-tarix","status":"publish","type":"post","link":"https:\/\/www.zerdab.com\/?p=27295","title":{"rendered":"Osmanl\u0131lar\u0131n apard\u0131\u011f\u0131 inzibati b\u00f6lg\u00fcd\u0259 Z\u0259rdab\u0131n da ad\u0131 \u00e7\u0259kilir &#8211; Tarix"},"content":{"rendered":"\n<p>XVI \u0259srd\u0259 S\u0259v\u0259fi-Osmanl\u0131 m\u00fcharib\u0259si zaman\u0131 \u0259l\u0259\nke\u00e7irilmi\u015f Az\u0259rbaycan \u0259razil\u0259rind\u0259 Osmanl\u0131lar\u0131n h\u0259yata ke\u00e7irdiyi inzibati b\u00f6lg\u00fc\ni\u00e7\u0259risind\u0259 Z\u0259rdab sancaql\u0131\u011f\u0131 v\u0259 M\u00fcsk\u00fcr sancaql\u0131\u011f\u0131n\u0131n ad\u0131 \u00e7\u0259kilir. <\/p>\n\n\n\n<p>AMEA Arxeologiya v\u0259 Etnoqrafiya \u0130nstitutunun elmi i\u015f\u00e7isi, Taleh \u018fliyevin <strong>Zerdab.com<\/strong> sayt\u0131na verdiyi m\u0259lumata g\u00f6r\u0259, Osmanl\u0131lar \u015eamax\u0131 \u0259yal\u0259tini 16 sancaql\u0131\u011fa b\u00f6lm\u00fc\u015fd\u00fc: Lah\u0131c, A\u011fda\u015f, Q\u0259b\u0259l\u0259, Salyan, Z\u0259rdab, \u015e\u0259ki, Bak\u0131, Sade-ru, Qara Ulus, Axt\u0131 v\u0259 \u0130xir, Diku (bu ad\u0131n D\u0259kk\u0259, indiki D\u0259kk\u0259oba oldu\u011funu ehtimal etm\u0259k olar), Siryan (Sirhan), Osmani, Xudaverd, Mahmudabad, \u018fr\u0259\u015f sancaql\u0131qlar\u0131. D\u0259rb\u0259nd \u0259yal\u0259ti is\u0259 8 sancaql\u0131\u011fa b\u00f6l\u00fcnm\u00fc\u015fd\u00fc: D\u0259mirqap\u0131 (Sancaq pa\u015fa), \u015eabran (\u015eaburan), Axt\u0131, Quba, M\u00fcsk\u00fcr, K\u00fcr\u0259, \u00c7irak, Rustov sancaql\u0131qlar\u0131. <\/p>\n\n\n\n<p>Abbasqulu\na\u011fa Bak\u0131xanovun m\u0259lumatlar\u0131ndan ayd\u0131n olur ki, Qarav\u0259lli v\u0259 M\u00fcsk\u00fcrl\u00fc \u0259halisinin\nZ\u0259rdab \u0259razisin\u0259 k\u00f6\u00e7m\u0259mi\u015fd\u0259n \u0259vv\u0259l ya\u015fad\u0131qlar\u0131 \u0259razi \u015eirvan\u015fahlar d\u00f6vl\u0259tinin t\u0259rkibin\u0259\ndaxil idi. <\/p>\n\n\n\n<p>Qoruqba\u011f\u0131\nk\u0259ndinin \u00f6z\u00fc d\u0259 hal-haz\u0131rda vaxtil\u0259 \u015eirvan\u015fahlar d\u00f6vl\u0259tinin t\u0259rkibin\u0259 daxil\nolmu\u015f \u015eirvan d\u00fcz\u00fcnd\u0259 yerl\u0259\u015fir. <\/p>\n\n\n\n<p>Abbasqulu\na\u011fa Bak\u0131xanov \u201cG\u00fcl\u00fcstani-\u0130r\u0259m\u201d \u0259s\u0259rind\u0259 M\u00fcsk\u00fcr \u0259halisi i\u00e7\u0259risind\u0259n \u00e7\u0131xm\u0131\u015f\nM\u00f6vlana \u015eeyx Molla Yusif M\u00fcsk\u00fcrl\u00fcn\u00fcn v\u0259 1719-1721-ci ill\u0259rd\u0259 \u015eirvan\n\u00fcsyan\u00e7\u0131lar\u0131n\u0131n, o c\u00fcml\u0259d\u0259n, 1721-1727-ci ill\u0259rd\u0259 \u015eirvan \u0259yal\u0259tinin hakimi olmu\u015f\nHac\u0131 Davud M\u00fcsk\u00fcrl\u00fcn\u00fcn ad\u0131n\u0131 \u00e7\u0259kir.<strong><\/strong><\/p>\n","protected":false},"excerpt":{"rendered":"<p>XVI \u0259srd\u0259 S\u0259v\u0259fi-Osmanl\u0131 m\u00fcharib\u0259si zaman\u0131 \u0259l\u0259 ke\u00e7irilmi\u015f Az\u0259rbaycan \u0259razil\u0259rind\u0259 Osmanl\u0131lar\u0131n h\u0259yata ke\u00e7irdiyi inzibati b\u00f6lg\u00fc i\u00e7\u0259risind\u0259 Z\u0259rdab sancaql\u0131\u011f\u0131 v\u0259 M\u00fcsk\u00fcr sancaql\u0131\u011f\u0131n\u0131n ad\u0131 \u00e7\u0259kilir. AMEA Arxeologiya v\u0259 Etnoqrafiya \u0130nstitutunun elmi i\u015f\u00e7isi, Taleh \u018fliyevin Zerdab.com sayt\u0131na verdiyi m\u0259lumata g\u00f6r\u0259, Osmanl\u0131lar \u015eamax\u0131 \u0259yal\u0259tini 16 sancaql\u0131\u011fa b\u00f6lm\u00fc\u015fd\u00fc: Lah\u0131c, A\u011fda\u015f, Q\u0259b\u0259l\u0259, Salyan, Z\u0259rdab, \u015e\u0259ki, Bak\u0131, Sade-ru, Qara Ulus, Axt\u0131 v\u0259 \u0130xir, [&hellip;]<\/p>\n","protected":false},"author":1,"featured_media":27296,"comment_status":"open","ping_status":"open","sticky":false,"template":"","format":"standard","meta":{"footnotes":""},"categories":[63,1],"tags":[],"class_list":{"0":"post-27295","1":"post","2":"type-post","3":"status-publish","4":"format-standard","5":"has-post-thumbnail","7":"category-manset","8":"category-tarix"},"yoast_head":"<!-- This site is optimized with the Yoast SEO plugin v27.0 - https:\/\/yoast.com\/product\/yoast-seo-wordpress\/ -->\n<title>Osmanl\u0131lar\u0131n apard\u0131\u011f\u0131 inzibati b\u00f6lg\u00fcd\u0259 Z\u0259rdab\u0131n da ad\u0131 \u00e7\u0259kilir - Tarix - Z\u0259rdab.com<\/title>\n<meta name=\"robots\" content=\"index, follow, max-snippet:-1, max-image-preview:large, max-video-preview:-1\" \/>\n<link rel=\"canonical\" href=\"https:\/\/www.zerdab.com\/?p=27295\" \/>\n<meta property=\"og:locale\" content=\"az_AZ\" \/>\n<meta property=\"og:type\" content=\"article\" \/>\n<meta property=\"og:title\" content=\"Osmanl\u0131lar\u0131n apard\u0131\u011f\u0131 inzibati b\u00f6lg\u00fcd\u0259 Z\u0259rdab\u0131n da ad\u0131 \u00e7\u0259kilir - Tarix - Z\u0259rdab.com\" \/>\n<meta property=\"og:description\" content=\"XVI \u0259srd\u0259 S\u0259v\u0259fi-Osmanl\u0131 m\u00fcharib\u0259si zaman\u0131 \u0259l\u0259 ke\u00e7irilmi\u015f Az\u0259rbaycan \u0259razil\u0259rind\u0259 Osmanl\u0131lar\u0131n h\u0259yata ke\u00e7irdiyi inzibati b\u00f6lg\u00fc i\u00e7\u0259risind\u0259 Z\u0259rdab sancaql\u0131\u011f\u0131 v\u0259 M\u00fcsk\u00fcr sancaql\u0131\u011f\u0131n\u0131n ad\u0131 \u00e7\u0259kilir. AMEA Arxeologiya v\u0259 Etnoqrafiya \u0130nstitutunun elmi i\u015f\u00e7isi, Taleh \u018fliyevin Zerdab.com sayt\u0131na verdiyi m\u0259lumata g\u00f6r\u0259, Osmanl\u0131lar \u015eamax\u0131 \u0259yal\u0259tini 16 sancaql\u0131\u011fa b\u00f6lm\u00fc\u015fd\u00fc: Lah\u0131c, A\u011fda\u015f, Q\u0259b\u0259l\u0259, Salyan, Z\u0259rdab, \u015e\u0259ki, Bak\u0131, Sade-ru, Qara Ulus, Axt\u0131 v\u0259 \u0130xir, [&hellip;]\" \/>\n<meta property=\"og:url\" content=\"https:\/\/www.zerdab.com\/?p=27295\" \/>\n<meta property=\"og:site_name\" content=\"Z\u0259rdab.com\" \/>\n<meta property=\"article:published_time\" content=\"2019-06-25T07:44:29+00:00\" \/>\n<meta property=\"article:modified_time\" content=\"2019-06-25T07:50:44+00:00\" \/>\n<meta property=\"og:image\" content=\"https:\/\/www.zerdab.com\/wp-content\/uploads\/2019\/06\/osmanli-ordusu-zerdab-tarix.jpg\" \/>\n\t<meta property=\"og:image:width\" content=\"700\" \/>\n\t<meta property=\"og:image:height\" content=\"427\" \/>\n\t<meta property=\"og:image:type\" content=\"image\/jpeg\" \/>\n<meta name=\"author\" content=\"admin\" \/>\n<meta name=\"twitter:card\" content=\"summary_large_image\" \/>\n<meta name=\"twitter:label1\" content=\"Written by\" \/>\n\t<meta name=\"twitter:data1\" content=\"admin\" \/>\n\t<meta name=\"twitter:label2\" content=\"Est. reading time\" \/>\n\t<meta name=\"twitter:data2\" content=\"1 minute\" \/>\n<script type=\"application\/ld+json\" class=\"yoast-schema-graph\">{\"@context\":\"https:\/\/schema.org\",\"@graph\":[{\"@type\":\"Article\",\"@id\":\"https:\/\/www.zerdab.com\/?p=27295#article\",\"isPartOf\":{\"@id\":\"https:\/\/www.zerdab.com\/?p=27295\"},\"author\":{\"name\":\"admin\",\"@id\":\"https:\/\/www.zerdab.com\/#\/schema\/person\/97079b7570c1e89ec0d9e138c3672136\"},\"headline\":\"Osmanl\u0131lar\u0131n apard\u0131\u011f\u0131 inzibati b\u00f6lg\u00fcd\u0259 Z\u0259rdab\u0131n da ad\u0131 \u00e7\u0259kilir &#8211; Tarix\",\"datePublished\":\"2019-06-25T07:44:29+00:00\",\"dateModified\":\"2019-06-25T07:50:44+00:00\",\"mainEntityOfPage\":{\"@id\":\"https:\/\/www.zerdab.com\/?p=27295\"},\"wordCount\":286,\"commentCount\":0,\"image\":{\"@id\":\"https:\/\/www.zerdab.com\/?p=27295#primaryimage\"},\"thumbnailUrl\":\"https:\/\/www.zerdab.com\/wp-content\/uploads\/2019\/06\/osmanli-ordusu-zerdab-tarix.jpg\",\"articleSection\":[\"MAN\u015eET\",\"Z\u018fRDABIN TAR\u0130X\u0130\"],\"inLanguage\":\"az\",\"potentialAction\":[{\"@type\":\"CommentAction\",\"name\":\"Comment\",\"target\":[\"https:\/\/www.zerdab.com\/?p=27295#respond\"]}]},{\"@type\":\"WebPage\",\"@id\":\"https:\/\/www.zerdab.com\/?p=27295\",\"url\":\"https:\/\/www.zerdab.com\/?p=27295\",\"name\":\"Osmanl\u0131lar\u0131n apard\u0131\u011f\u0131 inzibati b\u00f6lg\u00fcd\u0259 Z\u0259rdab\u0131n da ad\u0131 \u00e7\u0259kilir - Tarix - Z\u0259rdab.com\",\"isPartOf\":{\"@id\":\"https:\/\/www.zerdab.com\/#website\"},\"primaryImageOfPage\":{\"@id\":\"https:\/\/www.zerdab.com\/?p=27295#primaryimage\"},\"image\":{\"@id\":\"https:\/\/www.zerdab.com\/?p=27295#primaryimage\"},\"thumbnailUrl\":\"https:\/\/www.zerdab.com\/wp-content\/uploads\/2019\/06\/osmanli-ordusu-zerdab-tarix.jpg\",\"datePublished\":\"2019-06-25T07:44:29+00:00\",\"dateModified\":\"2019-06-25T07:50:44+00:00\",\"author\":{\"@id\":\"https:\/\/www.zerdab.com\/#\/schema\/person\/97079b7570c1e89ec0d9e138c3672136\"},\"breadcrumb\":{\"@id\":\"https:\/\/www.zerdab.com\/?p=27295#breadcrumb\"},\"inLanguage\":\"az\",\"potentialAction\":[{\"@type\":\"ReadAction\",\"target\":[\"https:\/\/www.zerdab.com\/?p=27295\"]}]},{\"@type\":\"ImageObject\",\"inLanguage\":\"az\",\"@id\":\"https:\/\/www.zerdab.com\/?p=27295#primaryimage\",\"url\":\"https:\/\/www.zerdab.com\/wp-content\/uploads\/2019\/06\/osmanli-ordusu-zerdab-tarix.jpg\",\"contentUrl\":\"https:\/\/www.zerdab.com\/wp-content\/uploads\/2019\/06\/osmanli-ordusu-zerdab-tarix.jpg\",\"width\":700,\"height\":427,\"caption\":\"osmanli-ordusu-zerdab-tarix\"},{\"@type\":\"BreadcrumbList\",\"@id\":\"https:\/\/www.zerdab.com\/?p=27295#breadcrumb\",\"itemListElement\":[{\"@type\":\"ListItem\",\"position\":1,\"name\":\"Home\",\"item\":\"https:\/\/www.zerdab.com\/\"},{\"@type\":\"ListItem\",\"position\":2,\"name\":\"Osmanl\u0131lar\u0131n apard\u0131\u011f\u0131 inzibati b\u00f6lg\u00fcd\u0259 Z\u0259rdab\u0131n da ad\u0131 \u00e7\u0259kilir &#8211; Tarix\"}]},{\"@type\":\"WebSite\",\"@id\":\"https:\/\/www.zerdab.com\/#website\",\"url\":\"https:\/\/www.zerdab.com\/\",\"name\":\"Z\u0259rdab.com\",\"description\":\"\",\"potentialAction\":[{\"@type\":\"SearchAction\",\"target\":{\"@type\":\"EntryPoint\",\"urlTemplate\":\"https:\/\/www.zerdab.com\/?s={search_term_string}\"},\"query-input\":{\"@type\":\"PropertyValueSpecification\",\"valueRequired\":true,\"valueName\":\"search_term_string\"}}],\"inLanguage\":\"az\"},{\"@type\":\"Person\",\"@id\":\"https:\/\/www.zerdab.com\/#\/schema\/person\/97079b7570c1e89ec0d9e138c3672136\",\"name\":\"admin\",\"image\":{\"@type\":\"ImageObject\",\"inLanguage\":\"az\",\"@id\":\"https:\/\/www.zerdab.com\/#\/schema\/person\/image\/\",\"url\":\"https:\/\/secure.gravatar.com\/avatar\/d9c52a9a27c32119cb6679a077fa3e2779e5f822c451cbf01098004361d466ec?s=96&d=mm&r=g\",\"contentUrl\":\"https:\/\/secure.gravatar.com\/avatar\/d9c52a9a27c32119cb6679a077fa3e2779e5f822c451cbf01098004361d466ec?s=96&d=mm&r=g\",\"caption\":\"admin\"},\"url\":\"https:\/\/www.zerdab.com\/?author=1\"}]}<\/script>\n<!-- \/ Yoast SEO plugin. -->","yoast_head_json":{"title":"Osmanl\u0131lar\u0131n apard\u0131\u011f\u0131 inzibati b\u00f6lg\u00fcd\u0259 Z\u0259rdab\u0131n da ad\u0131 \u00e7\u0259kilir - Tarix - Z\u0259rdab.com","robots":{"index":"index","follow":"follow","max-snippet":"max-snippet:-1","max-image-preview":"max-image-preview:large","max-video-preview":"max-video-preview:-1"},"canonical":"https:\/\/www.zerdab.com\/?p=27295","og_locale":"az_AZ","og_type":"article","og_title":"Osmanl\u0131lar\u0131n apard\u0131\u011f\u0131 inzibati b\u00f6lg\u00fcd\u0259 Z\u0259rdab\u0131n da ad\u0131 \u00e7\u0259kilir - Tarix - Z\u0259rdab.com","og_description":"XVI \u0259srd\u0259 S\u0259v\u0259fi-Osmanl\u0131 m\u00fcharib\u0259si zaman\u0131 \u0259l\u0259 ke\u00e7irilmi\u015f Az\u0259rbaycan \u0259razil\u0259rind\u0259 Osmanl\u0131lar\u0131n h\u0259yata ke\u00e7irdiyi inzibati b\u00f6lg\u00fc i\u00e7\u0259risind\u0259 Z\u0259rdab sancaql\u0131\u011f\u0131 v\u0259 M\u00fcsk\u00fcr sancaql\u0131\u011f\u0131n\u0131n ad\u0131 \u00e7\u0259kilir. AMEA Arxeologiya v\u0259 Etnoqrafiya \u0130nstitutunun elmi i\u015f\u00e7isi, Taleh \u018fliyevin Zerdab.com sayt\u0131na verdiyi m\u0259lumata g\u00f6r\u0259, Osmanl\u0131lar \u015eamax\u0131 \u0259yal\u0259tini 16 sancaql\u0131\u011fa b\u00f6lm\u00fc\u015fd\u00fc: Lah\u0131c, A\u011fda\u015f, Q\u0259b\u0259l\u0259, Salyan, Z\u0259rdab, \u015e\u0259ki, Bak\u0131, Sade-ru, Qara Ulus, Axt\u0131 v\u0259 \u0130xir, [&hellip;]","og_url":"https:\/\/www.zerdab.com\/?p=27295","og_site_name":"Z\u0259rdab.com","article_published_time":"2019-06-25T07:44:29+00:00","article_modified_time":"2019-06-25T07:50:44+00:00","og_image":[{"width":700,"height":427,"url":"https:\/\/www.zerdab.com\/wp-content\/uploads\/2019\/06\/osmanli-ordusu-zerdab-tarix.jpg","type":"image\/jpeg"}],"author":"admin","twitter_card":"summary_large_image","twitter_misc":{"Written by":"admin","Est. reading time":"1 minute"},"schema":{"@context":"https:\/\/schema.org","@graph":[{"@type":"Article","@id":"https:\/\/www.zerdab.com\/?p=27295#article","isPartOf":{"@id":"https:\/\/www.zerdab.com\/?p=27295"},"author":{"name":"admin","@id":"https:\/\/www.zerdab.com\/#\/schema\/person\/97079b7570c1e89ec0d9e138c3672136"},"headline":"Osmanl\u0131lar\u0131n apard\u0131\u011f\u0131 inzibati b\u00f6lg\u00fcd\u0259 Z\u0259rdab\u0131n da ad\u0131 \u00e7\u0259kilir &#8211; Tarix","datePublished":"2019-06-25T07:44:29+00:00","dateModified":"2019-06-25T07:50:44+00:00","mainEntityOfPage":{"@id":"https:\/\/www.zerdab.com\/?p=27295"},"wordCount":286,"commentCount":0,"image":{"@id":"https:\/\/www.zerdab.com\/?p=27295#primaryimage"},"thumbnailUrl":"https:\/\/www.zerdab.com\/wp-content\/uploads\/2019\/06\/osmanli-ordusu-zerdab-tarix.jpg","articleSection":["MAN\u015eET","Z\u018fRDABIN TAR\u0130X\u0130"],"inLanguage":"az","potentialAction":[{"@type":"CommentAction","name":"Comment","target":["https:\/\/www.zerdab.com\/?p=27295#respond"]}]},{"@type":"WebPage","@id":"https:\/\/www.zerdab.com\/?p=27295","url":"https:\/\/www.zerdab.com\/?p=27295","name":"Osmanl\u0131lar\u0131n apard\u0131\u011f\u0131 inzibati b\u00f6lg\u00fcd\u0259 Z\u0259rdab\u0131n da ad\u0131 \u00e7\u0259kilir - Tarix - Z\u0259rdab.com","isPartOf":{"@id":"https:\/\/www.zerdab.com\/#website"},"primaryImageOfPage":{"@id":"https:\/\/www.zerdab.com\/?p=27295#primaryimage"},"image":{"@id":"https:\/\/www.zerdab.com\/?p=27295#primaryimage"},"thumbnailUrl":"https:\/\/www.zerdab.com\/wp-content\/uploads\/2019\/06\/osmanli-ordusu-zerdab-tarix.jpg","datePublished":"2019-06-25T07:44:29+00:00","dateModified":"2019-06-25T07:50:44+00:00","author":{"@id":"https:\/\/www.zerdab.com\/#\/schema\/person\/97079b7570c1e89ec0d9e138c3672136"},"breadcrumb":{"@id":"https:\/\/www.zerdab.com\/?p=27295#breadcrumb"},"inLanguage":"az","potentialAction":[{"@type":"ReadAction","target":["https:\/\/www.zerdab.com\/?p=27295"]}]},{"@type":"ImageObject","inLanguage":"az","@id":"https:\/\/www.zerdab.com\/?p=27295#primaryimage","url":"https:\/\/www.zerdab.com\/wp-content\/uploads\/2019\/06\/osmanli-ordusu-zerdab-tarix.jpg","contentUrl":"https:\/\/www.zerdab.com\/wp-content\/uploads\/2019\/06\/osmanli-ordusu-zerdab-tarix.jpg","width":700,"height":427,"caption":"osmanli-ordusu-zerdab-tarix"},{"@type":"BreadcrumbList","@id":"https:\/\/www.zerdab.com\/?p=27295#breadcrumb","itemListElement":[{"@type":"ListItem","position":1,"name":"Home","item":"https:\/\/www.zerdab.com\/"},{"@type":"ListItem","position":2,"name":"Osmanl\u0131lar\u0131n apard\u0131\u011f\u0131 inzibati b\u00f6lg\u00fcd\u0259 Z\u0259rdab\u0131n da ad\u0131 \u00e7\u0259kilir &#8211; Tarix"}]},{"@type":"WebSite","@id":"https:\/\/www.zerdab.com\/#website","url":"https:\/\/www.zerdab.com\/","name":"Z\u0259rdab.com","description":"","potentialAction":[{"@type":"SearchAction","target":{"@type":"EntryPoint","urlTemplate":"https:\/\/www.zerdab.com\/?s={search_term_string}"},"query-input":{"@type":"PropertyValueSpecification","valueRequired":true,"valueName":"search_term_string"}}],"inLanguage":"az"},{"@type":"Person","@id":"https:\/\/www.zerdab.com\/#\/schema\/person\/97079b7570c1e89ec0d9e138c3672136","name":"admin","image":{"@type":"ImageObject","inLanguage":"az","@id":"https:\/\/www.zerdab.com\/#\/schema\/person\/image\/","url":"https:\/\/secure.gravatar.com\/avatar\/d9c52a9a27c32119cb6679a077fa3e2779e5f822c451cbf01098004361d466ec?s=96&d=mm&r=g","contentUrl":"https:\/\/secure.gravatar.com\/avatar\/d9c52a9a27c32119cb6679a077fa3e2779e5f822c451cbf01098004361d466ec?s=96&d=mm&r=g","caption":"admin"},"url":"https:\/\/www.zerdab.com\/?author=1"}]}},"_links":{"self":[{"href":"https:\/\/www.zerdab.com\/index.php?rest_route=\/wp\/v2\/posts\/27295","targetHints":{"allow":["GET"]}}],"collection":[{"href":"https:\/\/www.zerdab.com\/index.php?rest_route=\/wp\/v2\/posts"}],"about":[{"href":"https:\/\/www.zerdab.com\/index.php?rest_route=\/wp\/v2\/types\/post"}],"author":[{"embeddable":true,"href":"https:\/\/www.zerdab.com\/index.php?rest_route=\/wp\/v2\/users\/1"}],"replies":[{"embeddable":true,"href":"https:\/\/www.zerdab.com\/index.php?rest_route=%2Fwp%2Fv2%2Fcomments&post=27295"}],"version-history":[{"count":2,"href":"https:\/\/www.zerdab.com\/index.php?rest_route=\/wp\/v2\/posts\/27295\/revisions"}],"predecessor-version":[{"id":27298,"href":"https:\/\/www.zerdab.com\/index.php?rest_route=\/wp\/v2\/posts\/27295\/revisions\/27298"}],"wp:featuredmedia":[{"embeddable":true,"href":"https:\/\/www.zerdab.com\/index.php?rest_route=\/wp\/v2\/media\/27296"}],"wp:attachment":[{"href":"https:\/\/www.zerdab.com\/index.php?rest_route=%2Fwp%2Fv2%2Fmedia&parent=27295"}],"wp:term":[{"taxonomy":"category","embeddable":true,"href":"https:\/\/www.zerdab.com\/index.php?rest_route=%2Fwp%2Fv2%2Fcategories&post=27295"},{"taxonomy":"post_tag","embeddable":true,"href":"https:\/\/www.zerdab.com\/index.php?rest_route=%2Fwp%2Fv2%2Ftags&post=27295"}],"curies":[{"name":"wp","href":"https:\/\/api.w.org\/{rel}","templated":true}]}}