{"id":27313,"date":"2019-07-09T09:56:47","date_gmt":"2019-07-09T05:56:47","guid":{"rendered":"http:\/\/www.zerdab.com\/?p=27313"},"modified":"2023-10-10T16:45:04","modified_gmt":"2023-10-10T12:45:04","slug":"ukraynada-s%c9%99lal%c9%99li-park-tikdirm%c9%99kd%c9%99ns%c9%99-g%c9%99lib-o-isi-z%c9%99rdabda-gordursun-isam%c9%99ddin-%c9%99hm%c9%99dovla-musahib%c9%99","status":"publish","type":"post","link":"https:\/\/www.zerdab.com\/?p=27313","title":{"rendered":"&#8220;\u018fkin\u00e7i&#8221; q\u0259zetinin redaktoru \u0130sam\u0259ddin \u018fhm\u0259dovla m\u00fcsahib\u0259"},"content":{"rendered":"\r\n<p><em>\u018fhm\u0259dov \u0130sam\u0259ddin Cavad o\u011flu 1954-c\u00fc il avqustun 18-d\u0259 Z\u0259rdab rayonunun M\u0259mm\u0259dqas\u0131ml\u0131 k\u0259ndind\u0259 do\u011fulub. <\/em><\/p>\r\n\r\n\r\n\r\n<p><em>M\u0259mm\u0259dqas\u0131ml\u0131 k\u0259nd orta m\u0259kt\u0259bini, Bak\u0131 T\u0259dris Kombinat\u0131n\u0131 bitirib v\u0259 Yum\u015faq taralar fabrikind\u0259 yard\u0131m\u00e7\u0131 f\u0259hl\u0259 i\u015fl\u0259yib. <\/em><\/p>\r\n\r\n\r\n\r\n<p><em>1979-cu ild\u0259 ADU-nun (indiki BDU) jurnalistika fak\u00fclt\u0259sini bitirib, \u201cDa\u015fk\u0259s\u0259n\u201d q\u0259zetinin m\u00fcxbiri, 1980-ci ild\u0259n Z\u0259rdab rayonunda \u00e7\u0131xan \u201c\u018fkin\u00e7i\u201d (o vaxtk\u0131 \u201cPamb\u0131q\u00e7\u0131\u201d) q\u0259zetinin m\u00fcxbiri, \u015f\u00f6b\u0259 m\u00fcdiri v\u0259zif\u0259l\u0259rind\u0259 \u00e7al\u0131\u015f\u0131b.<\/em><\/p>\r\n\r\n\r\n\r\n<p><em>1993-c\u00fc ild\u0259 Z\u0259rdab Rayon \u0130cra Hakimiyy\u0259tinin H\u00fcquq v\u0259 m\u00fcdafi\u0259 m\u0259s\u0259l\u0259l\u0259ri \u015f\u00f6b\u0259sind\u0259 m\u0259sl\u0259h\u0259t\u00e7i i\u015fl\u0259yib. H\u0259min ild\u0259n \u201c\u018fkin\u00e7i\u201d q\u0259zetinin redaktorudur.<\/em><\/p>\r\n\r\n\r\n\r\n<p><em>\u201cZ\u0259rdab rayonu haqq\u0131nda m\u0259lumat-sor\u011fu kitab\u0131\u201dn\u0131n (2003-c\u00fc il), \u201cYamanl\u0131q d\u00fcnyan\u0131n \u00f6z\u00fcn\u0259 qalar\u201d (\u015feirl\u0259r, 2004-c\u00fc il), \u201cTale qism\u0259ti\u201d (2004-c\u00fc il, Mira\u011fa Ba\u011f\u0131rovla h\u0259mm\u00fc\u0259llif), \u201cZ\u0259rdabl\u0131lar 1941-1945-ci ill\u0259r m\u00fcharib\u0259sind\u0259\u201d (2010-cu il), \u201cZ\u0259rdabdan c\u0259bh\u0259y\u0259 ged\u0259nl\u0259r: 1939-1945\u201d (2013-c\u00fc il), \u201cH\u0259s\u0259n b\u0259y Z\u0259rdabi: Se\u00e7ilmi\u015f m\u0259qal\u0259l\u0259ri v\u0259 m\u0259ktublar\u0131\u201d (rus dilind\u0259n t\u0259rc\u00fcm\u0259, 2016-c\u0131 il), \u201cL\u0259tif\u0259l\u0259r, \u0259hvalatlar, deyiml\u0259r\u201d (2019-cu il) kitablar\u0131n\u0131n m\u00fc\u0259llifi, 10-dan \u00e7ox kitab\u0131n redaktorudur.<\/em><\/p>\r\n\r\n\r\n\r\n<p><em><strong>\u0130sam\u0259ddin \u018fhm\u0259dovun Zerdab.com sayt\u0131na m\u00fcsahib\u0259sini t\u0259qdim edirik.<\/strong><\/em><\/p>\r\n\r\n\r\n\r\n<p><strong>-\u0130sam\u0259ddin m\u00fc\u0259llim, sizi Z\u0259rdabda b\u00f6y\u00fckd\u0259n ki\u00e7iy\u0259 dem\u0259k olar h\u0259r k\u0259s tan\u0131y\u0131r. D\u00fc\u015f\u00fcn\u00fcr\u0259m ki, bu t\u0259kc\u0259 sizin ictimai f\u0259aliyy\u0259tinizl\u0259 ba\u011fl\u0131 deyil, h\u0259m d\u0259 mehriban, b\u00f6y\u00fckl\u0259 b\u00f6y\u00fck, ki\u00e7ikl\u0259 ki\u00e7ik insan ola bilm\u0259yinizl\u0259 ba\u011fl\u0131d\u0131r. Ham\u0131m\u0131z\u0131n yax\u015f\u0131 tan\u0131d\u0131\u011f\u0131m\u0131z \u0130sam\u0259ddin \u018fhm\u0259dov \u00f6mr\u00fcn\u00fcn 64-c\u00fc bahar\u0131n\u0131 gerid\u0259 qoyub. Bu ya\u015fda d\u00fcnyaya \u0130sam\u0259ddin \u018fhm\u0259dovun g\u00f6z\u00fc il\u0259 baxsaq, indi g\u00f6r\u0259 bilm\u0259diyimiz n\u0259l\u0259ri g\u00f6r\u0259rik, indi anlaya bilm\u0259diyimiz n\u0259l\u0259ri anlayar\u0131q?<\/strong><\/p>\r\n\r\n\r\n\r\n<p><em>-Ya\u015fad\u0131\u011f\u0131m \u00f6m\u00fcr, \u00e7\u0259tinlikl\u0259ri, amans\u0131zl\u0131qlar\u0131, bir \u00e7ox hallarda \u0259dal\u0259tsizliyi il\u0259 qald\u0131 yad\u0131mda. H\u0259mi\u015f\u0259 d\u0259 \u0259dal\u0259tsizlikl\u0259r\u0259 qar\u015f\u0131 \u00e7\u0131xd\u0131m v\u0259 bunun ziyan\u0131n\u0131 \u00e7\u0259kdim. \u00c7ox vaxt m\u00fc\u0259lliml\u0259rim, h\u0259tta b\u0259z\u0259n atam da m\u0259ni ba\u015fa d\u00fc\u015fm\u0259dil\u0259r. 9-cu sinifd\u0259 oxuyanda bir g\u00fcn atam ev\u0259 hirsli g\u0259ldi v\u0259 dedi ki, s\u0259nin ax\u0131r\u0131n n\u0259 olacaq? Bayaq m\u0259kt\u0259biniz\u0259 getmi\u015fdim, b\u00fct\u00fcn m\u00fc\u0259lliml\u0259r s\u0259n\u0259 nifr\u0259t el\u0259yir&#8230;<\/em><\/p>\r\n\r\n\r\n\r\n<ul class=\"wp-block-list\">\r\n<li><strong>Bu nifr\u0259tin s\u0259b\u0259bi n\u0259 idi?<\/strong><\/li>\r\n<\/ul>\r\n\r\n\r\n\r\n<p><em>&#8211; \u018fks\u0259r m\u00fc\u0259lliml\u0259rim m\u0259nim, hans\u0131sa m\u00fc\u0259llimin ununu \u00e7iynimd\u0259 d\u0259yirmandan evl\u0259rin\u0259 aparmaq ist\u0259m\u0259m\u0259yimi h\u0259zm ed\u0259 bilmirdil\u0259r. N\u0259tic\u0259d\u0259, 8-ci sinfi bitirm\u0259k haqq\u0131nda \u015e\u0259had\u0259tnam\u0259md\u0259 m\u0259n\u0259, h\u0259tta \u0259n \u00e7ox sevdiyim v\u0259 \u0259n yax\u015f\u0131 bildiyim Ana (Az\u0259rbaycan) dilind\u0259n d\u0259 \u201c3\u201d yazd\u0131lar.<\/em><\/p>\r\n\r\n\r\n\r\n<p><strong>-Amma siz yen\u0259 \u00f6z yolunuzla gedirdiniz?<\/strong><\/p>\r\n\r\n\r\n\r\n<p><em>-16 ya\u015f\u0131m olanda orta m\u0259kt\u0259bi bitirdim v\u0259 valideynl\u0259rim Bak\u0131ya oxuma\u011fa getm\u0259yimi x\u0259yallar\u0131na da g\u0259tirmirdil\u0259r, \u00e7\u00fcnki atam pamb\u0131q\u00e7\u0131l\u0131q briqadiri idi, onun yan\u0131nda i\u015f d\u0259 \u00e7ox idi, qazanc da. H\u0259min g\u00fcnl\u0259rin birind\u0259, nahardan sonra atam m\u0259ni, i\u015f al\u0259tl\u0259ri g\u0259tirm\u0259k \u00fc\u00e7\u00fcn tarla d\u00fc\u015f\u0259rg\u0259sind\u0259n evimiz\u0259 g\u00f6nd\u0259rdi. Getdim v\u0259 anamdan 30 manat al\u0131b (10 manat da \u00f6z\u00fcmd\u0259 vard\u0131) t\u0259kba\u015f\u0131na Bak\u0131ya yolland\u0131m&#8230;<\/em><\/p>\r\n\r\n\r\n\r\n<p><strong>-Bak\u0131n\u0131 tan\u0131y\u0131rd\u0131n\u0131zm\u0131?<\/strong><\/p>\r\n\r\n\r\n\r\n<p><em>-Onda z\u0259rdabl\u0131lar Bak\u0131ya \u0259sas\u0259n Ucar d\u0259miryolu stansiyas\u0131ndan, qatarla gedirdil\u0259r; o vaxtlar Z\u0259rdab-Bak\u0131 mar\u015frutu il\u0259 yaln\u0131z s\u0259h\u0259rl\u0259r b\u0259rk oturacaql\u0131 \u201cPAZ\u201d markal\u0131 birc\u0259 avtobus i\u015fl\u0259yirdi, eyni markal\u0131 bir avtobus da h\u0259min g\u00fcn Z\u0259rdaba g\u0259lirdi. M\u0259n Bak\u0131ya qatarla getm\u0259li oldum, di g\u0259l ki, \u00f6mr\u00fcmd\u0259 n\u0259 Bak\u0131 g\u00f6rm\u00fc\u015fd\u00fcm, n\u0259 d\u0259 qatara minmi\u015fdim. Yax\u015f\u0131 ki, bir zamanlar m\u0259niml\u0259 bir m\u0259kt\u0259bd\u0259 oxuyan v\u0259 Bak\u0131ya getm\u0259y\u0259 haz\u0131rla\u015fan Asim adl\u0131 o\u011flanla Ucar va\u011fzal\u0131nda rastla\u015fd\u0131m&#8230;<\/em><\/p>\r\n\r\n\r\n\r\n<p><strong>-Sevgi \u015feirl\u0259ri d\u0259 yaz\u0131rs\u0131n\u0131z, d\u00fcnyadan, probleml\u0259rd\u0259n gileyl\u0259rinizi ifad\u0259 ed\u0259n \u015feirl\u0259r d\u0259. B\u0259s yazmaq ist\u0259diyiniz, amma yaza bilm\u0259diyiniz \u015feirl\u0259r d\u0259 varm\u0131?<\/strong><\/p>\r\n\r\n\r\n\r\n<p><em>-Yazmaq ist\u0259diyim, amma yaza bilm\u0259diyim v\u0259 y\u0259qin ki, he\u00e7 vaxt yaza bilm\u0259y\u0259c\u0259yim \u015feirl\u0259r yazd\u0131\u011f\u0131m \u015feirl\u0259rd\u0259n \u00e7oxdur.<\/em><\/p>\r\n\r\n\r\n\r\n<p><strong>-H\u0259s\u0259n b\u0259y Z\u0259rdabinin \u0259sas\u0131n\u0131 qoydu\u011fu q\u0259zetd\u0259 redaktor olmaq nec\u0259 bir hissdir?<\/strong><\/p>\r\n\r\n\r\n\r\n<p><em>-\u201c\u018fkin\u00e7i\u201dd\u0259 H\u0259s\u0259n b\u0259y Z\u0259rdabinin ruhu ya\u015fay\u0131r, \u201c\u018fkin\u00e7i\u201d m\u0259b\u0259dgahd\u0131r, baxmayaraq ki, Z\u0259rdabda raykomun I katibi \u00e7\u0259mb\u0259r\u0259k\u0259ndli Aslan Balab\u0259y o\u011flu Mirz\u0259zad\u0259 olanda raykomun m\u0259sul i\u015f\u00e7isi, erm\u0259ni Anton S\u0259rdarov \u201cZ\u0259rdab Staxanov\u00e7usu\u201d adlanan bu q\u0259zetin 1950-ci ilin yanvar\u0131nda m\u00fcv\u0259qq\u0259ti redaktoru, avqustunda redaktor \u0259v\u0259zi s\u0259lahiyy\u0259tl\u0259rini icra edib. \u0130sam\u0259ddin is\u0259 \u201c\u018fkin\u00e7i\u201dd\u0259 n\u0259 birinci, n\u0259 d\u0259 sonuncudur. \u201c\u018fkin\u00e7i\u201dnin redaktoru olmaq hissin\u0259 g\u0259linc\u0259, ad\u0131n\u0131 unutdu\u011fum \u015fair g\u00f6z\u0259l deyib:<\/em><\/p>\r\n\r\n\r\n\r\n<p><strong><em>El\u0259 bir v\u00fcs\u0259tl\u0259 d\u00f6vr edir h\u0259yat,<\/em><\/strong><\/p>\r\n\r\n\r\n\r\n<p><strong><em>Bilmirs\u0259n ax\u015famd\u0131, yoxsa s\u0259h\u0259rdi?<\/em><\/strong><\/p>\r\n\r\n\r\n\r\n<p><strong><em>Yazmasan, narahat, yazsan, narahat&#8230;<\/em><\/strong><\/p>\r\n\r\n\r\n\r\n<p><strong><em>Baxan da deyir ki, n\u0259 b\u0259xt\u0259v\u0259rdi!&#8230;<\/em><\/strong><\/p>\r\n\r\n\r\n\r\n<p><strong>-\u201c\u018fkin\u00e7i\u201d daimi oxucular\u0131 olan, region m\u0259tbuat\u0131 aras\u0131nda f\u0259all\u0131\u011f\u0131 il\u0259 se\u00e7il\u0259n m\u0259tbu orqanlardan biridir. H\u0259tta Bak\u0131da ya\u015fayan h\u0259myerlil\u0259rimiz aras\u0131nda da bu q\u0259zet\u0259 abun\u0259 olub po\u00e7tla evin\u0259 g\u0259tizdir\u0259nl\u0259rin oldu\u011funu bilir\u0259m&#8230;<\/strong><\/p>\r\n\r\n\r\n\r\n<p><em>-Bel\u0259 h\u0259myerlil\u0259rimizin birincisi Siz oldunuz, Nicat m\u00fc\u0259llim, sonra is\u0259 Az\u0259rbaycan R\u0259ssamlar v\u0259 Memarlar ittifaqlar\u0131n\u0131n \u00fczv\u00fc H\u00fcseyna\u011fa m\u00fc\u0259llim H\u0259s\u0259nov v\u0259 b.<\/em><\/p>\r\n\r\n\r\n\r\n<p><strong>-Etiraf edim ki, bu g\u00fcn\u0259d\u0259k Siz\u0259 &#8211; H\u0259s\u0259n b\u0259y Z\u0259rdabi \u0259n\u0259n\u0259l\u0259rini ya\u015fadan q\u0259zetin redaktoruna, d\u0259y\u0259rli ziyal\u0131ya niy\u0259 \u201c\u018fm\u0259kdar jurnalist\u201d ad\u0131 verilm\u0259diyin\u0259 t\u0259\u0259cc\u00fcb edir\u0259m. M\u0259nc\u0259, bu h\u0259m \u201c\u018fkin\u00e7i\u201dsev\u0259rl\u0259r\u0259 \u015fad x\u0259b\u0259r olard\u0131, h\u0259m d\u0259 biz h\u0259myerlil\u0259rinizi sevindir\u0259rdi.<\/strong><\/p>\r\n\r\n\r\n\r\n<p><em>-\u201c\u018fkin\u00e7i\u201d q\u0259zetinin 27 ildir redaktoru olan \u0130sam\u0259ddin \u018fhm\u0259dova \u201c\u018fm\u0259kdar jurnalist\u201d ad\u0131 verils\u0259ydi, bax, m\u0259n buna t\u0259\u0259cc\u00fcbl\u0259n\u0259rdim.<\/em><\/p>\r\n\r\n\r\n\r\n<p><strong>-\u201c\u018fkin\u00e7i\u201d q\u0259zetinin maliyy\u0259 v\u0259 texniki imkanlar\u0131 n\u0259 v\u0259ziyy\u0259td\u0259dir?<\/strong><\/p>\r\n\r\n\r\n\r\n<p><em>-Manat k\u0259skin ucuzla\u015fana q\u0259d\u0259r 1300-\u0259 \u00e7atan abun\u0259miz 800-\u0259 endi, h\u0259r h\u0259ft\u0259 \u00e7\u0131xan q\u0259zetimiz ayda 2 d\u0259f\u0259 n\u0259\u015fr olunma\u011fa ba\u015flad\u0131, h\u0259tta 2 \u015f\u0259b\u0259k\u0259 telefonumuzun birind\u0259n imtina etm\u0259li olduq. M\u0259n bil\u0259ni, haz\u0131rda Z\u0259rdab rayonunda t\u0259qrib\u0259n 350-540 manataras\u0131 m\u0259vacib alan 17 molla var. Sovet d\u00f6n\u0259mind\u0259 3100 n\u00fcsx\u0259 il\u0259 \u00e7ap olunan \u201c\u018fkin\u00e7i\u201dnin is\u0259 o zamanlar m\u0259tb\u0259\u0259mizl\u0259 birlikd\u0259 24 i\u015f\u00e7isi oldu\u011fu halda, indi c\u0259mi 4 n\u0259f\u0259r qalm\u0131\u015f\u0131q, orta maa\u015f 185 manatdan \u00e7ox deyil.<\/em><\/p>\r\n\r\n\r\n\r\n<p><strong>&#8211; Prezident yan\u0131nda K\u0130V-l\u0259rin inki\u015faf\u0131na D\u00f6vl\u0259t d\u0259st\u0259yi Fondunun q\u0259zetl\u0259r\u0259 ay\u0131rd\u0131\u011f\u0131 maliyy\u0259 yard\u0131m\u0131ndan \u201c\u018fkin\u00e7i\u201d q\u0259zeti d\u0259 yararlan\u0131rm\u0131?<\/strong><\/p>\r\n\r\n\r\n\r\n<p><em>-O Fond 2011-ci ild\u0259 rayon q\u0259zetl\u0259rin\u0259 \u00c7in istehsal\u0131 olan 1 \u0259d\u0259d diktafondan, 1 \u0259d\u0259d fotoaparatdan, 1 \u0259d\u0259d printerd\u0259n v\u0259 1 \u0259d\u0259d noutbukdan ibar\u0259t texniki d\u0259st\u0259k verdi. Amma o d\u0259st\u0259yin \u00f6z\u00fcnd\u0259 d\u0259 anla\u015f\u0131lmas\u0131 \u00e7\u0259tin olan m\u0259qamlar vard\u0131 v\u0259 biz, bir ne\u00e7\u0259 rayon q\u0259zetinin redaktoru bununla ba\u011fl\u0131 fikrimizi bildir\u0259nd\u0259 Fondda dedil\u0259r ki, sizin m\u0259qs\u0259diniz bizim f\u0259aliyy\u0259timiz\u0259 k\u00f6lg\u0259 salmaqd\u0131r? G\u0259l\u0259c\u0259k layih\u0259l\u0259rd\u0259n k\u0259narda qalmaq ist\u0259yirsiniz?\u2026 Ac\u0131 h\u0259qiq\u0259t budur ki, o yard\u0131m, Fondun bizim q\u0259zetl\u0259r\u0259 ilk v\u0259 son d\u0259st\u0259yi oldu v\u0259 Fonddak\u0131lar son 8 ild\u0259 region m\u0259tbuat\u0131n\u0131n inki\u015faf\u0131 namin\u0259 he\u00e7 n\u0259 etm\u0259yibl\u0259r, he\u00e7 n\u0259!<\/em><\/p>\r\n\r\n\r\n\r\n<p><strong>-Region q\u0259zetinin redaktoru olaraq bu g\u00fcn Sizi narahat ed\u0259n n\u0259l\u0259rdir?<\/strong><\/p>\r\n\r\n\r\n\r\n<p><em>-1 manat bel\u0259 borcumuz olmad\u0131\u011f\u0131 halda, DSMF G\u00f6y\u00e7ay rayon \u015f\u00f6b\u0259sinin bu ilin mart\u0131nda hesab\u0131m\u0131zdan s\u0259r\u0259ncamla 932 manat\u0131 q\u0259sb etm\u0259kl\u0259 bizi Novruz bayram\u0131n\u0131 maa\u015fs\u0131z ke\u00e7irm\u0259y\u0259 m\u0259cbur etm\u0259si;<\/em><\/p>\r\n\r\n\r\n\r\n<p><em>-FHN Aran regional yan\u011f\u0131n n\u0259zar\u0259ti \u015f\u00f6b\u0259sinin q\u0259r\u0259z s\u0259b\u0259bind\u0259n q\u0259zetimiz\u0259 100 manat c\u0259rim\u0259 yazmas\u0131; <\/em><\/p>\r\n\r\n\r\n\r\n<p><em>-\u201cAztelekom\u201d Z\u0259rdab \u015f\u00f6b\u0259sinin onlara yaranm\u0131\u015f 150 manat borcumuza g\u00f6r\u0259 q\u0259zetimizi \u015e\u0259ki \u0130nzibati iqtisadi m\u0259hk\u0259m\u0259sin\u0259 ver\u0259c\u0259yi bar\u0259d\u0259 redaksiyam\u0131za r\u0259smi ultimatum g\u00f6nd\u0259rm\u0259si.<\/em><\/p>\r\n\r\n\r\n\r\n<p><em>-Z\u0259rdab elektrik \u015f\u0259b\u0259k\u0259sinin he\u00e7 bir \u0259sas olmadan biz\u0259 min manat enerji haqq\u0131 borcu yazmas\u0131.<\/em><\/p>\r\n\r\n\r\n\r\n<p><em>V\u0259 t\u0259s\u0259vv\u00fcr edirsinizmi, m\u0259n redaktor olaraq q\u0259zeti vaxtl\u0131-vaxt\u0131nda haz\u0131rlamaq i\u015find\u0259n \u00e7ox, q\u0259zeti bel\u0259 badalaqquranlardan qorumaq i\u015fin\u0259 art\u0131q vaxt v\u0259 z\u0259hm\u0259t s\u0259rf etm\u0259y\u0259 m\u0259cburam.<\/em><\/p>\r\n\r\n\r\n\r\n<p><strong>-\u0130sam\u0259ddin m\u00fc\u0259llim, cavab tapa bilm\u0259diyiniz suallar varm\u0131?<\/strong><\/p>\r\n\r\n\r\n\r\n<p><em>-El\u0259 suallar \u00e7oxdur v\u0259 deyim hans\u0131lard\u0131r.<\/em><\/p>\r\n\r\n\r\n\r\n<p><em>1. Region m\u0259tbuat\u0131 \u00fc\u00e7\u00fcn niy\u0259 region m\u0259tb\u0259\u0259si tikilmir?<\/em><\/p>\r\n\r\n\r\n\r\n<p><em>2. M\u00fcxalif\u0259t adlanan q\u0259zetl\u0259r\u0259 d\u0259 maliyy\u0259 d\u0259st\u0259yi g\u00f6st\u0259rildiyi halda, rayon q\u0259zetl\u0259rinin ad\u0131 niy\u0259 he\u00e7 bir d\u0259ft\u0259rd\u0259 yoxdur?<\/em><\/p>\r\n\r\n\r\n\r\n<p><em>3. Jurnalistin m\u0259nzil almas\u0131n\u0131n ilk \u015f\u0259rti niy\u0259 onun m\u00fctl\u0259q Bak\u0131da ya\u015famas\u0131 olmal\u0131d\u0131r? Halbuki sovetl\u0259r d\u00f6n\u0259mind\u0259 m\u0259nzil m\u0259c\u0259ll\u0259sin\u0259 \u0259sas\u0259n region jurnalistl\u0259rin\u0259 d\u0259 n\u00f6vb\u0259d\u0259nk\u0259nar m\u0259nzil, yarad\u0131c\u0131l\u0131q \u00fc\u00e7\u00fcn \u0259lav\u0259 otaq da verilirdi. <\/em><\/p>\r\n\r\n\r\n\r\n<p><em>\u0130st\u0259rdik ki, region K\u0130V-l\u0259rin\u0259 maliyy\u0259 d\u0259st\u0259yi fond vasit\u0259sil\u0259 deyil, bilavasit\u0259 \u00fcnvanl\u0131 \u015f\u0259kild\u0259, birba\u015fa redaksiyalara g\u00f6st\u0259ril\u0259ydi. Yerli q\u0259zetl\u0259ri b\u00fcdc\u0259d\u0259n maliyy\u0259l\u0259\u015fdirm\u0259k, m\u0259nc\u0259, d\u00f6vl\u0259timizi kas\u0131b salmaz, h\u0259m d\u0259 bu, problemin daha \u0259dal\u0259tli h\u0259lli olard\u0131 v\u0259 region m\u0259tbuat\u0131n\u0131 maliyy\u0259 s\u0131x\u0131nt\u0131lar\u0131ndan xilas ed\u0259rdi.<\/em><\/p>\r\n\r\n\r\n\r\n<p><strong>-B\u0259s indi q\u0259zet hans\u0131 m\u0259nb\u0259d\u0259n maliyy\u0259l\u0259\u015fir?<\/strong><\/p>\r\n\r\n\r\n\r\n<p><em>-Fonddak\u0131lardan f\u0259rqli olaraq q\u0259zetimizin h\u0259mt\u0259sis\u00e7isi, Z\u0259rdab rayon icra hakimiyy\u0259tinin r\u0259hb\u0259rliyi q\u0259zeti d\u0259y\u0259rl\u0259ndirir, abun\u0259 vasit\u0259sil\u0259 ona maliyy\u0259 d\u0259st\u0259yi verir. Bu d\u0259st\u0259k olmasayd\u0131, \u201c\u018fkin\u00e7i\u201d f\u0259aliyy\u0259tini \u00e7oxdan dayand\u0131rmal\u0131 olard\u0131 v\u0259 onu da deyim ki, L\u00fctv\u0259li Babayev Z\u0259rdab rayonuna \u0130H ba\u015f\u00e7\u0131s\u0131 t\u0259yin olunanda g\u00f6r\u00fc\u015fd\u00fcy\u00fc ilk kollektiv biz olduq, h\u00f6rm\u0259tli ba\u015f\u00e7\u0131 redaksiyam\u0131za komp\u00fcter, printer v\u0259 kondisioner d\u0259 h\u0259diyy\u0259 etdi. Lakin bir reall\u0131\u011f\u0131 da dem\u0259s\u0259m olmaz: rayon icra hakimiyy\u0259tinin rayon q\u0259zetini maliyy\u0259l\u0259\u015fdirm\u0259si \u00fc\u00e7\u00fcn mexanizm, konkret maliyy\u0259 m\u0259nb\u0259yi m\u00f6vcud deyil. Biz rayon q\u0259zet\u00e7il\u0259ri d\u00f6vl\u0259t qulluq\u00e7usu say\u0131lmasaq da, bu d\u00f6vl\u0259t\u0259 qulluq edirik, bu d\u00f6vl\u0259tin q\u0259zet\u00e7isiyik. Biz, baqqal d\u00fckan\u0131 sahibi kimi f\u0259aliyy\u0259t g\u00f6st\u0259r\u0259n v\u0259 ya saxta m\u00fcxalif\u0259t libas\u0131na b\u00fcr\u00fcn\u0259n q\u0259zet\u00e7il\u0259rd\u0259n f\u0259rqli olaraq hara g\u0259ldi soxulmaqdan, c\u0259ng\u0259llikl\u0259rd\u0259n d\u0259 \u00f6z\u00fcn\u0259 yol a\u00e7maq v\u0259 da\u015fdan da pul \u00e7\u0131xarmaq instinktind\u0259n m\u0259hrumuq.<\/em><\/p>\r\n\r\n\r\n\r\n<p><strong>-Rayonumuzdan olan v\u0259 haz\u0131rda m\u00fcxt\u0259lif qurumlarda \u00e7al\u0131\u015fan, aktiv f\u0259aliyy\u0259t g\u00f6st\u0259r\u0259n ziyal\u0131lar \u00e7oxdur. Ancaq onlar\u0131n b\u0259zil\u0259ri rayonumuzdan sanki uzaq d\u00fc\u015f\u00fcbl\u0259r. Bu ziyal\u0131lar\u0131 \u0259slind\u0259 rayonumuza m\u00fcnasib\u0259td\u0259 nec\u0259 g\u00f6rm\u0259k ist\u0259rdiniz?<\/strong><\/p>\r\n\r\n\r\n\r\n<p><em>-Ola bil\u0259r ki, bir insan\u0131n ali t\u0259hsili, lap el\u0259 elmi d\u0259r\u0259c\u0259si d\u0259 olsun, amma o, ziyal\u0131 olmas\u0131n. Qarav\u0259lli k\u0259ndind\u0259n G\u00f6y\u00fc\u015f Qanbayev Sibird\u0259 \u00e7al\u0131\u015f\u0131rd\u0131. 1990-c\u0131 ill\u0259rd\u0259 Z\u0259rdaba g\u0259ldi, h\u0259m c\u0259bh\u0259d\u0259 vuru\u015fan h\u0259rb\u00e7il\u0259rimiz\u0259, h\u0259m d\u0259 \u201c\u018fkin\u00e7i\u201d q\u0259zetin\u0259 maliyy\u0259 yard\u0131m\u0131 g\u00f6st\u0259rdi. Ukraynada tan\u0131nm\u0131\u015f i\u015f adam\u0131 olan bir h\u0259myerlimiz d\u0259 vard\u0131. Onun haqq\u0131nda q\u0259zetimiz\u0259 m\u0259qal\u0259 g\u0259tirmi\u015fdil\u0259r, yazm\u0131\u015fd\u0131lar ki, Ukraynada park v\u0259 \u015f\u0259lal\u0259 in\u015fa etdirib. Dedim ki, o adam \u00f6z k\u0259ndl\u0259rinin b\u0259rbad yolunu abadla\u015fd\u0131rsayd\u0131, Z\u0259rdabda balaca bir park in\u015fa etdirs\u0259ydi, onun yaz\u0131s\u0131n\u0131 v\u0259 \u015f\u0259klini lap el\u0259 1-ci s\u0259hif\u0259d\u0259 ver\u0259rdik\u2026<\/em><\/p>\r\n\r\n\r\n\r\n<p><strong>-\u00c7oxlu pulunuz olmad\u0131\u011f\u0131 \u00fc\u00e7\u00fcn t\u0259\u0259ss\u00fcfl\u0259nmisinizmi?<\/strong><\/p>\r\n\r\n\r\n\r\n<p><em>-H\u0259mi\u015f\u0259 Allahdan dil\u0259mi\u015f\u0259m ki, m\u0259n\u0259 \u00e7ox pul qism\u0259t el\u0259m\u0259sin, \u00e7\u00fcnki \u00e7ox pul \u00f6z\u00fc il\u0259 d\u0259rd-b\u0259la g\u0259tirir.<\/em><\/p>\r\n\r\n\r\n\r\n<p><strong>-B\u0259s, \u00e7oxlu pulunuz olsayd\u0131, hans\u0131 i\u015fl\u0259r\u0259 x\u0259rcl\u0259y\u0259rdiniz, H\u0259cc ziyar\u0259tin\u0259 ged\u0259rdinizmi?<\/strong><\/p>\r\n\r\n\r\n\r\n<p><em>-\u00c7ox pulum olsayd\u0131 z\u0259ruri \u0259rzaq d\u00fckanlar\u0131ndak\u0131 borclular siyah\u0131s\u0131n\u0131 l\u0259\u011fv etdir\u0259r, k\u0259ndimizin yoluna asfalt vurdurar, bulaq tikdir\u0259rdim. H\u0259cc\u0259 g\u0259linc\u0259, qorxuram ki, H\u0259cc ziyar\u0259tin\u0259 \u00f6d\u0259nil\u0259n pullar\u0131 yeni Qa\u015f\u0131q\u00e7\u0131 cinay\u0259tl\u0259rin\u0259 y\u00f6nl\u0259ndir\u0259rl\u0259r.<\/em><\/p>\r\n\r\n\r\n\r\n<p><strong><em>&#8211;<\/em><\/strong><strong>Rayonumuzun q\u0259dim k\u0259ndl\u0259ri, tarixi ara\u015fd\u0131rma apar\u0131lmas\u0131na ehtiyac olan ya\u015fay\u0131\u015f m\u0259sk\u0259nl\u0259ri \u00e7oxdur. Bunlarla ba\u011fl\u0131 vaxta\u015f\u0131r\u0131 sizin d\u0259 m\u0259qal\u0259l\u0259rinizi oxuyuruq. Sizc\u0259, \u0259sas\u0259n hans\u0131 \u0259razil\u0259rd\u0259 ara\u015fd\u0131rma apar\u0131lmas\u0131na ehtiyac var v\u0259 n\u0259 maraql\u0131 n\u0259tic\u0259l\u0259ri ola bil\u0259r?<\/strong><\/p>\r\n\r\n\r\n\r\n<p><em>-Xanm\u0259mm\u0259dli k\u0259ndi \u0259razisind\u0259ki I \u0259sr\u0259 aid k\u00fcp q\u0259birl\u0259r nekropolu (\u00f6l\u00fc \u015f\u0259h\u0259r) m\u00fch\u00fcm tarix v\u0259 m\u0259d\u0259niyy\u0259t abid\u0259sidir. D\u0259li Qu\u015f\u00e7u k\u0259ndi \u0259razisind\u0259ki A\u011ft\u0259p\u0259 kurqanlar\u0131, Yuxar\u0131 Seyidl\u0259r-K\u00f6rp\u00fck\u0259nd k\u0259ndl\u0259ri \u0259razisind\u0259 m\u00f6vcud olmu\u015f Yeray\u0131z \u015f\u0259h\u0259rinin qal\u0131qlar\u0131, M\u0259likumudlu \u0259razisind\u0259ki q\u0259dim ya\u015fay\u0131\u015f m\u0259sk\u0259nl\u0259ri, Abbasqulu a\u011fa Bak\u0131xanovun yazd\u0131\u011f\u0131 kimi, 1775-ci ild\u0259 \u015eirvan\u0131n paytaxt\u0131 olmu\u015f \u018flv\u0259nd k\u0259ndinin tarixi \u0259razil\u0259ri pe\u015f\u0259kar ara\u015fd\u0131rma\u00e7\u0131lar\u0131n\u0131 g\u00f6zl\u0259yir. Bu ara\u015fd\u0131rmalar Az\u0259rbaycan tarixinin b\u0259zi qaranl\u0131q m\u0259qamlar\u0131na i\u015f\u0131q sala bil\u0259r.<\/em><\/p>\r\n\r\n\r\n\r\n<p><strong>-Rayonumuzdan uzaqda ya\u015fayanlar aras\u0131nda onun h\u0259sr\u0259tini \u00e7\u0259k\u0259nl\u0259r, \u00fcr\u0259yi daim bura il\u0259 d\u00f6y\u00fcn\u0259nl\u0259r \u00e7oxdur. Bu insanlarla ba\u011fl\u0131 rayonumuzun q\u0259zetinin ba\u015f redaktoru olaraq siz daha \u00e7ox m\u0259lumatl\u0131s\u0131n\u0131z. Kimisi \u00f6z k\u0259ndind\u0259 evi olmas\u0131n\u0131 ist\u0259yir, kimisi bu bo\u015flu\u011fu tez-tez do\u011fma torpa\u011fa g\u0259lib-getm\u0259kl\u0259 doldurur v\u0259 s. \u0130st\u0259rdik bu bar\u0259d\u0259 bildikl\u0259rinizd\u0259n, tan\u0131d\u0131qlar\u0131n\u0131zdan, e\u015fitdikl\u0259rinizd\u0259n dan\u0131\u015fas\u0131n\u0131z.<\/strong><\/p>\r\n\r\n\r\n\r\n<p><em>-Bir zamanlar h\u0259m Z\u0259rdab \u015f\u0259h\u0259rind\u0259, h\u0259m d\u0259 q\u0259s\u0259b\u0259 v\u0259 k\u0259ndl\u0259rimizd\u0259 elektrik, qaz, k\u0259nd t\u0259s\u0259rr\u00fcfat\u0131 texnikas\u0131, su problemi vard\u0131 v\u0259 o vaxtlar Bak\u0131ya, yax\u0131n v\u0259 uzaq xaric\u0259 ged\u0259nl\u0259ri q\u0131nam\u0131rd\u0131m. Amma indi o probleml\u0259r aradan qald\u0131r\u0131l\u0131b v\u0259 daimi ya\u015fay\u0131\u015f \u00fc\u00e7\u00fcn do\u011fma yurda qay\u0131dan dost-tan\u0131\u015flar\u0131m\u0131n say\u0131 o q\u0259d\u0259r \u00e7oxdur ki, saymaqla qurtarmaz. \u018flb\u0259tt\u0259, onlar\u0131 alq\u0131\u015flay\u0131ram. Di g\u0259l ki, bu g\u00fcnl\u0259rd\u0259 bir dostum dedi ki, o\u011flum, n\u0259v\u0259l\u0259rim t\u0259kid ed\u0259r\u0259k k\u0259nd\u0259 qay\u0131d\u0131blar, amma balacalar oynama\u011fa u\u015faq tapm\u0131rlar\u2026 Onu da deyim ki, getdikl\u0259ri yerl\u0259rd\u0259 a\u011f\u0131r \u015f\u0259raitd\u0259 ya\u015fayaraq geri qay\u0131tmayanlar\u0131 ba\u015fa d\u00fc\u015fm\u00fcr\u0259m v\u0259 kimins\u0259 h\u0259m Bak\u0131da, h\u0259m d\u0259 do\u011fma elind\u0259 evi olmas\u0131n\u0131 da alq\u0131\u015flay\u0131ram. M\u0259nc\u0259, k\u0259ndd\u0259 b\u00f6y\u00fcy\u0259n insan\u0131n aya\u011f\u0131 torpaqdan \u00fcz\u00fcl\u0259nd\u0259 o h\u0259m laqeydl\u0259\u015fir, h\u0259m d\u0259 acizl\u0259\u015fir.<\/em><\/p>\r\n\r\n\r\n\r\n<p><strong>-Az\u0259rbaycan\u0131n bir \u00e7ox b\u00f6lg\u0259l\u0259rind\u0259 oldu\u011fu kimi, son ill\u0259r rayonumuzda da xeyli i\u015f g\u00f6r\u00fcl\u00fcb, m\u0259kt\u0259bl\u0259r, u\u015faq ba\u011f\u00e7alar\u0131 tikilib, t\u0259mir olunub, yeni sosial-ictimai obyektl\u0259r istifad\u0259y\u0259 verilib. <\/strong><strong>T\u0259bii ki, g\u00f6r\u00fcl\u0259si i\u015fl\u0259r \u00e7oxdur. Siz rayonumuzu nec\u0259 g\u00f6rm\u0259k ist\u0259rdiniz?<\/strong><\/p>\r\n\r\n\r\n\r\n<p><em>-Z\u0259rdab\u0131n iqlimi v\u0259 co\u011frafi m\u00f6vqeyi yay turizmi \u00fc\u00e7\u00fcn \u00e7ox \u0259lveri\u015flidir. K\u00fcr v\u0259 T\u00fcryan\u00e7ay (Qarasu) \u00e7ay\u0131 Z\u0259rdab \u015f\u0259h\u0259rind\u0259 qovu\u015fur, K\u00fcr B\u0131\u00e7aq\u00e7\u0131dan Otmanobayad\u0259k, \u00e7ay g\u0259mil\u0259rinin \u00fcz\u0259 bil\u0259c\u0259yi 85 km. uzan\u0131r v\u0259 Z\u0259rdab\u0131 B\u0259rd\u0259, A\u011fcab\u0259di, Beyl\u0259qan, \u0130mi\u015fli v\u0259 K\u00fcrd\u0259mir rayonlar\u0131 il\u0259 birl\u0259\u015fdirir. Bu yerl\u0259ri g\u0259mi il\u0259 g\u0259zm\u0259y\u0259 g\u00fcnl\u0259r laz\u0131md\u0131r. Sahill\u0259r is\u0259 kifay\u0259t q\u0259d\u0259r me\u015f\u0259likl\u0259rdir. Bu \u00e7ay\u0131n, el\u0259 T\u00fcryan\u00e7ay\u0131n da sahilind\u0259 \u00e7im\u0259rlikl\u0259r, su idman\u0131 m\u0259rk\u0259zl\u0259ri yaratmaq \u00fc\u00e7\u00fcn \u0259la t\u0259bii \u015f\u0259rait var. 1980-ci ill\u0259rd\u0259 avar\u00e7\u0259km\u0259 \u00fczr\u0259 SSR\u0130 y\u0131\u011fma komandas\u0131 m\u0259sul yar\u0131\u015flar \u0259r\u0259f\u0259sind\u0259 m\u0259hz Z\u0259rdabda&#8211;K\u00fcr \u00e7ay\u0131nda m\u0259\u015fq ke\u00e7irdi v\u0259 bu bar\u0259d\u0259 \u201c\u018fkin\u00e7i\u201dd\u0259 yaz\u0131lar d\u0259rc edirdik. D\u00fc\u015f\u00fcn\u00fcr\u0259m ki, Ukraynada \u015f\u0259lal\u0259li park tikm\u0259kd\u0259ns\u0259, Z\u0259rdabda m\u00fcasir standartlara uy\u011fun turizm-istirah\u0259t-idman zonalar\u0131 yarad\u0131lsa, daha b\u00f6y\u00fck maraq do\u011furar v\u0259 fayda g\u0259tir\u0259r. <\/em><\/p>\r\n\r\n\r\n\r\n<p><strong>-Bak\u0131da tan\u0131\u015f oldu\u011fum, s\u00f6hb\u0259tl\u0259\u015fdiyim insanlara haral\u0131 oldu\u011fumu dey\u0259n zaman \u201co rayonun insanlar\u0131 \u00e7ox sakit, s\u0259mimi, mehriban olurlar\u201d deyirl\u0259r. H\u0259rd\u0259n d\u00fc\u015f\u00fcn\u00fcr\u0259m ki, bunun s\u0259b\u0259bi n\u0259dir?<\/strong><\/p>\r\n\r\n\r\n\r\n<p><em>-Var-d\u00f6vl\u0259tin azl\u0131\u011f\u0131, q\u0259lbin safl\u0131\u011f\u0131! \u0130nsan \u00e7ox varlananda s\u0259rv\u0259tini nec\u0259 art\u0131rmaq bar\u0259d\u0259 d\u00fc\u015f\u00fcn\u00fcr. \u00a0Kas\u0131b is\u0259\u2026 \u00c7ox-\u00e7ox ill\u0259r qabaq bir n\u0259f\u0259rl\u0259 rastla\u015fd\u0131m. Z\u0259rdabl\u0131 oldu\u011fumu bil\u0259nd\u0259 m\u0259n\u0259 o q\u0259d\u0259r h\u00f6rm\u0259t v\u0259 ehtiramla yana\u015fd\u0131 ki! S\u0259b\u0259bini soru\u015fdum. Dedi 1980-ci ill\u0259rd\u0259 Z\u0259rdab \u0259razisind\u0259 aerofoto\u015f\u0259kill\u0259ri d\u0259qiql\u0259\u015fdirm\u0259k i\u015find\u0259 \u00e7al\u0131\u015f\u0131rd\u0131m, b\u00fct\u00fcn g\u00fcn\u00fc \u00e7\u00f6ll\u0259rd\u0259, k\u0259ndl\u0259rd\u0259 idik. Sizin insanlara heyran oldum. Onlar tan\u0131mad\u0131qlar\u0131 qonaqlara da salam verirl\u0259r, m\u0259n \u00e7\u00f6ll\u0259rd\u0259 i\u015fl\u0259y\u0259nd\u0259 is\u0259, bir d\u0259 g\u00f6r\u00fcrd\u00fcm ki, ah\u0131l bir ki\u015fi g\u00fcn\u00fcn istisind\u0259 m\u0259n\u0259 qarp\u0131z, \u00e7\u00f6r\u0259k, \u015for-pendir g\u0259tirib&#8230;<\/em><\/p>\r\n\r\n\r\n\r\n<p><strong>-\u0130sam\u0259ddin m\u00fc\u0259llim jurnalist olmasayd\u0131, ba\u015fqa hans\u0131 sah\u0259d\u0259 u\u011fur qazanard\u0131?<\/strong><\/p>\r\n\r\n\r\n\r\n<p><em>-5-ci sinifd\u0259 oxuyanda m\u0259kt\u0259bimizin \u201cSancaq\u201d satirik divar q\u0259zetinin r\u0259ssam\u0131 idim, sonralar m\u00fc\u0259llimimiz m\u0259ni Abramov soyadl\u0131 \u015fagirdl\u0259 \u0259v\u0259z el\u0259di. Amma \u00f6z\u00fcm \u00fc\u00e7\u00fcn r\u0259sml\u0259r, portretl\u0259r \u00e7\u0259kirdim, yax\u015f\u0131 da \u00e7\u0131x\u0131rd\u0131. Bak\u0131 R\u0259ssaml\u0131q m\u0259kt\u0259bin\u0259 s\u0259n\u0259d d\u0259 verdim, u\u011fursuz oldu. Bununla bel\u0259, jurnalist olmasayd\u0131m y\u0259qin ki, r\u0259ssaml\u0131q ed\u0259rdim.<\/em><\/p>\r\n\r\n\r\n\r\n<p><strong>\u00a0-K\u0130V-l\u0259ri d\u00f6rd\u00fcnc\u00fc hakimiyy\u0259t d\u0259 adland\u0131r\u0131rlar.<\/strong><\/p>\r\n\r\n\r\n\r\n<p><em>-G\u00fcnl\u0259rin birind\u0259 M\u0259tbuat \u015euras\u0131n\u0131n \u015e\u0131x \u00e7im\u0259rliyind\u0259 t\u0259\u015fkil olunan m\u0259rasimin\u0259 \u00e7a\u011f\u0131r\u0131ld\u0131m. Yeri g\u0259lmi\u015fk\u0259n, \u018fflatun m\u00fc\u0259llim\u0259 minn\u0259tdaram ki, x\u0259b\u0259rim olmadan m\u0259ni Ali Media m\u00fckafat\u0131 il\u0259 t\u0259ltif etmi\u015fdil\u0259r. Amma o \u00e7im\u0259rliyin qap\u0131\u00e7\u0131lar\u0131 biz jurnalistl\u0259rl\u0259 bizim a\u011falar\u0131m\u0131z kimi davrand\u0131lar v\u0259 bizi \u0259raziy\u0259 buraxmaq ist\u0259m\u0259dil\u0259r. Q\u0131zmar g\u00fcn\u0259\u015f alt\u0131nda darvaza \u00f6n\u00fcnd\u0259 1 saat g\u00f6zl\u0259m\u0259li olduq, n\u0259hay\u0259t, M\u015e r\u0259hb\u0259rliyin\u0259 z\u0259ng etm\u0259kl\u0259 i\u00e7\u0259ri girm\u0259yimiz\u0259 raz\u0131l\u0131q verdil\u0259r. M\u0259n o g\u00fcn Bak\u0131da, \u0259n az\u0131ndan \u015e\u0131x \u00e7im\u0259rliyind\u0259 \u00f6z\u00fcm\u00fc q\u0259zet redaktoru yox, yadplanetli<\/em><em>,<\/em><em> kiborq kimi hiss el\u0259dim, m\u0259n\u0259 el\u0259 g\u0259ldi ki, 6 il t\u0259hsil ald\u0131\u011f\u0131m, 2 il i\u015fl\u0259diyim Bak\u0131da yox, q\u0259rib, yad \u015f\u0259h\u0259rd\u0259y\u0259m. Halbuki t\u0259l\u0259b\u0259lik ill\u0259rind\u0259 m\u0259n jurnalist oldu\u011fum vaxtlardak\u0131ndan s\u0259rb\u0259st idim, \u201cplyaj i\u015f\u00e7il\u0259ri\u201d m\u0259niml\u0259 bel\u0259 davrana bilm\u0259zdil\u0259r. Bax, b\u00fct\u00fcn bunlara g\u00f6r\u0259 jurnalistikan\u0131 he\u00e7 bir pe\u015f\u0259y\u0259 d\u0259yi\u015fm\u0259r\u0259m.<\/em><\/p>\r\n\r\n\r\n\r\n<p><strong>-\u201cKi\u015fil\u0259r a\u011flamaz\u201d, deyirl\u0259r. B\u0259s sizc\u0259, ki\u015fil\u0259r n\u0259 vaxt a\u011flayar?<\/strong><\/p>\r\n\r\n\r\n\r\n<p><em>-A\u011flad\u0131qca ki\u015fi biqeyr\u0259t olur&#8230;-Bunu M.\u018f. Sabir deyib. Amma m\u0259rdin qovula-qovula nam\u0259rdl\u0259\u015fdirilm\u0259sin\u0259 laqeyd qalmaq olmaz. Kims\u0259 m\u0259niml\u0259 eyni universitetin eyni auditoriyas\u0131nda d\u0259rs ke\u00e7ib, o h\u00fcququ bitirib, m\u0259n jurnalistikan\u0131. M\u0259n rayon q\u0259zetinin redaktoruyam, o rayon m\u0259hk\u0259m\u0259sinin hakimi, yaxud prokuroru, lap el\u0259 polis r\u0259isi. Bilirsiniz maa\u015flar\u0131m\u0131zdak\u0131 f\u0259rq 15-20 d\u0259f\u0259 il\u0259 \u00f6l\u00e7\u00fcl\u00fcr? \u00dcst\u0259lik, iqtidar q\u0259zet\u00e7isi d\u00f6vl\u0259t qulluq\u00e7usu say\u0131lm\u0131r, niy\u0259? <\/em><\/p>\r\n\r\n\r\n\r\n<p><strong>-Sizc\u0259, \u00f6l\u00fcm n\u0259dir?<\/strong><\/p>\r\n\r\n\r\n\r\n<p><em>-Fiziki \u00f6l\u00fcm, \u00f6l\u00fcmd\u0259n sonrak\u0131 h\u0259yat\u0131n ba\u015flan\u011f\u0131c\u0131d\u0131r. Amma fiziki \u00f6l\u00fcm m\u0259n\u0259vi \u00f6l\u00fcmd\u0259n yax\u015f\u0131d\u0131r.<\/em><\/p>\r\n\r\n\r\n\r\n<p><strong>-Axir\u0259t\u0259 inan\u0131rs\u0131n\u0131z? B\u0259zil\u0259ri deyirl\u0259r ki, o d\u00fcnyan\u0131 g\u00f6r\u0259n, ordan qay\u0131dan yoxdur. <\/strong><\/p>\r\n\r\n\r\n\r\n<p>&#8211;<em>\u0130nsan \u00fc\u00e7 \u00f6m\u00fcr ya\u015fay\u0131r: Ana b\u0259tnind\u0259; bu d\u00fcnyada; Axir\u0259td\u0259. Ana b\u0259tnind\u0259ki d\u00fcnyas\u0131na qay\u0131dan olubmu? Axir\u0259t d\u00fcnyas\u0131ndan da bu d\u00fcnyaya qay\u0131tmaq m\u00fcmk\u00fcn deyil! <\/em><\/p>\r\n\r\n\r\n\r\n<p><strong>-Ke\u00e7mi\u015f\u0259 n\u0259z\u0259r salanda \u0259n b\u00f6y\u00fck t\u0259s\u0259lliniz?<\/strong><\/p>\r\n\r\n\r\n\r\n<p><em>-N\u0259 yax\u015f\u0131 ki, jurnalistikan\u0131, ondan da \u0259vv\u0259l s\u0259rb\u0259stliyi v\u0259 sad\u0259 ya\u015fay\u0131\u015f t\u0259rzini se\u00e7mi\u015f\u0259m.<\/em><\/p>\r\n\r\n\r\n\r\n<p><strong>-M\u00fcxt\u0259lif r\u0259ngl\u0259r var. \u0130sam\u0259ddin m\u00fc\u0259llim bu qarmaqar\u0131\u015f\u0131q d\u00fcnyam\u0131z\u0131 n\u0259 r\u0259ngd\u0259 g\u00f6r\u00fcr v\u0259 niy\u0259 m\u0259hz o r\u0259ng?<\/strong><\/p>\r\n\r\n\r\n\r\n<p>&#8211;<em>M\u0259nim g\u00f6zl\u0259rimd\u0259 d\u00fcnya r\u0259ngsizl\u0259\u015fib. Amma B\u0259xtiyar Vahabzad\u0259 d\u0259 g\u00f6z\u0259l deyib:<\/em><\/p>\r\n\r\n\r\n\r\n<p><em>Ah\u0131la ah\u0131ld\u0131r, qocaya qoca,<\/em><\/p>\r\n\r\n\r\n\r\n<p><em>Cavana g\u00f6r\u00fcn\u00fcr t\u0259pt\u0259z\u0259 d\u00fcnya.<\/em><\/p>\r\n\r\n\r\n\r\n<p><strong>-\u018fn sevimli m\u0259\u015f\u011fuliyy\u0259tiniz?<\/strong><\/p>\r\n\r\n\r\n\r\n<p>&#8211;<em>Yazmaq, oxumaq! El\u0259 bu \u015feiri d\u0259 \u00f6z\u00fcm, \u00f6z\u00fcm haqda yazm\u0131\u015fam:<\/em><\/p>\r\n\r\n\r\n\r\n<p><em>M\u0259nimki \u015fahmatd\u0131, n\u0259rddi,<\/em><\/p>\r\n\r\n\r\n\r\n<p><em>H\u0259md\u0259mim q\u00fcss\u0259di, d\u0259rddi.<\/em><\/p>\r\n\r\n\r\n\r\n<p><em>Ke\u00e7s\u0259m, \u00f6ll\u0259m,- o s\u0259rh\u0259ddi,<\/em><\/p>\r\n\r\n\r\n\r\n<p><em>M\u0259n \u015f\u0259h\u0259r adam\u0131 deyil\u0259m.<\/em><\/p>\r\n\r\n\r\n\r\n<p><strong>-N\u0259 vaxtsa realla\u015faca\u011f\u0131na v\u0259 ya realla\u015fd\u0131ra bil\u0259c\u0259yiniz\u0259 \u00fcmid etdiyiniz arzunuz?<\/strong><\/p>\r\n\r\n\r\n\r\n<p>&#8211;<em>Az\u0259rbaycan\u0131n x\u0259rit\u0259sin\u0259 bax\u0131n: Da\u011fl\u0131q Qaraba\u011f sanki Az\u0259rbaycan\u0131n sa\u011f b\u00f6yr\u0259yidir. Sa\u011f b\u00f6yr\u0259ksiz ya\u015famaq \u00e7ox \u00e7\u0259tindir.<\/em><\/p>\r\n\r\n\r\n\r\n<p><strong>-Z\u0259rdabl\u0131 g\u0259ncl\u0259r\u0259 arzular\u0131n\u0131z?<\/strong><\/p>\r\n\r\n\r\n\r\n<p>&#8211;<em>M\u0259n radio v\u0259 televiziya cihazlar\u0131 t\u0259miri ustas\u0131 m\u0259kt\u0259binin rus b\u00f6lm\u0259sini \u0259la qiym\u0259tl\u0259rl\u0259 bitirmi\u015fdim. Amma i\u015fl\u0259m\u0259dim. \u0130\u015fl\u0259s\u0259ydim, y\u0259qin ki, yax\u015f\u0131 usta olard\u0131m. G\u0259ncl\u0259rimiz ali t\u0259hsil dal\u0131nca qa\u00e7maqdansa m\u00fcasir texnocihazlar\u0131n, avtomobill\u0259rin t\u0259mirini, d\u0259rziliyi, b\u0259rb\u0259rliyi v\u0259 s. pe\u015f\u0259l\u0259ri \u00f6yr\u0259nsinl\u0259r. \u00c7\u00fcnki bu v\u0259 ba\u015fqa yax\u015f\u0131 pe\u015f\u0259 ustalar\u0131 m\u0259nim kimi jurnalistl\u0259rd\u0259n xo\u015fb\u0259xtdirl\u0259r.<\/em><\/p>\r\n\r\n\r\n\r\n<p><strong>-Sonda Zerdab.com sayt\u0131 il\u0259 ba\u011fl\u0131 fikirl\u0259rinizi \u00f6yr\u0259nm\u0259k ist\u0259rdik.<\/strong><\/p>\r\n\r\n\r\n\r\n<p><em>-Zerdab.com ham\u0131m\u0131z\u0131n sayt\u0131d\u0131r. M\u0259n\u0259 do\u011fma olan bu sayt h\u0259m operativliyi v\u0259 \u00e7evikliyi, h\u0259m informasiyalar\u0131n lakonikliyi, h\u0259m d\u0259 \u0259l\u00e7atanl\u0131\u011f\u0131 il\u0259 oxucular\u0131n sevimli sayt\u0131d\u0131r. Zaman g\u0259l\u0259c\u0259k, Zerdab.com Z\u0259rdab\u0131n ensiklopediyas\u0131 rolunu oynayacaq. H\u0259r k\u0259s axtard\u0131\u011f\u0131n\u0131 burada tapacaq. <\/em><\/p>\r\n\r\n\r\n\r\n<p><em><strong>Zerdab.com<\/strong>\u00a0<\/em><\/p>\r\n","protected":false},"excerpt":{"rendered":"<p>\u018fhm\u0259dov \u0130sam\u0259ddin Cavad o\u011flu 1954-c\u00fc il avqustun 18-d\u0259 Z\u0259rdab rayonunun M\u0259mm\u0259dqas\u0131ml\u0131 k\u0259ndind\u0259 do\u011fulub. M\u0259mm\u0259dqas\u0131ml\u0131 k\u0259nd orta m\u0259kt\u0259bini, Bak\u0131 T\u0259dris Kombinat\u0131n\u0131 bitirib v\u0259 Yum\u015faq taralar fabrikind\u0259 yard\u0131m\u00e7\u0131 f\u0259hl\u0259 i\u015fl\u0259yib. 1979-cu ild\u0259 ADU-nun (indiki BDU) jurnalistika fak\u00fclt\u0259sini bitirib, \u201cDa\u015fk\u0259s\u0259n\u201d q\u0259zetinin m\u00fcxbiri, 1980-ci ild\u0259n Z\u0259rdab rayonunda \u00e7\u0131xan \u201c\u018fkin\u00e7i\u201d (o vaxtk\u0131 \u201cPamb\u0131q\u00e7\u0131\u201d) q\u0259zetinin m\u00fcxbiri, \u015f\u00f6b\u0259 m\u00fcdiri v\u0259zif\u0259l\u0259rind\u0259 \u00e7al\u0131\u015f\u0131b. 1993-c\u00fc [&hellip;]<\/p>\n","protected":false},"author":1,"featured_media":27314,"comment_status":"open","ping_status":"open","sticky":false,"template":"","format":"standard","meta":{"footnotes":""},"categories":[63,15],"tags":[],"class_list":{"0":"post-27313","1":"post","2":"type-post","3":"status-publish","4":"format-standard","5":"has-post-thumbnail","7":"category-manset","8":"category-musahib-zrdab-hsn-by-zrdabi-mrkzi-aran"},"yoast_head":"<!-- This site is optimized with the Yoast SEO plugin v27.0 - https:\/\/yoast.com\/product\/yoast-seo-wordpress\/ -->\n<title>&quot;\u018fkin\u00e7i&quot; q\u0259zetinin redaktoru \u0130sam\u0259ddin \u018fhm\u0259dovla m\u00fcsahib\u0259 - Z\u0259rdab.com<\/title>\n<meta name=\"robots\" content=\"index, follow, max-snippet:-1, max-image-preview:large, max-video-preview:-1\" \/>\n<link rel=\"canonical\" href=\"https:\/\/www.zerdab.com\/?p=27313\" \/>\n<meta property=\"og:locale\" content=\"az_AZ\" \/>\n<meta property=\"og:type\" content=\"article\" \/>\n<meta property=\"og:title\" content=\"&quot;\u018fkin\u00e7i&quot; q\u0259zetinin redaktoru \u0130sam\u0259ddin \u018fhm\u0259dovla m\u00fcsahib\u0259 - Z\u0259rdab.com\" \/>\n<meta property=\"og:description\" content=\"\u018fhm\u0259dov \u0130sam\u0259ddin Cavad o\u011flu 1954-c\u00fc il avqustun 18-d\u0259 Z\u0259rdab rayonunun M\u0259mm\u0259dqas\u0131ml\u0131 k\u0259ndind\u0259 do\u011fulub. M\u0259mm\u0259dqas\u0131ml\u0131 k\u0259nd orta m\u0259kt\u0259bini, Bak\u0131 T\u0259dris Kombinat\u0131n\u0131 bitirib v\u0259 Yum\u015faq taralar fabrikind\u0259 yard\u0131m\u00e7\u0131 f\u0259hl\u0259 i\u015fl\u0259yib. 1979-cu ild\u0259 ADU-nun (indiki BDU) jurnalistika fak\u00fclt\u0259sini bitirib, \u201cDa\u015fk\u0259s\u0259n\u201d q\u0259zetinin m\u00fcxbiri, 1980-ci ild\u0259n Z\u0259rdab rayonunda \u00e7\u0131xan \u201c\u018fkin\u00e7i\u201d (o vaxtk\u0131 \u201cPamb\u0131q\u00e7\u0131\u201d) q\u0259zetinin m\u00fcxbiri, \u015f\u00f6b\u0259 m\u00fcdiri v\u0259zif\u0259l\u0259rind\u0259 \u00e7al\u0131\u015f\u0131b. 1993-c\u00fc [&hellip;]\" \/>\n<meta property=\"og:url\" content=\"https:\/\/www.zerdab.com\/?p=27313\" \/>\n<meta property=\"og:site_name\" content=\"Z\u0259rdab.com\" \/>\n<meta property=\"article:published_time\" content=\"2019-07-09T05:56:47+00:00\" \/>\n<meta property=\"article:modified_time\" content=\"2023-10-10T12:45:04+00:00\" \/>\n<meta property=\"og:image\" content=\"https:\/\/www.zerdab.com\/wp-content\/uploads\/2019\/07\/isameddin-ehmedov-ekinci-qezeti-zerdab.jpg\" \/>\n\t<meta property=\"og:image:width\" content=\"1080\" \/>\n\t<meta property=\"og:image:height\" content=\"608\" \/>\n\t<meta property=\"og:image:type\" content=\"image\/jpeg\" \/>\n<meta name=\"author\" content=\"admin\" \/>\n<meta name=\"twitter:card\" content=\"summary_large_image\" \/>\n<meta name=\"twitter:label1\" content=\"Written by\" \/>\n\t<meta name=\"twitter:data1\" content=\"admin\" \/>\n\t<meta name=\"twitter:label2\" content=\"Est. reading time\" \/>\n\t<meta name=\"twitter:data2\" content=\"20 minutes\" \/>\n<script type=\"application\/ld+json\" class=\"yoast-schema-graph\">{\"@context\":\"https:\/\/schema.org\",\"@graph\":[{\"@type\":\"Article\",\"@id\":\"https:\/\/www.zerdab.com\/?p=27313#article\",\"isPartOf\":{\"@id\":\"https:\/\/www.zerdab.com\/?p=27313\"},\"author\":{\"name\":\"admin\",\"@id\":\"https:\/\/www.zerdab.com\/#\/schema\/person\/97079b7570c1e89ec0d9e138c3672136\"},\"headline\":\"&#8220;\u018fkin\u00e7i&#8221; q\u0259zetinin redaktoru \u0130sam\u0259ddin \u018fhm\u0259dovla m\u00fcsahib\u0259\",\"datePublished\":\"2019-07-09T05:56:47+00:00\",\"dateModified\":\"2023-10-10T12:45:04+00:00\",\"mainEntityOfPage\":{\"@id\":\"https:\/\/www.zerdab.com\/?p=27313\"},\"wordCount\":4023,\"commentCount\":0,\"image\":{\"@id\":\"https:\/\/www.zerdab.com\/?p=27313#primaryimage\"},\"thumbnailUrl\":\"https:\/\/www.zerdab.com\/wp-content\/uploads\/2019\/07\/isameddin-ehmedov-ekinci-qezeti-zerdab.jpg\",\"articleSection\":[\"MAN\u015eET\",\"M\u00dcSAH\u0130B\u018f\"],\"inLanguage\":\"az\",\"potentialAction\":[{\"@type\":\"CommentAction\",\"name\":\"Comment\",\"target\":[\"https:\/\/www.zerdab.com\/?p=27313#respond\"]}]},{\"@type\":\"WebPage\",\"@id\":\"https:\/\/www.zerdab.com\/?p=27313\",\"url\":\"https:\/\/www.zerdab.com\/?p=27313\",\"name\":\"\\\"\u018fkin\u00e7i\\\" q\u0259zetinin redaktoru \u0130sam\u0259ddin \u018fhm\u0259dovla m\u00fcsahib\u0259 - Z\u0259rdab.com\",\"isPartOf\":{\"@id\":\"https:\/\/www.zerdab.com\/#website\"},\"primaryImageOfPage\":{\"@id\":\"https:\/\/www.zerdab.com\/?p=27313#primaryimage\"},\"image\":{\"@id\":\"https:\/\/www.zerdab.com\/?p=27313#primaryimage\"},\"thumbnailUrl\":\"https:\/\/www.zerdab.com\/wp-content\/uploads\/2019\/07\/isameddin-ehmedov-ekinci-qezeti-zerdab.jpg\",\"datePublished\":\"2019-07-09T05:56:47+00:00\",\"dateModified\":\"2023-10-10T12:45:04+00:00\",\"author\":{\"@id\":\"https:\/\/www.zerdab.com\/#\/schema\/person\/97079b7570c1e89ec0d9e138c3672136\"},\"breadcrumb\":{\"@id\":\"https:\/\/www.zerdab.com\/?p=27313#breadcrumb\"},\"inLanguage\":\"az\",\"potentialAction\":[{\"@type\":\"ReadAction\",\"target\":[\"https:\/\/www.zerdab.com\/?p=27313\"]}]},{\"@type\":\"ImageObject\",\"inLanguage\":\"az\",\"@id\":\"https:\/\/www.zerdab.com\/?p=27313#primaryimage\",\"url\":\"https:\/\/www.zerdab.com\/wp-content\/uploads\/2019\/07\/isameddin-ehmedov-ekinci-qezeti-zerdab.jpg\",\"contentUrl\":\"https:\/\/www.zerdab.com\/wp-content\/uploads\/2019\/07\/isameddin-ehmedov-ekinci-qezeti-zerdab.jpg\",\"width\":1080,\"height\":608,\"caption\":\"isameddin-ehmedov-ekinci-qezeti-zerdab\"},{\"@type\":\"BreadcrumbList\",\"@id\":\"https:\/\/www.zerdab.com\/?p=27313#breadcrumb\",\"itemListElement\":[{\"@type\":\"ListItem\",\"position\":1,\"name\":\"Home\",\"item\":\"https:\/\/www.zerdab.com\/\"},{\"@type\":\"ListItem\",\"position\":2,\"name\":\"&#8220;\u018fkin\u00e7i&#8221; q\u0259zetinin redaktoru \u0130sam\u0259ddin \u018fhm\u0259dovla m\u00fcsahib\u0259\"}]},{\"@type\":\"WebSite\",\"@id\":\"https:\/\/www.zerdab.com\/#website\",\"url\":\"https:\/\/www.zerdab.com\/\",\"name\":\"Z\u0259rdab.com\",\"description\":\"\",\"potentialAction\":[{\"@type\":\"SearchAction\",\"target\":{\"@type\":\"EntryPoint\",\"urlTemplate\":\"https:\/\/www.zerdab.com\/?s={search_term_string}\"},\"query-input\":{\"@type\":\"PropertyValueSpecification\",\"valueRequired\":true,\"valueName\":\"search_term_string\"}}],\"inLanguage\":\"az\"},{\"@type\":\"Person\",\"@id\":\"https:\/\/www.zerdab.com\/#\/schema\/person\/97079b7570c1e89ec0d9e138c3672136\",\"name\":\"admin\",\"image\":{\"@type\":\"ImageObject\",\"inLanguage\":\"az\",\"@id\":\"https:\/\/www.zerdab.com\/#\/schema\/person\/image\/\",\"url\":\"https:\/\/secure.gravatar.com\/avatar\/d9c52a9a27c32119cb6679a077fa3e2779e5f822c451cbf01098004361d466ec?s=96&d=mm&r=g\",\"contentUrl\":\"https:\/\/secure.gravatar.com\/avatar\/d9c52a9a27c32119cb6679a077fa3e2779e5f822c451cbf01098004361d466ec?s=96&d=mm&r=g\",\"caption\":\"admin\"},\"url\":\"https:\/\/www.zerdab.com\/?author=1\"}]}<\/script>\n<!-- \/ Yoast SEO plugin. -->","yoast_head_json":{"title":"\"\u018fkin\u00e7i\" q\u0259zetinin redaktoru \u0130sam\u0259ddin \u018fhm\u0259dovla m\u00fcsahib\u0259 - Z\u0259rdab.com","robots":{"index":"index","follow":"follow","max-snippet":"max-snippet:-1","max-image-preview":"max-image-preview:large","max-video-preview":"max-video-preview:-1"},"canonical":"https:\/\/www.zerdab.com\/?p=27313","og_locale":"az_AZ","og_type":"article","og_title":"\"\u018fkin\u00e7i\" q\u0259zetinin redaktoru \u0130sam\u0259ddin \u018fhm\u0259dovla m\u00fcsahib\u0259 - Z\u0259rdab.com","og_description":"\u018fhm\u0259dov \u0130sam\u0259ddin Cavad o\u011flu 1954-c\u00fc il avqustun 18-d\u0259 Z\u0259rdab rayonunun M\u0259mm\u0259dqas\u0131ml\u0131 k\u0259ndind\u0259 do\u011fulub. M\u0259mm\u0259dqas\u0131ml\u0131 k\u0259nd orta m\u0259kt\u0259bini, Bak\u0131 T\u0259dris Kombinat\u0131n\u0131 bitirib v\u0259 Yum\u015faq taralar fabrikind\u0259 yard\u0131m\u00e7\u0131 f\u0259hl\u0259 i\u015fl\u0259yib. 1979-cu ild\u0259 ADU-nun (indiki BDU) jurnalistika fak\u00fclt\u0259sini bitirib, \u201cDa\u015fk\u0259s\u0259n\u201d q\u0259zetinin m\u00fcxbiri, 1980-ci ild\u0259n Z\u0259rdab rayonunda \u00e7\u0131xan \u201c\u018fkin\u00e7i\u201d (o vaxtk\u0131 \u201cPamb\u0131q\u00e7\u0131\u201d) q\u0259zetinin m\u00fcxbiri, \u015f\u00f6b\u0259 m\u00fcdiri v\u0259zif\u0259l\u0259rind\u0259 \u00e7al\u0131\u015f\u0131b. 1993-c\u00fc [&hellip;]","og_url":"https:\/\/www.zerdab.com\/?p=27313","og_site_name":"Z\u0259rdab.com","article_published_time":"2019-07-09T05:56:47+00:00","article_modified_time":"2023-10-10T12:45:04+00:00","og_image":[{"width":1080,"height":608,"url":"https:\/\/www.zerdab.com\/wp-content\/uploads\/2019\/07\/isameddin-ehmedov-ekinci-qezeti-zerdab.jpg","type":"image\/jpeg"}],"author":"admin","twitter_card":"summary_large_image","twitter_misc":{"Written by":"admin","Est. reading time":"20 minutes"},"schema":{"@context":"https:\/\/schema.org","@graph":[{"@type":"Article","@id":"https:\/\/www.zerdab.com\/?p=27313#article","isPartOf":{"@id":"https:\/\/www.zerdab.com\/?p=27313"},"author":{"name":"admin","@id":"https:\/\/www.zerdab.com\/#\/schema\/person\/97079b7570c1e89ec0d9e138c3672136"},"headline":"&#8220;\u018fkin\u00e7i&#8221; q\u0259zetinin redaktoru \u0130sam\u0259ddin \u018fhm\u0259dovla m\u00fcsahib\u0259","datePublished":"2019-07-09T05:56:47+00:00","dateModified":"2023-10-10T12:45:04+00:00","mainEntityOfPage":{"@id":"https:\/\/www.zerdab.com\/?p=27313"},"wordCount":4023,"commentCount":0,"image":{"@id":"https:\/\/www.zerdab.com\/?p=27313#primaryimage"},"thumbnailUrl":"https:\/\/www.zerdab.com\/wp-content\/uploads\/2019\/07\/isameddin-ehmedov-ekinci-qezeti-zerdab.jpg","articleSection":["MAN\u015eET","M\u00dcSAH\u0130B\u018f"],"inLanguage":"az","potentialAction":[{"@type":"CommentAction","name":"Comment","target":["https:\/\/www.zerdab.com\/?p=27313#respond"]}]},{"@type":"WebPage","@id":"https:\/\/www.zerdab.com\/?p=27313","url":"https:\/\/www.zerdab.com\/?p=27313","name":"\"\u018fkin\u00e7i\" q\u0259zetinin redaktoru \u0130sam\u0259ddin \u018fhm\u0259dovla m\u00fcsahib\u0259 - Z\u0259rdab.com","isPartOf":{"@id":"https:\/\/www.zerdab.com\/#website"},"primaryImageOfPage":{"@id":"https:\/\/www.zerdab.com\/?p=27313#primaryimage"},"image":{"@id":"https:\/\/www.zerdab.com\/?p=27313#primaryimage"},"thumbnailUrl":"https:\/\/www.zerdab.com\/wp-content\/uploads\/2019\/07\/isameddin-ehmedov-ekinci-qezeti-zerdab.jpg","datePublished":"2019-07-09T05:56:47+00:00","dateModified":"2023-10-10T12:45:04+00:00","author":{"@id":"https:\/\/www.zerdab.com\/#\/schema\/person\/97079b7570c1e89ec0d9e138c3672136"},"breadcrumb":{"@id":"https:\/\/www.zerdab.com\/?p=27313#breadcrumb"},"inLanguage":"az","potentialAction":[{"@type":"ReadAction","target":["https:\/\/www.zerdab.com\/?p=27313"]}]},{"@type":"ImageObject","inLanguage":"az","@id":"https:\/\/www.zerdab.com\/?p=27313#primaryimage","url":"https:\/\/www.zerdab.com\/wp-content\/uploads\/2019\/07\/isameddin-ehmedov-ekinci-qezeti-zerdab.jpg","contentUrl":"https:\/\/www.zerdab.com\/wp-content\/uploads\/2019\/07\/isameddin-ehmedov-ekinci-qezeti-zerdab.jpg","width":1080,"height":608,"caption":"isameddin-ehmedov-ekinci-qezeti-zerdab"},{"@type":"BreadcrumbList","@id":"https:\/\/www.zerdab.com\/?p=27313#breadcrumb","itemListElement":[{"@type":"ListItem","position":1,"name":"Home","item":"https:\/\/www.zerdab.com\/"},{"@type":"ListItem","position":2,"name":"&#8220;\u018fkin\u00e7i&#8221; q\u0259zetinin redaktoru \u0130sam\u0259ddin \u018fhm\u0259dovla m\u00fcsahib\u0259"}]},{"@type":"WebSite","@id":"https:\/\/www.zerdab.com\/#website","url":"https:\/\/www.zerdab.com\/","name":"Z\u0259rdab.com","description":"","potentialAction":[{"@type":"SearchAction","target":{"@type":"EntryPoint","urlTemplate":"https:\/\/www.zerdab.com\/?s={search_term_string}"},"query-input":{"@type":"PropertyValueSpecification","valueRequired":true,"valueName":"search_term_string"}}],"inLanguage":"az"},{"@type":"Person","@id":"https:\/\/www.zerdab.com\/#\/schema\/person\/97079b7570c1e89ec0d9e138c3672136","name":"admin","image":{"@type":"ImageObject","inLanguage":"az","@id":"https:\/\/www.zerdab.com\/#\/schema\/person\/image\/","url":"https:\/\/secure.gravatar.com\/avatar\/d9c52a9a27c32119cb6679a077fa3e2779e5f822c451cbf01098004361d466ec?s=96&d=mm&r=g","contentUrl":"https:\/\/secure.gravatar.com\/avatar\/d9c52a9a27c32119cb6679a077fa3e2779e5f822c451cbf01098004361d466ec?s=96&d=mm&r=g","caption":"admin"},"url":"https:\/\/www.zerdab.com\/?author=1"}]}},"_links":{"self":[{"href":"https:\/\/www.zerdab.com\/index.php?rest_route=\/wp\/v2\/posts\/27313","targetHints":{"allow":["GET"]}}],"collection":[{"href":"https:\/\/www.zerdab.com\/index.php?rest_route=\/wp\/v2\/posts"}],"about":[{"href":"https:\/\/www.zerdab.com\/index.php?rest_route=\/wp\/v2\/types\/post"}],"author":[{"embeddable":true,"href":"https:\/\/www.zerdab.com\/index.php?rest_route=\/wp\/v2\/users\/1"}],"replies":[{"embeddable":true,"href":"https:\/\/www.zerdab.com\/index.php?rest_route=%2Fwp%2Fv2%2Fcomments&post=27313"}],"version-history":[{"count":7,"href":"https:\/\/www.zerdab.com\/index.php?rest_route=\/wp\/v2\/posts\/27313\/revisions"}],"predecessor-version":[{"id":30198,"href":"https:\/\/www.zerdab.com\/index.php?rest_route=\/wp\/v2\/posts\/27313\/revisions\/30198"}],"wp:featuredmedia":[{"embeddable":true,"href":"https:\/\/www.zerdab.com\/index.php?rest_route=\/wp\/v2\/media\/27314"}],"wp:attachment":[{"href":"https:\/\/www.zerdab.com\/index.php?rest_route=%2Fwp%2Fv2%2Fmedia&parent=27313"}],"wp:term":[{"taxonomy":"category","embeddable":true,"href":"https:\/\/www.zerdab.com\/index.php?rest_route=%2Fwp%2Fv2%2Fcategories&post=27313"},{"taxonomy":"post_tag","embeddable":true,"href":"https:\/\/www.zerdab.com\/index.php?rest_route=%2Fwp%2Fv2%2Ftags&post=27313"}],"curies":[{"name":"wp","href":"https:\/\/api.w.org\/{rel}","templated":true}]}}