{"id":27335,"date":"2019-07-16T17:33:25","date_gmt":"2019-07-16T13:33:25","guid":{"rendered":"http:\/\/www.zerdab.com\/?p=27335"},"modified":"2019-07-16T17:34:29","modified_gmt":"2019-07-16T13:34:29","slug":"z%c9%99rdab-qarav%c9%99lli-yolunda-t%c9%99mir-isl%c9%99ri-nec%c9%99-gedir-fotolar","status":"publish","type":"post","link":"https:\/\/www.zerdab.com\/?p=27335","title":{"rendered":"Z\u0259rdab-Qarav\u0259lli yolunda t\u0259mir i\u015fl\u0259ri nec\u0259 gedir? &#8211; Fotolar"},"content":{"rendered":"\n<p>Az\u0259rbaycan Respublikas\u0131 Prezidentinin S\u0259r\u0259ncam\u0131na \u0259sas\u0259n Z\u0259rdab\u2013Qarav\u0259lli avtomobil yolu yenid\u0259n qurulur. <\/p>\n\n\n\n<p><strong>Zerdab.com<\/strong> sayt\u0131 <a href=\"https:\/\/www.facebook.com\/azavtoyol.da\/?__tn__=kC-R&amp;eid=ARAbWr0G4FRPy8RGfrGXkombI9A_-h_VjLLK4PZhSCY-Hzn2F4Z1KicrpJMWCKi-e1i0cvC8T8NV_Kbw&amp;hc_ref=ARSDrLOKdt5x2MlFRHOfr8-HNlmLD42mu1iseXWt1Y68Is5Me_aYzKt6j2FwYhbhcC0&amp;__xts__%5B0%5D=68.ARBMVDnpp372fSB5-xSLpFs2T_hLl64XHhTtSz0qi9x2WOsKRjm3UI0MTx3eqXPmxTlJRAAtCdOOVEcvZVo-cUvIuUdNh8DvQ-kWxbzMGUec3YWid6NjVWYgsJX39YEztCTu0uE6_Fstrj-C8ODhpg0cMugTe4ymKOyV4YWgDisMfsCxkxmfonLvY_esrBteS_LoC2ynZwohbvMMOJmd621jN6UiF4NCNOsOMXn9m7ZsAHsRmX4fiMDdGRtc4iVXZRlhcfRZ5btB9ZUJm5Q5Qb5KNq2ivrt00kv00TLCfe8PieBVlc-9CWOVCe4wKFH01VjeqmEIuWe0pBHgCZ0zzBYSGEe-wp3DmWVFInbbcRnCeHHWxqJpTEUOb7nsP-z_hnD_frIQ5gWKN9tGevVHCeiioGhVA2yNnTvr7uINWvRtyBtZk693leIWlW_cd8Ps9giNtpxSPxuZxCzwHd4O\">Az\u0259rbaycan Avtomobil Yollar\u0131 D\u00f6vl\u0259t Agentliyi<\/a>n\u0259 istinad\u0259n x\u0259b\u0259r verir ki, Z\u0259rdab rayonunda cari ild\u0259 t\u0259rtib olunmu\u015f t\u0259dbirl\u0259r plan\u0131na \u0259sas\u0259n, icra olunan yol layih\u0259l\u0259rind\u0259n biri d\u0259 11.4 km uzunlu\u011fa malik Z\u0259rdab-Qarav\u0259lli avtomobil yolunun yenid\u0259n qurulmas\u0131 layih\u0259sidir.<\/p>\n\n\n\n<figure class=\"wp-block-image\"><img decoding=\"async\" src=\"http:\/\/www.zerdab.com\/wp-content\/uploads\/2019\/07\/zerdab-qaravelli-yol-temir1-550x309.jpg\" alt=\"\" class=\"wp-image-27337\"\/><\/figure>\n\n\n\n<p>Ucar-Z\u0259rdab-A\u011fcab\u0259di avtomobil yolundan ayr\u0131lan yerli \u0259h\u0259miyy\u0259tli avtomobil yolu IV texniki d\u0259r\u0259c\u0259lidir v\u0259 4 k\u0259ndin 4 mind\u0259n art\u0131q \u0259halisinin rayon m\u0259rk\u0259zin\u0259 v\u0259 qon\u015fu rayonlara \u00e7\u0131x\u0131\u015f\u0131n\u0131 t\u0259min edir.<\/p>\n\n\n\n<p>Uzun m\u00fcdd\u0259tli istismar n\u0259tic\u0259sind\u0259 yol \u00f6rt\u00fcy\u00fc tamamil\u0259 s\u0131radan \u00e7\u0131x\u0131b, yol \u0259sas\u0131nda \u00e7oxlu sayda \u00e7\u00f6km\u0259l\u0259r, \u00e7alalar \u0259m\u0259l\u0259 g\u0259lib. T\u0259bii ki, yolun bu v\u0259ziyy\u0259td\u0259 olmas\u0131 gedi\u015f-g\u0259li\u015fi \u00e7\u0259tinl\u0259\u015fdirm\u0259kl\u0259 yana\u015f\u0131, yol boyu k\u0259nd t\u0259s\u0259rr\u00fcfat\u0131n\u0131n inki\u015faf\u0131na da m\u0259nfi t\u0259sir g\u00f6st\u0259rirdi. Haz\u0131rda Az\u0259rbaycan Avtomobil Yollar\u0131 D\u00f6vl\u0259t Agentliyi t\u0259r\u0259find\u0259n h\u0259yata ke\u00e7iril\u0259n kompleks t\u0259mir-tikinti i\u015fl\u0259ri yuxar\u0131da sadalanan probleml\u0259rin bird\u0259f\u0259lik h\u0259llin\u0259 g\u0259tirib \u00e7\u0131xar\u0131r.<\/p>\n\n\n\n<figure class=\"wp-block-image\"><img decoding=\"async\" src=\"http:\/\/www.zerdab.com\/wp-content\/uploads\/2019\/07\/zerdab-qaravelli-yol-temir2-550x309.jpg\" alt=\"\" class=\"wp-image-27338\"\/><\/figure>\n\n\n\n<p>Layih\u0259 \u00e7\u0259r\u00e7iv\u0259sind\u0259 torpaq yata\u011f\u0131n\u0131n deformasiyaya u\u011fram\u0131\u015f hiss\u0259l\u0259ri qaz\u0131laraq \u00e7\u0131xar\u0131l\u0131b, yolun qaz\u0131lm\u0131\u015f v\u0259 relyefd\u0259n a\u015fa\u011f\u0131 olan hiss\u0259l\u0259rind\u0259 torpaq yata\u011f\u0131n\u0131n qald\u0131r\u0131lmas\u0131 \u00fc\u00e7\u00fcn t\u0259l\u0259b olunan qal\u0131nl\u0131qda yararl\u0131 qrunt t\u00f6k\u00fcl\u0259r\u0259k yay\u0131l\u0131b v\u0259 kipl\u0259\u015fdirilib, yeni yol yata\u011f\u0131 in\u015fa edilib.<\/p>\n\n\n\n<figure class=\"wp-block-image\"><img decoding=\"async\" src=\"http:\/\/www.zerdab.com\/wp-content\/uploads\/2019\/07\/zerdab-qaravelli-yol-temir3-550x309.jpg\" alt=\"\" class=\"wp-image-27339\"\/><\/figure>\n\n\n\n<p>Yol boyu su\u00f6t\u00fcr\u00fcc\u00fc qur\u011fular tamamil\u0259 s\u0131radan \u00e7\u0131xd\u0131\u011f\u0131 \u00fc\u00e7\u00fcn sular\u0131n \u00f6t\u00fcr\u00fclm\u0259si m\u0259qs\u0259di il\u0259 m\u00fcxt\u0259lif diametrli 456 paqon-metr d\u0259mir, h\u0259m\u00e7inin 72 paqon-metr d\u0259mir-beton borular qura\u015fd\u0131r\u0131l\u0131b.<\/p>\n\n\n\n<figure class=\"wp-block-image\"><img loading=\"lazy\" decoding=\"async\" width=\"550\" height=\"309\" src=\"http:\/\/www.zerdab.com\/wp-content\/uploads\/2019\/07\/zerdab-qaravelli-yol-temir4-550x309.jpg\" alt=\"\" class=\"wp-image-27340\" srcset=\"https:\/\/www.zerdab.com\/wp-content\/uploads\/2019\/07\/zerdab-qaravelli-yol-temir4-550x309.jpg 550w, https:\/\/www.zerdab.com\/wp-content\/uploads\/2019\/07\/zerdab-qaravelli-yol-temir4-400x225.jpg 400w, https:\/\/www.zerdab.com\/wp-content\/uploads\/2019\/07\/zerdab-qaravelli-yol-temir4-768x432.jpg 768w, https:\/\/www.zerdab.com\/wp-content\/uploads\/2019\/07\/zerdab-qaravelli-yol-temir4-696x392.jpg 696w, https:\/\/www.zerdab.com\/wp-content\/uploads\/2019\/07\/zerdab-qaravelli-yol-temir4-1068x601.jpg 1068w, https:\/\/www.zerdab.com\/wp-content\/uploads\/2019\/07\/zerdab-qaravelli-yol-temir4-747x420.jpg 747w, https:\/\/www.zerdab.com\/wp-content\/uploads\/2019\/07\/zerdab-qaravelli-yol-temir4.jpg 1920w\" sizes=\"auto, (max-width: 550px) 100vw, 550px\" \/><\/figure>\n\n\n\n<p>\u201c\u0130n\u015faat Norma v\u0259 Qaydalar\u0131\u201dn\u0131n t\u0259l\u0259bl\u0259rin\u0259 \u0259sas\u0259n, yol \u0259sas\u0131n\u0131n in\u015fas\u0131 \u00fc\u00e7\u00fcn qum-\u00e7\u0131nq\u0131l v\u0259 optimal-q\u0131rmada\u015f qar\u0131\u015f\u0131\u011f\u0131ndan istifad\u0259 olunur. Yol \u0259sas\u0131 haz\u0131r olan \u0259razil\u0259rd\u0259 art\u0131q asfaltlanma i\u015fl\u0259rin\u0259 d\u0259 ba\u015flan\u0131l\u0131b. Tikinti layih\u0259sin\u0259 uy\u011fun olaraq yola 2 laydan ibar\u0259t v\u0259 12 sm qal\u0131nl\u0131qda asfalt-beton \u00f6rt\u00fcy\u00fc d\u00f6\u015f\u0259nir.<\/p>\n\n\n\n<figure class=\"wp-block-image\"><img decoding=\"async\" src=\"http:\/\/www.zerdab.com\/wp-content\/uploads\/2019\/07\/zerdab-qaravelli-yol-temir5-550x309.jpg\" alt=\"\" class=\"wp-image-27341\"\/><\/figure>\n\n\n\n<p>Layih\u0259nin sonuncu m\u0259rh\u0259l\u0259sind\u0259 yolun \u00e7iyin hiss\u0259l\u0259ri da\u011f\u0131ld\u0131\u011f\u0131ndan \u00e7iyinl\u0259rin b\u0259rkidilm\u0259si, avtobus dayanaca\u011f\u0131n\u0131n tikintisi, 306 siqnal dir\u0259yinin, 52 yol ni\u015fan\u0131 v\u0259 11 km g\u00f6st\u0259ricisinin qura\u015fd\u0131r\u0131lmas\u0131, h\u0259m\u00e7inin x\u0259tl\u0259nm\u0259 i\u015fl\u0259rinin apar\u0131lmas\u0131 n\u0259z\u0259rd\u0259 tutulub.<\/p>\n\n\n\n<figure class=\"wp-block-image\"><img decoding=\"async\" src=\"http:\/\/www.zerdab.com\/wp-content\/uploads\/2019\/07\/zerdab-qaravelli-yol-temir-550x309.jpg\" alt=\"zerdab-qaravelli-yol-temir\" class=\"wp-image-27336\"\/><\/figure>\n","protected":false},"excerpt":{"rendered":"<p>Az\u0259rbaycan Respublikas\u0131 Prezidentinin S\u0259r\u0259ncam\u0131na \u0259sas\u0259n Z\u0259rdab\u2013Qarav\u0259lli avtomobil yolu yenid\u0259n qurulur. Zerdab.com sayt\u0131 Az\u0259rbaycan Avtomobil Yollar\u0131 D\u00f6vl\u0259t Agentliyin\u0259 istinad\u0259n x\u0259b\u0259r verir ki, Z\u0259rdab rayonunda cari ild\u0259 t\u0259rtib olunmu\u015f t\u0259dbirl\u0259r plan\u0131na \u0259sas\u0259n, icra olunan yol layih\u0259l\u0259rind\u0259n biri d\u0259 11.4 km uzunlu\u011fa malik Z\u0259rdab-Qarav\u0259lli avtomobil yolunun yenid\u0259n qurulmas\u0131 layih\u0259sidir. Ucar-Z\u0259rdab-A\u011fcab\u0259di avtomobil yolundan ayr\u0131lan yerli \u0259h\u0259miyy\u0259tli avtomobil yolu IV [&hellip;]<\/p>\n","protected":false},"author":1,"featured_media":27340,"comment_status":"open","ping_status":"open","sticky":false,"template":"","format":"standard","meta":{"footnotes":""},"categories":[21,63],"tags":[],"class_list":{"0":"post-27335","1":"post","2":"type-post","3":"status-publish","4":"format-standard","5":"has-post-thumbnail","7":"category-zrdab","8":"category-manset"},"yoast_head":"<!-- This site is optimized with the Yoast SEO plugin v27.0 - https:\/\/yoast.com\/product\/yoast-seo-wordpress\/ -->\n<title>Z\u0259rdab-Qarav\u0259lli yolunda t\u0259mir i\u015fl\u0259ri nec\u0259 gedir? - Fotolar - Z\u0259rdab.com<\/title>\n<meta name=\"robots\" content=\"index, follow, max-snippet:-1, max-image-preview:large, max-video-preview:-1\" \/>\n<link rel=\"canonical\" href=\"https:\/\/www.zerdab.com\/?p=27335\" \/>\n<meta property=\"og:locale\" content=\"az_AZ\" \/>\n<meta property=\"og:type\" content=\"article\" \/>\n<meta property=\"og:title\" content=\"Z\u0259rdab-Qarav\u0259lli yolunda t\u0259mir i\u015fl\u0259ri nec\u0259 gedir? - Fotolar - Z\u0259rdab.com\" \/>\n<meta property=\"og:description\" content=\"Az\u0259rbaycan Respublikas\u0131 Prezidentinin S\u0259r\u0259ncam\u0131na \u0259sas\u0259n Z\u0259rdab\u2013Qarav\u0259lli avtomobil yolu yenid\u0259n qurulur. Zerdab.com sayt\u0131 Az\u0259rbaycan Avtomobil Yollar\u0131 D\u00f6vl\u0259t Agentliyin\u0259 istinad\u0259n x\u0259b\u0259r verir ki, Z\u0259rdab rayonunda cari ild\u0259 t\u0259rtib olunmu\u015f t\u0259dbirl\u0259r plan\u0131na \u0259sas\u0259n, icra olunan yol layih\u0259l\u0259rind\u0259n biri d\u0259 11.4 km uzunlu\u011fa malik Z\u0259rdab-Qarav\u0259lli avtomobil yolunun yenid\u0259n qurulmas\u0131 layih\u0259sidir. Ucar-Z\u0259rdab-A\u011fcab\u0259di avtomobil yolundan ayr\u0131lan yerli \u0259h\u0259miyy\u0259tli avtomobil yolu IV [&hellip;]\" \/>\n<meta property=\"og:url\" content=\"https:\/\/www.zerdab.com\/?p=27335\" \/>\n<meta property=\"og:site_name\" content=\"Z\u0259rdab.com\" \/>\n<meta property=\"article:published_time\" content=\"2019-07-16T13:33:25+00:00\" \/>\n<meta property=\"article:modified_time\" content=\"2019-07-16T13:34:29+00:00\" \/>\n<meta property=\"og:image\" content=\"https:\/\/www.zerdab.com\/wp-content\/uploads\/2019\/07\/zerdab-qaravelli-yol-temir4.jpg\" \/>\n\t<meta property=\"og:image:width\" content=\"1920\" \/>\n\t<meta property=\"og:image:height\" content=\"1080\" \/>\n\t<meta property=\"og:image:type\" content=\"image\/jpeg\" \/>\n<meta name=\"author\" content=\"admin\" \/>\n<meta name=\"twitter:card\" content=\"summary_large_image\" \/>\n<meta name=\"twitter:label1\" content=\"Written by\" \/>\n\t<meta name=\"twitter:data1\" content=\"admin\" \/>\n\t<meta name=\"twitter:label2\" content=\"Est. reading time\" \/>\n\t<meta name=\"twitter:data2\" content=\"2 minutes\" \/>\n<script type=\"application\/ld+json\" class=\"yoast-schema-graph\">{\"@context\":\"https:\/\/schema.org\",\"@graph\":[{\"@type\":\"Article\",\"@id\":\"https:\/\/www.zerdab.com\/?p=27335#article\",\"isPartOf\":{\"@id\":\"https:\/\/www.zerdab.com\/?p=27335\"},\"author\":{\"name\":\"admin\",\"@id\":\"https:\/\/www.zerdab.com\/#\/schema\/person\/97079b7570c1e89ec0d9e138c3672136\"},\"headline\":\"Z\u0259rdab-Qarav\u0259lli yolunda t\u0259mir i\u015fl\u0259ri nec\u0259 gedir? &#8211; Fotolar\",\"datePublished\":\"2019-07-16T13:33:25+00:00\",\"dateModified\":\"2019-07-16T13:34:29+00:00\",\"mainEntityOfPage\":{\"@id\":\"https:\/\/www.zerdab.com\/?p=27335\"},\"wordCount\":465,\"commentCount\":0,\"image\":{\"@id\":\"https:\/\/www.zerdab.com\/?p=27335#primaryimage\"},\"thumbnailUrl\":\"https:\/\/www.zerdab.com\/wp-content\/uploads\/2019\/07\/zerdab-qaravelli-yol-temir4.jpg\",\"articleSection\":[\"C\u018fM\u0130YY\u018fT\",\"MAN\u015eET\"],\"inLanguage\":\"az\",\"potentialAction\":[{\"@type\":\"CommentAction\",\"name\":\"Comment\",\"target\":[\"https:\/\/www.zerdab.com\/?p=27335#respond\"]}]},{\"@type\":\"WebPage\",\"@id\":\"https:\/\/www.zerdab.com\/?p=27335\",\"url\":\"https:\/\/www.zerdab.com\/?p=27335\",\"name\":\"Z\u0259rdab-Qarav\u0259lli yolunda t\u0259mir i\u015fl\u0259ri nec\u0259 gedir? - Fotolar - Z\u0259rdab.com\",\"isPartOf\":{\"@id\":\"https:\/\/www.zerdab.com\/#website\"},\"primaryImageOfPage\":{\"@id\":\"https:\/\/www.zerdab.com\/?p=27335#primaryimage\"},\"image\":{\"@id\":\"https:\/\/www.zerdab.com\/?p=27335#primaryimage\"},\"thumbnailUrl\":\"https:\/\/www.zerdab.com\/wp-content\/uploads\/2019\/07\/zerdab-qaravelli-yol-temir4.jpg\",\"datePublished\":\"2019-07-16T13:33:25+00:00\",\"dateModified\":\"2019-07-16T13:34:29+00:00\",\"author\":{\"@id\":\"https:\/\/www.zerdab.com\/#\/schema\/person\/97079b7570c1e89ec0d9e138c3672136\"},\"breadcrumb\":{\"@id\":\"https:\/\/www.zerdab.com\/?p=27335#breadcrumb\"},\"inLanguage\":\"az\",\"potentialAction\":[{\"@type\":\"ReadAction\",\"target\":[\"https:\/\/www.zerdab.com\/?p=27335\"]}]},{\"@type\":\"ImageObject\",\"inLanguage\":\"az\",\"@id\":\"https:\/\/www.zerdab.com\/?p=27335#primaryimage\",\"url\":\"https:\/\/www.zerdab.com\/wp-content\/uploads\/2019\/07\/zerdab-qaravelli-yol-temir4.jpg\",\"contentUrl\":\"https:\/\/www.zerdab.com\/wp-content\/uploads\/2019\/07\/zerdab-qaravelli-yol-temir4.jpg\",\"width\":1920,\"height\":1080},{\"@type\":\"BreadcrumbList\",\"@id\":\"https:\/\/www.zerdab.com\/?p=27335#breadcrumb\",\"itemListElement\":[{\"@type\":\"ListItem\",\"position\":1,\"name\":\"Home\",\"item\":\"https:\/\/www.zerdab.com\/\"},{\"@type\":\"ListItem\",\"position\":2,\"name\":\"Z\u0259rdab-Qarav\u0259lli yolunda t\u0259mir i\u015fl\u0259ri nec\u0259 gedir? &#8211; Fotolar\"}]},{\"@type\":\"WebSite\",\"@id\":\"https:\/\/www.zerdab.com\/#website\",\"url\":\"https:\/\/www.zerdab.com\/\",\"name\":\"Z\u0259rdab.com\",\"description\":\"\",\"potentialAction\":[{\"@type\":\"SearchAction\",\"target\":{\"@type\":\"EntryPoint\",\"urlTemplate\":\"https:\/\/www.zerdab.com\/?s={search_term_string}\"},\"query-input\":{\"@type\":\"PropertyValueSpecification\",\"valueRequired\":true,\"valueName\":\"search_term_string\"}}],\"inLanguage\":\"az\"},{\"@type\":\"Person\",\"@id\":\"https:\/\/www.zerdab.com\/#\/schema\/person\/97079b7570c1e89ec0d9e138c3672136\",\"name\":\"admin\",\"image\":{\"@type\":\"ImageObject\",\"inLanguage\":\"az\",\"@id\":\"https:\/\/www.zerdab.com\/#\/schema\/person\/image\/\",\"url\":\"https:\/\/secure.gravatar.com\/avatar\/d9c52a9a27c32119cb6679a077fa3e2779e5f822c451cbf01098004361d466ec?s=96&d=mm&r=g\",\"contentUrl\":\"https:\/\/secure.gravatar.com\/avatar\/d9c52a9a27c32119cb6679a077fa3e2779e5f822c451cbf01098004361d466ec?s=96&d=mm&r=g\",\"caption\":\"admin\"},\"url\":\"https:\/\/www.zerdab.com\/?author=1\"}]}<\/script>\n<!-- \/ Yoast SEO plugin. -->","yoast_head_json":{"title":"Z\u0259rdab-Qarav\u0259lli yolunda t\u0259mir i\u015fl\u0259ri nec\u0259 gedir? - Fotolar - Z\u0259rdab.com","robots":{"index":"index","follow":"follow","max-snippet":"max-snippet:-1","max-image-preview":"max-image-preview:large","max-video-preview":"max-video-preview:-1"},"canonical":"https:\/\/www.zerdab.com\/?p=27335","og_locale":"az_AZ","og_type":"article","og_title":"Z\u0259rdab-Qarav\u0259lli yolunda t\u0259mir i\u015fl\u0259ri nec\u0259 gedir? - Fotolar - Z\u0259rdab.com","og_description":"Az\u0259rbaycan Respublikas\u0131 Prezidentinin S\u0259r\u0259ncam\u0131na \u0259sas\u0259n Z\u0259rdab\u2013Qarav\u0259lli avtomobil yolu yenid\u0259n qurulur. Zerdab.com sayt\u0131 Az\u0259rbaycan Avtomobil Yollar\u0131 D\u00f6vl\u0259t Agentliyin\u0259 istinad\u0259n x\u0259b\u0259r verir ki, Z\u0259rdab rayonunda cari ild\u0259 t\u0259rtib olunmu\u015f t\u0259dbirl\u0259r plan\u0131na \u0259sas\u0259n, icra olunan yol layih\u0259l\u0259rind\u0259n biri d\u0259 11.4 km uzunlu\u011fa malik Z\u0259rdab-Qarav\u0259lli avtomobil yolunun yenid\u0259n qurulmas\u0131 layih\u0259sidir. Ucar-Z\u0259rdab-A\u011fcab\u0259di avtomobil yolundan ayr\u0131lan yerli \u0259h\u0259miyy\u0259tli avtomobil yolu IV [&hellip;]","og_url":"https:\/\/www.zerdab.com\/?p=27335","og_site_name":"Z\u0259rdab.com","article_published_time":"2019-07-16T13:33:25+00:00","article_modified_time":"2019-07-16T13:34:29+00:00","og_image":[{"width":1920,"height":1080,"url":"https:\/\/www.zerdab.com\/wp-content\/uploads\/2019\/07\/zerdab-qaravelli-yol-temir4.jpg","type":"image\/jpeg"}],"author":"admin","twitter_card":"summary_large_image","twitter_misc":{"Written by":"admin","Est. reading time":"2 minutes"},"schema":{"@context":"https:\/\/schema.org","@graph":[{"@type":"Article","@id":"https:\/\/www.zerdab.com\/?p=27335#article","isPartOf":{"@id":"https:\/\/www.zerdab.com\/?p=27335"},"author":{"name":"admin","@id":"https:\/\/www.zerdab.com\/#\/schema\/person\/97079b7570c1e89ec0d9e138c3672136"},"headline":"Z\u0259rdab-Qarav\u0259lli yolunda t\u0259mir i\u015fl\u0259ri nec\u0259 gedir? &#8211; Fotolar","datePublished":"2019-07-16T13:33:25+00:00","dateModified":"2019-07-16T13:34:29+00:00","mainEntityOfPage":{"@id":"https:\/\/www.zerdab.com\/?p=27335"},"wordCount":465,"commentCount":0,"image":{"@id":"https:\/\/www.zerdab.com\/?p=27335#primaryimage"},"thumbnailUrl":"https:\/\/www.zerdab.com\/wp-content\/uploads\/2019\/07\/zerdab-qaravelli-yol-temir4.jpg","articleSection":["C\u018fM\u0130YY\u018fT","MAN\u015eET"],"inLanguage":"az","potentialAction":[{"@type":"CommentAction","name":"Comment","target":["https:\/\/www.zerdab.com\/?p=27335#respond"]}]},{"@type":"WebPage","@id":"https:\/\/www.zerdab.com\/?p=27335","url":"https:\/\/www.zerdab.com\/?p=27335","name":"Z\u0259rdab-Qarav\u0259lli yolunda t\u0259mir i\u015fl\u0259ri nec\u0259 gedir? - Fotolar - Z\u0259rdab.com","isPartOf":{"@id":"https:\/\/www.zerdab.com\/#website"},"primaryImageOfPage":{"@id":"https:\/\/www.zerdab.com\/?p=27335#primaryimage"},"image":{"@id":"https:\/\/www.zerdab.com\/?p=27335#primaryimage"},"thumbnailUrl":"https:\/\/www.zerdab.com\/wp-content\/uploads\/2019\/07\/zerdab-qaravelli-yol-temir4.jpg","datePublished":"2019-07-16T13:33:25+00:00","dateModified":"2019-07-16T13:34:29+00:00","author":{"@id":"https:\/\/www.zerdab.com\/#\/schema\/person\/97079b7570c1e89ec0d9e138c3672136"},"breadcrumb":{"@id":"https:\/\/www.zerdab.com\/?p=27335#breadcrumb"},"inLanguage":"az","potentialAction":[{"@type":"ReadAction","target":["https:\/\/www.zerdab.com\/?p=27335"]}]},{"@type":"ImageObject","inLanguage":"az","@id":"https:\/\/www.zerdab.com\/?p=27335#primaryimage","url":"https:\/\/www.zerdab.com\/wp-content\/uploads\/2019\/07\/zerdab-qaravelli-yol-temir4.jpg","contentUrl":"https:\/\/www.zerdab.com\/wp-content\/uploads\/2019\/07\/zerdab-qaravelli-yol-temir4.jpg","width":1920,"height":1080},{"@type":"BreadcrumbList","@id":"https:\/\/www.zerdab.com\/?p=27335#breadcrumb","itemListElement":[{"@type":"ListItem","position":1,"name":"Home","item":"https:\/\/www.zerdab.com\/"},{"@type":"ListItem","position":2,"name":"Z\u0259rdab-Qarav\u0259lli yolunda t\u0259mir i\u015fl\u0259ri nec\u0259 gedir? &#8211; Fotolar"}]},{"@type":"WebSite","@id":"https:\/\/www.zerdab.com\/#website","url":"https:\/\/www.zerdab.com\/","name":"Z\u0259rdab.com","description":"","potentialAction":[{"@type":"SearchAction","target":{"@type":"EntryPoint","urlTemplate":"https:\/\/www.zerdab.com\/?s={search_term_string}"},"query-input":{"@type":"PropertyValueSpecification","valueRequired":true,"valueName":"search_term_string"}}],"inLanguage":"az"},{"@type":"Person","@id":"https:\/\/www.zerdab.com\/#\/schema\/person\/97079b7570c1e89ec0d9e138c3672136","name":"admin","image":{"@type":"ImageObject","inLanguage":"az","@id":"https:\/\/www.zerdab.com\/#\/schema\/person\/image\/","url":"https:\/\/secure.gravatar.com\/avatar\/d9c52a9a27c32119cb6679a077fa3e2779e5f822c451cbf01098004361d466ec?s=96&d=mm&r=g","contentUrl":"https:\/\/secure.gravatar.com\/avatar\/d9c52a9a27c32119cb6679a077fa3e2779e5f822c451cbf01098004361d466ec?s=96&d=mm&r=g","caption":"admin"},"url":"https:\/\/www.zerdab.com\/?author=1"}]}},"_links":{"self":[{"href":"https:\/\/www.zerdab.com\/index.php?rest_route=\/wp\/v2\/posts\/27335","targetHints":{"allow":["GET"]}}],"collection":[{"href":"https:\/\/www.zerdab.com\/index.php?rest_route=\/wp\/v2\/posts"}],"about":[{"href":"https:\/\/www.zerdab.com\/index.php?rest_route=\/wp\/v2\/types\/post"}],"author":[{"embeddable":true,"href":"https:\/\/www.zerdab.com\/index.php?rest_route=\/wp\/v2\/users\/1"}],"replies":[{"embeddable":true,"href":"https:\/\/www.zerdab.com\/index.php?rest_route=%2Fwp%2Fv2%2Fcomments&post=27335"}],"version-history":[{"count":2,"href":"https:\/\/www.zerdab.com\/index.php?rest_route=\/wp\/v2\/posts\/27335\/revisions"}],"predecessor-version":[{"id":27343,"href":"https:\/\/www.zerdab.com\/index.php?rest_route=\/wp\/v2\/posts\/27335\/revisions\/27343"}],"wp:featuredmedia":[{"embeddable":true,"href":"https:\/\/www.zerdab.com\/index.php?rest_route=\/wp\/v2\/media\/27340"}],"wp:attachment":[{"href":"https:\/\/www.zerdab.com\/index.php?rest_route=%2Fwp%2Fv2%2Fmedia&parent=27335"}],"wp:term":[{"taxonomy":"category","embeddable":true,"href":"https:\/\/www.zerdab.com\/index.php?rest_route=%2Fwp%2Fv2%2Fcategories&post=27335"},{"taxonomy":"post_tag","embeddable":true,"href":"https:\/\/www.zerdab.com\/index.php?rest_route=%2Fwp%2Fv2%2Ftags&post=27335"}],"curies":[{"name":"wp","href":"https:\/\/api.w.org\/{rel}","templated":true}]}}