{"id":27344,"date":"2019-07-24T17:17:16","date_gmt":"2019-07-24T13:17:16","guid":{"rendered":"http:\/\/www.zerdab.com\/?p=27344"},"modified":"2019-07-24T17:18:25","modified_gmt":"2019-07-24T13:18:25","slug":"taninmis-v%c9%99kil-z%c9%99rdabda-v%c9%99t%c9%99ndaslara-pulsuz-huquqi-yardim-gost%c9%99r%c9%99c%c9%99k","status":"publish","type":"post","link":"https:\/\/www.zerdab.com\/?p=27344","title":{"rendered":"Tan\u0131nm\u0131\u015f v\u0259kil Z\u0259rdabda v\u0259t\u0259nda\u015flara pulsuz h\u00fcquqi yard\u0131m g\u00f6st\u0259r\u0259c\u0259k"},"content":{"rendered":"\n<p>Az\u0259rbaycan Respublikas\u0131 V\u0259kill\u0259r Kollegiyas\u0131n\u0131n R\u0259yas\u0259t Hey\u0259tinin 19.07.2018-ci il tarixli q\u0259rar\u0131 il\u0259 h\u0259r ilin 30 iyul g\u00fcn\u00fc \u201cAz\u0259rbaycan Respublikas\u0131 v\u0259kill\u0259rinin pe\u015f\u0259 bayram\u0131 g\u00fcn\u00fc\u201d kimi qeyd olunur. 30 iyul 1919-cu il tarixi &#8211; Az\u0259rbaycan Xalq C\u00fcmhuriyy\u0259tind\u0259 Andl\u0131 M\u00fcv\u0259kkill\u0259r \u015euras\u0131n\u0131n t\u0259\u015fkili v\u0259 yarad\u0131lma g\u00fcn\u00fc V\u0259kill\u0259r Kollegiyas\u0131n\u0131n R\u0259yas\u0259t Hey\u0259ti \u00fczvl\u0259rinin m\u0259lum q\u0259rar\u0131 il\u0259 \u201cAz\u0259rbaycan Respublikas\u0131 v\u0259kill\u0259rinin pe\u015f\u0259 bayram\u0131 g\u00fcn\u00fc\u201d olaraq m\u00fc\u0259yy\u0259n olunub. Bu il is\u0259 Az\u0259rbaycan v\u0259killiyinin 100 illik yubileyidir.<br><a rel=\"noreferrer noopener\" href=\"http:\/\/zerdab.com\/?fbclid=IwAR3m8tu_GWBDVy0cZlrv7POV3sZZBeeHPB-_pMMGNXcQGBtekJsyHT3AbgU\" target=\"_blank\"><strong>Zerdab.com<\/strong><\/a>\u00a0sayt\u0131na veril\u0259n m\u0259lumata g\u00f6r\u0259, Az\u0259rbaycan Respublikas\u0131 V\u0259kill\u0259r Kollegiyas\u0131n\u0131n R\u0259yas\u0259t Hey\u0259tinin g\u00f6st\u0259ri\u015fin\u0259 \u0259sas\u0259n Az\u0259rbaycan v\u0259killiyinin 100 illiyinin qeyd olunmas\u0131 il\u0259 ba\u011fl\u0131 Z\u0259rdab rayonunda Az\u0259rbaycan Respublikas\u0131 V\u0259kill\u0259r Kollegiyas\u0131n\u0131n \u00fczv\u00fc, f\u0259rdi qaydada f\u0259aliyy\u0259t g\u00f6st\u0259r\u0259n v\u0259kil Mahmudov Asif Yusif o\u011flu 30 iyul 2019-cu il tarixd\u0259 saat 09:00-dan 13:00-d\u0259k v\u0259t\u0259nda\u015flara pulsuz h\u00fcquqi yard\u0131m g\u00f6st\u0259r\u0259c\u0259kdir.<br>V\u0259t\u0259nda\u015flar\u0131n q\u0259bulu v\u0259kilin Z\u0259rdab \u015f\u0259h\u0259ri Ramiz K\u0259rimov k\u00fc\u00e7\u0259si 17 \u00fcnvan\u0131nda yerl\u0259\u015f\u0259n ofisind\u0259 h\u0259yata ke\u00e7iril\u0259c\u0259kdir. \u0130st\u0259y\u0259n \u015f\u0259xsl\u0259r i\u015ftirak ed\u0259 bil\u0259rl\u0259r.<\/p>\n\n\n\n<figure class=\"wp-block-image\"><img loading=\"lazy\" decoding=\"async\" width=\"550\" height=\"419\" src=\"http:\/\/www.zerdab.com\/wp-content\/uploads\/2019\/07\/zerdab-vekil-asif-mahmudov1-550x419.jpg\" alt=\"\" class=\"wp-image-27347\" srcset=\"https:\/\/www.zerdab.com\/wp-content\/uploads\/2019\/07\/zerdab-vekil-asif-mahmudov1-550x419.jpg 550w, https:\/\/www.zerdab.com\/wp-content\/uploads\/2019\/07\/zerdab-vekil-asif-mahmudov1-400x305.jpg 400w, https:\/\/www.zerdab.com\/wp-content\/uploads\/2019\/07\/zerdab-vekil-asif-mahmudov1-80x60.jpg 80w, https:\/\/www.zerdab.com\/wp-content\/uploads\/2019\/07\/zerdab-vekil-asif-mahmudov1-696x531.jpg 696w, https:\/\/www.zerdab.com\/wp-content\/uploads\/2019\/07\/zerdab-vekil-asif-mahmudov1-551x420.jpg 551w, https:\/\/www.zerdab.com\/wp-content\/uploads\/2019\/07\/zerdab-vekil-asif-mahmudov1.jpg 720w\" sizes=\"auto, (max-width: 550px) 100vw, 550px\" \/><\/figure>\n","protected":false},"excerpt":{"rendered":"<p>Az\u0259rbaycan Respublikas\u0131 V\u0259kill\u0259r Kollegiyas\u0131n\u0131n R\u0259yas\u0259t Hey\u0259tinin 19.07.2018-ci il tarixli q\u0259rar\u0131 il\u0259 h\u0259r ilin 30 iyul g\u00fcn\u00fc \u201cAz\u0259rbaycan Respublikas\u0131 v\u0259kill\u0259rinin pe\u015f\u0259 bayram\u0131 g\u00fcn\u00fc\u201d kimi qeyd olunur. 30 iyul 1919-cu il tarixi &#8211; Az\u0259rbaycan Xalq C\u00fcmhuriyy\u0259tind\u0259 Andl\u0131 M\u00fcv\u0259kkill\u0259r \u015euras\u0131n\u0131n t\u0259\u015fkili v\u0259 yarad\u0131lma g\u00fcn\u00fc V\u0259kill\u0259r Kollegiyas\u0131n\u0131n R\u0259yas\u0259t Hey\u0259ti \u00fczvl\u0259rinin m\u0259lum q\u0259rar\u0131 il\u0259 \u201cAz\u0259rbaycan Respublikas\u0131 v\u0259kill\u0259rinin pe\u015f\u0259 bayram\u0131 g\u00fcn\u00fc\u201d [&hellip;]<\/p>\n","protected":false},"author":1,"featured_media":27345,"comment_status":"open","ping_status":"open","sticky":false,"template":"","format":"standard","meta":{"footnotes":""},"categories":[21,63],"tags":[],"class_list":{"0":"post-27344","1":"post","2":"type-post","3":"status-publish","4":"format-standard","5":"has-post-thumbnail","7":"category-zrdab","8":"category-manset"},"yoast_head":"<!-- This site is optimized with the Yoast SEO plugin v27.0 - https:\/\/yoast.com\/product\/yoast-seo-wordpress\/ -->\n<title>Tan\u0131nm\u0131\u015f v\u0259kil Z\u0259rdabda v\u0259t\u0259nda\u015flara pulsuz h\u00fcquqi yard\u0131m g\u00f6st\u0259r\u0259c\u0259k - Z\u0259rdab.com<\/title>\n<meta name=\"robots\" content=\"index, follow, max-snippet:-1, max-image-preview:large, max-video-preview:-1\" \/>\n<link rel=\"canonical\" href=\"https:\/\/www.zerdab.com\/?p=27344\" \/>\n<meta property=\"og:locale\" content=\"az_AZ\" \/>\n<meta property=\"og:type\" content=\"article\" \/>\n<meta property=\"og:title\" content=\"Tan\u0131nm\u0131\u015f v\u0259kil Z\u0259rdabda v\u0259t\u0259nda\u015flara pulsuz h\u00fcquqi yard\u0131m g\u00f6st\u0259r\u0259c\u0259k - Z\u0259rdab.com\" \/>\n<meta property=\"og:description\" content=\"Az\u0259rbaycan Respublikas\u0131 V\u0259kill\u0259r Kollegiyas\u0131n\u0131n R\u0259yas\u0259t Hey\u0259tinin 19.07.2018-ci il tarixli q\u0259rar\u0131 il\u0259 h\u0259r ilin 30 iyul g\u00fcn\u00fc \u201cAz\u0259rbaycan Respublikas\u0131 v\u0259kill\u0259rinin pe\u015f\u0259 bayram\u0131 g\u00fcn\u00fc\u201d kimi qeyd olunur. 30 iyul 1919-cu il tarixi &#8211; Az\u0259rbaycan Xalq C\u00fcmhuriyy\u0259tind\u0259 Andl\u0131 M\u00fcv\u0259kkill\u0259r \u015euras\u0131n\u0131n t\u0259\u015fkili v\u0259 yarad\u0131lma g\u00fcn\u00fc V\u0259kill\u0259r Kollegiyas\u0131n\u0131n R\u0259yas\u0259t Hey\u0259ti \u00fczvl\u0259rinin m\u0259lum q\u0259rar\u0131 il\u0259 \u201cAz\u0259rbaycan Respublikas\u0131 v\u0259kill\u0259rinin pe\u015f\u0259 bayram\u0131 g\u00fcn\u00fc\u201d [&hellip;]\" \/>\n<meta property=\"og:url\" content=\"https:\/\/www.zerdab.com\/?p=27344\" \/>\n<meta property=\"og:site_name\" content=\"Z\u0259rdab.com\" \/>\n<meta property=\"article:published_time\" content=\"2019-07-24T13:17:16+00:00\" \/>\n<meta property=\"article:modified_time\" content=\"2019-07-24T13:18:25+00:00\" \/>\n<meta property=\"og:image\" content=\"https:\/\/www.zerdab.com\/wp-content\/uploads\/2019\/07\/zerdab-vekil-asif-mahmudov.jpg\" \/>\n\t<meta property=\"og:image:width\" content=\"720\" \/>\n\t<meta property=\"og:image:height\" content=\"545\" \/>\n\t<meta property=\"og:image:type\" content=\"image\/jpeg\" \/>\n<meta name=\"author\" content=\"admin\" \/>\n<meta name=\"twitter:card\" content=\"summary_large_image\" \/>\n<meta name=\"twitter:label1\" content=\"Written by\" \/>\n\t<meta name=\"twitter:data1\" content=\"admin\" \/>\n\t<meta name=\"twitter:label2\" content=\"Est. reading time\" \/>\n\t<meta name=\"twitter:data2\" content=\"1 minute\" \/>\n<script type=\"application\/ld+json\" class=\"yoast-schema-graph\">{\"@context\":\"https:\/\/schema.org\",\"@graph\":[{\"@type\":\"Article\",\"@id\":\"https:\/\/www.zerdab.com\/?p=27344#article\",\"isPartOf\":{\"@id\":\"https:\/\/www.zerdab.com\/?p=27344\"},\"author\":{\"name\":\"admin\",\"@id\":\"https:\/\/www.zerdab.com\/#\/schema\/person\/97079b7570c1e89ec0d9e138c3672136\"},\"headline\":\"Tan\u0131nm\u0131\u015f v\u0259kil Z\u0259rdabda v\u0259t\u0259nda\u015flara pulsuz h\u00fcquqi yard\u0131m g\u00f6st\u0259r\u0259c\u0259k\",\"datePublished\":\"2019-07-24T13:17:16+00:00\",\"dateModified\":\"2019-07-24T13:18:25+00:00\",\"mainEntityOfPage\":{\"@id\":\"https:\/\/www.zerdab.com\/?p=27344\"},\"wordCount\":259,\"commentCount\":0,\"image\":{\"@id\":\"https:\/\/www.zerdab.com\/?p=27344#primaryimage\"},\"thumbnailUrl\":\"https:\/\/www.zerdab.com\/wp-content\/uploads\/2019\/07\/zerdab-vekil-asif-mahmudov.jpg\",\"articleSection\":[\"C\u018fM\u0130YY\u018fT\",\"MAN\u015eET\"],\"inLanguage\":\"az\",\"potentialAction\":[{\"@type\":\"CommentAction\",\"name\":\"Comment\",\"target\":[\"https:\/\/www.zerdab.com\/?p=27344#respond\"]}]},{\"@type\":\"WebPage\",\"@id\":\"https:\/\/www.zerdab.com\/?p=27344\",\"url\":\"https:\/\/www.zerdab.com\/?p=27344\",\"name\":\"Tan\u0131nm\u0131\u015f v\u0259kil Z\u0259rdabda v\u0259t\u0259nda\u015flara pulsuz h\u00fcquqi yard\u0131m g\u00f6st\u0259r\u0259c\u0259k - Z\u0259rdab.com\",\"isPartOf\":{\"@id\":\"https:\/\/www.zerdab.com\/#website\"},\"primaryImageOfPage\":{\"@id\":\"https:\/\/www.zerdab.com\/?p=27344#primaryimage\"},\"image\":{\"@id\":\"https:\/\/www.zerdab.com\/?p=27344#primaryimage\"},\"thumbnailUrl\":\"https:\/\/www.zerdab.com\/wp-content\/uploads\/2019\/07\/zerdab-vekil-asif-mahmudov.jpg\",\"datePublished\":\"2019-07-24T13:17:16+00:00\",\"dateModified\":\"2019-07-24T13:18:25+00:00\",\"author\":{\"@id\":\"https:\/\/www.zerdab.com\/#\/schema\/person\/97079b7570c1e89ec0d9e138c3672136\"},\"breadcrumb\":{\"@id\":\"https:\/\/www.zerdab.com\/?p=27344#breadcrumb\"},\"inLanguage\":\"az\",\"potentialAction\":[{\"@type\":\"ReadAction\",\"target\":[\"https:\/\/www.zerdab.com\/?p=27344\"]}]},{\"@type\":\"ImageObject\",\"inLanguage\":\"az\",\"@id\":\"https:\/\/www.zerdab.com\/?p=27344#primaryimage\",\"url\":\"https:\/\/www.zerdab.com\/wp-content\/uploads\/2019\/07\/zerdab-vekil-asif-mahmudov.jpg\",\"contentUrl\":\"https:\/\/www.zerdab.com\/wp-content\/uploads\/2019\/07\/zerdab-vekil-asif-mahmudov.jpg\",\"width\":720,\"height\":545,\"caption\":\"zerdab-vekil-asif-mahmudov\"},{\"@type\":\"BreadcrumbList\",\"@id\":\"https:\/\/www.zerdab.com\/?p=27344#breadcrumb\",\"itemListElement\":[{\"@type\":\"ListItem\",\"position\":1,\"name\":\"Home\",\"item\":\"https:\/\/www.zerdab.com\/\"},{\"@type\":\"ListItem\",\"position\":2,\"name\":\"Tan\u0131nm\u0131\u015f v\u0259kil Z\u0259rdabda v\u0259t\u0259nda\u015flara pulsuz h\u00fcquqi yard\u0131m g\u00f6st\u0259r\u0259c\u0259k\"}]},{\"@type\":\"WebSite\",\"@id\":\"https:\/\/www.zerdab.com\/#website\",\"url\":\"https:\/\/www.zerdab.com\/\",\"name\":\"Z\u0259rdab.com\",\"description\":\"\",\"potentialAction\":[{\"@type\":\"SearchAction\",\"target\":{\"@type\":\"EntryPoint\",\"urlTemplate\":\"https:\/\/www.zerdab.com\/?s={search_term_string}\"},\"query-input\":{\"@type\":\"PropertyValueSpecification\",\"valueRequired\":true,\"valueName\":\"search_term_string\"}}],\"inLanguage\":\"az\"},{\"@type\":\"Person\",\"@id\":\"https:\/\/www.zerdab.com\/#\/schema\/person\/97079b7570c1e89ec0d9e138c3672136\",\"name\":\"admin\",\"image\":{\"@type\":\"ImageObject\",\"inLanguage\":\"az\",\"@id\":\"https:\/\/www.zerdab.com\/#\/schema\/person\/image\/\",\"url\":\"https:\/\/secure.gravatar.com\/avatar\/d9c52a9a27c32119cb6679a077fa3e2779e5f822c451cbf01098004361d466ec?s=96&d=mm&r=g\",\"contentUrl\":\"https:\/\/secure.gravatar.com\/avatar\/d9c52a9a27c32119cb6679a077fa3e2779e5f822c451cbf01098004361d466ec?s=96&d=mm&r=g\",\"caption\":\"admin\"},\"url\":\"https:\/\/www.zerdab.com\/?author=1\"}]}<\/script>\n<!-- \/ Yoast SEO plugin. -->","yoast_head_json":{"title":"Tan\u0131nm\u0131\u015f v\u0259kil Z\u0259rdabda v\u0259t\u0259nda\u015flara pulsuz h\u00fcquqi yard\u0131m g\u00f6st\u0259r\u0259c\u0259k - Z\u0259rdab.com","robots":{"index":"index","follow":"follow","max-snippet":"max-snippet:-1","max-image-preview":"max-image-preview:large","max-video-preview":"max-video-preview:-1"},"canonical":"https:\/\/www.zerdab.com\/?p=27344","og_locale":"az_AZ","og_type":"article","og_title":"Tan\u0131nm\u0131\u015f v\u0259kil Z\u0259rdabda v\u0259t\u0259nda\u015flara pulsuz h\u00fcquqi yard\u0131m g\u00f6st\u0259r\u0259c\u0259k - Z\u0259rdab.com","og_description":"Az\u0259rbaycan Respublikas\u0131 V\u0259kill\u0259r Kollegiyas\u0131n\u0131n R\u0259yas\u0259t Hey\u0259tinin 19.07.2018-ci il tarixli q\u0259rar\u0131 il\u0259 h\u0259r ilin 30 iyul g\u00fcn\u00fc \u201cAz\u0259rbaycan Respublikas\u0131 v\u0259kill\u0259rinin pe\u015f\u0259 bayram\u0131 g\u00fcn\u00fc\u201d kimi qeyd olunur. 30 iyul 1919-cu il tarixi &#8211; Az\u0259rbaycan Xalq C\u00fcmhuriyy\u0259tind\u0259 Andl\u0131 M\u00fcv\u0259kkill\u0259r \u015euras\u0131n\u0131n t\u0259\u015fkili v\u0259 yarad\u0131lma g\u00fcn\u00fc V\u0259kill\u0259r Kollegiyas\u0131n\u0131n R\u0259yas\u0259t Hey\u0259ti \u00fczvl\u0259rinin m\u0259lum q\u0259rar\u0131 il\u0259 \u201cAz\u0259rbaycan Respublikas\u0131 v\u0259kill\u0259rinin pe\u015f\u0259 bayram\u0131 g\u00fcn\u00fc\u201d [&hellip;]","og_url":"https:\/\/www.zerdab.com\/?p=27344","og_site_name":"Z\u0259rdab.com","article_published_time":"2019-07-24T13:17:16+00:00","article_modified_time":"2019-07-24T13:18:25+00:00","og_image":[{"width":720,"height":545,"url":"https:\/\/www.zerdab.com\/wp-content\/uploads\/2019\/07\/zerdab-vekil-asif-mahmudov.jpg","type":"image\/jpeg"}],"author":"admin","twitter_card":"summary_large_image","twitter_misc":{"Written by":"admin","Est. reading time":"1 minute"},"schema":{"@context":"https:\/\/schema.org","@graph":[{"@type":"Article","@id":"https:\/\/www.zerdab.com\/?p=27344#article","isPartOf":{"@id":"https:\/\/www.zerdab.com\/?p=27344"},"author":{"name":"admin","@id":"https:\/\/www.zerdab.com\/#\/schema\/person\/97079b7570c1e89ec0d9e138c3672136"},"headline":"Tan\u0131nm\u0131\u015f v\u0259kil Z\u0259rdabda v\u0259t\u0259nda\u015flara pulsuz h\u00fcquqi yard\u0131m g\u00f6st\u0259r\u0259c\u0259k","datePublished":"2019-07-24T13:17:16+00:00","dateModified":"2019-07-24T13:18:25+00:00","mainEntityOfPage":{"@id":"https:\/\/www.zerdab.com\/?p=27344"},"wordCount":259,"commentCount":0,"image":{"@id":"https:\/\/www.zerdab.com\/?p=27344#primaryimage"},"thumbnailUrl":"https:\/\/www.zerdab.com\/wp-content\/uploads\/2019\/07\/zerdab-vekil-asif-mahmudov.jpg","articleSection":["C\u018fM\u0130YY\u018fT","MAN\u015eET"],"inLanguage":"az","potentialAction":[{"@type":"CommentAction","name":"Comment","target":["https:\/\/www.zerdab.com\/?p=27344#respond"]}]},{"@type":"WebPage","@id":"https:\/\/www.zerdab.com\/?p=27344","url":"https:\/\/www.zerdab.com\/?p=27344","name":"Tan\u0131nm\u0131\u015f v\u0259kil Z\u0259rdabda v\u0259t\u0259nda\u015flara pulsuz h\u00fcquqi yard\u0131m g\u00f6st\u0259r\u0259c\u0259k - Z\u0259rdab.com","isPartOf":{"@id":"https:\/\/www.zerdab.com\/#website"},"primaryImageOfPage":{"@id":"https:\/\/www.zerdab.com\/?p=27344#primaryimage"},"image":{"@id":"https:\/\/www.zerdab.com\/?p=27344#primaryimage"},"thumbnailUrl":"https:\/\/www.zerdab.com\/wp-content\/uploads\/2019\/07\/zerdab-vekil-asif-mahmudov.jpg","datePublished":"2019-07-24T13:17:16+00:00","dateModified":"2019-07-24T13:18:25+00:00","author":{"@id":"https:\/\/www.zerdab.com\/#\/schema\/person\/97079b7570c1e89ec0d9e138c3672136"},"breadcrumb":{"@id":"https:\/\/www.zerdab.com\/?p=27344#breadcrumb"},"inLanguage":"az","potentialAction":[{"@type":"ReadAction","target":["https:\/\/www.zerdab.com\/?p=27344"]}]},{"@type":"ImageObject","inLanguage":"az","@id":"https:\/\/www.zerdab.com\/?p=27344#primaryimage","url":"https:\/\/www.zerdab.com\/wp-content\/uploads\/2019\/07\/zerdab-vekil-asif-mahmudov.jpg","contentUrl":"https:\/\/www.zerdab.com\/wp-content\/uploads\/2019\/07\/zerdab-vekil-asif-mahmudov.jpg","width":720,"height":545,"caption":"zerdab-vekil-asif-mahmudov"},{"@type":"BreadcrumbList","@id":"https:\/\/www.zerdab.com\/?p=27344#breadcrumb","itemListElement":[{"@type":"ListItem","position":1,"name":"Home","item":"https:\/\/www.zerdab.com\/"},{"@type":"ListItem","position":2,"name":"Tan\u0131nm\u0131\u015f v\u0259kil Z\u0259rdabda v\u0259t\u0259nda\u015flara pulsuz h\u00fcquqi yard\u0131m g\u00f6st\u0259r\u0259c\u0259k"}]},{"@type":"WebSite","@id":"https:\/\/www.zerdab.com\/#website","url":"https:\/\/www.zerdab.com\/","name":"Z\u0259rdab.com","description":"","potentialAction":[{"@type":"SearchAction","target":{"@type":"EntryPoint","urlTemplate":"https:\/\/www.zerdab.com\/?s={search_term_string}"},"query-input":{"@type":"PropertyValueSpecification","valueRequired":true,"valueName":"search_term_string"}}],"inLanguage":"az"},{"@type":"Person","@id":"https:\/\/www.zerdab.com\/#\/schema\/person\/97079b7570c1e89ec0d9e138c3672136","name":"admin","image":{"@type":"ImageObject","inLanguage":"az","@id":"https:\/\/www.zerdab.com\/#\/schema\/person\/image\/","url":"https:\/\/secure.gravatar.com\/avatar\/d9c52a9a27c32119cb6679a077fa3e2779e5f822c451cbf01098004361d466ec?s=96&d=mm&r=g","contentUrl":"https:\/\/secure.gravatar.com\/avatar\/d9c52a9a27c32119cb6679a077fa3e2779e5f822c451cbf01098004361d466ec?s=96&d=mm&r=g","caption":"admin"},"url":"https:\/\/www.zerdab.com\/?author=1"}]}},"_links":{"self":[{"href":"https:\/\/www.zerdab.com\/index.php?rest_route=\/wp\/v2\/posts\/27344","targetHints":{"allow":["GET"]}}],"collection":[{"href":"https:\/\/www.zerdab.com\/index.php?rest_route=\/wp\/v2\/posts"}],"about":[{"href":"https:\/\/www.zerdab.com\/index.php?rest_route=\/wp\/v2\/types\/post"}],"author":[{"embeddable":true,"href":"https:\/\/www.zerdab.com\/index.php?rest_route=\/wp\/v2\/users\/1"}],"replies":[{"embeddable":true,"href":"https:\/\/www.zerdab.com\/index.php?rest_route=%2Fwp%2Fv2%2Fcomments&post=27344"}],"version-history":[{"count":3,"href":"https:\/\/www.zerdab.com\/index.php?rest_route=\/wp\/v2\/posts\/27344\/revisions"}],"predecessor-version":[{"id":27349,"href":"https:\/\/www.zerdab.com\/index.php?rest_route=\/wp\/v2\/posts\/27344\/revisions\/27349"}],"wp:featuredmedia":[{"embeddable":true,"href":"https:\/\/www.zerdab.com\/index.php?rest_route=\/wp\/v2\/media\/27345"}],"wp:attachment":[{"href":"https:\/\/www.zerdab.com\/index.php?rest_route=%2Fwp%2Fv2%2Fmedia&parent=27344"}],"wp:term":[{"taxonomy":"category","embeddable":true,"href":"https:\/\/www.zerdab.com\/index.php?rest_route=%2Fwp%2Fv2%2Fcategories&post=27344"},{"taxonomy":"post_tag","embeddable":true,"href":"https:\/\/www.zerdab.com\/index.php?rest_route=%2Fwp%2Fv2%2Ftags&post=27344"}],"curies":[{"name":"wp","href":"https:\/\/api.w.org\/{rel}","templated":true}]}}