{"id":27367,"date":"2019-08-15T15:17:49","date_gmt":"2019-08-15T11:17:49","guid":{"rendered":"http:\/\/www.zerdab.com\/?p=27367"},"modified":"2019-08-15T15:17:51","modified_gmt":"2019-08-15T11:17:51","slug":"2019-cu-ilin-birinci-yarisinda-z%c9%99rdabda-hansi-isl%c9%99r-gorulub-hesabat-yigincagi","status":"publish","type":"post","link":"https:\/\/www.zerdab.com\/?p=27367","title":{"rendered":"2019-cu ilin birinci yar\u0131s\u0131nda Z\u0259rdabda hans\u0131 i\u015fl\u0259r g\u00f6r\u00fcl\u00fcb? &#8211; Hesabat y\u0131\u011f\u0131nca\u011f\u0131"},"content":{"rendered":"\n<p>Z\u0259rdabda 2019-cu ilin birinci yar\u0131s\u0131n\u0131n sosial-iqtisadi inki\u015faf\u0131n\u0131n yekunlar\u0131na v\u0259 qar\u015f\u0131da duran v\u0259zif\u0259l\u0259r\u0259 h\u0259sr olunan y\u0131\u011f\u0131ncaq ke\u00e7irilib.\u00a0Rayon icra hakimiyy\u0259tinin ba\u015f\u00e7\u0131s\u0131 L\u00fctv\u0259li Babayev m\u0259ruz\u0259sind\u0259 qeyd edib ki,\u00a0Z\u0259rdab rayonunda cari ilin birinci yar\u0131s\u0131nda iqtisadiyyat\u0131n \u0259sas sah\u0259l\u0259rind\u0259 79 milyon 193 min manatl\u0131q m\u0259hsul istehsal edilib. <\/p>\n\n\n\n<p>Bu, \u00f6t\u0259n ilin m\u00fcvafiq d\u00f6vr\u00fc il\u0259 m\u00fcqayis\u0259d\u0259 14 milyon 79 min manat v\u0259 ya 21,6 faiz \u00e7oxdur. \u00dcmumi m\u0259hsulun 44 milyon 138 min manat\u0131 v\u0259 ya 55,7 faizi aqrar sektorun pay\u0131na d\u00fc\u015f\u00fcb. Bildirilib ki, rayonda k\u0259nd t\u0259s\u0259rr\u00fcfat\u0131n\u0131n apar\u0131c\u0131 sah\u0259l\u0259rind\u0259n olan tax\u0131l\u00e7\u0131l\u0131qda u\u011furlu n\u0259tic\u0259l\u0259r qazan\u0131l\u0131b. <\/p>\n\n\n\n<p>Bel\u0259 ki, 18 min 715,5 hektar sah\u0259d\u0259n 62 min 135 ton tax\u0131l istehsal olunub. Bu, \u00f6t\u0259n ild\u0259kind\u0259n 1985 ton \u00e7oxdur. H\u0259r hektar\u0131n m\u0259hsuldarl\u0131\u011f\u0131 1 sentner artaraq 33,6 sentner, adamba\u015f\u0131na d\u00fc\u015f\u0259n tax\u0131l\u0131n miqdar\u0131 25 kiloqram \u00e7oxalaraq 1 ton 54 kiloqrama \u00e7at\u0131b.\u00a0<\/p>\n\n\n\n<p>Heyvandarl\u0131q sah\u0259sind\u0259 d\u0259 yax\u015f\u0131 n\u0259tic\u0259l\u0259r qazan\u0131l\u0131b. Bel\u0259 ki, mal-qaran\u0131n ba\u015f say\u0131 \u00e7oxal\u0131b, b\u00fct\u00fcn g\u00f6st\u0259ricil\u0259r\u0259 g\u00f6r\u0259 m\u0259hsul istehsal\u0131 art\u0131b. M\u0259ruz\u0259 v\u0259 \u00e7\u0131x\u0131\u015flarda ixracy\u00f6n\u00fcml\u00fc m\u0259hsullar\u0131n istehsal\u0131na diqq\u0259tin artd\u0131\u011f\u0131 x\u00fcsusil\u0259 vur\u011fulan\u0131b. Cari m\u00f6vs\u00fcmd\u0259 1750 qutu (33250 qram) ip\u0259kqurdu toxumundan \u00f6t\u0259n ild\u0259kind\u0259n 11 ton 441 kiloqram \u00e7ox olmaqla 65 ton 321 kiloqram barama t\u0259dar\u00fck edil\u0259r\u0259k, respublikada \u0259n y\u00fcks\u0259k g\u00f6st\u0259riciy\u0259 nail olunub. <\/p>\n\n\n\n<p>Rayonda yayda ikinci partiya ip\u0259kqurdu b\u0259sl\u0259nilib v\u0259 u\u011furla n\u0259tic\u0259l\u0259r qazan\u0131l\u0131b.\u00a0Haz\u0131rda 2264 hektar sah\u0259d\u0259 pamb\u0131q yeti\u015fdirilir. Kartof\u00e7uluq, \u00e7\u0259ltik\u00e7ilik, bostan-t\u0259r\u0259v\u0259z\u00e7ilik sah\u0259l\u0259rind\u0259 d\u0259 n\u0259tic\u0259l\u0259r diqq\u0259t\u0259layiqdir.\u00a0<\/p>\n\n\n\n<p>Y\u0131\u011f\u0131ncaqda tikinti-quruculuq v\u0259 abadl\u0131q i\u015fl\u0259rind\u0259n, \u00fcmumt\u0259hsil m\u0259kt\u0259bl\u0259rinin, s\u0259hiyy\u0259 ocaqlar\u0131n\u0131n maddi-texniki bazas\u0131n\u0131n m\u00f6hk\u0259ml\u0259ndirilm\u0259si il\u0259 ba\u011fl\u0131 h\u0259yata ke\u00e7iril\u0259n t\u0259dbirl\u0259rd\u0259n, \u0259halinin elektrik enerjisi, t\u0259bii qazla t\u0259minat\u0131, su t\u0259chizat\u0131 sah\u0259l\u0259rind\u0259 realla\u015fd\u0131r\u0131lan layih\u0259l\u0259rd\u0259n dan\u0131\u015f\u0131l\u0131b, habel\u0259 qar\u015f\u0131da duran v\u0259zif\u0259l\u0259r geni\u015f t\u0259hlil olunub.\u00a0Sonda \u00f6lk\u0259 Prezidenti c\u0259nab \u0130lham \u018fliyev\u0259 m\u00fcraci\u0259t q\u0259bul edilib. <\/p>\n","protected":false},"excerpt":{"rendered":"<p>Z\u0259rdabda 2019-cu ilin birinci yar\u0131s\u0131n\u0131n sosial-iqtisadi inki\u015faf\u0131n\u0131n yekunlar\u0131na v\u0259 qar\u015f\u0131da duran v\u0259zif\u0259l\u0259r\u0259 h\u0259sr olunan y\u0131\u011f\u0131ncaq ke\u00e7irilib.\u00a0Rayon icra hakimiyy\u0259tinin ba\u015f\u00e7\u0131s\u0131 L\u00fctv\u0259li Babayev m\u0259ruz\u0259sind\u0259 qeyd edib ki,\u00a0Z\u0259rdab rayonunda cari ilin birinci yar\u0131s\u0131nda iqtisadiyyat\u0131n \u0259sas sah\u0259l\u0259rind\u0259 79 milyon 193 min manatl\u0131q m\u0259hsul istehsal edilib. Bu, \u00f6t\u0259n ilin m\u00fcvafiq d\u00f6vr\u00fc il\u0259 m\u00fcqayis\u0259d\u0259 14 milyon 79 min manat v\u0259 ya [&hellip;]<\/p>\n","protected":false},"author":1,"featured_media":0,"comment_status":"open","ping_status":"open","sticky":false,"template":"","format":"standard","meta":{"footnotes":""},"categories":[21,63],"tags":[],"class_list":{"0":"post-27367","1":"post","2":"type-post","3":"status-publish","4":"format-standard","6":"category-zrdab","7":"category-manset"},"yoast_head":"<!-- This site is optimized with the Yoast SEO plugin v27.0 - https:\/\/yoast.com\/product\/yoast-seo-wordpress\/ -->\n<title>2019-cu ilin birinci yar\u0131s\u0131nda Z\u0259rdabda hans\u0131 i\u015fl\u0259r g\u00f6r\u00fcl\u00fcb? - Hesabat y\u0131\u011f\u0131nca\u011f\u0131 - Z\u0259rdab.com<\/title>\n<meta name=\"robots\" content=\"index, follow, max-snippet:-1, max-image-preview:large, max-video-preview:-1\" \/>\n<link rel=\"canonical\" href=\"https:\/\/www.zerdab.com\/?p=27367\" \/>\n<meta property=\"og:locale\" content=\"az_AZ\" \/>\n<meta property=\"og:type\" content=\"article\" \/>\n<meta property=\"og:title\" content=\"2019-cu ilin birinci yar\u0131s\u0131nda Z\u0259rdabda hans\u0131 i\u015fl\u0259r g\u00f6r\u00fcl\u00fcb? - Hesabat y\u0131\u011f\u0131nca\u011f\u0131 - Z\u0259rdab.com\" \/>\n<meta property=\"og:description\" content=\"Z\u0259rdabda 2019-cu ilin birinci yar\u0131s\u0131n\u0131n sosial-iqtisadi inki\u015faf\u0131n\u0131n yekunlar\u0131na v\u0259 qar\u015f\u0131da duran v\u0259zif\u0259l\u0259r\u0259 h\u0259sr olunan y\u0131\u011f\u0131ncaq ke\u00e7irilib.\u00a0Rayon icra hakimiyy\u0259tinin ba\u015f\u00e7\u0131s\u0131 L\u00fctv\u0259li Babayev m\u0259ruz\u0259sind\u0259 qeyd edib ki,\u00a0Z\u0259rdab rayonunda cari ilin birinci yar\u0131s\u0131nda iqtisadiyyat\u0131n \u0259sas sah\u0259l\u0259rind\u0259 79 milyon 193 min manatl\u0131q m\u0259hsul istehsal edilib. Bu, \u00f6t\u0259n ilin m\u00fcvafiq d\u00f6vr\u00fc il\u0259 m\u00fcqayis\u0259d\u0259 14 milyon 79 min manat v\u0259 ya [&hellip;]\" \/>\n<meta property=\"og:url\" content=\"https:\/\/www.zerdab.com\/?p=27367\" \/>\n<meta property=\"og:site_name\" content=\"Z\u0259rdab.com\" \/>\n<meta property=\"article:published_time\" content=\"2019-08-15T11:17:49+00:00\" \/>\n<meta property=\"article:modified_time\" content=\"2019-08-15T11:17:51+00:00\" \/>\n<meta name=\"author\" content=\"admin\" \/>\n<meta name=\"twitter:card\" content=\"summary_large_image\" \/>\n<meta name=\"twitter:label1\" content=\"Written by\" \/>\n\t<meta name=\"twitter:data1\" content=\"admin\" \/>\n\t<meta name=\"twitter:label2\" content=\"Est. reading time\" \/>\n\t<meta name=\"twitter:data2\" content=\"2 minutes\" \/>\n<script type=\"application\/ld+json\" class=\"yoast-schema-graph\">{\"@context\":\"https:\/\/schema.org\",\"@graph\":[{\"@type\":\"Article\",\"@id\":\"https:\/\/www.zerdab.com\/?p=27367#article\",\"isPartOf\":{\"@id\":\"https:\/\/www.zerdab.com\/?p=27367\"},\"author\":{\"name\":\"admin\",\"@id\":\"https:\/\/www.zerdab.com\/#\/schema\/person\/97079b7570c1e89ec0d9e138c3672136\"},\"headline\":\"2019-cu ilin birinci yar\u0131s\u0131nda Z\u0259rdabda hans\u0131 i\u015fl\u0259r g\u00f6r\u00fcl\u00fcb? &#8211; Hesabat y\u0131\u011f\u0131nca\u011f\u0131\",\"datePublished\":\"2019-08-15T11:17:49+00:00\",\"dateModified\":\"2019-08-15T11:17:51+00:00\",\"mainEntityOfPage\":{\"@id\":\"https:\/\/www.zerdab.com\/?p=27367\"},\"wordCount\":432,\"commentCount\":0,\"articleSection\":[\"C\u018fM\u0130YY\u018fT\",\"MAN\u015eET\"],\"inLanguage\":\"az\",\"potentialAction\":[{\"@type\":\"CommentAction\",\"name\":\"Comment\",\"target\":[\"https:\/\/www.zerdab.com\/?p=27367#respond\"]}]},{\"@type\":\"WebPage\",\"@id\":\"https:\/\/www.zerdab.com\/?p=27367\",\"url\":\"https:\/\/www.zerdab.com\/?p=27367\",\"name\":\"2019-cu ilin birinci yar\u0131s\u0131nda Z\u0259rdabda hans\u0131 i\u015fl\u0259r g\u00f6r\u00fcl\u00fcb? - Hesabat y\u0131\u011f\u0131nca\u011f\u0131 - Z\u0259rdab.com\",\"isPartOf\":{\"@id\":\"https:\/\/www.zerdab.com\/#website\"},\"datePublished\":\"2019-08-15T11:17:49+00:00\",\"dateModified\":\"2019-08-15T11:17:51+00:00\",\"author\":{\"@id\":\"https:\/\/www.zerdab.com\/#\/schema\/person\/97079b7570c1e89ec0d9e138c3672136\"},\"breadcrumb\":{\"@id\":\"https:\/\/www.zerdab.com\/?p=27367#breadcrumb\"},\"inLanguage\":\"az\",\"potentialAction\":[{\"@type\":\"ReadAction\",\"target\":[\"https:\/\/www.zerdab.com\/?p=27367\"]}]},{\"@type\":\"BreadcrumbList\",\"@id\":\"https:\/\/www.zerdab.com\/?p=27367#breadcrumb\",\"itemListElement\":[{\"@type\":\"ListItem\",\"position\":1,\"name\":\"Home\",\"item\":\"https:\/\/www.zerdab.com\/\"},{\"@type\":\"ListItem\",\"position\":2,\"name\":\"2019-cu ilin birinci yar\u0131s\u0131nda Z\u0259rdabda hans\u0131 i\u015fl\u0259r g\u00f6r\u00fcl\u00fcb? &#8211; Hesabat y\u0131\u011f\u0131nca\u011f\u0131\"}]},{\"@type\":\"WebSite\",\"@id\":\"https:\/\/www.zerdab.com\/#website\",\"url\":\"https:\/\/www.zerdab.com\/\",\"name\":\"Z\u0259rdab.com\",\"description\":\"\",\"potentialAction\":[{\"@type\":\"SearchAction\",\"target\":{\"@type\":\"EntryPoint\",\"urlTemplate\":\"https:\/\/www.zerdab.com\/?s={search_term_string}\"},\"query-input\":{\"@type\":\"PropertyValueSpecification\",\"valueRequired\":true,\"valueName\":\"search_term_string\"}}],\"inLanguage\":\"az\"},{\"@type\":\"Person\",\"@id\":\"https:\/\/www.zerdab.com\/#\/schema\/person\/97079b7570c1e89ec0d9e138c3672136\",\"name\":\"admin\",\"image\":{\"@type\":\"ImageObject\",\"inLanguage\":\"az\",\"@id\":\"https:\/\/www.zerdab.com\/#\/schema\/person\/image\/\",\"url\":\"https:\/\/secure.gravatar.com\/avatar\/d9c52a9a27c32119cb6679a077fa3e2779e5f822c451cbf01098004361d466ec?s=96&d=mm&r=g\",\"contentUrl\":\"https:\/\/secure.gravatar.com\/avatar\/d9c52a9a27c32119cb6679a077fa3e2779e5f822c451cbf01098004361d466ec?s=96&d=mm&r=g\",\"caption\":\"admin\"},\"url\":\"https:\/\/www.zerdab.com\/?author=1\"}]}<\/script>\n<!-- \/ Yoast SEO plugin. -->","yoast_head_json":{"title":"2019-cu ilin birinci yar\u0131s\u0131nda Z\u0259rdabda hans\u0131 i\u015fl\u0259r g\u00f6r\u00fcl\u00fcb? - Hesabat y\u0131\u011f\u0131nca\u011f\u0131 - Z\u0259rdab.com","robots":{"index":"index","follow":"follow","max-snippet":"max-snippet:-1","max-image-preview":"max-image-preview:large","max-video-preview":"max-video-preview:-1"},"canonical":"https:\/\/www.zerdab.com\/?p=27367","og_locale":"az_AZ","og_type":"article","og_title":"2019-cu ilin birinci yar\u0131s\u0131nda Z\u0259rdabda hans\u0131 i\u015fl\u0259r g\u00f6r\u00fcl\u00fcb? - Hesabat y\u0131\u011f\u0131nca\u011f\u0131 - Z\u0259rdab.com","og_description":"Z\u0259rdabda 2019-cu ilin birinci yar\u0131s\u0131n\u0131n sosial-iqtisadi inki\u015faf\u0131n\u0131n yekunlar\u0131na v\u0259 qar\u015f\u0131da duran v\u0259zif\u0259l\u0259r\u0259 h\u0259sr olunan y\u0131\u011f\u0131ncaq ke\u00e7irilib.\u00a0Rayon icra hakimiyy\u0259tinin ba\u015f\u00e7\u0131s\u0131 L\u00fctv\u0259li Babayev m\u0259ruz\u0259sind\u0259 qeyd edib ki,\u00a0Z\u0259rdab rayonunda cari ilin birinci yar\u0131s\u0131nda iqtisadiyyat\u0131n \u0259sas sah\u0259l\u0259rind\u0259 79 milyon 193 min manatl\u0131q m\u0259hsul istehsal edilib. Bu, \u00f6t\u0259n ilin m\u00fcvafiq d\u00f6vr\u00fc il\u0259 m\u00fcqayis\u0259d\u0259 14 milyon 79 min manat v\u0259 ya [&hellip;]","og_url":"https:\/\/www.zerdab.com\/?p=27367","og_site_name":"Z\u0259rdab.com","article_published_time":"2019-08-15T11:17:49+00:00","article_modified_time":"2019-08-15T11:17:51+00:00","author":"admin","twitter_card":"summary_large_image","twitter_misc":{"Written by":"admin","Est. reading time":"2 minutes"},"schema":{"@context":"https:\/\/schema.org","@graph":[{"@type":"Article","@id":"https:\/\/www.zerdab.com\/?p=27367#article","isPartOf":{"@id":"https:\/\/www.zerdab.com\/?p=27367"},"author":{"name":"admin","@id":"https:\/\/www.zerdab.com\/#\/schema\/person\/97079b7570c1e89ec0d9e138c3672136"},"headline":"2019-cu ilin birinci yar\u0131s\u0131nda Z\u0259rdabda hans\u0131 i\u015fl\u0259r g\u00f6r\u00fcl\u00fcb? &#8211; Hesabat y\u0131\u011f\u0131nca\u011f\u0131","datePublished":"2019-08-15T11:17:49+00:00","dateModified":"2019-08-15T11:17:51+00:00","mainEntityOfPage":{"@id":"https:\/\/www.zerdab.com\/?p=27367"},"wordCount":432,"commentCount":0,"articleSection":["C\u018fM\u0130YY\u018fT","MAN\u015eET"],"inLanguage":"az","potentialAction":[{"@type":"CommentAction","name":"Comment","target":["https:\/\/www.zerdab.com\/?p=27367#respond"]}]},{"@type":"WebPage","@id":"https:\/\/www.zerdab.com\/?p=27367","url":"https:\/\/www.zerdab.com\/?p=27367","name":"2019-cu ilin birinci yar\u0131s\u0131nda Z\u0259rdabda hans\u0131 i\u015fl\u0259r g\u00f6r\u00fcl\u00fcb? - Hesabat y\u0131\u011f\u0131nca\u011f\u0131 - Z\u0259rdab.com","isPartOf":{"@id":"https:\/\/www.zerdab.com\/#website"},"datePublished":"2019-08-15T11:17:49+00:00","dateModified":"2019-08-15T11:17:51+00:00","author":{"@id":"https:\/\/www.zerdab.com\/#\/schema\/person\/97079b7570c1e89ec0d9e138c3672136"},"breadcrumb":{"@id":"https:\/\/www.zerdab.com\/?p=27367#breadcrumb"},"inLanguage":"az","potentialAction":[{"@type":"ReadAction","target":["https:\/\/www.zerdab.com\/?p=27367"]}]},{"@type":"BreadcrumbList","@id":"https:\/\/www.zerdab.com\/?p=27367#breadcrumb","itemListElement":[{"@type":"ListItem","position":1,"name":"Home","item":"https:\/\/www.zerdab.com\/"},{"@type":"ListItem","position":2,"name":"2019-cu ilin birinci yar\u0131s\u0131nda Z\u0259rdabda hans\u0131 i\u015fl\u0259r g\u00f6r\u00fcl\u00fcb? &#8211; Hesabat y\u0131\u011f\u0131nca\u011f\u0131"}]},{"@type":"WebSite","@id":"https:\/\/www.zerdab.com\/#website","url":"https:\/\/www.zerdab.com\/","name":"Z\u0259rdab.com","description":"","potentialAction":[{"@type":"SearchAction","target":{"@type":"EntryPoint","urlTemplate":"https:\/\/www.zerdab.com\/?s={search_term_string}"},"query-input":{"@type":"PropertyValueSpecification","valueRequired":true,"valueName":"search_term_string"}}],"inLanguage":"az"},{"@type":"Person","@id":"https:\/\/www.zerdab.com\/#\/schema\/person\/97079b7570c1e89ec0d9e138c3672136","name":"admin","image":{"@type":"ImageObject","inLanguage":"az","@id":"https:\/\/www.zerdab.com\/#\/schema\/person\/image\/","url":"https:\/\/secure.gravatar.com\/avatar\/d9c52a9a27c32119cb6679a077fa3e2779e5f822c451cbf01098004361d466ec?s=96&d=mm&r=g","contentUrl":"https:\/\/secure.gravatar.com\/avatar\/d9c52a9a27c32119cb6679a077fa3e2779e5f822c451cbf01098004361d466ec?s=96&d=mm&r=g","caption":"admin"},"url":"https:\/\/www.zerdab.com\/?author=1"}]}},"_links":{"self":[{"href":"https:\/\/www.zerdab.com\/index.php?rest_route=\/wp\/v2\/posts\/27367","targetHints":{"allow":["GET"]}}],"collection":[{"href":"https:\/\/www.zerdab.com\/index.php?rest_route=\/wp\/v2\/posts"}],"about":[{"href":"https:\/\/www.zerdab.com\/index.php?rest_route=\/wp\/v2\/types\/post"}],"author":[{"embeddable":true,"href":"https:\/\/www.zerdab.com\/index.php?rest_route=\/wp\/v2\/users\/1"}],"replies":[{"embeddable":true,"href":"https:\/\/www.zerdab.com\/index.php?rest_route=%2Fwp%2Fv2%2Fcomments&post=27367"}],"version-history":[{"count":1,"href":"https:\/\/www.zerdab.com\/index.php?rest_route=\/wp\/v2\/posts\/27367\/revisions"}],"predecessor-version":[{"id":27368,"href":"https:\/\/www.zerdab.com\/index.php?rest_route=\/wp\/v2\/posts\/27367\/revisions\/27368"}],"wp:attachment":[{"href":"https:\/\/www.zerdab.com\/index.php?rest_route=%2Fwp%2Fv2%2Fmedia&parent=27367"}],"wp:term":[{"taxonomy":"category","embeddable":true,"href":"https:\/\/www.zerdab.com\/index.php?rest_route=%2Fwp%2Fv2%2Fcategories&post=27367"},{"taxonomy":"post_tag","embeddable":true,"href":"https:\/\/www.zerdab.com\/index.php?rest_route=%2Fwp%2Fv2%2Ftags&post=27367"}],"curies":[{"name":"wp","href":"https:\/\/api.w.org\/{rel}","templated":true}]}}