{"id":27372,"date":"2019-08-17T10:41:12","date_gmt":"2019-08-17T06:41:12","guid":{"rendered":"http:\/\/www.zerdab.com\/?p=27372"},"modified":"2023-10-10T16:43:54","modified_gmt":"2023-10-10T12:43:54","slug":"lumun%c9%99-mirz%c9%99liyeva-bdu-nun-huquq-fakult%c9%99sin%c9%99-q%c9%99bul-oldu-rayonumuzun-f%c9%99xri","status":"publish","type":"post","link":"https:\/\/www.zerdab.com\/?p=27372","title":{"rendered":"L\u00fcmun\u0259 Mirz\u0259liyeva BDU-nun H\u00fcquq fak\u00fclt\u0259sin\u0259 q\u0259bul oldu &#8211; Rayonumuzun f\u0259xri"},"content":{"rendered":"\r\n<p>Bu il ali m\u0259kt\u0259bl\u0259r\u0259 q\u0259bul imtahanlar\u0131nda Z\u0259rdab rayonundan y\u00fcks\u0259k n\u0259tic\u0259 g\u00f6st\u0259r\u0259n abituriyentl\u0259r \u00e7ox oldu. <strong>Zerdab.com<\/strong> sayt\u0131 x\u0259b\u0259r verir ki, onlardan biri d\u0259 L\u00fcmun\u0259 Mirz\u0259liyevad\u0131r. Lakin L\u00fcmun\u0259ni dig\u0259rl\u0259rind\u0259n f\u0259rql\u0259ndir\u0259n bir \u00fcst\u00fcn c\u0259h\u0259t d\u0259 var \u2013 Respublika f\u0259nn olimpiadas\u0131nda Az\u0259rbaycan dili v\u0259 \u0259d\u0259biyyat f\u0259nni \u00fczr\u0259 b\u00fcr\u00fcnc medala layiq g\u00f6r\u00fcl\u00fcb.<\/p>\r\n\r\n\r\n\r\n<p>L\u00fcmun\u0259 Mirz\u0259liyeva <strong>Zerdab.com<\/strong> sayt\u0131na a\u00e7\u0131qlamas\u0131nda bildirib ki, q\u0259bul imtahanlar\u0131n\u0131n n\u0259tic\u0259l\u0259rin\u0259 \u0259sas\u0259n, Bak\u0131 D\u00f6vl\u0259t Universitetinin (BDU) H\u00fcquq fak\u00fclt\u0259sin\u0259 daxil olub: \u201cN. N\u0259rimanov ad\u0131na M\u0259mm\u0259dqas\u0131ml\u0131 k\u0259nd tam orta m\u0259kt\u0259bin m\u0259zunu olmu\u015fam. Art\u0131q t\u0259l\u0259b\u0259 ad\u0131n\u0131 qazand\u0131m v\u0259 BDU-nun H\u00fcquq fak\u00fclt\u0259sin\u0259 (\u00f6d\u0259ni\u015fsizin\u0259) q\u0259bul oldum. Respublika f\u0259nn olimpiadas\u0131n\u0131n Az\u0259rbaycan dili v\u0259 \u0259d\u0259biyyat f\u0259nni \u00fczr\u0259 b\u00fcr\u00fcnc medal\u0131n\u0131 qazanm\u0131\u015fam. T\u0259hsil nazirinin \u0259mri il\u0259 t\u0259hsild\u0259 x\u00fcsusi nailiyy\u0259tl\u0259rim n\u0259z\u0259r\u0259 al\u0131nmaqla g\u00fcm\u00fc\u015f medala layiq g\u00f6r\u00fclm\u00fc\u015f\u0259m. Rayonumuzun bu sah\u0259 \u00fczr\u0259 yegan\u0259 g\u00fcm\u00fc\u015f medal\u00e7\u0131s\u0131yam\u201d.<\/p>\r\n\r\n\r\n\r\n<p>L\u00fcmun\u0259 Mirz\u0259liyeva ali m\u0259kt\u0259bl\u0259r\u0259 q\u0259bul imtahan\u0131na dem\u0259k olar \u00f6z\u00fc haz\u0131rla\u015f\u0131b: \u201c\u00c7ox q\u0131sa m\u00fcdd\u0259td\u0259 &#8211; c\u0259mi bir ne\u00e7\u0259 ay 3 f\u0259nd\u0259n haz\u0131rl\u0131q ke\u00e7mi\u015f\u0259m. \u015e\u00fck\u00fcr ki, \u0259ziyy\u0259tim \u00f6z n\u0259tic\u0259sini verdi &#8211; q\u0259bul imtahanlar\u0131nda 631 bal toplad\u0131m\u201d.<\/p>\r\n\r\n\r\n\r\n<p>Qeyd ed\u0259k ki, L\u00fcmun\u0259 Mirz\u0259liyeva 5 u\u015faql\u0131 ail\u0259nin \u00f6vlad\u0131d\u0131r: \u201cAil\u0259nin ilk \u00f6vlad\u0131yam. Valideynl\u0259rim k\u0259ndd\u0259 ya\u015fay\u0131rlar, t\u0259s\u0259rr\u00fcfatla m\u0259\u015f\u011ful olurlar. Z\u0259hm\u0259tke\u015f bir ail\u0259d\u0259 b\u00f6y\u00fcm\u00fc\u015f\u0259m. \u0130n\u015fallah, bundan sonrak\u0131 h\u0259yat\u0131mda da valideynl\u0259rimin m\u0259n\u0259 g\u00f6st\u0259rdikl\u0259ri etimad\u0131 do\u011frultma\u011fa, h\u0259r zaman onlar\u0131n ba\u015f\u0131n\u0131 uca etm\u0259y\u0259 \u00e7al\u0131\u015faca\u011fam.<\/p>\r\n\r\n\r\n\r\n<p>Oxudu\u011fum fak\u00fclt\u0259d\u0259 y\u00fcks\u0259k bilikl\u0259r \u0259ld\u0259 ed\u0259r\u0259k xalq\u0131ma, mill\u0259tim\u0259, d\u00f6vl\u0259tim\u0259 \u015f\u0259r\u0259fl\u0259 qulluq ed\u0259c\u0259y\u0259m\u201d.<\/p>\r\n","protected":false},"excerpt":{"rendered":"<p>Bu il ali m\u0259kt\u0259bl\u0259r\u0259 q\u0259bul imtahanlar\u0131nda Z\u0259rdab rayonundan y\u00fcks\u0259k n\u0259tic\u0259 g\u00f6st\u0259r\u0259n abituriyentl\u0259r \u00e7ox oldu. Zerdab.com sayt\u0131 x\u0259b\u0259r verir ki, onlardan biri d\u0259 L\u00fcmun\u0259 Mirz\u0259liyevad\u0131r. Lakin L\u00fcmun\u0259ni dig\u0259rl\u0259rind\u0259n f\u0259rql\u0259ndir\u0259n bir \u00fcst\u00fcn c\u0259h\u0259t d\u0259 var \u2013 Respublika f\u0259nn olimpiadas\u0131nda Az\u0259rbaycan dili v\u0259 \u0259d\u0259biyyat f\u0259nni \u00fczr\u0259 b\u00fcr\u00fcnc medala layiq g\u00f6r\u00fcl\u00fcb. L\u00fcmun\u0259 Mirz\u0259liyeva Zerdab.com sayt\u0131na a\u00e7\u0131qlamas\u0131nda bildirib ki, q\u0259bul [&hellip;]<\/p>\n","protected":false},"author":1,"featured_media":27373,"comment_status":"open","ping_status":"open","sticky":false,"template":"","format":"standard","meta":{"footnotes":""},"categories":[7,63],"tags":[],"class_list":{"0":"post-27372","1":"post","2":"type-post","3":"status-publish","4":"format-standard","5":"has-post-thumbnail","7":"category-ziyalilar","8":"category-manset"},"yoast_head":"<!-- This site is optimized with the Yoast SEO plugin v27.0 - https:\/\/yoast.com\/product\/yoast-seo-wordpress\/ -->\n<title>L\u00fcmun\u0259 Mirz\u0259liyeva BDU-nun H\u00fcquq fak\u00fclt\u0259sin\u0259 q\u0259bul oldu - Rayonumuzun f\u0259xri - Z\u0259rdab.com<\/title>\n<meta name=\"robots\" content=\"index, follow, max-snippet:-1, max-image-preview:large, max-video-preview:-1\" \/>\n<link rel=\"canonical\" href=\"https:\/\/www.zerdab.com\/?p=27372\" \/>\n<meta property=\"og:locale\" content=\"az_AZ\" \/>\n<meta property=\"og:type\" content=\"article\" \/>\n<meta property=\"og:title\" content=\"L\u00fcmun\u0259 Mirz\u0259liyeva BDU-nun H\u00fcquq fak\u00fclt\u0259sin\u0259 q\u0259bul oldu - Rayonumuzun f\u0259xri - Z\u0259rdab.com\" \/>\n<meta property=\"og:description\" content=\"Bu il ali m\u0259kt\u0259bl\u0259r\u0259 q\u0259bul imtahanlar\u0131nda Z\u0259rdab rayonundan y\u00fcks\u0259k n\u0259tic\u0259 g\u00f6st\u0259r\u0259n abituriyentl\u0259r \u00e7ox oldu. Zerdab.com sayt\u0131 x\u0259b\u0259r verir ki, onlardan biri d\u0259 L\u00fcmun\u0259 Mirz\u0259liyevad\u0131r. Lakin L\u00fcmun\u0259ni dig\u0259rl\u0259rind\u0259n f\u0259rql\u0259ndir\u0259n bir \u00fcst\u00fcn c\u0259h\u0259t d\u0259 var \u2013 Respublika f\u0259nn olimpiadas\u0131nda Az\u0259rbaycan dili v\u0259 \u0259d\u0259biyyat f\u0259nni \u00fczr\u0259 b\u00fcr\u00fcnc medala layiq g\u00f6r\u00fcl\u00fcb. L\u00fcmun\u0259 Mirz\u0259liyeva Zerdab.com sayt\u0131na a\u00e7\u0131qlamas\u0131nda bildirib ki, q\u0259bul [&hellip;]\" \/>\n<meta property=\"og:url\" content=\"https:\/\/www.zerdab.com\/?p=27372\" \/>\n<meta property=\"og:site_name\" content=\"Z\u0259rdab.com\" \/>\n<meta property=\"article:published_time\" content=\"2019-08-17T06:41:12+00:00\" \/>\n<meta property=\"article:modified_time\" content=\"2023-10-10T12:43:54+00:00\" \/>\n<meta property=\"og:image\" content=\"https:\/\/www.zerdab.com\/wp-content\/uploads\/2019\/08\/lumune-mirzeliyeva-bdu-huquq-memmedqasimli1.jpg\" \/>\n\t<meta property=\"og:image:width\" content=\"819\" \/>\n\t<meta property=\"og:image:height\" content=\"600\" \/>\n\t<meta property=\"og:image:type\" content=\"image\/jpeg\" \/>\n<meta name=\"author\" content=\"admin\" \/>\n<meta name=\"twitter:card\" content=\"summary_large_image\" \/>\n<meta name=\"twitter:label1\" content=\"Written by\" \/>\n\t<meta name=\"twitter:data1\" content=\"admin\" \/>\n\t<meta name=\"twitter:label2\" content=\"Est. reading time\" \/>\n\t<meta name=\"twitter:data2\" content=\"2 minutes\" \/>\n<script type=\"application\/ld+json\" class=\"yoast-schema-graph\">{\"@context\":\"https:\/\/schema.org\",\"@graph\":[{\"@type\":\"Article\",\"@id\":\"https:\/\/www.zerdab.com\/?p=27372#article\",\"isPartOf\":{\"@id\":\"https:\/\/www.zerdab.com\/?p=27372\"},\"author\":{\"name\":\"admin\",\"@id\":\"https:\/\/www.zerdab.com\/#\/schema\/person\/97079b7570c1e89ec0d9e138c3672136\"},\"headline\":\"L\u00fcmun\u0259 Mirz\u0259liyeva BDU-nun H\u00fcquq fak\u00fclt\u0259sin\u0259 q\u0259bul oldu &#8211; Rayonumuzun f\u0259xri\",\"datePublished\":\"2019-08-17T06:41:12+00:00\",\"dateModified\":\"2023-10-10T12:43:54+00:00\",\"mainEntityOfPage\":{\"@id\":\"https:\/\/www.zerdab.com\/?p=27372\"},\"wordCount\":403,\"commentCount\":0,\"image\":{\"@id\":\"https:\/\/www.zerdab.com\/?p=27372#primaryimage\"},\"thumbnailUrl\":\"https:\/\/www.zerdab.com\/wp-content\/uploads\/2019\/08\/lumune-mirzeliyeva-bdu-huquq-memmedqasimli1.jpg\",\"articleSection\":[\"F\u018fXRL\u018fR\u0130M\u0130Z\",\"MAN\u015eET\"],\"inLanguage\":\"az\",\"potentialAction\":[{\"@type\":\"CommentAction\",\"name\":\"Comment\",\"target\":[\"https:\/\/www.zerdab.com\/?p=27372#respond\"]}]},{\"@type\":\"WebPage\",\"@id\":\"https:\/\/www.zerdab.com\/?p=27372\",\"url\":\"https:\/\/www.zerdab.com\/?p=27372\",\"name\":\"L\u00fcmun\u0259 Mirz\u0259liyeva BDU-nun H\u00fcquq fak\u00fclt\u0259sin\u0259 q\u0259bul oldu - Rayonumuzun f\u0259xri - Z\u0259rdab.com\",\"isPartOf\":{\"@id\":\"https:\/\/www.zerdab.com\/#website\"},\"primaryImageOfPage\":{\"@id\":\"https:\/\/www.zerdab.com\/?p=27372#primaryimage\"},\"image\":{\"@id\":\"https:\/\/www.zerdab.com\/?p=27372#primaryimage\"},\"thumbnailUrl\":\"https:\/\/www.zerdab.com\/wp-content\/uploads\/2019\/08\/lumune-mirzeliyeva-bdu-huquq-memmedqasimli1.jpg\",\"datePublished\":\"2019-08-17T06:41:12+00:00\",\"dateModified\":\"2023-10-10T12:43:54+00:00\",\"author\":{\"@id\":\"https:\/\/www.zerdab.com\/#\/schema\/person\/97079b7570c1e89ec0d9e138c3672136\"},\"breadcrumb\":{\"@id\":\"https:\/\/www.zerdab.com\/?p=27372#breadcrumb\"},\"inLanguage\":\"az\",\"potentialAction\":[{\"@type\":\"ReadAction\",\"target\":[\"https:\/\/www.zerdab.com\/?p=27372\"]}]},{\"@type\":\"ImageObject\",\"inLanguage\":\"az\",\"@id\":\"https:\/\/www.zerdab.com\/?p=27372#primaryimage\",\"url\":\"https:\/\/www.zerdab.com\/wp-content\/uploads\/2019\/08\/lumune-mirzeliyeva-bdu-huquq-memmedqasimli1.jpg\",\"contentUrl\":\"https:\/\/www.zerdab.com\/wp-content\/uploads\/2019\/08\/lumune-mirzeliyeva-bdu-huquq-memmedqasimli1.jpg\",\"width\":819,\"height\":600,\"caption\":\"lumune-mirzeliyeva-bdu-huquq-memmedqasimli1\"},{\"@type\":\"BreadcrumbList\",\"@id\":\"https:\/\/www.zerdab.com\/?p=27372#breadcrumb\",\"itemListElement\":[{\"@type\":\"ListItem\",\"position\":1,\"name\":\"Home\",\"item\":\"https:\/\/www.zerdab.com\/\"},{\"@type\":\"ListItem\",\"position\":2,\"name\":\"L\u00fcmun\u0259 Mirz\u0259liyeva BDU-nun H\u00fcquq fak\u00fclt\u0259sin\u0259 q\u0259bul oldu &#8211; Rayonumuzun f\u0259xri\"}]},{\"@type\":\"WebSite\",\"@id\":\"https:\/\/www.zerdab.com\/#website\",\"url\":\"https:\/\/www.zerdab.com\/\",\"name\":\"Z\u0259rdab.com\",\"description\":\"\",\"potentialAction\":[{\"@type\":\"SearchAction\",\"target\":{\"@type\":\"EntryPoint\",\"urlTemplate\":\"https:\/\/www.zerdab.com\/?s={search_term_string}\"},\"query-input\":{\"@type\":\"PropertyValueSpecification\",\"valueRequired\":true,\"valueName\":\"search_term_string\"}}],\"inLanguage\":\"az\"},{\"@type\":\"Person\",\"@id\":\"https:\/\/www.zerdab.com\/#\/schema\/person\/97079b7570c1e89ec0d9e138c3672136\",\"name\":\"admin\",\"image\":{\"@type\":\"ImageObject\",\"inLanguage\":\"az\",\"@id\":\"https:\/\/www.zerdab.com\/#\/schema\/person\/image\/\",\"url\":\"https:\/\/secure.gravatar.com\/avatar\/d9c52a9a27c32119cb6679a077fa3e2779e5f822c451cbf01098004361d466ec?s=96&d=mm&r=g\",\"contentUrl\":\"https:\/\/secure.gravatar.com\/avatar\/d9c52a9a27c32119cb6679a077fa3e2779e5f822c451cbf01098004361d466ec?s=96&d=mm&r=g\",\"caption\":\"admin\"},\"url\":\"https:\/\/www.zerdab.com\/?author=1\"}]}<\/script>\n<!-- \/ Yoast SEO plugin. -->","yoast_head_json":{"title":"L\u00fcmun\u0259 Mirz\u0259liyeva BDU-nun H\u00fcquq fak\u00fclt\u0259sin\u0259 q\u0259bul oldu - Rayonumuzun f\u0259xri - Z\u0259rdab.com","robots":{"index":"index","follow":"follow","max-snippet":"max-snippet:-1","max-image-preview":"max-image-preview:large","max-video-preview":"max-video-preview:-1"},"canonical":"https:\/\/www.zerdab.com\/?p=27372","og_locale":"az_AZ","og_type":"article","og_title":"L\u00fcmun\u0259 Mirz\u0259liyeva BDU-nun H\u00fcquq fak\u00fclt\u0259sin\u0259 q\u0259bul oldu - Rayonumuzun f\u0259xri - Z\u0259rdab.com","og_description":"Bu il ali m\u0259kt\u0259bl\u0259r\u0259 q\u0259bul imtahanlar\u0131nda Z\u0259rdab rayonundan y\u00fcks\u0259k n\u0259tic\u0259 g\u00f6st\u0259r\u0259n abituriyentl\u0259r \u00e7ox oldu. Zerdab.com sayt\u0131 x\u0259b\u0259r verir ki, onlardan biri d\u0259 L\u00fcmun\u0259 Mirz\u0259liyevad\u0131r. Lakin L\u00fcmun\u0259ni dig\u0259rl\u0259rind\u0259n f\u0259rql\u0259ndir\u0259n bir \u00fcst\u00fcn c\u0259h\u0259t d\u0259 var \u2013 Respublika f\u0259nn olimpiadas\u0131nda Az\u0259rbaycan dili v\u0259 \u0259d\u0259biyyat f\u0259nni \u00fczr\u0259 b\u00fcr\u00fcnc medala layiq g\u00f6r\u00fcl\u00fcb. L\u00fcmun\u0259 Mirz\u0259liyeva Zerdab.com sayt\u0131na a\u00e7\u0131qlamas\u0131nda bildirib ki, q\u0259bul [&hellip;]","og_url":"https:\/\/www.zerdab.com\/?p=27372","og_site_name":"Z\u0259rdab.com","article_published_time":"2019-08-17T06:41:12+00:00","article_modified_time":"2023-10-10T12:43:54+00:00","og_image":[{"width":819,"height":600,"url":"https:\/\/www.zerdab.com\/wp-content\/uploads\/2019\/08\/lumune-mirzeliyeva-bdu-huquq-memmedqasimli1.jpg","type":"image\/jpeg"}],"author":"admin","twitter_card":"summary_large_image","twitter_misc":{"Written by":"admin","Est. reading time":"2 minutes"},"schema":{"@context":"https:\/\/schema.org","@graph":[{"@type":"Article","@id":"https:\/\/www.zerdab.com\/?p=27372#article","isPartOf":{"@id":"https:\/\/www.zerdab.com\/?p=27372"},"author":{"name":"admin","@id":"https:\/\/www.zerdab.com\/#\/schema\/person\/97079b7570c1e89ec0d9e138c3672136"},"headline":"L\u00fcmun\u0259 Mirz\u0259liyeva BDU-nun H\u00fcquq fak\u00fclt\u0259sin\u0259 q\u0259bul oldu &#8211; Rayonumuzun f\u0259xri","datePublished":"2019-08-17T06:41:12+00:00","dateModified":"2023-10-10T12:43:54+00:00","mainEntityOfPage":{"@id":"https:\/\/www.zerdab.com\/?p=27372"},"wordCount":403,"commentCount":0,"image":{"@id":"https:\/\/www.zerdab.com\/?p=27372#primaryimage"},"thumbnailUrl":"https:\/\/www.zerdab.com\/wp-content\/uploads\/2019\/08\/lumune-mirzeliyeva-bdu-huquq-memmedqasimli1.jpg","articleSection":["F\u018fXRL\u018fR\u0130M\u0130Z","MAN\u015eET"],"inLanguage":"az","potentialAction":[{"@type":"CommentAction","name":"Comment","target":["https:\/\/www.zerdab.com\/?p=27372#respond"]}]},{"@type":"WebPage","@id":"https:\/\/www.zerdab.com\/?p=27372","url":"https:\/\/www.zerdab.com\/?p=27372","name":"L\u00fcmun\u0259 Mirz\u0259liyeva BDU-nun H\u00fcquq fak\u00fclt\u0259sin\u0259 q\u0259bul oldu - Rayonumuzun f\u0259xri - Z\u0259rdab.com","isPartOf":{"@id":"https:\/\/www.zerdab.com\/#website"},"primaryImageOfPage":{"@id":"https:\/\/www.zerdab.com\/?p=27372#primaryimage"},"image":{"@id":"https:\/\/www.zerdab.com\/?p=27372#primaryimage"},"thumbnailUrl":"https:\/\/www.zerdab.com\/wp-content\/uploads\/2019\/08\/lumune-mirzeliyeva-bdu-huquq-memmedqasimli1.jpg","datePublished":"2019-08-17T06:41:12+00:00","dateModified":"2023-10-10T12:43:54+00:00","author":{"@id":"https:\/\/www.zerdab.com\/#\/schema\/person\/97079b7570c1e89ec0d9e138c3672136"},"breadcrumb":{"@id":"https:\/\/www.zerdab.com\/?p=27372#breadcrumb"},"inLanguage":"az","potentialAction":[{"@type":"ReadAction","target":["https:\/\/www.zerdab.com\/?p=27372"]}]},{"@type":"ImageObject","inLanguage":"az","@id":"https:\/\/www.zerdab.com\/?p=27372#primaryimage","url":"https:\/\/www.zerdab.com\/wp-content\/uploads\/2019\/08\/lumune-mirzeliyeva-bdu-huquq-memmedqasimli1.jpg","contentUrl":"https:\/\/www.zerdab.com\/wp-content\/uploads\/2019\/08\/lumune-mirzeliyeva-bdu-huquq-memmedqasimli1.jpg","width":819,"height":600,"caption":"lumune-mirzeliyeva-bdu-huquq-memmedqasimli1"},{"@type":"BreadcrumbList","@id":"https:\/\/www.zerdab.com\/?p=27372#breadcrumb","itemListElement":[{"@type":"ListItem","position":1,"name":"Home","item":"https:\/\/www.zerdab.com\/"},{"@type":"ListItem","position":2,"name":"L\u00fcmun\u0259 Mirz\u0259liyeva BDU-nun H\u00fcquq fak\u00fclt\u0259sin\u0259 q\u0259bul oldu &#8211; Rayonumuzun f\u0259xri"}]},{"@type":"WebSite","@id":"https:\/\/www.zerdab.com\/#website","url":"https:\/\/www.zerdab.com\/","name":"Z\u0259rdab.com","description":"","potentialAction":[{"@type":"SearchAction","target":{"@type":"EntryPoint","urlTemplate":"https:\/\/www.zerdab.com\/?s={search_term_string}"},"query-input":{"@type":"PropertyValueSpecification","valueRequired":true,"valueName":"search_term_string"}}],"inLanguage":"az"},{"@type":"Person","@id":"https:\/\/www.zerdab.com\/#\/schema\/person\/97079b7570c1e89ec0d9e138c3672136","name":"admin","image":{"@type":"ImageObject","inLanguage":"az","@id":"https:\/\/www.zerdab.com\/#\/schema\/person\/image\/","url":"https:\/\/secure.gravatar.com\/avatar\/d9c52a9a27c32119cb6679a077fa3e2779e5f822c451cbf01098004361d466ec?s=96&d=mm&r=g","contentUrl":"https:\/\/secure.gravatar.com\/avatar\/d9c52a9a27c32119cb6679a077fa3e2779e5f822c451cbf01098004361d466ec?s=96&d=mm&r=g","caption":"admin"},"url":"https:\/\/www.zerdab.com\/?author=1"}]}},"_links":{"self":[{"href":"https:\/\/www.zerdab.com\/index.php?rest_route=\/wp\/v2\/posts\/27372","targetHints":{"allow":["GET"]}}],"collection":[{"href":"https:\/\/www.zerdab.com\/index.php?rest_route=\/wp\/v2\/posts"}],"about":[{"href":"https:\/\/www.zerdab.com\/index.php?rest_route=\/wp\/v2\/types\/post"}],"author":[{"embeddable":true,"href":"https:\/\/www.zerdab.com\/index.php?rest_route=\/wp\/v2\/users\/1"}],"replies":[{"embeddable":true,"href":"https:\/\/www.zerdab.com\/index.php?rest_route=%2Fwp%2Fv2%2Fcomments&post=27372"}],"version-history":[{"count":2,"href":"https:\/\/www.zerdab.com\/index.php?rest_route=\/wp\/v2\/posts\/27372\/revisions"}],"predecessor-version":[{"id":30196,"href":"https:\/\/www.zerdab.com\/index.php?rest_route=\/wp\/v2\/posts\/27372\/revisions\/30196"}],"wp:featuredmedia":[{"embeddable":true,"href":"https:\/\/www.zerdab.com\/index.php?rest_route=\/wp\/v2\/media\/27373"}],"wp:attachment":[{"href":"https:\/\/www.zerdab.com\/index.php?rest_route=%2Fwp%2Fv2%2Fmedia&parent=27372"}],"wp:term":[{"taxonomy":"category","embeddable":true,"href":"https:\/\/www.zerdab.com\/index.php?rest_route=%2Fwp%2Fv2%2Fcategories&post=27372"},{"taxonomy":"post_tag","embeddable":true,"href":"https:\/\/www.zerdab.com\/index.php?rest_route=%2Fwp%2Fv2%2Ftags&post=27372"}],"curies":[{"name":"wp","href":"https:\/\/api.w.org\/{rel}","templated":true}]}}